{"id":21792,"date":"2026-03-13T23:05:01","date_gmt":"2026-03-14T05:05:01","guid":{"rendered":"https:\/\/masquenoticias.mx\/?p=21792"},"modified":"2026-03-13T23:05:01","modified_gmt":"2026-03-14T05:05:01","slug":"agradece-indira-vizcaino-respaldo-de-la-presidenta-de-mexico-para-contar-con-centros-libre-en-todos-los-municipios","status":"publish","type":"post","link":"https:\/\/masquenoticias.mx\/index.php\/2026\/03\/13\/agradece-indira-vizcaino-respaldo-de-la-presidenta-de-mexico-para-contar-con-centros-libre-en-todos-los-municipios\/","title":{"rendered":"Agradece Indira Vizca\u00edno respaldo de la Presidenta de M\u00e9xico para contar con Centros LIBRE en todos los municipios"},"content":{"rendered":"<p>Al seguir acompa\u00f1ando a la presidenta de M\u00e9xico, Claudia Sheinbaum Pardo, en su sexta gira por el estado de Colima, la gobernadora Indira Vizca\u00edno Silva y dem\u00e1s autoridades de distintos niveles, se trasladaron la tarde de este viernes al municipio de Coquimatl\u00e1n, donde la mandataria federal inaugur\u00f3 el Centro de Libertad, Igualdad, Bienestar, Redes y Emancipaci\u00f3n (LIBRE) para las Mujeres.<\/p>\n<p>La titular del Poder Ejecutivo estatal, adem\u00e1s de agradecerle a la Presidenta por visitar Coquimatl\u00e1n y por las obras que realiza su gobierno en este municipio -como el puente El Chical y otras-, le reconoci\u00f3 su respaldo para poder contar con Centros LIBRE en los diez municipios del estado de Colima.<\/p>\n<p>\u201c\u00c9ste es uno de los diez y estamos en todos los municipios. Significa mucho para nosotras, que realmente hay un compromiso con todas, que realmente esta frase que nos cautiv\u00f3 a muchas, es una realidad latente y que cuando a la Presidencia de M\u00e9xico lleg\u00f3 la primera mujer presidenta, llegamos todas\u201d, expres\u00f3 Indira.<\/p>\n<p>La presidenta Claudia Sheinbaum dijo que estos centros llevan ese nombre porque las mujeres tienen derechos, ya sea a pensar como quieran pensar, derecho a la educaci\u00f3n y derecho al acceso a la salud; y agreg\u00f3 que de eso se trata tambi\u00e9n la cuarta transformaci\u00f3n de la vida p\u00fablica de M\u00e9xico.<\/p>\n<p>\u201cSi tenemos el apoyo como gobierno que tenemos ahora, es porque no hemos traicionado lo que somos, porque siempre pensamos estar con el pueblo y tambi\u00e9n con las mujeres de M\u00e9xico; por eso la Pensi\u00f3n Mujeres Bienestar y por eso los Centros LIBRE, para que aqu\u00ed una mujer pueda venir libremente a decir tengo un problema (\u2026) o quiero estar con otras mujeres vecinas haciendo un taller\u201d, sugiri\u00f3 la mandataria.<\/p>\n<p>Citlalli Hern\u00e1ndez Mora, secretaria de las Mujeres, anunci\u00f3 que adem\u00e1s de los centros que hay en los diez municipios, a partir de abril pr\u00f3ximo se tendr\u00e1 uno m\u00e1s en Manzanillo por la necesidad de poblaci\u00f3n, por lo que ser\u00e1n once en toda la entidad; y dijo que son espacios de encuentro y arropo para todas las mujeres, donde encontrar\u00e1n psic\u00f3logas, abogadas, redes de apoyo, talleres, entre otros servicios.<\/p>\n<p>Al evento asistieron tambi\u00e9n la secretaria de Bienestar del Gobierno de M\u00e9xico, Ariadna Montiel Reyes; Carlos Torres Rosas, coordinador general de Programas para el Bienestar; \u00c9rika Judith Torres Guzm\u00e1n, titular del Instituto Colimense de las Mujeres; la coordinadora del Centro LIBRE para las Mujeres, Michelle Alejandra S\u00e1nchez Albertos y dem\u00e1s personal del mismo, as\u00ed como algunas usuarias que agradecieron contar con ese espacio en Coquimatl\u00e1n.<\/p>\n","protected":false},"excerpt":{"rendered":"<p>Al seguir acompa\u00f1ando a la presidenta de M\u00e9xico, Claudia Sheinbaum Pardo, en su sexta gira por el estado de Colima, la gobernadora Indira Vizca\u00edno Silva y dem\u00e1s autoridades de distintos niveles, se trasladaron la tarde de este viernes al municipio de Coquimatl\u00e1n, donde la mandataria federal inaugur\u00f3 el Centro de Libertad, Igualdad, Bienestar, Redes y [&hellip;]<\/p>\n","protected":false},"author":1,"featured_media":21793,"comment_status":"open","ping_status":"open","sticky":false,"template":"","format":"standard","meta":{"_jetpack_memberships_contains_paid_content":false,"footnotes":""},"categories":[24],"tags":[26,599],"class_list":["post-21792","post","type-post","status-publish","format-standard","has-post-thumbnail","hentry","category-estado","tag-indira-vizcaino","tag-sheinbaum"],"yoast_head":"<!-- This site is optimized with the Yoast SEO plugin v26.6 - https:\/\/yoast.com\/wordpress\/plugins\/seo\/ -->\n<title>Agradece Indira Vizca\u00edno respaldo de la Presidenta de M\u00e9xico para contar con Centros LIBRE en todos los municipios - M\u00e1s Que Noticias<\/title>\n<meta name=\"robots\" content=\"index, follow, max-snippet:-1, max-image-preview:large, max-video-preview:-1\" \/>\n<link rel=\"canonical\" href=\"https:\/\/masquenoticias.mx\/index.php\/2026\/03\/13\/agradece-indira-vizcaino-respaldo-de-la-presidenta-de-mexico-para-contar-con-centros-libre-en-todos-los-municipios\/\" \/>\n<meta property=\"og:locale\" content=\"es_MX\" \/>\n<meta property=\"og:type\" content=\"article\" \/>\n<meta property=\"og:title\" content=\"Agradece Indira Vizca\u00edno respaldo de la Presidenta de M\u00e9xico para contar con Centros LIBRE en todos los municipios - M\u00e1s Que Noticias\" \/>\n<meta property=\"og:description\" content=\"Al seguir acompa\u00f1ando a la presidenta de M\u00e9xico, Claudia Sheinbaum Pardo, en su sexta gira por el estado de Colima, la gobernadora Indira Vizca\u00edno Silva y dem\u00e1s autoridades de distintos niveles, se trasladaron la tarde de este viernes al municipio de Coquimatl\u00e1n, donde la mandataria federal inaugur\u00f3 el Centro de Libertad, Igualdad, Bienestar, Redes y [&hellip;]\" \/>\n<meta property=\"og:url\" content=\"https:\/\/masquenoticias.mx\/index.php\/2026\/03\/13\/agradece-indira-vizcaino-respaldo-de-la-presidenta-de-mexico-para-contar-con-centros-libre-en-todos-los-municipios\/\" \/>\n<meta property=\"og:site_name\" content=\"M\u00e1s Que Noticias\" \/>\n<meta property=\"article:publisher\" content=\"https:\/\/www.facebook.com\/masquenoticiascolima\" \/>\n<meta property=\"article:published_time\" content=\"2026-03-14T05:05:01+00:00\" \/>\n<meta property=\"og:image\" content=\"https:\/\/masquenoticias.mx\/wp-content\/uploads\/2026\/03\/WhatsApp-Image-2026-03-13-at-7.42.45-PM.jpeg\" \/>\n\t<meta property=\"og:image:width\" content=\"1280\" \/>\n\t<meta property=\"og:image:height\" content=\"853\" \/>\n\t<meta property=\"og:image:type\" content=\"image\/jpeg\" \/>\n<meta name=\"author\" content=\"Redacci\u00f3n\" \/>\n<meta name=\"twitter:card\" content=\"summary_large_image\" \/>\n<meta name=\"twitter:creator\" content=\"@edgartove\" \/>\n<meta name=\"twitter:site\" content=\"@edgartove\" \/>\n<meta name=\"twitter:label1\" content=\"Escrito por\" \/>\n\t<meta name=\"twitter:data1\" content=\"Redacci\u00f3n\" \/>\n\t<meta name=\"twitter:label2\" content=\"Tiempo de lectura\" \/>\n\t<meta name=\"twitter:data2\" content=\"3 minutos\" \/>\n<script type=\"application\/ld+json\" class=\"yoast-schema-graph\">{\"@context\":\"https:\/\/schema.org\",\"@graph\":[{\"@type\":\"Article\",\"@id\":\"https:\/\/masquenoticias.mx\/index.php\/2026\/03\/13\/agradece-indira-vizcaino-respaldo-de-la-presidenta-de-mexico-para-contar-con-centros-libre-en-todos-los-municipios\/#article\",\"isPartOf\":{\"@id\":\"https:\/\/masquenoticias.mx\/index.php\/2026\/03\/13\/agradece-indira-vizcaino-respaldo-de-la-presidenta-de-mexico-para-contar-con-centros-libre-en-todos-los-municipios\/\"},\"author\":{\"name\":\"Redacci\u00f3n\",\"@id\":\"https:\/\/masquenoticias.mx\/#\/schema\/person\/544d19989ef23d34615f691f7a96e622\"},\"headline\":\"Agradece Indira Vizca\u00edno respaldo de la Presidenta de M\u00e9xico para contar con Centros LIBRE en todos los municipios\",\"datePublished\":\"2026-03-14T05:05:01+00:00\",\"mainEntityOfPage\":{\"@id\":\"https:\/\/masquenoticias.mx\/index.php\/2026\/03\/13\/agradece-indira-vizcaino-respaldo-de-la-presidenta-de-mexico-para-contar-con-centros-libre-en-todos-los-municipios\/\"},\"wordCount\":468,\"commentCount\":0,\"publisher\":{\"@id\":\"https:\/\/masquenoticias.mx\/#organization\"},\"image\":{\"@id\":\"https:\/\/masquenoticias.mx\/index.php\/2026\/03\/13\/agradece-indira-vizcaino-respaldo-de-la-presidenta-de-mexico-para-contar-con-centros-libre-en-todos-los-municipios\/#primaryimage\"},\"thumbnailUrl\":\"https:\/\/i0.wp.com\/masquenoticias.mx\/wp-content\/uploads\/2026\/03\/WhatsApp-Image-2026-03-13-at-7.42.45-PM.jpeg?fit=1280%2C853&ssl=1\",\"keywords\":[\"Indira Vizca\u00edno\",\"Sheinbaum\"],\"articleSection\":[\"Estado\"],\"inLanguage\":\"es\",\"potentialAction\":[{\"@type\":\"CommentAction\",\"name\":\"Comment\",\"target\":[\"https:\/\/masquenoticias.mx\/index.php\/2026\/03\/13\/agradece-indira-vizcaino-respaldo-de-la-presidenta-de-mexico-para-contar-con-centros-libre-en-todos-los-municipios\/#respond\"]}]},{\"@type\":\"WebPage\",\"@id\":\"https:\/\/masquenoticias.mx\/index.php\/2026\/03\/13\/agradece-indira-vizcaino-respaldo-de-la-presidenta-de-mexico-para-contar-con-centros-libre-en-todos-los-municipios\/\",\"url\":\"https:\/\/masquenoticias.mx\/index.php\/2026\/03\/13\/agradece-indira-vizcaino-respaldo-de-la-presidenta-de-mexico-para-contar-con-centros-libre-en-todos-los-municipios\/\",\"name\":\"Agradece Indira Vizca\u00edno respaldo de la Presidenta de M\u00e9xico para contar con Centros LIBRE en todos los municipios - M\u00e1s Que Noticias\",\"isPartOf\":{\"@id\":\"https:\/\/masquenoticias.mx\/#website\"},\"primaryImageOfPage\":{\"@id\":\"https:\/\/masquenoticias.mx\/index.php\/2026\/03\/13\/agradece-indira-vizcaino-respaldo-de-la-presidenta-de-mexico-para-contar-con-centros-libre-en-todos-los-municipios\/#primaryimage\"},\"image\":{\"@id\":\"https:\/\/masquenoticias.mx\/index.php\/2026\/03\/13\/agradece-indira-vizcaino-respaldo-de-la-presidenta-de-mexico-para-contar-con-centros-libre-en-todos-los-municipios\/#primaryimage\"},\"thumbnailUrl\":\"https:\/\/i0.wp.com\/masquenoticias.mx\/wp-content\/uploads\/2026\/03\/WhatsApp-Image-2026-03-13-at-7.42.45-PM.jpeg?fit=1280%2C853&ssl=1\",\"datePublished\":\"2026-03-14T05:05:01+00:00\",\"breadcrumb\":{\"@id\":\"https:\/\/masquenoticias.mx\/index.php\/2026\/03\/13\/agradece-indira-vizcaino-respaldo-de-la-presidenta-de-mexico-para-contar-con-centros-libre-en-todos-los-municipios\/#breadcrumb\"},\"inLanguage\":\"es\",\"potentialAction\":[{\"@type\":\"ReadAction\",\"target\":[\"https:\/\/masquenoticias.mx\/index.php\/2026\/03\/13\/agradece-indira-vizcaino-respaldo-de-la-presidenta-de-mexico-para-contar-con-centros-libre-en-todos-los-municipios\/\"]}]},{\"@type\":\"ImageObject\",\"inLanguage\":\"es\",\"@id\":\"https:\/\/masquenoticias.mx\/index.php\/2026\/03\/13\/agradece-indira-vizcaino-respaldo-de-la-presidenta-de-mexico-para-contar-con-centros-libre-en-todos-los-municipios\/#primaryimage\",\"url\":\"https:\/\/i0.wp.com\/masquenoticias.mx\/wp-content\/uploads\/2026\/03\/WhatsApp-Image-2026-03-13-at-7.42.45-PM.jpeg?fit=1280%2C853&ssl=1\",\"contentUrl\":\"https:\/\/i0.wp.com\/masquenoticias.mx\/wp-content\/uploads\/2026\/03\/WhatsApp-Image-2026-03-13-at-7.42.45-PM.jpeg?fit=1280%2C853&ssl=1\",\"width\":1280,\"height\":853},{\"@type\":\"BreadcrumbList\",\"@id\":\"https:\/\/masquenoticias.mx\/index.php\/2026\/03\/13\/agradece-indira-vizcaino-respaldo-de-la-presidenta-de-mexico-para-contar-con-centros-libre-en-todos-los-municipios\/#breadcrumb\",\"itemListElement\":[{\"@type\":\"ListItem\",\"position\":1,\"name\":\"Inicio\",\"item\":\"https:\/\/masquenoticias.mx\/\"},{\"@type\":\"ListItem\",\"position\":2,\"name\":\"Agradece Indira Vizca\u00edno respaldo de la Presidenta de M\u00e9xico para contar con Centros LIBRE en todos los municipios\"}]},{\"@type\":\"WebSite\",\"@id\":\"https:\/\/masquenoticias.mx\/#website\",\"url\":\"https:\/\/masquenoticias.mx\/\",\"name\":\"M\u00e1s Que Noticias\",\"description\":\"Noticias de Colima, M\u00e9xico y el Mundo\",\"publisher\":{\"@id\":\"https:\/\/masquenoticias.mx\/#organization\"},\"potentialAction\":[{\"@type\":\"SearchAction\",\"target\":{\"@type\":\"EntryPoint\",\"urlTemplate\":\"https:\/\/masquenoticias.mx\/?s={search_term_string}\"},\"query-input\":{\"@type\":\"PropertyValueSpecification\",\"valueRequired\":true,\"valueName\":\"search_term_string\"}}],\"inLanguage\":\"es\"},{\"@type\":\"Organization\",\"@id\":\"https:\/\/masquenoticias.mx\/#organization\",\"name\":\"M\u00e1s Que Noticias\",\"url\":\"https:\/\/masquenoticias.mx\/\",\"logo\":{\"@type\":\"ImageObject\",\"inLanguage\":\"es\",\"@id\":\"https:\/\/masquenoticias.mx\/#\/schema\/logo\/image\/\",\"url\":\"https:\/\/i0.wp.com\/masquenoticias.mx\/wp-content\/uploads\/2024\/04\/IMG_0004.png?fit=2560%2C1656&ssl=1\",\"contentUrl\":\"https:\/\/i0.wp.com\/masquenoticias.mx\/wp-content\/uploads\/2024\/04\/IMG_0004.png?fit=2560%2C1656&ssl=1\",\"width\":2560,\"height\":1656,\"caption\":\"M\u00e1s Que Noticias\"},\"image\":{\"@id\":\"https:\/\/masquenoticias.mx\/#\/schema\/logo\/image\/\"},\"sameAs\":[\"https:\/\/www.facebook.com\/masquenoticiascolima\",\"https:\/\/x.com\/edgartove\",\"https:\/\/www.instagram.com\/masquenoticiascolima\/\"]},{\"@type\":\"Person\",\"@id\":\"https:\/\/masquenoticias.mx\/#\/schema\/person\/544d19989ef23d34615f691f7a96e622\",\"name\":\"Redacci\u00f3n\",\"image\":{\"@type\":\"ImageObject\",\"inLanguage\":\"es\",\"@id\":\"https:\/\/masquenoticias.mx\/#\/schema\/person\/image\/\",\"url\":\"https:\/\/secure.gravatar.com\/avatar\/7fcc926d5b058d3f3d52d95b4d05dd58?s=96&d=mm&r=g\",\"contentUrl\":\"https:\/\/secure.gravatar.com\/avatar\/7fcc926d5b058d3f3d52d95b4d05dd58?s=96&d=mm&r=g\",\"caption\":\"Redacci\u00f3n\"},\"sameAs\":[\"http:\/\/masquenoticias.mx\"],\"url\":\"https:\/\/masquenoticias.mx\/index.php\/author\/edgartovegmail-com\/\"}]}<\/script>\n<!-- \/ Yoast SEO plugin. -->","yoast_head_json":{"title":"Agradece Indira Vizca\u00edno respaldo de la Presidenta de M\u00e9xico para contar con Centros LIBRE en todos los municipios - M\u00e1s Que Noticias","robots":{"index":"index","follow":"follow","max-snippet":"max-snippet:-1","max-image-preview":"max-image-preview:large","max-video-preview":"max-video-preview:-1"},"canonical":"https:\/\/masquenoticias.mx\/index.php\/2026\/03\/13\/agradece-indira-vizcaino-respaldo-de-la-presidenta-de-mexico-para-contar-con-centros-libre-en-todos-los-municipios\/","og_locale":"es_MX","og_type":"article","og_title":"Agradece Indira Vizca\u00edno respaldo de la Presidenta de M\u00e9xico para contar con Centros LIBRE en todos los municipios - M\u00e1s Que Noticias","og_description":"Al seguir acompa\u00f1ando a la presidenta de M\u00e9xico, Claudia Sheinbaum Pardo, en su sexta gira por el estado de Colima, la gobernadora Indira Vizca\u00edno Silva y dem\u00e1s autoridades de distintos niveles, se trasladaron la tarde de este viernes al municipio de Coquimatl\u00e1n, donde la mandataria federal inaugur\u00f3 el Centro de Libertad, Igualdad, Bienestar, Redes y [&hellip;]","og_url":"https:\/\/masquenoticias.mx\/index.php\/2026\/03\/13\/agradece-indira-vizcaino-respaldo-de-la-presidenta-de-mexico-para-contar-con-centros-libre-en-todos-los-municipios\/","og_site_name":"M\u00e1s Que Noticias","article_publisher":"https:\/\/www.facebook.com\/masquenoticiascolima","article_published_time":"2026-03-14T05:05:01+00:00","og_image":[{"width":1280,"height":853,"url":"https:\/\/masquenoticias.mx\/wp-content\/uploads\/2026\/03\/WhatsApp-Image-2026-03-13-at-7.42.45-PM.jpeg","type":"image\/jpeg"}],"author":"Redacci\u00f3n","twitter_card":"summary_large_image","twitter_creator":"@edgartove","twitter_site":"@edgartove","twitter_misc":{"Escrito por":"Redacci\u00f3n","Tiempo de lectura":"3 minutos"},"schema":{"@context":"https:\/\/schema.org","@graph":[{"@type":"Article","@id":"https:\/\/masquenoticias.mx\/index.php\/2026\/03\/13\/agradece-indira-vizcaino-respaldo-de-la-presidenta-de-mexico-para-contar-con-centros-libre-en-todos-los-municipios\/#article","isPartOf":{"@id":"https:\/\/masquenoticias.mx\/index.php\/2026\/03\/13\/agradece-indira-vizcaino-respaldo-de-la-presidenta-de-mexico-para-contar-con-centros-libre-en-todos-los-municipios\/"},"author":{"name":"Redacci\u00f3n","@id":"https:\/\/masquenoticias.mx\/#\/schema\/person\/544d19989ef23d34615f691f7a96e622"},"headline":"Agradece Indira Vizca\u00edno respaldo de la Presidenta de M\u00e9xico para contar con Centros LIBRE en todos los municipios","datePublished":"2026-03-14T05:05:01+00:00","mainEntityOfPage":{"@id":"https:\/\/masquenoticias.mx\/index.php\/2026\/03\/13\/agradece-indira-vizcaino-respaldo-de-la-presidenta-de-mexico-para-contar-con-centros-libre-en-todos-los-municipios\/"},"wordCount":468,"commentCount":0,"publisher":{"@id":"https:\/\/masquenoticias.mx\/#organization"},"image":{"@id":"https:\/\/masquenoticias.mx\/index.php\/2026\/03\/13\/agradece-indira-vizcaino-respaldo-de-la-presidenta-de-mexico-para-contar-con-centros-libre-en-todos-los-municipios\/#primaryimage"},"thumbnailUrl":"https:\/\/i0.wp.com\/masquenoticias.mx\/wp-content\/uploads\/2026\/03\/WhatsApp-Image-2026-03-13-at-7.42.45-PM.jpeg?fit=1280%2C853&ssl=1","keywords":["Indira Vizca\u00edno","Sheinbaum"],"articleSection":["Estado"],"inLanguage":"es","potentialAction":[{"@type":"CommentAction","name":"Comment","target":["https:\/\/masquenoticias.mx\/index.php\/2026\/03\/13\/agradece-indira-vizcaino-respaldo-de-la-presidenta-de-mexico-para-contar-con-centros-libre-en-todos-los-municipios\/#respond"]}]},{"@type":"WebPage","@id":"https:\/\/masquenoticias.mx\/index.php\/2026\/03\/13\/agradece-indira-vizcaino-respaldo-de-la-presidenta-de-mexico-para-contar-con-centros-libre-en-todos-los-municipios\/","url":"https:\/\/masquenoticias.mx\/index.php\/2026\/03\/13\/agradece-indira-vizcaino-respaldo-de-la-presidenta-de-mexico-para-contar-con-centros-libre-en-todos-los-municipios\/","name":"Agradece Indira Vizca\u00edno respaldo de la Presidenta de M\u00e9xico para contar con Centros LIBRE en todos los municipios - M\u00e1s Que Noticias","isPartOf":{"@id":"https:\/\/masquenoticias.mx\/#website"},"primaryImageOfPage":{"@id":"https:\/\/masquenoticias.mx\/index.php\/2026\/03\/13\/agradece-indira-vizcaino-respaldo-de-la-presidenta-de-mexico-para-contar-con-centros-libre-en-todos-los-municipios\/#primaryimage"},"image":{"@id":"https:\/\/masquenoticias.mx\/index.php\/2026\/03\/13\/agradece-indira-vizcaino-respaldo-de-la-presidenta-de-mexico-para-contar-con-centros-libre-en-todos-los-municipios\/#primaryimage"},"thumbnailUrl":"https:\/\/i0.wp.com\/masquenoticias.mx\/wp-content\/uploads\/2026\/03\/WhatsApp-Image-2026-03-13-at-7.42.45-PM.jpeg?fit=1280%2C853&ssl=1","datePublished":"2026-03-14T05:05:01+00:00","breadcrumb":{"@id":"https:\/\/masquenoticias.mx\/index.php\/2026\/03\/13\/agradece-indira-vizcaino-respaldo-de-la-presidenta-de-mexico-para-contar-con-centros-libre-en-todos-los-municipios\/#breadcrumb"},"inLanguage":"es","potentialAction":[{"@type":"ReadAction","target":["https:\/\/masquenoticias.mx\/index.php\/2026\/03\/13\/agradece-indira-vizcaino-respaldo-de-la-presidenta-de-mexico-para-contar-con-centros-libre-en-todos-los-municipios\/"]}]},{"@type":"ImageObject","inLanguage":"es","@id":"https:\/\/masquenoticias.mx\/index.php\/2026\/03\/13\/agradece-indira-vizcaino-respaldo-de-la-presidenta-de-mexico-para-contar-con-centros-libre-en-todos-los-municipios\/#primaryimage","url":"https:\/\/i0.wp.com\/masquenoticias.mx\/wp-content\/uploads\/2026\/03\/WhatsApp-Image-2026-03-13-at-7.42.45-PM.jpeg?fit=1280%2C853&ssl=1","contentUrl":"https:\/\/i0.wp.com\/masquenoticias.mx\/wp-content\/uploads\/2026\/03\/WhatsApp-Image-2026-03-13-at-7.42.45-PM.jpeg?fit=1280%2C853&ssl=1","width":1280,"height":853},{"@type":"BreadcrumbList","@id":"https:\/\/masquenoticias.mx\/index.php\/2026\/03\/13\/agradece-indira-vizcaino-respaldo-de-la-presidenta-de-mexico-para-contar-con-centros-libre-en-todos-los-municipios\/#breadcrumb","itemListElement":[{"@type":"ListItem","position":1,"name":"Inicio","item":"https:\/\/masquenoticias.mx\/"},{"@type":"ListItem","position":2,"name":"Agradece Indira Vizca\u00edno respaldo de la Presidenta de M\u00e9xico para contar con Centros LIBRE en todos los municipios"}]},{"@type":"WebSite","@id":"https:\/\/masquenoticias.mx\/#website","url":"https:\/\/masquenoticias.mx\/","name":"M\u00e1s Que Noticias","description":"Noticias de Colima, M\u00e9xico y el Mundo","publisher":{"@id":"https:\/\/masquenoticias.mx\/#organization"},"potentialAction":[{"@type":"SearchAction","target":{"@type":"EntryPoint","urlTemplate":"https:\/\/masquenoticias.mx\/?s={search_term_string}"},"query-input":{"@type":"PropertyValueSpecification","valueRequired":true,"valueName":"search_term_string"}}],"inLanguage":"es"},{"@type":"Organization","@id":"https:\/\/masquenoticias.mx\/#organization","name":"M\u00e1s Que Noticias","url":"https:\/\/masquenoticias.mx\/","logo":{"@type":"ImageObject","inLanguage":"es","@id":"https:\/\/masquenoticias.mx\/#\/schema\/logo\/image\/","url":"https:\/\/i0.wp.com\/masquenoticias.mx\/wp-content\/uploads\/2024\/04\/IMG_0004.png?fit=2560%2C1656&ssl=1","contentUrl":"https:\/\/i0.wp.com\/masquenoticias.mx\/wp-content\/uploads\/2024\/04\/IMG_0004.png?fit=2560%2C1656&ssl=1","width":2560,"height":1656,"caption":"M\u00e1s Que Noticias"},"image":{"@id":"https:\/\/masquenoticias.mx\/#\/schema\/logo\/image\/"},"sameAs":["https:\/\/www.facebook.com\/masquenoticiascolima","https:\/\/x.com\/edgartove","https:\/\/www.instagram.com\/masquenoticiascolima\/"]},{"@type":"Person","@id":"https:\/\/masquenoticias.mx\/#\/schema\/person\/544d19989ef23d34615f691f7a96e622","name":"Redacci\u00f3n","image":{"@type":"ImageObject","inLanguage":"es","@id":"https:\/\/masquenoticias.mx\/#\/schema\/person\/image\/","url":"https:\/\/secure.gravatar.com\/avatar\/7fcc926d5b058d3f3d52d95b4d05dd58?s=96&d=mm&r=g","contentUrl":"https:\/\/secure.gravatar.com\/avatar\/7fcc926d5b058d3f3d52d95b4d05dd58?s=96&d=mm&r=g","caption":"Redacci\u00f3n"},"sameAs":["http:\/\/masquenoticias.mx"],"url":"https:\/\/masquenoticias.mx\/index.php\/author\/edgartovegmail-com\/"}]}},"jetpack_featured_media_url":"https:\/\/i0.wp.com\/masquenoticias.mx\/wp-content\/uploads\/2026\/03\/WhatsApp-Image-2026-03-13-at-7.42.45-PM.jpeg?fit=1280%2C853&ssl=1","blog_post_layout_featured_media_urls":{"thumbnail":["https:\/\/i0.wp.com\/masquenoticias.mx\/wp-content\/uploads\/2026\/03\/WhatsApp-Image-2026-03-13-at-7.42.45-PM.jpeg?resize=150%2C150&ssl=1",150,150,true],"full":["https:\/\/i0.wp.com\/masquenoticias.mx\/wp-content\/uploads\/2026\/03\/WhatsApp-Image-2026-03-13-at-7.42.45-PM.jpeg?fit=1280%2C853&ssl=1",1280,853,false]},"categories_names":{"24":{"name":"Estado","link":"https:\/\/masquenoticias.mx\/index.php\/category\/estado\/"}},"tags_names":{"26":{"name":"Indira Vizca\u00edno","link":"https:\/\/masquenoticias.mx\/index.php\/tag\/indira-vizcaino\/"},"599":{"name":"Sheinbaum","link":"https:\/\/masquenoticias.mx\/index.php\/tag\/sheinbaum\/"}},"comments_number":"0","wpmagazine_modules_lite_featured_media_urls":{"thumbnail":["https:\/\/i0.wp.com\/masquenoticias.mx\/wp-content\/uploads\/2026\/03\/WhatsApp-Image-2026-03-13-at-7.42.45-PM.jpeg?resize=150%2C150&ssl=1",150,150,true],"cvmm-medium":["https:\/\/i0.wp.com\/masquenoticias.mx\/wp-content\/uploads\/2026\/03\/WhatsApp-Image-2026-03-13-at-7.42.45-PM.jpeg?resize=300%2C300&ssl=1",300,300,true],"cvmm-medium-plus":["https:\/\/i0.wp.com\/masquenoticias.mx\/wp-content\/uploads\/2026\/03\/WhatsApp-Image-2026-03-13-at-7.42.45-PM.jpeg?resize=305%2C207&ssl=1",305,207,true],"cvmm-portrait":["https:\/\/i0.wp.com\/masquenoticias.mx\/wp-content\/uploads\/2026\/03\/WhatsApp-Image-2026-03-13-at-7.42.45-PM.jpeg?resize=400%2C600&ssl=1",400,600,true],"cvmm-medium-square":["https:\/\/i0.wp.com\/masquenoticias.mx\/wp-content\/uploads\/2026\/03\/WhatsApp-Image-2026-03-13-at-7.42.45-PM.jpeg?resize=600%2C600&ssl=1",600,600,true],"cvmm-large":["https:\/\/i0.wp.com\/masquenoticias.mx\/wp-content\/uploads\/2026\/03\/WhatsApp-Image-2026-03-13-at-7.42.45-PM.jpeg?resize=1024%2C853&ssl=1",1024,853,true],"cvmm-small":["https:\/\/i0.wp.com\/masquenoticias.mx\/wp-content\/uploads\/2026\/03\/WhatsApp-Image-2026-03-13-at-7.42.45-PM.jpeg?resize=130%2C95&ssl=1",130,95,true],"full":["https:\/\/i0.wp.com\/masquenoticias.mx\/wp-content\/uploads\/2026\/03\/WhatsApp-Image-2026-03-13-at-7.42.45-PM.jpeg?fit=1280%2C853&ssl=1",1280,853,false]},"jetpack-related-posts":[],"jetpack_sharing_enabled":true,"jetpack_likes_enabled":true,"jetpack_shortlink":"https:\/\/wp.me\/pf7pkt-5Fu","_links":{"self":[{"href":"https:\/\/masquenoticias.mx\/index.php\/wp-json\/wp\/v2\/posts\/21792","targetHints":{"allow":["GET"]}}],"collection":[{"href":"https:\/\/masquenoticias.mx\/index.php\/wp-json\/wp\/v2\/posts"}],"about":[{"href":"https:\/\/masquenoticias.mx\/index.php\/wp-json\/wp\/v2\/types\/post"}],"author":[{"embeddable":true,"href":"https:\/\/masquenoticias.mx\/index.php\/wp-json\/wp\/v2\/users\/1"}],"replies":[{"embeddable":true,"href":"https:\/\/masquenoticias.mx\/index.php\/wp-json\/wp\/v2\/comments?post=21792"}],"version-history":[{"count":1,"href":"https:\/\/masquenoticias.mx\/index.php\/wp-json\/wp\/v2\/posts\/21792\/revisions"}],"predecessor-version":[{"id":21794,"href":"https:\/\/masquenoticias.mx\/index.php\/wp-json\/wp\/v2\/posts\/21792\/revisions\/21794"}],"wp:featuredmedia":[{"embeddable":true,"href":"https:\/\/masquenoticias.mx\/index.php\/wp-json\/wp\/v2\/media\/21793"}],"wp:attachment":[{"href":"https:\/\/masquenoticias.mx\/index.php\/wp-json\/wp\/v2\/media?parent=21792"}],"wp:term":[{"taxonomy":"category","embeddable":true,"href":"https:\/\/masquenoticias.mx\/index.php\/wp-json\/wp\/v2\/categories?post=21792"},{"taxonomy":"post_tag","embeddable":true,"href":"https:\/\/masquenoticias.mx\/index.php\/wp-json\/wp\/v2\/tags?post=21792"}],"curies":[{"name":"wp","href":"https:\/\/api.w.org\/{rel}","templated":true}]}}