{"id":21789,"date":"2026-03-13T22:59:43","date_gmt":"2026-03-14T04:59:43","guid":{"rendered":"https:\/\/masquenoticias.mx\/?p=21789"},"modified":"2026-03-13T22:59:43","modified_gmt":"2026-03-14T04:59:43","slug":"subsejuv-abre-inscripciones-para-el-mercadito-joven-del-28-de-marzo-en-cuauhtemoc","status":"publish","type":"post","link":"https:\/\/masquenoticias.mx\/index.php\/2026\/03\/13\/subsejuv-abre-inscripciones-para-el-mercadito-joven-del-28-de-marzo-en-cuauhtemoc\/","title":{"rendered":"Subsejuv abre inscripciones para el Mercadito Joven del 28 de marzo, en Cuauht\u00e9moc"},"content":{"rendered":"<p>El Gobierno del Estado de Colima que encabeza la mandataria Indira Vizca\u00edno Silva, a trav\u00e9s de la Subsecretar\u00eda de las Juventudes (Subsejuv), en coordinaci\u00f3n con el Ayuntamiento de Cuauht\u00e9moc, realizar\u00e1 el Mercadito Joven el s\u00e1bado 28 de marzo en el jard\u00edn principal de Queser\u00eda, brindando a las y los j\u00f3venes emprendedores las herramientas y oportunidades para impulsar sus proyectos y alcanzar sus metas.<\/p>\n<p>El evento iniciar\u00e1 a las 18:00 horas y contar\u00e1 con actividades culturales y art\u00edsticas a cargo de talentos locales, as\u00ed como espacios para la exposici\u00f3n y venta de artesan\u00edas, alimentos, bebidas y productos elaborados por j\u00f3venes de entre 12 y 29 a\u00f1os de edad.<\/p>\n<p>La convocatoria para obtener un espacio gratuito de exhibici\u00f3n y venta ya est\u00e1 disponible en las redes oficiales de Subsejuv. Las personas seleccionadas ser\u00e1n notificadas previamente a trav\u00e9s del correo electr\u00f3nico registrado. Para esta segunda edici\u00f3n del Mercadito Joven Cuauht\u00e9moc 2026 habr\u00e1 cupo limitado a 70 participantes.<\/p>\n<p>Las y los interesados en participar podr\u00e1n registrarse hasta el domingo 22 de marzo a trav\u00e9s del enlace https:\/\/forms.gle\/bqrPfNh3CxdfaDp59 . Al complementar el formulario deber\u00e1n anexar su carta compromiso en formato PDF y subir fotograf\u00edas de su emprendimiento. Se invita a la poblaci\u00f3n de Cuauht\u00e9moc y alrededores a asistir y apoyar el talento y creatividad de las juventudes emprendedoras.<\/p>\n","protected":false},"excerpt":{"rendered":"<p>El Gobierno del Estado de Colima que encabeza la mandataria Indira Vizca\u00edno Silva, a trav\u00e9s de la Subsecretar\u00eda de las Juventudes (Subsejuv), en coordinaci\u00f3n con el Ayuntamiento de Cuauht\u00e9moc, realizar\u00e1 el Mercadito Joven el s\u00e1bado 28 de marzo en el jard\u00edn principal de Queser\u00eda, brindando a las y los j\u00f3venes emprendedores las herramientas y oportunidades [&hellip;]<\/p>\n","protected":false},"author":1,"featured_media":21790,"comment_status":"open","ping_status":"open","sticky":false,"template":"","format":"standard","meta":{"_jetpack_memberships_contains_paid_content":false,"footnotes":""},"categories":[24],"tags":[186],"class_list":["post-21789","post","type-post","status-publish","format-standard","has-post-thumbnail","hentry","category-estado","tag-subsejuv"],"yoast_head":"<!-- This site is optimized with the Yoast SEO plugin v26.6 - https:\/\/yoast.com\/wordpress\/plugins\/seo\/ -->\n<title>Subsejuv abre inscripciones para el Mercadito Joven del 28 de marzo, en Cuauht\u00e9moc - M\u00e1s Que Noticias<\/title>\n<meta name=\"robots\" content=\"index, follow, max-snippet:-1, max-image-preview:large, max-video-preview:-1\" \/>\n<link rel=\"canonical\" href=\"https:\/\/masquenoticias.mx\/index.php\/2026\/03\/13\/subsejuv-abre-inscripciones-para-el-mercadito-joven-del-28-de-marzo-en-cuauhtemoc\/\" \/>\n<meta property=\"og:locale\" content=\"es_MX\" \/>\n<meta property=\"og:type\" content=\"article\" \/>\n<meta property=\"og:title\" content=\"Subsejuv abre inscripciones para el Mercadito Joven del 28 de marzo, en Cuauht\u00e9moc - M\u00e1s Que Noticias\" \/>\n<meta property=\"og:description\" content=\"El Gobierno del Estado de Colima que encabeza la mandataria Indira Vizca\u00edno Silva, a trav\u00e9s de la Subsecretar\u00eda de las Juventudes (Subsejuv), en coordinaci\u00f3n con el Ayuntamiento de Cuauht\u00e9moc, realizar\u00e1 el Mercadito Joven el s\u00e1bado 28 de marzo en el jard\u00edn principal de Queser\u00eda, brindando a las y los j\u00f3venes emprendedores las herramientas y oportunidades [&hellip;]\" \/>\n<meta property=\"og:url\" content=\"https:\/\/masquenoticias.mx\/index.php\/2026\/03\/13\/subsejuv-abre-inscripciones-para-el-mercadito-joven-del-28-de-marzo-en-cuauhtemoc\/\" \/>\n<meta property=\"og:site_name\" content=\"M\u00e1s Que Noticias\" \/>\n<meta property=\"article:publisher\" content=\"https:\/\/www.facebook.com\/masquenoticiascolima\" \/>\n<meta property=\"article:published_time\" content=\"2026-03-14T04:59:43+00:00\" \/>\n<meta property=\"og:image\" content=\"https:\/\/masquenoticias.mx\/wp-content\/uploads\/2026\/03\/WhatsApp-Image-2026-03-13-at-5.38.25-PM.jpeg\" \/>\n\t<meta property=\"og:image:width\" content=\"960\" \/>\n\t<meta property=\"og:image:height\" content=\"640\" \/>\n\t<meta property=\"og:image:type\" content=\"image\/jpeg\" \/>\n<meta name=\"author\" content=\"Redacci\u00f3n\" \/>\n<meta name=\"twitter:card\" content=\"summary_large_image\" \/>\n<meta name=\"twitter:creator\" content=\"@edgartove\" \/>\n<meta name=\"twitter:site\" content=\"@edgartove\" \/>\n<meta name=\"twitter:label1\" content=\"Escrito por\" \/>\n\t<meta name=\"twitter:data1\" content=\"Redacci\u00f3n\" \/>\n\t<meta name=\"twitter:label2\" content=\"Tiempo de lectura\" \/>\n\t<meta name=\"twitter:data2\" content=\"2 minutos\" \/>\n<script type=\"application\/ld+json\" class=\"yoast-schema-graph\">{\"@context\":\"https:\/\/schema.org\",\"@graph\":[{\"@type\":\"Article\",\"@id\":\"https:\/\/masquenoticias.mx\/index.php\/2026\/03\/13\/subsejuv-abre-inscripciones-para-el-mercadito-joven-del-28-de-marzo-en-cuauhtemoc\/#article\",\"isPartOf\":{\"@id\":\"https:\/\/masquenoticias.mx\/index.php\/2026\/03\/13\/subsejuv-abre-inscripciones-para-el-mercadito-joven-del-28-de-marzo-en-cuauhtemoc\/\"},\"author\":{\"name\":\"Redacci\u00f3n\",\"@id\":\"https:\/\/masquenoticias.mx\/#\/schema\/person\/544d19989ef23d34615f691f7a96e622\"},\"headline\":\"Subsejuv abre inscripciones para el Mercadito Joven del 28 de marzo, en Cuauht\u00e9moc\",\"datePublished\":\"2026-03-14T04:59:43+00:00\",\"mainEntityOfPage\":{\"@id\":\"https:\/\/masquenoticias.mx\/index.php\/2026\/03\/13\/subsejuv-abre-inscripciones-para-el-mercadito-joven-del-28-de-marzo-en-cuauhtemoc\/\"},\"wordCount\":248,\"commentCount\":0,\"publisher\":{\"@id\":\"https:\/\/masquenoticias.mx\/#organization\"},\"image\":{\"@id\":\"https:\/\/masquenoticias.mx\/index.php\/2026\/03\/13\/subsejuv-abre-inscripciones-para-el-mercadito-joven-del-28-de-marzo-en-cuauhtemoc\/#primaryimage\"},\"thumbnailUrl\":\"https:\/\/i0.wp.com\/masquenoticias.mx\/wp-content\/uploads\/2026\/03\/WhatsApp-Image-2026-03-13-at-5.38.25-PM.jpeg?fit=960%2C640&ssl=1\",\"keywords\":[\"Subsejuv\"],\"articleSection\":[\"Estado\"],\"inLanguage\":\"es\",\"potentialAction\":[{\"@type\":\"CommentAction\",\"name\":\"Comment\",\"target\":[\"https:\/\/masquenoticias.mx\/index.php\/2026\/03\/13\/subsejuv-abre-inscripciones-para-el-mercadito-joven-del-28-de-marzo-en-cuauhtemoc\/#respond\"]}]},{\"@type\":\"WebPage\",\"@id\":\"https:\/\/masquenoticias.mx\/index.php\/2026\/03\/13\/subsejuv-abre-inscripciones-para-el-mercadito-joven-del-28-de-marzo-en-cuauhtemoc\/\",\"url\":\"https:\/\/masquenoticias.mx\/index.php\/2026\/03\/13\/subsejuv-abre-inscripciones-para-el-mercadito-joven-del-28-de-marzo-en-cuauhtemoc\/\",\"name\":\"Subsejuv abre inscripciones para el Mercadito Joven del 28 de marzo, en Cuauht\u00e9moc - M\u00e1s Que Noticias\",\"isPartOf\":{\"@id\":\"https:\/\/masquenoticias.mx\/#website\"},\"primaryImageOfPage\":{\"@id\":\"https:\/\/masquenoticias.mx\/index.php\/2026\/03\/13\/subsejuv-abre-inscripciones-para-el-mercadito-joven-del-28-de-marzo-en-cuauhtemoc\/#primaryimage\"},\"image\":{\"@id\":\"https:\/\/masquenoticias.mx\/index.php\/2026\/03\/13\/subsejuv-abre-inscripciones-para-el-mercadito-joven-del-28-de-marzo-en-cuauhtemoc\/#primaryimage\"},\"thumbnailUrl\":\"https:\/\/i0.wp.com\/masquenoticias.mx\/wp-content\/uploads\/2026\/03\/WhatsApp-Image-2026-03-13-at-5.38.25-PM.jpeg?fit=960%2C640&ssl=1\",\"datePublished\":\"2026-03-14T04:59:43+00:00\",\"breadcrumb\":{\"@id\":\"https:\/\/masquenoticias.mx\/index.php\/2026\/03\/13\/subsejuv-abre-inscripciones-para-el-mercadito-joven-del-28-de-marzo-en-cuauhtemoc\/#breadcrumb\"},\"inLanguage\":\"es\",\"potentialAction\":[{\"@type\":\"ReadAction\",\"target\":[\"https:\/\/masquenoticias.mx\/index.php\/2026\/03\/13\/subsejuv-abre-inscripciones-para-el-mercadito-joven-del-28-de-marzo-en-cuauhtemoc\/\"]}]},{\"@type\":\"ImageObject\",\"inLanguage\":\"es\",\"@id\":\"https:\/\/masquenoticias.mx\/index.php\/2026\/03\/13\/subsejuv-abre-inscripciones-para-el-mercadito-joven-del-28-de-marzo-en-cuauhtemoc\/#primaryimage\",\"url\":\"https:\/\/i0.wp.com\/masquenoticias.mx\/wp-content\/uploads\/2026\/03\/WhatsApp-Image-2026-03-13-at-5.38.25-PM.jpeg?fit=960%2C640&ssl=1\",\"contentUrl\":\"https:\/\/i0.wp.com\/masquenoticias.mx\/wp-content\/uploads\/2026\/03\/WhatsApp-Image-2026-03-13-at-5.38.25-PM.jpeg?fit=960%2C640&ssl=1\",\"width\":960,\"height\":640},{\"@type\":\"BreadcrumbList\",\"@id\":\"https:\/\/masquenoticias.mx\/index.php\/2026\/03\/13\/subsejuv-abre-inscripciones-para-el-mercadito-joven-del-28-de-marzo-en-cuauhtemoc\/#breadcrumb\",\"itemListElement\":[{\"@type\":\"ListItem\",\"position\":1,\"name\":\"Inicio\",\"item\":\"https:\/\/masquenoticias.mx\/\"},{\"@type\":\"ListItem\",\"position\":2,\"name\":\"Subsejuv abre inscripciones para el Mercadito Joven del 28 de marzo, en Cuauht\u00e9moc\"}]},{\"@type\":\"WebSite\",\"@id\":\"https:\/\/masquenoticias.mx\/#website\",\"url\":\"https:\/\/masquenoticias.mx\/\",\"name\":\"M\u00e1s Que Noticias\",\"description\":\"Noticias de Colima, M\u00e9xico y el Mundo\",\"publisher\":{\"@id\":\"https:\/\/masquenoticias.mx\/#organization\"},\"potentialAction\":[{\"@type\":\"SearchAction\",\"target\":{\"@type\":\"EntryPoint\",\"urlTemplate\":\"https:\/\/masquenoticias.mx\/?s={search_term_string}\"},\"query-input\":{\"@type\":\"PropertyValueSpecification\",\"valueRequired\":true,\"valueName\":\"search_term_string\"}}],\"inLanguage\":\"es\"},{\"@type\":\"Organization\",\"@id\":\"https:\/\/masquenoticias.mx\/#organization\",\"name\":\"M\u00e1s Que Noticias\",\"url\":\"https:\/\/masquenoticias.mx\/\",\"logo\":{\"@type\":\"ImageObject\",\"inLanguage\":\"es\",\"@id\":\"https:\/\/masquenoticias.mx\/#\/schema\/logo\/image\/\",\"url\":\"https:\/\/i0.wp.com\/masquenoticias.mx\/wp-content\/uploads\/2024\/04\/IMG_0004.png?fit=2560%2C1656&ssl=1\",\"contentUrl\":\"https:\/\/i0.wp.com\/masquenoticias.mx\/wp-content\/uploads\/2024\/04\/IMG_0004.png?fit=2560%2C1656&ssl=1\",\"width\":2560,\"height\":1656,\"caption\":\"M\u00e1s Que Noticias\"},\"image\":{\"@id\":\"https:\/\/masquenoticias.mx\/#\/schema\/logo\/image\/\"},\"sameAs\":[\"https:\/\/www.facebook.com\/masquenoticiascolima\",\"https:\/\/x.com\/edgartove\",\"https:\/\/www.instagram.com\/masquenoticiascolima\/\"]},{\"@type\":\"Person\",\"@id\":\"https:\/\/masquenoticias.mx\/#\/schema\/person\/544d19989ef23d34615f691f7a96e622\",\"name\":\"Redacci\u00f3n\",\"image\":{\"@type\":\"ImageObject\",\"inLanguage\":\"es\",\"@id\":\"https:\/\/masquenoticias.mx\/#\/schema\/person\/image\/\",\"url\":\"https:\/\/secure.gravatar.com\/avatar\/7fcc926d5b058d3f3d52d95b4d05dd58?s=96&d=mm&r=g\",\"contentUrl\":\"https:\/\/secure.gravatar.com\/avatar\/7fcc926d5b058d3f3d52d95b4d05dd58?s=96&d=mm&r=g\",\"caption\":\"Redacci\u00f3n\"},\"sameAs\":[\"http:\/\/masquenoticias.mx\"],\"url\":\"https:\/\/masquenoticias.mx\/index.php\/author\/edgartovegmail-com\/\"}]}<\/script>\n<!-- \/ Yoast SEO plugin. -->","yoast_head_json":{"title":"Subsejuv abre inscripciones para el Mercadito Joven del 28 de marzo, en Cuauht\u00e9moc - M\u00e1s Que Noticias","robots":{"index":"index","follow":"follow","max-snippet":"max-snippet:-1","max-image-preview":"max-image-preview:large","max-video-preview":"max-video-preview:-1"},"canonical":"https:\/\/masquenoticias.mx\/index.php\/2026\/03\/13\/subsejuv-abre-inscripciones-para-el-mercadito-joven-del-28-de-marzo-en-cuauhtemoc\/","og_locale":"es_MX","og_type":"article","og_title":"Subsejuv abre inscripciones para el Mercadito Joven del 28 de marzo, en Cuauht\u00e9moc - M\u00e1s Que Noticias","og_description":"El Gobierno del Estado de Colima que encabeza la mandataria Indira Vizca\u00edno Silva, a trav\u00e9s de la Subsecretar\u00eda de las Juventudes (Subsejuv), en coordinaci\u00f3n con el Ayuntamiento de Cuauht\u00e9moc, realizar\u00e1 el Mercadito Joven el s\u00e1bado 28 de marzo en el jard\u00edn principal de Queser\u00eda, brindando a las y los j\u00f3venes emprendedores las herramientas y oportunidades [&hellip;]","og_url":"https:\/\/masquenoticias.mx\/index.php\/2026\/03\/13\/subsejuv-abre-inscripciones-para-el-mercadito-joven-del-28-de-marzo-en-cuauhtemoc\/","og_site_name":"M\u00e1s Que Noticias","article_publisher":"https:\/\/www.facebook.com\/masquenoticiascolima","article_published_time":"2026-03-14T04:59:43+00:00","og_image":[{"width":960,"height":640,"url":"https:\/\/masquenoticias.mx\/wp-content\/uploads\/2026\/03\/WhatsApp-Image-2026-03-13-at-5.38.25-PM.jpeg","type":"image\/jpeg"}],"author":"Redacci\u00f3n","twitter_card":"summary_large_image","twitter_creator":"@edgartove","twitter_site":"@edgartove","twitter_misc":{"Escrito por":"Redacci\u00f3n","Tiempo de lectura":"2 minutos"},"schema":{"@context":"https:\/\/schema.org","@graph":[{"@type":"Article","@id":"https:\/\/masquenoticias.mx\/index.php\/2026\/03\/13\/subsejuv-abre-inscripciones-para-el-mercadito-joven-del-28-de-marzo-en-cuauhtemoc\/#article","isPartOf":{"@id":"https:\/\/masquenoticias.mx\/index.php\/2026\/03\/13\/subsejuv-abre-inscripciones-para-el-mercadito-joven-del-28-de-marzo-en-cuauhtemoc\/"},"author":{"name":"Redacci\u00f3n","@id":"https:\/\/masquenoticias.mx\/#\/schema\/person\/544d19989ef23d34615f691f7a96e622"},"headline":"Subsejuv abre inscripciones para el Mercadito Joven del 28 de marzo, en Cuauht\u00e9moc","datePublished":"2026-03-14T04:59:43+00:00","mainEntityOfPage":{"@id":"https:\/\/masquenoticias.mx\/index.php\/2026\/03\/13\/subsejuv-abre-inscripciones-para-el-mercadito-joven-del-28-de-marzo-en-cuauhtemoc\/"},"wordCount":248,"commentCount":0,"publisher":{"@id":"https:\/\/masquenoticias.mx\/#organization"},"image":{"@id":"https:\/\/masquenoticias.mx\/index.php\/2026\/03\/13\/subsejuv-abre-inscripciones-para-el-mercadito-joven-del-28-de-marzo-en-cuauhtemoc\/#primaryimage"},"thumbnailUrl":"https:\/\/i0.wp.com\/masquenoticias.mx\/wp-content\/uploads\/2026\/03\/WhatsApp-Image-2026-03-13-at-5.38.25-PM.jpeg?fit=960%2C640&ssl=1","keywords":["Subsejuv"],"articleSection":["Estado"],"inLanguage":"es","potentialAction":[{"@type":"CommentAction","name":"Comment","target":["https:\/\/masquenoticias.mx\/index.php\/2026\/03\/13\/subsejuv-abre-inscripciones-para-el-mercadito-joven-del-28-de-marzo-en-cuauhtemoc\/#respond"]}]},{"@type":"WebPage","@id":"https:\/\/masquenoticias.mx\/index.php\/2026\/03\/13\/subsejuv-abre-inscripciones-para-el-mercadito-joven-del-28-de-marzo-en-cuauhtemoc\/","url":"https:\/\/masquenoticias.mx\/index.php\/2026\/03\/13\/subsejuv-abre-inscripciones-para-el-mercadito-joven-del-28-de-marzo-en-cuauhtemoc\/","name":"Subsejuv abre inscripciones para el Mercadito Joven del 28 de marzo, en Cuauht\u00e9moc - M\u00e1s Que Noticias","isPartOf":{"@id":"https:\/\/masquenoticias.mx\/#website"},"primaryImageOfPage":{"@id":"https:\/\/masquenoticias.mx\/index.php\/2026\/03\/13\/subsejuv-abre-inscripciones-para-el-mercadito-joven-del-28-de-marzo-en-cuauhtemoc\/#primaryimage"},"image":{"@id":"https:\/\/masquenoticias.mx\/index.php\/2026\/03\/13\/subsejuv-abre-inscripciones-para-el-mercadito-joven-del-28-de-marzo-en-cuauhtemoc\/#primaryimage"},"thumbnailUrl":"https:\/\/i0.wp.com\/masquenoticias.mx\/wp-content\/uploads\/2026\/03\/WhatsApp-Image-2026-03-13-at-5.38.25-PM.jpeg?fit=960%2C640&ssl=1","datePublished":"2026-03-14T04:59:43+00:00","breadcrumb":{"@id":"https:\/\/masquenoticias.mx\/index.php\/2026\/03\/13\/subsejuv-abre-inscripciones-para-el-mercadito-joven-del-28-de-marzo-en-cuauhtemoc\/#breadcrumb"},"inLanguage":"es","potentialAction":[{"@type":"ReadAction","target":["https:\/\/masquenoticias.mx\/index.php\/2026\/03\/13\/subsejuv-abre-inscripciones-para-el-mercadito-joven-del-28-de-marzo-en-cuauhtemoc\/"]}]},{"@type":"ImageObject","inLanguage":"es","@id":"https:\/\/masquenoticias.mx\/index.php\/2026\/03\/13\/subsejuv-abre-inscripciones-para-el-mercadito-joven-del-28-de-marzo-en-cuauhtemoc\/#primaryimage","url":"https:\/\/i0.wp.com\/masquenoticias.mx\/wp-content\/uploads\/2026\/03\/WhatsApp-Image-2026-03-13-at-5.38.25-PM.jpeg?fit=960%2C640&ssl=1","contentUrl":"https:\/\/i0.wp.com\/masquenoticias.mx\/wp-content\/uploads\/2026\/03\/WhatsApp-Image-2026-03-13-at-5.38.25-PM.jpeg?fit=960%2C640&ssl=1","width":960,"height":640},{"@type":"BreadcrumbList","@id":"https:\/\/masquenoticias.mx\/index.php\/2026\/03\/13\/subsejuv-abre-inscripciones-para-el-mercadito-joven-del-28-de-marzo-en-cuauhtemoc\/#breadcrumb","itemListElement":[{"@type":"ListItem","position":1,"name":"Inicio","item":"https:\/\/masquenoticias.mx\/"},{"@type":"ListItem","position":2,"name":"Subsejuv abre inscripciones para el Mercadito Joven del 28 de marzo, en Cuauht\u00e9moc"}]},{"@type":"WebSite","@id":"https:\/\/masquenoticias.mx\/#website","url":"https:\/\/masquenoticias.mx\/","name":"M\u00e1s Que Noticias","description":"Noticias de Colima, M\u00e9xico y el Mundo","publisher":{"@id":"https:\/\/masquenoticias.mx\/#organization"},"potentialAction":[{"@type":"SearchAction","target":{"@type":"EntryPoint","urlTemplate":"https:\/\/masquenoticias.mx\/?s={search_term_string}"},"query-input":{"@type":"PropertyValueSpecification","valueRequired":true,"valueName":"search_term_string"}}],"inLanguage":"es"},{"@type":"Organization","@id":"https:\/\/masquenoticias.mx\/#organization","name":"M\u00e1s Que Noticias","url":"https:\/\/masquenoticias.mx\/","logo":{"@type":"ImageObject","inLanguage":"es","@id":"https:\/\/masquenoticias.mx\/#\/schema\/logo\/image\/","url":"https:\/\/i0.wp.com\/masquenoticias.mx\/wp-content\/uploads\/2024\/04\/IMG_0004.png?fit=2560%2C1656&ssl=1","contentUrl":"https:\/\/i0.wp.com\/masquenoticias.mx\/wp-content\/uploads\/2024\/04\/IMG_0004.png?fit=2560%2C1656&ssl=1","width":2560,"height":1656,"caption":"M\u00e1s Que Noticias"},"image":{"@id":"https:\/\/masquenoticias.mx\/#\/schema\/logo\/image\/"},"sameAs":["https:\/\/www.facebook.com\/masquenoticiascolima","https:\/\/x.com\/edgartove","https:\/\/www.instagram.com\/masquenoticiascolima\/"]},{"@type":"Person","@id":"https:\/\/masquenoticias.mx\/#\/schema\/person\/544d19989ef23d34615f691f7a96e622","name":"Redacci\u00f3n","image":{"@type":"ImageObject","inLanguage":"es","@id":"https:\/\/masquenoticias.mx\/#\/schema\/person\/image\/","url":"https:\/\/secure.gravatar.com\/avatar\/7fcc926d5b058d3f3d52d95b4d05dd58?s=96&d=mm&r=g","contentUrl":"https:\/\/secure.gravatar.com\/avatar\/7fcc926d5b058d3f3d52d95b4d05dd58?s=96&d=mm&r=g","caption":"Redacci\u00f3n"},"sameAs":["http:\/\/masquenoticias.mx"],"url":"https:\/\/masquenoticias.mx\/index.php\/author\/edgartovegmail-com\/"}]}},"jetpack_featured_media_url":"https:\/\/i0.wp.com\/masquenoticias.mx\/wp-content\/uploads\/2026\/03\/WhatsApp-Image-2026-03-13-at-5.38.25-PM.jpeg?fit=960%2C640&ssl=1","blog_post_layout_featured_media_urls":{"thumbnail":["https:\/\/i0.wp.com\/masquenoticias.mx\/wp-content\/uploads\/2026\/03\/WhatsApp-Image-2026-03-13-at-5.38.25-PM.jpeg?resize=150%2C150&ssl=1",150,150,true],"full":["https:\/\/i0.wp.com\/masquenoticias.mx\/wp-content\/uploads\/2026\/03\/WhatsApp-Image-2026-03-13-at-5.38.25-PM.jpeg?fit=960%2C640&ssl=1",960,640,false]},"categories_names":{"24":{"name":"Estado","link":"https:\/\/masquenoticias.mx\/index.php\/category\/estado\/"}},"tags_names":{"186":{"name":"Subsejuv","link":"https:\/\/masquenoticias.mx\/index.php\/tag\/subsejuv\/"}},"comments_number":"0","wpmagazine_modules_lite_featured_media_urls":{"thumbnail":["https:\/\/i0.wp.com\/masquenoticias.mx\/wp-content\/uploads\/2026\/03\/WhatsApp-Image-2026-03-13-at-5.38.25-PM.jpeg?resize=150%2C150&ssl=1",150,150,true],"cvmm-medium":["https:\/\/i0.wp.com\/masquenoticias.mx\/wp-content\/uploads\/2026\/03\/WhatsApp-Image-2026-03-13-at-5.38.25-PM.jpeg?resize=300%2C300&ssl=1",300,300,true],"cvmm-medium-plus":["https:\/\/i0.wp.com\/masquenoticias.mx\/wp-content\/uploads\/2026\/03\/WhatsApp-Image-2026-03-13-at-5.38.25-PM.jpeg?resize=305%2C207&ssl=1",305,207,true],"cvmm-portrait":["https:\/\/i0.wp.com\/masquenoticias.mx\/wp-content\/uploads\/2026\/03\/WhatsApp-Image-2026-03-13-at-5.38.25-PM.jpeg?resize=400%2C600&ssl=1",400,600,true],"cvmm-medium-square":["https:\/\/i0.wp.com\/masquenoticias.mx\/wp-content\/uploads\/2026\/03\/WhatsApp-Image-2026-03-13-at-5.38.25-PM.jpeg?resize=600%2C600&ssl=1",600,600,true],"cvmm-large":["https:\/\/i0.wp.com\/masquenoticias.mx\/wp-content\/uploads\/2026\/03\/WhatsApp-Image-2026-03-13-at-5.38.25-PM.jpeg?resize=960%2C640&ssl=1",960,640,true],"cvmm-small":["https:\/\/i0.wp.com\/masquenoticias.mx\/wp-content\/uploads\/2026\/03\/WhatsApp-Image-2026-03-13-at-5.38.25-PM.jpeg?resize=130%2C95&ssl=1",130,95,true],"full":["https:\/\/i0.wp.com\/masquenoticias.mx\/wp-content\/uploads\/2026\/03\/WhatsApp-Image-2026-03-13-at-5.38.25-PM.jpeg?fit=960%2C640&ssl=1",960,640,false]},"jetpack-related-posts":[],"jetpack_sharing_enabled":true,"jetpack_likes_enabled":true,"jetpack_shortlink":"https:\/\/wp.me\/pf7pkt-5Fr","_links":{"self":[{"href":"https:\/\/masquenoticias.mx\/index.php\/wp-json\/wp\/v2\/posts\/21789","targetHints":{"allow":["GET"]}}],"collection":[{"href":"https:\/\/masquenoticias.mx\/index.php\/wp-json\/wp\/v2\/posts"}],"about":[{"href":"https:\/\/masquenoticias.mx\/index.php\/wp-json\/wp\/v2\/types\/post"}],"author":[{"embeddable":true,"href":"https:\/\/masquenoticias.mx\/index.php\/wp-json\/wp\/v2\/users\/1"}],"replies":[{"embeddable":true,"href":"https:\/\/masquenoticias.mx\/index.php\/wp-json\/wp\/v2\/comments?post=21789"}],"version-history":[{"count":1,"href":"https:\/\/masquenoticias.mx\/index.php\/wp-json\/wp\/v2\/posts\/21789\/revisions"}],"predecessor-version":[{"id":21791,"href":"https:\/\/masquenoticias.mx\/index.php\/wp-json\/wp\/v2\/posts\/21789\/revisions\/21791"}],"wp:featuredmedia":[{"embeddable":true,"href":"https:\/\/masquenoticias.mx\/index.php\/wp-json\/wp\/v2\/media\/21790"}],"wp:attachment":[{"href":"https:\/\/masquenoticias.mx\/index.php\/wp-json\/wp\/v2\/media?parent=21789"}],"wp:term":[{"taxonomy":"category","embeddable":true,"href":"https:\/\/masquenoticias.mx\/index.php\/wp-json\/wp\/v2\/categories?post=21789"},{"taxonomy":"post_tag","embeddable":true,"href":"https:\/\/masquenoticias.mx\/index.php\/wp-json\/wp\/v2\/tags?post=21789"}],"curies":[{"name":"wp","href":"https:\/\/api.w.org\/{rel}","templated":true}]}}