{"id":21780,"date":"2026-03-13T22:54:23","date_gmt":"2026-03-14T04:54:23","guid":{"rendered":"https:\/\/masquenoticias.mx\/?p=21780"},"modified":"2026-03-13T22:54:23","modified_gmt":"2026-03-14T04:54:23","slug":"claudia-sheinbaum-e-indira-vizcaino-coinciden-en-que-pension-mujeres-bienestar-es-equidad-y-justicia","status":"publish","type":"post","link":"https:\/\/masquenoticias.mx\/index.php\/2026\/03\/13\/claudia-sheinbaum-e-indira-vizcaino-coinciden-en-que-pension-mujeres-bienestar-es-equidad-y-justicia\/","title":{"rendered":"Claudia Sheinbaum e Indira Vizca\u00edno coinciden en que Pensi\u00f3n Mujeres Bienestar es equidad y justicia"},"content":{"rendered":"<p>La gobernadora de Colima, Indira Vizca\u00edno Silva, particip\u00f3 en la entrega de la Pensi\u00f3n Mujeres Bienestar que encabez\u00f3 la presidenta de M\u00e9xico Claudia Sheinbaum Pardo este viernes en el Parque Metropolitano de Tecom\u00e1n; la mandataria estatal dijo que esta pensi\u00f3n es una pol\u00edtica de equidad y justicia; y destac\u00f3 que s\u00f3lo en este bimestre marzo-abril, este programa dispersar\u00e1 64.6 millones de pesos entre 20 mil 835 beneficiarias que hay en el estado.<\/p>\n<p>&#8220;En M\u00e9xico, la discriminaci\u00f3n m\u00e1s frecuente que vivimos es por ser mujeres; es importante reiterar el apoyo que hoy entrega el Gobierno de M\u00e9xico, que naci\u00f3 del coraz\u00f3n y la convicci\u00f3n de la presidenta Claudia Sheinbaum, abona a la econom\u00eda de las mexicanas. Esta pensi\u00f3n nos regresa a las mujeres la convicci\u00f3n del papel importante que jugamos, de estar ah\u00ed siempre dispuestas en lo completo para lo que se necesitar\u00e1 en nuestra familia, en nuestra comunidad o en nuestro entorno&#8221;, expres\u00f3 Indira Vizca\u00edno.<\/p>\n<p><img data-recalc-dims=\"1\" fetchpriority=\"high\" decoding=\"async\" class=\" wp-image-21786 alignleft\" src=\"https:\/\/i0.wp.com\/masquenoticias.mx\/wp-content\/uploads\/2026\/03\/WhatsApp-Image-2026-03-13-at-3.27.04-PM-1.jpeg?resize=399%2C266&#038;ssl=1\" alt=\"\" width=\"399\" height=\"266\" srcset=\"https:\/\/i0.wp.com\/masquenoticias.mx\/wp-content\/uploads\/2026\/03\/WhatsApp-Image-2026-03-13-at-3.27.04-PM-1.jpeg?resize=1024%2C683&amp;ssl=1 1024w, https:\/\/i0.wp.com\/masquenoticias.mx\/wp-content\/uploads\/2026\/03\/WhatsApp-Image-2026-03-13-at-3.27.04-PM-1.jpeg?resize=300%2C200&amp;ssl=1 300w, https:\/\/i0.wp.com\/masquenoticias.mx\/wp-content\/uploads\/2026\/03\/WhatsApp-Image-2026-03-13-at-3.27.04-PM-1.jpeg?resize=768%2C512&amp;ssl=1 768w, https:\/\/i0.wp.com\/masquenoticias.mx\/wp-content\/uploads\/2026\/03\/WhatsApp-Image-2026-03-13-at-3.27.04-PM-1.jpeg?w=1280&amp;ssl=1 1280w\" sizes=\"(max-width: 399px) 100vw, 399px\" \/> <img data-recalc-dims=\"1\" decoding=\"async\" class=\"alignnone  wp-image-21785\" src=\"https:\/\/i0.wp.com\/masquenoticias.mx\/wp-content\/uploads\/2026\/03\/WhatsApp-Image-2026-03-13-at-3.27.05-PM.jpeg?resize=407%2C271&#038;ssl=1\" alt=\"\" width=\"407\" height=\"271\" srcset=\"https:\/\/i0.wp.com\/masquenoticias.mx\/wp-content\/uploads\/2026\/03\/WhatsApp-Image-2026-03-13-at-3.27.05-PM.jpeg?resize=1024%2C682&amp;ssl=1 1024w, https:\/\/i0.wp.com\/masquenoticias.mx\/wp-content\/uploads\/2026\/03\/WhatsApp-Image-2026-03-13-at-3.27.05-PM.jpeg?resize=300%2C200&amp;ssl=1 300w, https:\/\/i0.wp.com\/masquenoticias.mx\/wp-content\/uploads\/2026\/03\/WhatsApp-Image-2026-03-13-at-3.27.05-PM.jpeg?resize=768%2C512&amp;ssl=1 768w, https:\/\/i0.wp.com\/masquenoticias.mx\/wp-content\/uploads\/2026\/03\/WhatsApp-Image-2026-03-13-at-3.27.05-PM.jpeg?w=1280&amp;ssl=1 1280w\" sizes=\"(max-width: 407px) 100vw, 407px\" \/><\/p>\n<p>La mandataria Claudia Sheinbaum y la gobernadora Indira Vizca\u00edno coincidieron en que la Pensi\u00f3n Mujeres Bienestar es equidad y justicia; &#8220;porque no s\u00f3lo es justicia la de los Tribunales, es tambi\u00e9n justicia para las mujeres mexicanas, porque hubo muchos a\u00f1os de desigualdad&#8221;.<\/p>\n<p>Agreg\u00f3 que desde la Presidencia de la Rep\u00fablica se lucha todos los d\u00edas por la soberan\u00eda, la independencia, la libertad, la justicia y la democracia; &#8220;tenemos principios (\u2026), tenemos una gran causa: por el bien de todos primero los pobres, esa sigue siendo nuestra causa, pues no queremos que haya pobreza y para eso hay que gobernar para el que menos tiene&#8221;, dijo Claudia Sheinbaum.<\/p>\n<p><img data-recalc-dims=\"1\" decoding=\"async\" class=\"alignnone  wp-image-21783\" src=\"https:\/\/i0.wp.com\/masquenoticias.mx\/wp-content\/uploads\/2026\/03\/WhatsApp-Image-2026-03-13-at-3.27.07-PM.jpeg?resize=281%2C422&#038;ssl=1\" alt=\"\" width=\"281\" height=\"422\" srcset=\"https:\/\/i0.wp.com\/masquenoticias.mx\/wp-content\/uploads\/2026\/03\/WhatsApp-Image-2026-03-13-at-3.27.07-PM.jpeg?resize=682%2C1024&amp;ssl=1 682w, https:\/\/i0.wp.com\/masquenoticias.mx\/wp-content\/uploads\/2026\/03\/WhatsApp-Image-2026-03-13-at-3.27.07-PM.jpeg?resize=200%2C300&amp;ssl=1 200w, https:\/\/i0.wp.com\/masquenoticias.mx\/wp-content\/uploads\/2026\/03\/WhatsApp-Image-2026-03-13-at-3.27.07-PM.jpeg?resize=768%2C1152&amp;ssl=1 768w, https:\/\/i0.wp.com\/masquenoticias.mx\/wp-content\/uploads\/2026\/03\/WhatsApp-Image-2026-03-13-at-3.27.07-PM.jpeg?resize=400%2C600&amp;ssl=1 400w, https:\/\/i0.wp.com\/masquenoticias.mx\/wp-content\/uploads\/2026\/03\/WhatsApp-Image-2026-03-13-at-3.27.07-PM.jpeg?w=853&amp;ssl=1 853w\" sizes=\"(max-width: 281px) 100vw, 281px\" \/> <img data-recalc-dims=\"1\" loading=\"lazy\" decoding=\"async\" class=\"alignnone size-large wp-image-21782\" src=\"https:\/\/i0.wp.com\/masquenoticias.mx\/wp-content\/uploads\/2026\/03\/WhatsApp-Image-2026-03-13-at-3.27.09-PM.jpeg?resize=640%2C426&#038;ssl=1\" alt=\"\" width=\"640\" height=\"426\" srcset=\"https:\/\/i0.wp.com\/masquenoticias.mx\/wp-content\/uploads\/2026\/03\/WhatsApp-Image-2026-03-13-at-3.27.09-PM.jpeg?resize=1024%2C682&amp;ssl=1 1024w, https:\/\/i0.wp.com\/masquenoticias.mx\/wp-content\/uploads\/2026\/03\/WhatsApp-Image-2026-03-13-at-3.27.09-PM.jpeg?resize=300%2C200&amp;ssl=1 300w, https:\/\/i0.wp.com\/masquenoticias.mx\/wp-content\/uploads\/2026\/03\/WhatsApp-Image-2026-03-13-at-3.27.09-PM.jpeg?resize=768%2C512&amp;ssl=1 768w, https:\/\/i0.wp.com\/masquenoticias.mx\/wp-content\/uploads\/2026\/03\/WhatsApp-Image-2026-03-13-at-3.27.09-PM.jpeg?w=1280&amp;ssl=1 1280w\" sizes=\"(max-width: 640px) 100vw, 640px\" \/><\/p>\n<p>La secretaria de las Mujeres del Gobierno de M\u00e9xico, Citlalli Hern\u00e1ndez Mora, se\u00f1al\u00f3 que con este tipo de apoyos se demuestra que el pa\u00eds est\u00e1 cambiando y que ahora se puede ir hablando de igualdad, construyendo un piso parejo en donde las mujeres nunca m\u00e1s ser\u00e1n menos que los hombres y es un reconocimiento a labor que han realizado las mujeres; mismo sentimiento que expres\u00f3 la secretaria de Bienestar, Ariadna Montiel Reyes: &#8220;esto nos va a llevar a que vivamos una vida plena de respeto a nuestros derechos&#8221;.<\/p>\n<p>A nombre de las beneficiarias colimenses, Amelia Pano Regalado agradeci\u00f3 a Claudia Sheinbaum y a Indira Vizca\u00edno el apoyo que se les otorga a trav\u00e9s de Pensi\u00f3n Mujeres Bienestar, ya que consider\u00f3 que es un gran aliciente para su econom\u00eda.<\/p>\n","protected":false},"excerpt":{"rendered":"<p>La gobernadora de Colima, Indira Vizca\u00edno Silva, particip\u00f3 en la entrega de la Pensi\u00f3n Mujeres Bienestar que encabez\u00f3 la presidenta de M\u00e9xico Claudia Sheinbaum Pardo este viernes en el Parque Metropolitano de Tecom\u00e1n; la mandataria estatal dijo que esta pensi\u00f3n es una pol\u00edtica de equidad y justicia; y destac\u00f3 que s\u00f3lo en este bimestre marzo-abril, [&hellip;]<\/p>\n","protected":false},"author":1,"featured_media":21784,"comment_status":"open","ping_status":"open","sticky":false,"template":"","format":"standard","meta":{"_jetpack_memberships_contains_paid_content":false,"footnotes":""},"categories":[24],"tags":[26,599],"class_list":["post-21780","post","type-post","status-publish","format-standard","has-post-thumbnail","hentry","category-estado","tag-indira-vizcaino","tag-sheinbaum"],"yoast_head":"<!-- This site is optimized with the Yoast SEO plugin v26.6 - https:\/\/yoast.com\/wordpress\/plugins\/seo\/ -->\n<title>Claudia Sheinbaum e Indira Vizca\u00edno coinciden en que Pensi\u00f3n Mujeres Bienestar es equidad y justicia - M\u00e1s Que Noticias<\/title>\n<meta name=\"robots\" content=\"index, follow, max-snippet:-1, max-image-preview:large, max-video-preview:-1\" \/>\n<link rel=\"canonical\" href=\"https:\/\/masquenoticias.mx\/index.php\/2026\/03\/13\/claudia-sheinbaum-e-indira-vizcaino-coinciden-en-que-pension-mujeres-bienestar-es-equidad-y-justicia\/\" \/>\n<meta property=\"og:locale\" content=\"es_MX\" \/>\n<meta property=\"og:type\" content=\"article\" \/>\n<meta property=\"og:title\" content=\"Claudia Sheinbaum e Indira Vizca\u00edno coinciden en que Pensi\u00f3n Mujeres Bienestar es equidad y justicia - M\u00e1s Que Noticias\" \/>\n<meta property=\"og:description\" content=\"La gobernadora de Colima, Indira Vizca\u00edno Silva, particip\u00f3 en la entrega de la Pensi\u00f3n Mujeres Bienestar que encabez\u00f3 la presidenta de M\u00e9xico Claudia Sheinbaum Pardo este viernes en el Parque Metropolitano de Tecom\u00e1n; la mandataria estatal dijo que esta pensi\u00f3n es una pol\u00edtica de equidad y justicia; y destac\u00f3 que s\u00f3lo en este bimestre marzo-abril, [&hellip;]\" \/>\n<meta property=\"og:url\" content=\"https:\/\/masquenoticias.mx\/index.php\/2026\/03\/13\/claudia-sheinbaum-e-indira-vizcaino-coinciden-en-que-pension-mujeres-bienestar-es-equidad-y-justicia\/\" \/>\n<meta property=\"og:site_name\" content=\"M\u00e1s Que Noticias\" \/>\n<meta property=\"article:publisher\" content=\"https:\/\/www.facebook.com\/masquenoticiascolima\" \/>\n<meta property=\"article:published_time\" content=\"2026-03-14T04:54:23+00:00\" \/>\n<meta property=\"og:image\" content=\"https:\/\/masquenoticias.mx\/wp-content\/uploads\/2026\/03\/WhatsApp-Image-2026-03-13-at-3.27.05-PM-1.jpeg\" \/>\n\t<meta property=\"og:image:width\" content=\"1280\" \/>\n\t<meta property=\"og:image:height\" content=\"853\" \/>\n\t<meta property=\"og:image:type\" content=\"image\/jpeg\" \/>\n<meta name=\"author\" content=\"Redacci\u00f3n\" \/>\n<meta name=\"twitter:card\" content=\"summary_large_image\" \/>\n<meta name=\"twitter:creator\" content=\"@edgartove\" \/>\n<meta name=\"twitter:site\" content=\"@edgartove\" \/>\n<meta name=\"twitter:label1\" content=\"Escrito por\" \/>\n\t<meta name=\"twitter:data1\" content=\"Redacci\u00f3n\" \/>\n\t<meta name=\"twitter:label2\" content=\"Tiempo de lectura\" \/>\n\t<meta name=\"twitter:data2\" content=\"3 minutos\" \/>\n<script type=\"application\/ld+json\" class=\"yoast-schema-graph\">{\"@context\":\"https:\/\/schema.org\",\"@graph\":[{\"@type\":\"Article\",\"@id\":\"https:\/\/masquenoticias.mx\/index.php\/2026\/03\/13\/claudia-sheinbaum-e-indira-vizcaino-coinciden-en-que-pension-mujeres-bienestar-es-equidad-y-justicia\/#article\",\"isPartOf\":{\"@id\":\"https:\/\/masquenoticias.mx\/index.php\/2026\/03\/13\/claudia-sheinbaum-e-indira-vizcaino-coinciden-en-que-pension-mujeres-bienestar-es-equidad-y-justicia\/\"},\"author\":{\"name\":\"Redacci\u00f3n\",\"@id\":\"https:\/\/masquenoticias.mx\/#\/schema\/person\/544d19989ef23d34615f691f7a96e622\"},\"headline\":\"Claudia Sheinbaum e Indira Vizca\u00edno coinciden en que Pensi\u00f3n Mujeres Bienestar es equidad y justicia\",\"datePublished\":\"2026-03-14T04:54:23+00:00\",\"mainEntityOfPage\":{\"@id\":\"https:\/\/masquenoticias.mx\/index.php\/2026\/03\/13\/claudia-sheinbaum-e-indira-vizcaino-coinciden-en-que-pension-mujeres-bienestar-es-equidad-y-justicia\/\"},\"wordCount\":438,\"commentCount\":0,\"publisher\":{\"@id\":\"https:\/\/masquenoticias.mx\/#organization\"},\"image\":{\"@id\":\"https:\/\/masquenoticias.mx\/index.php\/2026\/03\/13\/claudia-sheinbaum-e-indira-vizcaino-coinciden-en-que-pension-mujeres-bienestar-es-equidad-y-justicia\/#primaryimage\"},\"thumbnailUrl\":\"https:\/\/i0.wp.com\/masquenoticias.mx\/wp-content\/uploads\/2026\/03\/WhatsApp-Image-2026-03-13-at-3.27.05-PM-1.jpeg?fit=1280%2C853&ssl=1\",\"keywords\":[\"Indira Vizca\u00edno\",\"Sheinbaum\"],\"articleSection\":[\"Estado\"],\"inLanguage\":\"es\",\"potentialAction\":[{\"@type\":\"CommentAction\",\"name\":\"Comment\",\"target\":[\"https:\/\/masquenoticias.mx\/index.php\/2026\/03\/13\/claudia-sheinbaum-e-indira-vizcaino-coinciden-en-que-pension-mujeres-bienestar-es-equidad-y-justicia\/#respond\"]}]},{\"@type\":\"WebPage\",\"@id\":\"https:\/\/masquenoticias.mx\/index.php\/2026\/03\/13\/claudia-sheinbaum-e-indira-vizcaino-coinciden-en-que-pension-mujeres-bienestar-es-equidad-y-justicia\/\",\"url\":\"https:\/\/masquenoticias.mx\/index.php\/2026\/03\/13\/claudia-sheinbaum-e-indira-vizcaino-coinciden-en-que-pension-mujeres-bienestar-es-equidad-y-justicia\/\",\"name\":\"Claudia Sheinbaum e Indira Vizca\u00edno coinciden en que Pensi\u00f3n Mujeres Bienestar es equidad y justicia - M\u00e1s Que Noticias\",\"isPartOf\":{\"@id\":\"https:\/\/masquenoticias.mx\/#website\"},\"primaryImageOfPage\":{\"@id\":\"https:\/\/masquenoticias.mx\/index.php\/2026\/03\/13\/claudia-sheinbaum-e-indira-vizcaino-coinciden-en-que-pension-mujeres-bienestar-es-equidad-y-justicia\/#primaryimage\"},\"image\":{\"@id\":\"https:\/\/masquenoticias.mx\/index.php\/2026\/03\/13\/claudia-sheinbaum-e-indira-vizcaino-coinciden-en-que-pension-mujeres-bienestar-es-equidad-y-justicia\/#primaryimage\"},\"thumbnailUrl\":\"https:\/\/i0.wp.com\/masquenoticias.mx\/wp-content\/uploads\/2026\/03\/WhatsApp-Image-2026-03-13-at-3.27.05-PM-1.jpeg?fit=1280%2C853&ssl=1\",\"datePublished\":\"2026-03-14T04:54:23+00:00\",\"breadcrumb\":{\"@id\":\"https:\/\/masquenoticias.mx\/index.php\/2026\/03\/13\/claudia-sheinbaum-e-indira-vizcaino-coinciden-en-que-pension-mujeres-bienestar-es-equidad-y-justicia\/#breadcrumb\"},\"inLanguage\":\"es\",\"potentialAction\":[{\"@type\":\"ReadAction\",\"target\":[\"https:\/\/masquenoticias.mx\/index.php\/2026\/03\/13\/claudia-sheinbaum-e-indira-vizcaino-coinciden-en-que-pension-mujeres-bienestar-es-equidad-y-justicia\/\"]}]},{\"@type\":\"ImageObject\",\"inLanguage\":\"es\",\"@id\":\"https:\/\/masquenoticias.mx\/index.php\/2026\/03\/13\/claudia-sheinbaum-e-indira-vizcaino-coinciden-en-que-pension-mujeres-bienestar-es-equidad-y-justicia\/#primaryimage\",\"url\":\"https:\/\/i0.wp.com\/masquenoticias.mx\/wp-content\/uploads\/2026\/03\/WhatsApp-Image-2026-03-13-at-3.27.05-PM-1.jpeg?fit=1280%2C853&ssl=1\",\"contentUrl\":\"https:\/\/i0.wp.com\/masquenoticias.mx\/wp-content\/uploads\/2026\/03\/WhatsApp-Image-2026-03-13-at-3.27.05-PM-1.jpeg?fit=1280%2C853&ssl=1\",\"width\":1280,\"height\":853},{\"@type\":\"BreadcrumbList\",\"@id\":\"https:\/\/masquenoticias.mx\/index.php\/2026\/03\/13\/claudia-sheinbaum-e-indira-vizcaino-coinciden-en-que-pension-mujeres-bienestar-es-equidad-y-justicia\/#breadcrumb\",\"itemListElement\":[{\"@type\":\"ListItem\",\"position\":1,\"name\":\"Inicio\",\"item\":\"https:\/\/masquenoticias.mx\/\"},{\"@type\":\"ListItem\",\"position\":2,\"name\":\"Claudia Sheinbaum e Indira Vizca\u00edno coinciden en que Pensi\u00f3n Mujeres Bienestar es equidad y justicia\"}]},{\"@type\":\"WebSite\",\"@id\":\"https:\/\/masquenoticias.mx\/#website\",\"url\":\"https:\/\/masquenoticias.mx\/\",\"name\":\"M\u00e1s Que Noticias\",\"description\":\"Noticias de Colima, M\u00e9xico y el Mundo\",\"publisher\":{\"@id\":\"https:\/\/masquenoticias.mx\/#organization\"},\"potentialAction\":[{\"@type\":\"SearchAction\",\"target\":{\"@type\":\"EntryPoint\",\"urlTemplate\":\"https:\/\/masquenoticias.mx\/?s={search_term_string}\"},\"query-input\":{\"@type\":\"PropertyValueSpecification\",\"valueRequired\":true,\"valueName\":\"search_term_string\"}}],\"inLanguage\":\"es\"},{\"@type\":\"Organization\",\"@id\":\"https:\/\/masquenoticias.mx\/#organization\",\"name\":\"M\u00e1s Que Noticias\",\"url\":\"https:\/\/masquenoticias.mx\/\",\"logo\":{\"@type\":\"ImageObject\",\"inLanguage\":\"es\",\"@id\":\"https:\/\/masquenoticias.mx\/#\/schema\/logo\/image\/\",\"url\":\"https:\/\/i0.wp.com\/masquenoticias.mx\/wp-content\/uploads\/2024\/04\/IMG_0004.png?fit=2560%2C1656&ssl=1\",\"contentUrl\":\"https:\/\/i0.wp.com\/masquenoticias.mx\/wp-content\/uploads\/2024\/04\/IMG_0004.png?fit=2560%2C1656&ssl=1\",\"width\":2560,\"height\":1656,\"caption\":\"M\u00e1s Que Noticias\"},\"image\":{\"@id\":\"https:\/\/masquenoticias.mx\/#\/schema\/logo\/image\/\"},\"sameAs\":[\"https:\/\/www.facebook.com\/masquenoticiascolima\",\"https:\/\/x.com\/edgartove\",\"https:\/\/www.instagram.com\/masquenoticiascolima\/\"]},{\"@type\":\"Person\",\"@id\":\"https:\/\/masquenoticias.mx\/#\/schema\/person\/544d19989ef23d34615f691f7a96e622\",\"name\":\"Redacci\u00f3n\",\"image\":{\"@type\":\"ImageObject\",\"inLanguage\":\"es\",\"@id\":\"https:\/\/masquenoticias.mx\/#\/schema\/person\/image\/\",\"url\":\"https:\/\/secure.gravatar.com\/avatar\/7fcc926d5b058d3f3d52d95b4d05dd58?s=96&d=mm&r=g\",\"contentUrl\":\"https:\/\/secure.gravatar.com\/avatar\/7fcc926d5b058d3f3d52d95b4d05dd58?s=96&d=mm&r=g\",\"caption\":\"Redacci\u00f3n\"},\"sameAs\":[\"http:\/\/masquenoticias.mx\"],\"url\":\"https:\/\/masquenoticias.mx\/index.php\/author\/edgartovegmail-com\/\"}]}<\/script>\n<!-- \/ Yoast SEO plugin. -->","yoast_head_json":{"title":"Claudia Sheinbaum e Indira Vizca\u00edno coinciden en que Pensi\u00f3n Mujeres Bienestar es equidad y justicia - M\u00e1s Que Noticias","robots":{"index":"index","follow":"follow","max-snippet":"max-snippet:-1","max-image-preview":"max-image-preview:large","max-video-preview":"max-video-preview:-1"},"canonical":"https:\/\/masquenoticias.mx\/index.php\/2026\/03\/13\/claudia-sheinbaum-e-indira-vizcaino-coinciden-en-que-pension-mujeres-bienestar-es-equidad-y-justicia\/","og_locale":"es_MX","og_type":"article","og_title":"Claudia Sheinbaum e Indira Vizca\u00edno coinciden en que Pensi\u00f3n Mujeres Bienestar es equidad y justicia - M\u00e1s Que Noticias","og_description":"La gobernadora de Colima, Indira Vizca\u00edno Silva, particip\u00f3 en la entrega de la Pensi\u00f3n Mujeres Bienestar que encabez\u00f3 la presidenta de M\u00e9xico Claudia Sheinbaum Pardo este viernes en el Parque Metropolitano de Tecom\u00e1n; la mandataria estatal dijo que esta pensi\u00f3n es una pol\u00edtica de equidad y justicia; y destac\u00f3 que s\u00f3lo en este bimestre marzo-abril, [&hellip;]","og_url":"https:\/\/masquenoticias.mx\/index.php\/2026\/03\/13\/claudia-sheinbaum-e-indira-vizcaino-coinciden-en-que-pension-mujeres-bienestar-es-equidad-y-justicia\/","og_site_name":"M\u00e1s Que Noticias","article_publisher":"https:\/\/www.facebook.com\/masquenoticiascolima","article_published_time":"2026-03-14T04:54:23+00:00","og_image":[{"width":1280,"height":853,"url":"https:\/\/masquenoticias.mx\/wp-content\/uploads\/2026\/03\/WhatsApp-Image-2026-03-13-at-3.27.05-PM-1.jpeg","type":"image\/jpeg"}],"author":"Redacci\u00f3n","twitter_card":"summary_large_image","twitter_creator":"@edgartove","twitter_site":"@edgartove","twitter_misc":{"Escrito por":"Redacci\u00f3n","Tiempo de lectura":"3 minutos"},"schema":{"@context":"https:\/\/schema.org","@graph":[{"@type":"Article","@id":"https:\/\/masquenoticias.mx\/index.php\/2026\/03\/13\/claudia-sheinbaum-e-indira-vizcaino-coinciden-en-que-pension-mujeres-bienestar-es-equidad-y-justicia\/#article","isPartOf":{"@id":"https:\/\/masquenoticias.mx\/index.php\/2026\/03\/13\/claudia-sheinbaum-e-indira-vizcaino-coinciden-en-que-pension-mujeres-bienestar-es-equidad-y-justicia\/"},"author":{"name":"Redacci\u00f3n","@id":"https:\/\/masquenoticias.mx\/#\/schema\/person\/544d19989ef23d34615f691f7a96e622"},"headline":"Claudia Sheinbaum e Indira Vizca\u00edno coinciden en que Pensi\u00f3n Mujeres Bienestar es equidad y justicia","datePublished":"2026-03-14T04:54:23+00:00","mainEntityOfPage":{"@id":"https:\/\/masquenoticias.mx\/index.php\/2026\/03\/13\/claudia-sheinbaum-e-indira-vizcaino-coinciden-en-que-pension-mujeres-bienestar-es-equidad-y-justicia\/"},"wordCount":438,"commentCount":0,"publisher":{"@id":"https:\/\/masquenoticias.mx\/#organization"},"image":{"@id":"https:\/\/masquenoticias.mx\/index.php\/2026\/03\/13\/claudia-sheinbaum-e-indira-vizcaino-coinciden-en-que-pension-mujeres-bienestar-es-equidad-y-justicia\/#primaryimage"},"thumbnailUrl":"https:\/\/i0.wp.com\/masquenoticias.mx\/wp-content\/uploads\/2026\/03\/WhatsApp-Image-2026-03-13-at-3.27.05-PM-1.jpeg?fit=1280%2C853&ssl=1","keywords":["Indira Vizca\u00edno","Sheinbaum"],"articleSection":["Estado"],"inLanguage":"es","potentialAction":[{"@type":"CommentAction","name":"Comment","target":["https:\/\/masquenoticias.mx\/index.php\/2026\/03\/13\/claudia-sheinbaum-e-indira-vizcaino-coinciden-en-que-pension-mujeres-bienestar-es-equidad-y-justicia\/#respond"]}]},{"@type":"WebPage","@id":"https:\/\/masquenoticias.mx\/index.php\/2026\/03\/13\/claudia-sheinbaum-e-indira-vizcaino-coinciden-en-que-pension-mujeres-bienestar-es-equidad-y-justicia\/","url":"https:\/\/masquenoticias.mx\/index.php\/2026\/03\/13\/claudia-sheinbaum-e-indira-vizcaino-coinciden-en-que-pension-mujeres-bienestar-es-equidad-y-justicia\/","name":"Claudia Sheinbaum e Indira Vizca\u00edno coinciden en que Pensi\u00f3n Mujeres Bienestar es equidad y justicia - M\u00e1s Que Noticias","isPartOf":{"@id":"https:\/\/masquenoticias.mx\/#website"},"primaryImageOfPage":{"@id":"https:\/\/masquenoticias.mx\/index.php\/2026\/03\/13\/claudia-sheinbaum-e-indira-vizcaino-coinciden-en-que-pension-mujeres-bienestar-es-equidad-y-justicia\/#primaryimage"},"image":{"@id":"https:\/\/masquenoticias.mx\/index.php\/2026\/03\/13\/claudia-sheinbaum-e-indira-vizcaino-coinciden-en-que-pension-mujeres-bienestar-es-equidad-y-justicia\/#primaryimage"},"thumbnailUrl":"https:\/\/i0.wp.com\/masquenoticias.mx\/wp-content\/uploads\/2026\/03\/WhatsApp-Image-2026-03-13-at-3.27.05-PM-1.jpeg?fit=1280%2C853&ssl=1","datePublished":"2026-03-14T04:54:23+00:00","breadcrumb":{"@id":"https:\/\/masquenoticias.mx\/index.php\/2026\/03\/13\/claudia-sheinbaum-e-indira-vizcaino-coinciden-en-que-pension-mujeres-bienestar-es-equidad-y-justicia\/#breadcrumb"},"inLanguage":"es","potentialAction":[{"@type":"ReadAction","target":["https:\/\/masquenoticias.mx\/index.php\/2026\/03\/13\/claudia-sheinbaum-e-indira-vizcaino-coinciden-en-que-pension-mujeres-bienestar-es-equidad-y-justicia\/"]}]},{"@type":"ImageObject","inLanguage":"es","@id":"https:\/\/masquenoticias.mx\/index.php\/2026\/03\/13\/claudia-sheinbaum-e-indira-vizcaino-coinciden-en-que-pension-mujeres-bienestar-es-equidad-y-justicia\/#primaryimage","url":"https:\/\/i0.wp.com\/masquenoticias.mx\/wp-content\/uploads\/2026\/03\/WhatsApp-Image-2026-03-13-at-3.27.05-PM-1.jpeg?fit=1280%2C853&ssl=1","contentUrl":"https:\/\/i0.wp.com\/masquenoticias.mx\/wp-content\/uploads\/2026\/03\/WhatsApp-Image-2026-03-13-at-3.27.05-PM-1.jpeg?fit=1280%2C853&ssl=1","width":1280,"height":853},{"@type":"BreadcrumbList","@id":"https:\/\/masquenoticias.mx\/index.php\/2026\/03\/13\/claudia-sheinbaum-e-indira-vizcaino-coinciden-en-que-pension-mujeres-bienestar-es-equidad-y-justicia\/#breadcrumb","itemListElement":[{"@type":"ListItem","position":1,"name":"Inicio","item":"https:\/\/masquenoticias.mx\/"},{"@type":"ListItem","position":2,"name":"Claudia Sheinbaum e Indira Vizca\u00edno coinciden en que Pensi\u00f3n Mujeres Bienestar es equidad y justicia"}]},{"@type":"WebSite","@id":"https:\/\/masquenoticias.mx\/#website","url":"https:\/\/masquenoticias.mx\/","name":"M\u00e1s Que Noticias","description":"Noticias de Colima, M\u00e9xico y el Mundo","publisher":{"@id":"https:\/\/masquenoticias.mx\/#organization"},"potentialAction":[{"@type":"SearchAction","target":{"@type":"EntryPoint","urlTemplate":"https:\/\/masquenoticias.mx\/?s={search_term_string}"},"query-input":{"@type":"PropertyValueSpecification","valueRequired":true,"valueName":"search_term_string"}}],"inLanguage":"es"},{"@type":"Organization","@id":"https:\/\/masquenoticias.mx\/#organization","name":"M\u00e1s Que Noticias","url":"https:\/\/masquenoticias.mx\/","logo":{"@type":"ImageObject","inLanguage":"es","@id":"https:\/\/masquenoticias.mx\/#\/schema\/logo\/image\/","url":"https:\/\/i0.wp.com\/masquenoticias.mx\/wp-content\/uploads\/2024\/04\/IMG_0004.png?fit=2560%2C1656&ssl=1","contentUrl":"https:\/\/i0.wp.com\/masquenoticias.mx\/wp-content\/uploads\/2024\/04\/IMG_0004.png?fit=2560%2C1656&ssl=1","width":2560,"height":1656,"caption":"M\u00e1s Que Noticias"},"image":{"@id":"https:\/\/masquenoticias.mx\/#\/schema\/logo\/image\/"},"sameAs":["https:\/\/www.facebook.com\/masquenoticiascolima","https:\/\/x.com\/edgartove","https:\/\/www.instagram.com\/masquenoticiascolima\/"]},{"@type":"Person","@id":"https:\/\/masquenoticias.mx\/#\/schema\/person\/544d19989ef23d34615f691f7a96e622","name":"Redacci\u00f3n","image":{"@type":"ImageObject","inLanguage":"es","@id":"https:\/\/masquenoticias.mx\/#\/schema\/person\/image\/","url":"https:\/\/secure.gravatar.com\/avatar\/7fcc926d5b058d3f3d52d95b4d05dd58?s=96&d=mm&r=g","contentUrl":"https:\/\/secure.gravatar.com\/avatar\/7fcc926d5b058d3f3d52d95b4d05dd58?s=96&d=mm&r=g","caption":"Redacci\u00f3n"},"sameAs":["http:\/\/masquenoticias.mx"],"url":"https:\/\/masquenoticias.mx\/index.php\/author\/edgartovegmail-com\/"}]}},"jetpack_featured_media_url":"https:\/\/i0.wp.com\/masquenoticias.mx\/wp-content\/uploads\/2026\/03\/WhatsApp-Image-2026-03-13-at-3.27.05-PM-1.jpeg?fit=1280%2C853&ssl=1","blog_post_layout_featured_media_urls":{"thumbnail":["https:\/\/i0.wp.com\/masquenoticias.mx\/wp-content\/uploads\/2026\/03\/WhatsApp-Image-2026-03-13-at-3.27.05-PM-1.jpeg?resize=150%2C150&ssl=1",150,150,true],"full":["https:\/\/i0.wp.com\/masquenoticias.mx\/wp-content\/uploads\/2026\/03\/WhatsApp-Image-2026-03-13-at-3.27.05-PM-1.jpeg?fit=1280%2C853&ssl=1",1280,853,false]},"categories_names":{"24":{"name":"Estado","link":"https:\/\/masquenoticias.mx\/index.php\/category\/estado\/"}},"tags_names":{"26":{"name":"Indira Vizca\u00edno","link":"https:\/\/masquenoticias.mx\/index.php\/tag\/indira-vizcaino\/"},"599":{"name":"Sheinbaum","link":"https:\/\/masquenoticias.mx\/index.php\/tag\/sheinbaum\/"}},"comments_number":"0","wpmagazine_modules_lite_featured_media_urls":{"thumbnail":["https:\/\/i0.wp.com\/masquenoticias.mx\/wp-content\/uploads\/2026\/03\/WhatsApp-Image-2026-03-13-at-3.27.05-PM-1.jpeg?resize=150%2C150&ssl=1",150,150,true],"cvmm-medium":["https:\/\/i0.wp.com\/masquenoticias.mx\/wp-content\/uploads\/2026\/03\/WhatsApp-Image-2026-03-13-at-3.27.05-PM-1.jpeg?resize=300%2C300&ssl=1",300,300,true],"cvmm-medium-plus":["https:\/\/i0.wp.com\/masquenoticias.mx\/wp-content\/uploads\/2026\/03\/WhatsApp-Image-2026-03-13-at-3.27.05-PM-1.jpeg?resize=305%2C207&ssl=1",305,207,true],"cvmm-portrait":["https:\/\/i0.wp.com\/masquenoticias.mx\/wp-content\/uploads\/2026\/03\/WhatsApp-Image-2026-03-13-at-3.27.05-PM-1.jpeg?resize=400%2C600&ssl=1",400,600,true],"cvmm-medium-square":["https:\/\/i0.wp.com\/masquenoticias.mx\/wp-content\/uploads\/2026\/03\/WhatsApp-Image-2026-03-13-at-3.27.05-PM-1.jpeg?resize=600%2C600&ssl=1",600,600,true],"cvmm-large":["https:\/\/i0.wp.com\/masquenoticias.mx\/wp-content\/uploads\/2026\/03\/WhatsApp-Image-2026-03-13-at-3.27.05-PM-1.jpeg?resize=1024%2C853&ssl=1",1024,853,true],"cvmm-small":["https:\/\/i0.wp.com\/masquenoticias.mx\/wp-content\/uploads\/2026\/03\/WhatsApp-Image-2026-03-13-at-3.27.05-PM-1.jpeg?resize=130%2C95&ssl=1",130,95,true],"full":["https:\/\/i0.wp.com\/masquenoticias.mx\/wp-content\/uploads\/2026\/03\/WhatsApp-Image-2026-03-13-at-3.27.05-PM-1.jpeg?fit=1280%2C853&ssl=1",1280,853,false]},"jetpack-related-posts":[],"jetpack_sharing_enabled":true,"jetpack_likes_enabled":true,"jetpack_shortlink":"https:\/\/wp.me\/pf7pkt-5Fi","_links":{"self":[{"href":"https:\/\/masquenoticias.mx\/index.php\/wp-json\/wp\/v2\/posts\/21780","targetHints":{"allow":["GET"]}}],"collection":[{"href":"https:\/\/masquenoticias.mx\/index.php\/wp-json\/wp\/v2\/posts"}],"about":[{"href":"https:\/\/masquenoticias.mx\/index.php\/wp-json\/wp\/v2\/types\/post"}],"author":[{"embeddable":true,"href":"https:\/\/masquenoticias.mx\/index.php\/wp-json\/wp\/v2\/users\/1"}],"replies":[{"embeddable":true,"href":"https:\/\/masquenoticias.mx\/index.php\/wp-json\/wp\/v2\/comments?post=21780"}],"version-history":[{"count":1,"href":"https:\/\/masquenoticias.mx\/index.php\/wp-json\/wp\/v2\/posts\/21780\/revisions"}],"predecessor-version":[{"id":21787,"href":"https:\/\/masquenoticias.mx\/index.php\/wp-json\/wp\/v2\/posts\/21780\/revisions\/21787"}],"wp:featuredmedia":[{"embeddable":true,"href":"https:\/\/masquenoticias.mx\/index.php\/wp-json\/wp\/v2\/media\/21784"}],"wp:attachment":[{"href":"https:\/\/masquenoticias.mx\/index.php\/wp-json\/wp\/v2\/media?parent=21780"}],"wp:term":[{"taxonomy":"category","embeddable":true,"href":"https:\/\/masquenoticias.mx\/index.php\/wp-json\/wp\/v2\/categories?post=21780"},{"taxonomy":"post_tag","embeddable":true,"href":"https:\/\/masquenoticias.mx\/index.php\/wp-json\/wp\/v2\/tags?post=21780"}],"curies":[{"name":"wp","href":"https:\/\/api.w.org\/{rel}","templated":true}]}}