{"id":21777,"date":"2026-03-13T22:47:06","date_gmt":"2026-03-14T04:47:06","guid":{"rendered":"https:\/\/masquenoticias.mx\/?p=21777"},"modified":"2026-03-13T22:47:06","modified_gmt":"2026-03-14T04:47:06","slug":"obtiene-uepc-colima-primer-lugar-en-natacion-y-ciclismo-de-montana-en-el-triatlon-bomberil-de-cuastecomates","status":"publish","type":"post","link":"https:\/\/masquenoticias.mx\/index.php\/2026\/03\/13\/obtiene-uepc-colima-primer-lugar-en-natacion-y-ciclismo-de-montana-en-el-triatlon-bomberil-de-cuastecomates\/","title":{"rendered":"Obtiene UEPC Colima primer lugar en nataci\u00f3n y ciclismo de monta\u00f1a en el Triatl\u00f3n Bomberil de Cuastecomates"},"content":{"rendered":"<p>Este viernes se efectu\u00f3 la cuarta edici\u00f3n del #Triatl\u00f3nBomberil2026 en la playa Cuastecomates, donde el equipo de la Unidad Estatal de Protecci\u00f3n Civil (UEPC) del Gobierno del Estado de Colima destac\u00f3 al obtener primer lugar en las pruebas de nataci\u00f3n y ciclismo de monta\u00f1a, demostrando alto nivel de preparaci\u00f3n f\u00edsica y t\u00e9cnica ante competidores de corporaciones de emergencia. Gracias a su desempe\u00f1o conjunto, el equipo colimense logr\u00f3 adem\u00e1s segundo lugar general por equipos en esta exigente competencia.<\/p>\n<p>El equipo colimense es integrado por Mariel Olmos Jim\u00e9nez, en atletismo; Gabino Maldonado Estrada, en ciclismo de monta\u00f1a; y Jos\u00e9 Villa Rivera, en nataci\u00f3n. Colima se coloc\u00f3 en lo m\u00e1s alto del podio en nataci\u00f3n y ciclismo de monta\u00f1a, mientras que Mariel realiz\u00f3 excelente tiempo en la carrera, compitiendo en esta prueba frente a un var\u00f3n, lo que resalta a\u00fan m\u00e1s su destacada participaci\u00f3n. Los tres colimenses sobresalieron por su fuerza, preparaci\u00f3n f\u00edsica y fortaleza mental.<\/p>\n<p>La UEPC Colima reconoce el esfuerzo, compromiso y dedicaci\u00f3n del equipo colimense, cuyo desempe\u00f1o llena de orgullo a la instituci\u00f3n y motiva a todas y todos los elementos de Protecci\u00f3n Civil en el estado a continuar prepar\u00e1ndose y dando lo mejor de s\u00ed en favor de la poblaci\u00f3n. Se felicita al equipo de Cihuatl\u00e1n -ganador del certamen-, por su destacado desempe\u00f1o y por el alto nivel competitivo mostrado durante esta jornada deportiva. #Protecci\u00f3nCivilSomosTodasYTodos<\/p>\n","protected":false},"excerpt":{"rendered":"<p>Este viernes se efectu\u00f3 la cuarta edici\u00f3n del #Triatl\u00f3nBomberil2026 en la playa Cuastecomates, donde el equipo de la Unidad Estatal de Protecci\u00f3n Civil (UEPC) del Gobierno del Estado de Colima destac\u00f3 al obtener primer lugar en las pruebas de nataci\u00f3n y ciclismo de monta\u00f1a, demostrando alto nivel de preparaci\u00f3n f\u00edsica y t\u00e9cnica ante competidores de [&hellip;]<\/p>\n","protected":false},"author":1,"featured_media":21778,"comment_status":"open","ping_status":"open","sticky":false,"template":"","format":"standard","meta":{"_jetpack_memberships_contains_paid_content":false,"footnotes":""},"categories":[24],"tags":[240],"class_list":["post-21777","post","type-post","status-publish","format-standard","has-post-thumbnail","hentry","category-estado","tag-pc-estatal"],"yoast_head":"<!-- This site is optimized with the Yoast SEO plugin v26.6 - https:\/\/yoast.com\/wordpress\/plugins\/seo\/ -->\n<title>Obtiene UEPC Colima primer lugar en nataci\u00f3n y ciclismo de monta\u00f1a en el Triatl\u00f3n Bomberil de Cuastecomates - M\u00e1s Que Noticias<\/title>\n<meta name=\"robots\" content=\"index, follow, max-snippet:-1, max-image-preview:large, max-video-preview:-1\" \/>\n<link rel=\"canonical\" href=\"https:\/\/masquenoticias.mx\/index.php\/2026\/03\/13\/obtiene-uepc-colima-primer-lugar-en-natacion-y-ciclismo-de-montana-en-el-triatlon-bomberil-de-cuastecomates\/\" \/>\n<meta property=\"og:locale\" content=\"es_MX\" \/>\n<meta property=\"og:type\" content=\"article\" \/>\n<meta property=\"og:title\" content=\"Obtiene UEPC Colima primer lugar en nataci\u00f3n y ciclismo de monta\u00f1a en el Triatl\u00f3n Bomberil de Cuastecomates - M\u00e1s Que Noticias\" \/>\n<meta property=\"og:description\" content=\"Este viernes se efectu\u00f3 la cuarta edici\u00f3n del #Triatl\u00f3nBomberil2026 en la playa Cuastecomates, donde el equipo de la Unidad Estatal de Protecci\u00f3n Civil (UEPC) del Gobierno del Estado de Colima destac\u00f3 al obtener primer lugar en las pruebas de nataci\u00f3n y ciclismo de monta\u00f1a, demostrando alto nivel de preparaci\u00f3n f\u00edsica y t\u00e9cnica ante competidores de [&hellip;]\" \/>\n<meta property=\"og:url\" content=\"https:\/\/masquenoticias.mx\/index.php\/2026\/03\/13\/obtiene-uepc-colima-primer-lugar-en-natacion-y-ciclismo-de-montana-en-el-triatlon-bomberil-de-cuastecomates\/\" \/>\n<meta property=\"og:site_name\" content=\"M\u00e1s Que Noticias\" \/>\n<meta property=\"article:publisher\" content=\"https:\/\/www.facebook.com\/masquenoticiascolima\" \/>\n<meta property=\"article:published_time\" content=\"2026-03-14T04:47:06+00:00\" \/>\n<meta property=\"og:image\" content=\"https:\/\/masquenoticias.mx\/wp-content\/uploads\/2026\/03\/WhatsApp-Image-2026-03-13-at-2.13.39-PM-1.jpeg\" \/>\n\t<meta property=\"og:image:width\" content=\"1280\" \/>\n\t<meta property=\"og:image:height\" content=\"853\" \/>\n\t<meta property=\"og:image:type\" content=\"image\/jpeg\" \/>\n<meta name=\"author\" content=\"Redacci\u00f3n\" \/>\n<meta name=\"twitter:card\" content=\"summary_large_image\" \/>\n<meta name=\"twitter:creator\" content=\"@edgartove\" \/>\n<meta name=\"twitter:site\" content=\"@edgartove\" \/>\n<meta name=\"twitter:label1\" content=\"Escrito por\" \/>\n\t<meta name=\"twitter:data1\" content=\"Redacci\u00f3n\" \/>\n\t<meta name=\"twitter:label2\" content=\"Tiempo de lectura\" \/>\n\t<meta name=\"twitter:data2\" content=\"2 minutos\" \/>\n<script type=\"application\/ld+json\" class=\"yoast-schema-graph\">{\"@context\":\"https:\/\/schema.org\",\"@graph\":[{\"@type\":\"Article\",\"@id\":\"https:\/\/masquenoticias.mx\/index.php\/2026\/03\/13\/obtiene-uepc-colima-primer-lugar-en-natacion-y-ciclismo-de-montana-en-el-triatlon-bomberil-de-cuastecomates\/#article\",\"isPartOf\":{\"@id\":\"https:\/\/masquenoticias.mx\/index.php\/2026\/03\/13\/obtiene-uepc-colima-primer-lugar-en-natacion-y-ciclismo-de-montana-en-el-triatlon-bomberil-de-cuastecomates\/\"},\"author\":{\"name\":\"Redacci\u00f3n\",\"@id\":\"https:\/\/masquenoticias.mx\/#\/schema\/person\/544d19989ef23d34615f691f7a96e622\"},\"headline\":\"Obtiene UEPC Colima primer lugar en nataci\u00f3n y ciclismo de monta\u00f1a en el Triatl\u00f3n Bomberil de Cuastecomates\",\"datePublished\":\"2026-03-14T04:47:06+00:00\",\"mainEntityOfPage\":{\"@id\":\"https:\/\/masquenoticias.mx\/index.php\/2026\/03\/13\/obtiene-uepc-colima-primer-lugar-en-natacion-y-ciclismo-de-montana-en-el-triatlon-bomberil-de-cuastecomates\/\"},\"wordCount\":277,\"commentCount\":0,\"publisher\":{\"@id\":\"https:\/\/masquenoticias.mx\/#organization\"},\"image\":{\"@id\":\"https:\/\/masquenoticias.mx\/index.php\/2026\/03\/13\/obtiene-uepc-colima-primer-lugar-en-natacion-y-ciclismo-de-montana-en-el-triatlon-bomberil-de-cuastecomates\/#primaryimage\"},\"thumbnailUrl\":\"https:\/\/i0.wp.com\/masquenoticias.mx\/wp-content\/uploads\/2026\/03\/WhatsApp-Image-2026-03-13-at-2.13.39-PM-1.jpeg?fit=1280%2C853&ssl=1\",\"keywords\":[\"PC Estatal\"],\"articleSection\":[\"Estado\"],\"inLanguage\":\"es\",\"potentialAction\":[{\"@type\":\"CommentAction\",\"name\":\"Comment\",\"target\":[\"https:\/\/masquenoticias.mx\/index.php\/2026\/03\/13\/obtiene-uepc-colima-primer-lugar-en-natacion-y-ciclismo-de-montana-en-el-triatlon-bomberil-de-cuastecomates\/#respond\"]}]},{\"@type\":\"WebPage\",\"@id\":\"https:\/\/masquenoticias.mx\/index.php\/2026\/03\/13\/obtiene-uepc-colima-primer-lugar-en-natacion-y-ciclismo-de-montana-en-el-triatlon-bomberil-de-cuastecomates\/\",\"url\":\"https:\/\/masquenoticias.mx\/index.php\/2026\/03\/13\/obtiene-uepc-colima-primer-lugar-en-natacion-y-ciclismo-de-montana-en-el-triatlon-bomberil-de-cuastecomates\/\",\"name\":\"Obtiene UEPC Colima primer lugar en nataci\u00f3n y ciclismo de monta\u00f1a en el Triatl\u00f3n Bomberil de Cuastecomates - M\u00e1s Que Noticias\",\"isPartOf\":{\"@id\":\"https:\/\/masquenoticias.mx\/#website\"},\"primaryImageOfPage\":{\"@id\":\"https:\/\/masquenoticias.mx\/index.php\/2026\/03\/13\/obtiene-uepc-colima-primer-lugar-en-natacion-y-ciclismo-de-montana-en-el-triatlon-bomberil-de-cuastecomates\/#primaryimage\"},\"image\":{\"@id\":\"https:\/\/masquenoticias.mx\/index.php\/2026\/03\/13\/obtiene-uepc-colima-primer-lugar-en-natacion-y-ciclismo-de-montana-en-el-triatlon-bomberil-de-cuastecomates\/#primaryimage\"},\"thumbnailUrl\":\"https:\/\/i0.wp.com\/masquenoticias.mx\/wp-content\/uploads\/2026\/03\/WhatsApp-Image-2026-03-13-at-2.13.39-PM-1.jpeg?fit=1280%2C853&ssl=1\",\"datePublished\":\"2026-03-14T04:47:06+00:00\",\"breadcrumb\":{\"@id\":\"https:\/\/masquenoticias.mx\/index.php\/2026\/03\/13\/obtiene-uepc-colima-primer-lugar-en-natacion-y-ciclismo-de-montana-en-el-triatlon-bomberil-de-cuastecomates\/#breadcrumb\"},\"inLanguage\":\"es\",\"potentialAction\":[{\"@type\":\"ReadAction\",\"target\":[\"https:\/\/masquenoticias.mx\/index.php\/2026\/03\/13\/obtiene-uepc-colima-primer-lugar-en-natacion-y-ciclismo-de-montana-en-el-triatlon-bomberil-de-cuastecomates\/\"]}]},{\"@type\":\"ImageObject\",\"inLanguage\":\"es\",\"@id\":\"https:\/\/masquenoticias.mx\/index.php\/2026\/03\/13\/obtiene-uepc-colima-primer-lugar-en-natacion-y-ciclismo-de-montana-en-el-triatlon-bomberil-de-cuastecomates\/#primaryimage\",\"url\":\"https:\/\/i0.wp.com\/masquenoticias.mx\/wp-content\/uploads\/2026\/03\/WhatsApp-Image-2026-03-13-at-2.13.39-PM-1.jpeg?fit=1280%2C853&ssl=1\",\"contentUrl\":\"https:\/\/i0.wp.com\/masquenoticias.mx\/wp-content\/uploads\/2026\/03\/WhatsApp-Image-2026-03-13-at-2.13.39-PM-1.jpeg?fit=1280%2C853&ssl=1\",\"width\":1280,\"height\":853},{\"@type\":\"BreadcrumbList\",\"@id\":\"https:\/\/masquenoticias.mx\/index.php\/2026\/03\/13\/obtiene-uepc-colima-primer-lugar-en-natacion-y-ciclismo-de-montana-en-el-triatlon-bomberil-de-cuastecomates\/#breadcrumb\",\"itemListElement\":[{\"@type\":\"ListItem\",\"position\":1,\"name\":\"Inicio\",\"item\":\"https:\/\/masquenoticias.mx\/\"},{\"@type\":\"ListItem\",\"position\":2,\"name\":\"Obtiene UEPC Colima primer lugar en nataci\u00f3n y ciclismo de monta\u00f1a en el Triatl\u00f3n Bomberil de Cuastecomates\"}]},{\"@type\":\"WebSite\",\"@id\":\"https:\/\/masquenoticias.mx\/#website\",\"url\":\"https:\/\/masquenoticias.mx\/\",\"name\":\"M\u00e1s Que Noticias\",\"description\":\"Noticias de Colima, M\u00e9xico y el Mundo\",\"publisher\":{\"@id\":\"https:\/\/masquenoticias.mx\/#organization\"},\"potentialAction\":[{\"@type\":\"SearchAction\",\"target\":{\"@type\":\"EntryPoint\",\"urlTemplate\":\"https:\/\/masquenoticias.mx\/?s={search_term_string}\"},\"query-input\":{\"@type\":\"PropertyValueSpecification\",\"valueRequired\":true,\"valueName\":\"search_term_string\"}}],\"inLanguage\":\"es\"},{\"@type\":\"Organization\",\"@id\":\"https:\/\/masquenoticias.mx\/#organization\",\"name\":\"M\u00e1s Que Noticias\",\"url\":\"https:\/\/masquenoticias.mx\/\",\"logo\":{\"@type\":\"ImageObject\",\"inLanguage\":\"es\",\"@id\":\"https:\/\/masquenoticias.mx\/#\/schema\/logo\/image\/\",\"url\":\"https:\/\/i0.wp.com\/masquenoticias.mx\/wp-content\/uploads\/2024\/04\/IMG_0004.png?fit=2560%2C1656&ssl=1\",\"contentUrl\":\"https:\/\/i0.wp.com\/masquenoticias.mx\/wp-content\/uploads\/2024\/04\/IMG_0004.png?fit=2560%2C1656&ssl=1\",\"width\":2560,\"height\":1656,\"caption\":\"M\u00e1s Que Noticias\"},\"image\":{\"@id\":\"https:\/\/masquenoticias.mx\/#\/schema\/logo\/image\/\"},\"sameAs\":[\"https:\/\/www.facebook.com\/masquenoticiascolima\",\"https:\/\/x.com\/edgartove\",\"https:\/\/www.instagram.com\/masquenoticiascolima\/\"]},{\"@type\":\"Person\",\"@id\":\"https:\/\/masquenoticias.mx\/#\/schema\/person\/544d19989ef23d34615f691f7a96e622\",\"name\":\"Redacci\u00f3n\",\"image\":{\"@type\":\"ImageObject\",\"inLanguage\":\"es\",\"@id\":\"https:\/\/masquenoticias.mx\/#\/schema\/person\/image\/\",\"url\":\"https:\/\/secure.gravatar.com\/avatar\/7fcc926d5b058d3f3d52d95b4d05dd58?s=96&d=mm&r=g\",\"contentUrl\":\"https:\/\/secure.gravatar.com\/avatar\/7fcc926d5b058d3f3d52d95b4d05dd58?s=96&d=mm&r=g\",\"caption\":\"Redacci\u00f3n\"},\"sameAs\":[\"http:\/\/masquenoticias.mx\"],\"url\":\"https:\/\/masquenoticias.mx\/index.php\/author\/edgartovegmail-com\/\"}]}<\/script>\n<!-- \/ Yoast SEO plugin. -->","yoast_head_json":{"title":"Obtiene UEPC Colima primer lugar en nataci\u00f3n y ciclismo de monta\u00f1a en el Triatl\u00f3n Bomberil de Cuastecomates - M\u00e1s Que Noticias","robots":{"index":"index","follow":"follow","max-snippet":"max-snippet:-1","max-image-preview":"max-image-preview:large","max-video-preview":"max-video-preview:-1"},"canonical":"https:\/\/masquenoticias.mx\/index.php\/2026\/03\/13\/obtiene-uepc-colima-primer-lugar-en-natacion-y-ciclismo-de-montana-en-el-triatlon-bomberil-de-cuastecomates\/","og_locale":"es_MX","og_type":"article","og_title":"Obtiene UEPC Colima primer lugar en nataci\u00f3n y ciclismo de monta\u00f1a en el Triatl\u00f3n Bomberil de Cuastecomates - M\u00e1s Que Noticias","og_description":"Este viernes se efectu\u00f3 la cuarta edici\u00f3n del #Triatl\u00f3nBomberil2026 en la playa Cuastecomates, donde el equipo de la Unidad Estatal de Protecci\u00f3n Civil (UEPC) del Gobierno del Estado de Colima destac\u00f3 al obtener primer lugar en las pruebas de nataci\u00f3n y ciclismo de monta\u00f1a, demostrando alto nivel de preparaci\u00f3n f\u00edsica y t\u00e9cnica ante competidores de [&hellip;]","og_url":"https:\/\/masquenoticias.mx\/index.php\/2026\/03\/13\/obtiene-uepc-colima-primer-lugar-en-natacion-y-ciclismo-de-montana-en-el-triatlon-bomberil-de-cuastecomates\/","og_site_name":"M\u00e1s Que Noticias","article_publisher":"https:\/\/www.facebook.com\/masquenoticiascolima","article_published_time":"2026-03-14T04:47:06+00:00","og_image":[{"width":1280,"height":853,"url":"https:\/\/masquenoticias.mx\/wp-content\/uploads\/2026\/03\/WhatsApp-Image-2026-03-13-at-2.13.39-PM-1.jpeg","type":"image\/jpeg"}],"author":"Redacci\u00f3n","twitter_card":"summary_large_image","twitter_creator":"@edgartove","twitter_site":"@edgartove","twitter_misc":{"Escrito por":"Redacci\u00f3n","Tiempo de lectura":"2 minutos"},"schema":{"@context":"https:\/\/schema.org","@graph":[{"@type":"Article","@id":"https:\/\/masquenoticias.mx\/index.php\/2026\/03\/13\/obtiene-uepc-colima-primer-lugar-en-natacion-y-ciclismo-de-montana-en-el-triatlon-bomberil-de-cuastecomates\/#article","isPartOf":{"@id":"https:\/\/masquenoticias.mx\/index.php\/2026\/03\/13\/obtiene-uepc-colima-primer-lugar-en-natacion-y-ciclismo-de-montana-en-el-triatlon-bomberil-de-cuastecomates\/"},"author":{"name":"Redacci\u00f3n","@id":"https:\/\/masquenoticias.mx\/#\/schema\/person\/544d19989ef23d34615f691f7a96e622"},"headline":"Obtiene UEPC Colima primer lugar en nataci\u00f3n y ciclismo de monta\u00f1a en el Triatl\u00f3n Bomberil de Cuastecomates","datePublished":"2026-03-14T04:47:06+00:00","mainEntityOfPage":{"@id":"https:\/\/masquenoticias.mx\/index.php\/2026\/03\/13\/obtiene-uepc-colima-primer-lugar-en-natacion-y-ciclismo-de-montana-en-el-triatlon-bomberil-de-cuastecomates\/"},"wordCount":277,"commentCount":0,"publisher":{"@id":"https:\/\/masquenoticias.mx\/#organization"},"image":{"@id":"https:\/\/masquenoticias.mx\/index.php\/2026\/03\/13\/obtiene-uepc-colima-primer-lugar-en-natacion-y-ciclismo-de-montana-en-el-triatlon-bomberil-de-cuastecomates\/#primaryimage"},"thumbnailUrl":"https:\/\/i0.wp.com\/masquenoticias.mx\/wp-content\/uploads\/2026\/03\/WhatsApp-Image-2026-03-13-at-2.13.39-PM-1.jpeg?fit=1280%2C853&ssl=1","keywords":["PC Estatal"],"articleSection":["Estado"],"inLanguage":"es","potentialAction":[{"@type":"CommentAction","name":"Comment","target":["https:\/\/masquenoticias.mx\/index.php\/2026\/03\/13\/obtiene-uepc-colima-primer-lugar-en-natacion-y-ciclismo-de-montana-en-el-triatlon-bomberil-de-cuastecomates\/#respond"]}]},{"@type":"WebPage","@id":"https:\/\/masquenoticias.mx\/index.php\/2026\/03\/13\/obtiene-uepc-colima-primer-lugar-en-natacion-y-ciclismo-de-montana-en-el-triatlon-bomberil-de-cuastecomates\/","url":"https:\/\/masquenoticias.mx\/index.php\/2026\/03\/13\/obtiene-uepc-colima-primer-lugar-en-natacion-y-ciclismo-de-montana-en-el-triatlon-bomberil-de-cuastecomates\/","name":"Obtiene UEPC Colima primer lugar en nataci\u00f3n y ciclismo de monta\u00f1a en el Triatl\u00f3n Bomberil de Cuastecomates - M\u00e1s Que Noticias","isPartOf":{"@id":"https:\/\/masquenoticias.mx\/#website"},"primaryImageOfPage":{"@id":"https:\/\/masquenoticias.mx\/index.php\/2026\/03\/13\/obtiene-uepc-colima-primer-lugar-en-natacion-y-ciclismo-de-montana-en-el-triatlon-bomberil-de-cuastecomates\/#primaryimage"},"image":{"@id":"https:\/\/masquenoticias.mx\/index.php\/2026\/03\/13\/obtiene-uepc-colima-primer-lugar-en-natacion-y-ciclismo-de-montana-en-el-triatlon-bomberil-de-cuastecomates\/#primaryimage"},"thumbnailUrl":"https:\/\/i0.wp.com\/masquenoticias.mx\/wp-content\/uploads\/2026\/03\/WhatsApp-Image-2026-03-13-at-2.13.39-PM-1.jpeg?fit=1280%2C853&ssl=1","datePublished":"2026-03-14T04:47:06+00:00","breadcrumb":{"@id":"https:\/\/masquenoticias.mx\/index.php\/2026\/03\/13\/obtiene-uepc-colima-primer-lugar-en-natacion-y-ciclismo-de-montana-en-el-triatlon-bomberil-de-cuastecomates\/#breadcrumb"},"inLanguage":"es","potentialAction":[{"@type":"ReadAction","target":["https:\/\/masquenoticias.mx\/index.php\/2026\/03\/13\/obtiene-uepc-colima-primer-lugar-en-natacion-y-ciclismo-de-montana-en-el-triatlon-bomberil-de-cuastecomates\/"]}]},{"@type":"ImageObject","inLanguage":"es","@id":"https:\/\/masquenoticias.mx\/index.php\/2026\/03\/13\/obtiene-uepc-colima-primer-lugar-en-natacion-y-ciclismo-de-montana-en-el-triatlon-bomberil-de-cuastecomates\/#primaryimage","url":"https:\/\/i0.wp.com\/masquenoticias.mx\/wp-content\/uploads\/2026\/03\/WhatsApp-Image-2026-03-13-at-2.13.39-PM-1.jpeg?fit=1280%2C853&ssl=1","contentUrl":"https:\/\/i0.wp.com\/masquenoticias.mx\/wp-content\/uploads\/2026\/03\/WhatsApp-Image-2026-03-13-at-2.13.39-PM-1.jpeg?fit=1280%2C853&ssl=1","width":1280,"height":853},{"@type":"BreadcrumbList","@id":"https:\/\/masquenoticias.mx\/index.php\/2026\/03\/13\/obtiene-uepc-colima-primer-lugar-en-natacion-y-ciclismo-de-montana-en-el-triatlon-bomberil-de-cuastecomates\/#breadcrumb","itemListElement":[{"@type":"ListItem","position":1,"name":"Inicio","item":"https:\/\/masquenoticias.mx\/"},{"@type":"ListItem","position":2,"name":"Obtiene UEPC Colima primer lugar en nataci\u00f3n y ciclismo de monta\u00f1a en el Triatl\u00f3n Bomberil de Cuastecomates"}]},{"@type":"WebSite","@id":"https:\/\/masquenoticias.mx\/#website","url":"https:\/\/masquenoticias.mx\/","name":"M\u00e1s Que Noticias","description":"Noticias de Colima, M\u00e9xico y el Mundo","publisher":{"@id":"https:\/\/masquenoticias.mx\/#organization"},"potentialAction":[{"@type":"SearchAction","target":{"@type":"EntryPoint","urlTemplate":"https:\/\/masquenoticias.mx\/?s={search_term_string}"},"query-input":{"@type":"PropertyValueSpecification","valueRequired":true,"valueName":"search_term_string"}}],"inLanguage":"es"},{"@type":"Organization","@id":"https:\/\/masquenoticias.mx\/#organization","name":"M\u00e1s Que Noticias","url":"https:\/\/masquenoticias.mx\/","logo":{"@type":"ImageObject","inLanguage":"es","@id":"https:\/\/masquenoticias.mx\/#\/schema\/logo\/image\/","url":"https:\/\/i0.wp.com\/masquenoticias.mx\/wp-content\/uploads\/2024\/04\/IMG_0004.png?fit=2560%2C1656&ssl=1","contentUrl":"https:\/\/i0.wp.com\/masquenoticias.mx\/wp-content\/uploads\/2024\/04\/IMG_0004.png?fit=2560%2C1656&ssl=1","width":2560,"height":1656,"caption":"M\u00e1s Que Noticias"},"image":{"@id":"https:\/\/masquenoticias.mx\/#\/schema\/logo\/image\/"},"sameAs":["https:\/\/www.facebook.com\/masquenoticiascolima","https:\/\/x.com\/edgartove","https:\/\/www.instagram.com\/masquenoticiascolima\/"]},{"@type":"Person","@id":"https:\/\/masquenoticias.mx\/#\/schema\/person\/544d19989ef23d34615f691f7a96e622","name":"Redacci\u00f3n","image":{"@type":"ImageObject","inLanguage":"es","@id":"https:\/\/masquenoticias.mx\/#\/schema\/person\/image\/","url":"https:\/\/secure.gravatar.com\/avatar\/7fcc926d5b058d3f3d52d95b4d05dd58?s=96&d=mm&r=g","contentUrl":"https:\/\/secure.gravatar.com\/avatar\/7fcc926d5b058d3f3d52d95b4d05dd58?s=96&d=mm&r=g","caption":"Redacci\u00f3n"},"sameAs":["http:\/\/masquenoticias.mx"],"url":"https:\/\/masquenoticias.mx\/index.php\/author\/edgartovegmail-com\/"}]}},"jetpack_featured_media_url":"https:\/\/i0.wp.com\/masquenoticias.mx\/wp-content\/uploads\/2026\/03\/WhatsApp-Image-2026-03-13-at-2.13.39-PM-1.jpeg?fit=1280%2C853&ssl=1","blog_post_layout_featured_media_urls":{"thumbnail":["https:\/\/i0.wp.com\/masquenoticias.mx\/wp-content\/uploads\/2026\/03\/WhatsApp-Image-2026-03-13-at-2.13.39-PM-1.jpeg?resize=150%2C150&ssl=1",150,150,true],"full":["https:\/\/i0.wp.com\/masquenoticias.mx\/wp-content\/uploads\/2026\/03\/WhatsApp-Image-2026-03-13-at-2.13.39-PM-1.jpeg?fit=1280%2C853&ssl=1",1280,853,false]},"categories_names":{"24":{"name":"Estado","link":"https:\/\/masquenoticias.mx\/index.php\/category\/estado\/"}},"tags_names":{"240":{"name":"PC Estatal","link":"https:\/\/masquenoticias.mx\/index.php\/tag\/pc-estatal\/"}},"comments_number":"0","wpmagazine_modules_lite_featured_media_urls":{"thumbnail":["https:\/\/i0.wp.com\/masquenoticias.mx\/wp-content\/uploads\/2026\/03\/WhatsApp-Image-2026-03-13-at-2.13.39-PM-1.jpeg?resize=150%2C150&ssl=1",150,150,true],"cvmm-medium":["https:\/\/i0.wp.com\/masquenoticias.mx\/wp-content\/uploads\/2026\/03\/WhatsApp-Image-2026-03-13-at-2.13.39-PM-1.jpeg?resize=300%2C300&ssl=1",300,300,true],"cvmm-medium-plus":["https:\/\/i0.wp.com\/masquenoticias.mx\/wp-content\/uploads\/2026\/03\/WhatsApp-Image-2026-03-13-at-2.13.39-PM-1.jpeg?resize=305%2C207&ssl=1",305,207,true],"cvmm-portrait":["https:\/\/i0.wp.com\/masquenoticias.mx\/wp-content\/uploads\/2026\/03\/WhatsApp-Image-2026-03-13-at-2.13.39-PM-1.jpeg?resize=400%2C600&ssl=1",400,600,true],"cvmm-medium-square":["https:\/\/i0.wp.com\/masquenoticias.mx\/wp-content\/uploads\/2026\/03\/WhatsApp-Image-2026-03-13-at-2.13.39-PM-1.jpeg?resize=600%2C600&ssl=1",600,600,true],"cvmm-large":["https:\/\/i0.wp.com\/masquenoticias.mx\/wp-content\/uploads\/2026\/03\/WhatsApp-Image-2026-03-13-at-2.13.39-PM-1.jpeg?resize=1024%2C853&ssl=1",1024,853,true],"cvmm-small":["https:\/\/i0.wp.com\/masquenoticias.mx\/wp-content\/uploads\/2026\/03\/WhatsApp-Image-2026-03-13-at-2.13.39-PM-1.jpeg?resize=130%2C95&ssl=1",130,95,true],"full":["https:\/\/i0.wp.com\/masquenoticias.mx\/wp-content\/uploads\/2026\/03\/WhatsApp-Image-2026-03-13-at-2.13.39-PM-1.jpeg?fit=1280%2C853&ssl=1",1280,853,false]},"jetpack-related-posts":[],"jetpack_sharing_enabled":true,"jetpack_likes_enabled":true,"jetpack_shortlink":"https:\/\/wp.me\/pf7pkt-5Ff","_links":{"self":[{"href":"https:\/\/masquenoticias.mx\/index.php\/wp-json\/wp\/v2\/posts\/21777","targetHints":{"allow":["GET"]}}],"collection":[{"href":"https:\/\/masquenoticias.mx\/index.php\/wp-json\/wp\/v2\/posts"}],"about":[{"href":"https:\/\/masquenoticias.mx\/index.php\/wp-json\/wp\/v2\/types\/post"}],"author":[{"embeddable":true,"href":"https:\/\/masquenoticias.mx\/index.php\/wp-json\/wp\/v2\/users\/1"}],"replies":[{"embeddable":true,"href":"https:\/\/masquenoticias.mx\/index.php\/wp-json\/wp\/v2\/comments?post=21777"}],"version-history":[{"count":1,"href":"https:\/\/masquenoticias.mx\/index.php\/wp-json\/wp\/v2\/posts\/21777\/revisions"}],"predecessor-version":[{"id":21779,"href":"https:\/\/masquenoticias.mx\/index.php\/wp-json\/wp\/v2\/posts\/21777\/revisions\/21779"}],"wp:featuredmedia":[{"embeddable":true,"href":"https:\/\/masquenoticias.mx\/index.php\/wp-json\/wp\/v2\/media\/21778"}],"wp:attachment":[{"href":"https:\/\/masquenoticias.mx\/index.php\/wp-json\/wp\/v2\/media?parent=21777"}],"wp:term":[{"taxonomy":"category","embeddable":true,"href":"https:\/\/masquenoticias.mx\/index.php\/wp-json\/wp\/v2\/categories?post=21777"},{"taxonomy":"post_tag","embeddable":true,"href":"https:\/\/masquenoticias.mx\/index.php\/wp-json\/wp\/v2\/tags?post=21777"}],"curies":[{"name":"wp","href":"https:\/\/api.w.org\/{rel}","templated":true}]}}