{"id":21771,"date":"2026-03-13T22:37:50","date_gmt":"2026-03-14T04:37:50","guid":{"rendered":"https:\/\/masquenoticias.mx\/?p=21771"},"modified":"2026-03-13T22:37:50","modified_gmt":"2026-03-14T04:37:50","slug":"gobierno-del-estado-de-colima-y-de-jalisco-impulsan-intercambio-artistico-para-enriquecer-la-vida-cultural-de-ambas-entidades","status":"publish","type":"post","link":"https:\/\/masquenoticias.mx\/index.php\/2026\/03\/13\/gobierno-del-estado-de-colima-y-de-jalisco-impulsan-intercambio-artistico-para-enriquecer-la-vida-cultural-de-ambas-entidades\/","title":{"rendered":"Gobierno del Estado de Colima y de Jalisco impulsan intercambio art\u00edstico para enriquecer la vida cultural de ambas entidades"},"content":{"rendered":"<p>El subsecretario de Cultura del Gobierno del Estado de Colima, Juan Jos\u00e9 Arias Orozco, sostuvo una reuni\u00f3n de trabajo con Luis Gerardo Ascencio Rubio, titular de la Secretar\u00eda de Cultura de Jalisco, para profundizar el intercambio cultural entre ambas entidades, buscando fortalecer el desarrollo art\u00edstico y el impulso de las expresiones culturales en la regi\u00f3n Occidente de nuestro pa\u00eds.<\/p>\n<p>La pol\u00edtica cultural impulsada por la gobernadora Indira Vizca\u00edno Silva encomienda ampliar la vinculaci\u00f3n regional y fortalecer el acceso al arte y la cultura para todas y todos, por lo que durante este encuentro se concret\u00f3 la creaci\u00f3n de un programa de intercambio art\u00edstico y cultural que pondr\u00e1 a disposici\u00f3n del estado de Colima diversos grupos y proyectos jaliscienses de teatro, danza, m\u00fasica, artes visuales y literatura, y, en reciprocidad, artistas colimenses enriquecer\u00e1n la cartelera cultural en la capital tapat\u00eda.<\/p>\n<p>Tambi\u00e9n se analiz\u00f3 la construcci\u00f3n de un Circuito Regional de Colaboraci\u00f3n Art\u00edstica que articule la zona metropolitana de Guadalajara y Zapopan, el sur de Jalisco con Ciudad Guzm\u00e1n, as\u00ed como los municipios de Colima, Villa de \u00c1lvarez y Manzanillo, para generar una red de intercambio y divulgaci\u00f3n del arte y la cultura en el Pac\u00edfico, optimizando el aprovechamiento de recursos federales destinados a la cultura, propiciando el desarrollo de programas de coedici\u00f3n de obras, orientados al rescate de autores fundamentales de la literatura mexicana como a la difusi\u00f3n de escritores contempor\u00e1neos, as\u00ed como la historia y el legado cultural de esta zona del pa\u00eds.<\/p>\n<p>Este acercamiento abre la puerta a nuevas alianzas estrat\u00e9gicas que fortalezcan la circulaci\u00f3n art\u00edstica, la colaboraci\u00f3n interinstitucional y la proyecci\u00f3n cultural de los estados de Colima y Jalisco, as\u00ed como publicaciones editoriales que contribuyan a enriquecer a ambas entidades, con la visi\u00f3n de seguir consolidando al arte y la cultura como puente de encuentro y desarrollo integral para las comunidades de esta regi\u00f3n tan rica en identidad art\u00edstica y cultural.<\/p>\n","protected":false},"excerpt":{"rendered":"<p>El subsecretario de Cultura del Gobierno del Estado de Colima, Juan Jos\u00e9 Arias Orozco, sostuvo una reuni\u00f3n de trabajo con Luis Gerardo Ascencio Rubio, titular de la Secretar\u00eda de Cultura de Jalisco, para profundizar el intercambio cultural entre ambas entidades, buscando fortalecer el desarrollo art\u00edstico y el impulso de las expresiones culturales en la regi\u00f3n [&hellip;]<\/p>\n","protected":false},"author":1,"featured_media":21772,"comment_status":"open","ping_status":"open","sticky":false,"template":"","format":"standard","meta":{"_jetpack_memberships_contains_paid_content":false,"footnotes":""},"categories":[24],"tags":[118],"class_list":["post-21771","post","type-post","status-publish","format-standard","has-post-thumbnail","hentry","category-estado","tag-cultura"],"yoast_head":"<!-- This site is optimized with the Yoast SEO plugin v26.6 - https:\/\/yoast.com\/wordpress\/plugins\/seo\/ -->\n<title>Gobierno del Estado de Colima y de Jalisco impulsan intercambio art\u00edstico para enriquecer la vida cultural de ambas entidades - M\u00e1s Que Noticias<\/title>\n<meta name=\"robots\" content=\"index, follow, max-snippet:-1, max-image-preview:large, max-video-preview:-1\" \/>\n<link rel=\"canonical\" href=\"https:\/\/masquenoticias.mx\/index.php\/2026\/03\/13\/gobierno-del-estado-de-colima-y-de-jalisco-impulsan-intercambio-artistico-para-enriquecer-la-vida-cultural-de-ambas-entidades\/\" \/>\n<meta property=\"og:locale\" content=\"es_MX\" \/>\n<meta property=\"og:type\" content=\"article\" \/>\n<meta property=\"og:title\" content=\"Gobierno del Estado de Colima y de Jalisco impulsan intercambio art\u00edstico para enriquecer la vida cultural de ambas entidades - M\u00e1s Que Noticias\" \/>\n<meta property=\"og:description\" content=\"El subsecretario de Cultura del Gobierno del Estado de Colima, Juan Jos\u00e9 Arias Orozco, sostuvo una reuni\u00f3n de trabajo con Luis Gerardo Ascencio Rubio, titular de la Secretar\u00eda de Cultura de Jalisco, para profundizar el intercambio cultural entre ambas entidades, buscando fortalecer el desarrollo art\u00edstico y el impulso de las expresiones culturales en la regi\u00f3n [&hellip;]\" \/>\n<meta property=\"og:url\" content=\"https:\/\/masquenoticias.mx\/index.php\/2026\/03\/13\/gobierno-del-estado-de-colima-y-de-jalisco-impulsan-intercambio-artistico-para-enriquecer-la-vida-cultural-de-ambas-entidades\/\" \/>\n<meta property=\"og:site_name\" content=\"M\u00e1s Que Noticias\" \/>\n<meta property=\"article:publisher\" content=\"https:\/\/www.facebook.com\/masquenoticiascolima\" \/>\n<meta property=\"article:published_time\" content=\"2026-03-14T04:37:50+00:00\" \/>\n<meta property=\"og:image\" content=\"https:\/\/masquenoticias.mx\/wp-content\/uploads\/2026\/03\/WhatsApp-Image-2026-03-13-at-1.19.30-PM.jpeg\" \/>\n\t<meta property=\"og:image:width\" content=\"1024\" \/>\n\t<meta property=\"og:image:height\" content=\"683\" \/>\n\t<meta property=\"og:image:type\" content=\"image\/jpeg\" \/>\n<meta name=\"author\" content=\"Redacci\u00f3n\" \/>\n<meta name=\"twitter:card\" content=\"summary_large_image\" \/>\n<meta name=\"twitter:creator\" content=\"@edgartove\" \/>\n<meta name=\"twitter:site\" content=\"@edgartove\" \/>\n<meta name=\"twitter:label1\" content=\"Escrito por\" \/>\n\t<meta name=\"twitter:data1\" content=\"Redacci\u00f3n\" \/>\n\t<meta name=\"twitter:label2\" content=\"Tiempo de lectura\" \/>\n\t<meta name=\"twitter:data2\" content=\"2 minutos\" \/>\n<script type=\"application\/ld+json\" class=\"yoast-schema-graph\">{\"@context\":\"https:\/\/schema.org\",\"@graph\":[{\"@type\":\"Article\",\"@id\":\"https:\/\/masquenoticias.mx\/index.php\/2026\/03\/13\/gobierno-del-estado-de-colima-y-de-jalisco-impulsan-intercambio-artistico-para-enriquecer-la-vida-cultural-de-ambas-entidades\/#article\",\"isPartOf\":{\"@id\":\"https:\/\/masquenoticias.mx\/index.php\/2026\/03\/13\/gobierno-del-estado-de-colima-y-de-jalisco-impulsan-intercambio-artistico-para-enriquecer-la-vida-cultural-de-ambas-entidades\/\"},\"author\":{\"name\":\"Redacci\u00f3n\",\"@id\":\"https:\/\/masquenoticias.mx\/#\/schema\/person\/544d19989ef23d34615f691f7a96e622\"},\"headline\":\"Gobierno del Estado de Colima y de Jalisco impulsan intercambio art\u00edstico para enriquecer la vida cultural de ambas entidades\",\"datePublished\":\"2026-03-14T04:37:50+00:00\",\"mainEntityOfPage\":{\"@id\":\"https:\/\/masquenoticias.mx\/index.php\/2026\/03\/13\/gobierno-del-estado-de-colima-y-de-jalisco-impulsan-intercambio-artistico-para-enriquecer-la-vida-cultural-de-ambas-entidades\/\"},\"wordCount\":366,\"commentCount\":0,\"publisher\":{\"@id\":\"https:\/\/masquenoticias.mx\/#organization\"},\"image\":{\"@id\":\"https:\/\/masquenoticias.mx\/index.php\/2026\/03\/13\/gobierno-del-estado-de-colima-y-de-jalisco-impulsan-intercambio-artistico-para-enriquecer-la-vida-cultural-de-ambas-entidades\/#primaryimage\"},\"thumbnailUrl\":\"https:\/\/i0.wp.com\/masquenoticias.mx\/wp-content\/uploads\/2026\/03\/WhatsApp-Image-2026-03-13-at-1.19.30-PM.jpeg?fit=1024%2C683&ssl=1\",\"keywords\":[\"Cultura\"],\"articleSection\":[\"Estado\"],\"inLanguage\":\"es\",\"potentialAction\":[{\"@type\":\"CommentAction\",\"name\":\"Comment\",\"target\":[\"https:\/\/masquenoticias.mx\/index.php\/2026\/03\/13\/gobierno-del-estado-de-colima-y-de-jalisco-impulsan-intercambio-artistico-para-enriquecer-la-vida-cultural-de-ambas-entidades\/#respond\"]}]},{\"@type\":\"WebPage\",\"@id\":\"https:\/\/masquenoticias.mx\/index.php\/2026\/03\/13\/gobierno-del-estado-de-colima-y-de-jalisco-impulsan-intercambio-artistico-para-enriquecer-la-vida-cultural-de-ambas-entidades\/\",\"url\":\"https:\/\/masquenoticias.mx\/index.php\/2026\/03\/13\/gobierno-del-estado-de-colima-y-de-jalisco-impulsan-intercambio-artistico-para-enriquecer-la-vida-cultural-de-ambas-entidades\/\",\"name\":\"Gobierno del Estado de Colima y de Jalisco impulsan intercambio art\u00edstico para enriquecer la vida cultural de ambas entidades - M\u00e1s Que Noticias\",\"isPartOf\":{\"@id\":\"https:\/\/masquenoticias.mx\/#website\"},\"primaryImageOfPage\":{\"@id\":\"https:\/\/masquenoticias.mx\/index.php\/2026\/03\/13\/gobierno-del-estado-de-colima-y-de-jalisco-impulsan-intercambio-artistico-para-enriquecer-la-vida-cultural-de-ambas-entidades\/#primaryimage\"},\"image\":{\"@id\":\"https:\/\/masquenoticias.mx\/index.php\/2026\/03\/13\/gobierno-del-estado-de-colima-y-de-jalisco-impulsan-intercambio-artistico-para-enriquecer-la-vida-cultural-de-ambas-entidades\/#primaryimage\"},\"thumbnailUrl\":\"https:\/\/i0.wp.com\/masquenoticias.mx\/wp-content\/uploads\/2026\/03\/WhatsApp-Image-2026-03-13-at-1.19.30-PM.jpeg?fit=1024%2C683&ssl=1\",\"datePublished\":\"2026-03-14T04:37:50+00:00\",\"breadcrumb\":{\"@id\":\"https:\/\/masquenoticias.mx\/index.php\/2026\/03\/13\/gobierno-del-estado-de-colima-y-de-jalisco-impulsan-intercambio-artistico-para-enriquecer-la-vida-cultural-de-ambas-entidades\/#breadcrumb\"},\"inLanguage\":\"es\",\"potentialAction\":[{\"@type\":\"ReadAction\",\"target\":[\"https:\/\/masquenoticias.mx\/index.php\/2026\/03\/13\/gobierno-del-estado-de-colima-y-de-jalisco-impulsan-intercambio-artistico-para-enriquecer-la-vida-cultural-de-ambas-entidades\/\"]}]},{\"@type\":\"ImageObject\",\"inLanguage\":\"es\",\"@id\":\"https:\/\/masquenoticias.mx\/index.php\/2026\/03\/13\/gobierno-del-estado-de-colima-y-de-jalisco-impulsan-intercambio-artistico-para-enriquecer-la-vida-cultural-de-ambas-entidades\/#primaryimage\",\"url\":\"https:\/\/i0.wp.com\/masquenoticias.mx\/wp-content\/uploads\/2026\/03\/WhatsApp-Image-2026-03-13-at-1.19.30-PM.jpeg?fit=1024%2C683&ssl=1\",\"contentUrl\":\"https:\/\/i0.wp.com\/masquenoticias.mx\/wp-content\/uploads\/2026\/03\/WhatsApp-Image-2026-03-13-at-1.19.30-PM.jpeg?fit=1024%2C683&ssl=1\",\"width\":1024,\"height\":683},{\"@type\":\"BreadcrumbList\",\"@id\":\"https:\/\/masquenoticias.mx\/index.php\/2026\/03\/13\/gobierno-del-estado-de-colima-y-de-jalisco-impulsan-intercambio-artistico-para-enriquecer-la-vida-cultural-de-ambas-entidades\/#breadcrumb\",\"itemListElement\":[{\"@type\":\"ListItem\",\"position\":1,\"name\":\"Inicio\",\"item\":\"https:\/\/masquenoticias.mx\/\"},{\"@type\":\"ListItem\",\"position\":2,\"name\":\"Gobierno del Estado de Colima y de Jalisco impulsan intercambio art\u00edstico para enriquecer la vida cultural de ambas entidades\"}]},{\"@type\":\"WebSite\",\"@id\":\"https:\/\/masquenoticias.mx\/#website\",\"url\":\"https:\/\/masquenoticias.mx\/\",\"name\":\"M\u00e1s Que Noticias\",\"description\":\"Noticias de Colima, M\u00e9xico y el Mundo\",\"publisher\":{\"@id\":\"https:\/\/masquenoticias.mx\/#organization\"},\"potentialAction\":[{\"@type\":\"SearchAction\",\"target\":{\"@type\":\"EntryPoint\",\"urlTemplate\":\"https:\/\/masquenoticias.mx\/?s={search_term_string}\"},\"query-input\":{\"@type\":\"PropertyValueSpecification\",\"valueRequired\":true,\"valueName\":\"search_term_string\"}}],\"inLanguage\":\"es\"},{\"@type\":\"Organization\",\"@id\":\"https:\/\/masquenoticias.mx\/#organization\",\"name\":\"M\u00e1s Que Noticias\",\"url\":\"https:\/\/masquenoticias.mx\/\",\"logo\":{\"@type\":\"ImageObject\",\"inLanguage\":\"es\",\"@id\":\"https:\/\/masquenoticias.mx\/#\/schema\/logo\/image\/\",\"url\":\"https:\/\/i0.wp.com\/masquenoticias.mx\/wp-content\/uploads\/2024\/04\/IMG_0004.png?fit=2560%2C1656&ssl=1\",\"contentUrl\":\"https:\/\/i0.wp.com\/masquenoticias.mx\/wp-content\/uploads\/2024\/04\/IMG_0004.png?fit=2560%2C1656&ssl=1\",\"width\":2560,\"height\":1656,\"caption\":\"M\u00e1s Que Noticias\"},\"image\":{\"@id\":\"https:\/\/masquenoticias.mx\/#\/schema\/logo\/image\/\"},\"sameAs\":[\"https:\/\/www.facebook.com\/masquenoticiascolima\",\"https:\/\/x.com\/edgartove\",\"https:\/\/www.instagram.com\/masquenoticiascolima\/\"]},{\"@type\":\"Person\",\"@id\":\"https:\/\/masquenoticias.mx\/#\/schema\/person\/544d19989ef23d34615f691f7a96e622\",\"name\":\"Redacci\u00f3n\",\"image\":{\"@type\":\"ImageObject\",\"inLanguage\":\"es\",\"@id\":\"https:\/\/masquenoticias.mx\/#\/schema\/person\/image\/\",\"url\":\"https:\/\/secure.gravatar.com\/avatar\/7fcc926d5b058d3f3d52d95b4d05dd58?s=96&d=mm&r=g\",\"contentUrl\":\"https:\/\/secure.gravatar.com\/avatar\/7fcc926d5b058d3f3d52d95b4d05dd58?s=96&d=mm&r=g\",\"caption\":\"Redacci\u00f3n\"},\"sameAs\":[\"http:\/\/masquenoticias.mx\"],\"url\":\"https:\/\/masquenoticias.mx\/index.php\/author\/edgartovegmail-com\/\"}]}<\/script>\n<!-- \/ Yoast SEO plugin. -->","yoast_head_json":{"title":"Gobierno del Estado de Colima y de Jalisco impulsan intercambio art\u00edstico para enriquecer la vida cultural de ambas entidades - M\u00e1s Que Noticias","robots":{"index":"index","follow":"follow","max-snippet":"max-snippet:-1","max-image-preview":"max-image-preview:large","max-video-preview":"max-video-preview:-1"},"canonical":"https:\/\/masquenoticias.mx\/index.php\/2026\/03\/13\/gobierno-del-estado-de-colima-y-de-jalisco-impulsan-intercambio-artistico-para-enriquecer-la-vida-cultural-de-ambas-entidades\/","og_locale":"es_MX","og_type":"article","og_title":"Gobierno del Estado de Colima y de Jalisco impulsan intercambio art\u00edstico para enriquecer la vida cultural de ambas entidades - M\u00e1s Que Noticias","og_description":"El subsecretario de Cultura del Gobierno del Estado de Colima, Juan Jos\u00e9 Arias Orozco, sostuvo una reuni\u00f3n de trabajo con Luis Gerardo Ascencio Rubio, titular de la Secretar\u00eda de Cultura de Jalisco, para profundizar el intercambio cultural entre ambas entidades, buscando fortalecer el desarrollo art\u00edstico y el impulso de las expresiones culturales en la regi\u00f3n [&hellip;]","og_url":"https:\/\/masquenoticias.mx\/index.php\/2026\/03\/13\/gobierno-del-estado-de-colima-y-de-jalisco-impulsan-intercambio-artistico-para-enriquecer-la-vida-cultural-de-ambas-entidades\/","og_site_name":"M\u00e1s Que Noticias","article_publisher":"https:\/\/www.facebook.com\/masquenoticiascolima","article_published_time":"2026-03-14T04:37:50+00:00","og_image":[{"width":1024,"height":683,"url":"https:\/\/masquenoticias.mx\/wp-content\/uploads\/2026\/03\/WhatsApp-Image-2026-03-13-at-1.19.30-PM.jpeg","type":"image\/jpeg"}],"author":"Redacci\u00f3n","twitter_card":"summary_large_image","twitter_creator":"@edgartove","twitter_site":"@edgartove","twitter_misc":{"Escrito por":"Redacci\u00f3n","Tiempo de lectura":"2 minutos"},"schema":{"@context":"https:\/\/schema.org","@graph":[{"@type":"Article","@id":"https:\/\/masquenoticias.mx\/index.php\/2026\/03\/13\/gobierno-del-estado-de-colima-y-de-jalisco-impulsan-intercambio-artistico-para-enriquecer-la-vida-cultural-de-ambas-entidades\/#article","isPartOf":{"@id":"https:\/\/masquenoticias.mx\/index.php\/2026\/03\/13\/gobierno-del-estado-de-colima-y-de-jalisco-impulsan-intercambio-artistico-para-enriquecer-la-vida-cultural-de-ambas-entidades\/"},"author":{"name":"Redacci\u00f3n","@id":"https:\/\/masquenoticias.mx\/#\/schema\/person\/544d19989ef23d34615f691f7a96e622"},"headline":"Gobierno del Estado de Colima y de Jalisco impulsan intercambio art\u00edstico para enriquecer la vida cultural de ambas entidades","datePublished":"2026-03-14T04:37:50+00:00","mainEntityOfPage":{"@id":"https:\/\/masquenoticias.mx\/index.php\/2026\/03\/13\/gobierno-del-estado-de-colima-y-de-jalisco-impulsan-intercambio-artistico-para-enriquecer-la-vida-cultural-de-ambas-entidades\/"},"wordCount":366,"commentCount":0,"publisher":{"@id":"https:\/\/masquenoticias.mx\/#organization"},"image":{"@id":"https:\/\/masquenoticias.mx\/index.php\/2026\/03\/13\/gobierno-del-estado-de-colima-y-de-jalisco-impulsan-intercambio-artistico-para-enriquecer-la-vida-cultural-de-ambas-entidades\/#primaryimage"},"thumbnailUrl":"https:\/\/i0.wp.com\/masquenoticias.mx\/wp-content\/uploads\/2026\/03\/WhatsApp-Image-2026-03-13-at-1.19.30-PM.jpeg?fit=1024%2C683&ssl=1","keywords":["Cultura"],"articleSection":["Estado"],"inLanguage":"es","potentialAction":[{"@type":"CommentAction","name":"Comment","target":["https:\/\/masquenoticias.mx\/index.php\/2026\/03\/13\/gobierno-del-estado-de-colima-y-de-jalisco-impulsan-intercambio-artistico-para-enriquecer-la-vida-cultural-de-ambas-entidades\/#respond"]}]},{"@type":"WebPage","@id":"https:\/\/masquenoticias.mx\/index.php\/2026\/03\/13\/gobierno-del-estado-de-colima-y-de-jalisco-impulsan-intercambio-artistico-para-enriquecer-la-vida-cultural-de-ambas-entidades\/","url":"https:\/\/masquenoticias.mx\/index.php\/2026\/03\/13\/gobierno-del-estado-de-colima-y-de-jalisco-impulsan-intercambio-artistico-para-enriquecer-la-vida-cultural-de-ambas-entidades\/","name":"Gobierno del Estado de Colima y de Jalisco impulsan intercambio art\u00edstico para enriquecer la vida cultural de ambas entidades - M\u00e1s Que Noticias","isPartOf":{"@id":"https:\/\/masquenoticias.mx\/#website"},"primaryImageOfPage":{"@id":"https:\/\/masquenoticias.mx\/index.php\/2026\/03\/13\/gobierno-del-estado-de-colima-y-de-jalisco-impulsan-intercambio-artistico-para-enriquecer-la-vida-cultural-de-ambas-entidades\/#primaryimage"},"image":{"@id":"https:\/\/masquenoticias.mx\/index.php\/2026\/03\/13\/gobierno-del-estado-de-colima-y-de-jalisco-impulsan-intercambio-artistico-para-enriquecer-la-vida-cultural-de-ambas-entidades\/#primaryimage"},"thumbnailUrl":"https:\/\/i0.wp.com\/masquenoticias.mx\/wp-content\/uploads\/2026\/03\/WhatsApp-Image-2026-03-13-at-1.19.30-PM.jpeg?fit=1024%2C683&ssl=1","datePublished":"2026-03-14T04:37:50+00:00","breadcrumb":{"@id":"https:\/\/masquenoticias.mx\/index.php\/2026\/03\/13\/gobierno-del-estado-de-colima-y-de-jalisco-impulsan-intercambio-artistico-para-enriquecer-la-vida-cultural-de-ambas-entidades\/#breadcrumb"},"inLanguage":"es","potentialAction":[{"@type":"ReadAction","target":["https:\/\/masquenoticias.mx\/index.php\/2026\/03\/13\/gobierno-del-estado-de-colima-y-de-jalisco-impulsan-intercambio-artistico-para-enriquecer-la-vida-cultural-de-ambas-entidades\/"]}]},{"@type":"ImageObject","inLanguage":"es","@id":"https:\/\/masquenoticias.mx\/index.php\/2026\/03\/13\/gobierno-del-estado-de-colima-y-de-jalisco-impulsan-intercambio-artistico-para-enriquecer-la-vida-cultural-de-ambas-entidades\/#primaryimage","url":"https:\/\/i0.wp.com\/masquenoticias.mx\/wp-content\/uploads\/2026\/03\/WhatsApp-Image-2026-03-13-at-1.19.30-PM.jpeg?fit=1024%2C683&ssl=1","contentUrl":"https:\/\/i0.wp.com\/masquenoticias.mx\/wp-content\/uploads\/2026\/03\/WhatsApp-Image-2026-03-13-at-1.19.30-PM.jpeg?fit=1024%2C683&ssl=1","width":1024,"height":683},{"@type":"BreadcrumbList","@id":"https:\/\/masquenoticias.mx\/index.php\/2026\/03\/13\/gobierno-del-estado-de-colima-y-de-jalisco-impulsan-intercambio-artistico-para-enriquecer-la-vida-cultural-de-ambas-entidades\/#breadcrumb","itemListElement":[{"@type":"ListItem","position":1,"name":"Inicio","item":"https:\/\/masquenoticias.mx\/"},{"@type":"ListItem","position":2,"name":"Gobierno del Estado de Colima y de Jalisco impulsan intercambio art\u00edstico para enriquecer la vida cultural de ambas entidades"}]},{"@type":"WebSite","@id":"https:\/\/masquenoticias.mx\/#website","url":"https:\/\/masquenoticias.mx\/","name":"M\u00e1s Que Noticias","description":"Noticias de Colima, M\u00e9xico y el Mundo","publisher":{"@id":"https:\/\/masquenoticias.mx\/#organization"},"potentialAction":[{"@type":"SearchAction","target":{"@type":"EntryPoint","urlTemplate":"https:\/\/masquenoticias.mx\/?s={search_term_string}"},"query-input":{"@type":"PropertyValueSpecification","valueRequired":true,"valueName":"search_term_string"}}],"inLanguage":"es"},{"@type":"Organization","@id":"https:\/\/masquenoticias.mx\/#organization","name":"M\u00e1s Que Noticias","url":"https:\/\/masquenoticias.mx\/","logo":{"@type":"ImageObject","inLanguage":"es","@id":"https:\/\/masquenoticias.mx\/#\/schema\/logo\/image\/","url":"https:\/\/i0.wp.com\/masquenoticias.mx\/wp-content\/uploads\/2024\/04\/IMG_0004.png?fit=2560%2C1656&ssl=1","contentUrl":"https:\/\/i0.wp.com\/masquenoticias.mx\/wp-content\/uploads\/2024\/04\/IMG_0004.png?fit=2560%2C1656&ssl=1","width":2560,"height":1656,"caption":"M\u00e1s Que Noticias"},"image":{"@id":"https:\/\/masquenoticias.mx\/#\/schema\/logo\/image\/"},"sameAs":["https:\/\/www.facebook.com\/masquenoticiascolima","https:\/\/x.com\/edgartove","https:\/\/www.instagram.com\/masquenoticiascolima\/"]},{"@type":"Person","@id":"https:\/\/masquenoticias.mx\/#\/schema\/person\/544d19989ef23d34615f691f7a96e622","name":"Redacci\u00f3n","image":{"@type":"ImageObject","inLanguage":"es","@id":"https:\/\/masquenoticias.mx\/#\/schema\/person\/image\/","url":"https:\/\/secure.gravatar.com\/avatar\/7fcc926d5b058d3f3d52d95b4d05dd58?s=96&d=mm&r=g","contentUrl":"https:\/\/secure.gravatar.com\/avatar\/7fcc926d5b058d3f3d52d95b4d05dd58?s=96&d=mm&r=g","caption":"Redacci\u00f3n"},"sameAs":["http:\/\/masquenoticias.mx"],"url":"https:\/\/masquenoticias.mx\/index.php\/author\/edgartovegmail-com\/"}]}},"jetpack_featured_media_url":"https:\/\/i0.wp.com\/masquenoticias.mx\/wp-content\/uploads\/2026\/03\/WhatsApp-Image-2026-03-13-at-1.19.30-PM.jpeg?fit=1024%2C683&ssl=1","blog_post_layout_featured_media_urls":{"thumbnail":["https:\/\/i0.wp.com\/masquenoticias.mx\/wp-content\/uploads\/2026\/03\/WhatsApp-Image-2026-03-13-at-1.19.30-PM.jpeg?resize=150%2C150&ssl=1",150,150,true],"full":["https:\/\/i0.wp.com\/masquenoticias.mx\/wp-content\/uploads\/2026\/03\/WhatsApp-Image-2026-03-13-at-1.19.30-PM.jpeg?fit=1024%2C683&ssl=1",1024,683,false]},"categories_names":{"24":{"name":"Estado","link":"https:\/\/masquenoticias.mx\/index.php\/category\/estado\/"}},"tags_names":{"118":{"name":"Cultura","link":"https:\/\/masquenoticias.mx\/index.php\/tag\/cultura\/"}},"comments_number":"0","wpmagazine_modules_lite_featured_media_urls":{"thumbnail":["https:\/\/i0.wp.com\/masquenoticias.mx\/wp-content\/uploads\/2026\/03\/WhatsApp-Image-2026-03-13-at-1.19.30-PM.jpeg?resize=150%2C150&ssl=1",150,150,true],"cvmm-medium":["https:\/\/i0.wp.com\/masquenoticias.mx\/wp-content\/uploads\/2026\/03\/WhatsApp-Image-2026-03-13-at-1.19.30-PM.jpeg?resize=300%2C300&ssl=1",300,300,true],"cvmm-medium-plus":["https:\/\/i0.wp.com\/masquenoticias.mx\/wp-content\/uploads\/2026\/03\/WhatsApp-Image-2026-03-13-at-1.19.30-PM.jpeg?resize=305%2C207&ssl=1",305,207,true],"cvmm-portrait":["https:\/\/i0.wp.com\/masquenoticias.mx\/wp-content\/uploads\/2026\/03\/WhatsApp-Image-2026-03-13-at-1.19.30-PM.jpeg?resize=400%2C600&ssl=1",400,600,true],"cvmm-medium-square":["https:\/\/i0.wp.com\/masquenoticias.mx\/wp-content\/uploads\/2026\/03\/WhatsApp-Image-2026-03-13-at-1.19.30-PM.jpeg?resize=600%2C600&ssl=1",600,600,true],"cvmm-large":["https:\/\/i0.wp.com\/masquenoticias.mx\/wp-content\/uploads\/2026\/03\/WhatsApp-Image-2026-03-13-at-1.19.30-PM.jpeg?resize=1024%2C683&ssl=1",1024,683,true],"cvmm-small":["https:\/\/i0.wp.com\/masquenoticias.mx\/wp-content\/uploads\/2026\/03\/WhatsApp-Image-2026-03-13-at-1.19.30-PM.jpeg?resize=130%2C95&ssl=1",130,95,true],"full":["https:\/\/i0.wp.com\/masquenoticias.mx\/wp-content\/uploads\/2026\/03\/WhatsApp-Image-2026-03-13-at-1.19.30-PM.jpeg?fit=1024%2C683&ssl=1",1024,683,false]},"jetpack-related-posts":[],"jetpack_sharing_enabled":true,"jetpack_likes_enabled":true,"jetpack_shortlink":"https:\/\/wp.me\/pf7pkt-5F9","_links":{"self":[{"href":"https:\/\/masquenoticias.mx\/index.php\/wp-json\/wp\/v2\/posts\/21771","targetHints":{"allow":["GET"]}}],"collection":[{"href":"https:\/\/masquenoticias.mx\/index.php\/wp-json\/wp\/v2\/posts"}],"about":[{"href":"https:\/\/masquenoticias.mx\/index.php\/wp-json\/wp\/v2\/types\/post"}],"author":[{"embeddable":true,"href":"https:\/\/masquenoticias.mx\/index.php\/wp-json\/wp\/v2\/users\/1"}],"replies":[{"embeddable":true,"href":"https:\/\/masquenoticias.mx\/index.php\/wp-json\/wp\/v2\/comments?post=21771"}],"version-history":[{"count":1,"href":"https:\/\/masquenoticias.mx\/index.php\/wp-json\/wp\/v2\/posts\/21771\/revisions"}],"predecessor-version":[{"id":21773,"href":"https:\/\/masquenoticias.mx\/index.php\/wp-json\/wp\/v2\/posts\/21771\/revisions\/21773"}],"wp:featuredmedia":[{"embeddable":true,"href":"https:\/\/masquenoticias.mx\/index.php\/wp-json\/wp\/v2\/media\/21772"}],"wp:attachment":[{"href":"https:\/\/masquenoticias.mx\/index.php\/wp-json\/wp\/v2\/media?parent=21771"}],"wp:term":[{"taxonomy":"category","embeddable":true,"href":"https:\/\/masquenoticias.mx\/index.php\/wp-json\/wp\/v2\/categories?post=21771"},{"taxonomy":"post_tag","embeddable":true,"href":"https:\/\/masquenoticias.mx\/index.php\/wp-json\/wp\/v2\/tags?post=21771"}],"curies":[{"name":"wp","href":"https:\/\/api.w.org\/{rel}","templated":true}]}}