{"id":21768,"date":"2026-03-13T22:34:51","date_gmt":"2026-03-14T04:34:51","guid":{"rendered":"https:\/\/masquenoticias.mx\/?p=21768"},"modified":"2026-03-13T22:34:51","modified_gmt":"2026-03-14T04:34:51","slug":"subsecretaria-de-construccion-de-paz-anuncia-creacion-de-7-bachilleratos-margarita-maza-en-el-estado-de-colima","status":"publish","type":"post","link":"https:\/\/masquenoticias.mx\/index.php\/2026\/03\/13\/subsecretaria-de-construccion-de-paz-anuncia-creacion-de-7-bachilleratos-margarita-maza-en-el-estado-de-colima\/","title":{"rendered":"Subsecretaria de Construcci\u00f3n de Paz anuncia creaci\u00f3n de 7 bachilleratos \u2018Margarita Maza\u2019 en el estado de Colima"},"content":{"rendered":"<p>Durante la \u2018Ma\u00f1anera del Pueblo\u2019 con la presidenta de M\u00e9xico, Claudia Sheinbaum Pardo, desde Manzanillo, donde tambi\u00e9n particip\u00f3 la gobernadora de Colima, Indira Vizca\u00edno Silva, la subsecretaria de Construcci\u00f3n de Paz y Participaci\u00f3n Social en la Secretar\u00eda de Gobernaci\u00f3n (Segob), Roc\u00edo B\u00e1rcena Molina, anunci\u00f3 la construcci\u00f3n de siete bachilleratos nacionales \u2018Margarita Maza\u2019 en esta entidad.<\/p>\n<p>Adem\u00e1s de presentar las acciones realizadas en el estado de Colima como parte del eje Atenci\u00f3n a las Causas, la funcionaria del Gobierno de M\u00e9xico adelant\u00f3 que, por instrucciones de la presidenta Claudia Sheinbaum, J\u00f3venes Transformando M\u00e9xico llega a la entidad con sus nuevos programas y se construir\u00e1n los referidos bachilleratos y se ampliar\u00e1n tres planteles m\u00e1s de bachillerato tecnol\u00f3gico, lo que significa 2,805 lugares m\u00e1s para las y los j\u00f3venes colimenses.<\/p>\n<p>\u201cTambi\u00e9n se construir\u00e1n dos centros comunitarios de M\u00e9xico Imparable y se pondr\u00e1n en marcha los programas \u2018Reconecta con la Paz\u2019 y \u2018J\u00f3venes Unen al Barrio\u2019, agreg\u00f3 la funcionaria federal, quien reiter\u00f3 que seguir\u00e1n tocando puertas y ofreciendo mejores oportunidades para las juventudes a fin de consolidar un M\u00e9xico en paz.<\/p>\n","protected":false},"excerpt":{"rendered":"<p>Durante la \u2018Ma\u00f1anera del Pueblo\u2019 con la presidenta de M\u00e9xico, Claudia Sheinbaum Pardo, desde Manzanillo, donde tambi\u00e9n particip\u00f3 la gobernadora de Colima, Indira Vizca\u00edno Silva, la subsecretaria de Construcci\u00f3n de Paz y Participaci\u00f3n Social en la Secretar\u00eda de Gobernaci\u00f3n (Segob), Roc\u00edo B\u00e1rcena Molina, anunci\u00f3 la construcci\u00f3n de siete bachilleratos nacionales \u2018Margarita Maza\u2019 en esta entidad. [&hellip;]<\/p>\n","protected":false},"author":1,"featured_media":21769,"comment_status":"open","ping_status":"open","sticky":false,"template":"","format":"standard","meta":{"_jetpack_memberships_contains_paid_content":false,"footnotes":""},"categories":[24],"tags":[599],"class_list":["post-21768","post","type-post","status-publish","format-standard","has-post-thumbnail","hentry","category-estado","tag-sheinbaum"],"yoast_head":"<!-- This site is optimized with the Yoast SEO plugin v26.6 - https:\/\/yoast.com\/wordpress\/plugins\/seo\/ -->\n<title>Subsecretaria de Construcci\u00f3n de Paz anuncia creaci\u00f3n de 7 bachilleratos \u2018Margarita Maza\u2019 en el estado de Colima - M\u00e1s Que Noticias<\/title>\n<meta name=\"robots\" content=\"index, follow, max-snippet:-1, max-image-preview:large, max-video-preview:-1\" \/>\n<link rel=\"canonical\" href=\"https:\/\/masquenoticias.mx\/index.php\/2026\/03\/13\/subsecretaria-de-construccion-de-paz-anuncia-creacion-de-7-bachilleratos-margarita-maza-en-el-estado-de-colima\/\" \/>\n<meta property=\"og:locale\" content=\"es_MX\" \/>\n<meta property=\"og:type\" content=\"article\" \/>\n<meta property=\"og:title\" content=\"Subsecretaria de Construcci\u00f3n de Paz anuncia creaci\u00f3n de 7 bachilleratos \u2018Margarita Maza\u2019 en el estado de Colima - M\u00e1s Que Noticias\" \/>\n<meta property=\"og:description\" content=\"Durante la \u2018Ma\u00f1anera del Pueblo\u2019 con la presidenta de M\u00e9xico, Claudia Sheinbaum Pardo, desde Manzanillo, donde tambi\u00e9n particip\u00f3 la gobernadora de Colima, Indira Vizca\u00edno Silva, la subsecretaria de Construcci\u00f3n de Paz y Participaci\u00f3n Social en la Secretar\u00eda de Gobernaci\u00f3n (Segob), Roc\u00edo B\u00e1rcena Molina, anunci\u00f3 la construcci\u00f3n de siete bachilleratos nacionales \u2018Margarita Maza\u2019 en esta entidad. [&hellip;]\" \/>\n<meta property=\"og:url\" content=\"https:\/\/masquenoticias.mx\/index.php\/2026\/03\/13\/subsecretaria-de-construccion-de-paz-anuncia-creacion-de-7-bachilleratos-margarita-maza-en-el-estado-de-colima\/\" \/>\n<meta property=\"og:site_name\" content=\"M\u00e1s Que Noticias\" \/>\n<meta property=\"article:publisher\" content=\"https:\/\/www.facebook.com\/masquenoticiascolima\" \/>\n<meta property=\"article:published_time\" content=\"2026-03-14T04:34:51+00:00\" \/>\n<meta property=\"og:image\" content=\"https:\/\/masquenoticias.mx\/wp-content\/uploads\/2026\/03\/WhatsApp-Image-2026-03-13-at-1.02.43-PM.jpeg\" \/>\n\t<meta property=\"og:image:width\" content=\"1280\" \/>\n\t<meta property=\"og:image:height\" content=\"854\" \/>\n\t<meta property=\"og:image:type\" content=\"image\/jpeg\" \/>\n<meta name=\"author\" content=\"Redacci\u00f3n\" \/>\n<meta name=\"twitter:card\" content=\"summary_large_image\" \/>\n<meta name=\"twitter:creator\" content=\"@edgartove\" \/>\n<meta name=\"twitter:site\" content=\"@edgartove\" \/>\n<meta name=\"twitter:label1\" content=\"Escrito por\" \/>\n\t<meta name=\"twitter:data1\" content=\"Redacci\u00f3n\" \/>\n\t<meta name=\"twitter:label2\" content=\"Tiempo de lectura\" \/>\n\t<meta name=\"twitter:data2\" content=\"2 minutos\" \/>\n<script type=\"application\/ld+json\" class=\"yoast-schema-graph\">{\"@context\":\"https:\/\/schema.org\",\"@graph\":[{\"@type\":\"Article\",\"@id\":\"https:\/\/masquenoticias.mx\/index.php\/2026\/03\/13\/subsecretaria-de-construccion-de-paz-anuncia-creacion-de-7-bachilleratos-margarita-maza-en-el-estado-de-colima\/#article\",\"isPartOf\":{\"@id\":\"https:\/\/masquenoticias.mx\/index.php\/2026\/03\/13\/subsecretaria-de-construccion-de-paz-anuncia-creacion-de-7-bachilleratos-margarita-maza-en-el-estado-de-colima\/\"},\"author\":{\"name\":\"Redacci\u00f3n\",\"@id\":\"https:\/\/masquenoticias.mx\/#\/schema\/person\/544d19989ef23d34615f691f7a96e622\"},\"headline\":\"Subsecretaria de Construcci\u00f3n de Paz anuncia creaci\u00f3n de 7 bachilleratos \u2018Margarita Maza\u2019 en el estado de Colima\",\"datePublished\":\"2026-03-14T04:34:51+00:00\",\"mainEntityOfPage\":{\"@id\":\"https:\/\/masquenoticias.mx\/index.php\/2026\/03\/13\/subsecretaria-de-construccion-de-paz-anuncia-creacion-de-7-bachilleratos-margarita-maza-en-el-estado-de-colima\/\"},\"wordCount\":223,\"commentCount\":0,\"publisher\":{\"@id\":\"https:\/\/masquenoticias.mx\/#organization\"},\"image\":{\"@id\":\"https:\/\/masquenoticias.mx\/index.php\/2026\/03\/13\/subsecretaria-de-construccion-de-paz-anuncia-creacion-de-7-bachilleratos-margarita-maza-en-el-estado-de-colima\/#primaryimage\"},\"thumbnailUrl\":\"https:\/\/i0.wp.com\/masquenoticias.mx\/wp-content\/uploads\/2026\/03\/WhatsApp-Image-2026-03-13-at-1.02.43-PM.jpeg?fit=1280%2C854&ssl=1\",\"keywords\":[\"Sheinbaum\"],\"articleSection\":[\"Estado\"],\"inLanguage\":\"es\",\"potentialAction\":[{\"@type\":\"CommentAction\",\"name\":\"Comment\",\"target\":[\"https:\/\/masquenoticias.mx\/index.php\/2026\/03\/13\/subsecretaria-de-construccion-de-paz-anuncia-creacion-de-7-bachilleratos-margarita-maza-en-el-estado-de-colima\/#respond\"]}]},{\"@type\":\"WebPage\",\"@id\":\"https:\/\/masquenoticias.mx\/index.php\/2026\/03\/13\/subsecretaria-de-construccion-de-paz-anuncia-creacion-de-7-bachilleratos-margarita-maza-en-el-estado-de-colima\/\",\"url\":\"https:\/\/masquenoticias.mx\/index.php\/2026\/03\/13\/subsecretaria-de-construccion-de-paz-anuncia-creacion-de-7-bachilleratos-margarita-maza-en-el-estado-de-colima\/\",\"name\":\"Subsecretaria de Construcci\u00f3n de Paz anuncia creaci\u00f3n de 7 bachilleratos \u2018Margarita Maza\u2019 en el estado de Colima - M\u00e1s Que Noticias\",\"isPartOf\":{\"@id\":\"https:\/\/masquenoticias.mx\/#website\"},\"primaryImageOfPage\":{\"@id\":\"https:\/\/masquenoticias.mx\/index.php\/2026\/03\/13\/subsecretaria-de-construccion-de-paz-anuncia-creacion-de-7-bachilleratos-margarita-maza-en-el-estado-de-colima\/#primaryimage\"},\"image\":{\"@id\":\"https:\/\/masquenoticias.mx\/index.php\/2026\/03\/13\/subsecretaria-de-construccion-de-paz-anuncia-creacion-de-7-bachilleratos-margarita-maza-en-el-estado-de-colima\/#primaryimage\"},\"thumbnailUrl\":\"https:\/\/i0.wp.com\/masquenoticias.mx\/wp-content\/uploads\/2026\/03\/WhatsApp-Image-2026-03-13-at-1.02.43-PM.jpeg?fit=1280%2C854&ssl=1\",\"datePublished\":\"2026-03-14T04:34:51+00:00\",\"breadcrumb\":{\"@id\":\"https:\/\/masquenoticias.mx\/index.php\/2026\/03\/13\/subsecretaria-de-construccion-de-paz-anuncia-creacion-de-7-bachilleratos-margarita-maza-en-el-estado-de-colima\/#breadcrumb\"},\"inLanguage\":\"es\",\"potentialAction\":[{\"@type\":\"ReadAction\",\"target\":[\"https:\/\/masquenoticias.mx\/index.php\/2026\/03\/13\/subsecretaria-de-construccion-de-paz-anuncia-creacion-de-7-bachilleratos-margarita-maza-en-el-estado-de-colima\/\"]}]},{\"@type\":\"ImageObject\",\"inLanguage\":\"es\",\"@id\":\"https:\/\/masquenoticias.mx\/index.php\/2026\/03\/13\/subsecretaria-de-construccion-de-paz-anuncia-creacion-de-7-bachilleratos-margarita-maza-en-el-estado-de-colima\/#primaryimage\",\"url\":\"https:\/\/i0.wp.com\/masquenoticias.mx\/wp-content\/uploads\/2026\/03\/WhatsApp-Image-2026-03-13-at-1.02.43-PM.jpeg?fit=1280%2C854&ssl=1\",\"contentUrl\":\"https:\/\/i0.wp.com\/masquenoticias.mx\/wp-content\/uploads\/2026\/03\/WhatsApp-Image-2026-03-13-at-1.02.43-PM.jpeg?fit=1280%2C854&ssl=1\",\"width\":1280,\"height\":854},{\"@type\":\"BreadcrumbList\",\"@id\":\"https:\/\/masquenoticias.mx\/index.php\/2026\/03\/13\/subsecretaria-de-construccion-de-paz-anuncia-creacion-de-7-bachilleratos-margarita-maza-en-el-estado-de-colima\/#breadcrumb\",\"itemListElement\":[{\"@type\":\"ListItem\",\"position\":1,\"name\":\"Inicio\",\"item\":\"https:\/\/masquenoticias.mx\/\"},{\"@type\":\"ListItem\",\"position\":2,\"name\":\"Subsecretaria de Construcci\u00f3n de Paz anuncia creaci\u00f3n de 7 bachilleratos \u2018Margarita Maza\u2019 en el estado de Colima\"}]},{\"@type\":\"WebSite\",\"@id\":\"https:\/\/masquenoticias.mx\/#website\",\"url\":\"https:\/\/masquenoticias.mx\/\",\"name\":\"M\u00e1s Que Noticias\",\"description\":\"Noticias de Colima, M\u00e9xico y el Mundo\",\"publisher\":{\"@id\":\"https:\/\/masquenoticias.mx\/#organization\"},\"potentialAction\":[{\"@type\":\"SearchAction\",\"target\":{\"@type\":\"EntryPoint\",\"urlTemplate\":\"https:\/\/masquenoticias.mx\/?s={search_term_string}\"},\"query-input\":{\"@type\":\"PropertyValueSpecification\",\"valueRequired\":true,\"valueName\":\"search_term_string\"}}],\"inLanguage\":\"es\"},{\"@type\":\"Organization\",\"@id\":\"https:\/\/masquenoticias.mx\/#organization\",\"name\":\"M\u00e1s Que Noticias\",\"url\":\"https:\/\/masquenoticias.mx\/\",\"logo\":{\"@type\":\"ImageObject\",\"inLanguage\":\"es\",\"@id\":\"https:\/\/masquenoticias.mx\/#\/schema\/logo\/image\/\",\"url\":\"https:\/\/i0.wp.com\/masquenoticias.mx\/wp-content\/uploads\/2024\/04\/IMG_0004.png?fit=2560%2C1656&ssl=1\",\"contentUrl\":\"https:\/\/i0.wp.com\/masquenoticias.mx\/wp-content\/uploads\/2024\/04\/IMG_0004.png?fit=2560%2C1656&ssl=1\",\"width\":2560,\"height\":1656,\"caption\":\"M\u00e1s Que Noticias\"},\"image\":{\"@id\":\"https:\/\/masquenoticias.mx\/#\/schema\/logo\/image\/\"},\"sameAs\":[\"https:\/\/www.facebook.com\/masquenoticiascolima\",\"https:\/\/x.com\/edgartove\",\"https:\/\/www.instagram.com\/masquenoticiascolima\/\"]},{\"@type\":\"Person\",\"@id\":\"https:\/\/masquenoticias.mx\/#\/schema\/person\/544d19989ef23d34615f691f7a96e622\",\"name\":\"Redacci\u00f3n\",\"image\":{\"@type\":\"ImageObject\",\"inLanguage\":\"es\",\"@id\":\"https:\/\/masquenoticias.mx\/#\/schema\/person\/image\/\",\"url\":\"https:\/\/secure.gravatar.com\/avatar\/7fcc926d5b058d3f3d52d95b4d05dd58?s=96&d=mm&r=g\",\"contentUrl\":\"https:\/\/secure.gravatar.com\/avatar\/7fcc926d5b058d3f3d52d95b4d05dd58?s=96&d=mm&r=g\",\"caption\":\"Redacci\u00f3n\"},\"sameAs\":[\"http:\/\/masquenoticias.mx\"],\"url\":\"https:\/\/masquenoticias.mx\/index.php\/author\/edgartovegmail-com\/\"}]}<\/script>\n<!-- \/ Yoast SEO plugin. -->","yoast_head_json":{"title":"Subsecretaria de Construcci\u00f3n de Paz anuncia creaci\u00f3n de 7 bachilleratos \u2018Margarita Maza\u2019 en el estado de Colima - M\u00e1s Que Noticias","robots":{"index":"index","follow":"follow","max-snippet":"max-snippet:-1","max-image-preview":"max-image-preview:large","max-video-preview":"max-video-preview:-1"},"canonical":"https:\/\/masquenoticias.mx\/index.php\/2026\/03\/13\/subsecretaria-de-construccion-de-paz-anuncia-creacion-de-7-bachilleratos-margarita-maza-en-el-estado-de-colima\/","og_locale":"es_MX","og_type":"article","og_title":"Subsecretaria de Construcci\u00f3n de Paz anuncia creaci\u00f3n de 7 bachilleratos \u2018Margarita Maza\u2019 en el estado de Colima - M\u00e1s Que Noticias","og_description":"Durante la \u2018Ma\u00f1anera del Pueblo\u2019 con la presidenta de M\u00e9xico, Claudia Sheinbaum Pardo, desde Manzanillo, donde tambi\u00e9n particip\u00f3 la gobernadora de Colima, Indira Vizca\u00edno Silva, la subsecretaria de Construcci\u00f3n de Paz y Participaci\u00f3n Social en la Secretar\u00eda de Gobernaci\u00f3n (Segob), Roc\u00edo B\u00e1rcena Molina, anunci\u00f3 la construcci\u00f3n de siete bachilleratos nacionales \u2018Margarita Maza\u2019 en esta entidad. [&hellip;]","og_url":"https:\/\/masquenoticias.mx\/index.php\/2026\/03\/13\/subsecretaria-de-construccion-de-paz-anuncia-creacion-de-7-bachilleratos-margarita-maza-en-el-estado-de-colima\/","og_site_name":"M\u00e1s Que Noticias","article_publisher":"https:\/\/www.facebook.com\/masquenoticiascolima","article_published_time":"2026-03-14T04:34:51+00:00","og_image":[{"width":1280,"height":854,"url":"https:\/\/masquenoticias.mx\/wp-content\/uploads\/2026\/03\/WhatsApp-Image-2026-03-13-at-1.02.43-PM.jpeg","type":"image\/jpeg"}],"author":"Redacci\u00f3n","twitter_card":"summary_large_image","twitter_creator":"@edgartove","twitter_site":"@edgartove","twitter_misc":{"Escrito por":"Redacci\u00f3n","Tiempo de lectura":"2 minutos"},"schema":{"@context":"https:\/\/schema.org","@graph":[{"@type":"Article","@id":"https:\/\/masquenoticias.mx\/index.php\/2026\/03\/13\/subsecretaria-de-construccion-de-paz-anuncia-creacion-de-7-bachilleratos-margarita-maza-en-el-estado-de-colima\/#article","isPartOf":{"@id":"https:\/\/masquenoticias.mx\/index.php\/2026\/03\/13\/subsecretaria-de-construccion-de-paz-anuncia-creacion-de-7-bachilleratos-margarita-maza-en-el-estado-de-colima\/"},"author":{"name":"Redacci\u00f3n","@id":"https:\/\/masquenoticias.mx\/#\/schema\/person\/544d19989ef23d34615f691f7a96e622"},"headline":"Subsecretaria de Construcci\u00f3n de Paz anuncia creaci\u00f3n de 7 bachilleratos \u2018Margarita Maza\u2019 en el estado de Colima","datePublished":"2026-03-14T04:34:51+00:00","mainEntityOfPage":{"@id":"https:\/\/masquenoticias.mx\/index.php\/2026\/03\/13\/subsecretaria-de-construccion-de-paz-anuncia-creacion-de-7-bachilleratos-margarita-maza-en-el-estado-de-colima\/"},"wordCount":223,"commentCount":0,"publisher":{"@id":"https:\/\/masquenoticias.mx\/#organization"},"image":{"@id":"https:\/\/masquenoticias.mx\/index.php\/2026\/03\/13\/subsecretaria-de-construccion-de-paz-anuncia-creacion-de-7-bachilleratos-margarita-maza-en-el-estado-de-colima\/#primaryimage"},"thumbnailUrl":"https:\/\/i0.wp.com\/masquenoticias.mx\/wp-content\/uploads\/2026\/03\/WhatsApp-Image-2026-03-13-at-1.02.43-PM.jpeg?fit=1280%2C854&ssl=1","keywords":["Sheinbaum"],"articleSection":["Estado"],"inLanguage":"es","potentialAction":[{"@type":"CommentAction","name":"Comment","target":["https:\/\/masquenoticias.mx\/index.php\/2026\/03\/13\/subsecretaria-de-construccion-de-paz-anuncia-creacion-de-7-bachilleratos-margarita-maza-en-el-estado-de-colima\/#respond"]}]},{"@type":"WebPage","@id":"https:\/\/masquenoticias.mx\/index.php\/2026\/03\/13\/subsecretaria-de-construccion-de-paz-anuncia-creacion-de-7-bachilleratos-margarita-maza-en-el-estado-de-colima\/","url":"https:\/\/masquenoticias.mx\/index.php\/2026\/03\/13\/subsecretaria-de-construccion-de-paz-anuncia-creacion-de-7-bachilleratos-margarita-maza-en-el-estado-de-colima\/","name":"Subsecretaria de Construcci\u00f3n de Paz anuncia creaci\u00f3n de 7 bachilleratos \u2018Margarita Maza\u2019 en el estado de Colima - M\u00e1s Que Noticias","isPartOf":{"@id":"https:\/\/masquenoticias.mx\/#website"},"primaryImageOfPage":{"@id":"https:\/\/masquenoticias.mx\/index.php\/2026\/03\/13\/subsecretaria-de-construccion-de-paz-anuncia-creacion-de-7-bachilleratos-margarita-maza-en-el-estado-de-colima\/#primaryimage"},"image":{"@id":"https:\/\/masquenoticias.mx\/index.php\/2026\/03\/13\/subsecretaria-de-construccion-de-paz-anuncia-creacion-de-7-bachilleratos-margarita-maza-en-el-estado-de-colima\/#primaryimage"},"thumbnailUrl":"https:\/\/i0.wp.com\/masquenoticias.mx\/wp-content\/uploads\/2026\/03\/WhatsApp-Image-2026-03-13-at-1.02.43-PM.jpeg?fit=1280%2C854&ssl=1","datePublished":"2026-03-14T04:34:51+00:00","breadcrumb":{"@id":"https:\/\/masquenoticias.mx\/index.php\/2026\/03\/13\/subsecretaria-de-construccion-de-paz-anuncia-creacion-de-7-bachilleratos-margarita-maza-en-el-estado-de-colima\/#breadcrumb"},"inLanguage":"es","potentialAction":[{"@type":"ReadAction","target":["https:\/\/masquenoticias.mx\/index.php\/2026\/03\/13\/subsecretaria-de-construccion-de-paz-anuncia-creacion-de-7-bachilleratos-margarita-maza-en-el-estado-de-colima\/"]}]},{"@type":"ImageObject","inLanguage":"es","@id":"https:\/\/masquenoticias.mx\/index.php\/2026\/03\/13\/subsecretaria-de-construccion-de-paz-anuncia-creacion-de-7-bachilleratos-margarita-maza-en-el-estado-de-colima\/#primaryimage","url":"https:\/\/i0.wp.com\/masquenoticias.mx\/wp-content\/uploads\/2026\/03\/WhatsApp-Image-2026-03-13-at-1.02.43-PM.jpeg?fit=1280%2C854&ssl=1","contentUrl":"https:\/\/i0.wp.com\/masquenoticias.mx\/wp-content\/uploads\/2026\/03\/WhatsApp-Image-2026-03-13-at-1.02.43-PM.jpeg?fit=1280%2C854&ssl=1","width":1280,"height":854},{"@type":"BreadcrumbList","@id":"https:\/\/masquenoticias.mx\/index.php\/2026\/03\/13\/subsecretaria-de-construccion-de-paz-anuncia-creacion-de-7-bachilleratos-margarita-maza-en-el-estado-de-colima\/#breadcrumb","itemListElement":[{"@type":"ListItem","position":1,"name":"Inicio","item":"https:\/\/masquenoticias.mx\/"},{"@type":"ListItem","position":2,"name":"Subsecretaria de Construcci\u00f3n de Paz anuncia creaci\u00f3n de 7 bachilleratos \u2018Margarita Maza\u2019 en el estado de Colima"}]},{"@type":"WebSite","@id":"https:\/\/masquenoticias.mx\/#website","url":"https:\/\/masquenoticias.mx\/","name":"M\u00e1s Que Noticias","description":"Noticias de Colima, M\u00e9xico y el Mundo","publisher":{"@id":"https:\/\/masquenoticias.mx\/#organization"},"potentialAction":[{"@type":"SearchAction","target":{"@type":"EntryPoint","urlTemplate":"https:\/\/masquenoticias.mx\/?s={search_term_string}"},"query-input":{"@type":"PropertyValueSpecification","valueRequired":true,"valueName":"search_term_string"}}],"inLanguage":"es"},{"@type":"Organization","@id":"https:\/\/masquenoticias.mx\/#organization","name":"M\u00e1s Que Noticias","url":"https:\/\/masquenoticias.mx\/","logo":{"@type":"ImageObject","inLanguage":"es","@id":"https:\/\/masquenoticias.mx\/#\/schema\/logo\/image\/","url":"https:\/\/i0.wp.com\/masquenoticias.mx\/wp-content\/uploads\/2024\/04\/IMG_0004.png?fit=2560%2C1656&ssl=1","contentUrl":"https:\/\/i0.wp.com\/masquenoticias.mx\/wp-content\/uploads\/2024\/04\/IMG_0004.png?fit=2560%2C1656&ssl=1","width":2560,"height":1656,"caption":"M\u00e1s Que Noticias"},"image":{"@id":"https:\/\/masquenoticias.mx\/#\/schema\/logo\/image\/"},"sameAs":["https:\/\/www.facebook.com\/masquenoticiascolima","https:\/\/x.com\/edgartove","https:\/\/www.instagram.com\/masquenoticiascolima\/"]},{"@type":"Person","@id":"https:\/\/masquenoticias.mx\/#\/schema\/person\/544d19989ef23d34615f691f7a96e622","name":"Redacci\u00f3n","image":{"@type":"ImageObject","inLanguage":"es","@id":"https:\/\/masquenoticias.mx\/#\/schema\/person\/image\/","url":"https:\/\/secure.gravatar.com\/avatar\/7fcc926d5b058d3f3d52d95b4d05dd58?s=96&d=mm&r=g","contentUrl":"https:\/\/secure.gravatar.com\/avatar\/7fcc926d5b058d3f3d52d95b4d05dd58?s=96&d=mm&r=g","caption":"Redacci\u00f3n"},"sameAs":["http:\/\/masquenoticias.mx"],"url":"https:\/\/masquenoticias.mx\/index.php\/author\/edgartovegmail-com\/"}]}},"jetpack_featured_media_url":"https:\/\/i0.wp.com\/masquenoticias.mx\/wp-content\/uploads\/2026\/03\/WhatsApp-Image-2026-03-13-at-1.02.43-PM.jpeg?fit=1280%2C854&ssl=1","blog_post_layout_featured_media_urls":{"thumbnail":["https:\/\/i0.wp.com\/masquenoticias.mx\/wp-content\/uploads\/2026\/03\/WhatsApp-Image-2026-03-13-at-1.02.43-PM.jpeg?resize=150%2C150&ssl=1",150,150,true],"full":["https:\/\/i0.wp.com\/masquenoticias.mx\/wp-content\/uploads\/2026\/03\/WhatsApp-Image-2026-03-13-at-1.02.43-PM.jpeg?fit=1280%2C854&ssl=1",1280,854,false]},"categories_names":{"24":{"name":"Estado","link":"https:\/\/masquenoticias.mx\/index.php\/category\/estado\/"}},"tags_names":{"599":{"name":"Sheinbaum","link":"https:\/\/masquenoticias.mx\/index.php\/tag\/sheinbaum\/"}},"comments_number":"0","wpmagazine_modules_lite_featured_media_urls":{"thumbnail":["https:\/\/i0.wp.com\/masquenoticias.mx\/wp-content\/uploads\/2026\/03\/WhatsApp-Image-2026-03-13-at-1.02.43-PM.jpeg?resize=150%2C150&ssl=1",150,150,true],"cvmm-medium":["https:\/\/i0.wp.com\/masquenoticias.mx\/wp-content\/uploads\/2026\/03\/WhatsApp-Image-2026-03-13-at-1.02.43-PM.jpeg?resize=300%2C300&ssl=1",300,300,true],"cvmm-medium-plus":["https:\/\/i0.wp.com\/masquenoticias.mx\/wp-content\/uploads\/2026\/03\/WhatsApp-Image-2026-03-13-at-1.02.43-PM.jpeg?resize=305%2C207&ssl=1",305,207,true],"cvmm-portrait":["https:\/\/i0.wp.com\/masquenoticias.mx\/wp-content\/uploads\/2026\/03\/WhatsApp-Image-2026-03-13-at-1.02.43-PM.jpeg?resize=400%2C600&ssl=1",400,600,true],"cvmm-medium-square":["https:\/\/i0.wp.com\/masquenoticias.mx\/wp-content\/uploads\/2026\/03\/WhatsApp-Image-2026-03-13-at-1.02.43-PM.jpeg?resize=600%2C600&ssl=1",600,600,true],"cvmm-large":["https:\/\/i0.wp.com\/masquenoticias.mx\/wp-content\/uploads\/2026\/03\/WhatsApp-Image-2026-03-13-at-1.02.43-PM.jpeg?resize=1024%2C854&ssl=1",1024,854,true],"cvmm-small":["https:\/\/i0.wp.com\/masquenoticias.mx\/wp-content\/uploads\/2026\/03\/WhatsApp-Image-2026-03-13-at-1.02.43-PM.jpeg?resize=130%2C95&ssl=1",130,95,true],"full":["https:\/\/i0.wp.com\/masquenoticias.mx\/wp-content\/uploads\/2026\/03\/WhatsApp-Image-2026-03-13-at-1.02.43-PM.jpeg?fit=1280%2C854&ssl=1",1280,854,false]},"jetpack-related-posts":[],"jetpack_sharing_enabled":true,"jetpack_likes_enabled":true,"jetpack_shortlink":"https:\/\/wp.me\/pf7pkt-5F6","_links":{"self":[{"href":"https:\/\/masquenoticias.mx\/index.php\/wp-json\/wp\/v2\/posts\/21768","targetHints":{"allow":["GET"]}}],"collection":[{"href":"https:\/\/masquenoticias.mx\/index.php\/wp-json\/wp\/v2\/posts"}],"about":[{"href":"https:\/\/masquenoticias.mx\/index.php\/wp-json\/wp\/v2\/types\/post"}],"author":[{"embeddable":true,"href":"https:\/\/masquenoticias.mx\/index.php\/wp-json\/wp\/v2\/users\/1"}],"replies":[{"embeddable":true,"href":"https:\/\/masquenoticias.mx\/index.php\/wp-json\/wp\/v2\/comments?post=21768"}],"version-history":[{"count":1,"href":"https:\/\/masquenoticias.mx\/index.php\/wp-json\/wp\/v2\/posts\/21768\/revisions"}],"predecessor-version":[{"id":21770,"href":"https:\/\/masquenoticias.mx\/index.php\/wp-json\/wp\/v2\/posts\/21768\/revisions\/21770"}],"wp:featuredmedia":[{"embeddable":true,"href":"https:\/\/masquenoticias.mx\/index.php\/wp-json\/wp\/v2\/media\/21769"}],"wp:attachment":[{"href":"https:\/\/masquenoticias.mx\/index.php\/wp-json\/wp\/v2\/media?parent=21768"}],"wp:term":[{"taxonomy":"category","embeddable":true,"href":"https:\/\/masquenoticias.mx\/index.php\/wp-json\/wp\/v2\/categories?post=21768"},{"taxonomy":"post_tag","embeddable":true,"href":"https:\/\/masquenoticias.mx\/index.php\/wp-json\/wp\/v2\/tags?post=21768"}],"curies":[{"name":"wp","href":"https:\/\/api.w.org\/{rel}","templated":true}]}}