{"id":21765,"date":"2026-03-13T22:31:36","date_gmt":"2026-03-14T04:31:36","guid":{"rendered":"https:\/\/masquenoticias.mx\/?p=21765"},"modified":"2026-03-13T22:31:36","modified_gmt":"2026-03-14T04:31:36","slug":"indira-vizcaino-subraya-posicion-estrategica-de-manzanillo-durante-la-supervision-de-la-presidenta-sheinbaum-por-asipona","status":"publish","type":"post","link":"https:\/\/masquenoticias.mx\/index.php\/2026\/03\/13\/indira-vizcaino-subraya-posicion-estrategica-de-manzanillo-durante-la-supervision-de-la-presidenta-sheinbaum-por-asipona\/","title":{"rendered":"Indira Vizca\u00edno subraya posici\u00f3n estrat\u00e9gica de Manzanillo, durante la supervisi\u00f3n de la Presidenta Sheinbaum por Asipona"},"content":{"rendered":"<p>La ma\u00f1ana de este viernes, al t\u00e9rmino de la conferencia de prensa \u2018La Ma\u00f1anera del Pueblo\u2019 que se llev\u00f3 a cabo en la sede de la Sexta Regi\u00f3n Naval de Manzanillo, la gobernadora de Colima, Indira Vizca\u00edno Silva, acompa\u00f1\u00f3 a la presidenta de M\u00e9xico, Claudia Sheinbaum Pardo, durante un recorrido de supervisi\u00f3n que hizo la mandataria por las instalaciones de la Administraci\u00f3n del Sistema Portuario Nacional (Asipona).<\/p>\n<p>En este recorrido en el que particip\u00f3 tambi\u00e9n el almirante Pedro Raymundo Morales \u00c1ngeles, titular de la Secretar\u00eda de Marina, y la presidenta municipal de Manzanillo, Rosa Mar\u00eda Bayardo Cabrera, la gobernadora Indira Vizca\u00edno resalt\u00f3 que nuestro Puerto de Manzanillo es un pilar estrat\u00e9gico para el comercio exterior y un motor clave para el desarrollo econ\u00f3mico de M\u00e9xico.<\/p>\n<p>\u201cLa coordinaci\u00f3n entre los distintos niveles de gobierno es clave para seguir potenciando el desarrollo de nuestro Puerto de Manzanillo\u201d, reiter\u00f3 la titular del Gobierno del Estado de Colima, Indira Vizca\u00edno.<\/p>\n","protected":false},"excerpt":{"rendered":"<p>La ma\u00f1ana de este viernes, al t\u00e9rmino de la conferencia de prensa \u2018La Ma\u00f1anera del Pueblo\u2019 que se llev\u00f3 a cabo en la sede de la Sexta Regi\u00f3n Naval de Manzanillo, la gobernadora de Colima, Indira Vizca\u00edno Silva, acompa\u00f1\u00f3 a la presidenta de M\u00e9xico, Claudia Sheinbaum Pardo, durante un recorrido de supervisi\u00f3n que hizo la [&hellip;]<\/p>\n","protected":false},"author":1,"featured_media":21766,"comment_status":"open","ping_status":"open","sticky":false,"template":"","format":"standard","meta":{"_jetpack_memberships_contains_paid_content":false,"footnotes":""},"categories":[24],"tags":[26,37,599],"class_list":["post-21765","post","type-post","status-publish","format-standard","has-post-thumbnail","hentry","category-estado","tag-indira-vizcaino","tag-manzanillo","tag-sheinbaum"],"yoast_head":"<!-- This site is optimized with the Yoast SEO plugin v26.6 - https:\/\/yoast.com\/wordpress\/plugins\/seo\/ -->\n<title>Indira Vizca\u00edno subraya posici\u00f3n estrat\u00e9gica de Manzanillo, durante la supervisi\u00f3n de la Presidenta Sheinbaum por Asipona - M\u00e1s Que Noticias<\/title>\n<meta name=\"robots\" content=\"index, follow, max-snippet:-1, max-image-preview:large, max-video-preview:-1\" \/>\n<link rel=\"canonical\" href=\"https:\/\/masquenoticias.mx\/index.php\/2026\/03\/13\/indira-vizcaino-subraya-posicion-estrategica-de-manzanillo-durante-la-supervision-de-la-presidenta-sheinbaum-por-asipona\/\" \/>\n<meta property=\"og:locale\" content=\"es_MX\" \/>\n<meta property=\"og:type\" content=\"article\" \/>\n<meta property=\"og:title\" content=\"Indira Vizca\u00edno subraya posici\u00f3n estrat\u00e9gica de Manzanillo, durante la supervisi\u00f3n de la Presidenta Sheinbaum por Asipona - M\u00e1s Que Noticias\" \/>\n<meta property=\"og:description\" content=\"La ma\u00f1ana de este viernes, al t\u00e9rmino de la conferencia de prensa \u2018La Ma\u00f1anera del Pueblo\u2019 que se llev\u00f3 a cabo en la sede de la Sexta Regi\u00f3n Naval de Manzanillo, la gobernadora de Colima, Indira Vizca\u00edno Silva, acompa\u00f1\u00f3 a la presidenta de M\u00e9xico, Claudia Sheinbaum Pardo, durante un recorrido de supervisi\u00f3n que hizo la [&hellip;]\" \/>\n<meta property=\"og:url\" content=\"https:\/\/masquenoticias.mx\/index.php\/2026\/03\/13\/indira-vizcaino-subraya-posicion-estrategica-de-manzanillo-durante-la-supervision-de-la-presidenta-sheinbaum-por-asipona\/\" \/>\n<meta property=\"og:site_name\" content=\"M\u00e1s Que Noticias\" \/>\n<meta property=\"article:publisher\" content=\"https:\/\/www.facebook.com\/masquenoticiascolima\" \/>\n<meta property=\"article:published_time\" content=\"2026-03-14T04:31:36+00:00\" \/>\n<meta property=\"og:image\" content=\"https:\/\/masquenoticias.mx\/wp-content\/uploads\/2026\/03\/WhatsApp-Image-2026-03-13-at-12.28.36-PM-1.jpeg\" \/>\n\t<meta property=\"og:image:width\" content=\"1600\" \/>\n\t<meta property=\"og:image:height\" content=\"1200\" \/>\n\t<meta property=\"og:image:type\" content=\"image\/jpeg\" \/>\n<meta name=\"author\" content=\"Redacci\u00f3n\" \/>\n<meta name=\"twitter:card\" content=\"summary_large_image\" \/>\n<meta name=\"twitter:creator\" content=\"@edgartove\" \/>\n<meta name=\"twitter:site\" content=\"@edgartove\" \/>\n<meta name=\"twitter:label1\" content=\"Escrito por\" \/>\n\t<meta name=\"twitter:data1\" content=\"Redacci\u00f3n\" \/>\n\t<meta name=\"twitter:label2\" content=\"Tiempo de lectura\" \/>\n\t<meta name=\"twitter:data2\" content=\"1 minuto\" \/>\n<script type=\"application\/ld+json\" class=\"yoast-schema-graph\">{\"@context\":\"https:\/\/schema.org\",\"@graph\":[{\"@type\":\"Article\",\"@id\":\"https:\/\/masquenoticias.mx\/index.php\/2026\/03\/13\/indira-vizcaino-subraya-posicion-estrategica-de-manzanillo-durante-la-supervision-de-la-presidenta-sheinbaum-por-asipona\/#article\",\"isPartOf\":{\"@id\":\"https:\/\/masquenoticias.mx\/index.php\/2026\/03\/13\/indira-vizcaino-subraya-posicion-estrategica-de-manzanillo-durante-la-supervision-de-la-presidenta-sheinbaum-por-asipona\/\"},\"author\":{\"name\":\"Redacci\u00f3n\",\"@id\":\"https:\/\/masquenoticias.mx\/#\/schema\/person\/544d19989ef23d34615f691f7a96e622\"},\"headline\":\"Indira Vizca\u00edno subraya posici\u00f3n estrat\u00e9gica de Manzanillo, durante la supervisi\u00f3n de la Presidenta Sheinbaum por Asipona\",\"datePublished\":\"2026-03-14T04:31:36+00:00\",\"mainEntityOfPage\":{\"@id\":\"https:\/\/masquenoticias.mx\/index.php\/2026\/03\/13\/indira-vizcaino-subraya-posicion-estrategica-de-manzanillo-durante-la-supervision-de-la-presidenta-sheinbaum-por-asipona\/\"},\"wordCount\":193,\"commentCount\":0,\"publisher\":{\"@id\":\"https:\/\/masquenoticias.mx\/#organization\"},\"image\":{\"@id\":\"https:\/\/masquenoticias.mx\/index.php\/2026\/03\/13\/indira-vizcaino-subraya-posicion-estrategica-de-manzanillo-durante-la-supervision-de-la-presidenta-sheinbaum-por-asipona\/#primaryimage\"},\"thumbnailUrl\":\"https:\/\/i0.wp.com\/masquenoticias.mx\/wp-content\/uploads\/2026\/03\/WhatsApp-Image-2026-03-13-at-12.28.36-PM-1.jpeg?fit=1600%2C1200&ssl=1\",\"keywords\":[\"Indira Vizca\u00edno\",\"Manzanillo\",\"Sheinbaum\"],\"articleSection\":[\"Estado\"],\"inLanguage\":\"es\",\"potentialAction\":[{\"@type\":\"CommentAction\",\"name\":\"Comment\",\"target\":[\"https:\/\/masquenoticias.mx\/index.php\/2026\/03\/13\/indira-vizcaino-subraya-posicion-estrategica-de-manzanillo-durante-la-supervision-de-la-presidenta-sheinbaum-por-asipona\/#respond\"]}]},{\"@type\":\"WebPage\",\"@id\":\"https:\/\/masquenoticias.mx\/index.php\/2026\/03\/13\/indira-vizcaino-subraya-posicion-estrategica-de-manzanillo-durante-la-supervision-de-la-presidenta-sheinbaum-por-asipona\/\",\"url\":\"https:\/\/masquenoticias.mx\/index.php\/2026\/03\/13\/indira-vizcaino-subraya-posicion-estrategica-de-manzanillo-durante-la-supervision-de-la-presidenta-sheinbaum-por-asipona\/\",\"name\":\"Indira Vizca\u00edno subraya posici\u00f3n estrat\u00e9gica de Manzanillo, durante la supervisi\u00f3n de la Presidenta Sheinbaum por Asipona - M\u00e1s Que Noticias\",\"isPartOf\":{\"@id\":\"https:\/\/masquenoticias.mx\/#website\"},\"primaryImageOfPage\":{\"@id\":\"https:\/\/masquenoticias.mx\/index.php\/2026\/03\/13\/indira-vizcaino-subraya-posicion-estrategica-de-manzanillo-durante-la-supervision-de-la-presidenta-sheinbaum-por-asipona\/#primaryimage\"},\"image\":{\"@id\":\"https:\/\/masquenoticias.mx\/index.php\/2026\/03\/13\/indira-vizcaino-subraya-posicion-estrategica-de-manzanillo-durante-la-supervision-de-la-presidenta-sheinbaum-por-asipona\/#primaryimage\"},\"thumbnailUrl\":\"https:\/\/i0.wp.com\/masquenoticias.mx\/wp-content\/uploads\/2026\/03\/WhatsApp-Image-2026-03-13-at-12.28.36-PM-1.jpeg?fit=1600%2C1200&ssl=1\",\"datePublished\":\"2026-03-14T04:31:36+00:00\",\"breadcrumb\":{\"@id\":\"https:\/\/masquenoticias.mx\/index.php\/2026\/03\/13\/indira-vizcaino-subraya-posicion-estrategica-de-manzanillo-durante-la-supervision-de-la-presidenta-sheinbaum-por-asipona\/#breadcrumb\"},\"inLanguage\":\"es\",\"potentialAction\":[{\"@type\":\"ReadAction\",\"target\":[\"https:\/\/masquenoticias.mx\/index.php\/2026\/03\/13\/indira-vizcaino-subraya-posicion-estrategica-de-manzanillo-durante-la-supervision-de-la-presidenta-sheinbaum-por-asipona\/\"]}]},{\"@type\":\"ImageObject\",\"inLanguage\":\"es\",\"@id\":\"https:\/\/masquenoticias.mx\/index.php\/2026\/03\/13\/indira-vizcaino-subraya-posicion-estrategica-de-manzanillo-durante-la-supervision-de-la-presidenta-sheinbaum-por-asipona\/#primaryimage\",\"url\":\"https:\/\/i0.wp.com\/masquenoticias.mx\/wp-content\/uploads\/2026\/03\/WhatsApp-Image-2026-03-13-at-12.28.36-PM-1.jpeg?fit=1600%2C1200&ssl=1\",\"contentUrl\":\"https:\/\/i0.wp.com\/masquenoticias.mx\/wp-content\/uploads\/2026\/03\/WhatsApp-Image-2026-03-13-at-12.28.36-PM-1.jpeg?fit=1600%2C1200&ssl=1\",\"width\":1600,\"height\":1200},{\"@type\":\"BreadcrumbList\",\"@id\":\"https:\/\/masquenoticias.mx\/index.php\/2026\/03\/13\/indira-vizcaino-subraya-posicion-estrategica-de-manzanillo-durante-la-supervision-de-la-presidenta-sheinbaum-por-asipona\/#breadcrumb\",\"itemListElement\":[{\"@type\":\"ListItem\",\"position\":1,\"name\":\"Inicio\",\"item\":\"https:\/\/masquenoticias.mx\/\"},{\"@type\":\"ListItem\",\"position\":2,\"name\":\"Indira Vizca\u00edno subraya posici\u00f3n estrat\u00e9gica de Manzanillo, durante la supervisi\u00f3n de la Presidenta Sheinbaum por Asipona\"}]},{\"@type\":\"WebSite\",\"@id\":\"https:\/\/masquenoticias.mx\/#website\",\"url\":\"https:\/\/masquenoticias.mx\/\",\"name\":\"M\u00e1s Que Noticias\",\"description\":\"Noticias de Colima, M\u00e9xico y el Mundo\",\"publisher\":{\"@id\":\"https:\/\/masquenoticias.mx\/#organization\"},\"potentialAction\":[{\"@type\":\"SearchAction\",\"target\":{\"@type\":\"EntryPoint\",\"urlTemplate\":\"https:\/\/masquenoticias.mx\/?s={search_term_string}\"},\"query-input\":{\"@type\":\"PropertyValueSpecification\",\"valueRequired\":true,\"valueName\":\"search_term_string\"}}],\"inLanguage\":\"es\"},{\"@type\":\"Organization\",\"@id\":\"https:\/\/masquenoticias.mx\/#organization\",\"name\":\"M\u00e1s Que Noticias\",\"url\":\"https:\/\/masquenoticias.mx\/\",\"logo\":{\"@type\":\"ImageObject\",\"inLanguage\":\"es\",\"@id\":\"https:\/\/masquenoticias.mx\/#\/schema\/logo\/image\/\",\"url\":\"https:\/\/i0.wp.com\/masquenoticias.mx\/wp-content\/uploads\/2024\/04\/IMG_0004.png?fit=2560%2C1656&ssl=1\",\"contentUrl\":\"https:\/\/i0.wp.com\/masquenoticias.mx\/wp-content\/uploads\/2024\/04\/IMG_0004.png?fit=2560%2C1656&ssl=1\",\"width\":2560,\"height\":1656,\"caption\":\"M\u00e1s Que Noticias\"},\"image\":{\"@id\":\"https:\/\/masquenoticias.mx\/#\/schema\/logo\/image\/\"},\"sameAs\":[\"https:\/\/www.facebook.com\/masquenoticiascolima\",\"https:\/\/x.com\/edgartove\",\"https:\/\/www.instagram.com\/masquenoticiascolima\/\"]},{\"@type\":\"Person\",\"@id\":\"https:\/\/masquenoticias.mx\/#\/schema\/person\/544d19989ef23d34615f691f7a96e622\",\"name\":\"Redacci\u00f3n\",\"image\":{\"@type\":\"ImageObject\",\"inLanguage\":\"es\",\"@id\":\"https:\/\/masquenoticias.mx\/#\/schema\/person\/image\/\",\"url\":\"https:\/\/secure.gravatar.com\/avatar\/7fcc926d5b058d3f3d52d95b4d05dd58?s=96&d=mm&r=g\",\"contentUrl\":\"https:\/\/secure.gravatar.com\/avatar\/7fcc926d5b058d3f3d52d95b4d05dd58?s=96&d=mm&r=g\",\"caption\":\"Redacci\u00f3n\"},\"sameAs\":[\"http:\/\/masquenoticias.mx\"],\"url\":\"https:\/\/masquenoticias.mx\/index.php\/author\/edgartovegmail-com\/\"}]}<\/script>\n<!-- \/ Yoast SEO plugin. -->","yoast_head_json":{"title":"Indira Vizca\u00edno subraya posici\u00f3n estrat\u00e9gica de Manzanillo, durante la supervisi\u00f3n de la Presidenta Sheinbaum por Asipona - M\u00e1s Que Noticias","robots":{"index":"index","follow":"follow","max-snippet":"max-snippet:-1","max-image-preview":"max-image-preview:large","max-video-preview":"max-video-preview:-1"},"canonical":"https:\/\/masquenoticias.mx\/index.php\/2026\/03\/13\/indira-vizcaino-subraya-posicion-estrategica-de-manzanillo-durante-la-supervision-de-la-presidenta-sheinbaum-por-asipona\/","og_locale":"es_MX","og_type":"article","og_title":"Indira Vizca\u00edno subraya posici\u00f3n estrat\u00e9gica de Manzanillo, durante la supervisi\u00f3n de la Presidenta Sheinbaum por Asipona - M\u00e1s Que Noticias","og_description":"La ma\u00f1ana de este viernes, al t\u00e9rmino de la conferencia de prensa \u2018La Ma\u00f1anera del Pueblo\u2019 que se llev\u00f3 a cabo en la sede de la Sexta Regi\u00f3n Naval de Manzanillo, la gobernadora de Colima, Indira Vizca\u00edno Silva, acompa\u00f1\u00f3 a la presidenta de M\u00e9xico, Claudia Sheinbaum Pardo, durante un recorrido de supervisi\u00f3n que hizo la [&hellip;]","og_url":"https:\/\/masquenoticias.mx\/index.php\/2026\/03\/13\/indira-vizcaino-subraya-posicion-estrategica-de-manzanillo-durante-la-supervision-de-la-presidenta-sheinbaum-por-asipona\/","og_site_name":"M\u00e1s Que Noticias","article_publisher":"https:\/\/www.facebook.com\/masquenoticiascolima","article_published_time":"2026-03-14T04:31:36+00:00","og_image":[{"width":1600,"height":1200,"url":"https:\/\/masquenoticias.mx\/wp-content\/uploads\/2026\/03\/WhatsApp-Image-2026-03-13-at-12.28.36-PM-1.jpeg","type":"image\/jpeg"}],"author":"Redacci\u00f3n","twitter_card":"summary_large_image","twitter_creator":"@edgartove","twitter_site":"@edgartove","twitter_misc":{"Escrito por":"Redacci\u00f3n","Tiempo de lectura":"1 minuto"},"schema":{"@context":"https:\/\/schema.org","@graph":[{"@type":"Article","@id":"https:\/\/masquenoticias.mx\/index.php\/2026\/03\/13\/indira-vizcaino-subraya-posicion-estrategica-de-manzanillo-durante-la-supervision-de-la-presidenta-sheinbaum-por-asipona\/#article","isPartOf":{"@id":"https:\/\/masquenoticias.mx\/index.php\/2026\/03\/13\/indira-vizcaino-subraya-posicion-estrategica-de-manzanillo-durante-la-supervision-de-la-presidenta-sheinbaum-por-asipona\/"},"author":{"name":"Redacci\u00f3n","@id":"https:\/\/masquenoticias.mx\/#\/schema\/person\/544d19989ef23d34615f691f7a96e622"},"headline":"Indira Vizca\u00edno subraya posici\u00f3n estrat\u00e9gica de Manzanillo, durante la supervisi\u00f3n de la Presidenta Sheinbaum por Asipona","datePublished":"2026-03-14T04:31:36+00:00","mainEntityOfPage":{"@id":"https:\/\/masquenoticias.mx\/index.php\/2026\/03\/13\/indira-vizcaino-subraya-posicion-estrategica-de-manzanillo-durante-la-supervision-de-la-presidenta-sheinbaum-por-asipona\/"},"wordCount":193,"commentCount":0,"publisher":{"@id":"https:\/\/masquenoticias.mx\/#organization"},"image":{"@id":"https:\/\/masquenoticias.mx\/index.php\/2026\/03\/13\/indira-vizcaino-subraya-posicion-estrategica-de-manzanillo-durante-la-supervision-de-la-presidenta-sheinbaum-por-asipona\/#primaryimage"},"thumbnailUrl":"https:\/\/i0.wp.com\/masquenoticias.mx\/wp-content\/uploads\/2026\/03\/WhatsApp-Image-2026-03-13-at-12.28.36-PM-1.jpeg?fit=1600%2C1200&ssl=1","keywords":["Indira Vizca\u00edno","Manzanillo","Sheinbaum"],"articleSection":["Estado"],"inLanguage":"es","potentialAction":[{"@type":"CommentAction","name":"Comment","target":["https:\/\/masquenoticias.mx\/index.php\/2026\/03\/13\/indira-vizcaino-subraya-posicion-estrategica-de-manzanillo-durante-la-supervision-de-la-presidenta-sheinbaum-por-asipona\/#respond"]}]},{"@type":"WebPage","@id":"https:\/\/masquenoticias.mx\/index.php\/2026\/03\/13\/indira-vizcaino-subraya-posicion-estrategica-de-manzanillo-durante-la-supervision-de-la-presidenta-sheinbaum-por-asipona\/","url":"https:\/\/masquenoticias.mx\/index.php\/2026\/03\/13\/indira-vizcaino-subraya-posicion-estrategica-de-manzanillo-durante-la-supervision-de-la-presidenta-sheinbaum-por-asipona\/","name":"Indira Vizca\u00edno subraya posici\u00f3n estrat\u00e9gica de Manzanillo, durante la supervisi\u00f3n de la Presidenta Sheinbaum por Asipona - M\u00e1s Que Noticias","isPartOf":{"@id":"https:\/\/masquenoticias.mx\/#website"},"primaryImageOfPage":{"@id":"https:\/\/masquenoticias.mx\/index.php\/2026\/03\/13\/indira-vizcaino-subraya-posicion-estrategica-de-manzanillo-durante-la-supervision-de-la-presidenta-sheinbaum-por-asipona\/#primaryimage"},"image":{"@id":"https:\/\/masquenoticias.mx\/index.php\/2026\/03\/13\/indira-vizcaino-subraya-posicion-estrategica-de-manzanillo-durante-la-supervision-de-la-presidenta-sheinbaum-por-asipona\/#primaryimage"},"thumbnailUrl":"https:\/\/i0.wp.com\/masquenoticias.mx\/wp-content\/uploads\/2026\/03\/WhatsApp-Image-2026-03-13-at-12.28.36-PM-1.jpeg?fit=1600%2C1200&ssl=1","datePublished":"2026-03-14T04:31:36+00:00","breadcrumb":{"@id":"https:\/\/masquenoticias.mx\/index.php\/2026\/03\/13\/indira-vizcaino-subraya-posicion-estrategica-de-manzanillo-durante-la-supervision-de-la-presidenta-sheinbaum-por-asipona\/#breadcrumb"},"inLanguage":"es","potentialAction":[{"@type":"ReadAction","target":["https:\/\/masquenoticias.mx\/index.php\/2026\/03\/13\/indira-vizcaino-subraya-posicion-estrategica-de-manzanillo-durante-la-supervision-de-la-presidenta-sheinbaum-por-asipona\/"]}]},{"@type":"ImageObject","inLanguage":"es","@id":"https:\/\/masquenoticias.mx\/index.php\/2026\/03\/13\/indira-vizcaino-subraya-posicion-estrategica-de-manzanillo-durante-la-supervision-de-la-presidenta-sheinbaum-por-asipona\/#primaryimage","url":"https:\/\/i0.wp.com\/masquenoticias.mx\/wp-content\/uploads\/2026\/03\/WhatsApp-Image-2026-03-13-at-12.28.36-PM-1.jpeg?fit=1600%2C1200&ssl=1","contentUrl":"https:\/\/i0.wp.com\/masquenoticias.mx\/wp-content\/uploads\/2026\/03\/WhatsApp-Image-2026-03-13-at-12.28.36-PM-1.jpeg?fit=1600%2C1200&ssl=1","width":1600,"height":1200},{"@type":"BreadcrumbList","@id":"https:\/\/masquenoticias.mx\/index.php\/2026\/03\/13\/indira-vizcaino-subraya-posicion-estrategica-de-manzanillo-durante-la-supervision-de-la-presidenta-sheinbaum-por-asipona\/#breadcrumb","itemListElement":[{"@type":"ListItem","position":1,"name":"Inicio","item":"https:\/\/masquenoticias.mx\/"},{"@type":"ListItem","position":2,"name":"Indira Vizca\u00edno subraya posici\u00f3n estrat\u00e9gica de Manzanillo, durante la supervisi\u00f3n de la Presidenta Sheinbaum por Asipona"}]},{"@type":"WebSite","@id":"https:\/\/masquenoticias.mx\/#website","url":"https:\/\/masquenoticias.mx\/","name":"M\u00e1s Que Noticias","description":"Noticias de Colima, M\u00e9xico y el Mundo","publisher":{"@id":"https:\/\/masquenoticias.mx\/#organization"},"potentialAction":[{"@type":"SearchAction","target":{"@type":"EntryPoint","urlTemplate":"https:\/\/masquenoticias.mx\/?s={search_term_string}"},"query-input":{"@type":"PropertyValueSpecification","valueRequired":true,"valueName":"search_term_string"}}],"inLanguage":"es"},{"@type":"Organization","@id":"https:\/\/masquenoticias.mx\/#organization","name":"M\u00e1s Que Noticias","url":"https:\/\/masquenoticias.mx\/","logo":{"@type":"ImageObject","inLanguage":"es","@id":"https:\/\/masquenoticias.mx\/#\/schema\/logo\/image\/","url":"https:\/\/i0.wp.com\/masquenoticias.mx\/wp-content\/uploads\/2024\/04\/IMG_0004.png?fit=2560%2C1656&ssl=1","contentUrl":"https:\/\/i0.wp.com\/masquenoticias.mx\/wp-content\/uploads\/2024\/04\/IMG_0004.png?fit=2560%2C1656&ssl=1","width":2560,"height":1656,"caption":"M\u00e1s Que Noticias"},"image":{"@id":"https:\/\/masquenoticias.mx\/#\/schema\/logo\/image\/"},"sameAs":["https:\/\/www.facebook.com\/masquenoticiascolima","https:\/\/x.com\/edgartove","https:\/\/www.instagram.com\/masquenoticiascolima\/"]},{"@type":"Person","@id":"https:\/\/masquenoticias.mx\/#\/schema\/person\/544d19989ef23d34615f691f7a96e622","name":"Redacci\u00f3n","image":{"@type":"ImageObject","inLanguage":"es","@id":"https:\/\/masquenoticias.mx\/#\/schema\/person\/image\/","url":"https:\/\/secure.gravatar.com\/avatar\/7fcc926d5b058d3f3d52d95b4d05dd58?s=96&d=mm&r=g","contentUrl":"https:\/\/secure.gravatar.com\/avatar\/7fcc926d5b058d3f3d52d95b4d05dd58?s=96&d=mm&r=g","caption":"Redacci\u00f3n"},"sameAs":["http:\/\/masquenoticias.mx"],"url":"https:\/\/masquenoticias.mx\/index.php\/author\/edgartovegmail-com\/"}]}},"jetpack_featured_media_url":"https:\/\/i0.wp.com\/masquenoticias.mx\/wp-content\/uploads\/2026\/03\/WhatsApp-Image-2026-03-13-at-12.28.36-PM-1.jpeg?fit=1600%2C1200&ssl=1","blog_post_layout_featured_media_urls":{"thumbnail":["https:\/\/i0.wp.com\/masquenoticias.mx\/wp-content\/uploads\/2026\/03\/WhatsApp-Image-2026-03-13-at-12.28.36-PM-1.jpeg?resize=150%2C150&ssl=1",150,150,true],"full":["https:\/\/i0.wp.com\/masquenoticias.mx\/wp-content\/uploads\/2026\/03\/WhatsApp-Image-2026-03-13-at-12.28.36-PM-1.jpeg?fit=1600%2C1200&ssl=1",1600,1200,false]},"categories_names":{"24":{"name":"Estado","link":"https:\/\/masquenoticias.mx\/index.php\/category\/estado\/"}},"tags_names":{"26":{"name":"Indira Vizca\u00edno","link":"https:\/\/masquenoticias.mx\/index.php\/tag\/indira-vizcaino\/"},"37":{"name":"Manzanillo","link":"https:\/\/masquenoticias.mx\/index.php\/tag\/manzanillo\/"},"599":{"name":"Sheinbaum","link":"https:\/\/masquenoticias.mx\/index.php\/tag\/sheinbaum\/"}},"comments_number":"0","wpmagazine_modules_lite_featured_media_urls":{"thumbnail":["https:\/\/i0.wp.com\/masquenoticias.mx\/wp-content\/uploads\/2026\/03\/WhatsApp-Image-2026-03-13-at-12.28.36-PM-1.jpeg?resize=150%2C150&ssl=1",150,150,true],"cvmm-medium":["https:\/\/i0.wp.com\/masquenoticias.mx\/wp-content\/uploads\/2026\/03\/WhatsApp-Image-2026-03-13-at-12.28.36-PM-1.jpeg?resize=300%2C300&ssl=1",300,300,true],"cvmm-medium-plus":["https:\/\/i0.wp.com\/masquenoticias.mx\/wp-content\/uploads\/2026\/03\/WhatsApp-Image-2026-03-13-at-12.28.36-PM-1.jpeg?resize=305%2C207&ssl=1",305,207,true],"cvmm-portrait":["https:\/\/i0.wp.com\/masquenoticias.mx\/wp-content\/uploads\/2026\/03\/WhatsApp-Image-2026-03-13-at-12.28.36-PM-1.jpeg?resize=400%2C600&ssl=1",400,600,true],"cvmm-medium-square":["https:\/\/i0.wp.com\/masquenoticias.mx\/wp-content\/uploads\/2026\/03\/WhatsApp-Image-2026-03-13-at-12.28.36-PM-1.jpeg?resize=600%2C600&ssl=1",600,600,true],"cvmm-large":["https:\/\/i0.wp.com\/masquenoticias.mx\/wp-content\/uploads\/2026\/03\/WhatsApp-Image-2026-03-13-at-12.28.36-PM-1.jpeg?resize=1024%2C1024&ssl=1",1024,1024,true],"cvmm-small":["https:\/\/i0.wp.com\/masquenoticias.mx\/wp-content\/uploads\/2026\/03\/WhatsApp-Image-2026-03-13-at-12.28.36-PM-1.jpeg?resize=130%2C95&ssl=1",130,95,true],"full":["https:\/\/i0.wp.com\/masquenoticias.mx\/wp-content\/uploads\/2026\/03\/WhatsApp-Image-2026-03-13-at-12.28.36-PM-1.jpeg?fit=1600%2C1200&ssl=1",1600,1200,false]},"jetpack-related-posts":[],"jetpack_sharing_enabled":true,"jetpack_likes_enabled":true,"jetpack_shortlink":"https:\/\/wp.me\/pf7pkt-5F3","_links":{"self":[{"href":"https:\/\/masquenoticias.mx\/index.php\/wp-json\/wp\/v2\/posts\/21765","targetHints":{"allow":["GET"]}}],"collection":[{"href":"https:\/\/masquenoticias.mx\/index.php\/wp-json\/wp\/v2\/posts"}],"about":[{"href":"https:\/\/masquenoticias.mx\/index.php\/wp-json\/wp\/v2\/types\/post"}],"author":[{"embeddable":true,"href":"https:\/\/masquenoticias.mx\/index.php\/wp-json\/wp\/v2\/users\/1"}],"replies":[{"embeddable":true,"href":"https:\/\/masquenoticias.mx\/index.php\/wp-json\/wp\/v2\/comments?post=21765"}],"version-history":[{"count":1,"href":"https:\/\/masquenoticias.mx\/index.php\/wp-json\/wp\/v2\/posts\/21765\/revisions"}],"predecessor-version":[{"id":21767,"href":"https:\/\/masquenoticias.mx\/index.php\/wp-json\/wp\/v2\/posts\/21765\/revisions\/21767"}],"wp:featuredmedia":[{"embeddable":true,"href":"https:\/\/masquenoticias.mx\/index.php\/wp-json\/wp\/v2\/media\/21766"}],"wp:attachment":[{"href":"https:\/\/masquenoticias.mx\/index.php\/wp-json\/wp\/v2\/media?parent=21765"}],"wp:term":[{"taxonomy":"category","embeddable":true,"href":"https:\/\/masquenoticias.mx\/index.php\/wp-json\/wp\/v2\/categories?post=21765"},{"taxonomy":"post_tag","embeddable":true,"href":"https:\/\/masquenoticias.mx\/index.php\/wp-json\/wp\/v2\/tags?post=21765"}],"curies":[{"name":"wp","href":"https:\/\/api.w.org\/{rel}","templated":true}]}}