{"id":21762,"date":"2026-03-13T22:23:47","date_gmt":"2026-03-14T04:23:47","guid":{"rendered":"https:\/\/masquenoticias.mx\/?p=21762"},"modified":"2026-03-13T22:23:47","modified_gmt":"2026-03-14T04:23:47","slug":"respaldo-del-gobierno-de-mexico-se-ve-en-todo-colima-indira-vizcaino-en-la-mananera-con-la-presidenta-desde-manzanillo","status":"publish","type":"post","link":"https:\/\/masquenoticias.mx\/index.php\/2026\/03\/13\/respaldo-del-gobierno-de-mexico-se-ve-en-todo-colima-indira-vizcaino-en-la-mananera-con-la-presidenta-desde-manzanillo\/","title":{"rendered":"Respaldo del Gobierno de M\u00e9xico se ve en todo Colima: Indira Vizca\u00edno en \u2018La Ma\u00f1anera\u2019 con la Presidenta desde Manzanillo"},"content":{"rendered":"<p>La gobernadora Indira Vizca\u00edno Silva particip\u00f3 este viernes en \u2018La Ma\u00f1anera del Pueblo\u2019 con la presidenta de M\u00e9xico, Claudia Sheinbaum Pardo, desde Manzanillo, donde la mandataria estatal destac\u00f3 los resultados logrados en la entidad en distintos rubros, gracias a la constante coordinaci\u00f3n y suma de esfuerzos entre el Gobierno de M\u00e9xico y Gobierno del Estado de Colima.<\/p>\n<p>Dijo que, con la suma de esfuerzos, como los programas sociales de la Federaci\u00f3n y el programa estatal #ColiBecas para apoyar a quienes m\u00e1s lo necesitan, se logr\u00f3 reducir la pobreza a la mitad en la entidad, pasando del 30 a 15%; adem\u00e1s de que el apoyo de la Presidencia de la Rep\u00fablica ha sido fundamental para impulsar proyectos de infraestructura, cambiando las posibilidades de crecimiento y desarrollo de Colima.<\/p>\n<p>\u201cHemos hablado tambi\u00e9n del enorme potencial de bienestar y futuro que representa el proyecto de ampliaci\u00f3n del Puerto de Manzanillo y de c\u00f3mo lo haremos con un respeto irrestricto al medio ambiente. El respaldo del Gobierno de M\u00e9xico se ve y se siente en Manzanillo y en todo el estado de Colima, el pueblo lo nota\u201d, expres\u00f3 la titular del Poder Ejecutivo estatal.<\/p>\n<p>Adem\u00e1s de enumerar resultados positivos en la econom\u00eda colimense, Indira Vizca\u00edno resalt\u00f3 la coordinaci\u00f3n entre ambos gobiernos en seguridad, logrando la disminuci\u00f3n de 26% en homicidio doloso durante 2025 respecto a 2024, feminicidio 50%, secuestro 60%, privaci\u00f3n ilegal de la libertad 30%, extorsi\u00f3n 21% y robo a casa habitaci\u00f3n 10%.<\/p>\n<p>\u201cEl tema de seguridad es un tema en el que toda la sociedad, incluyendo a estos gobiernos que emanan del pueblo y las fuerzas armadas que son pueblo uniformado, debemos estar unidas y unidos. Es el pueblo mismo sumando esfuerzos con su gobierno, con todas las instituciones p\u00fablicas y privadas, y haciendo todas y todos lo necesario para construir una paz duradera\u201d, agreg\u00f3 la mandataria colimense.<\/p>\n<p><strong>COLIMA RECIBIR\u00c1 M\u00c1S DE 10 MMDP DE INVERSI\u00d3N<\/strong><\/p>\n<p>La presidenta de M\u00e9xico inform\u00f3 que Colima recibe, adem\u00e1s de las aportaciones federales, 6 mil 52 millones de pesos en Programas de Bienestar y que entre 2025 y 2026 recibir\u00e1 m\u00e1s de 10 mil millones de pesos en obras de infraestructura; \u201ces una inversi\u00f3n hist\u00f3rica para Colima, adem\u00e1s de lo que ustedes ya conocen que son las obras relacionadas con el Puerto de Manzanillo que son fundamentales\u201d.<\/p>\n<p>Claudia Sheinbaum reconoci\u00f3 el excelente trabajo y las gestiones realizadas hasta el momento por la gobernadora Indira Vizca\u00edno en favor de las y los colimenses, asegur\u00f3 que el Gobierno de M\u00e9xico seguir\u00e1 apoyando al estado de Colima tanto con obra p\u00fablica como en seguridad, para seguir dando resultados al pueblo.<\/p>\n<p>Durante la conferencia de prensa, Marcela Figueroa Franco, titular del Secretariado Ejecutivo del Sistema Nacional de Seguridad P\u00fablica, present\u00f3 el informe de la incidencia delictiva de la entidad y Roc\u00edo B\u00e1rcena Molina, subsecretaria de Construcci\u00f3n de Paz y Participaci\u00f3n Social de la Segob, habl\u00f3 de las acciones realizadas como parte del eje de atenci\u00f3n a las causas.<\/p>\n<p>El secretario de Seguridad y Protecci\u00f3n Ciudadana, Omar Garc\u00eda Harfuch, mencion\u00f3 que Colima es una entidad prioritaria para el Gobierno de M\u00e9xico, por lo que se fortaleci\u00f3 la presencia operativa del Gabinete de Seguridad con un estado de fuerza de m\u00e1s de 4 mil 400 elementos de las distintas instituciones que la integran y reconoci\u00f3 la estrecha coordinaci\u00f3n con el gobierno que encabeza Indira Vizca\u00edno en esa materia.<\/p>\n<p>Tambi\u00e9n participaron Jes\u00fas Antonio Esteva Medina, secretario de Infraestructura, Comunicaciones y Transportes (SICT), y el titular de la Comisi\u00f3n Nacional del Agua (Conagua), Efra\u00edn Morales L\u00f3pez, quienes presentaron los proyectos que se realizan actualmente en la entidad, as\u00ed como los que inician este mismo a\u00f1o 2026.<\/p>\n<p>La transmisi\u00f3n completa de esta conferencia \u2018La Ma\u00f1anera del Pueblo\u2019 se puede consultar en el siguiente enlace:<br \/>\n<a href=\"https:\/\/www.facebook.com\/ClaudiaSheinbaumPardo\/videos\/951511910736898\">https:\/\/www.facebook.com\/ClaudiaSheinbaumPardo\/videos\/951511910736898<\/a><\/p>\n","protected":false},"excerpt":{"rendered":"<p>La gobernadora Indira Vizca\u00edno Silva particip\u00f3 este viernes en \u2018La Ma\u00f1anera del Pueblo\u2019 con la presidenta de M\u00e9xico, Claudia Sheinbaum Pardo, desde Manzanillo, donde la mandataria estatal destac\u00f3 los resultados logrados en la entidad en distintos rubros, gracias a la constante coordinaci\u00f3n y suma de esfuerzos entre el Gobierno de M\u00e9xico y Gobierno del Estado [&hellip;]<\/p>\n","protected":false},"author":1,"featured_media":21763,"comment_status":"open","ping_status":"open","sticky":false,"template":"","format":"standard","meta":{"_jetpack_memberships_contains_paid_content":false,"footnotes":""},"categories":[24],"tags":[599],"class_list":["post-21762","post","type-post","status-publish","format-standard","has-post-thumbnail","hentry","category-estado","tag-sheinbaum"],"yoast_head":"<!-- This site is optimized with the Yoast SEO plugin v26.6 - https:\/\/yoast.com\/wordpress\/plugins\/seo\/ -->\n<title>Respaldo del Gobierno de M\u00e9xico se ve en todo Colima: Indira Vizca\u00edno en \u2018La Ma\u00f1anera\u2019 con la Presidenta desde Manzanillo - M\u00e1s Que Noticias<\/title>\n<meta name=\"robots\" content=\"index, follow, max-snippet:-1, max-image-preview:large, max-video-preview:-1\" \/>\n<link rel=\"canonical\" href=\"https:\/\/masquenoticias.mx\/index.php\/2026\/03\/13\/respaldo-del-gobierno-de-mexico-se-ve-en-todo-colima-indira-vizcaino-en-la-mananera-con-la-presidenta-desde-manzanillo\/\" \/>\n<meta property=\"og:locale\" content=\"es_MX\" \/>\n<meta property=\"og:type\" content=\"article\" \/>\n<meta property=\"og:title\" content=\"Respaldo del Gobierno de M\u00e9xico se ve en todo Colima: Indira Vizca\u00edno en \u2018La Ma\u00f1anera\u2019 con la Presidenta desde Manzanillo - M\u00e1s Que Noticias\" \/>\n<meta property=\"og:description\" content=\"La gobernadora Indira Vizca\u00edno Silva particip\u00f3 este viernes en \u2018La Ma\u00f1anera del Pueblo\u2019 con la presidenta de M\u00e9xico, Claudia Sheinbaum Pardo, desde Manzanillo, donde la mandataria estatal destac\u00f3 los resultados logrados en la entidad en distintos rubros, gracias a la constante coordinaci\u00f3n y suma de esfuerzos entre el Gobierno de M\u00e9xico y Gobierno del Estado [&hellip;]\" \/>\n<meta property=\"og:url\" content=\"https:\/\/masquenoticias.mx\/index.php\/2026\/03\/13\/respaldo-del-gobierno-de-mexico-se-ve-en-todo-colima-indira-vizcaino-en-la-mananera-con-la-presidenta-desde-manzanillo\/\" \/>\n<meta property=\"og:site_name\" content=\"M\u00e1s Que Noticias\" \/>\n<meta property=\"article:publisher\" content=\"https:\/\/www.facebook.com\/masquenoticiascolima\" \/>\n<meta property=\"article:published_time\" content=\"2026-03-14T04:23:47+00:00\" \/>\n<meta property=\"og:image\" content=\"https:\/\/masquenoticias.mx\/wp-content\/uploads\/2026\/03\/WhatsApp-Image-2026-03-13-at-11.39.12-AM.jpeg\" \/>\n\t<meta property=\"og:image:width\" content=\"1280\" \/>\n\t<meta property=\"og:image:height\" content=\"854\" \/>\n\t<meta property=\"og:image:type\" content=\"image\/jpeg\" \/>\n<meta name=\"author\" content=\"Redacci\u00f3n\" \/>\n<meta name=\"twitter:card\" content=\"summary_large_image\" \/>\n<meta name=\"twitter:creator\" content=\"@edgartove\" \/>\n<meta name=\"twitter:site\" content=\"@edgartove\" \/>\n<meta name=\"twitter:label1\" content=\"Escrito por\" \/>\n\t<meta name=\"twitter:data1\" content=\"Redacci\u00f3n\" \/>\n\t<meta name=\"twitter:label2\" content=\"Tiempo de lectura\" \/>\n\t<meta name=\"twitter:data2\" content=\"4 minutos\" \/>\n<script type=\"application\/ld+json\" class=\"yoast-schema-graph\">{\"@context\":\"https:\/\/schema.org\",\"@graph\":[{\"@type\":\"Article\",\"@id\":\"https:\/\/masquenoticias.mx\/index.php\/2026\/03\/13\/respaldo-del-gobierno-de-mexico-se-ve-en-todo-colima-indira-vizcaino-en-la-mananera-con-la-presidenta-desde-manzanillo\/#article\",\"isPartOf\":{\"@id\":\"https:\/\/masquenoticias.mx\/index.php\/2026\/03\/13\/respaldo-del-gobierno-de-mexico-se-ve-en-todo-colima-indira-vizcaino-en-la-mananera-con-la-presidenta-desde-manzanillo\/\"},\"author\":{\"name\":\"Redacci\u00f3n\",\"@id\":\"https:\/\/masquenoticias.mx\/#\/schema\/person\/544d19989ef23d34615f691f7a96e622\"},\"headline\":\"Respaldo del Gobierno de M\u00e9xico se ve en todo Colima: Indira Vizca\u00edno en \u2018La Ma\u00f1anera\u2019 con la Presidenta desde Manzanillo\",\"datePublished\":\"2026-03-14T04:23:47+00:00\",\"mainEntityOfPage\":{\"@id\":\"https:\/\/masquenoticias.mx\/index.php\/2026\/03\/13\/respaldo-del-gobierno-de-mexico-se-ve-en-todo-colima-indira-vizcaino-en-la-mananera-con-la-presidenta-desde-manzanillo\/\"},\"wordCount\":682,\"commentCount\":0,\"publisher\":{\"@id\":\"https:\/\/masquenoticias.mx\/#organization\"},\"image\":{\"@id\":\"https:\/\/masquenoticias.mx\/index.php\/2026\/03\/13\/respaldo-del-gobierno-de-mexico-se-ve-en-todo-colima-indira-vizcaino-en-la-mananera-con-la-presidenta-desde-manzanillo\/#primaryimage\"},\"thumbnailUrl\":\"https:\/\/i0.wp.com\/masquenoticias.mx\/wp-content\/uploads\/2026\/03\/WhatsApp-Image-2026-03-13-at-11.39.12-AM.jpeg?fit=1280%2C854&ssl=1\",\"keywords\":[\"Sheinbaum\"],\"articleSection\":[\"Estado\"],\"inLanguage\":\"es\",\"potentialAction\":[{\"@type\":\"CommentAction\",\"name\":\"Comment\",\"target\":[\"https:\/\/masquenoticias.mx\/index.php\/2026\/03\/13\/respaldo-del-gobierno-de-mexico-se-ve-en-todo-colima-indira-vizcaino-en-la-mananera-con-la-presidenta-desde-manzanillo\/#respond\"]}]},{\"@type\":\"WebPage\",\"@id\":\"https:\/\/masquenoticias.mx\/index.php\/2026\/03\/13\/respaldo-del-gobierno-de-mexico-se-ve-en-todo-colima-indira-vizcaino-en-la-mananera-con-la-presidenta-desde-manzanillo\/\",\"url\":\"https:\/\/masquenoticias.mx\/index.php\/2026\/03\/13\/respaldo-del-gobierno-de-mexico-se-ve-en-todo-colima-indira-vizcaino-en-la-mananera-con-la-presidenta-desde-manzanillo\/\",\"name\":\"Respaldo del Gobierno de M\u00e9xico se ve en todo Colima: Indira Vizca\u00edno en \u2018La Ma\u00f1anera\u2019 con la Presidenta desde Manzanillo - M\u00e1s Que Noticias\",\"isPartOf\":{\"@id\":\"https:\/\/masquenoticias.mx\/#website\"},\"primaryImageOfPage\":{\"@id\":\"https:\/\/masquenoticias.mx\/index.php\/2026\/03\/13\/respaldo-del-gobierno-de-mexico-se-ve-en-todo-colima-indira-vizcaino-en-la-mananera-con-la-presidenta-desde-manzanillo\/#primaryimage\"},\"image\":{\"@id\":\"https:\/\/masquenoticias.mx\/index.php\/2026\/03\/13\/respaldo-del-gobierno-de-mexico-se-ve-en-todo-colima-indira-vizcaino-en-la-mananera-con-la-presidenta-desde-manzanillo\/#primaryimage\"},\"thumbnailUrl\":\"https:\/\/i0.wp.com\/masquenoticias.mx\/wp-content\/uploads\/2026\/03\/WhatsApp-Image-2026-03-13-at-11.39.12-AM.jpeg?fit=1280%2C854&ssl=1\",\"datePublished\":\"2026-03-14T04:23:47+00:00\",\"breadcrumb\":{\"@id\":\"https:\/\/masquenoticias.mx\/index.php\/2026\/03\/13\/respaldo-del-gobierno-de-mexico-se-ve-en-todo-colima-indira-vizcaino-en-la-mananera-con-la-presidenta-desde-manzanillo\/#breadcrumb\"},\"inLanguage\":\"es\",\"potentialAction\":[{\"@type\":\"ReadAction\",\"target\":[\"https:\/\/masquenoticias.mx\/index.php\/2026\/03\/13\/respaldo-del-gobierno-de-mexico-se-ve-en-todo-colima-indira-vizcaino-en-la-mananera-con-la-presidenta-desde-manzanillo\/\"]}]},{\"@type\":\"ImageObject\",\"inLanguage\":\"es\",\"@id\":\"https:\/\/masquenoticias.mx\/index.php\/2026\/03\/13\/respaldo-del-gobierno-de-mexico-se-ve-en-todo-colima-indira-vizcaino-en-la-mananera-con-la-presidenta-desde-manzanillo\/#primaryimage\",\"url\":\"https:\/\/i0.wp.com\/masquenoticias.mx\/wp-content\/uploads\/2026\/03\/WhatsApp-Image-2026-03-13-at-11.39.12-AM.jpeg?fit=1280%2C854&ssl=1\",\"contentUrl\":\"https:\/\/i0.wp.com\/masquenoticias.mx\/wp-content\/uploads\/2026\/03\/WhatsApp-Image-2026-03-13-at-11.39.12-AM.jpeg?fit=1280%2C854&ssl=1\",\"width\":1280,\"height\":854},{\"@type\":\"BreadcrumbList\",\"@id\":\"https:\/\/masquenoticias.mx\/index.php\/2026\/03\/13\/respaldo-del-gobierno-de-mexico-se-ve-en-todo-colima-indira-vizcaino-en-la-mananera-con-la-presidenta-desde-manzanillo\/#breadcrumb\",\"itemListElement\":[{\"@type\":\"ListItem\",\"position\":1,\"name\":\"Inicio\",\"item\":\"https:\/\/masquenoticias.mx\/\"},{\"@type\":\"ListItem\",\"position\":2,\"name\":\"Respaldo del Gobierno de M\u00e9xico se ve en todo Colima: Indira Vizca\u00edno en \u2018La Ma\u00f1anera\u2019 con la Presidenta desde Manzanillo\"}]},{\"@type\":\"WebSite\",\"@id\":\"https:\/\/masquenoticias.mx\/#website\",\"url\":\"https:\/\/masquenoticias.mx\/\",\"name\":\"M\u00e1s Que Noticias\",\"description\":\"Noticias de Colima, M\u00e9xico y el Mundo\",\"publisher\":{\"@id\":\"https:\/\/masquenoticias.mx\/#organization\"},\"potentialAction\":[{\"@type\":\"SearchAction\",\"target\":{\"@type\":\"EntryPoint\",\"urlTemplate\":\"https:\/\/masquenoticias.mx\/?s={search_term_string}\"},\"query-input\":{\"@type\":\"PropertyValueSpecification\",\"valueRequired\":true,\"valueName\":\"search_term_string\"}}],\"inLanguage\":\"es\"},{\"@type\":\"Organization\",\"@id\":\"https:\/\/masquenoticias.mx\/#organization\",\"name\":\"M\u00e1s Que Noticias\",\"url\":\"https:\/\/masquenoticias.mx\/\",\"logo\":{\"@type\":\"ImageObject\",\"inLanguage\":\"es\",\"@id\":\"https:\/\/masquenoticias.mx\/#\/schema\/logo\/image\/\",\"url\":\"https:\/\/i0.wp.com\/masquenoticias.mx\/wp-content\/uploads\/2024\/04\/IMG_0004.png?fit=2560%2C1656&ssl=1\",\"contentUrl\":\"https:\/\/i0.wp.com\/masquenoticias.mx\/wp-content\/uploads\/2024\/04\/IMG_0004.png?fit=2560%2C1656&ssl=1\",\"width\":2560,\"height\":1656,\"caption\":\"M\u00e1s Que Noticias\"},\"image\":{\"@id\":\"https:\/\/masquenoticias.mx\/#\/schema\/logo\/image\/\"},\"sameAs\":[\"https:\/\/www.facebook.com\/masquenoticiascolima\",\"https:\/\/x.com\/edgartove\",\"https:\/\/www.instagram.com\/masquenoticiascolima\/\"]},{\"@type\":\"Person\",\"@id\":\"https:\/\/masquenoticias.mx\/#\/schema\/person\/544d19989ef23d34615f691f7a96e622\",\"name\":\"Redacci\u00f3n\",\"image\":{\"@type\":\"ImageObject\",\"inLanguage\":\"es\",\"@id\":\"https:\/\/masquenoticias.mx\/#\/schema\/person\/image\/\",\"url\":\"https:\/\/secure.gravatar.com\/avatar\/7fcc926d5b058d3f3d52d95b4d05dd58?s=96&d=mm&r=g\",\"contentUrl\":\"https:\/\/secure.gravatar.com\/avatar\/7fcc926d5b058d3f3d52d95b4d05dd58?s=96&d=mm&r=g\",\"caption\":\"Redacci\u00f3n\"},\"sameAs\":[\"http:\/\/masquenoticias.mx\"],\"url\":\"https:\/\/masquenoticias.mx\/index.php\/author\/edgartovegmail-com\/\"}]}<\/script>\n<!-- \/ Yoast SEO plugin. -->","yoast_head_json":{"title":"Respaldo del Gobierno de M\u00e9xico se ve en todo Colima: Indira Vizca\u00edno en \u2018La Ma\u00f1anera\u2019 con la Presidenta desde Manzanillo - M\u00e1s Que Noticias","robots":{"index":"index","follow":"follow","max-snippet":"max-snippet:-1","max-image-preview":"max-image-preview:large","max-video-preview":"max-video-preview:-1"},"canonical":"https:\/\/masquenoticias.mx\/index.php\/2026\/03\/13\/respaldo-del-gobierno-de-mexico-se-ve-en-todo-colima-indira-vizcaino-en-la-mananera-con-la-presidenta-desde-manzanillo\/","og_locale":"es_MX","og_type":"article","og_title":"Respaldo del Gobierno de M\u00e9xico se ve en todo Colima: Indira Vizca\u00edno en \u2018La Ma\u00f1anera\u2019 con la Presidenta desde Manzanillo - M\u00e1s Que Noticias","og_description":"La gobernadora Indira Vizca\u00edno Silva particip\u00f3 este viernes en \u2018La Ma\u00f1anera del Pueblo\u2019 con la presidenta de M\u00e9xico, Claudia Sheinbaum Pardo, desde Manzanillo, donde la mandataria estatal destac\u00f3 los resultados logrados en la entidad en distintos rubros, gracias a la constante coordinaci\u00f3n y suma de esfuerzos entre el Gobierno de M\u00e9xico y Gobierno del Estado [&hellip;]","og_url":"https:\/\/masquenoticias.mx\/index.php\/2026\/03\/13\/respaldo-del-gobierno-de-mexico-se-ve-en-todo-colima-indira-vizcaino-en-la-mananera-con-la-presidenta-desde-manzanillo\/","og_site_name":"M\u00e1s Que Noticias","article_publisher":"https:\/\/www.facebook.com\/masquenoticiascolima","article_published_time":"2026-03-14T04:23:47+00:00","og_image":[{"width":1280,"height":854,"url":"https:\/\/masquenoticias.mx\/wp-content\/uploads\/2026\/03\/WhatsApp-Image-2026-03-13-at-11.39.12-AM.jpeg","type":"image\/jpeg"}],"author":"Redacci\u00f3n","twitter_card":"summary_large_image","twitter_creator":"@edgartove","twitter_site":"@edgartove","twitter_misc":{"Escrito por":"Redacci\u00f3n","Tiempo de lectura":"4 minutos"},"schema":{"@context":"https:\/\/schema.org","@graph":[{"@type":"Article","@id":"https:\/\/masquenoticias.mx\/index.php\/2026\/03\/13\/respaldo-del-gobierno-de-mexico-se-ve-en-todo-colima-indira-vizcaino-en-la-mananera-con-la-presidenta-desde-manzanillo\/#article","isPartOf":{"@id":"https:\/\/masquenoticias.mx\/index.php\/2026\/03\/13\/respaldo-del-gobierno-de-mexico-se-ve-en-todo-colima-indira-vizcaino-en-la-mananera-con-la-presidenta-desde-manzanillo\/"},"author":{"name":"Redacci\u00f3n","@id":"https:\/\/masquenoticias.mx\/#\/schema\/person\/544d19989ef23d34615f691f7a96e622"},"headline":"Respaldo del Gobierno de M\u00e9xico se ve en todo Colima: Indira Vizca\u00edno en \u2018La Ma\u00f1anera\u2019 con la Presidenta desde Manzanillo","datePublished":"2026-03-14T04:23:47+00:00","mainEntityOfPage":{"@id":"https:\/\/masquenoticias.mx\/index.php\/2026\/03\/13\/respaldo-del-gobierno-de-mexico-se-ve-en-todo-colima-indira-vizcaino-en-la-mananera-con-la-presidenta-desde-manzanillo\/"},"wordCount":682,"commentCount":0,"publisher":{"@id":"https:\/\/masquenoticias.mx\/#organization"},"image":{"@id":"https:\/\/masquenoticias.mx\/index.php\/2026\/03\/13\/respaldo-del-gobierno-de-mexico-se-ve-en-todo-colima-indira-vizcaino-en-la-mananera-con-la-presidenta-desde-manzanillo\/#primaryimage"},"thumbnailUrl":"https:\/\/i0.wp.com\/masquenoticias.mx\/wp-content\/uploads\/2026\/03\/WhatsApp-Image-2026-03-13-at-11.39.12-AM.jpeg?fit=1280%2C854&ssl=1","keywords":["Sheinbaum"],"articleSection":["Estado"],"inLanguage":"es","potentialAction":[{"@type":"CommentAction","name":"Comment","target":["https:\/\/masquenoticias.mx\/index.php\/2026\/03\/13\/respaldo-del-gobierno-de-mexico-se-ve-en-todo-colima-indira-vizcaino-en-la-mananera-con-la-presidenta-desde-manzanillo\/#respond"]}]},{"@type":"WebPage","@id":"https:\/\/masquenoticias.mx\/index.php\/2026\/03\/13\/respaldo-del-gobierno-de-mexico-se-ve-en-todo-colima-indira-vizcaino-en-la-mananera-con-la-presidenta-desde-manzanillo\/","url":"https:\/\/masquenoticias.mx\/index.php\/2026\/03\/13\/respaldo-del-gobierno-de-mexico-se-ve-en-todo-colima-indira-vizcaino-en-la-mananera-con-la-presidenta-desde-manzanillo\/","name":"Respaldo del Gobierno de M\u00e9xico se ve en todo Colima: Indira Vizca\u00edno en \u2018La Ma\u00f1anera\u2019 con la Presidenta desde Manzanillo - M\u00e1s Que Noticias","isPartOf":{"@id":"https:\/\/masquenoticias.mx\/#website"},"primaryImageOfPage":{"@id":"https:\/\/masquenoticias.mx\/index.php\/2026\/03\/13\/respaldo-del-gobierno-de-mexico-se-ve-en-todo-colima-indira-vizcaino-en-la-mananera-con-la-presidenta-desde-manzanillo\/#primaryimage"},"image":{"@id":"https:\/\/masquenoticias.mx\/index.php\/2026\/03\/13\/respaldo-del-gobierno-de-mexico-se-ve-en-todo-colima-indira-vizcaino-en-la-mananera-con-la-presidenta-desde-manzanillo\/#primaryimage"},"thumbnailUrl":"https:\/\/i0.wp.com\/masquenoticias.mx\/wp-content\/uploads\/2026\/03\/WhatsApp-Image-2026-03-13-at-11.39.12-AM.jpeg?fit=1280%2C854&ssl=1","datePublished":"2026-03-14T04:23:47+00:00","breadcrumb":{"@id":"https:\/\/masquenoticias.mx\/index.php\/2026\/03\/13\/respaldo-del-gobierno-de-mexico-se-ve-en-todo-colima-indira-vizcaino-en-la-mananera-con-la-presidenta-desde-manzanillo\/#breadcrumb"},"inLanguage":"es","potentialAction":[{"@type":"ReadAction","target":["https:\/\/masquenoticias.mx\/index.php\/2026\/03\/13\/respaldo-del-gobierno-de-mexico-se-ve-en-todo-colima-indira-vizcaino-en-la-mananera-con-la-presidenta-desde-manzanillo\/"]}]},{"@type":"ImageObject","inLanguage":"es","@id":"https:\/\/masquenoticias.mx\/index.php\/2026\/03\/13\/respaldo-del-gobierno-de-mexico-se-ve-en-todo-colima-indira-vizcaino-en-la-mananera-con-la-presidenta-desde-manzanillo\/#primaryimage","url":"https:\/\/i0.wp.com\/masquenoticias.mx\/wp-content\/uploads\/2026\/03\/WhatsApp-Image-2026-03-13-at-11.39.12-AM.jpeg?fit=1280%2C854&ssl=1","contentUrl":"https:\/\/i0.wp.com\/masquenoticias.mx\/wp-content\/uploads\/2026\/03\/WhatsApp-Image-2026-03-13-at-11.39.12-AM.jpeg?fit=1280%2C854&ssl=1","width":1280,"height":854},{"@type":"BreadcrumbList","@id":"https:\/\/masquenoticias.mx\/index.php\/2026\/03\/13\/respaldo-del-gobierno-de-mexico-se-ve-en-todo-colima-indira-vizcaino-en-la-mananera-con-la-presidenta-desde-manzanillo\/#breadcrumb","itemListElement":[{"@type":"ListItem","position":1,"name":"Inicio","item":"https:\/\/masquenoticias.mx\/"},{"@type":"ListItem","position":2,"name":"Respaldo del Gobierno de M\u00e9xico se ve en todo Colima: Indira Vizca\u00edno en \u2018La Ma\u00f1anera\u2019 con la Presidenta desde Manzanillo"}]},{"@type":"WebSite","@id":"https:\/\/masquenoticias.mx\/#website","url":"https:\/\/masquenoticias.mx\/","name":"M\u00e1s Que Noticias","description":"Noticias de Colima, M\u00e9xico y el Mundo","publisher":{"@id":"https:\/\/masquenoticias.mx\/#organization"},"potentialAction":[{"@type":"SearchAction","target":{"@type":"EntryPoint","urlTemplate":"https:\/\/masquenoticias.mx\/?s={search_term_string}"},"query-input":{"@type":"PropertyValueSpecification","valueRequired":true,"valueName":"search_term_string"}}],"inLanguage":"es"},{"@type":"Organization","@id":"https:\/\/masquenoticias.mx\/#organization","name":"M\u00e1s Que Noticias","url":"https:\/\/masquenoticias.mx\/","logo":{"@type":"ImageObject","inLanguage":"es","@id":"https:\/\/masquenoticias.mx\/#\/schema\/logo\/image\/","url":"https:\/\/i0.wp.com\/masquenoticias.mx\/wp-content\/uploads\/2024\/04\/IMG_0004.png?fit=2560%2C1656&ssl=1","contentUrl":"https:\/\/i0.wp.com\/masquenoticias.mx\/wp-content\/uploads\/2024\/04\/IMG_0004.png?fit=2560%2C1656&ssl=1","width":2560,"height":1656,"caption":"M\u00e1s Que Noticias"},"image":{"@id":"https:\/\/masquenoticias.mx\/#\/schema\/logo\/image\/"},"sameAs":["https:\/\/www.facebook.com\/masquenoticiascolima","https:\/\/x.com\/edgartove","https:\/\/www.instagram.com\/masquenoticiascolima\/"]},{"@type":"Person","@id":"https:\/\/masquenoticias.mx\/#\/schema\/person\/544d19989ef23d34615f691f7a96e622","name":"Redacci\u00f3n","image":{"@type":"ImageObject","inLanguage":"es","@id":"https:\/\/masquenoticias.mx\/#\/schema\/person\/image\/","url":"https:\/\/secure.gravatar.com\/avatar\/7fcc926d5b058d3f3d52d95b4d05dd58?s=96&d=mm&r=g","contentUrl":"https:\/\/secure.gravatar.com\/avatar\/7fcc926d5b058d3f3d52d95b4d05dd58?s=96&d=mm&r=g","caption":"Redacci\u00f3n"},"sameAs":["http:\/\/masquenoticias.mx"],"url":"https:\/\/masquenoticias.mx\/index.php\/author\/edgartovegmail-com\/"}]}},"jetpack_featured_media_url":"https:\/\/i0.wp.com\/masquenoticias.mx\/wp-content\/uploads\/2026\/03\/WhatsApp-Image-2026-03-13-at-11.39.12-AM.jpeg?fit=1280%2C854&ssl=1","blog_post_layout_featured_media_urls":{"thumbnail":["https:\/\/i0.wp.com\/masquenoticias.mx\/wp-content\/uploads\/2026\/03\/WhatsApp-Image-2026-03-13-at-11.39.12-AM.jpeg?resize=150%2C150&ssl=1",150,150,true],"full":["https:\/\/i0.wp.com\/masquenoticias.mx\/wp-content\/uploads\/2026\/03\/WhatsApp-Image-2026-03-13-at-11.39.12-AM.jpeg?fit=1280%2C854&ssl=1",1280,854,false]},"categories_names":{"24":{"name":"Estado","link":"https:\/\/masquenoticias.mx\/index.php\/category\/estado\/"}},"tags_names":{"599":{"name":"Sheinbaum","link":"https:\/\/masquenoticias.mx\/index.php\/tag\/sheinbaum\/"}},"comments_number":"0","wpmagazine_modules_lite_featured_media_urls":{"thumbnail":["https:\/\/i0.wp.com\/masquenoticias.mx\/wp-content\/uploads\/2026\/03\/WhatsApp-Image-2026-03-13-at-11.39.12-AM.jpeg?resize=150%2C150&ssl=1",150,150,true],"cvmm-medium":["https:\/\/i0.wp.com\/masquenoticias.mx\/wp-content\/uploads\/2026\/03\/WhatsApp-Image-2026-03-13-at-11.39.12-AM.jpeg?resize=300%2C300&ssl=1",300,300,true],"cvmm-medium-plus":["https:\/\/i0.wp.com\/masquenoticias.mx\/wp-content\/uploads\/2026\/03\/WhatsApp-Image-2026-03-13-at-11.39.12-AM.jpeg?resize=305%2C207&ssl=1",305,207,true],"cvmm-portrait":["https:\/\/i0.wp.com\/masquenoticias.mx\/wp-content\/uploads\/2026\/03\/WhatsApp-Image-2026-03-13-at-11.39.12-AM.jpeg?resize=400%2C600&ssl=1",400,600,true],"cvmm-medium-square":["https:\/\/i0.wp.com\/masquenoticias.mx\/wp-content\/uploads\/2026\/03\/WhatsApp-Image-2026-03-13-at-11.39.12-AM.jpeg?resize=600%2C600&ssl=1",600,600,true],"cvmm-large":["https:\/\/i0.wp.com\/masquenoticias.mx\/wp-content\/uploads\/2026\/03\/WhatsApp-Image-2026-03-13-at-11.39.12-AM.jpeg?resize=1024%2C854&ssl=1",1024,854,true],"cvmm-small":["https:\/\/i0.wp.com\/masquenoticias.mx\/wp-content\/uploads\/2026\/03\/WhatsApp-Image-2026-03-13-at-11.39.12-AM.jpeg?resize=130%2C95&ssl=1",130,95,true],"full":["https:\/\/i0.wp.com\/masquenoticias.mx\/wp-content\/uploads\/2026\/03\/WhatsApp-Image-2026-03-13-at-11.39.12-AM.jpeg?fit=1280%2C854&ssl=1",1280,854,false]},"jetpack-related-posts":[],"jetpack_sharing_enabled":true,"jetpack_likes_enabled":true,"jetpack_shortlink":"https:\/\/wp.me\/pf7pkt-5F0","_links":{"self":[{"href":"https:\/\/masquenoticias.mx\/index.php\/wp-json\/wp\/v2\/posts\/21762","targetHints":{"allow":["GET"]}}],"collection":[{"href":"https:\/\/masquenoticias.mx\/index.php\/wp-json\/wp\/v2\/posts"}],"about":[{"href":"https:\/\/masquenoticias.mx\/index.php\/wp-json\/wp\/v2\/types\/post"}],"author":[{"embeddable":true,"href":"https:\/\/masquenoticias.mx\/index.php\/wp-json\/wp\/v2\/users\/1"}],"replies":[{"embeddable":true,"href":"https:\/\/masquenoticias.mx\/index.php\/wp-json\/wp\/v2\/comments?post=21762"}],"version-history":[{"count":1,"href":"https:\/\/masquenoticias.mx\/index.php\/wp-json\/wp\/v2\/posts\/21762\/revisions"}],"predecessor-version":[{"id":21764,"href":"https:\/\/masquenoticias.mx\/index.php\/wp-json\/wp\/v2\/posts\/21762\/revisions\/21764"}],"wp:featuredmedia":[{"embeddable":true,"href":"https:\/\/masquenoticias.mx\/index.php\/wp-json\/wp\/v2\/media\/21763"}],"wp:attachment":[{"href":"https:\/\/masquenoticias.mx\/index.php\/wp-json\/wp\/v2\/media?parent=21762"}],"wp:term":[{"taxonomy":"category","embeddable":true,"href":"https:\/\/masquenoticias.mx\/index.php\/wp-json\/wp\/v2\/categories?post=21762"},{"taxonomy":"post_tag","embeddable":true,"href":"https:\/\/masquenoticias.mx\/index.php\/wp-json\/wp\/v2\/tags?post=21762"}],"curies":[{"name":"wp","href":"https:\/\/api.w.org\/{rel}","templated":true}]}}