{"id":21759,"date":"2026-03-13T22:17:53","date_gmt":"2026-03-14T04:17:53","guid":{"rendered":"https:\/\/masquenoticias.mx\/?p=21759"},"modified":"2026-03-13T22:17:53","modified_gmt":"2026-03-14T04:17:53","slug":"comite-de-transparencia-en-servicios-de-salud-se-fortalece-para-garantizar-del-acceso-a-informacion-publica","status":"publish","type":"post","link":"https:\/\/masquenoticias.mx\/index.php\/2026\/03\/13\/comite-de-transparencia-en-servicios-de-salud-se-fortalece-para-garantizar-del-acceso-a-informacion-publica\/","title":{"rendered":"Comit\u00e9 de Transparencia en Servicios de Salud se fortalece para garantizar del acceso a informaci\u00f3n p\u00fablica"},"content":{"rendered":"<p>Con la primera sesi\u00f3n ordinaria 2026, se reinstal\u00f3 el Comit\u00e9 de Transparencia de los Servicios de Salud del Estado de Colima, cumpliendo con la ley en la materia, para garantizar el derecho de todas las personas a acceder a la informaci\u00f3n p\u00fablica, promover la transparencia y rendici\u00f3n de cuentas en instituciones gubernamentales.<\/p>\n<p>Para ello, es fundamental la integraci\u00f3n de un grupo colegiado como el Comit\u00e9 de Transparencia, que contribuye a cumplir oportunamente metas y objetivos institucionales, adem\u00e1s de fortalecer los mecanismos que permiten el ejercicio del derecho de acceso a la informaci\u00f3n p\u00fablica.<\/p>\n<p>Aunque este comit\u00e9 ya ven\u00eda operando con regularidad, su reinstalaci\u00f3n se realiza para dar cumplimiento a la nueva legislaci\u00f3n estatal, reafirmando el compromiso institucional con la transparencia y la rendici\u00f3n de cuentas en beneficio de la poblaci\u00f3n colimense.<\/p>\n<p>Asimismo, la Comisi\u00f3n Estatal de Salud Mental y Adicciones, la Comisi\u00f3n Estatal para la Protecci\u00f3n contra Riesgos Sanitarios (Coespris) y la Administraci\u00f3n de la Beneficencia P\u00fablica se integran a estas sesiones, fortaleciendo la coordinaci\u00f3n institucional. #Operaci\u00f3nSaludColima<\/p>\n","protected":false},"excerpt":{"rendered":"<p>Con la primera sesi\u00f3n ordinaria 2026, se reinstal\u00f3 el Comit\u00e9 de Transparencia de los Servicios de Salud del Estado de Colima, cumpliendo con la ley en la materia, para garantizar el derecho de todas las personas a acceder a la informaci\u00f3n p\u00fablica, promover la transparencia y rendici\u00f3n de cuentas en instituciones gubernamentales. Para ello, es [&hellip;]<\/p>\n","protected":false},"author":1,"featured_media":21760,"comment_status":"open","ping_status":"open","sticky":false,"template":"","format":"standard","meta":{"_jetpack_memberships_contains_paid_content":false,"footnotes":""},"categories":[24],"tags":[63],"class_list":["post-21759","post","type-post","status-publish","format-standard","has-post-thumbnail","hentry","category-estado","tag-salud"],"yoast_head":"<!-- This site is optimized with the Yoast SEO plugin v26.6 - https:\/\/yoast.com\/wordpress\/plugins\/seo\/ -->\n<title>Comit\u00e9 de Transparencia en Servicios de Salud se fortalece para garantizar del acceso a informaci\u00f3n p\u00fablica - M\u00e1s Que Noticias<\/title>\n<meta name=\"robots\" content=\"index, follow, max-snippet:-1, max-image-preview:large, max-video-preview:-1\" \/>\n<link rel=\"canonical\" href=\"https:\/\/masquenoticias.mx\/index.php\/2026\/03\/13\/comite-de-transparencia-en-servicios-de-salud-se-fortalece-para-garantizar-del-acceso-a-informacion-publica\/\" \/>\n<meta property=\"og:locale\" content=\"es_MX\" \/>\n<meta property=\"og:type\" content=\"article\" \/>\n<meta property=\"og:title\" content=\"Comit\u00e9 de Transparencia en Servicios de Salud se fortalece para garantizar del acceso a informaci\u00f3n p\u00fablica - M\u00e1s Que Noticias\" \/>\n<meta property=\"og:description\" content=\"Con la primera sesi\u00f3n ordinaria 2026, se reinstal\u00f3 el Comit\u00e9 de Transparencia de los Servicios de Salud del Estado de Colima, cumpliendo con la ley en la materia, para garantizar el derecho de todas las personas a acceder a la informaci\u00f3n p\u00fablica, promover la transparencia y rendici\u00f3n de cuentas en instituciones gubernamentales. Para ello, es [&hellip;]\" \/>\n<meta property=\"og:url\" content=\"https:\/\/masquenoticias.mx\/index.php\/2026\/03\/13\/comite-de-transparencia-en-servicios-de-salud-se-fortalece-para-garantizar-del-acceso-a-informacion-publica\/\" \/>\n<meta property=\"og:site_name\" content=\"M\u00e1s Que Noticias\" \/>\n<meta property=\"article:publisher\" content=\"https:\/\/www.facebook.com\/masquenoticiascolima\" \/>\n<meta property=\"article:published_time\" content=\"2026-03-14T04:17:53+00:00\" \/>\n<meta property=\"og:image\" content=\"https:\/\/masquenoticias.mx\/wp-content\/uploads\/2026\/03\/WhatsApp-Image-2026-03-13-at-10.29.34-AM.jpeg\" \/>\n\t<meta property=\"og:image:width\" content=\"1599\" \/>\n\t<meta property=\"og:image:height\" content=\"928\" \/>\n\t<meta property=\"og:image:type\" content=\"image\/jpeg\" \/>\n<meta name=\"author\" content=\"Redacci\u00f3n\" \/>\n<meta name=\"twitter:card\" content=\"summary_large_image\" \/>\n<meta name=\"twitter:creator\" content=\"@edgartove\" \/>\n<meta name=\"twitter:site\" content=\"@edgartove\" \/>\n<meta name=\"twitter:label1\" content=\"Escrito por\" \/>\n\t<meta name=\"twitter:data1\" content=\"Redacci\u00f3n\" \/>\n\t<meta name=\"twitter:label2\" content=\"Tiempo de lectura\" \/>\n\t<meta name=\"twitter:data2\" content=\"1 minuto\" \/>\n<script type=\"application\/ld+json\" class=\"yoast-schema-graph\">{\"@context\":\"https:\/\/schema.org\",\"@graph\":[{\"@type\":\"Article\",\"@id\":\"https:\/\/masquenoticias.mx\/index.php\/2026\/03\/13\/comite-de-transparencia-en-servicios-de-salud-se-fortalece-para-garantizar-del-acceso-a-informacion-publica\/#article\",\"isPartOf\":{\"@id\":\"https:\/\/masquenoticias.mx\/index.php\/2026\/03\/13\/comite-de-transparencia-en-servicios-de-salud-se-fortalece-para-garantizar-del-acceso-a-informacion-publica\/\"},\"author\":{\"name\":\"Redacci\u00f3n\",\"@id\":\"https:\/\/masquenoticias.mx\/#\/schema\/person\/544d19989ef23d34615f691f7a96e622\"},\"headline\":\"Comit\u00e9 de Transparencia en Servicios de Salud se fortalece para garantizar del acceso a informaci\u00f3n p\u00fablica\",\"datePublished\":\"2026-03-14T04:17:53+00:00\",\"mainEntityOfPage\":{\"@id\":\"https:\/\/masquenoticias.mx\/index.php\/2026\/03\/13\/comite-de-transparencia-en-servicios-de-salud-se-fortalece-para-garantizar-del-acceso-a-informacion-publica\/\"},\"wordCount\":204,\"commentCount\":0,\"publisher\":{\"@id\":\"https:\/\/masquenoticias.mx\/#organization\"},\"image\":{\"@id\":\"https:\/\/masquenoticias.mx\/index.php\/2026\/03\/13\/comite-de-transparencia-en-servicios-de-salud-se-fortalece-para-garantizar-del-acceso-a-informacion-publica\/#primaryimage\"},\"thumbnailUrl\":\"https:\/\/i0.wp.com\/masquenoticias.mx\/wp-content\/uploads\/2026\/03\/WhatsApp-Image-2026-03-13-at-10.29.34-AM.jpeg?fit=1599%2C928&ssl=1\",\"keywords\":[\"Salud\"],\"articleSection\":[\"Estado\"],\"inLanguage\":\"es\",\"potentialAction\":[{\"@type\":\"CommentAction\",\"name\":\"Comment\",\"target\":[\"https:\/\/masquenoticias.mx\/index.php\/2026\/03\/13\/comite-de-transparencia-en-servicios-de-salud-se-fortalece-para-garantizar-del-acceso-a-informacion-publica\/#respond\"]}]},{\"@type\":\"WebPage\",\"@id\":\"https:\/\/masquenoticias.mx\/index.php\/2026\/03\/13\/comite-de-transparencia-en-servicios-de-salud-se-fortalece-para-garantizar-del-acceso-a-informacion-publica\/\",\"url\":\"https:\/\/masquenoticias.mx\/index.php\/2026\/03\/13\/comite-de-transparencia-en-servicios-de-salud-se-fortalece-para-garantizar-del-acceso-a-informacion-publica\/\",\"name\":\"Comit\u00e9 de Transparencia en Servicios de Salud se fortalece para garantizar del acceso a informaci\u00f3n p\u00fablica - M\u00e1s Que Noticias\",\"isPartOf\":{\"@id\":\"https:\/\/masquenoticias.mx\/#website\"},\"primaryImageOfPage\":{\"@id\":\"https:\/\/masquenoticias.mx\/index.php\/2026\/03\/13\/comite-de-transparencia-en-servicios-de-salud-se-fortalece-para-garantizar-del-acceso-a-informacion-publica\/#primaryimage\"},\"image\":{\"@id\":\"https:\/\/masquenoticias.mx\/index.php\/2026\/03\/13\/comite-de-transparencia-en-servicios-de-salud-se-fortalece-para-garantizar-del-acceso-a-informacion-publica\/#primaryimage\"},\"thumbnailUrl\":\"https:\/\/i0.wp.com\/masquenoticias.mx\/wp-content\/uploads\/2026\/03\/WhatsApp-Image-2026-03-13-at-10.29.34-AM.jpeg?fit=1599%2C928&ssl=1\",\"datePublished\":\"2026-03-14T04:17:53+00:00\",\"breadcrumb\":{\"@id\":\"https:\/\/masquenoticias.mx\/index.php\/2026\/03\/13\/comite-de-transparencia-en-servicios-de-salud-se-fortalece-para-garantizar-del-acceso-a-informacion-publica\/#breadcrumb\"},\"inLanguage\":\"es\",\"potentialAction\":[{\"@type\":\"ReadAction\",\"target\":[\"https:\/\/masquenoticias.mx\/index.php\/2026\/03\/13\/comite-de-transparencia-en-servicios-de-salud-se-fortalece-para-garantizar-del-acceso-a-informacion-publica\/\"]}]},{\"@type\":\"ImageObject\",\"inLanguage\":\"es\",\"@id\":\"https:\/\/masquenoticias.mx\/index.php\/2026\/03\/13\/comite-de-transparencia-en-servicios-de-salud-se-fortalece-para-garantizar-del-acceso-a-informacion-publica\/#primaryimage\",\"url\":\"https:\/\/i0.wp.com\/masquenoticias.mx\/wp-content\/uploads\/2026\/03\/WhatsApp-Image-2026-03-13-at-10.29.34-AM.jpeg?fit=1599%2C928&ssl=1\",\"contentUrl\":\"https:\/\/i0.wp.com\/masquenoticias.mx\/wp-content\/uploads\/2026\/03\/WhatsApp-Image-2026-03-13-at-10.29.34-AM.jpeg?fit=1599%2C928&ssl=1\",\"width\":1599,\"height\":928},{\"@type\":\"BreadcrumbList\",\"@id\":\"https:\/\/masquenoticias.mx\/index.php\/2026\/03\/13\/comite-de-transparencia-en-servicios-de-salud-se-fortalece-para-garantizar-del-acceso-a-informacion-publica\/#breadcrumb\",\"itemListElement\":[{\"@type\":\"ListItem\",\"position\":1,\"name\":\"Inicio\",\"item\":\"https:\/\/masquenoticias.mx\/\"},{\"@type\":\"ListItem\",\"position\":2,\"name\":\"Comit\u00e9 de Transparencia en Servicios de Salud se fortalece para garantizar del acceso a informaci\u00f3n p\u00fablica\"}]},{\"@type\":\"WebSite\",\"@id\":\"https:\/\/masquenoticias.mx\/#website\",\"url\":\"https:\/\/masquenoticias.mx\/\",\"name\":\"M\u00e1s Que Noticias\",\"description\":\"Noticias de Colima, M\u00e9xico y el Mundo\",\"publisher\":{\"@id\":\"https:\/\/masquenoticias.mx\/#organization\"},\"potentialAction\":[{\"@type\":\"SearchAction\",\"target\":{\"@type\":\"EntryPoint\",\"urlTemplate\":\"https:\/\/masquenoticias.mx\/?s={search_term_string}\"},\"query-input\":{\"@type\":\"PropertyValueSpecification\",\"valueRequired\":true,\"valueName\":\"search_term_string\"}}],\"inLanguage\":\"es\"},{\"@type\":\"Organization\",\"@id\":\"https:\/\/masquenoticias.mx\/#organization\",\"name\":\"M\u00e1s Que Noticias\",\"url\":\"https:\/\/masquenoticias.mx\/\",\"logo\":{\"@type\":\"ImageObject\",\"inLanguage\":\"es\",\"@id\":\"https:\/\/masquenoticias.mx\/#\/schema\/logo\/image\/\",\"url\":\"https:\/\/i0.wp.com\/masquenoticias.mx\/wp-content\/uploads\/2024\/04\/IMG_0004.png?fit=2560%2C1656&ssl=1\",\"contentUrl\":\"https:\/\/i0.wp.com\/masquenoticias.mx\/wp-content\/uploads\/2024\/04\/IMG_0004.png?fit=2560%2C1656&ssl=1\",\"width\":2560,\"height\":1656,\"caption\":\"M\u00e1s Que Noticias\"},\"image\":{\"@id\":\"https:\/\/masquenoticias.mx\/#\/schema\/logo\/image\/\"},\"sameAs\":[\"https:\/\/www.facebook.com\/masquenoticiascolima\",\"https:\/\/x.com\/edgartove\",\"https:\/\/www.instagram.com\/masquenoticiascolima\/\"]},{\"@type\":\"Person\",\"@id\":\"https:\/\/masquenoticias.mx\/#\/schema\/person\/544d19989ef23d34615f691f7a96e622\",\"name\":\"Redacci\u00f3n\",\"image\":{\"@type\":\"ImageObject\",\"inLanguage\":\"es\",\"@id\":\"https:\/\/masquenoticias.mx\/#\/schema\/person\/image\/\",\"url\":\"https:\/\/secure.gravatar.com\/avatar\/7fcc926d5b058d3f3d52d95b4d05dd58?s=96&d=mm&r=g\",\"contentUrl\":\"https:\/\/secure.gravatar.com\/avatar\/7fcc926d5b058d3f3d52d95b4d05dd58?s=96&d=mm&r=g\",\"caption\":\"Redacci\u00f3n\"},\"sameAs\":[\"http:\/\/masquenoticias.mx\"],\"url\":\"https:\/\/masquenoticias.mx\/index.php\/author\/edgartovegmail-com\/\"}]}<\/script>\n<!-- \/ Yoast SEO plugin. -->","yoast_head_json":{"title":"Comit\u00e9 de Transparencia en Servicios de Salud se fortalece para garantizar del acceso a informaci\u00f3n p\u00fablica - M\u00e1s Que Noticias","robots":{"index":"index","follow":"follow","max-snippet":"max-snippet:-1","max-image-preview":"max-image-preview:large","max-video-preview":"max-video-preview:-1"},"canonical":"https:\/\/masquenoticias.mx\/index.php\/2026\/03\/13\/comite-de-transparencia-en-servicios-de-salud-se-fortalece-para-garantizar-del-acceso-a-informacion-publica\/","og_locale":"es_MX","og_type":"article","og_title":"Comit\u00e9 de Transparencia en Servicios de Salud se fortalece para garantizar del acceso a informaci\u00f3n p\u00fablica - M\u00e1s Que Noticias","og_description":"Con la primera sesi\u00f3n ordinaria 2026, se reinstal\u00f3 el Comit\u00e9 de Transparencia de los Servicios de Salud del Estado de Colima, cumpliendo con la ley en la materia, para garantizar el derecho de todas las personas a acceder a la informaci\u00f3n p\u00fablica, promover la transparencia y rendici\u00f3n de cuentas en instituciones gubernamentales. Para ello, es [&hellip;]","og_url":"https:\/\/masquenoticias.mx\/index.php\/2026\/03\/13\/comite-de-transparencia-en-servicios-de-salud-se-fortalece-para-garantizar-del-acceso-a-informacion-publica\/","og_site_name":"M\u00e1s Que Noticias","article_publisher":"https:\/\/www.facebook.com\/masquenoticiascolima","article_published_time":"2026-03-14T04:17:53+00:00","og_image":[{"width":1599,"height":928,"url":"https:\/\/masquenoticias.mx\/wp-content\/uploads\/2026\/03\/WhatsApp-Image-2026-03-13-at-10.29.34-AM.jpeg","type":"image\/jpeg"}],"author":"Redacci\u00f3n","twitter_card":"summary_large_image","twitter_creator":"@edgartove","twitter_site":"@edgartove","twitter_misc":{"Escrito por":"Redacci\u00f3n","Tiempo de lectura":"1 minuto"},"schema":{"@context":"https:\/\/schema.org","@graph":[{"@type":"Article","@id":"https:\/\/masquenoticias.mx\/index.php\/2026\/03\/13\/comite-de-transparencia-en-servicios-de-salud-se-fortalece-para-garantizar-del-acceso-a-informacion-publica\/#article","isPartOf":{"@id":"https:\/\/masquenoticias.mx\/index.php\/2026\/03\/13\/comite-de-transparencia-en-servicios-de-salud-se-fortalece-para-garantizar-del-acceso-a-informacion-publica\/"},"author":{"name":"Redacci\u00f3n","@id":"https:\/\/masquenoticias.mx\/#\/schema\/person\/544d19989ef23d34615f691f7a96e622"},"headline":"Comit\u00e9 de Transparencia en Servicios de Salud se fortalece para garantizar del acceso a informaci\u00f3n p\u00fablica","datePublished":"2026-03-14T04:17:53+00:00","mainEntityOfPage":{"@id":"https:\/\/masquenoticias.mx\/index.php\/2026\/03\/13\/comite-de-transparencia-en-servicios-de-salud-se-fortalece-para-garantizar-del-acceso-a-informacion-publica\/"},"wordCount":204,"commentCount":0,"publisher":{"@id":"https:\/\/masquenoticias.mx\/#organization"},"image":{"@id":"https:\/\/masquenoticias.mx\/index.php\/2026\/03\/13\/comite-de-transparencia-en-servicios-de-salud-se-fortalece-para-garantizar-del-acceso-a-informacion-publica\/#primaryimage"},"thumbnailUrl":"https:\/\/i0.wp.com\/masquenoticias.mx\/wp-content\/uploads\/2026\/03\/WhatsApp-Image-2026-03-13-at-10.29.34-AM.jpeg?fit=1599%2C928&ssl=1","keywords":["Salud"],"articleSection":["Estado"],"inLanguage":"es","potentialAction":[{"@type":"CommentAction","name":"Comment","target":["https:\/\/masquenoticias.mx\/index.php\/2026\/03\/13\/comite-de-transparencia-en-servicios-de-salud-se-fortalece-para-garantizar-del-acceso-a-informacion-publica\/#respond"]}]},{"@type":"WebPage","@id":"https:\/\/masquenoticias.mx\/index.php\/2026\/03\/13\/comite-de-transparencia-en-servicios-de-salud-se-fortalece-para-garantizar-del-acceso-a-informacion-publica\/","url":"https:\/\/masquenoticias.mx\/index.php\/2026\/03\/13\/comite-de-transparencia-en-servicios-de-salud-se-fortalece-para-garantizar-del-acceso-a-informacion-publica\/","name":"Comit\u00e9 de Transparencia en Servicios de Salud se fortalece para garantizar del acceso a informaci\u00f3n p\u00fablica - M\u00e1s Que Noticias","isPartOf":{"@id":"https:\/\/masquenoticias.mx\/#website"},"primaryImageOfPage":{"@id":"https:\/\/masquenoticias.mx\/index.php\/2026\/03\/13\/comite-de-transparencia-en-servicios-de-salud-se-fortalece-para-garantizar-del-acceso-a-informacion-publica\/#primaryimage"},"image":{"@id":"https:\/\/masquenoticias.mx\/index.php\/2026\/03\/13\/comite-de-transparencia-en-servicios-de-salud-se-fortalece-para-garantizar-del-acceso-a-informacion-publica\/#primaryimage"},"thumbnailUrl":"https:\/\/i0.wp.com\/masquenoticias.mx\/wp-content\/uploads\/2026\/03\/WhatsApp-Image-2026-03-13-at-10.29.34-AM.jpeg?fit=1599%2C928&ssl=1","datePublished":"2026-03-14T04:17:53+00:00","breadcrumb":{"@id":"https:\/\/masquenoticias.mx\/index.php\/2026\/03\/13\/comite-de-transparencia-en-servicios-de-salud-se-fortalece-para-garantizar-del-acceso-a-informacion-publica\/#breadcrumb"},"inLanguage":"es","potentialAction":[{"@type":"ReadAction","target":["https:\/\/masquenoticias.mx\/index.php\/2026\/03\/13\/comite-de-transparencia-en-servicios-de-salud-se-fortalece-para-garantizar-del-acceso-a-informacion-publica\/"]}]},{"@type":"ImageObject","inLanguage":"es","@id":"https:\/\/masquenoticias.mx\/index.php\/2026\/03\/13\/comite-de-transparencia-en-servicios-de-salud-se-fortalece-para-garantizar-del-acceso-a-informacion-publica\/#primaryimage","url":"https:\/\/i0.wp.com\/masquenoticias.mx\/wp-content\/uploads\/2026\/03\/WhatsApp-Image-2026-03-13-at-10.29.34-AM.jpeg?fit=1599%2C928&ssl=1","contentUrl":"https:\/\/i0.wp.com\/masquenoticias.mx\/wp-content\/uploads\/2026\/03\/WhatsApp-Image-2026-03-13-at-10.29.34-AM.jpeg?fit=1599%2C928&ssl=1","width":1599,"height":928},{"@type":"BreadcrumbList","@id":"https:\/\/masquenoticias.mx\/index.php\/2026\/03\/13\/comite-de-transparencia-en-servicios-de-salud-se-fortalece-para-garantizar-del-acceso-a-informacion-publica\/#breadcrumb","itemListElement":[{"@type":"ListItem","position":1,"name":"Inicio","item":"https:\/\/masquenoticias.mx\/"},{"@type":"ListItem","position":2,"name":"Comit\u00e9 de Transparencia en Servicios de Salud se fortalece para garantizar del acceso a informaci\u00f3n p\u00fablica"}]},{"@type":"WebSite","@id":"https:\/\/masquenoticias.mx\/#website","url":"https:\/\/masquenoticias.mx\/","name":"M\u00e1s Que Noticias","description":"Noticias de Colima, M\u00e9xico y el Mundo","publisher":{"@id":"https:\/\/masquenoticias.mx\/#organization"},"potentialAction":[{"@type":"SearchAction","target":{"@type":"EntryPoint","urlTemplate":"https:\/\/masquenoticias.mx\/?s={search_term_string}"},"query-input":{"@type":"PropertyValueSpecification","valueRequired":true,"valueName":"search_term_string"}}],"inLanguage":"es"},{"@type":"Organization","@id":"https:\/\/masquenoticias.mx\/#organization","name":"M\u00e1s Que Noticias","url":"https:\/\/masquenoticias.mx\/","logo":{"@type":"ImageObject","inLanguage":"es","@id":"https:\/\/masquenoticias.mx\/#\/schema\/logo\/image\/","url":"https:\/\/i0.wp.com\/masquenoticias.mx\/wp-content\/uploads\/2024\/04\/IMG_0004.png?fit=2560%2C1656&ssl=1","contentUrl":"https:\/\/i0.wp.com\/masquenoticias.mx\/wp-content\/uploads\/2024\/04\/IMG_0004.png?fit=2560%2C1656&ssl=1","width":2560,"height":1656,"caption":"M\u00e1s Que Noticias"},"image":{"@id":"https:\/\/masquenoticias.mx\/#\/schema\/logo\/image\/"},"sameAs":["https:\/\/www.facebook.com\/masquenoticiascolima","https:\/\/x.com\/edgartove","https:\/\/www.instagram.com\/masquenoticiascolima\/"]},{"@type":"Person","@id":"https:\/\/masquenoticias.mx\/#\/schema\/person\/544d19989ef23d34615f691f7a96e622","name":"Redacci\u00f3n","image":{"@type":"ImageObject","inLanguage":"es","@id":"https:\/\/masquenoticias.mx\/#\/schema\/person\/image\/","url":"https:\/\/secure.gravatar.com\/avatar\/7fcc926d5b058d3f3d52d95b4d05dd58?s=96&d=mm&r=g","contentUrl":"https:\/\/secure.gravatar.com\/avatar\/7fcc926d5b058d3f3d52d95b4d05dd58?s=96&d=mm&r=g","caption":"Redacci\u00f3n"},"sameAs":["http:\/\/masquenoticias.mx"],"url":"https:\/\/masquenoticias.mx\/index.php\/author\/edgartovegmail-com\/"}]}},"jetpack_featured_media_url":"https:\/\/i0.wp.com\/masquenoticias.mx\/wp-content\/uploads\/2026\/03\/WhatsApp-Image-2026-03-13-at-10.29.34-AM.jpeg?fit=1599%2C928&ssl=1","blog_post_layout_featured_media_urls":{"thumbnail":["https:\/\/i0.wp.com\/masquenoticias.mx\/wp-content\/uploads\/2026\/03\/WhatsApp-Image-2026-03-13-at-10.29.34-AM.jpeg?resize=150%2C150&ssl=1",150,150,true],"full":["https:\/\/i0.wp.com\/masquenoticias.mx\/wp-content\/uploads\/2026\/03\/WhatsApp-Image-2026-03-13-at-10.29.34-AM.jpeg?fit=1599%2C928&ssl=1",1599,928,false]},"categories_names":{"24":{"name":"Estado","link":"https:\/\/masquenoticias.mx\/index.php\/category\/estado\/"}},"tags_names":{"63":{"name":"Salud","link":"https:\/\/masquenoticias.mx\/index.php\/tag\/salud\/"}},"comments_number":"0","wpmagazine_modules_lite_featured_media_urls":{"thumbnail":["https:\/\/i0.wp.com\/masquenoticias.mx\/wp-content\/uploads\/2026\/03\/WhatsApp-Image-2026-03-13-at-10.29.34-AM.jpeg?resize=150%2C150&ssl=1",150,150,true],"cvmm-medium":["https:\/\/i0.wp.com\/masquenoticias.mx\/wp-content\/uploads\/2026\/03\/WhatsApp-Image-2026-03-13-at-10.29.34-AM.jpeg?resize=300%2C300&ssl=1",300,300,true],"cvmm-medium-plus":["https:\/\/i0.wp.com\/masquenoticias.mx\/wp-content\/uploads\/2026\/03\/WhatsApp-Image-2026-03-13-at-10.29.34-AM.jpeg?resize=305%2C207&ssl=1",305,207,true],"cvmm-portrait":["https:\/\/i0.wp.com\/masquenoticias.mx\/wp-content\/uploads\/2026\/03\/WhatsApp-Image-2026-03-13-at-10.29.34-AM.jpeg?resize=400%2C600&ssl=1",400,600,true],"cvmm-medium-square":["https:\/\/i0.wp.com\/masquenoticias.mx\/wp-content\/uploads\/2026\/03\/WhatsApp-Image-2026-03-13-at-10.29.34-AM.jpeg?resize=600%2C600&ssl=1",600,600,true],"cvmm-large":["https:\/\/i0.wp.com\/masquenoticias.mx\/wp-content\/uploads\/2026\/03\/WhatsApp-Image-2026-03-13-at-10.29.34-AM.jpeg?resize=1024%2C928&ssl=1",1024,928,true],"cvmm-small":["https:\/\/i0.wp.com\/masquenoticias.mx\/wp-content\/uploads\/2026\/03\/WhatsApp-Image-2026-03-13-at-10.29.34-AM.jpeg?resize=130%2C95&ssl=1",130,95,true],"full":["https:\/\/i0.wp.com\/masquenoticias.mx\/wp-content\/uploads\/2026\/03\/WhatsApp-Image-2026-03-13-at-10.29.34-AM.jpeg?fit=1599%2C928&ssl=1",1599,928,false]},"jetpack-related-posts":[],"jetpack_sharing_enabled":true,"jetpack_likes_enabled":true,"jetpack_shortlink":"https:\/\/wp.me\/pf7pkt-5EX","_links":{"self":[{"href":"https:\/\/masquenoticias.mx\/index.php\/wp-json\/wp\/v2\/posts\/21759","targetHints":{"allow":["GET"]}}],"collection":[{"href":"https:\/\/masquenoticias.mx\/index.php\/wp-json\/wp\/v2\/posts"}],"about":[{"href":"https:\/\/masquenoticias.mx\/index.php\/wp-json\/wp\/v2\/types\/post"}],"author":[{"embeddable":true,"href":"https:\/\/masquenoticias.mx\/index.php\/wp-json\/wp\/v2\/users\/1"}],"replies":[{"embeddable":true,"href":"https:\/\/masquenoticias.mx\/index.php\/wp-json\/wp\/v2\/comments?post=21759"}],"version-history":[{"count":1,"href":"https:\/\/masquenoticias.mx\/index.php\/wp-json\/wp\/v2\/posts\/21759\/revisions"}],"predecessor-version":[{"id":21761,"href":"https:\/\/masquenoticias.mx\/index.php\/wp-json\/wp\/v2\/posts\/21759\/revisions\/21761"}],"wp:featuredmedia":[{"embeddable":true,"href":"https:\/\/masquenoticias.mx\/index.php\/wp-json\/wp\/v2\/media\/21760"}],"wp:attachment":[{"href":"https:\/\/masquenoticias.mx\/index.php\/wp-json\/wp\/v2\/media?parent=21759"}],"wp:term":[{"taxonomy":"category","embeddable":true,"href":"https:\/\/masquenoticias.mx\/index.php\/wp-json\/wp\/v2\/categories?post=21759"},{"taxonomy":"post_tag","embeddable":true,"href":"https:\/\/masquenoticias.mx\/index.php\/wp-json\/wp\/v2\/tags?post=21759"}],"curies":[{"name":"wp","href":"https:\/\/api.w.org\/{rel}","templated":true}]}}