{"id":21753,"date":"2026-03-12T22:38:54","date_gmt":"2026-03-13T04:38:54","guid":{"rendered":"https:\/\/masquenoticias.mx\/?p=21753"},"modified":"2026-03-12T22:38:54","modified_gmt":"2026-03-13T04:38:54","slug":"presenta-ine-colima-la-memoria-grafica-y-documental-del-proceso-electoral-2023-2024","status":"publish","type":"post","link":"https:\/\/masquenoticias.mx\/index.php\/2026\/03\/12\/presenta-ine-colima-la-memoria-grafica-y-documental-del-proceso-electoral-2023-2024\/","title":{"rendered":"Presenta INE Colima la Memoria Gr\u00e1fica y Documental del Proceso Electoral 2023\u20132024"},"content":{"rendered":"<p>El Instituto Nacional Electoral (INE) en Colima present\u00f3 la <strong>Memoria Gr\u00e1fica y Documental del Proceso Electoral 2023\u20132024<\/strong>, una publicaci\u00f3n que no solo da cuenta de los principales acontecimientos del proceso, sino que tambi\u00e9n rinde homenaje al esfuerzo colectivo de la sociedad mexicana que hizo posible la realizaci\u00f3n de una elecci\u00f3n libre, equitativa y confiable.<\/p>\n<p>El evento fue presidido por la Vocal Ejecutiva de la Junta Local Ejecutiva del INE en Colima, <strong>Ana Margarita Torres Arreola<\/strong>, quien ofreci\u00f3 una rese\u00f1a del contenido de la obra. Durante su intervenci\u00f3n destac\u00f3 que esta memoria \u201csintetiza las principales actividades, desaf\u00edos y resultados del proceso electoral m\u00e1s grande y complejo que ha vivido nuestro pa\u00eds hasta ahora\u201d.<\/p>\n<p>Ante asistentes reunidos en el auditorio de la <strong>Facultad de Letras y Comunicaci\u00f3n de la Universidad de Colima<\/strong>, Torres Arreola explic\u00f3 que la publicaci\u00f3n integra texto e imagen para ofrecer una visi\u00f3n clara y accesible de la complejidad que implica la organizaci\u00f3n de elecciones en M\u00e9xico, as\u00ed como del esfuerzo institucional y ciudadano que permite que millones de personas ejerzan su derecho al voto.<\/p>\n<p>La delegada del INE en la entidad se\u00f1al\u00f3 que el <strong>Proceso Electoral Concurrente 2023\u20132024<\/strong> represent\u00f3 un desaf\u00edo sin precedentes, ya que en \u00e9l se renovaron m\u00e1s de veinte mil cargos de elecci\u00f3n popular en todo el pa\u00eds, incluyendo la Presidencia de la Rep\u00fablica, gubernaturas, legislaturas federales y locales, as\u00ed como miles de cargos municipales.<\/p>\n<p>Agreg\u00f3 que, m\u00e1s all\u00e1 de la magnitud del proceso, la memoria busca reconocer el trabajo colectivo de miles de personas que hicieron posible la organizaci\u00f3n de la elecci\u00f3n: personal del INE, funcionarias y funcionarios de casilla, observadoras y observadores electorales y, por supuesto, la ciudadan\u00eda que particip\u00f3 activamente en las urnas.<\/p>\n<p>Durante la presentaci\u00f3n tambi\u00e9n participaron <strong>Jaime Valdez Galv\u00e1n<\/strong>, Consejero Electoral del Consejo Local del INE en Colima, y <strong>Luis Figueroa Mu\u00f1oz<\/strong>, Vocal Ejecutivo de la 02 Junta Distrital Ejecutiva, quienes compartieron reflexiones y an\u00e1lisis sobre el contenido de la publicaci\u00f3n y destacaron la importancia de documentar y preservar la experiencia institucional y ciudadana de este proceso democr\u00e1tico.<\/p>\n<p>Valdez Galv\u00e1n se\u00f1al\u00f3 que obras de esta naturaleza, por su riqueza de informaci\u00f3n, enfrentan el reto de comunicar contenidos especializados de manera accesible. En ese sentido, explic\u00f3 que una memoria institucional puede entenderse como una recopilaci\u00f3n y organizaci\u00f3n detallada de acciones que combinan texto e im\u00e1genes con el prop\u00f3sito de dejar constancia del trabajo realizado, rendir cuentas y preservar el patrimonio institucional para consultas futuras.<\/p>\n<p>El Consejero Electoral consider\u00f3 que esta publicaci\u00f3n cumple con dichos objetivos, al presentar contenidos accesibles para el p\u00fablico en general, sin requerir conocimientos especializados en materia electoral. Asimismo, se\u00f1al\u00f3 que la obra incluye reflexiones de integrantes del Consejo General del INE que retratan tanto los logros institucionales como los desaf\u00edos que a\u00fan enfrenta la democracia en el pa\u00eds.<\/p>\n<p>Por su parte, <strong>Luis Figueroa Mu\u00f1oz<\/strong> destac\u00f3 que la organizaci\u00f3n de un proceso electoral implica m\u00faltiples atribuciones y responsabilidades para el Instituto Nacional Electoral, entre ellas el financiamiento y fiscalizaci\u00f3n de partidos pol\u00edticos y candidaturas; la implementaci\u00f3n de conteos r\u00e1pidos y del Programa de Resultados Electorales Preliminares (PREP); la promoci\u00f3n de acciones afirmativas y la paridad de g\u00e9nero; la organizaci\u00f3n de debates; el acceso equitativo a medios de comunicaci\u00f3n, as\u00ed como el combate a la desinformaci\u00f3n.<\/p>\n<p>Durante su exposici\u00f3n explic\u00f3 de manera din\u00e1mica el proceso de distritaci\u00f3n electoral, cuyo objetivo es equilibrar la representatividad del voto y garantizar el cumplimiento de los principios de equidad y legalidad establecidos en la Constituci\u00f3n.<\/p>\n<p>Asimismo, realiz\u00f3 un recuento de la evoluci\u00f3n en la emisi\u00f3n de la credencial para votar, desde sus primeras versiones hasta el documento actual, que incorpora 24 elementos de seguridad visibles e invisibles que la convierten en un instrumento altamente confiable.<\/p>\n<p>Finalmente, tambi\u00e9n destac\u00f3 la implementaci\u00f3n del voto anticipado como una medida orientada a fortalecer la inclusi\u00f3n y ampliar la participaci\u00f3n ciudadana de diversos sectores de la poblaci\u00f3n.<\/p>\n<p>Al evento asistieron autoridades electorales del Instituto Electoral del Estado de Colima, del Tribunal Electoral del Estado, estudiantes de la Universidad de Colima y p\u00fablico en general.<\/p>\n","protected":false},"excerpt":{"rendered":"<p>El Instituto Nacional Electoral (INE) en Colima present\u00f3 la Memoria Gr\u00e1fica y Documental del Proceso Electoral 2023\u20132024, una publicaci\u00f3n que no solo da cuenta de los principales acontecimientos del proceso, sino que tambi\u00e9n rinde homenaje al esfuerzo colectivo de la sociedad mexicana que hizo posible la realizaci\u00f3n de una elecci\u00f3n libre, equitativa y confiable. El [&hellip;]<\/p>\n","protected":false},"author":1,"featured_media":21754,"comment_status":"open","ping_status":"open","sticky":false,"template":"","format":"standard","meta":{"_jetpack_memberships_contains_paid_content":false,"footnotes":""},"categories":[32],"tags":[105],"class_list":["post-21753","post","type-post","status-publish","format-standard","has-post-thumbnail","hentry","category-politica","tag-ine"],"yoast_head":"<!-- This site is optimized with the Yoast SEO plugin v26.6 - https:\/\/yoast.com\/wordpress\/plugins\/seo\/ -->\n<title>Presenta INE Colima la Memoria Gr\u00e1fica y Documental del Proceso Electoral 2023\u20132024 - M\u00e1s Que Noticias<\/title>\n<meta name=\"robots\" content=\"index, follow, max-snippet:-1, max-image-preview:large, max-video-preview:-1\" \/>\n<link rel=\"canonical\" href=\"https:\/\/masquenoticias.mx\/index.php\/2026\/03\/12\/presenta-ine-colima-la-memoria-grafica-y-documental-del-proceso-electoral-2023-2024\/\" \/>\n<meta property=\"og:locale\" content=\"es_MX\" \/>\n<meta property=\"og:type\" content=\"article\" \/>\n<meta property=\"og:title\" content=\"Presenta INE Colima la Memoria Gr\u00e1fica y Documental del Proceso Electoral 2023\u20132024 - M\u00e1s Que Noticias\" \/>\n<meta property=\"og:description\" content=\"El Instituto Nacional Electoral (INE) en Colima present\u00f3 la Memoria Gr\u00e1fica y Documental del Proceso Electoral 2023\u20132024, una publicaci\u00f3n que no solo da cuenta de los principales acontecimientos del proceso, sino que tambi\u00e9n rinde homenaje al esfuerzo colectivo de la sociedad mexicana que hizo posible la realizaci\u00f3n de una elecci\u00f3n libre, equitativa y confiable. El [&hellip;]\" \/>\n<meta property=\"og:url\" content=\"https:\/\/masquenoticias.mx\/index.php\/2026\/03\/12\/presenta-ine-colima-la-memoria-grafica-y-documental-del-proceso-electoral-2023-2024\/\" \/>\n<meta property=\"og:site_name\" content=\"M\u00e1s Que Noticias\" \/>\n<meta property=\"article:publisher\" content=\"https:\/\/www.facebook.com\/masquenoticiascolima\" \/>\n<meta property=\"article:published_time\" content=\"2026-03-13T04:38:54+00:00\" \/>\n<meta property=\"og:image\" content=\"https:\/\/masquenoticias.mx\/wp-content\/uploads\/2026\/03\/WhatsApp-Image-2026-03-12-at-2.45.16-PM-1.jpeg\" \/>\n\t<meta property=\"og:image:width\" content=\"1600\" \/>\n\t<meta property=\"og:image:height\" content=\"1177\" \/>\n\t<meta property=\"og:image:type\" content=\"image\/jpeg\" \/>\n<meta name=\"author\" content=\"Redacci\u00f3n\" \/>\n<meta name=\"twitter:card\" content=\"summary_large_image\" \/>\n<meta name=\"twitter:creator\" content=\"@edgartove\" \/>\n<meta name=\"twitter:site\" content=\"@edgartove\" \/>\n<meta name=\"twitter:label1\" content=\"Escrito por\" \/>\n\t<meta name=\"twitter:data1\" content=\"Redacci\u00f3n\" \/>\n\t<meta name=\"twitter:label2\" content=\"Tiempo de lectura\" \/>\n\t<meta name=\"twitter:data2\" content=\"4 minutos\" \/>\n<script type=\"application\/ld+json\" class=\"yoast-schema-graph\">{\"@context\":\"https:\/\/schema.org\",\"@graph\":[{\"@type\":\"Article\",\"@id\":\"https:\/\/masquenoticias.mx\/index.php\/2026\/03\/12\/presenta-ine-colima-la-memoria-grafica-y-documental-del-proceso-electoral-2023-2024\/#article\",\"isPartOf\":{\"@id\":\"https:\/\/masquenoticias.mx\/index.php\/2026\/03\/12\/presenta-ine-colima-la-memoria-grafica-y-documental-del-proceso-electoral-2023-2024\/\"},\"author\":{\"name\":\"Redacci\u00f3n\",\"@id\":\"https:\/\/masquenoticias.mx\/#\/schema\/person\/544d19989ef23d34615f691f7a96e622\"},\"headline\":\"Presenta INE Colima la Memoria Gr\u00e1fica y Documental del Proceso Electoral 2023\u20132024\",\"datePublished\":\"2026-03-13T04:38:54+00:00\",\"mainEntityOfPage\":{\"@id\":\"https:\/\/masquenoticias.mx\/index.php\/2026\/03\/12\/presenta-ine-colima-la-memoria-grafica-y-documental-del-proceso-electoral-2023-2024\/\"},\"wordCount\":743,\"commentCount\":0,\"publisher\":{\"@id\":\"https:\/\/masquenoticias.mx\/#organization\"},\"image\":{\"@id\":\"https:\/\/masquenoticias.mx\/index.php\/2026\/03\/12\/presenta-ine-colima-la-memoria-grafica-y-documental-del-proceso-electoral-2023-2024\/#primaryimage\"},\"thumbnailUrl\":\"https:\/\/i0.wp.com\/masquenoticias.mx\/wp-content\/uploads\/2026\/03\/WhatsApp-Image-2026-03-12-at-2.45.16-PM-1.jpeg?fit=1600%2C1177&ssl=1\",\"keywords\":[\"INE\"],\"articleSection\":[\"Pol\u00edtica\"],\"inLanguage\":\"es\",\"potentialAction\":[{\"@type\":\"CommentAction\",\"name\":\"Comment\",\"target\":[\"https:\/\/masquenoticias.mx\/index.php\/2026\/03\/12\/presenta-ine-colima-la-memoria-grafica-y-documental-del-proceso-electoral-2023-2024\/#respond\"]}]},{\"@type\":\"WebPage\",\"@id\":\"https:\/\/masquenoticias.mx\/index.php\/2026\/03\/12\/presenta-ine-colima-la-memoria-grafica-y-documental-del-proceso-electoral-2023-2024\/\",\"url\":\"https:\/\/masquenoticias.mx\/index.php\/2026\/03\/12\/presenta-ine-colima-la-memoria-grafica-y-documental-del-proceso-electoral-2023-2024\/\",\"name\":\"Presenta INE Colima la Memoria Gr\u00e1fica y Documental del Proceso Electoral 2023\u20132024 - M\u00e1s Que Noticias\",\"isPartOf\":{\"@id\":\"https:\/\/masquenoticias.mx\/#website\"},\"primaryImageOfPage\":{\"@id\":\"https:\/\/masquenoticias.mx\/index.php\/2026\/03\/12\/presenta-ine-colima-la-memoria-grafica-y-documental-del-proceso-electoral-2023-2024\/#primaryimage\"},\"image\":{\"@id\":\"https:\/\/masquenoticias.mx\/index.php\/2026\/03\/12\/presenta-ine-colima-la-memoria-grafica-y-documental-del-proceso-electoral-2023-2024\/#primaryimage\"},\"thumbnailUrl\":\"https:\/\/i0.wp.com\/masquenoticias.mx\/wp-content\/uploads\/2026\/03\/WhatsApp-Image-2026-03-12-at-2.45.16-PM-1.jpeg?fit=1600%2C1177&ssl=1\",\"datePublished\":\"2026-03-13T04:38:54+00:00\",\"breadcrumb\":{\"@id\":\"https:\/\/masquenoticias.mx\/index.php\/2026\/03\/12\/presenta-ine-colima-la-memoria-grafica-y-documental-del-proceso-electoral-2023-2024\/#breadcrumb\"},\"inLanguage\":\"es\",\"potentialAction\":[{\"@type\":\"ReadAction\",\"target\":[\"https:\/\/masquenoticias.mx\/index.php\/2026\/03\/12\/presenta-ine-colima-la-memoria-grafica-y-documental-del-proceso-electoral-2023-2024\/\"]}]},{\"@type\":\"ImageObject\",\"inLanguage\":\"es\",\"@id\":\"https:\/\/masquenoticias.mx\/index.php\/2026\/03\/12\/presenta-ine-colima-la-memoria-grafica-y-documental-del-proceso-electoral-2023-2024\/#primaryimage\",\"url\":\"https:\/\/i0.wp.com\/masquenoticias.mx\/wp-content\/uploads\/2026\/03\/WhatsApp-Image-2026-03-12-at-2.45.16-PM-1.jpeg?fit=1600%2C1177&ssl=1\",\"contentUrl\":\"https:\/\/i0.wp.com\/masquenoticias.mx\/wp-content\/uploads\/2026\/03\/WhatsApp-Image-2026-03-12-at-2.45.16-PM-1.jpeg?fit=1600%2C1177&ssl=1\",\"width\":1600,\"height\":1177},{\"@type\":\"BreadcrumbList\",\"@id\":\"https:\/\/masquenoticias.mx\/index.php\/2026\/03\/12\/presenta-ine-colima-la-memoria-grafica-y-documental-del-proceso-electoral-2023-2024\/#breadcrumb\",\"itemListElement\":[{\"@type\":\"ListItem\",\"position\":1,\"name\":\"Inicio\",\"item\":\"https:\/\/masquenoticias.mx\/\"},{\"@type\":\"ListItem\",\"position\":2,\"name\":\"Presenta INE Colima la Memoria Gr\u00e1fica y Documental del Proceso Electoral 2023\u20132024\"}]},{\"@type\":\"WebSite\",\"@id\":\"https:\/\/masquenoticias.mx\/#website\",\"url\":\"https:\/\/masquenoticias.mx\/\",\"name\":\"M\u00e1s Que Noticias\",\"description\":\"Noticias de Colima, M\u00e9xico y el Mundo\",\"publisher\":{\"@id\":\"https:\/\/masquenoticias.mx\/#organization\"},\"potentialAction\":[{\"@type\":\"SearchAction\",\"target\":{\"@type\":\"EntryPoint\",\"urlTemplate\":\"https:\/\/masquenoticias.mx\/?s={search_term_string}\"},\"query-input\":{\"@type\":\"PropertyValueSpecification\",\"valueRequired\":true,\"valueName\":\"search_term_string\"}}],\"inLanguage\":\"es\"},{\"@type\":\"Organization\",\"@id\":\"https:\/\/masquenoticias.mx\/#organization\",\"name\":\"M\u00e1s Que Noticias\",\"url\":\"https:\/\/masquenoticias.mx\/\",\"logo\":{\"@type\":\"ImageObject\",\"inLanguage\":\"es\",\"@id\":\"https:\/\/masquenoticias.mx\/#\/schema\/logo\/image\/\",\"url\":\"https:\/\/i0.wp.com\/masquenoticias.mx\/wp-content\/uploads\/2024\/04\/IMG_0004.png?fit=2560%2C1656&ssl=1\",\"contentUrl\":\"https:\/\/i0.wp.com\/masquenoticias.mx\/wp-content\/uploads\/2024\/04\/IMG_0004.png?fit=2560%2C1656&ssl=1\",\"width\":2560,\"height\":1656,\"caption\":\"M\u00e1s Que Noticias\"},\"image\":{\"@id\":\"https:\/\/masquenoticias.mx\/#\/schema\/logo\/image\/\"},\"sameAs\":[\"https:\/\/www.facebook.com\/masquenoticiascolima\",\"https:\/\/x.com\/edgartove\",\"https:\/\/www.instagram.com\/masquenoticiascolima\/\"]},{\"@type\":\"Person\",\"@id\":\"https:\/\/masquenoticias.mx\/#\/schema\/person\/544d19989ef23d34615f691f7a96e622\",\"name\":\"Redacci\u00f3n\",\"image\":{\"@type\":\"ImageObject\",\"inLanguage\":\"es\",\"@id\":\"https:\/\/masquenoticias.mx\/#\/schema\/person\/image\/\",\"url\":\"https:\/\/secure.gravatar.com\/avatar\/7fcc926d5b058d3f3d52d95b4d05dd58?s=96&d=mm&r=g\",\"contentUrl\":\"https:\/\/secure.gravatar.com\/avatar\/7fcc926d5b058d3f3d52d95b4d05dd58?s=96&d=mm&r=g\",\"caption\":\"Redacci\u00f3n\"},\"sameAs\":[\"http:\/\/masquenoticias.mx\"],\"url\":\"https:\/\/masquenoticias.mx\/index.php\/author\/edgartovegmail-com\/\"}]}<\/script>\n<!-- \/ Yoast SEO plugin. -->","yoast_head_json":{"title":"Presenta INE Colima la Memoria Gr\u00e1fica y Documental del Proceso Electoral 2023\u20132024 - M\u00e1s Que Noticias","robots":{"index":"index","follow":"follow","max-snippet":"max-snippet:-1","max-image-preview":"max-image-preview:large","max-video-preview":"max-video-preview:-1"},"canonical":"https:\/\/masquenoticias.mx\/index.php\/2026\/03\/12\/presenta-ine-colima-la-memoria-grafica-y-documental-del-proceso-electoral-2023-2024\/","og_locale":"es_MX","og_type":"article","og_title":"Presenta INE Colima la Memoria Gr\u00e1fica y Documental del Proceso Electoral 2023\u20132024 - M\u00e1s Que Noticias","og_description":"El Instituto Nacional Electoral (INE) en Colima present\u00f3 la Memoria Gr\u00e1fica y Documental del Proceso Electoral 2023\u20132024, una publicaci\u00f3n que no solo da cuenta de los principales acontecimientos del proceso, sino que tambi\u00e9n rinde homenaje al esfuerzo colectivo de la sociedad mexicana que hizo posible la realizaci\u00f3n de una elecci\u00f3n libre, equitativa y confiable. El [&hellip;]","og_url":"https:\/\/masquenoticias.mx\/index.php\/2026\/03\/12\/presenta-ine-colima-la-memoria-grafica-y-documental-del-proceso-electoral-2023-2024\/","og_site_name":"M\u00e1s Que Noticias","article_publisher":"https:\/\/www.facebook.com\/masquenoticiascolima","article_published_time":"2026-03-13T04:38:54+00:00","og_image":[{"width":1600,"height":1177,"url":"https:\/\/masquenoticias.mx\/wp-content\/uploads\/2026\/03\/WhatsApp-Image-2026-03-12-at-2.45.16-PM-1.jpeg","type":"image\/jpeg"}],"author":"Redacci\u00f3n","twitter_card":"summary_large_image","twitter_creator":"@edgartove","twitter_site":"@edgartove","twitter_misc":{"Escrito por":"Redacci\u00f3n","Tiempo de lectura":"4 minutos"},"schema":{"@context":"https:\/\/schema.org","@graph":[{"@type":"Article","@id":"https:\/\/masquenoticias.mx\/index.php\/2026\/03\/12\/presenta-ine-colima-la-memoria-grafica-y-documental-del-proceso-electoral-2023-2024\/#article","isPartOf":{"@id":"https:\/\/masquenoticias.mx\/index.php\/2026\/03\/12\/presenta-ine-colima-la-memoria-grafica-y-documental-del-proceso-electoral-2023-2024\/"},"author":{"name":"Redacci\u00f3n","@id":"https:\/\/masquenoticias.mx\/#\/schema\/person\/544d19989ef23d34615f691f7a96e622"},"headline":"Presenta INE Colima la Memoria Gr\u00e1fica y Documental del Proceso Electoral 2023\u20132024","datePublished":"2026-03-13T04:38:54+00:00","mainEntityOfPage":{"@id":"https:\/\/masquenoticias.mx\/index.php\/2026\/03\/12\/presenta-ine-colima-la-memoria-grafica-y-documental-del-proceso-electoral-2023-2024\/"},"wordCount":743,"commentCount":0,"publisher":{"@id":"https:\/\/masquenoticias.mx\/#organization"},"image":{"@id":"https:\/\/masquenoticias.mx\/index.php\/2026\/03\/12\/presenta-ine-colima-la-memoria-grafica-y-documental-del-proceso-electoral-2023-2024\/#primaryimage"},"thumbnailUrl":"https:\/\/i0.wp.com\/masquenoticias.mx\/wp-content\/uploads\/2026\/03\/WhatsApp-Image-2026-03-12-at-2.45.16-PM-1.jpeg?fit=1600%2C1177&ssl=1","keywords":["INE"],"articleSection":["Pol\u00edtica"],"inLanguage":"es","potentialAction":[{"@type":"CommentAction","name":"Comment","target":["https:\/\/masquenoticias.mx\/index.php\/2026\/03\/12\/presenta-ine-colima-la-memoria-grafica-y-documental-del-proceso-electoral-2023-2024\/#respond"]}]},{"@type":"WebPage","@id":"https:\/\/masquenoticias.mx\/index.php\/2026\/03\/12\/presenta-ine-colima-la-memoria-grafica-y-documental-del-proceso-electoral-2023-2024\/","url":"https:\/\/masquenoticias.mx\/index.php\/2026\/03\/12\/presenta-ine-colima-la-memoria-grafica-y-documental-del-proceso-electoral-2023-2024\/","name":"Presenta INE Colima la Memoria Gr\u00e1fica y Documental del Proceso Electoral 2023\u20132024 - M\u00e1s Que Noticias","isPartOf":{"@id":"https:\/\/masquenoticias.mx\/#website"},"primaryImageOfPage":{"@id":"https:\/\/masquenoticias.mx\/index.php\/2026\/03\/12\/presenta-ine-colima-la-memoria-grafica-y-documental-del-proceso-electoral-2023-2024\/#primaryimage"},"image":{"@id":"https:\/\/masquenoticias.mx\/index.php\/2026\/03\/12\/presenta-ine-colima-la-memoria-grafica-y-documental-del-proceso-electoral-2023-2024\/#primaryimage"},"thumbnailUrl":"https:\/\/i0.wp.com\/masquenoticias.mx\/wp-content\/uploads\/2026\/03\/WhatsApp-Image-2026-03-12-at-2.45.16-PM-1.jpeg?fit=1600%2C1177&ssl=1","datePublished":"2026-03-13T04:38:54+00:00","breadcrumb":{"@id":"https:\/\/masquenoticias.mx\/index.php\/2026\/03\/12\/presenta-ine-colima-la-memoria-grafica-y-documental-del-proceso-electoral-2023-2024\/#breadcrumb"},"inLanguage":"es","potentialAction":[{"@type":"ReadAction","target":["https:\/\/masquenoticias.mx\/index.php\/2026\/03\/12\/presenta-ine-colima-la-memoria-grafica-y-documental-del-proceso-electoral-2023-2024\/"]}]},{"@type":"ImageObject","inLanguage":"es","@id":"https:\/\/masquenoticias.mx\/index.php\/2026\/03\/12\/presenta-ine-colima-la-memoria-grafica-y-documental-del-proceso-electoral-2023-2024\/#primaryimage","url":"https:\/\/i0.wp.com\/masquenoticias.mx\/wp-content\/uploads\/2026\/03\/WhatsApp-Image-2026-03-12-at-2.45.16-PM-1.jpeg?fit=1600%2C1177&ssl=1","contentUrl":"https:\/\/i0.wp.com\/masquenoticias.mx\/wp-content\/uploads\/2026\/03\/WhatsApp-Image-2026-03-12-at-2.45.16-PM-1.jpeg?fit=1600%2C1177&ssl=1","width":1600,"height":1177},{"@type":"BreadcrumbList","@id":"https:\/\/masquenoticias.mx\/index.php\/2026\/03\/12\/presenta-ine-colima-la-memoria-grafica-y-documental-del-proceso-electoral-2023-2024\/#breadcrumb","itemListElement":[{"@type":"ListItem","position":1,"name":"Inicio","item":"https:\/\/masquenoticias.mx\/"},{"@type":"ListItem","position":2,"name":"Presenta INE Colima la Memoria Gr\u00e1fica y Documental del Proceso Electoral 2023\u20132024"}]},{"@type":"WebSite","@id":"https:\/\/masquenoticias.mx\/#website","url":"https:\/\/masquenoticias.mx\/","name":"M\u00e1s Que Noticias","description":"Noticias de Colima, M\u00e9xico y el Mundo","publisher":{"@id":"https:\/\/masquenoticias.mx\/#organization"},"potentialAction":[{"@type":"SearchAction","target":{"@type":"EntryPoint","urlTemplate":"https:\/\/masquenoticias.mx\/?s={search_term_string}"},"query-input":{"@type":"PropertyValueSpecification","valueRequired":true,"valueName":"search_term_string"}}],"inLanguage":"es"},{"@type":"Organization","@id":"https:\/\/masquenoticias.mx\/#organization","name":"M\u00e1s Que Noticias","url":"https:\/\/masquenoticias.mx\/","logo":{"@type":"ImageObject","inLanguage":"es","@id":"https:\/\/masquenoticias.mx\/#\/schema\/logo\/image\/","url":"https:\/\/i0.wp.com\/masquenoticias.mx\/wp-content\/uploads\/2024\/04\/IMG_0004.png?fit=2560%2C1656&ssl=1","contentUrl":"https:\/\/i0.wp.com\/masquenoticias.mx\/wp-content\/uploads\/2024\/04\/IMG_0004.png?fit=2560%2C1656&ssl=1","width":2560,"height":1656,"caption":"M\u00e1s Que Noticias"},"image":{"@id":"https:\/\/masquenoticias.mx\/#\/schema\/logo\/image\/"},"sameAs":["https:\/\/www.facebook.com\/masquenoticiascolima","https:\/\/x.com\/edgartove","https:\/\/www.instagram.com\/masquenoticiascolima\/"]},{"@type":"Person","@id":"https:\/\/masquenoticias.mx\/#\/schema\/person\/544d19989ef23d34615f691f7a96e622","name":"Redacci\u00f3n","image":{"@type":"ImageObject","inLanguage":"es","@id":"https:\/\/masquenoticias.mx\/#\/schema\/person\/image\/","url":"https:\/\/secure.gravatar.com\/avatar\/7fcc926d5b058d3f3d52d95b4d05dd58?s=96&d=mm&r=g","contentUrl":"https:\/\/secure.gravatar.com\/avatar\/7fcc926d5b058d3f3d52d95b4d05dd58?s=96&d=mm&r=g","caption":"Redacci\u00f3n"},"sameAs":["http:\/\/masquenoticias.mx"],"url":"https:\/\/masquenoticias.mx\/index.php\/author\/edgartovegmail-com\/"}]}},"jetpack_featured_media_url":"https:\/\/i0.wp.com\/masquenoticias.mx\/wp-content\/uploads\/2026\/03\/WhatsApp-Image-2026-03-12-at-2.45.16-PM-1.jpeg?fit=1600%2C1177&ssl=1","blog_post_layout_featured_media_urls":{"thumbnail":["https:\/\/i0.wp.com\/masquenoticias.mx\/wp-content\/uploads\/2026\/03\/WhatsApp-Image-2026-03-12-at-2.45.16-PM-1.jpeg?resize=150%2C150&ssl=1",150,150,true],"full":["https:\/\/i0.wp.com\/masquenoticias.mx\/wp-content\/uploads\/2026\/03\/WhatsApp-Image-2026-03-12-at-2.45.16-PM-1.jpeg?fit=1600%2C1177&ssl=1",1600,1177,false]},"categories_names":{"32":{"name":"Pol\u00edtica","link":"https:\/\/masquenoticias.mx\/index.php\/category\/politica\/"}},"tags_names":{"105":{"name":"INE","link":"https:\/\/masquenoticias.mx\/index.php\/tag\/ine\/"}},"comments_number":"0","wpmagazine_modules_lite_featured_media_urls":{"thumbnail":["https:\/\/i0.wp.com\/masquenoticias.mx\/wp-content\/uploads\/2026\/03\/WhatsApp-Image-2026-03-12-at-2.45.16-PM-1.jpeg?resize=150%2C150&ssl=1",150,150,true],"cvmm-medium":["https:\/\/i0.wp.com\/masquenoticias.mx\/wp-content\/uploads\/2026\/03\/WhatsApp-Image-2026-03-12-at-2.45.16-PM-1.jpeg?resize=300%2C300&ssl=1",300,300,true],"cvmm-medium-plus":["https:\/\/i0.wp.com\/masquenoticias.mx\/wp-content\/uploads\/2026\/03\/WhatsApp-Image-2026-03-12-at-2.45.16-PM-1.jpeg?resize=305%2C207&ssl=1",305,207,true],"cvmm-portrait":["https:\/\/i0.wp.com\/masquenoticias.mx\/wp-content\/uploads\/2026\/03\/WhatsApp-Image-2026-03-12-at-2.45.16-PM-1.jpeg?resize=400%2C600&ssl=1",400,600,true],"cvmm-medium-square":["https:\/\/i0.wp.com\/masquenoticias.mx\/wp-content\/uploads\/2026\/03\/WhatsApp-Image-2026-03-12-at-2.45.16-PM-1.jpeg?resize=600%2C600&ssl=1",600,600,true],"cvmm-large":["https:\/\/i0.wp.com\/masquenoticias.mx\/wp-content\/uploads\/2026\/03\/WhatsApp-Image-2026-03-12-at-2.45.16-PM-1.jpeg?resize=1024%2C1024&ssl=1",1024,1024,true],"cvmm-small":["https:\/\/i0.wp.com\/masquenoticias.mx\/wp-content\/uploads\/2026\/03\/WhatsApp-Image-2026-03-12-at-2.45.16-PM-1.jpeg?resize=130%2C95&ssl=1",130,95,true],"full":["https:\/\/i0.wp.com\/masquenoticias.mx\/wp-content\/uploads\/2026\/03\/WhatsApp-Image-2026-03-12-at-2.45.16-PM-1.jpeg?fit=1600%2C1177&ssl=1",1600,1177,false]},"jetpack-related-posts":[],"jetpack_sharing_enabled":true,"jetpack_likes_enabled":true,"jetpack_shortlink":"https:\/\/wp.me\/pf7pkt-5ER","_links":{"self":[{"href":"https:\/\/masquenoticias.mx\/index.php\/wp-json\/wp\/v2\/posts\/21753","targetHints":{"allow":["GET"]}}],"collection":[{"href":"https:\/\/masquenoticias.mx\/index.php\/wp-json\/wp\/v2\/posts"}],"about":[{"href":"https:\/\/masquenoticias.mx\/index.php\/wp-json\/wp\/v2\/types\/post"}],"author":[{"embeddable":true,"href":"https:\/\/masquenoticias.mx\/index.php\/wp-json\/wp\/v2\/users\/1"}],"replies":[{"embeddable":true,"href":"https:\/\/masquenoticias.mx\/index.php\/wp-json\/wp\/v2\/comments?post=21753"}],"version-history":[{"count":1,"href":"https:\/\/masquenoticias.mx\/index.php\/wp-json\/wp\/v2\/posts\/21753\/revisions"}],"predecessor-version":[{"id":21755,"href":"https:\/\/masquenoticias.mx\/index.php\/wp-json\/wp\/v2\/posts\/21753\/revisions\/21755"}],"wp:featuredmedia":[{"embeddable":true,"href":"https:\/\/masquenoticias.mx\/index.php\/wp-json\/wp\/v2\/media\/21754"}],"wp:attachment":[{"href":"https:\/\/masquenoticias.mx\/index.php\/wp-json\/wp\/v2\/media?parent=21753"}],"wp:term":[{"taxonomy":"category","embeddable":true,"href":"https:\/\/masquenoticias.mx\/index.php\/wp-json\/wp\/v2\/categories?post=21753"},{"taxonomy":"post_tag","embeddable":true,"href":"https:\/\/masquenoticias.mx\/index.php\/wp-json\/wp\/v2\/tags?post=21753"}],"curies":[{"name":"wp","href":"https:\/\/api.w.org\/{rel}","templated":true}]}}