{"id":21750,"date":"2026-03-12T22:26:43","date_gmt":"2026-03-13T04:26:43","guid":{"rendered":"https:\/\/masquenoticias.mx\/?p=21750"},"modified":"2026-03-12T22:26:43","modified_gmt":"2026-03-13T04:26:43","slug":"sentencia-ejemplar-de-65-anos-de-prision-contra-responsables-de-desaparicion-de-personas","status":"publish","type":"post","link":"https:\/\/masquenoticias.mx\/index.php\/2026\/03\/12\/sentencia-ejemplar-de-65-anos-de-prision-contra-responsables-de-desaparicion-de-personas\/","title":{"rendered":"Sentencia ejemplar de 65 a\u00f1os de prisi\u00f3n contra responsables de desaparici\u00f3n de personas"},"content":{"rendered":"<p>La Fiscal\u00eda General del Estado de Colima obtuvo sentencia condenatoria ejemplar de 65 a\u00f1os de prisi\u00f3n en contra de Mario Joel \u201cN\u201d y Jos\u00e9 Guadalupe \u201cN\u201d, tras acreditarse su responsabilidad penal en los delitos de desaparici\u00f3n cometida por particulares, delitos vinculados con la desaparici\u00f3n de personas y secuestro agravado.<\/p>\n<p>Este resultado fue posible gracias al trabajo especializado de investigaci\u00f3n, integraci\u00f3n de la carpeta y litigaci\u00f3n estrat\u00e9gica realizado por el personal ministerial de la Fiscal\u00eda Especializada en la Investigaci\u00f3n en Materia de Desaparici\u00f3n de Personas, quienes presentaron ante el \u00f3rgano jurisdiccional datos de prueba contundentes que permitieron demostrar la participaci\u00f3n de los hoy sentenciados en los hechos.<\/p>\n<p>Durante el proceso penal, las y los agentes del Ministerio P\u00fablico especializados, en coordinaci\u00f3n con personal de investigaci\u00f3n y periciales, desarrollaron una investigaci\u00f3n exhaustiva que permiti\u00f3 sustentar jur\u00eddicamente la acusaci\u00f3n y acreditar plenamente la responsabilidad de los responsables, logrando as\u00ed una resoluci\u00f3n condenatoria que representa un avance significativo en el acceso a la justicia para las v\u00edctimas y sus familias.<\/p>\n<p>Como parte de la sentencia, la autoridad judicial determin\u00f3: pena privativa de la libertad: 65 a\u00f1os de prisi\u00f3n para cada uno de los sentenciados; sanciones econ\u00f3micas y medidas de reparaci\u00f3n del da\u00f1o a favor de las v\u00edctimas indirectas, como parte de la sentencia impuesta a cada uno de los responsables.<\/p>\n<p>Asimismo, el \u00f3rgano jurisdiccional determin\u00f3 que en la etapa de ejecuci\u00f3n de sentencia se establecer\u00e1n las medidas correspondientes para garantizar la reparaci\u00f3n integral del da\u00f1o, incluyendo aspectos materiales, morales y de atenci\u00f3n a las v\u00edctimas indirectas.<\/p>\n<p>Adicionalmente, como parte de las medidas impuestas, los sentenciados deber\u00e1n ofrecer una disculpa p\u00fablica, adem\u00e1s de recibir amonestaci\u00f3n formal por los hechos cometidos.<\/p>\n<p>La Fiscal\u00eda General del Estado de Colima reitera su compromiso de continuar fortaleciendo la investigaci\u00f3n y persecuci\u00f3n de los delitos relacionados con la desaparici\u00f3n de personas, mediante el trabajo especializado de su personal ministerial, con el objetivo de garantizar justicia para las v\u00edctimas y sus familias y contribuir al combate a la impunidad.<\/p>\n","protected":false},"excerpt":{"rendered":"<p>La Fiscal\u00eda General del Estado de Colima obtuvo sentencia condenatoria ejemplar de 65 a\u00f1os de prisi\u00f3n en contra de Mario Joel \u201cN\u201d y Jos\u00e9 Guadalupe \u201cN\u201d, tras acreditarse su responsabilidad penal en los delitos de desaparici\u00f3n cometida por particulares, delitos vinculados con la desaparici\u00f3n de personas y secuestro agravado. Este resultado fue posible gracias al [&hellip;]<\/p>\n","protected":false},"author":1,"featured_media":21751,"comment_status":"open","ping_status":"open","sticky":false,"template":"","format":"standard","meta":{"_jetpack_memberships_contains_paid_content":false,"footnotes":""},"categories":[58],"tags":[220],"class_list":["post-21750","post","type-post","status-publish","format-standard","has-post-thumbnail","hentry","category-seguridad","tag-fge"],"yoast_head":"<!-- This site is optimized with the Yoast SEO plugin v26.6 - https:\/\/yoast.com\/wordpress\/plugins\/seo\/ -->\n<title>Sentencia ejemplar de 65 a\u00f1os de prisi\u00f3n contra responsables de desaparici\u00f3n de personas - M\u00e1s Que Noticias<\/title>\n<meta name=\"robots\" content=\"index, follow, max-snippet:-1, max-image-preview:large, max-video-preview:-1\" \/>\n<link rel=\"canonical\" href=\"https:\/\/masquenoticias.mx\/index.php\/2026\/03\/12\/sentencia-ejemplar-de-65-anos-de-prision-contra-responsables-de-desaparicion-de-personas\/\" \/>\n<meta property=\"og:locale\" content=\"es_MX\" \/>\n<meta property=\"og:type\" content=\"article\" \/>\n<meta property=\"og:title\" content=\"Sentencia ejemplar de 65 a\u00f1os de prisi\u00f3n contra responsables de desaparici\u00f3n de personas - M\u00e1s Que Noticias\" \/>\n<meta property=\"og:description\" content=\"La Fiscal\u00eda General del Estado de Colima obtuvo sentencia condenatoria ejemplar de 65 a\u00f1os de prisi\u00f3n en contra de Mario Joel \u201cN\u201d y Jos\u00e9 Guadalupe \u201cN\u201d, tras acreditarse su responsabilidad penal en los delitos de desaparici\u00f3n cometida por particulares, delitos vinculados con la desaparici\u00f3n de personas y secuestro agravado. Este resultado fue posible gracias al [&hellip;]\" \/>\n<meta property=\"og:url\" content=\"https:\/\/masquenoticias.mx\/index.php\/2026\/03\/12\/sentencia-ejemplar-de-65-anos-de-prision-contra-responsables-de-desaparicion-de-personas\/\" \/>\n<meta property=\"og:site_name\" content=\"M\u00e1s Que Noticias\" \/>\n<meta property=\"article:publisher\" content=\"https:\/\/www.facebook.com\/masquenoticiascolima\" \/>\n<meta property=\"article:published_time\" content=\"2026-03-13T04:26:43+00:00\" \/>\n<meta property=\"og:image\" content=\"https:\/\/masquenoticias.mx\/wp-content\/uploads\/2026\/03\/WhatsApp-Image-2026-03-12-at-3.50.37-PM.jpeg\" \/>\n\t<meta property=\"og:image:width\" content=\"1500\" \/>\n\t<meta property=\"og:image:height\" content=\"1200\" \/>\n\t<meta property=\"og:image:type\" content=\"image\/jpeg\" \/>\n<meta name=\"author\" content=\"Redacci\u00f3n\" \/>\n<meta name=\"twitter:card\" content=\"summary_large_image\" \/>\n<meta name=\"twitter:creator\" content=\"@edgartove\" \/>\n<meta name=\"twitter:site\" content=\"@edgartove\" \/>\n<meta name=\"twitter:label1\" content=\"Escrito por\" \/>\n\t<meta name=\"twitter:data1\" content=\"Redacci\u00f3n\" \/>\n\t<meta name=\"twitter:label2\" content=\"Tiempo de lectura\" \/>\n\t<meta name=\"twitter:data2\" content=\"2 minutos\" \/>\n<script type=\"application\/ld+json\" class=\"yoast-schema-graph\">{\"@context\":\"https:\/\/schema.org\",\"@graph\":[{\"@type\":\"Article\",\"@id\":\"https:\/\/masquenoticias.mx\/index.php\/2026\/03\/12\/sentencia-ejemplar-de-65-anos-de-prision-contra-responsables-de-desaparicion-de-personas\/#article\",\"isPartOf\":{\"@id\":\"https:\/\/masquenoticias.mx\/index.php\/2026\/03\/12\/sentencia-ejemplar-de-65-anos-de-prision-contra-responsables-de-desaparicion-de-personas\/\"},\"author\":{\"name\":\"Redacci\u00f3n\",\"@id\":\"https:\/\/masquenoticias.mx\/#\/schema\/person\/544d19989ef23d34615f691f7a96e622\"},\"headline\":\"Sentencia ejemplar de 65 a\u00f1os de prisi\u00f3n contra responsables de desaparici\u00f3n de personas\",\"datePublished\":\"2026-03-13T04:26:43+00:00\",\"mainEntityOfPage\":{\"@id\":\"https:\/\/masquenoticias.mx\/index.php\/2026\/03\/12\/sentencia-ejemplar-de-65-anos-de-prision-contra-responsables-de-desaparicion-de-personas\/\"},\"wordCount\":383,\"commentCount\":0,\"publisher\":{\"@id\":\"https:\/\/masquenoticias.mx\/#organization\"},\"image\":{\"@id\":\"https:\/\/masquenoticias.mx\/index.php\/2026\/03\/12\/sentencia-ejemplar-de-65-anos-de-prision-contra-responsables-de-desaparicion-de-personas\/#primaryimage\"},\"thumbnailUrl\":\"https:\/\/i0.wp.com\/masquenoticias.mx\/wp-content\/uploads\/2026\/03\/WhatsApp-Image-2026-03-12-at-3.50.37-PM.jpeg?fit=1500%2C1200&ssl=1\",\"keywords\":[\"FGE\"],\"articleSection\":[\"Seguridad\"],\"inLanguage\":\"es\",\"potentialAction\":[{\"@type\":\"CommentAction\",\"name\":\"Comment\",\"target\":[\"https:\/\/masquenoticias.mx\/index.php\/2026\/03\/12\/sentencia-ejemplar-de-65-anos-de-prision-contra-responsables-de-desaparicion-de-personas\/#respond\"]}]},{\"@type\":\"WebPage\",\"@id\":\"https:\/\/masquenoticias.mx\/index.php\/2026\/03\/12\/sentencia-ejemplar-de-65-anos-de-prision-contra-responsables-de-desaparicion-de-personas\/\",\"url\":\"https:\/\/masquenoticias.mx\/index.php\/2026\/03\/12\/sentencia-ejemplar-de-65-anos-de-prision-contra-responsables-de-desaparicion-de-personas\/\",\"name\":\"Sentencia ejemplar de 65 a\u00f1os de prisi\u00f3n contra responsables de desaparici\u00f3n de personas - M\u00e1s Que Noticias\",\"isPartOf\":{\"@id\":\"https:\/\/masquenoticias.mx\/#website\"},\"primaryImageOfPage\":{\"@id\":\"https:\/\/masquenoticias.mx\/index.php\/2026\/03\/12\/sentencia-ejemplar-de-65-anos-de-prision-contra-responsables-de-desaparicion-de-personas\/#primaryimage\"},\"image\":{\"@id\":\"https:\/\/masquenoticias.mx\/index.php\/2026\/03\/12\/sentencia-ejemplar-de-65-anos-de-prision-contra-responsables-de-desaparicion-de-personas\/#primaryimage\"},\"thumbnailUrl\":\"https:\/\/i0.wp.com\/masquenoticias.mx\/wp-content\/uploads\/2026\/03\/WhatsApp-Image-2026-03-12-at-3.50.37-PM.jpeg?fit=1500%2C1200&ssl=1\",\"datePublished\":\"2026-03-13T04:26:43+00:00\",\"breadcrumb\":{\"@id\":\"https:\/\/masquenoticias.mx\/index.php\/2026\/03\/12\/sentencia-ejemplar-de-65-anos-de-prision-contra-responsables-de-desaparicion-de-personas\/#breadcrumb\"},\"inLanguage\":\"es\",\"potentialAction\":[{\"@type\":\"ReadAction\",\"target\":[\"https:\/\/masquenoticias.mx\/index.php\/2026\/03\/12\/sentencia-ejemplar-de-65-anos-de-prision-contra-responsables-de-desaparicion-de-personas\/\"]}]},{\"@type\":\"ImageObject\",\"inLanguage\":\"es\",\"@id\":\"https:\/\/masquenoticias.mx\/index.php\/2026\/03\/12\/sentencia-ejemplar-de-65-anos-de-prision-contra-responsables-de-desaparicion-de-personas\/#primaryimage\",\"url\":\"https:\/\/i0.wp.com\/masquenoticias.mx\/wp-content\/uploads\/2026\/03\/WhatsApp-Image-2026-03-12-at-3.50.37-PM.jpeg?fit=1500%2C1200&ssl=1\",\"contentUrl\":\"https:\/\/i0.wp.com\/masquenoticias.mx\/wp-content\/uploads\/2026\/03\/WhatsApp-Image-2026-03-12-at-3.50.37-PM.jpeg?fit=1500%2C1200&ssl=1\",\"width\":1500,\"height\":1200},{\"@type\":\"BreadcrumbList\",\"@id\":\"https:\/\/masquenoticias.mx\/index.php\/2026\/03\/12\/sentencia-ejemplar-de-65-anos-de-prision-contra-responsables-de-desaparicion-de-personas\/#breadcrumb\",\"itemListElement\":[{\"@type\":\"ListItem\",\"position\":1,\"name\":\"Inicio\",\"item\":\"https:\/\/masquenoticias.mx\/\"},{\"@type\":\"ListItem\",\"position\":2,\"name\":\"Sentencia ejemplar de 65 a\u00f1os de prisi\u00f3n contra responsables de desaparici\u00f3n de personas\"}]},{\"@type\":\"WebSite\",\"@id\":\"https:\/\/masquenoticias.mx\/#website\",\"url\":\"https:\/\/masquenoticias.mx\/\",\"name\":\"M\u00e1s Que Noticias\",\"description\":\"Noticias de Colima, M\u00e9xico y el Mundo\",\"publisher\":{\"@id\":\"https:\/\/masquenoticias.mx\/#organization\"},\"potentialAction\":[{\"@type\":\"SearchAction\",\"target\":{\"@type\":\"EntryPoint\",\"urlTemplate\":\"https:\/\/masquenoticias.mx\/?s={search_term_string}\"},\"query-input\":{\"@type\":\"PropertyValueSpecification\",\"valueRequired\":true,\"valueName\":\"search_term_string\"}}],\"inLanguage\":\"es\"},{\"@type\":\"Organization\",\"@id\":\"https:\/\/masquenoticias.mx\/#organization\",\"name\":\"M\u00e1s Que Noticias\",\"url\":\"https:\/\/masquenoticias.mx\/\",\"logo\":{\"@type\":\"ImageObject\",\"inLanguage\":\"es\",\"@id\":\"https:\/\/masquenoticias.mx\/#\/schema\/logo\/image\/\",\"url\":\"https:\/\/i0.wp.com\/masquenoticias.mx\/wp-content\/uploads\/2024\/04\/IMG_0004.png?fit=2560%2C1656&ssl=1\",\"contentUrl\":\"https:\/\/i0.wp.com\/masquenoticias.mx\/wp-content\/uploads\/2024\/04\/IMG_0004.png?fit=2560%2C1656&ssl=1\",\"width\":2560,\"height\":1656,\"caption\":\"M\u00e1s Que Noticias\"},\"image\":{\"@id\":\"https:\/\/masquenoticias.mx\/#\/schema\/logo\/image\/\"},\"sameAs\":[\"https:\/\/www.facebook.com\/masquenoticiascolima\",\"https:\/\/x.com\/edgartove\",\"https:\/\/www.instagram.com\/masquenoticiascolima\/\"]},{\"@type\":\"Person\",\"@id\":\"https:\/\/masquenoticias.mx\/#\/schema\/person\/544d19989ef23d34615f691f7a96e622\",\"name\":\"Redacci\u00f3n\",\"image\":{\"@type\":\"ImageObject\",\"inLanguage\":\"es\",\"@id\":\"https:\/\/masquenoticias.mx\/#\/schema\/person\/image\/\",\"url\":\"https:\/\/secure.gravatar.com\/avatar\/7fcc926d5b058d3f3d52d95b4d05dd58?s=96&d=mm&r=g\",\"contentUrl\":\"https:\/\/secure.gravatar.com\/avatar\/7fcc926d5b058d3f3d52d95b4d05dd58?s=96&d=mm&r=g\",\"caption\":\"Redacci\u00f3n\"},\"sameAs\":[\"http:\/\/masquenoticias.mx\"],\"url\":\"https:\/\/masquenoticias.mx\/index.php\/author\/edgartovegmail-com\/\"}]}<\/script>\n<!-- \/ Yoast SEO plugin. -->","yoast_head_json":{"title":"Sentencia ejemplar de 65 a\u00f1os de prisi\u00f3n contra responsables de desaparici\u00f3n de personas - M\u00e1s Que Noticias","robots":{"index":"index","follow":"follow","max-snippet":"max-snippet:-1","max-image-preview":"max-image-preview:large","max-video-preview":"max-video-preview:-1"},"canonical":"https:\/\/masquenoticias.mx\/index.php\/2026\/03\/12\/sentencia-ejemplar-de-65-anos-de-prision-contra-responsables-de-desaparicion-de-personas\/","og_locale":"es_MX","og_type":"article","og_title":"Sentencia ejemplar de 65 a\u00f1os de prisi\u00f3n contra responsables de desaparici\u00f3n de personas - M\u00e1s Que Noticias","og_description":"La Fiscal\u00eda General del Estado de Colima obtuvo sentencia condenatoria ejemplar de 65 a\u00f1os de prisi\u00f3n en contra de Mario Joel \u201cN\u201d y Jos\u00e9 Guadalupe \u201cN\u201d, tras acreditarse su responsabilidad penal en los delitos de desaparici\u00f3n cometida por particulares, delitos vinculados con la desaparici\u00f3n de personas y secuestro agravado. Este resultado fue posible gracias al [&hellip;]","og_url":"https:\/\/masquenoticias.mx\/index.php\/2026\/03\/12\/sentencia-ejemplar-de-65-anos-de-prision-contra-responsables-de-desaparicion-de-personas\/","og_site_name":"M\u00e1s Que Noticias","article_publisher":"https:\/\/www.facebook.com\/masquenoticiascolima","article_published_time":"2026-03-13T04:26:43+00:00","og_image":[{"width":1500,"height":1200,"url":"https:\/\/masquenoticias.mx\/wp-content\/uploads\/2026\/03\/WhatsApp-Image-2026-03-12-at-3.50.37-PM.jpeg","type":"image\/jpeg"}],"author":"Redacci\u00f3n","twitter_card":"summary_large_image","twitter_creator":"@edgartove","twitter_site":"@edgartove","twitter_misc":{"Escrito por":"Redacci\u00f3n","Tiempo de lectura":"2 minutos"},"schema":{"@context":"https:\/\/schema.org","@graph":[{"@type":"Article","@id":"https:\/\/masquenoticias.mx\/index.php\/2026\/03\/12\/sentencia-ejemplar-de-65-anos-de-prision-contra-responsables-de-desaparicion-de-personas\/#article","isPartOf":{"@id":"https:\/\/masquenoticias.mx\/index.php\/2026\/03\/12\/sentencia-ejemplar-de-65-anos-de-prision-contra-responsables-de-desaparicion-de-personas\/"},"author":{"name":"Redacci\u00f3n","@id":"https:\/\/masquenoticias.mx\/#\/schema\/person\/544d19989ef23d34615f691f7a96e622"},"headline":"Sentencia ejemplar de 65 a\u00f1os de prisi\u00f3n contra responsables de desaparici\u00f3n de personas","datePublished":"2026-03-13T04:26:43+00:00","mainEntityOfPage":{"@id":"https:\/\/masquenoticias.mx\/index.php\/2026\/03\/12\/sentencia-ejemplar-de-65-anos-de-prision-contra-responsables-de-desaparicion-de-personas\/"},"wordCount":383,"commentCount":0,"publisher":{"@id":"https:\/\/masquenoticias.mx\/#organization"},"image":{"@id":"https:\/\/masquenoticias.mx\/index.php\/2026\/03\/12\/sentencia-ejemplar-de-65-anos-de-prision-contra-responsables-de-desaparicion-de-personas\/#primaryimage"},"thumbnailUrl":"https:\/\/i0.wp.com\/masquenoticias.mx\/wp-content\/uploads\/2026\/03\/WhatsApp-Image-2026-03-12-at-3.50.37-PM.jpeg?fit=1500%2C1200&ssl=1","keywords":["FGE"],"articleSection":["Seguridad"],"inLanguage":"es","potentialAction":[{"@type":"CommentAction","name":"Comment","target":["https:\/\/masquenoticias.mx\/index.php\/2026\/03\/12\/sentencia-ejemplar-de-65-anos-de-prision-contra-responsables-de-desaparicion-de-personas\/#respond"]}]},{"@type":"WebPage","@id":"https:\/\/masquenoticias.mx\/index.php\/2026\/03\/12\/sentencia-ejemplar-de-65-anos-de-prision-contra-responsables-de-desaparicion-de-personas\/","url":"https:\/\/masquenoticias.mx\/index.php\/2026\/03\/12\/sentencia-ejemplar-de-65-anos-de-prision-contra-responsables-de-desaparicion-de-personas\/","name":"Sentencia ejemplar de 65 a\u00f1os de prisi\u00f3n contra responsables de desaparici\u00f3n de personas - M\u00e1s Que Noticias","isPartOf":{"@id":"https:\/\/masquenoticias.mx\/#website"},"primaryImageOfPage":{"@id":"https:\/\/masquenoticias.mx\/index.php\/2026\/03\/12\/sentencia-ejemplar-de-65-anos-de-prision-contra-responsables-de-desaparicion-de-personas\/#primaryimage"},"image":{"@id":"https:\/\/masquenoticias.mx\/index.php\/2026\/03\/12\/sentencia-ejemplar-de-65-anos-de-prision-contra-responsables-de-desaparicion-de-personas\/#primaryimage"},"thumbnailUrl":"https:\/\/i0.wp.com\/masquenoticias.mx\/wp-content\/uploads\/2026\/03\/WhatsApp-Image-2026-03-12-at-3.50.37-PM.jpeg?fit=1500%2C1200&ssl=1","datePublished":"2026-03-13T04:26:43+00:00","breadcrumb":{"@id":"https:\/\/masquenoticias.mx\/index.php\/2026\/03\/12\/sentencia-ejemplar-de-65-anos-de-prision-contra-responsables-de-desaparicion-de-personas\/#breadcrumb"},"inLanguage":"es","potentialAction":[{"@type":"ReadAction","target":["https:\/\/masquenoticias.mx\/index.php\/2026\/03\/12\/sentencia-ejemplar-de-65-anos-de-prision-contra-responsables-de-desaparicion-de-personas\/"]}]},{"@type":"ImageObject","inLanguage":"es","@id":"https:\/\/masquenoticias.mx\/index.php\/2026\/03\/12\/sentencia-ejemplar-de-65-anos-de-prision-contra-responsables-de-desaparicion-de-personas\/#primaryimage","url":"https:\/\/i0.wp.com\/masquenoticias.mx\/wp-content\/uploads\/2026\/03\/WhatsApp-Image-2026-03-12-at-3.50.37-PM.jpeg?fit=1500%2C1200&ssl=1","contentUrl":"https:\/\/i0.wp.com\/masquenoticias.mx\/wp-content\/uploads\/2026\/03\/WhatsApp-Image-2026-03-12-at-3.50.37-PM.jpeg?fit=1500%2C1200&ssl=1","width":1500,"height":1200},{"@type":"BreadcrumbList","@id":"https:\/\/masquenoticias.mx\/index.php\/2026\/03\/12\/sentencia-ejemplar-de-65-anos-de-prision-contra-responsables-de-desaparicion-de-personas\/#breadcrumb","itemListElement":[{"@type":"ListItem","position":1,"name":"Inicio","item":"https:\/\/masquenoticias.mx\/"},{"@type":"ListItem","position":2,"name":"Sentencia ejemplar de 65 a\u00f1os de prisi\u00f3n contra responsables de desaparici\u00f3n de personas"}]},{"@type":"WebSite","@id":"https:\/\/masquenoticias.mx\/#website","url":"https:\/\/masquenoticias.mx\/","name":"M\u00e1s Que Noticias","description":"Noticias de Colima, M\u00e9xico y el Mundo","publisher":{"@id":"https:\/\/masquenoticias.mx\/#organization"},"potentialAction":[{"@type":"SearchAction","target":{"@type":"EntryPoint","urlTemplate":"https:\/\/masquenoticias.mx\/?s={search_term_string}"},"query-input":{"@type":"PropertyValueSpecification","valueRequired":true,"valueName":"search_term_string"}}],"inLanguage":"es"},{"@type":"Organization","@id":"https:\/\/masquenoticias.mx\/#organization","name":"M\u00e1s Que Noticias","url":"https:\/\/masquenoticias.mx\/","logo":{"@type":"ImageObject","inLanguage":"es","@id":"https:\/\/masquenoticias.mx\/#\/schema\/logo\/image\/","url":"https:\/\/i0.wp.com\/masquenoticias.mx\/wp-content\/uploads\/2024\/04\/IMG_0004.png?fit=2560%2C1656&ssl=1","contentUrl":"https:\/\/i0.wp.com\/masquenoticias.mx\/wp-content\/uploads\/2024\/04\/IMG_0004.png?fit=2560%2C1656&ssl=1","width":2560,"height":1656,"caption":"M\u00e1s Que Noticias"},"image":{"@id":"https:\/\/masquenoticias.mx\/#\/schema\/logo\/image\/"},"sameAs":["https:\/\/www.facebook.com\/masquenoticiascolima","https:\/\/x.com\/edgartove","https:\/\/www.instagram.com\/masquenoticiascolima\/"]},{"@type":"Person","@id":"https:\/\/masquenoticias.mx\/#\/schema\/person\/544d19989ef23d34615f691f7a96e622","name":"Redacci\u00f3n","image":{"@type":"ImageObject","inLanguage":"es","@id":"https:\/\/masquenoticias.mx\/#\/schema\/person\/image\/","url":"https:\/\/secure.gravatar.com\/avatar\/7fcc926d5b058d3f3d52d95b4d05dd58?s=96&d=mm&r=g","contentUrl":"https:\/\/secure.gravatar.com\/avatar\/7fcc926d5b058d3f3d52d95b4d05dd58?s=96&d=mm&r=g","caption":"Redacci\u00f3n"},"sameAs":["http:\/\/masquenoticias.mx"],"url":"https:\/\/masquenoticias.mx\/index.php\/author\/edgartovegmail-com\/"}]}},"jetpack_featured_media_url":"https:\/\/i0.wp.com\/masquenoticias.mx\/wp-content\/uploads\/2026\/03\/WhatsApp-Image-2026-03-12-at-3.50.37-PM.jpeg?fit=1500%2C1200&ssl=1","blog_post_layout_featured_media_urls":{"thumbnail":["https:\/\/i0.wp.com\/masquenoticias.mx\/wp-content\/uploads\/2026\/03\/WhatsApp-Image-2026-03-12-at-3.50.37-PM.jpeg?resize=150%2C150&ssl=1",150,150,true],"full":["https:\/\/i0.wp.com\/masquenoticias.mx\/wp-content\/uploads\/2026\/03\/WhatsApp-Image-2026-03-12-at-3.50.37-PM.jpeg?fit=1500%2C1200&ssl=1",1500,1200,false]},"categories_names":{"58":{"name":"Seguridad","link":"https:\/\/masquenoticias.mx\/index.php\/category\/seguridad\/"}},"tags_names":{"220":{"name":"FGE","link":"https:\/\/masquenoticias.mx\/index.php\/tag\/fge\/"}},"comments_number":"0","wpmagazine_modules_lite_featured_media_urls":{"thumbnail":["https:\/\/i0.wp.com\/masquenoticias.mx\/wp-content\/uploads\/2026\/03\/WhatsApp-Image-2026-03-12-at-3.50.37-PM.jpeg?resize=150%2C150&ssl=1",150,150,true],"cvmm-medium":["https:\/\/i0.wp.com\/masquenoticias.mx\/wp-content\/uploads\/2026\/03\/WhatsApp-Image-2026-03-12-at-3.50.37-PM.jpeg?resize=300%2C300&ssl=1",300,300,true],"cvmm-medium-plus":["https:\/\/i0.wp.com\/masquenoticias.mx\/wp-content\/uploads\/2026\/03\/WhatsApp-Image-2026-03-12-at-3.50.37-PM.jpeg?resize=305%2C207&ssl=1",305,207,true],"cvmm-portrait":["https:\/\/i0.wp.com\/masquenoticias.mx\/wp-content\/uploads\/2026\/03\/WhatsApp-Image-2026-03-12-at-3.50.37-PM.jpeg?resize=400%2C600&ssl=1",400,600,true],"cvmm-medium-square":["https:\/\/i0.wp.com\/masquenoticias.mx\/wp-content\/uploads\/2026\/03\/WhatsApp-Image-2026-03-12-at-3.50.37-PM.jpeg?resize=600%2C600&ssl=1",600,600,true],"cvmm-large":["https:\/\/i0.wp.com\/masquenoticias.mx\/wp-content\/uploads\/2026\/03\/WhatsApp-Image-2026-03-12-at-3.50.37-PM.jpeg?resize=1024%2C1024&ssl=1",1024,1024,true],"cvmm-small":["https:\/\/i0.wp.com\/masquenoticias.mx\/wp-content\/uploads\/2026\/03\/WhatsApp-Image-2026-03-12-at-3.50.37-PM.jpeg?resize=130%2C95&ssl=1",130,95,true],"full":["https:\/\/i0.wp.com\/masquenoticias.mx\/wp-content\/uploads\/2026\/03\/WhatsApp-Image-2026-03-12-at-3.50.37-PM.jpeg?fit=1500%2C1200&ssl=1",1500,1200,false]},"jetpack-related-posts":[],"jetpack_sharing_enabled":true,"jetpack_likes_enabled":true,"jetpack_shortlink":"https:\/\/wp.me\/pf7pkt-5EO","_links":{"self":[{"href":"https:\/\/masquenoticias.mx\/index.php\/wp-json\/wp\/v2\/posts\/21750","targetHints":{"allow":["GET"]}}],"collection":[{"href":"https:\/\/masquenoticias.mx\/index.php\/wp-json\/wp\/v2\/posts"}],"about":[{"href":"https:\/\/masquenoticias.mx\/index.php\/wp-json\/wp\/v2\/types\/post"}],"author":[{"embeddable":true,"href":"https:\/\/masquenoticias.mx\/index.php\/wp-json\/wp\/v2\/users\/1"}],"replies":[{"embeddable":true,"href":"https:\/\/masquenoticias.mx\/index.php\/wp-json\/wp\/v2\/comments?post=21750"}],"version-history":[{"count":1,"href":"https:\/\/masquenoticias.mx\/index.php\/wp-json\/wp\/v2\/posts\/21750\/revisions"}],"predecessor-version":[{"id":21752,"href":"https:\/\/masquenoticias.mx\/index.php\/wp-json\/wp\/v2\/posts\/21750\/revisions\/21752"}],"wp:featuredmedia":[{"embeddable":true,"href":"https:\/\/masquenoticias.mx\/index.php\/wp-json\/wp\/v2\/media\/21751"}],"wp:attachment":[{"href":"https:\/\/masquenoticias.mx\/index.php\/wp-json\/wp\/v2\/media?parent=21750"}],"wp:term":[{"taxonomy":"category","embeddable":true,"href":"https:\/\/masquenoticias.mx\/index.php\/wp-json\/wp\/v2\/categories?post=21750"},{"taxonomy":"post_tag","embeddable":true,"href":"https:\/\/masquenoticias.mx\/index.php\/wp-json\/wp\/v2\/tags?post=21750"}],"curies":[{"name":"wp","href":"https:\/\/api.w.org\/{rel}","templated":true}]}}