{"id":21747,"date":"2026-03-12T22:20:20","date_gmt":"2026-03-13T04:20:20","guid":{"rendered":"https:\/\/masquenoticias.mx\/?p=21747"},"modified":"2026-03-12T22:20:20","modified_gmt":"2026-03-13T04:20:20","slug":"diputadas-y-diputados-dialogan-con-titular-de-asipona-manzanillo-sobre-crecimiento-del-puerto","status":"publish","type":"post","link":"https:\/\/masquenoticias.mx\/index.php\/2026\/03\/12\/diputadas-y-diputados-dialogan-con-titular-de-asipona-manzanillo-sobre-crecimiento-del-puerto\/","title":{"rendered":"Diputadas y diputados dialogan con titular de ASIPONA Manzanillo sobre crecimiento del puerto"},"content":{"rendered":"<p>Diputadas y diputados del Congreso del Estado de Colima, se reunieron este jueves con el Vicealmirante Jos\u00e9 Ignacio Moreno D\u00edaz, director general de la Administraci\u00f3n del Sistema Portuario Nacional (ASIPONA) Manzanillo, quien detall\u00f3 los diferentes frentes de trabajo que se llevan a cabo para la ampliaci\u00f3n del Puerto colimense.<\/p>\n<p>En el encuentro participaron las y los legisladores locales integrantes de la Comisi\u00f3n de Desarrollo Portuario, Log\u00edstica y Comercio Exterior, Isamar Ram\u00edrez Rodr\u00edguez, Andrea Naranjo Alcaraz, Gustavo Larios Uribe, Andrea Heredia Torres e Israel Gonz\u00e1lez Mendoza. Y les acompa\u00f1aron las diputadas y diputados Martha Far\u00edas R\u00edos, Yesenia Ventura Ochoa, Mirella Mart\u00ednez Silva, Jaime Sotelo Garc\u00eda , Yommira Carrillo Barreto, Dulce Huerta Araiza y Jos\u00e9 Manuel Romero Coello.<\/p>\n<p>La diputada Isamar Ram\u00edrez Rodr\u00edguez, Presidenta de la Comisi\u00f3n Legislativa, expres\u00f3 la disposici\u00f3n del Poder Legislativo para impulsar iniciativas que contribuyan al desarrollo y crecimiento ordenado del binomio puerto-ciudad, pero tambi\u00e9n el sector econ\u00f3mico y social no solo de Manzanillo, sino de todo el estado, privilegiando siempre el bienestar de la ciudadan\u00eda.<\/p>\n<p>Luego de intercambiar puntos de vista sobre el Puerto de Manzanillo, tanto las y los legisladores como el titular de ASIPONA Manzanillo, acordaron mantener la comunicaci\u00f3n institucional que permita concretar beneficios para todas y todos.<\/p>\n","protected":false},"excerpt":{"rendered":"<p>Diputadas y diputados del Congreso del Estado de Colima, se reunieron este jueves con el Vicealmirante Jos\u00e9 Ignacio Moreno D\u00edaz, director general de la Administraci\u00f3n del Sistema Portuario Nacional (ASIPONA) Manzanillo, quien detall\u00f3 los diferentes frentes de trabajo que se llevan a cabo para la ampliaci\u00f3n del Puerto colimense. En el encuentro participaron las y [&hellip;]<\/p>\n","protected":false},"author":1,"featured_media":21748,"comment_status":"open","ping_status":"open","sticky":false,"template":"","format":"standard","meta":{"_jetpack_memberships_contains_paid_content":false,"footnotes":""},"categories":[32],"tags":[628],"class_list":["post-21747","post","type-post","status-publish","format-standard","has-post-thumbnail","hentry","category-politica","tag-congreso-colima"],"yoast_head":"<!-- This site is optimized with the Yoast SEO plugin v26.6 - https:\/\/yoast.com\/wordpress\/plugins\/seo\/ -->\n<title>Diputadas y diputados dialogan con titular de ASIPONA Manzanillo sobre crecimiento del puerto - M\u00e1s Que Noticias<\/title>\n<meta name=\"robots\" content=\"index, follow, max-snippet:-1, max-image-preview:large, max-video-preview:-1\" \/>\n<link rel=\"canonical\" href=\"https:\/\/masquenoticias.mx\/index.php\/2026\/03\/12\/diputadas-y-diputados-dialogan-con-titular-de-asipona-manzanillo-sobre-crecimiento-del-puerto\/\" \/>\n<meta property=\"og:locale\" content=\"es_MX\" \/>\n<meta property=\"og:type\" content=\"article\" \/>\n<meta property=\"og:title\" content=\"Diputadas y diputados dialogan con titular de ASIPONA Manzanillo sobre crecimiento del puerto - M\u00e1s Que Noticias\" \/>\n<meta property=\"og:description\" content=\"Diputadas y diputados del Congreso del Estado de Colima, se reunieron este jueves con el Vicealmirante Jos\u00e9 Ignacio Moreno D\u00edaz, director general de la Administraci\u00f3n del Sistema Portuario Nacional (ASIPONA) Manzanillo, quien detall\u00f3 los diferentes frentes de trabajo que se llevan a cabo para la ampliaci\u00f3n del Puerto colimense. En el encuentro participaron las y [&hellip;]\" \/>\n<meta property=\"og:url\" content=\"https:\/\/masquenoticias.mx\/index.php\/2026\/03\/12\/diputadas-y-diputados-dialogan-con-titular-de-asipona-manzanillo-sobre-crecimiento-del-puerto\/\" \/>\n<meta property=\"og:site_name\" content=\"M\u00e1s Que Noticias\" \/>\n<meta property=\"article:publisher\" content=\"https:\/\/www.facebook.com\/masquenoticiascolima\" \/>\n<meta property=\"article:published_time\" content=\"2026-03-13T04:20:20+00:00\" \/>\n<meta property=\"og:image\" content=\"https:\/\/masquenoticias.mx\/wp-content\/uploads\/2026\/03\/WhatsApp-Image-2026-03-12-at-4.45.20-PM-1.jpeg\" \/>\n\t<meta property=\"og:image:width\" content=\"1600\" \/>\n\t<meta property=\"og:image:height\" content=\"1066\" \/>\n\t<meta property=\"og:image:type\" content=\"image\/jpeg\" \/>\n<meta name=\"author\" content=\"Redacci\u00f3n\" \/>\n<meta name=\"twitter:card\" content=\"summary_large_image\" \/>\n<meta name=\"twitter:creator\" content=\"@edgartove\" \/>\n<meta name=\"twitter:site\" content=\"@edgartove\" \/>\n<meta name=\"twitter:label1\" content=\"Escrito por\" \/>\n\t<meta name=\"twitter:data1\" content=\"Redacci\u00f3n\" \/>\n\t<meta name=\"twitter:label2\" content=\"Tiempo de lectura\" \/>\n\t<meta name=\"twitter:data2\" content=\"2 minutos\" \/>\n<script type=\"application\/ld+json\" class=\"yoast-schema-graph\">{\"@context\":\"https:\/\/schema.org\",\"@graph\":[{\"@type\":\"Article\",\"@id\":\"https:\/\/masquenoticias.mx\/index.php\/2026\/03\/12\/diputadas-y-diputados-dialogan-con-titular-de-asipona-manzanillo-sobre-crecimiento-del-puerto\/#article\",\"isPartOf\":{\"@id\":\"https:\/\/masquenoticias.mx\/index.php\/2026\/03\/12\/diputadas-y-diputados-dialogan-con-titular-de-asipona-manzanillo-sobre-crecimiento-del-puerto\/\"},\"author\":{\"name\":\"Redacci\u00f3n\",\"@id\":\"https:\/\/masquenoticias.mx\/#\/schema\/person\/544d19989ef23d34615f691f7a96e622\"},\"headline\":\"Diputadas y diputados dialogan con titular de ASIPONA Manzanillo sobre crecimiento del puerto\",\"datePublished\":\"2026-03-13T04:20:20+00:00\",\"mainEntityOfPage\":{\"@id\":\"https:\/\/masquenoticias.mx\/index.php\/2026\/03\/12\/diputadas-y-diputados-dialogan-con-titular-de-asipona-manzanillo-sobre-crecimiento-del-puerto\/\"},\"wordCount\":236,\"commentCount\":0,\"publisher\":{\"@id\":\"https:\/\/masquenoticias.mx\/#organization\"},\"image\":{\"@id\":\"https:\/\/masquenoticias.mx\/index.php\/2026\/03\/12\/diputadas-y-diputados-dialogan-con-titular-de-asipona-manzanillo-sobre-crecimiento-del-puerto\/#primaryimage\"},\"thumbnailUrl\":\"https:\/\/i0.wp.com\/masquenoticias.mx\/wp-content\/uploads\/2026\/03\/WhatsApp-Image-2026-03-12-at-4.45.20-PM-1.jpeg?fit=1600%2C1066&ssl=1\",\"keywords\":[\"Congreso Colima\"],\"articleSection\":[\"Pol\u00edtica\"],\"inLanguage\":\"es\",\"potentialAction\":[{\"@type\":\"CommentAction\",\"name\":\"Comment\",\"target\":[\"https:\/\/masquenoticias.mx\/index.php\/2026\/03\/12\/diputadas-y-diputados-dialogan-con-titular-de-asipona-manzanillo-sobre-crecimiento-del-puerto\/#respond\"]}]},{\"@type\":\"WebPage\",\"@id\":\"https:\/\/masquenoticias.mx\/index.php\/2026\/03\/12\/diputadas-y-diputados-dialogan-con-titular-de-asipona-manzanillo-sobre-crecimiento-del-puerto\/\",\"url\":\"https:\/\/masquenoticias.mx\/index.php\/2026\/03\/12\/diputadas-y-diputados-dialogan-con-titular-de-asipona-manzanillo-sobre-crecimiento-del-puerto\/\",\"name\":\"Diputadas y diputados dialogan con titular de ASIPONA Manzanillo sobre crecimiento del puerto - M\u00e1s Que Noticias\",\"isPartOf\":{\"@id\":\"https:\/\/masquenoticias.mx\/#website\"},\"primaryImageOfPage\":{\"@id\":\"https:\/\/masquenoticias.mx\/index.php\/2026\/03\/12\/diputadas-y-diputados-dialogan-con-titular-de-asipona-manzanillo-sobre-crecimiento-del-puerto\/#primaryimage\"},\"image\":{\"@id\":\"https:\/\/masquenoticias.mx\/index.php\/2026\/03\/12\/diputadas-y-diputados-dialogan-con-titular-de-asipona-manzanillo-sobre-crecimiento-del-puerto\/#primaryimage\"},\"thumbnailUrl\":\"https:\/\/i0.wp.com\/masquenoticias.mx\/wp-content\/uploads\/2026\/03\/WhatsApp-Image-2026-03-12-at-4.45.20-PM-1.jpeg?fit=1600%2C1066&ssl=1\",\"datePublished\":\"2026-03-13T04:20:20+00:00\",\"breadcrumb\":{\"@id\":\"https:\/\/masquenoticias.mx\/index.php\/2026\/03\/12\/diputadas-y-diputados-dialogan-con-titular-de-asipona-manzanillo-sobre-crecimiento-del-puerto\/#breadcrumb\"},\"inLanguage\":\"es\",\"potentialAction\":[{\"@type\":\"ReadAction\",\"target\":[\"https:\/\/masquenoticias.mx\/index.php\/2026\/03\/12\/diputadas-y-diputados-dialogan-con-titular-de-asipona-manzanillo-sobre-crecimiento-del-puerto\/\"]}]},{\"@type\":\"ImageObject\",\"inLanguage\":\"es\",\"@id\":\"https:\/\/masquenoticias.mx\/index.php\/2026\/03\/12\/diputadas-y-diputados-dialogan-con-titular-de-asipona-manzanillo-sobre-crecimiento-del-puerto\/#primaryimage\",\"url\":\"https:\/\/i0.wp.com\/masquenoticias.mx\/wp-content\/uploads\/2026\/03\/WhatsApp-Image-2026-03-12-at-4.45.20-PM-1.jpeg?fit=1600%2C1066&ssl=1\",\"contentUrl\":\"https:\/\/i0.wp.com\/masquenoticias.mx\/wp-content\/uploads\/2026\/03\/WhatsApp-Image-2026-03-12-at-4.45.20-PM-1.jpeg?fit=1600%2C1066&ssl=1\",\"width\":1600,\"height\":1066},{\"@type\":\"BreadcrumbList\",\"@id\":\"https:\/\/masquenoticias.mx\/index.php\/2026\/03\/12\/diputadas-y-diputados-dialogan-con-titular-de-asipona-manzanillo-sobre-crecimiento-del-puerto\/#breadcrumb\",\"itemListElement\":[{\"@type\":\"ListItem\",\"position\":1,\"name\":\"Inicio\",\"item\":\"https:\/\/masquenoticias.mx\/\"},{\"@type\":\"ListItem\",\"position\":2,\"name\":\"Diputadas y diputados dialogan con titular de ASIPONA Manzanillo sobre crecimiento del puerto\"}]},{\"@type\":\"WebSite\",\"@id\":\"https:\/\/masquenoticias.mx\/#website\",\"url\":\"https:\/\/masquenoticias.mx\/\",\"name\":\"M\u00e1s Que Noticias\",\"description\":\"Noticias de Colima, M\u00e9xico y el Mundo\",\"publisher\":{\"@id\":\"https:\/\/masquenoticias.mx\/#organization\"},\"potentialAction\":[{\"@type\":\"SearchAction\",\"target\":{\"@type\":\"EntryPoint\",\"urlTemplate\":\"https:\/\/masquenoticias.mx\/?s={search_term_string}\"},\"query-input\":{\"@type\":\"PropertyValueSpecification\",\"valueRequired\":true,\"valueName\":\"search_term_string\"}}],\"inLanguage\":\"es\"},{\"@type\":\"Organization\",\"@id\":\"https:\/\/masquenoticias.mx\/#organization\",\"name\":\"M\u00e1s Que Noticias\",\"url\":\"https:\/\/masquenoticias.mx\/\",\"logo\":{\"@type\":\"ImageObject\",\"inLanguage\":\"es\",\"@id\":\"https:\/\/masquenoticias.mx\/#\/schema\/logo\/image\/\",\"url\":\"https:\/\/i0.wp.com\/masquenoticias.mx\/wp-content\/uploads\/2024\/04\/IMG_0004.png?fit=2560%2C1656&ssl=1\",\"contentUrl\":\"https:\/\/i0.wp.com\/masquenoticias.mx\/wp-content\/uploads\/2024\/04\/IMG_0004.png?fit=2560%2C1656&ssl=1\",\"width\":2560,\"height\":1656,\"caption\":\"M\u00e1s Que Noticias\"},\"image\":{\"@id\":\"https:\/\/masquenoticias.mx\/#\/schema\/logo\/image\/\"},\"sameAs\":[\"https:\/\/www.facebook.com\/masquenoticiascolima\",\"https:\/\/x.com\/edgartove\",\"https:\/\/www.instagram.com\/masquenoticiascolima\/\"]},{\"@type\":\"Person\",\"@id\":\"https:\/\/masquenoticias.mx\/#\/schema\/person\/544d19989ef23d34615f691f7a96e622\",\"name\":\"Redacci\u00f3n\",\"image\":{\"@type\":\"ImageObject\",\"inLanguage\":\"es\",\"@id\":\"https:\/\/masquenoticias.mx\/#\/schema\/person\/image\/\",\"url\":\"https:\/\/secure.gravatar.com\/avatar\/7fcc926d5b058d3f3d52d95b4d05dd58?s=96&d=mm&r=g\",\"contentUrl\":\"https:\/\/secure.gravatar.com\/avatar\/7fcc926d5b058d3f3d52d95b4d05dd58?s=96&d=mm&r=g\",\"caption\":\"Redacci\u00f3n\"},\"sameAs\":[\"http:\/\/masquenoticias.mx\"],\"url\":\"https:\/\/masquenoticias.mx\/index.php\/author\/edgartovegmail-com\/\"}]}<\/script>\n<!-- \/ Yoast SEO plugin. -->","yoast_head_json":{"title":"Diputadas y diputados dialogan con titular de ASIPONA Manzanillo sobre crecimiento del puerto - M\u00e1s Que Noticias","robots":{"index":"index","follow":"follow","max-snippet":"max-snippet:-1","max-image-preview":"max-image-preview:large","max-video-preview":"max-video-preview:-1"},"canonical":"https:\/\/masquenoticias.mx\/index.php\/2026\/03\/12\/diputadas-y-diputados-dialogan-con-titular-de-asipona-manzanillo-sobre-crecimiento-del-puerto\/","og_locale":"es_MX","og_type":"article","og_title":"Diputadas y diputados dialogan con titular de ASIPONA Manzanillo sobre crecimiento del puerto - M\u00e1s Que Noticias","og_description":"Diputadas y diputados del Congreso del Estado de Colima, se reunieron este jueves con el Vicealmirante Jos\u00e9 Ignacio Moreno D\u00edaz, director general de la Administraci\u00f3n del Sistema Portuario Nacional (ASIPONA) Manzanillo, quien detall\u00f3 los diferentes frentes de trabajo que se llevan a cabo para la ampliaci\u00f3n del Puerto colimense. En el encuentro participaron las y [&hellip;]","og_url":"https:\/\/masquenoticias.mx\/index.php\/2026\/03\/12\/diputadas-y-diputados-dialogan-con-titular-de-asipona-manzanillo-sobre-crecimiento-del-puerto\/","og_site_name":"M\u00e1s Que Noticias","article_publisher":"https:\/\/www.facebook.com\/masquenoticiascolima","article_published_time":"2026-03-13T04:20:20+00:00","og_image":[{"width":1600,"height":1066,"url":"https:\/\/masquenoticias.mx\/wp-content\/uploads\/2026\/03\/WhatsApp-Image-2026-03-12-at-4.45.20-PM-1.jpeg","type":"image\/jpeg"}],"author":"Redacci\u00f3n","twitter_card":"summary_large_image","twitter_creator":"@edgartove","twitter_site":"@edgartove","twitter_misc":{"Escrito por":"Redacci\u00f3n","Tiempo de lectura":"2 minutos"},"schema":{"@context":"https:\/\/schema.org","@graph":[{"@type":"Article","@id":"https:\/\/masquenoticias.mx\/index.php\/2026\/03\/12\/diputadas-y-diputados-dialogan-con-titular-de-asipona-manzanillo-sobre-crecimiento-del-puerto\/#article","isPartOf":{"@id":"https:\/\/masquenoticias.mx\/index.php\/2026\/03\/12\/diputadas-y-diputados-dialogan-con-titular-de-asipona-manzanillo-sobre-crecimiento-del-puerto\/"},"author":{"name":"Redacci\u00f3n","@id":"https:\/\/masquenoticias.mx\/#\/schema\/person\/544d19989ef23d34615f691f7a96e622"},"headline":"Diputadas y diputados dialogan con titular de ASIPONA Manzanillo sobre crecimiento del puerto","datePublished":"2026-03-13T04:20:20+00:00","mainEntityOfPage":{"@id":"https:\/\/masquenoticias.mx\/index.php\/2026\/03\/12\/diputadas-y-diputados-dialogan-con-titular-de-asipona-manzanillo-sobre-crecimiento-del-puerto\/"},"wordCount":236,"commentCount":0,"publisher":{"@id":"https:\/\/masquenoticias.mx\/#organization"},"image":{"@id":"https:\/\/masquenoticias.mx\/index.php\/2026\/03\/12\/diputadas-y-diputados-dialogan-con-titular-de-asipona-manzanillo-sobre-crecimiento-del-puerto\/#primaryimage"},"thumbnailUrl":"https:\/\/i0.wp.com\/masquenoticias.mx\/wp-content\/uploads\/2026\/03\/WhatsApp-Image-2026-03-12-at-4.45.20-PM-1.jpeg?fit=1600%2C1066&ssl=1","keywords":["Congreso Colima"],"articleSection":["Pol\u00edtica"],"inLanguage":"es","potentialAction":[{"@type":"CommentAction","name":"Comment","target":["https:\/\/masquenoticias.mx\/index.php\/2026\/03\/12\/diputadas-y-diputados-dialogan-con-titular-de-asipona-manzanillo-sobre-crecimiento-del-puerto\/#respond"]}]},{"@type":"WebPage","@id":"https:\/\/masquenoticias.mx\/index.php\/2026\/03\/12\/diputadas-y-diputados-dialogan-con-titular-de-asipona-manzanillo-sobre-crecimiento-del-puerto\/","url":"https:\/\/masquenoticias.mx\/index.php\/2026\/03\/12\/diputadas-y-diputados-dialogan-con-titular-de-asipona-manzanillo-sobre-crecimiento-del-puerto\/","name":"Diputadas y diputados dialogan con titular de ASIPONA Manzanillo sobre crecimiento del puerto - M\u00e1s Que Noticias","isPartOf":{"@id":"https:\/\/masquenoticias.mx\/#website"},"primaryImageOfPage":{"@id":"https:\/\/masquenoticias.mx\/index.php\/2026\/03\/12\/diputadas-y-diputados-dialogan-con-titular-de-asipona-manzanillo-sobre-crecimiento-del-puerto\/#primaryimage"},"image":{"@id":"https:\/\/masquenoticias.mx\/index.php\/2026\/03\/12\/diputadas-y-diputados-dialogan-con-titular-de-asipona-manzanillo-sobre-crecimiento-del-puerto\/#primaryimage"},"thumbnailUrl":"https:\/\/i0.wp.com\/masquenoticias.mx\/wp-content\/uploads\/2026\/03\/WhatsApp-Image-2026-03-12-at-4.45.20-PM-1.jpeg?fit=1600%2C1066&ssl=1","datePublished":"2026-03-13T04:20:20+00:00","breadcrumb":{"@id":"https:\/\/masquenoticias.mx\/index.php\/2026\/03\/12\/diputadas-y-diputados-dialogan-con-titular-de-asipona-manzanillo-sobre-crecimiento-del-puerto\/#breadcrumb"},"inLanguage":"es","potentialAction":[{"@type":"ReadAction","target":["https:\/\/masquenoticias.mx\/index.php\/2026\/03\/12\/diputadas-y-diputados-dialogan-con-titular-de-asipona-manzanillo-sobre-crecimiento-del-puerto\/"]}]},{"@type":"ImageObject","inLanguage":"es","@id":"https:\/\/masquenoticias.mx\/index.php\/2026\/03\/12\/diputadas-y-diputados-dialogan-con-titular-de-asipona-manzanillo-sobre-crecimiento-del-puerto\/#primaryimage","url":"https:\/\/i0.wp.com\/masquenoticias.mx\/wp-content\/uploads\/2026\/03\/WhatsApp-Image-2026-03-12-at-4.45.20-PM-1.jpeg?fit=1600%2C1066&ssl=1","contentUrl":"https:\/\/i0.wp.com\/masquenoticias.mx\/wp-content\/uploads\/2026\/03\/WhatsApp-Image-2026-03-12-at-4.45.20-PM-1.jpeg?fit=1600%2C1066&ssl=1","width":1600,"height":1066},{"@type":"BreadcrumbList","@id":"https:\/\/masquenoticias.mx\/index.php\/2026\/03\/12\/diputadas-y-diputados-dialogan-con-titular-de-asipona-manzanillo-sobre-crecimiento-del-puerto\/#breadcrumb","itemListElement":[{"@type":"ListItem","position":1,"name":"Inicio","item":"https:\/\/masquenoticias.mx\/"},{"@type":"ListItem","position":2,"name":"Diputadas y diputados dialogan con titular de ASIPONA Manzanillo sobre crecimiento del puerto"}]},{"@type":"WebSite","@id":"https:\/\/masquenoticias.mx\/#website","url":"https:\/\/masquenoticias.mx\/","name":"M\u00e1s Que Noticias","description":"Noticias de Colima, M\u00e9xico y el Mundo","publisher":{"@id":"https:\/\/masquenoticias.mx\/#organization"},"potentialAction":[{"@type":"SearchAction","target":{"@type":"EntryPoint","urlTemplate":"https:\/\/masquenoticias.mx\/?s={search_term_string}"},"query-input":{"@type":"PropertyValueSpecification","valueRequired":true,"valueName":"search_term_string"}}],"inLanguage":"es"},{"@type":"Organization","@id":"https:\/\/masquenoticias.mx\/#organization","name":"M\u00e1s Que Noticias","url":"https:\/\/masquenoticias.mx\/","logo":{"@type":"ImageObject","inLanguage":"es","@id":"https:\/\/masquenoticias.mx\/#\/schema\/logo\/image\/","url":"https:\/\/i0.wp.com\/masquenoticias.mx\/wp-content\/uploads\/2024\/04\/IMG_0004.png?fit=2560%2C1656&ssl=1","contentUrl":"https:\/\/i0.wp.com\/masquenoticias.mx\/wp-content\/uploads\/2024\/04\/IMG_0004.png?fit=2560%2C1656&ssl=1","width":2560,"height":1656,"caption":"M\u00e1s Que Noticias"},"image":{"@id":"https:\/\/masquenoticias.mx\/#\/schema\/logo\/image\/"},"sameAs":["https:\/\/www.facebook.com\/masquenoticiascolima","https:\/\/x.com\/edgartove","https:\/\/www.instagram.com\/masquenoticiascolima\/"]},{"@type":"Person","@id":"https:\/\/masquenoticias.mx\/#\/schema\/person\/544d19989ef23d34615f691f7a96e622","name":"Redacci\u00f3n","image":{"@type":"ImageObject","inLanguage":"es","@id":"https:\/\/masquenoticias.mx\/#\/schema\/person\/image\/","url":"https:\/\/secure.gravatar.com\/avatar\/7fcc926d5b058d3f3d52d95b4d05dd58?s=96&d=mm&r=g","contentUrl":"https:\/\/secure.gravatar.com\/avatar\/7fcc926d5b058d3f3d52d95b4d05dd58?s=96&d=mm&r=g","caption":"Redacci\u00f3n"},"sameAs":["http:\/\/masquenoticias.mx"],"url":"https:\/\/masquenoticias.mx\/index.php\/author\/edgartovegmail-com\/"}]}},"jetpack_featured_media_url":"https:\/\/i0.wp.com\/masquenoticias.mx\/wp-content\/uploads\/2026\/03\/WhatsApp-Image-2026-03-12-at-4.45.20-PM-1.jpeg?fit=1600%2C1066&ssl=1","blog_post_layout_featured_media_urls":{"thumbnail":["https:\/\/i0.wp.com\/masquenoticias.mx\/wp-content\/uploads\/2026\/03\/WhatsApp-Image-2026-03-12-at-4.45.20-PM-1.jpeg?resize=150%2C150&ssl=1",150,150,true],"full":["https:\/\/i0.wp.com\/masquenoticias.mx\/wp-content\/uploads\/2026\/03\/WhatsApp-Image-2026-03-12-at-4.45.20-PM-1.jpeg?fit=1600%2C1066&ssl=1",1600,1066,false]},"categories_names":{"32":{"name":"Pol\u00edtica","link":"https:\/\/masquenoticias.mx\/index.php\/category\/politica\/"}},"tags_names":{"628":{"name":"Congreso Colima","link":"https:\/\/masquenoticias.mx\/index.php\/tag\/congreso-colima\/"}},"comments_number":"0","wpmagazine_modules_lite_featured_media_urls":{"thumbnail":["https:\/\/i0.wp.com\/masquenoticias.mx\/wp-content\/uploads\/2026\/03\/WhatsApp-Image-2026-03-12-at-4.45.20-PM-1.jpeg?resize=150%2C150&ssl=1",150,150,true],"cvmm-medium":["https:\/\/i0.wp.com\/masquenoticias.mx\/wp-content\/uploads\/2026\/03\/WhatsApp-Image-2026-03-12-at-4.45.20-PM-1.jpeg?resize=300%2C300&ssl=1",300,300,true],"cvmm-medium-plus":["https:\/\/i0.wp.com\/masquenoticias.mx\/wp-content\/uploads\/2026\/03\/WhatsApp-Image-2026-03-12-at-4.45.20-PM-1.jpeg?resize=305%2C207&ssl=1",305,207,true],"cvmm-portrait":["https:\/\/i0.wp.com\/masquenoticias.mx\/wp-content\/uploads\/2026\/03\/WhatsApp-Image-2026-03-12-at-4.45.20-PM-1.jpeg?resize=400%2C600&ssl=1",400,600,true],"cvmm-medium-square":["https:\/\/i0.wp.com\/masquenoticias.mx\/wp-content\/uploads\/2026\/03\/WhatsApp-Image-2026-03-12-at-4.45.20-PM-1.jpeg?resize=600%2C600&ssl=1",600,600,true],"cvmm-large":["https:\/\/i0.wp.com\/masquenoticias.mx\/wp-content\/uploads\/2026\/03\/WhatsApp-Image-2026-03-12-at-4.45.20-PM-1.jpeg?resize=1024%2C1024&ssl=1",1024,1024,true],"cvmm-small":["https:\/\/i0.wp.com\/masquenoticias.mx\/wp-content\/uploads\/2026\/03\/WhatsApp-Image-2026-03-12-at-4.45.20-PM-1.jpeg?resize=130%2C95&ssl=1",130,95,true],"full":["https:\/\/i0.wp.com\/masquenoticias.mx\/wp-content\/uploads\/2026\/03\/WhatsApp-Image-2026-03-12-at-4.45.20-PM-1.jpeg?fit=1600%2C1066&ssl=1",1600,1066,false]},"jetpack-related-posts":[],"jetpack_sharing_enabled":true,"jetpack_likes_enabled":true,"jetpack_shortlink":"https:\/\/wp.me\/pf7pkt-5EL","_links":{"self":[{"href":"https:\/\/masquenoticias.mx\/index.php\/wp-json\/wp\/v2\/posts\/21747","targetHints":{"allow":["GET"]}}],"collection":[{"href":"https:\/\/masquenoticias.mx\/index.php\/wp-json\/wp\/v2\/posts"}],"about":[{"href":"https:\/\/masquenoticias.mx\/index.php\/wp-json\/wp\/v2\/types\/post"}],"author":[{"embeddable":true,"href":"https:\/\/masquenoticias.mx\/index.php\/wp-json\/wp\/v2\/users\/1"}],"replies":[{"embeddable":true,"href":"https:\/\/masquenoticias.mx\/index.php\/wp-json\/wp\/v2\/comments?post=21747"}],"version-history":[{"count":1,"href":"https:\/\/masquenoticias.mx\/index.php\/wp-json\/wp\/v2\/posts\/21747\/revisions"}],"predecessor-version":[{"id":21749,"href":"https:\/\/masquenoticias.mx\/index.php\/wp-json\/wp\/v2\/posts\/21747\/revisions\/21749"}],"wp:featuredmedia":[{"embeddable":true,"href":"https:\/\/masquenoticias.mx\/index.php\/wp-json\/wp\/v2\/media\/21748"}],"wp:attachment":[{"href":"https:\/\/masquenoticias.mx\/index.php\/wp-json\/wp\/v2\/media?parent=21747"}],"wp:term":[{"taxonomy":"category","embeddable":true,"href":"https:\/\/masquenoticias.mx\/index.php\/wp-json\/wp\/v2\/categories?post=21747"},{"taxonomy":"post_tag","embeddable":true,"href":"https:\/\/masquenoticias.mx\/index.php\/wp-json\/wp\/v2\/tags?post=21747"}],"curies":[{"name":"wp","href":"https:\/\/api.w.org\/{rel}","templated":true}]}}