{"id":21744,"date":"2026-03-12T22:13:34","date_gmt":"2026-03-13T04:13:34","guid":{"rendered":"https:\/\/masquenoticias.mx\/?p=21744"},"modified":"2026-03-12T22:13:34","modified_gmt":"2026-03-13T04:13:34","slug":"tribunal-de-disciplina-judicial-inicia-evaluacion-ordinaria-a-personas-juzgadoras","status":"publish","type":"post","link":"https:\/\/masquenoticias.mx\/index.php\/2026\/03\/12\/tribunal-de-disciplina-judicial-inicia-evaluacion-ordinaria-a-personas-juzgadoras\/","title":{"rendered":"Tribunal de Disciplina Judicial inicia\u00a0 evaluaci\u00f3n ordinaria a personas\u00a0 juzgadoras"},"content":{"rendered":"<p>El Tribunal de Disciplina Judicial del Poder Judicial del Estado de Colima, realizar\u00e1 el primer proceso de evaluaci\u00f3n de las 10 magistraturas del Tribunal Superior de Justicia y las 31 judicaturas estatales, electas en junio de 2025.<\/p>\n<p>Durante la evaluaci\u00f3n, que ser\u00e1 de mayo a junio de 2026, se analizar\u00e1n par\u00e1metros relacionados con competencias en el desempe\u00f1o de sus funciones, conocimientos jur\u00eddicos, productividad y expeditez en la impartici\u00f3n de la justicia, administraci\u00f3n de los recursos a su disposici\u00f3n, as\u00ed como satisfacci\u00f3n de las personas usuarias de los servicios de justicia de cada \u00f3rgano jurisdiccional, entre otros.<\/p>\n<p>\u201cLa evaluaci\u00f3n se realizar\u00e1 mediante lineamientos claros, transparentes y objetivos, con lo que se garantizar\u00e1 el cumplimiento de los principios de certeza y seguridad jur\u00eddica, tanto de las personas juzgadoras a evaluar, como de la sociedad en general. Con lo anterior, se asegurar\u00e1 la calidad y mejora continua del desempe\u00f1o judicial\u201d, detalla el \u00f3rgano jurisdiccional.<\/p>\n<p>El proceso que se aplicar\u00e1\u00a0 incluye encuestas de satisfacci\u00f3n, mismas\u00a0 que ya est\u00e1n disponibles para las y los usuarios de los servicios de justicia a trav\u00e9s de la p\u00e1gina oficial del Poder Judicial del Estado: <a href=\"http:\/\/stjcolima.gob.mx\">stjcolima.gob.mx<\/a> y posteriormente ingresar al micrositio \u00d3rgano de Evaluaci\u00f3n de Desempe\u00f1o Judicial.<\/p>\n<p>Las y los Magistrados del Tribunal de Disciplina Judicial, Arturo Javier P\u00e9rez Moreno, Alma Ver\u00f3nica Arellano Salazar, Mar\u00eda del Carmen V\u00edrgen Quiles, Jorge Rodolfo Arceo Rodr\u00edguez y Juana Ruby Vel\u00e1zquez Loera, reiteraron la invitaci\u00f3n a las y los ciudadanos colimenses a participar en este ejercicio p\u00fablico, ya que ello cumple los fines que se persiguen con la evaluaci\u00f3n.<\/p>\n","protected":false},"excerpt":{"rendered":"<p>El Tribunal de Disciplina Judicial del Poder Judicial del Estado de Colima, realizar\u00e1 el primer proceso de evaluaci\u00f3n de las 10 magistraturas del Tribunal Superior de Justicia y las 31 judicaturas estatales, electas en junio de 2025. Durante la evaluaci\u00f3n, que ser\u00e1 de mayo a junio de 2026, se analizar\u00e1n par\u00e1metros relacionados con competencias en [&hellip;]<\/p>\n","protected":false},"author":1,"featured_media":21745,"comment_status":"open","ping_status":"open","sticky":false,"template":"","format":"standard","meta":{"_jetpack_memberships_contains_paid_content":false,"footnotes":""},"categories":[24],"tags":[725],"class_list":["post-21744","post","type-post","status-publish","format-standard","has-post-thumbnail","hentry","category-estado","tag-tribunal-de-justicia"],"yoast_head":"<!-- This site is optimized with the Yoast SEO plugin v26.6 - https:\/\/yoast.com\/wordpress\/plugins\/seo\/ -->\n<title>Tribunal de Disciplina Judicial inicia\u00a0 evaluaci\u00f3n ordinaria a personas\u00a0 juzgadoras - M\u00e1s Que Noticias<\/title>\n<meta name=\"robots\" content=\"index, follow, max-snippet:-1, max-image-preview:large, max-video-preview:-1\" \/>\n<link rel=\"canonical\" href=\"https:\/\/masquenoticias.mx\/index.php\/2026\/03\/12\/tribunal-de-disciplina-judicial-inicia-evaluacion-ordinaria-a-personas-juzgadoras\/\" \/>\n<meta property=\"og:locale\" content=\"es_MX\" \/>\n<meta property=\"og:type\" content=\"article\" \/>\n<meta property=\"og:title\" content=\"Tribunal de Disciplina Judicial inicia\u00a0 evaluaci\u00f3n ordinaria a personas\u00a0 juzgadoras - M\u00e1s Que Noticias\" \/>\n<meta property=\"og:description\" content=\"El Tribunal de Disciplina Judicial del Poder Judicial del Estado de Colima, realizar\u00e1 el primer proceso de evaluaci\u00f3n de las 10 magistraturas del Tribunal Superior de Justicia y las 31 judicaturas estatales, electas en junio de 2025. Durante la evaluaci\u00f3n, que ser\u00e1 de mayo a junio de 2026, se analizar\u00e1n par\u00e1metros relacionados con competencias en [&hellip;]\" \/>\n<meta property=\"og:url\" content=\"https:\/\/masquenoticias.mx\/index.php\/2026\/03\/12\/tribunal-de-disciplina-judicial-inicia-evaluacion-ordinaria-a-personas-juzgadoras\/\" \/>\n<meta property=\"og:site_name\" content=\"M\u00e1s Que Noticias\" \/>\n<meta property=\"article:publisher\" content=\"https:\/\/www.facebook.com\/masquenoticiascolima\" \/>\n<meta property=\"article:published_time\" content=\"2026-03-13T04:13:34+00:00\" \/>\n<meta property=\"og:image\" content=\"https:\/\/masquenoticias.mx\/wp-content\/uploads\/2026\/03\/WhatsApp-Image-2026-03-12-at-6.58.16-PM-scaled.jpeg\" \/>\n\t<meta property=\"og:image:width\" content=\"2560\" \/>\n\t<meta property=\"og:image:height\" content=\"948\" \/>\n\t<meta property=\"og:image:type\" content=\"image\/jpeg\" \/>\n<meta name=\"author\" content=\"Redacci\u00f3n\" \/>\n<meta name=\"twitter:card\" content=\"summary_large_image\" \/>\n<meta name=\"twitter:creator\" content=\"@edgartove\" \/>\n<meta name=\"twitter:site\" content=\"@edgartove\" \/>\n<meta name=\"twitter:label1\" content=\"Escrito por\" \/>\n\t<meta name=\"twitter:data1\" content=\"Redacci\u00f3n\" \/>\n\t<meta name=\"twitter:label2\" content=\"Tiempo de lectura\" \/>\n\t<meta name=\"twitter:data2\" content=\"2 minutos\" \/>\n<script type=\"application\/ld+json\" class=\"yoast-schema-graph\">{\"@context\":\"https:\/\/schema.org\",\"@graph\":[{\"@type\":\"Article\",\"@id\":\"https:\/\/masquenoticias.mx\/index.php\/2026\/03\/12\/tribunal-de-disciplina-judicial-inicia-evaluacion-ordinaria-a-personas-juzgadoras\/#article\",\"isPartOf\":{\"@id\":\"https:\/\/masquenoticias.mx\/index.php\/2026\/03\/12\/tribunal-de-disciplina-judicial-inicia-evaluacion-ordinaria-a-personas-juzgadoras\/\"},\"author\":{\"name\":\"Redacci\u00f3n\",\"@id\":\"https:\/\/masquenoticias.mx\/#\/schema\/person\/544d19989ef23d34615f691f7a96e622\"},\"headline\":\"Tribunal de Disciplina Judicial inicia\u00a0 evaluaci\u00f3n ordinaria a personas\u00a0 juzgadoras\",\"datePublished\":\"2026-03-13T04:13:34+00:00\",\"mainEntityOfPage\":{\"@id\":\"https:\/\/masquenoticias.mx\/index.php\/2026\/03\/12\/tribunal-de-disciplina-judicial-inicia-evaluacion-ordinaria-a-personas-juzgadoras\/\"},\"wordCount\":293,\"commentCount\":0,\"publisher\":{\"@id\":\"https:\/\/masquenoticias.mx\/#organization\"},\"image\":{\"@id\":\"https:\/\/masquenoticias.mx\/index.php\/2026\/03\/12\/tribunal-de-disciplina-judicial-inicia-evaluacion-ordinaria-a-personas-juzgadoras\/#primaryimage\"},\"thumbnailUrl\":\"https:\/\/i0.wp.com\/masquenoticias.mx\/wp-content\/uploads\/2026\/03\/WhatsApp-Image-2026-03-12-at-6.58.16-PM-scaled.jpeg?fit=2560%2C948&ssl=1\",\"keywords\":[\"Tribunal de Justicia\"],\"articleSection\":[\"Estado\"],\"inLanguage\":\"es\",\"potentialAction\":[{\"@type\":\"CommentAction\",\"name\":\"Comment\",\"target\":[\"https:\/\/masquenoticias.mx\/index.php\/2026\/03\/12\/tribunal-de-disciplina-judicial-inicia-evaluacion-ordinaria-a-personas-juzgadoras\/#respond\"]}]},{\"@type\":\"WebPage\",\"@id\":\"https:\/\/masquenoticias.mx\/index.php\/2026\/03\/12\/tribunal-de-disciplina-judicial-inicia-evaluacion-ordinaria-a-personas-juzgadoras\/\",\"url\":\"https:\/\/masquenoticias.mx\/index.php\/2026\/03\/12\/tribunal-de-disciplina-judicial-inicia-evaluacion-ordinaria-a-personas-juzgadoras\/\",\"name\":\"Tribunal de Disciplina Judicial inicia\u00a0 evaluaci\u00f3n ordinaria a personas\u00a0 juzgadoras - M\u00e1s Que Noticias\",\"isPartOf\":{\"@id\":\"https:\/\/masquenoticias.mx\/#website\"},\"primaryImageOfPage\":{\"@id\":\"https:\/\/masquenoticias.mx\/index.php\/2026\/03\/12\/tribunal-de-disciplina-judicial-inicia-evaluacion-ordinaria-a-personas-juzgadoras\/#primaryimage\"},\"image\":{\"@id\":\"https:\/\/masquenoticias.mx\/index.php\/2026\/03\/12\/tribunal-de-disciplina-judicial-inicia-evaluacion-ordinaria-a-personas-juzgadoras\/#primaryimage\"},\"thumbnailUrl\":\"https:\/\/i0.wp.com\/masquenoticias.mx\/wp-content\/uploads\/2026\/03\/WhatsApp-Image-2026-03-12-at-6.58.16-PM-scaled.jpeg?fit=2560%2C948&ssl=1\",\"datePublished\":\"2026-03-13T04:13:34+00:00\",\"breadcrumb\":{\"@id\":\"https:\/\/masquenoticias.mx\/index.php\/2026\/03\/12\/tribunal-de-disciplina-judicial-inicia-evaluacion-ordinaria-a-personas-juzgadoras\/#breadcrumb\"},\"inLanguage\":\"es\",\"potentialAction\":[{\"@type\":\"ReadAction\",\"target\":[\"https:\/\/masquenoticias.mx\/index.php\/2026\/03\/12\/tribunal-de-disciplina-judicial-inicia-evaluacion-ordinaria-a-personas-juzgadoras\/\"]}]},{\"@type\":\"ImageObject\",\"inLanguage\":\"es\",\"@id\":\"https:\/\/masquenoticias.mx\/index.php\/2026\/03\/12\/tribunal-de-disciplina-judicial-inicia-evaluacion-ordinaria-a-personas-juzgadoras\/#primaryimage\",\"url\":\"https:\/\/i0.wp.com\/masquenoticias.mx\/wp-content\/uploads\/2026\/03\/WhatsApp-Image-2026-03-12-at-6.58.16-PM-scaled.jpeg?fit=2560%2C948&ssl=1\",\"contentUrl\":\"https:\/\/i0.wp.com\/masquenoticias.mx\/wp-content\/uploads\/2026\/03\/WhatsApp-Image-2026-03-12-at-6.58.16-PM-scaled.jpeg?fit=2560%2C948&ssl=1\",\"width\":2560,\"height\":948},{\"@type\":\"BreadcrumbList\",\"@id\":\"https:\/\/masquenoticias.mx\/index.php\/2026\/03\/12\/tribunal-de-disciplina-judicial-inicia-evaluacion-ordinaria-a-personas-juzgadoras\/#breadcrumb\",\"itemListElement\":[{\"@type\":\"ListItem\",\"position\":1,\"name\":\"Inicio\",\"item\":\"https:\/\/masquenoticias.mx\/\"},{\"@type\":\"ListItem\",\"position\":2,\"name\":\"Tribunal de Disciplina Judicial inicia\u00a0 evaluaci\u00f3n ordinaria a personas\u00a0 juzgadoras\"}]},{\"@type\":\"WebSite\",\"@id\":\"https:\/\/masquenoticias.mx\/#website\",\"url\":\"https:\/\/masquenoticias.mx\/\",\"name\":\"M\u00e1s Que Noticias\",\"description\":\"Noticias de Colima, M\u00e9xico y el Mundo\",\"publisher\":{\"@id\":\"https:\/\/masquenoticias.mx\/#organization\"},\"potentialAction\":[{\"@type\":\"SearchAction\",\"target\":{\"@type\":\"EntryPoint\",\"urlTemplate\":\"https:\/\/masquenoticias.mx\/?s={search_term_string}\"},\"query-input\":{\"@type\":\"PropertyValueSpecification\",\"valueRequired\":true,\"valueName\":\"search_term_string\"}}],\"inLanguage\":\"es\"},{\"@type\":\"Organization\",\"@id\":\"https:\/\/masquenoticias.mx\/#organization\",\"name\":\"M\u00e1s Que Noticias\",\"url\":\"https:\/\/masquenoticias.mx\/\",\"logo\":{\"@type\":\"ImageObject\",\"inLanguage\":\"es\",\"@id\":\"https:\/\/masquenoticias.mx\/#\/schema\/logo\/image\/\",\"url\":\"https:\/\/i0.wp.com\/masquenoticias.mx\/wp-content\/uploads\/2024\/04\/IMG_0004.png?fit=2560%2C1656&ssl=1\",\"contentUrl\":\"https:\/\/i0.wp.com\/masquenoticias.mx\/wp-content\/uploads\/2024\/04\/IMG_0004.png?fit=2560%2C1656&ssl=1\",\"width\":2560,\"height\":1656,\"caption\":\"M\u00e1s Que Noticias\"},\"image\":{\"@id\":\"https:\/\/masquenoticias.mx\/#\/schema\/logo\/image\/\"},\"sameAs\":[\"https:\/\/www.facebook.com\/masquenoticiascolima\",\"https:\/\/x.com\/edgartove\",\"https:\/\/www.instagram.com\/masquenoticiascolima\/\"]},{\"@type\":\"Person\",\"@id\":\"https:\/\/masquenoticias.mx\/#\/schema\/person\/544d19989ef23d34615f691f7a96e622\",\"name\":\"Redacci\u00f3n\",\"image\":{\"@type\":\"ImageObject\",\"inLanguage\":\"es\",\"@id\":\"https:\/\/masquenoticias.mx\/#\/schema\/person\/image\/\",\"url\":\"https:\/\/secure.gravatar.com\/avatar\/7fcc926d5b058d3f3d52d95b4d05dd58?s=96&d=mm&r=g\",\"contentUrl\":\"https:\/\/secure.gravatar.com\/avatar\/7fcc926d5b058d3f3d52d95b4d05dd58?s=96&d=mm&r=g\",\"caption\":\"Redacci\u00f3n\"},\"sameAs\":[\"http:\/\/masquenoticias.mx\"],\"url\":\"https:\/\/masquenoticias.mx\/index.php\/author\/edgartovegmail-com\/\"}]}<\/script>\n<!-- \/ Yoast SEO plugin. -->","yoast_head_json":{"title":"Tribunal de Disciplina Judicial inicia\u00a0 evaluaci\u00f3n ordinaria a personas\u00a0 juzgadoras - M\u00e1s Que Noticias","robots":{"index":"index","follow":"follow","max-snippet":"max-snippet:-1","max-image-preview":"max-image-preview:large","max-video-preview":"max-video-preview:-1"},"canonical":"https:\/\/masquenoticias.mx\/index.php\/2026\/03\/12\/tribunal-de-disciplina-judicial-inicia-evaluacion-ordinaria-a-personas-juzgadoras\/","og_locale":"es_MX","og_type":"article","og_title":"Tribunal de Disciplina Judicial inicia\u00a0 evaluaci\u00f3n ordinaria a personas\u00a0 juzgadoras - M\u00e1s Que Noticias","og_description":"El Tribunal de Disciplina Judicial del Poder Judicial del Estado de Colima, realizar\u00e1 el primer proceso de evaluaci\u00f3n de las 10 magistraturas del Tribunal Superior de Justicia y las 31 judicaturas estatales, electas en junio de 2025. Durante la evaluaci\u00f3n, que ser\u00e1 de mayo a junio de 2026, se analizar\u00e1n par\u00e1metros relacionados con competencias en [&hellip;]","og_url":"https:\/\/masquenoticias.mx\/index.php\/2026\/03\/12\/tribunal-de-disciplina-judicial-inicia-evaluacion-ordinaria-a-personas-juzgadoras\/","og_site_name":"M\u00e1s Que Noticias","article_publisher":"https:\/\/www.facebook.com\/masquenoticiascolima","article_published_time":"2026-03-13T04:13:34+00:00","og_image":[{"width":2560,"height":948,"url":"https:\/\/masquenoticias.mx\/wp-content\/uploads\/2026\/03\/WhatsApp-Image-2026-03-12-at-6.58.16-PM-scaled.jpeg","type":"image\/jpeg"}],"author":"Redacci\u00f3n","twitter_card":"summary_large_image","twitter_creator":"@edgartove","twitter_site":"@edgartove","twitter_misc":{"Escrito por":"Redacci\u00f3n","Tiempo de lectura":"2 minutos"},"schema":{"@context":"https:\/\/schema.org","@graph":[{"@type":"Article","@id":"https:\/\/masquenoticias.mx\/index.php\/2026\/03\/12\/tribunal-de-disciplina-judicial-inicia-evaluacion-ordinaria-a-personas-juzgadoras\/#article","isPartOf":{"@id":"https:\/\/masquenoticias.mx\/index.php\/2026\/03\/12\/tribunal-de-disciplina-judicial-inicia-evaluacion-ordinaria-a-personas-juzgadoras\/"},"author":{"name":"Redacci\u00f3n","@id":"https:\/\/masquenoticias.mx\/#\/schema\/person\/544d19989ef23d34615f691f7a96e622"},"headline":"Tribunal de Disciplina Judicial inicia\u00a0 evaluaci\u00f3n ordinaria a personas\u00a0 juzgadoras","datePublished":"2026-03-13T04:13:34+00:00","mainEntityOfPage":{"@id":"https:\/\/masquenoticias.mx\/index.php\/2026\/03\/12\/tribunal-de-disciplina-judicial-inicia-evaluacion-ordinaria-a-personas-juzgadoras\/"},"wordCount":293,"commentCount":0,"publisher":{"@id":"https:\/\/masquenoticias.mx\/#organization"},"image":{"@id":"https:\/\/masquenoticias.mx\/index.php\/2026\/03\/12\/tribunal-de-disciplina-judicial-inicia-evaluacion-ordinaria-a-personas-juzgadoras\/#primaryimage"},"thumbnailUrl":"https:\/\/i0.wp.com\/masquenoticias.mx\/wp-content\/uploads\/2026\/03\/WhatsApp-Image-2026-03-12-at-6.58.16-PM-scaled.jpeg?fit=2560%2C948&ssl=1","keywords":["Tribunal de Justicia"],"articleSection":["Estado"],"inLanguage":"es","potentialAction":[{"@type":"CommentAction","name":"Comment","target":["https:\/\/masquenoticias.mx\/index.php\/2026\/03\/12\/tribunal-de-disciplina-judicial-inicia-evaluacion-ordinaria-a-personas-juzgadoras\/#respond"]}]},{"@type":"WebPage","@id":"https:\/\/masquenoticias.mx\/index.php\/2026\/03\/12\/tribunal-de-disciplina-judicial-inicia-evaluacion-ordinaria-a-personas-juzgadoras\/","url":"https:\/\/masquenoticias.mx\/index.php\/2026\/03\/12\/tribunal-de-disciplina-judicial-inicia-evaluacion-ordinaria-a-personas-juzgadoras\/","name":"Tribunal de Disciplina Judicial inicia\u00a0 evaluaci\u00f3n ordinaria a personas\u00a0 juzgadoras - M\u00e1s Que Noticias","isPartOf":{"@id":"https:\/\/masquenoticias.mx\/#website"},"primaryImageOfPage":{"@id":"https:\/\/masquenoticias.mx\/index.php\/2026\/03\/12\/tribunal-de-disciplina-judicial-inicia-evaluacion-ordinaria-a-personas-juzgadoras\/#primaryimage"},"image":{"@id":"https:\/\/masquenoticias.mx\/index.php\/2026\/03\/12\/tribunal-de-disciplina-judicial-inicia-evaluacion-ordinaria-a-personas-juzgadoras\/#primaryimage"},"thumbnailUrl":"https:\/\/i0.wp.com\/masquenoticias.mx\/wp-content\/uploads\/2026\/03\/WhatsApp-Image-2026-03-12-at-6.58.16-PM-scaled.jpeg?fit=2560%2C948&ssl=1","datePublished":"2026-03-13T04:13:34+00:00","breadcrumb":{"@id":"https:\/\/masquenoticias.mx\/index.php\/2026\/03\/12\/tribunal-de-disciplina-judicial-inicia-evaluacion-ordinaria-a-personas-juzgadoras\/#breadcrumb"},"inLanguage":"es","potentialAction":[{"@type":"ReadAction","target":["https:\/\/masquenoticias.mx\/index.php\/2026\/03\/12\/tribunal-de-disciplina-judicial-inicia-evaluacion-ordinaria-a-personas-juzgadoras\/"]}]},{"@type":"ImageObject","inLanguage":"es","@id":"https:\/\/masquenoticias.mx\/index.php\/2026\/03\/12\/tribunal-de-disciplina-judicial-inicia-evaluacion-ordinaria-a-personas-juzgadoras\/#primaryimage","url":"https:\/\/i0.wp.com\/masquenoticias.mx\/wp-content\/uploads\/2026\/03\/WhatsApp-Image-2026-03-12-at-6.58.16-PM-scaled.jpeg?fit=2560%2C948&ssl=1","contentUrl":"https:\/\/i0.wp.com\/masquenoticias.mx\/wp-content\/uploads\/2026\/03\/WhatsApp-Image-2026-03-12-at-6.58.16-PM-scaled.jpeg?fit=2560%2C948&ssl=1","width":2560,"height":948},{"@type":"BreadcrumbList","@id":"https:\/\/masquenoticias.mx\/index.php\/2026\/03\/12\/tribunal-de-disciplina-judicial-inicia-evaluacion-ordinaria-a-personas-juzgadoras\/#breadcrumb","itemListElement":[{"@type":"ListItem","position":1,"name":"Inicio","item":"https:\/\/masquenoticias.mx\/"},{"@type":"ListItem","position":2,"name":"Tribunal de Disciplina Judicial inicia\u00a0 evaluaci\u00f3n ordinaria a personas\u00a0 juzgadoras"}]},{"@type":"WebSite","@id":"https:\/\/masquenoticias.mx\/#website","url":"https:\/\/masquenoticias.mx\/","name":"M\u00e1s Que Noticias","description":"Noticias de Colima, M\u00e9xico y el Mundo","publisher":{"@id":"https:\/\/masquenoticias.mx\/#organization"},"potentialAction":[{"@type":"SearchAction","target":{"@type":"EntryPoint","urlTemplate":"https:\/\/masquenoticias.mx\/?s={search_term_string}"},"query-input":{"@type":"PropertyValueSpecification","valueRequired":true,"valueName":"search_term_string"}}],"inLanguage":"es"},{"@type":"Organization","@id":"https:\/\/masquenoticias.mx\/#organization","name":"M\u00e1s Que Noticias","url":"https:\/\/masquenoticias.mx\/","logo":{"@type":"ImageObject","inLanguage":"es","@id":"https:\/\/masquenoticias.mx\/#\/schema\/logo\/image\/","url":"https:\/\/i0.wp.com\/masquenoticias.mx\/wp-content\/uploads\/2024\/04\/IMG_0004.png?fit=2560%2C1656&ssl=1","contentUrl":"https:\/\/i0.wp.com\/masquenoticias.mx\/wp-content\/uploads\/2024\/04\/IMG_0004.png?fit=2560%2C1656&ssl=1","width":2560,"height":1656,"caption":"M\u00e1s Que Noticias"},"image":{"@id":"https:\/\/masquenoticias.mx\/#\/schema\/logo\/image\/"},"sameAs":["https:\/\/www.facebook.com\/masquenoticiascolima","https:\/\/x.com\/edgartove","https:\/\/www.instagram.com\/masquenoticiascolima\/"]},{"@type":"Person","@id":"https:\/\/masquenoticias.mx\/#\/schema\/person\/544d19989ef23d34615f691f7a96e622","name":"Redacci\u00f3n","image":{"@type":"ImageObject","inLanguage":"es","@id":"https:\/\/masquenoticias.mx\/#\/schema\/person\/image\/","url":"https:\/\/secure.gravatar.com\/avatar\/7fcc926d5b058d3f3d52d95b4d05dd58?s=96&d=mm&r=g","contentUrl":"https:\/\/secure.gravatar.com\/avatar\/7fcc926d5b058d3f3d52d95b4d05dd58?s=96&d=mm&r=g","caption":"Redacci\u00f3n"},"sameAs":["http:\/\/masquenoticias.mx"],"url":"https:\/\/masquenoticias.mx\/index.php\/author\/edgartovegmail-com\/"}]}},"jetpack_featured_media_url":"https:\/\/i0.wp.com\/masquenoticias.mx\/wp-content\/uploads\/2026\/03\/WhatsApp-Image-2026-03-12-at-6.58.16-PM-scaled.jpeg?fit=2560%2C948&ssl=1","blog_post_layout_featured_media_urls":{"thumbnail":["https:\/\/i0.wp.com\/masquenoticias.mx\/wp-content\/uploads\/2026\/03\/WhatsApp-Image-2026-03-12-at-6.58.16-PM-scaled.jpeg?resize=150%2C150&ssl=1",150,150,true],"full":["https:\/\/i0.wp.com\/masquenoticias.mx\/wp-content\/uploads\/2026\/03\/WhatsApp-Image-2026-03-12-at-6.58.16-PM-scaled.jpeg?fit=2560%2C948&ssl=1",2560,948,false]},"categories_names":{"24":{"name":"Estado","link":"https:\/\/masquenoticias.mx\/index.php\/category\/estado\/"}},"tags_names":{"725":{"name":"Tribunal de Justicia","link":"https:\/\/masquenoticias.mx\/index.php\/tag\/tribunal-de-justicia\/"}},"comments_number":"0","wpmagazine_modules_lite_featured_media_urls":{"thumbnail":["https:\/\/i0.wp.com\/masquenoticias.mx\/wp-content\/uploads\/2026\/03\/WhatsApp-Image-2026-03-12-at-6.58.16-PM-scaled.jpeg?resize=150%2C150&ssl=1",150,150,true],"cvmm-medium":["https:\/\/i0.wp.com\/masquenoticias.mx\/wp-content\/uploads\/2026\/03\/WhatsApp-Image-2026-03-12-at-6.58.16-PM-scaled.jpeg?resize=300%2C300&ssl=1",300,300,true],"cvmm-medium-plus":["https:\/\/i0.wp.com\/masquenoticias.mx\/wp-content\/uploads\/2026\/03\/WhatsApp-Image-2026-03-12-at-6.58.16-PM-scaled.jpeg?resize=305%2C207&ssl=1",305,207,true],"cvmm-portrait":["https:\/\/i0.wp.com\/masquenoticias.mx\/wp-content\/uploads\/2026\/03\/WhatsApp-Image-2026-03-12-at-6.58.16-PM-scaled.jpeg?resize=400%2C600&ssl=1",400,600,true],"cvmm-medium-square":["https:\/\/i0.wp.com\/masquenoticias.mx\/wp-content\/uploads\/2026\/03\/WhatsApp-Image-2026-03-12-at-6.58.16-PM-scaled.jpeg?resize=600%2C600&ssl=1",600,600,true],"cvmm-large":["https:\/\/i0.wp.com\/masquenoticias.mx\/wp-content\/uploads\/2026\/03\/WhatsApp-Image-2026-03-12-at-6.58.16-PM-scaled.jpeg?resize=1024%2C948&ssl=1",1024,984,true],"cvmm-small":["https:\/\/i0.wp.com\/masquenoticias.mx\/wp-content\/uploads\/2026\/03\/WhatsApp-Image-2026-03-12-at-6.58.16-PM-scaled.jpeg?resize=130%2C95&ssl=1",130,95,true],"full":["https:\/\/i0.wp.com\/masquenoticias.mx\/wp-content\/uploads\/2026\/03\/WhatsApp-Image-2026-03-12-at-6.58.16-PM-scaled.jpeg?fit=2560%2C948&ssl=1",2560,948,false]},"jetpack-related-posts":[],"jetpack_sharing_enabled":true,"jetpack_likes_enabled":true,"jetpack_shortlink":"https:\/\/wp.me\/pf7pkt-5EI","_links":{"self":[{"href":"https:\/\/masquenoticias.mx\/index.php\/wp-json\/wp\/v2\/posts\/21744","targetHints":{"allow":["GET"]}}],"collection":[{"href":"https:\/\/masquenoticias.mx\/index.php\/wp-json\/wp\/v2\/posts"}],"about":[{"href":"https:\/\/masquenoticias.mx\/index.php\/wp-json\/wp\/v2\/types\/post"}],"author":[{"embeddable":true,"href":"https:\/\/masquenoticias.mx\/index.php\/wp-json\/wp\/v2\/users\/1"}],"replies":[{"embeddable":true,"href":"https:\/\/masquenoticias.mx\/index.php\/wp-json\/wp\/v2\/comments?post=21744"}],"version-history":[{"count":1,"href":"https:\/\/masquenoticias.mx\/index.php\/wp-json\/wp\/v2\/posts\/21744\/revisions"}],"predecessor-version":[{"id":21746,"href":"https:\/\/masquenoticias.mx\/index.php\/wp-json\/wp\/v2\/posts\/21744\/revisions\/21746"}],"wp:featuredmedia":[{"embeddable":true,"href":"https:\/\/masquenoticias.mx\/index.php\/wp-json\/wp\/v2\/media\/21745"}],"wp:attachment":[{"href":"https:\/\/masquenoticias.mx\/index.php\/wp-json\/wp\/v2\/media?parent=21744"}],"wp:term":[{"taxonomy":"category","embeddable":true,"href":"https:\/\/masquenoticias.mx\/index.php\/wp-json\/wp\/v2\/categories?post=21744"},{"taxonomy":"post_tag","embeddable":true,"href":"https:\/\/masquenoticias.mx\/index.php\/wp-json\/wp\/v2\/tags?post=21744"}],"curies":[{"name":"wp","href":"https:\/\/api.w.org\/{rel}","templated":true}]}}