{"id":21735,"date":"2026-03-12T21:59:38","date_gmt":"2026-03-13T03:59:38","guid":{"rendered":"https:\/\/masquenoticias.mx\/?p=21735"},"modified":"2026-03-12T21:59:38","modified_gmt":"2026-03-13T03:59:38","slug":"gobierno-del-estado-de-colima-instala-comite-para-fortalecer-combate-al-gusano-barrenador-del-ganado","status":"publish","type":"post","link":"https:\/\/masquenoticias.mx\/index.php\/2026\/03\/12\/gobierno-del-estado-de-colima-instala-comite-para-fortalecer-combate-al-gusano-barrenador-del-ganado\/","title":{"rendered":"Gobierno del Estado de Colima instala Comit\u00e9 para fortalecer combate al Gusano Barrenador del Ganado"},"content":{"rendered":"<p>El Gobierno del Estado de Colima que encabeza la mandataria Indira Vizca\u00edno Silva, a trav\u00e9s de la Subsecretar\u00eda de Desarrollo Rural (Subseder) encabez\u00f3 la instalaci\u00f3n del Comit\u00e9 Estatal para el Fortalecimiento de la Estrategia frente al Gusano Barrenador del Ganado (GBG), cuyo objetivo es coordinar acciones para la prevenci\u00f3n, control y erradicaci\u00f3n de la plaga, ya que a la fecha se han notificado 38 casos, de los cuales, 21 permanecen activos, en los diez municipios de la entidad.<\/p>\n<p>El coordinador regional de Sanidad de la Subsecretar\u00eda de Inclusi\u00f3n Productiva y Desarrollo Rural de la Secretar\u00eda de Bienestar, Miguel \u00c1ngel Manzanilla Ram\u00edrez, consider\u00f3 necesario intensificar la estrategia de combate al GBG y solicit\u00f3 fortalecer la participaci\u00f3n de los Sembradores de Vida, ya que este sector ha detectado y reportado alrededor de 60% de los casos positivos y habl\u00f3 de la necesidad sumar a los gobiernos municipales.<\/p>\n<p>El subsecretario de Desarrollo Rural, El\u00edas Antonio Lozano Ochoa, reconoci\u00f3 a las dependencias e instituciones que se suman al combate de dicha plaga, pues consider\u00f3 necesario sumar voluntades, personal y recursos a la estrategia que se impulsar\u00e1 para lograr el control y posterior erradicaci\u00f3n del GBG.<\/p>\n<p>Consciente de que la plaga puede afectar a los seres humanos por ser mam\u00edferos de sangre caliente, el Secretario de Salud, V\u00edctor Manuel Torrero Enriquez, manifest\u00f3 que esta dependencia se integra al comit\u00e9 al tratarse de un tema de alta prioridad y de salud p\u00fablica.<\/p>\n<p>La presidencia de dicho comit\u00e9 qued\u00f3 a cargo de la Subsecretar\u00eda de Desarrollo Rural, la Secretar\u00eda T\u00e9cnica ser\u00e1 encabezada por representantes de la Subsecretar\u00eda de Inclusi\u00f3n Productiva y Desarrollo Rural de la Secretar\u00eda de Bienestar y representantes de Senasica-CPA, en tanto que como vocales estar\u00e1n los representantes de la Secretar\u00eda de Salud, la Comisi\u00f3n Nacional de \u00c1reas Protegidas (CONANP), el Instituto Nacional de Investigaciones Forestales, Agr\u00edcolas y Pecuarias (INIFAP), el Instituto del Medio Ambiente y Desarrollo Sustentable (Imades) y la Uni\u00f3n Ganadera Regional (UGR).<\/p>\n","protected":false},"excerpt":{"rendered":"<p>El Gobierno del Estado de Colima que encabeza la mandataria Indira Vizca\u00edno Silva, a trav\u00e9s de la Subsecretar\u00eda de Desarrollo Rural (Subseder) encabez\u00f3 la instalaci\u00f3n del Comit\u00e9 Estatal para el Fortalecimiento de la Estrategia frente al Gusano Barrenador del Ganado (GBG), cuyo objetivo es coordinar acciones para la prevenci\u00f3n, control y erradicaci\u00f3n de la plaga, [&hellip;]<\/p>\n","protected":false},"author":1,"featured_media":21736,"comment_status":"open","ping_status":"open","sticky":false,"template":"","format":"standard","meta":{"_jetpack_memberships_contains_paid_content":false,"footnotes":""},"categories":[24],"tags":[218],"class_list":["post-21735","post","type-post","status-publish","format-standard","has-post-thumbnail","hentry","category-estado","tag-subseder"],"yoast_head":"<!-- This site is optimized with the Yoast SEO plugin v26.6 - https:\/\/yoast.com\/wordpress\/plugins\/seo\/ -->\n<title>Gobierno del Estado de Colima instala Comit\u00e9 para fortalecer combate al Gusano Barrenador del Ganado - M\u00e1s Que Noticias<\/title>\n<meta name=\"robots\" content=\"index, follow, max-snippet:-1, max-image-preview:large, max-video-preview:-1\" \/>\n<link rel=\"canonical\" href=\"https:\/\/masquenoticias.mx\/index.php\/2026\/03\/12\/gobierno-del-estado-de-colima-instala-comite-para-fortalecer-combate-al-gusano-barrenador-del-ganado\/\" \/>\n<meta property=\"og:locale\" content=\"es_MX\" \/>\n<meta property=\"og:type\" content=\"article\" \/>\n<meta property=\"og:title\" content=\"Gobierno del Estado de Colima instala Comit\u00e9 para fortalecer combate al Gusano Barrenador del Ganado - M\u00e1s Que Noticias\" \/>\n<meta property=\"og:description\" content=\"El Gobierno del Estado de Colima que encabeza la mandataria Indira Vizca\u00edno Silva, a trav\u00e9s de la Subsecretar\u00eda de Desarrollo Rural (Subseder) encabez\u00f3 la instalaci\u00f3n del Comit\u00e9 Estatal para el Fortalecimiento de la Estrategia frente al Gusano Barrenador del Ganado (GBG), cuyo objetivo es coordinar acciones para la prevenci\u00f3n, control y erradicaci\u00f3n de la plaga, [&hellip;]\" \/>\n<meta property=\"og:url\" content=\"https:\/\/masquenoticias.mx\/index.php\/2026\/03\/12\/gobierno-del-estado-de-colima-instala-comite-para-fortalecer-combate-al-gusano-barrenador-del-ganado\/\" \/>\n<meta property=\"og:site_name\" content=\"M\u00e1s Que Noticias\" \/>\n<meta property=\"article:publisher\" content=\"https:\/\/www.facebook.com\/masquenoticiascolima\" \/>\n<meta property=\"article:published_time\" content=\"2026-03-13T03:59:38+00:00\" \/>\n<meta property=\"og:image\" content=\"https:\/\/masquenoticias.mx\/wp-content\/uploads\/2026\/03\/WhatsApp-Image-2026-03-12-at-3.49.45-PM-1.jpeg\" \/>\n\t<meta property=\"og:image:width\" content=\"1600\" \/>\n\t<meta property=\"og:image:height\" content=\"1066\" \/>\n\t<meta property=\"og:image:type\" content=\"image\/jpeg\" \/>\n<meta name=\"author\" content=\"Redacci\u00f3n\" \/>\n<meta name=\"twitter:card\" content=\"summary_large_image\" \/>\n<meta name=\"twitter:creator\" content=\"@edgartove\" \/>\n<meta name=\"twitter:site\" content=\"@edgartove\" \/>\n<meta name=\"twitter:label1\" content=\"Escrito por\" \/>\n\t<meta name=\"twitter:data1\" content=\"Redacci\u00f3n\" \/>\n\t<meta name=\"twitter:label2\" content=\"Tiempo de lectura\" \/>\n\t<meta name=\"twitter:data2\" content=\"2 minutos\" \/>\n<script type=\"application\/ld+json\" class=\"yoast-schema-graph\">{\"@context\":\"https:\/\/schema.org\",\"@graph\":[{\"@type\":\"Article\",\"@id\":\"https:\/\/masquenoticias.mx\/index.php\/2026\/03\/12\/gobierno-del-estado-de-colima-instala-comite-para-fortalecer-combate-al-gusano-barrenador-del-ganado\/#article\",\"isPartOf\":{\"@id\":\"https:\/\/masquenoticias.mx\/index.php\/2026\/03\/12\/gobierno-del-estado-de-colima-instala-comite-para-fortalecer-combate-al-gusano-barrenador-del-ganado\/\"},\"author\":{\"name\":\"Redacci\u00f3n\",\"@id\":\"https:\/\/masquenoticias.mx\/#\/schema\/person\/544d19989ef23d34615f691f7a96e622\"},\"headline\":\"Gobierno del Estado de Colima instala Comit\u00e9 para fortalecer combate al Gusano Barrenador del Ganado\",\"datePublished\":\"2026-03-13T03:59:38+00:00\",\"mainEntityOfPage\":{\"@id\":\"https:\/\/masquenoticias.mx\/index.php\/2026\/03\/12\/gobierno-del-estado-de-colima-instala-comite-para-fortalecer-combate-al-gusano-barrenador-del-ganado\/\"},\"wordCount\":359,\"commentCount\":0,\"publisher\":{\"@id\":\"https:\/\/masquenoticias.mx\/#organization\"},\"image\":{\"@id\":\"https:\/\/masquenoticias.mx\/index.php\/2026\/03\/12\/gobierno-del-estado-de-colima-instala-comite-para-fortalecer-combate-al-gusano-barrenador-del-ganado\/#primaryimage\"},\"thumbnailUrl\":\"https:\/\/i0.wp.com\/masquenoticias.mx\/wp-content\/uploads\/2026\/03\/WhatsApp-Image-2026-03-12-at-3.49.45-PM-1.jpeg?fit=1600%2C1066&ssl=1\",\"keywords\":[\"Subseder\"],\"articleSection\":[\"Estado\"],\"inLanguage\":\"es\",\"potentialAction\":[{\"@type\":\"CommentAction\",\"name\":\"Comment\",\"target\":[\"https:\/\/masquenoticias.mx\/index.php\/2026\/03\/12\/gobierno-del-estado-de-colima-instala-comite-para-fortalecer-combate-al-gusano-barrenador-del-ganado\/#respond\"]}]},{\"@type\":\"WebPage\",\"@id\":\"https:\/\/masquenoticias.mx\/index.php\/2026\/03\/12\/gobierno-del-estado-de-colima-instala-comite-para-fortalecer-combate-al-gusano-barrenador-del-ganado\/\",\"url\":\"https:\/\/masquenoticias.mx\/index.php\/2026\/03\/12\/gobierno-del-estado-de-colima-instala-comite-para-fortalecer-combate-al-gusano-barrenador-del-ganado\/\",\"name\":\"Gobierno del Estado de Colima instala Comit\u00e9 para fortalecer combate al Gusano Barrenador del Ganado - M\u00e1s Que Noticias\",\"isPartOf\":{\"@id\":\"https:\/\/masquenoticias.mx\/#website\"},\"primaryImageOfPage\":{\"@id\":\"https:\/\/masquenoticias.mx\/index.php\/2026\/03\/12\/gobierno-del-estado-de-colima-instala-comite-para-fortalecer-combate-al-gusano-barrenador-del-ganado\/#primaryimage\"},\"image\":{\"@id\":\"https:\/\/masquenoticias.mx\/index.php\/2026\/03\/12\/gobierno-del-estado-de-colima-instala-comite-para-fortalecer-combate-al-gusano-barrenador-del-ganado\/#primaryimage\"},\"thumbnailUrl\":\"https:\/\/i0.wp.com\/masquenoticias.mx\/wp-content\/uploads\/2026\/03\/WhatsApp-Image-2026-03-12-at-3.49.45-PM-1.jpeg?fit=1600%2C1066&ssl=1\",\"datePublished\":\"2026-03-13T03:59:38+00:00\",\"breadcrumb\":{\"@id\":\"https:\/\/masquenoticias.mx\/index.php\/2026\/03\/12\/gobierno-del-estado-de-colima-instala-comite-para-fortalecer-combate-al-gusano-barrenador-del-ganado\/#breadcrumb\"},\"inLanguage\":\"es\",\"potentialAction\":[{\"@type\":\"ReadAction\",\"target\":[\"https:\/\/masquenoticias.mx\/index.php\/2026\/03\/12\/gobierno-del-estado-de-colima-instala-comite-para-fortalecer-combate-al-gusano-barrenador-del-ganado\/\"]}]},{\"@type\":\"ImageObject\",\"inLanguage\":\"es\",\"@id\":\"https:\/\/masquenoticias.mx\/index.php\/2026\/03\/12\/gobierno-del-estado-de-colima-instala-comite-para-fortalecer-combate-al-gusano-barrenador-del-ganado\/#primaryimage\",\"url\":\"https:\/\/i0.wp.com\/masquenoticias.mx\/wp-content\/uploads\/2026\/03\/WhatsApp-Image-2026-03-12-at-3.49.45-PM-1.jpeg?fit=1600%2C1066&ssl=1\",\"contentUrl\":\"https:\/\/i0.wp.com\/masquenoticias.mx\/wp-content\/uploads\/2026\/03\/WhatsApp-Image-2026-03-12-at-3.49.45-PM-1.jpeg?fit=1600%2C1066&ssl=1\",\"width\":1600,\"height\":1066},{\"@type\":\"BreadcrumbList\",\"@id\":\"https:\/\/masquenoticias.mx\/index.php\/2026\/03\/12\/gobierno-del-estado-de-colima-instala-comite-para-fortalecer-combate-al-gusano-barrenador-del-ganado\/#breadcrumb\",\"itemListElement\":[{\"@type\":\"ListItem\",\"position\":1,\"name\":\"Inicio\",\"item\":\"https:\/\/masquenoticias.mx\/\"},{\"@type\":\"ListItem\",\"position\":2,\"name\":\"Gobierno del Estado de Colima instala Comit\u00e9 para fortalecer combate al Gusano Barrenador del Ganado\"}]},{\"@type\":\"WebSite\",\"@id\":\"https:\/\/masquenoticias.mx\/#website\",\"url\":\"https:\/\/masquenoticias.mx\/\",\"name\":\"M\u00e1s Que Noticias\",\"description\":\"Noticias de Colima, M\u00e9xico y el Mundo\",\"publisher\":{\"@id\":\"https:\/\/masquenoticias.mx\/#organization\"},\"potentialAction\":[{\"@type\":\"SearchAction\",\"target\":{\"@type\":\"EntryPoint\",\"urlTemplate\":\"https:\/\/masquenoticias.mx\/?s={search_term_string}\"},\"query-input\":{\"@type\":\"PropertyValueSpecification\",\"valueRequired\":true,\"valueName\":\"search_term_string\"}}],\"inLanguage\":\"es\"},{\"@type\":\"Organization\",\"@id\":\"https:\/\/masquenoticias.mx\/#organization\",\"name\":\"M\u00e1s Que Noticias\",\"url\":\"https:\/\/masquenoticias.mx\/\",\"logo\":{\"@type\":\"ImageObject\",\"inLanguage\":\"es\",\"@id\":\"https:\/\/masquenoticias.mx\/#\/schema\/logo\/image\/\",\"url\":\"https:\/\/i0.wp.com\/masquenoticias.mx\/wp-content\/uploads\/2024\/04\/IMG_0004.png?fit=2560%2C1656&ssl=1\",\"contentUrl\":\"https:\/\/i0.wp.com\/masquenoticias.mx\/wp-content\/uploads\/2024\/04\/IMG_0004.png?fit=2560%2C1656&ssl=1\",\"width\":2560,\"height\":1656,\"caption\":\"M\u00e1s Que Noticias\"},\"image\":{\"@id\":\"https:\/\/masquenoticias.mx\/#\/schema\/logo\/image\/\"},\"sameAs\":[\"https:\/\/www.facebook.com\/masquenoticiascolima\",\"https:\/\/x.com\/edgartove\",\"https:\/\/www.instagram.com\/masquenoticiascolima\/\"]},{\"@type\":\"Person\",\"@id\":\"https:\/\/masquenoticias.mx\/#\/schema\/person\/544d19989ef23d34615f691f7a96e622\",\"name\":\"Redacci\u00f3n\",\"image\":{\"@type\":\"ImageObject\",\"inLanguage\":\"es\",\"@id\":\"https:\/\/masquenoticias.mx\/#\/schema\/person\/image\/\",\"url\":\"https:\/\/secure.gravatar.com\/avatar\/7fcc926d5b058d3f3d52d95b4d05dd58?s=96&d=mm&r=g\",\"contentUrl\":\"https:\/\/secure.gravatar.com\/avatar\/7fcc926d5b058d3f3d52d95b4d05dd58?s=96&d=mm&r=g\",\"caption\":\"Redacci\u00f3n\"},\"sameAs\":[\"http:\/\/masquenoticias.mx\"],\"url\":\"https:\/\/masquenoticias.mx\/index.php\/author\/edgartovegmail-com\/\"}]}<\/script>\n<!-- \/ Yoast SEO plugin. -->","yoast_head_json":{"title":"Gobierno del Estado de Colima instala Comit\u00e9 para fortalecer combate al Gusano Barrenador del Ganado - M\u00e1s Que Noticias","robots":{"index":"index","follow":"follow","max-snippet":"max-snippet:-1","max-image-preview":"max-image-preview:large","max-video-preview":"max-video-preview:-1"},"canonical":"https:\/\/masquenoticias.mx\/index.php\/2026\/03\/12\/gobierno-del-estado-de-colima-instala-comite-para-fortalecer-combate-al-gusano-barrenador-del-ganado\/","og_locale":"es_MX","og_type":"article","og_title":"Gobierno del Estado de Colima instala Comit\u00e9 para fortalecer combate al Gusano Barrenador del Ganado - M\u00e1s Que Noticias","og_description":"El Gobierno del Estado de Colima que encabeza la mandataria Indira Vizca\u00edno Silva, a trav\u00e9s de la Subsecretar\u00eda de Desarrollo Rural (Subseder) encabez\u00f3 la instalaci\u00f3n del Comit\u00e9 Estatal para el Fortalecimiento de la Estrategia frente al Gusano Barrenador del Ganado (GBG), cuyo objetivo es coordinar acciones para la prevenci\u00f3n, control y erradicaci\u00f3n de la plaga, [&hellip;]","og_url":"https:\/\/masquenoticias.mx\/index.php\/2026\/03\/12\/gobierno-del-estado-de-colima-instala-comite-para-fortalecer-combate-al-gusano-barrenador-del-ganado\/","og_site_name":"M\u00e1s Que Noticias","article_publisher":"https:\/\/www.facebook.com\/masquenoticiascolima","article_published_time":"2026-03-13T03:59:38+00:00","og_image":[{"width":1600,"height":1066,"url":"https:\/\/masquenoticias.mx\/wp-content\/uploads\/2026\/03\/WhatsApp-Image-2026-03-12-at-3.49.45-PM-1.jpeg","type":"image\/jpeg"}],"author":"Redacci\u00f3n","twitter_card":"summary_large_image","twitter_creator":"@edgartove","twitter_site":"@edgartove","twitter_misc":{"Escrito por":"Redacci\u00f3n","Tiempo de lectura":"2 minutos"},"schema":{"@context":"https:\/\/schema.org","@graph":[{"@type":"Article","@id":"https:\/\/masquenoticias.mx\/index.php\/2026\/03\/12\/gobierno-del-estado-de-colima-instala-comite-para-fortalecer-combate-al-gusano-barrenador-del-ganado\/#article","isPartOf":{"@id":"https:\/\/masquenoticias.mx\/index.php\/2026\/03\/12\/gobierno-del-estado-de-colima-instala-comite-para-fortalecer-combate-al-gusano-barrenador-del-ganado\/"},"author":{"name":"Redacci\u00f3n","@id":"https:\/\/masquenoticias.mx\/#\/schema\/person\/544d19989ef23d34615f691f7a96e622"},"headline":"Gobierno del Estado de Colima instala Comit\u00e9 para fortalecer combate al Gusano Barrenador del Ganado","datePublished":"2026-03-13T03:59:38+00:00","mainEntityOfPage":{"@id":"https:\/\/masquenoticias.mx\/index.php\/2026\/03\/12\/gobierno-del-estado-de-colima-instala-comite-para-fortalecer-combate-al-gusano-barrenador-del-ganado\/"},"wordCount":359,"commentCount":0,"publisher":{"@id":"https:\/\/masquenoticias.mx\/#organization"},"image":{"@id":"https:\/\/masquenoticias.mx\/index.php\/2026\/03\/12\/gobierno-del-estado-de-colima-instala-comite-para-fortalecer-combate-al-gusano-barrenador-del-ganado\/#primaryimage"},"thumbnailUrl":"https:\/\/i0.wp.com\/masquenoticias.mx\/wp-content\/uploads\/2026\/03\/WhatsApp-Image-2026-03-12-at-3.49.45-PM-1.jpeg?fit=1600%2C1066&ssl=1","keywords":["Subseder"],"articleSection":["Estado"],"inLanguage":"es","potentialAction":[{"@type":"CommentAction","name":"Comment","target":["https:\/\/masquenoticias.mx\/index.php\/2026\/03\/12\/gobierno-del-estado-de-colima-instala-comite-para-fortalecer-combate-al-gusano-barrenador-del-ganado\/#respond"]}]},{"@type":"WebPage","@id":"https:\/\/masquenoticias.mx\/index.php\/2026\/03\/12\/gobierno-del-estado-de-colima-instala-comite-para-fortalecer-combate-al-gusano-barrenador-del-ganado\/","url":"https:\/\/masquenoticias.mx\/index.php\/2026\/03\/12\/gobierno-del-estado-de-colima-instala-comite-para-fortalecer-combate-al-gusano-barrenador-del-ganado\/","name":"Gobierno del Estado de Colima instala Comit\u00e9 para fortalecer combate al Gusano Barrenador del Ganado - M\u00e1s Que Noticias","isPartOf":{"@id":"https:\/\/masquenoticias.mx\/#website"},"primaryImageOfPage":{"@id":"https:\/\/masquenoticias.mx\/index.php\/2026\/03\/12\/gobierno-del-estado-de-colima-instala-comite-para-fortalecer-combate-al-gusano-barrenador-del-ganado\/#primaryimage"},"image":{"@id":"https:\/\/masquenoticias.mx\/index.php\/2026\/03\/12\/gobierno-del-estado-de-colima-instala-comite-para-fortalecer-combate-al-gusano-barrenador-del-ganado\/#primaryimage"},"thumbnailUrl":"https:\/\/i0.wp.com\/masquenoticias.mx\/wp-content\/uploads\/2026\/03\/WhatsApp-Image-2026-03-12-at-3.49.45-PM-1.jpeg?fit=1600%2C1066&ssl=1","datePublished":"2026-03-13T03:59:38+00:00","breadcrumb":{"@id":"https:\/\/masquenoticias.mx\/index.php\/2026\/03\/12\/gobierno-del-estado-de-colima-instala-comite-para-fortalecer-combate-al-gusano-barrenador-del-ganado\/#breadcrumb"},"inLanguage":"es","potentialAction":[{"@type":"ReadAction","target":["https:\/\/masquenoticias.mx\/index.php\/2026\/03\/12\/gobierno-del-estado-de-colima-instala-comite-para-fortalecer-combate-al-gusano-barrenador-del-ganado\/"]}]},{"@type":"ImageObject","inLanguage":"es","@id":"https:\/\/masquenoticias.mx\/index.php\/2026\/03\/12\/gobierno-del-estado-de-colima-instala-comite-para-fortalecer-combate-al-gusano-barrenador-del-ganado\/#primaryimage","url":"https:\/\/i0.wp.com\/masquenoticias.mx\/wp-content\/uploads\/2026\/03\/WhatsApp-Image-2026-03-12-at-3.49.45-PM-1.jpeg?fit=1600%2C1066&ssl=1","contentUrl":"https:\/\/i0.wp.com\/masquenoticias.mx\/wp-content\/uploads\/2026\/03\/WhatsApp-Image-2026-03-12-at-3.49.45-PM-1.jpeg?fit=1600%2C1066&ssl=1","width":1600,"height":1066},{"@type":"BreadcrumbList","@id":"https:\/\/masquenoticias.mx\/index.php\/2026\/03\/12\/gobierno-del-estado-de-colima-instala-comite-para-fortalecer-combate-al-gusano-barrenador-del-ganado\/#breadcrumb","itemListElement":[{"@type":"ListItem","position":1,"name":"Inicio","item":"https:\/\/masquenoticias.mx\/"},{"@type":"ListItem","position":2,"name":"Gobierno del Estado de Colima instala Comit\u00e9 para fortalecer combate al Gusano Barrenador del Ganado"}]},{"@type":"WebSite","@id":"https:\/\/masquenoticias.mx\/#website","url":"https:\/\/masquenoticias.mx\/","name":"M\u00e1s Que Noticias","description":"Noticias de Colima, M\u00e9xico y el Mundo","publisher":{"@id":"https:\/\/masquenoticias.mx\/#organization"},"potentialAction":[{"@type":"SearchAction","target":{"@type":"EntryPoint","urlTemplate":"https:\/\/masquenoticias.mx\/?s={search_term_string}"},"query-input":{"@type":"PropertyValueSpecification","valueRequired":true,"valueName":"search_term_string"}}],"inLanguage":"es"},{"@type":"Organization","@id":"https:\/\/masquenoticias.mx\/#organization","name":"M\u00e1s Que Noticias","url":"https:\/\/masquenoticias.mx\/","logo":{"@type":"ImageObject","inLanguage":"es","@id":"https:\/\/masquenoticias.mx\/#\/schema\/logo\/image\/","url":"https:\/\/i0.wp.com\/masquenoticias.mx\/wp-content\/uploads\/2024\/04\/IMG_0004.png?fit=2560%2C1656&ssl=1","contentUrl":"https:\/\/i0.wp.com\/masquenoticias.mx\/wp-content\/uploads\/2024\/04\/IMG_0004.png?fit=2560%2C1656&ssl=1","width":2560,"height":1656,"caption":"M\u00e1s Que Noticias"},"image":{"@id":"https:\/\/masquenoticias.mx\/#\/schema\/logo\/image\/"},"sameAs":["https:\/\/www.facebook.com\/masquenoticiascolima","https:\/\/x.com\/edgartove","https:\/\/www.instagram.com\/masquenoticiascolima\/"]},{"@type":"Person","@id":"https:\/\/masquenoticias.mx\/#\/schema\/person\/544d19989ef23d34615f691f7a96e622","name":"Redacci\u00f3n","image":{"@type":"ImageObject","inLanguage":"es","@id":"https:\/\/masquenoticias.mx\/#\/schema\/person\/image\/","url":"https:\/\/secure.gravatar.com\/avatar\/7fcc926d5b058d3f3d52d95b4d05dd58?s=96&d=mm&r=g","contentUrl":"https:\/\/secure.gravatar.com\/avatar\/7fcc926d5b058d3f3d52d95b4d05dd58?s=96&d=mm&r=g","caption":"Redacci\u00f3n"},"sameAs":["http:\/\/masquenoticias.mx"],"url":"https:\/\/masquenoticias.mx\/index.php\/author\/edgartovegmail-com\/"}]}},"jetpack_featured_media_url":"https:\/\/i0.wp.com\/masquenoticias.mx\/wp-content\/uploads\/2026\/03\/WhatsApp-Image-2026-03-12-at-3.49.45-PM-1.jpeg?fit=1600%2C1066&ssl=1","blog_post_layout_featured_media_urls":{"thumbnail":["https:\/\/i0.wp.com\/masquenoticias.mx\/wp-content\/uploads\/2026\/03\/WhatsApp-Image-2026-03-12-at-3.49.45-PM-1.jpeg?resize=150%2C150&ssl=1",150,150,true],"full":["https:\/\/i0.wp.com\/masquenoticias.mx\/wp-content\/uploads\/2026\/03\/WhatsApp-Image-2026-03-12-at-3.49.45-PM-1.jpeg?fit=1600%2C1066&ssl=1",1600,1066,false]},"categories_names":{"24":{"name":"Estado","link":"https:\/\/masquenoticias.mx\/index.php\/category\/estado\/"}},"tags_names":{"218":{"name":"Subseder","link":"https:\/\/masquenoticias.mx\/index.php\/tag\/subseder\/"}},"comments_number":"0","wpmagazine_modules_lite_featured_media_urls":{"thumbnail":["https:\/\/i0.wp.com\/masquenoticias.mx\/wp-content\/uploads\/2026\/03\/WhatsApp-Image-2026-03-12-at-3.49.45-PM-1.jpeg?resize=150%2C150&ssl=1",150,150,true],"cvmm-medium":["https:\/\/i0.wp.com\/masquenoticias.mx\/wp-content\/uploads\/2026\/03\/WhatsApp-Image-2026-03-12-at-3.49.45-PM-1.jpeg?resize=300%2C300&ssl=1",300,300,true],"cvmm-medium-plus":["https:\/\/i0.wp.com\/masquenoticias.mx\/wp-content\/uploads\/2026\/03\/WhatsApp-Image-2026-03-12-at-3.49.45-PM-1.jpeg?resize=305%2C207&ssl=1",305,207,true],"cvmm-portrait":["https:\/\/i0.wp.com\/masquenoticias.mx\/wp-content\/uploads\/2026\/03\/WhatsApp-Image-2026-03-12-at-3.49.45-PM-1.jpeg?resize=400%2C600&ssl=1",400,600,true],"cvmm-medium-square":["https:\/\/i0.wp.com\/masquenoticias.mx\/wp-content\/uploads\/2026\/03\/WhatsApp-Image-2026-03-12-at-3.49.45-PM-1.jpeg?resize=600%2C600&ssl=1",600,600,true],"cvmm-large":["https:\/\/i0.wp.com\/masquenoticias.mx\/wp-content\/uploads\/2026\/03\/WhatsApp-Image-2026-03-12-at-3.49.45-PM-1.jpeg?resize=1024%2C1024&ssl=1",1024,1024,true],"cvmm-small":["https:\/\/i0.wp.com\/masquenoticias.mx\/wp-content\/uploads\/2026\/03\/WhatsApp-Image-2026-03-12-at-3.49.45-PM-1.jpeg?resize=130%2C95&ssl=1",130,95,true],"full":["https:\/\/i0.wp.com\/masquenoticias.mx\/wp-content\/uploads\/2026\/03\/WhatsApp-Image-2026-03-12-at-3.49.45-PM-1.jpeg?fit=1600%2C1066&ssl=1",1600,1066,false]},"jetpack-related-posts":[],"jetpack_sharing_enabled":true,"jetpack_likes_enabled":true,"jetpack_shortlink":"https:\/\/wp.me\/pf7pkt-5Ez","_links":{"self":[{"href":"https:\/\/masquenoticias.mx\/index.php\/wp-json\/wp\/v2\/posts\/21735","targetHints":{"allow":["GET"]}}],"collection":[{"href":"https:\/\/masquenoticias.mx\/index.php\/wp-json\/wp\/v2\/posts"}],"about":[{"href":"https:\/\/masquenoticias.mx\/index.php\/wp-json\/wp\/v2\/types\/post"}],"author":[{"embeddable":true,"href":"https:\/\/masquenoticias.mx\/index.php\/wp-json\/wp\/v2\/users\/1"}],"replies":[{"embeddable":true,"href":"https:\/\/masquenoticias.mx\/index.php\/wp-json\/wp\/v2\/comments?post=21735"}],"version-history":[{"count":1,"href":"https:\/\/masquenoticias.mx\/index.php\/wp-json\/wp\/v2\/posts\/21735\/revisions"}],"predecessor-version":[{"id":21737,"href":"https:\/\/masquenoticias.mx\/index.php\/wp-json\/wp\/v2\/posts\/21735\/revisions\/21737"}],"wp:featuredmedia":[{"embeddable":true,"href":"https:\/\/masquenoticias.mx\/index.php\/wp-json\/wp\/v2\/media\/21736"}],"wp:attachment":[{"href":"https:\/\/masquenoticias.mx\/index.php\/wp-json\/wp\/v2\/media?parent=21735"}],"wp:term":[{"taxonomy":"category","embeddable":true,"href":"https:\/\/masquenoticias.mx\/index.php\/wp-json\/wp\/v2\/categories?post=21735"},{"taxonomy":"post_tag","embeddable":true,"href":"https:\/\/masquenoticias.mx\/index.php\/wp-json\/wp\/v2\/tags?post=21735"}],"curies":[{"name":"wp","href":"https:\/\/api.w.org\/{rel}","templated":true}]}}