{"id":21722,"date":"2026-03-12T21:43:42","date_gmt":"2026-03-13T03:43:42","guid":{"rendered":"https:\/\/masquenoticias.mx\/?p=21722"},"modified":"2026-03-12T21:43:42","modified_gmt":"2026-03-13T03:43:42","slug":"salud-colima-capacita-a-estudiantes-de-conalep-que-realizaran-servicio-social-en-el-estado","status":"publish","type":"post","link":"https:\/\/masquenoticias.mx\/index.php\/2026\/03\/12\/salud-colima-capacita-a-estudiantes-de-conalep-que-realizaran-servicio-social-en-el-estado\/","title":{"rendered":"Salud Colima capacita a estudiantes de Conalep que realizar\u00e1n servicio social en el estado"},"content":{"rendered":"<p>La Secretar\u00eda de Salud del Gobierno del Estado de Colima, a trav\u00e9s de la Comisi\u00f3n Estatal de Salud Mental y Adicciones, realiza jornadas de capacitaci\u00f3n en salud mental dirigidas a las y los estudiantes de enfermer\u00eda del Colegio Nacional de Educaci\u00f3n Profesional T\u00e9cnica (Conalep) que est\u00e1n pr\u00f3ximos a iniciar su servicio social constitucional en el periodo de agosto 2026 a julio 2027, con actividad que contempla una jornada formativa de siete horas.<\/p>\n<p>El objetivo es fortalecer las capacidades psicoemocionales y la resiliencia de alumnas y alumnos, brind\u00e1ndoles herramientas para la prevenci\u00f3n y detecci\u00f3n oportuna de riesgos a la salud mental, para que desarrollen su servicio social en condiciones de bienestar y con desempe\u00f1o profesional saludable.<\/p>\n<p>Durante la capacitaci\u00f3n se abordaron temas como inteligencia emocional, bienestar en la pr\u00e1ctica cl\u00ednica, trastornos del sue\u00f1o, ansiedad y depresi\u00f3n, prevenci\u00f3n del riesgo suicida y adicciones, as\u00ed como estrategias de afrontamiento ante el estr\u00e9s, el S\u00edndrome de Burnout y situaciones de violencia, acoso u hostigamiento.<\/p>\n<p>Estas acciones buscan preparar a las y los estudiantes para afrontar adecuadamente los retos emocionales del servicio social en unidades m\u00e9dicas, donde el contacto con los padecimientos cl\u00ednicos puede generar desgaste emocional. Con ello, la administraci\u00f3n de la gobernadora Indira Vizca\u00edno Silva reafirma su compromiso con la formaci\u00f3n integral del personal de salud y con una atenci\u00f3n m\u00e9dica con calidad humana para toda la poblaci\u00f3n. #Operaci\u00f3nSaludColima<\/p>\n","protected":false},"excerpt":{"rendered":"<p>La Secretar\u00eda de Salud del Gobierno del Estado de Colima, a trav\u00e9s de la Comisi\u00f3n Estatal de Salud Mental y Adicciones, realiza jornadas de capacitaci\u00f3n en salud mental dirigidas a las y los estudiantes de enfermer\u00eda del Colegio Nacional de Educaci\u00f3n Profesional T\u00e9cnica (Conalep) que est\u00e1n pr\u00f3ximos a iniciar su servicio social constitucional en el [&hellip;]<\/p>\n","protected":false},"author":1,"featured_media":21727,"comment_status":"open","ping_status":"open","sticky":false,"template":"","format":"standard","meta":{"_jetpack_memberships_contains_paid_content":false,"footnotes":""},"categories":[24],"tags":[63],"class_list":["post-21722","post","type-post","status-publish","format-standard","has-post-thumbnail","hentry","category-estado","tag-salud"],"yoast_head":"<!-- This site is optimized with the Yoast SEO plugin v26.6 - https:\/\/yoast.com\/wordpress\/plugins\/seo\/ -->\n<title>Salud Colima capacita a estudiantes de Conalep que realizar\u00e1n servicio social en el estado - M\u00e1s Que Noticias<\/title>\n<meta name=\"robots\" content=\"index, follow, max-snippet:-1, max-image-preview:large, max-video-preview:-1\" \/>\n<link rel=\"canonical\" href=\"https:\/\/masquenoticias.mx\/index.php\/2026\/03\/12\/salud-colima-capacita-a-estudiantes-de-conalep-que-realizaran-servicio-social-en-el-estado\/\" \/>\n<meta property=\"og:locale\" content=\"es_MX\" \/>\n<meta property=\"og:type\" content=\"article\" \/>\n<meta property=\"og:title\" content=\"Salud Colima capacita a estudiantes de Conalep que realizar\u00e1n servicio social en el estado - M\u00e1s Que Noticias\" \/>\n<meta property=\"og:description\" content=\"La Secretar\u00eda de Salud del Gobierno del Estado de Colima, a trav\u00e9s de la Comisi\u00f3n Estatal de Salud Mental y Adicciones, realiza jornadas de capacitaci\u00f3n en salud mental dirigidas a las y los estudiantes de enfermer\u00eda del Colegio Nacional de Educaci\u00f3n Profesional T\u00e9cnica (Conalep) que est\u00e1n pr\u00f3ximos a iniciar su servicio social constitucional en el [&hellip;]\" \/>\n<meta property=\"og:url\" content=\"https:\/\/masquenoticias.mx\/index.php\/2026\/03\/12\/salud-colima-capacita-a-estudiantes-de-conalep-que-realizaran-servicio-social-en-el-estado\/\" \/>\n<meta property=\"og:site_name\" content=\"M\u00e1s Que Noticias\" \/>\n<meta property=\"article:publisher\" content=\"https:\/\/www.facebook.com\/masquenoticiascolima\" \/>\n<meta property=\"article:published_time\" content=\"2026-03-13T03:43:42+00:00\" \/>\n<meta property=\"og:image\" content=\"https:\/\/masquenoticias.mx\/wp-content\/uploads\/2026\/03\/WhatsApp-Image-2026-03-12-at-1.50.08-PM.jpeg\" \/>\n\t<meta property=\"og:image:width\" content=\"1280\" \/>\n\t<meta property=\"og:image:height\" content=\"720\" \/>\n\t<meta property=\"og:image:type\" content=\"image\/jpeg\" \/>\n<meta name=\"author\" content=\"Redacci\u00f3n\" \/>\n<meta name=\"twitter:card\" content=\"summary_large_image\" \/>\n<meta name=\"twitter:creator\" content=\"@edgartove\" \/>\n<meta name=\"twitter:site\" content=\"@edgartove\" \/>\n<meta name=\"twitter:label1\" content=\"Escrito por\" \/>\n\t<meta name=\"twitter:data1\" content=\"Redacci\u00f3n\" \/>\n\t<meta name=\"twitter:label2\" content=\"Tiempo de lectura\" \/>\n\t<meta name=\"twitter:data2\" content=\"2 minutos\" \/>\n<script type=\"application\/ld+json\" class=\"yoast-schema-graph\">{\"@context\":\"https:\/\/schema.org\",\"@graph\":[{\"@type\":\"Article\",\"@id\":\"https:\/\/masquenoticias.mx\/index.php\/2026\/03\/12\/salud-colima-capacita-a-estudiantes-de-conalep-que-realizaran-servicio-social-en-el-estado\/#article\",\"isPartOf\":{\"@id\":\"https:\/\/masquenoticias.mx\/index.php\/2026\/03\/12\/salud-colima-capacita-a-estudiantes-de-conalep-que-realizaran-servicio-social-en-el-estado\/\"},\"author\":{\"name\":\"Redacci\u00f3n\",\"@id\":\"https:\/\/masquenoticias.mx\/#\/schema\/person\/544d19989ef23d34615f691f7a96e622\"},\"headline\":\"Salud Colima capacita a estudiantes de Conalep que realizar\u00e1n servicio social en el estado\",\"datePublished\":\"2026-03-13T03:43:42+00:00\",\"mainEntityOfPage\":{\"@id\":\"https:\/\/masquenoticias.mx\/index.php\/2026\/03\/12\/salud-colima-capacita-a-estudiantes-de-conalep-que-realizaran-servicio-social-en-el-estado\/\"},\"wordCount\":269,\"commentCount\":0,\"publisher\":{\"@id\":\"https:\/\/masquenoticias.mx\/#organization\"},\"image\":{\"@id\":\"https:\/\/masquenoticias.mx\/index.php\/2026\/03\/12\/salud-colima-capacita-a-estudiantes-de-conalep-que-realizaran-servicio-social-en-el-estado\/#primaryimage\"},\"thumbnailUrl\":\"https:\/\/i0.wp.com\/masquenoticias.mx\/wp-content\/uploads\/2026\/03\/WhatsApp-Image-2026-03-12-at-1.50.08-PM.jpeg?fit=1280%2C720&ssl=1\",\"keywords\":[\"Salud\"],\"articleSection\":[\"Estado\"],\"inLanguage\":\"es\",\"potentialAction\":[{\"@type\":\"CommentAction\",\"name\":\"Comment\",\"target\":[\"https:\/\/masquenoticias.mx\/index.php\/2026\/03\/12\/salud-colima-capacita-a-estudiantes-de-conalep-que-realizaran-servicio-social-en-el-estado\/#respond\"]}]},{\"@type\":\"WebPage\",\"@id\":\"https:\/\/masquenoticias.mx\/index.php\/2026\/03\/12\/salud-colima-capacita-a-estudiantes-de-conalep-que-realizaran-servicio-social-en-el-estado\/\",\"url\":\"https:\/\/masquenoticias.mx\/index.php\/2026\/03\/12\/salud-colima-capacita-a-estudiantes-de-conalep-que-realizaran-servicio-social-en-el-estado\/\",\"name\":\"Salud Colima capacita a estudiantes de Conalep que realizar\u00e1n servicio social en el estado - M\u00e1s Que Noticias\",\"isPartOf\":{\"@id\":\"https:\/\/masquenoticias.mx\/#website\"},\"primaryImageOfPage\":{\"@id\":\"https:\/\/masquenoticias.mx\/index.php\/2026\/03\/12\/salud-colima-capacita-a-estudiantes-de-conalep-que-realizaran-servicio-social-en-el-estado\/#primaryimage\"},\"image\":{\"@id\":\"https:\/\/masquenoticias.mx\/index.php\/2026\/03\/12\/salud-colima-capacita-a-estudiantes-de-conalep-que-realizaran-servicio-social-en-el-estado\/#primaryimage\"},\"thumbnailUrl\":\"https:\/\/i0.wp.com\/masquenoticias.mx\/wp-content\/uploads\/2026\/03\/WhatsApp-Image-2026-03-12-at-1.50.08-PM.jpeg?fit=1280%2C720&ssl=1\",\"datePublished\":\"2026-03-13T03:43:42+00:00\",\"breadcrumb\":{\"@id\":\"https:\/\/masquenoticias.mx\/index.php\/2026\/03\/12\/salud-colima-capacita-a-estudiantes-de-conalep-que-realizaran-servicio-social-en-el-estado\/#breadcrumb\"},\"inLanguage\":\"es\",\"potentialAction\":[{\"@type\":\"ReadAction\",\"target\":[\"https:\/\/masquenoticias.mx\/index.php\/2026\/03\/12\/salud-colima-capacita-a-estudiantes-de-conalep-que-realizaran-servicio-social-en-el-estado\/\"]}]},{\"@type\":\"ImageObject\",\"inLanguage\":\"es\",\"@id\":\"https:\/\/masquenoticias.mx\/index.php\/2026\/03\/12\/salud-colima-capacita-a-estudiantes-de-conalep-que-realizaran-servicio-social-en-el-estado\/#primaryimage\",\"url\":\"https:\/\/i0.wp.com\/masquenoticias.mx\/wp-content\/uploads\/2026\/03\/WhatsApp-Image-2026-03-12-at-1.50.08-PM.jpeg?fit=1280%2C720&ssl=1\",\"contentUrl\":\"https:\/\/i0.wp.com\/masquenoticias.mx\/wp-content\/uploads\/2026\/03\/WhatsApp-Image-2026-03-12-at-1.50.08-PM.jpeg?fit=1280%2C720&ssl=1\",\"width\":1280,\"height\":720},{\"@type\":\"BreadcrumbList\",\"@id\":\"https:\/\/masquenoticias.mx\/index.php\/2026\/03\/12\/salud-colima-capacita-a-estudiantes-de-conalep-que-realizaran-servicio-social-en-el-estado\/#breadcrumb\",\"itemListElement\":[{\"@type\":\"ListItem\",\"position\":1,\"name\":\"Inicio\",\"item\":\"https:\/\/masquenoticias.mx\/\"},{\"@type\":\"ListItem\",\"position\":2,\"name\":\"Salud Colima capacita a estudiantes de Conalep que realizar\u00e1n servicio social en el estado\"}]},{\"@type\":\"WebSite\",\"@id\":\"https:\/\/masquenoticias.mx\/#website\",\"url\":\"https:\/\/masquenoticias.mx\/\",\"name\":\"M\u00e1s Que Noticias\",\"description\":\"Noticias de Colima, M\u00e9xico y el Mundo\",\"publisher\":{\"@id\":\"https:\/\/masquenoticias.mx\/#organization\"},\"potentialAction\":[{\"@type\":\"SearchAction\",\"target\":{\"@type\":\"EntryPoint\",\"urlTemplate\":\"https:\/\/masquenoticias.mx\/?s={search_term_string}\"},\"query-input\":{\"@type\":\"PropertyValueSpecification\",\"valueRequired\":true,\"valueName\":\"search_term_string\"}}],\"inLanguage\":\"es\"},{\"@type\":\"Organization\",\"@id\":\"https:\/\/masquenoticias.mx\/#organization\",\"name\":\"M\u00e1s Que Noticias\",\"url\":\"https:\/\/masquenoticias.mx\/\",\"logo\":{\"@type\":\"ImageObject\",\"inLanguage\":\"es\",\"@id\":\"https:\/\/masquenoticias.mx\/#\/schema\/logo\/image\/\",\"url\":\"https:\/\/i0.wp.com\/masquenoticias.mx\/wp-content\/uploads\/2024\/04\/IMG_0004.png?fit=2560%2C1656&ssl=1\",\"contentUrl\":\"https:\/\/i0.wp.com\/masquenoticias.mx\/wp-content\/uploads\/2024\/04\/IMG_0004.png?fit=2560%2C1656&ssl=1\",\"width\":2560,\"height\":1656,\"caption\":\"M\u00e1s Que Noticias\"},\"image\":{\"@id\":\"https:\/\/masquenoticias.mx\/#\/schema\/logo\/image\/\"},\"sameAs\":[\"https:\/\/www.facebook.com\/masquenoticiascolima\",\"https:\/\/x.com\/edgartove\",\"https:\/\/www.instagram.com\/masquenoticiascolima\/\"]},{\"@type\":\"Person\",\"@id\":\"https:\/\/masquenoticias.mx\/#\/schema\/person\/544d19989ef23d34615f691f7a96e622\",\"name\":\"Redacci\u00f3n\",\"image\":{\"@type\":\"ImageObject\",\"inLanguage\":\"es\",\"@id\":\"https:\/\/masquenoticias.mx\/#\/schema\/person\/image\/\",\"url\":\"https:\/\/secure.gravatar.com\/avatar\/7fcc926d5b058d3f3d52d95b4d05dd58?s=96&d=mm&r=g\",\"contentUrl\":\"https:\/\/secure.gravatar.com\/avatar\/7fcc926d5b058d3f3d52d95b4d05dd58?s=96&d=mm&r=g\",\"caption\":\"Redacci\u00f3n\"},\"sameAs\":[\"http:\/\/masquenoticias.mx\"],\"url\":\"https:\/\/masquenoticias.mx\/index.php\/author\/edgartovegmail-com\/\"}]}<\/script>\n<!-- \/ Yoast SEO plugin. -->","yoast_head_json":{"title":"Salud Colima capacita a estudiantes de Conalep que realizar\u00e1n servicio social en el estado - M\u00e1s Que Noticias","robots":{"index":"index","follow":"follow","max-snippet":"max-snippet:-1","max-image-preview":"max-image-preview:large","max-video-preview":"max-video-preview:-1"},"canonical":"https:\/\/masquenoticias.mx\/index.php\/2026\/03\/12\/salud-colima-capacita-a-estudiantes-de-conalep-que-realizaran-servicio-social-en-el-estado\/","og_locale":"es_MX","og_type":"article","og_title":"Salud Colima capacita a estudiantes de Conalep que realizar\u00e1n servicio social en el estado - M\u00e1s Que Noticias","og_description":"La Secretar\u00eda de Salud del Gobierno del Estado de Colima, a trav\u00e9s de la Comisi\u00f3n Estatal de Salud Mental y Adicciones, realiza jornadas de capacitaci\u00f3n en salud mental dirigidas a las y los estudiantes de enfermer\u00eda del Colegio Nacional de Educaci\u00f3n Profesional T\u00e9cnica (Conalep) que est\u00e1n pr\u00f3ximos a iniciar su servicio social constitucional en el [&hellip;]","og_url":"https:\/\/masquenoticias.mx\/index.php\/2026\/03\/12\/salud-colima-capacita-a-estudiantes-de-conalep-que-realizaran-servicio-social-en-el-estado\/","og_site_name":"M\u00e1s Que Noticias","article_publisher":"https:\/\/www.facebook.com\/masquenoticiascolima","article_published_time":"2026-03-13T03:43:42+00:00","og_image":[{"width":1280,"height":720,"url":"https:\/\/masquenoticias.mx\/wp-content\/uploads\/2026\/03\/WhatsApp-Image-2026-03-12-at-1.50.08-PM.jpeg","type":"image\/jpeg"}],"author":"Redacci\u00f3n","twitter_card":"summary_large_image","twitter_creator":"@edgartove","twitter_site":"@edgartove","twitter_misc":{"Escrito por":"Redacci\u00f3n","Tiempo de lectura":"2 minutos"},"schema":{"@context":"https:\/\/schema.org","@graph":[{"@type":"Article","@id":"https:\/\/masquenoticias.mx\/index.php\/2026\/03\/12\/salud-colima-capacita-a-estudiantes-de-conalep-que-realizaran-servicio-social-en-el-estado\/#article","isPartOf":{"@id":"https:\/\/masquenoticias.mx\/index.php\/2026\/03\/12\/salud-colima-capacita-a-estudiantes-de-conalep-que-realizaran-servicio-social-en-el-estado\/"},"author":{"name":"Redacci\u00f3n","@id":"https:\/\/masquenoticias.mx\/#\/schema\/person\/544d19989ef23d34615f691f7a96e622"},"headline":"Salud Colima capacita a estudiantes de Conalep que realizar\u00e1n servicio social en el estado","datePublished":"2026-03-13T03:43:42+00:00","mainEntityOfPage":{"@id":"https:\/\/masquenoticias.mx\/index.php\/2026\/03\/12\/salud-colima-capacita-a-estudiantes-de-conalep-que-realizaran-servicio-social-en-el-estado\/"},"wordCount":269,"commentCount":0,"publisher":{"@id":"https:\/\/masquenoticias.mx\/#organization"},"image":{"@id":"https:\/\/masquenoticias.mx\/index.php\/2026\/03\/12\/salud-colima-capacita-a-estudiantes-de-conalep-que-realizaran-servicio-social-en-el-estado\/#primaryimage"},"thumbnailUrl":"https:\/\/i0.wp.com\/masquenoticias.mx\/wp-content\/uploads\/2026\/03\/WhatsApp-Image-2026-03-12-at-1.50.08-PM.jpeg?fit=1280%2C720&ssl=1","keywords":["Salud"],"articleSection":["Estado"],"inLanguage":"es","potentialAction":[{"@type":"CommentAction","name":"Comment","target":["https:\/\/masquenoticias.mx\/index.php\/2026\/03\/12\/salud-colima-capacita-a-estudiantes-de-conalep-que-realizaran-servicio-social-en-el-estado\/#respond"]}]},{"@type":"WebPage","@id":"https:\/\/masquenoticias.mx\/index.php\/2026\/03\/12\/salud-colima-capacita-a-estudiantes-de-conalep-que-realizaran-servicio-social-en-el-estado\/","url":"https:\/\/masquenoticias.mx\/index.php\/2026\/03\/12\/salud-colima-capacita-a-estudiantes-de-conalep-que-realizaran-servicio-social-en-el-estado\/","name":"Salud Colima capacita a estudiantes de Conalep que realizar\u00e1n servicio social en el estado - M\u00e1s Que Noticias","isPartOf":{"@id":"https:\/\/masquenoticias.mx\/#website"},"primaryImageOfPage":{"@id":"https:\/\/masquenoticias.mx\/index.php\/2026\/03\/12\/salud-colima-capacita-a-estudiantes-de-conalep-que-realizaran-servicio-social-en-el-estado\/#primaryimage"},"image":{"@id":"https:\/\/masquenoticias.mx\/index.php\/2026\/03\/12\/salud-colima-capacita-a-estudiantes-de-conalep-que-realizaran-servicio-social-en-el-estado\/#primaryimage"},"thumbnailUrl":"https:\/\/i0.wp.com\/masquenoticias.mx\/wp-content\/uploads\/2026\/03\/WhatsApp-Image-2026-03-12-at-1.50.08-PM.jpeg?fit=1280%2C720&ssl=1","datePublished":"2026-03-13T03:43:42+00:00","breadcrumb":{"@id":"https:\/\/masquenoticias.mx\/index.php\/2026\/03\/12\/salud-colima-capacita-a-estudiantes-de-conalep-que-realizaran-servicio-social-en-el-estado\/#breadcrumb"},"inLanguage":"es","potentialAction":[{"@type":"ReadAction","target":["https:\/\/masquenoticias.mx\/index.php\/2026\/03\/12\/salud-colima-capacita-a-estudiantes-de-conalep-que-realizaran-servicio-social-en-el-estado\/"]}]},{"@type":"ImageObject","inLanguage":"es","@id":"https:\/\/masquenoticias.mx\/index.php\/2026\/03\/12\/salud-colima-capacita-a-estudiantes-de-conalep-que-realizaran-servicio-social-en-el-estado\/#primaryimage","url":"https:\/\/i0.wp.com\/masquenoticias.mx\/wp-content\/uploads\/2026\/03\/WhatsApp-Image-2026-03-12-at-1.50.08-PM.jpeg?fit=1280%2C720&ssl=1","contentUrl":"https:\/\/i0.wp.com\/masquenoticias.mx\/wp-content\/uploads\/2026\/03\/WhatsApp-Image-2026-03-12-at-1.50.08-PM.jpeg?fit=1280%2C720&ssl=1","width":1280,"height":720},{"@type":"BreadcrumbList","@id":"https:\/\/masquenoticias.mx\/index.php\/2026\/03\/12\/salud-colima-capacita-a-estudiantes-de-conalep-que-realizaran-servicio-social-en-el-estado\/#breadcrumb","itemListElement":[{"@type":"ListItem","position":1,"name":"Inicio","item":"https:\/\/masquenoticias.mx\/"},{"@type":"ListItem","position":2,"name":"Salud Colima capacita a estudiantes de Conalep que realizar\u00e1n servicio social en el estado"}]},{"@type":"WebSite","@id":"https:\/\/masquenoticias.mx\/#website","url":"https:\/\/masquenoticias.mx\/","name":"M\u00e1s Que Noticias","description":"Noticias de Colima, M\u00e9xico y el Mundo","publisher":{"@id":"https:\/\/masquenoticias.mx\/#organization"},"potentialAction":[{"@type":"SearchAction","target":{"@type":"EntryPoint","urlTemplate":"https:\/\/masquenoticias.mx\/?s={search_term_string}"},"query-input":{"@type":"PropertyValueSpecification","valueRequired":true,"valueName":"search_term_string"}}],"inLanguage":"es"},{"@type":"Organization","@id":"https:\/\/masquenoticias.mx\/#organization","name":"M\u00e1s Que Noticias","url":"https:\/\/masquenoticias.mx\/","logo":{"@type":"ImageObject","inLanguage":"es","@id":"https:\/\/masquenoticias.mx\/#\/schema\/logo\/image\/","url":"https:\/\/i0.wp.com\/masquenoticias.mx\/wp-content\/uploads\/2024\/04\/IMG_0004.png?fit=2560%2C1656&ssl=1","contentUrl":"https:\/\/i0.wp.com\/masquenoticias.mx\/wp-content\/uploads\/2024\/04\/IMG_0004.png?fit=2560%2C1656&ssl=1","width":2560,"height":1656,"caption":"M\u00e1s Que Noticias"},"image":{"@id":"https:\/\/masquenoticias.mx\/#\/schema\/logo\/image\/"},"sameAs":["https:\/\/www.facebook.com\/masquenoticiascolima","https:\/\/x.com\/edgartove","https:\/\/www.instagram.com\/masquenoticiascolima\/"]},{"@type":"Person","@id":"https:\/\/masquenoticias.mx\/#\/schema\/person\/544d19989ef23d34615f691f7a96e622","name":"Redacci\u00f3n","image":{"@type":"ImageObject","inLanguage":"es","@id":"https:\/\/masquenoticias.mx\/#\/schema\/person\/image\/","url":"https:\/\/secure.gravatar.com\/avatar\/7fcc926d5b058d3f3d52d95b4d05dd58?s=96&d=mm&r=g","contentUrl":"https:\/\/secure.gravatar.com\/avatar\/7fcc926d5b058d3f3d52d95b4d05dd58?s=96&d=mm&r=g","caption":"Redacci\u00f3n"},"sameAs":["http:\/\/masquenoticias.mx"],"url":"https:\/\/masquenoticias.mx\/index.php\/author\/edgartovegmail-com\/"}]}},"jetpack_featured_media_url":"https:\/\/i0.wp.com\/masquenoticias.mx\/wp-content\/uploads\/2026\/03\/WhatsApp-Image-2026-03-12-at-1.50.08-PM.jpeg?fit=1280%2C720&ssl=1","blog_post_layout_featured_media_urls":{"thumbnail":["https:\/\/i0.wp.com\/masquenoticias.mx\/wp-content\/uploads\/2026\/03\/WhatsApp-Image-2026-03-12-at-1.50.08-PM.jpeg?resize=150%2C150&ssl=1",150,150,true],"full":["https:\/\/i0.wp.com\/masquenoticias.mx\/wp-content\/uploads\/2026\/03\/WhatsApp-Image-2026-03-12-at-1.50.08-PM.jpeg?fit=1280%2C720&ssl=1",1280,720,false]},"categories_names":{"24":{"name":"Estado","link":"https:\/\/masquenoticias.mx\/index.php\/category\/estado\/"}},"tags_names":{"63":{"name":"Salud","link":"https:\/\/masquenoticias.mx\/index.php\/tag\/salud\/"}},"comments_number":"0","wpmagazine_modules_lite_featured_media_urls":{"thumbnail":["https:\/\/i0.wp.com\/masquenoticias.mx\/wp-content\/uploads\/2026\/03\/WhatsApp-Image-2026-03-12-at-1.50.08-PM.jpeg?resize=150%2C150&ssl=1",150,150,true],"cvmm-medium":["https:\/\/i0.wp.com\/masquenoticias.mx\/wp-content\/uploads\/2026\/03\/WhatsApp-Image-2026-03-12-at-1.50.08-PM.jpeg?resize=300%2C300&ssl=1",300,300,true],"cvmm-medium-plus":["https:\/\/i0.wp.com\/masquenoticias.mx\/wp-content\/uploads\/2026\/03\/WhatsApp-Image-2026-03-12-at-1.50.08-PM.jpeg?resize=305%2C207&ssl=1",305,207,true],"cvmm-portrait":["https:\/\/i0.wp.com\/masquenoticias.mx\/wp-content\/uploads\/2026\/03\/WhatsApp-Image-2026-03-12-at-1.50.08-PM.jpeg?resize=400%2C600&ssl=1",400,600,true],"cvmm-medium-square":["https:\/\/i0.wp.com\/masquenoticias.mx\/wp-content\/uploads\/2026\/03\/WhatsApp-Image-2026-03-12-at-1.50.08-PM.jpeg?resize=600%2C600&ssl=1",600,600,true],"cvmm-large":["https:\/\/i0.wp.com\/masquenoticias.mx\/wp-content\/uploads\/2026\/03\/WhatsApp-Image-2026-03-12-at-1.50.08-PM.jpeg?resize=1024%2C720&ssl=1",1024,720,true],"cvmm-small":["https:\/\/i0.wp.com\/masquenoticias.mx\/wp-content\/uploads\/2026\/03\/WhatsApp-Image-2026-03-12-at-1.50.08-PM.jpeg?resize=130%2C95&ssl=1",130,95,true],"full":["https:\/\/i0.wp.com\/masquenoticias.mx\/wp-content\/uploads\/2026\/03\/WhatsApp-Image-2026-03-12-at-1.50.08-PM.jpeg?fit=1280%2C720&ssl=1",1280,720,false]},"jetpack-related-posts":[],"jetpack_sharing_enabled":true,"jetpack_likes_enabled":true,"jetpack_shortlink":"https:\/\/wp.me\/pf7pkt-5Em","_links":{"self":[{"href":"https:\/\/masquenoticias.mx\/index.php\/wp-json\/wp\/v2\/posts\/21722","targetHints":{"allow":["GET"]}}],"collection":[{"href":"https:\/\/masquenoticias.mx\/index.php\/wp-json\/wp\/v2\/posts"}],"about":[{"href":"https:\/\/masquenoticias.mx\/index.php\/wp-json\/wp\/v2\/types\/post"}],"author":[{"embeddable":true,"href":"https:\/\/masquenoticias.mx\/index.php\/wp-json\/wp\/v2\/users\/1"}],"replies":[{"embeddable":true,"href":"https:\/\/masquenoticias.mx\/index.php\/wp-json\/wp\/v2\/comments?post=21722"}],"version-history":[{"count":1,"href":"https:\/\/masquenoticias.mx\/index.php\/wp-json\/wp\/v2\/posts\/21722\/revisions"}],"predecessor-version":[{"id":21728,"href":"https:\/\/masquenoticias.mx\/index.php\/wp-json\/wp\/v2\/posts\/21722\/revisions\/21728"}],"wp:featuredmedia":[{"embeddable":true,"href":"https:\/\/masquenoticias.mx\/index.php\/wp-json\/wp\/v2\/media\/21727"}],"wp:attachment":[{"href":"https:\/\/masquenoticias.mx\/index.php\/wp-json\/wp\/v2\/media?parent=21722"}],"wp:term":[{"taxonomy":"category","embeddable":true,"href":"https:\/\/masquenoticias.mx\/index.php\/wp-json\/wp\/v2\/categories?post=21722"},{"taxonomy":"post_tag","embeddable":true,"href":"https:\/\/masquenoticias.mx\/index.php\/wp-json\/wp\/v2\/tags?post=21722"}],"curies":[{"name":"wp","href":"https:\/\/api.w.org\/{rel}","templated":true}]}}