{"id":21716,"date":"2026-03-12T21:31:32","date_gmt":"2026-03-13T03:31:32","guid":{"rendered":"https:\/\/masquenoticias.mx\/?p=21716"},"modified":"2026-03-12T21:31:32","modified_gmt":"2026-03-13T03:31:32","slug":"trabajo-coordinado-entre-estado-y-federacion-genero-decomiso-de-mas-270-kg-de-fentanilo","status":"publish","type":"post","link":"https:\/\/masquenoticias.mx\/index.php\/2026\/03\/12\/trabajo-coordinado-entre-estado-y-federacion-genero-decomiso-de-mas-270-kg-de-fentanilo\/","title":{"rendered":"Trabajo coordinado entre Estado y Federaci\u00f3n gener\u00f3 decomiso de m\u00e1s 270 kg de fentanilo"},"content":{"rendered":"<p>Las instituciones que integran la Mesa de Coordinaci\u00f3n Estatal para la Construcci\u00f3n de la Paz y la Seguridad en Colima reconocen el trabajo coordinado entre el Estado y la Federaci\u00f3n que se tradujo en un exitoso operativo que logr\u00f3 el decomiso de m\u00e1s de 270 kilogramos de fentanilo.<\/p>\n<p>En el operativo particip\u00f3 la Secretar\u00eda de Seguridad y Protecci\u00f3n Ciudadana (SSPC) del Gobierno de M\u00e9xico, la Secretar\u00eda de Seguridad P\u00fablica (SSP) del Gobierno del Estado de Colima, as\u00ed como la Secretar\u00eda de Marina (Marina), la Fiscal\u00eda General de la Rep\u00fablica (FGR), la Fiscal\u00eda General del Estado (FGE), la Secretar\u00eda de la Defensa Nacional (Defensa) y la Guardia Nacional (GN).<\/p>\n<p>Las acciones fueron realizadas en una zona residencial del municipio de Villa de \u00c1lvarez, Colima, y en ellas se detuvo a seis personas y se desmantel\u00f3 un laboratorio.<\/p>\n<p>La cantidad de fentanilo decomisado equivale a 14 millones de dosis de la droga, y hay que recordar que especialistas de salud consideran que dos miligramos de esta sustancia es potencialmente una dosis letal.<\/p>\n<p>Como ya inform\u00f3 el Gobierno de M\u00e9xico, derivado de labores de inteligencia sobre una c\u00e9lula delictiva dedicada a la distribuci\u00f3n de drogas sint\u00e9ticas, se ubicaron dos domicilios en el municipio de Villa de \u00c1lvarez que eran utilizados como laboratorio clandestino y bodega para el almacenamiento de narc\u00f3ticos.<\/p>\n<p>Adem\u00e1s, en seguimiento a las investigaciones, se implementaron vigilancias fijas y m\u00f3viles que permitieron recabar datos de prueba suficientes, los cuales fueron presentados ante un Juez de Control, quien otorg\u00f3 las \u00f3rdenes de cateo correspondientes.<\/p>\n<p>Mediante un despliegue coordinado se ejecutaron los cateos, donde fueron detenidas seis personas, entre ellas el l\u00edder de la c\u00e9lula delictiva, quienes fueron puestas a disposici\u00f3n de la autoridad jurisdiccional correspondiente.<\/p>\n<p>La Mesa de Coordinaci\u00f3n Estatal destaca los resultados positivos logrados gracias al trabajo conjunto de las instituciones de los \u00f3rdenes de Gobierno federal y estatal; reitera que continuar\u00e1 con esfuerzos de inteligencia, as\u00ed como preventivos para garantizar la seguridad y la tranquilidad que las familias colimenses demandan y merecen.<\/p>\n","protected":false},"excerpt":{"rendered":"<p>Las instituciones que integran la Mesa de Coordinaci\u00f3n Estatal para la Construcci\u00f3n de la Paz y la Seguridad en Colima reconocen el trabajo coordinado entre el Estado y la Federaci\u00f3n que se tradujo en un exitoso operativo que logr\u00f3 el decomiso de m\u00e1s de 270 kilogramos de fentanilo. En el operativo particip\u00f3 la Secretar\u00eda de [&hellip;]<\/p>\n","protected":false},"author":1,"featured_media":21717,"comment_status":"open","ping_status":"open","sticky":false,"template":"","format":"standard","meta":{"_jetpack_memberships_contains_paid_content":false,"footnotes":""},"categories":[58],"tags":[47],"class_list":["post-21716","post","type-post","status-publish","format-standard","has-post-thumbnail","hentry","category-seguridad","tag-seguridad"],"yoast_head":"<!-- This site is optimized with the Yoast SEO plugin v26.6 - https:\/\/yoast.com\/wordpress\/plugins\/seo\/ -->\n<title>Trabajo coordinado entre Estado y Federaci\u00f3n gener\u00f3 decomiso de m\u00e1s 270 kg de fentanilo - M\u00e1s Que Noticias<\/title>\n<meta name=\"robots\" content=\"index, follow, max-snippet:-1, max-image-preview:large, max-video-preview:-1\" \/>\n<link rel=\"canonical\" href=\"https:\/\/masquenoticias.mx\/index.php\/2026\/03\/12\/trabajo-coordinado-entre-estado-y-federacion-genero-decomiso-de-mas-270-kg-de-fentanilo\/\" \/>\n<meta property=\"og:locale\" content=\"es_MX\" \/>\n<meta property=\"og:type\" content=\"article\" \/>\n<meta property=\"og:title\" content=\"Trabajo coordinado entre Estado y Federaci\u00f3n gener\u00f3 decomiso de m\u00e1s 270 kg de fentanilo - M\u00e1s Que Noticias\" \/>\n<meta property=\"og:description\" content=\"Las instituciones que integran la Mesa de Coordinaci\u00f3n Estatal para la Construcci\u00f3n de la Paz y la Seguridad en Colima reconocen el trabajo coordinado entre el Estado y la Federaci\u00f3n que se tradujo en un exitoso operativo que logr\u00f3 el decomiso de m\u00e1s de 270 kilogramos de fentanilo. En el operativo particip\u00f3 la Secretar\u00eda de [&hellip;]\" \/>\n<meta property=\"og:url\" content=\"https:\/\/masquenoticias.mx\/index.php\/2026\/03\/12\/trabajo-coordinado-entre-estado-y-federacion-genero-decomiso-de-mas-270-kg-de-fentanilo\/\" \/>\n<meta property=\"og:site_name\" content=\"M\u00e1s Que Noticias\" \/>\n<meta property=\"article:publisher\" content=\"https:\/\/www.facebook.com\/masquenoticiascolima\" \/>\n<meta property=\"article:published_time\" content=\"2026-03-13T03:31:32+00:00\" \/>\n<meta property=\"og:image\" content=\"https:\/\/masquenoticias.mx\/wp-content\/uploads\/2026\/03\/WhatsApp-Image-2026-03-12-at-11.43.46-AM.jpeg\" \/>\n\t<meta property=\"og:image:width\" content=\"1080\" \/>\n\t<meta property=\"og:image:height\" content=\"1080\" \/>\n\t<meta property=\"og:image:type\" content=\"image\/jpeg\" \/>\n<meta name=\"author\" content=\"Redacci\u00f3n\" \/>\n<meta name=\"twitter:card\" content=\"summary_large_image\" \/>\n<meta name=\"twitter:creator\" content=\"@edgartove\" \/>\n<meta name=\"twitter:site\" content=\"@edgartove\" \/>\n<meta name=\"twitter:label1\" content=\"Escrito por\" \/>\n\t<meta name=\"twitter:data1\" content=\"Redacci\u00f3n\" \/>\n\t<meta name=\"twitter:label2\" content=\"Tiempo de lectura\" \/>\n\t<meta name=\"twitter:data2\" content=\"2 minutos\" \/>\n<script type=\"application\/ld+json\" class=\"yoast-schema-graph\">{\"@context\":\"https:\/\/schema.org\",\"@graph\":[{\"@type\":\"Article\",\"@id\":\"https:\/\/masquenoticias.mx\/index.php\/2026\/03\/12\/trabajo-coordinado-entre-estado-y-federacion-genero-decomiso-de-mas-270-kg-de-fentanilo\/#article\",\"isPartOf\":{\"@id\":\"https:\/\/masquenoticias.mx\/index.php\/2026\/03\/12\/trabajo-coordinado-entre-estado-y-federacion-genero-decomiso-de-mas-270-kg-de-fentanilo\/\"},\"author\":{\"name\":\"Redacci\u00f3n\",\"@id\":\"https:\/\/masquenoticias.mx\/#\/schema\/person\/544d19989ef23d34615f691f7a96e622\"},\"headline\":\"Trabajo coordinado entre Estado y Federaci\u00f3n gener\u00f3 decomiso de m\u00e1s 270 kg de fentanilo\",\"datePublished\":\"2026-03-13T03:31:32+00:00\",\"mainEntityOfPage\":{\"@id\":\"https:\/\/masquenoticias.mx\/index.php\/2026\/03\/12\/trabajo-coordinado-entre-estado-y-federacion-genero-decomiso-de-mas-270-kg-de-fentanilo\/\"},\"wordCount\":370,\"commentCount\":0,\"publisher\":{\"@id\":\"https:\/\/masquenoticias.mx\/#organization\"},\"image\":{\"@id\":\"https:\/\/masquenoticias.mx\/index.php\/2026\/03\/12\/trabajo-coordinado-entre-estado-y-federacion-genero-decomiso-de-mas-270-kg-de-fentanilo\/#primaryimage\"},\"thumbnailUrl\":\"https:\/\/i0.wp.com\/masquenoticias.mx\/wp-content\/uploads\/2026\/03\/WhatsApp-Image-2026-03-12-at-11.43.46-AM.jpeg?fit=1080%2C1080&ssl=1\",\"keywords\":[\"Seguridad\"],\"articleSection\":[\"Seguridad\"],\"inLanguage\":\"es\",\"potentialAction\":[{\"@type\":\"CommentAction\",\"name\":\"Comment\",\"target\":[\"https:\/\/masquenoticias.mx\/index.php\/2026\/03\/12\/trabajo-coordinado-entre-estado-y-federacion-genero-decomiso-de-mas-270-kg-de-fentanilo\/#respond\"]}]},{\"@type\":\"WebPage\",\"@id\":\"https:\/\/masquenoticias.mx\/index.php\/2026\/03\/12\/trabajo-coordinado-entre-estado-y-federacion-genero-decomiso-de-mas-270-kg-de-fentanilo\/\",\"url\":\"https:\/\/masquenoticias.mx\/index.php\/2026\/03\/12\/trabajo-coordinado-entre-estado-y-federacion-genero-decomiso-de-mas-270-kg-de-fentanilo\/\",\"name\":\"Trabajo coordinado entre Estado y Federaci\u00f3n gener\u00f3 decomiso de m\u00e1s 270 kg de fentanilo - M\u00e1s Que Noticias\",\"isPartOf\":{\"@id\":\"https:\/\/masquenoticias.mx\/#website\"},\"primaryImageOfPage\":{\"@id\":\"https:\/\/masquenoticias.mx\/index.php\/2026\/03\/12\/trabajo-coordinado-entre-estado-y-federacion-genero-decomiso-de-mas-270-kg-de-fentanilo\/#primaryimage\"},\"image\":{\"@id\":\"https:\/\/masquenoticias.mx\/index.php\/2026\/03\/12\/trabajo-coordinado-entre-estado-y-federacion-genero-decomiso-de-mas-270-kg-de-fentanilo\/#primaryimage\"},\"thumbnailUrl\":\"https:\/\/i0.wp.com\/masquenoticias.mx\/wp-content\/uploads\/2026\/03\/WhatsApp-Image-2026-03-12-at-11.43.46-AM.jpeg?fit=1080%2C1080&ssl=1\",\"datePublished\":\"2026-03-13T03:31:32+00:00\",\"breadcrumb\":{\"@id\":\"https:\/\/masquenoticias.mx\/index.php\/2026\/03\/12\/trabajo-coordinado-entre-estado-y-federacion-genero-decomiso-de-mas-270-kg-de-fentanilo\/#breadcrumb\"},\"inLanguage\":\"es\",\"potentialAction\":[{\"@type\":\"ReadAction\",\"target\":[\"https:\/\/masquenoticias.mx\/index.php\/2026\/03\/12\/trabajo-coordinado-entre-estado-y-federacion-genero-decomiso-de-mas-270-kg-de-fentanilo\/\"]}]},{\"@type\":\"ImageObject\",\"inLanguage\":\"es\",\"@id\":\"https:\/\/masquenoticias.mx\/index.php\/2026\/03\/12\/trabajo-coordinado-entre-estado-y-federacion-genero-decomiso-de-mas-270-kg-de-fentanilo\/#primaryimage\",\"url\":\"https:\/\/i0.wp.com\/masquenoticias.mx\/wp-content\/uploads\/2026\/03\/WhatsApp-Image-2026-03-12-at-11.43.46-AM.jpeg?fit=1080%2C1080&ssl=1\",\"contentUrl\":\"https:\/\/i0.wp.com\/masquenoticias.mx\/wp-content\/uploads\/2026\/03\/WhatsApp-Image-2026-03-12-at-11.43.46-AM.jpeg?fit=1080%2C1080&ssl=1\",\"width\":1080,\"height\":1080},{\"@type\":\"BreadcrumbList\",\"@id\":\"https:\/\/masquenoticias.mx\/index.php\/2026\/03\/12\/trabajo-coordinado-entre-estado-y-federacion-genero-decomiso-de-mas-270-kg-de-fentanilo\/#breadcrumb\",\"itemListElement\":[{\"@type\":\"ListItem\",\"position\":1,\"name\":\"Inicio\",\"item\":\"https:\/\/masquenoticias.mx\/\"},{\"@type\":\"ListItem\",\"position\":2,\"name\":\"Trabajo coordinado entre Estado y Federaci\u00f3n gener\u00f3 decomiso de m\u00e1s 270 kg de fentanilo\"}]},{\"@type\":\"WebSite\",\"@id\":\"https:\/\/masquenoticias.mx\/#website\",\"url\":\"https:\/\/masquenoticias.mx\/\",\"name\":\"M\u00e1s Que Noticias\",\"description\":\"Noticias de Colima, M\u00e9xico y el Mundo\",\"publisher\":{\"@id\":\"https:\/\/masquenoticias.mx\/#organization\"},\"potentialAction\":[{\"@type\":\"SearchAction\",\"target\":{\"@type\":\"EntryPoint\",\"urlTemplate\":\"https:\/\/masquenoticias.mx\/?s={search_term_string}\"},\"query-input\":{\"@type\":\"PropertyValueSpecification\",\"valueRequired\":true,\"valueName\":\"search_term_string\"}}],\"inLanguage\":\"es\"},{\"@type\":\"Organization\",\"@id\":\"https:\/\/masquenoticias.mx\/#organization\",\"name\":\"M\u00e1s Que Noticias\",\"url\":\"https:\/\/masquenoticias.mx\/\",\"logo\":{\"@type\":\"ImageObject\",\"inLanguage\":\"es\",\"@id\":\"https:\/\/masquenoticias.mx\/#\/schema\/logo\/image\/\",\"url\":\"https:\/\/i0.wp.com\/masquenoticias.mx\/wp-content\/uploads\/2024\/04\/IMG_0004.png?fit=2560%2C1656&ssl=1\",\"contentUrl\":\"https:\/\/i0.wp.com\/masquenoticias.mx\/wp-content\/uploads\/2024\/04\/IMG_0004.png?fit=2560%2C1656&ssl=1\",\"width\":2560,\"height\":1656,\"caption\":\"M\u00e1s Que Noticias\"},\"image\":{\"@id\":\"https:\/\/masquenoticias.mx\/#\/schema\/logo\/image\/\"},\"sameAs\":[\"https:\/\/www.facebook.com\/masquenoticiascolima\",\"https:\/\/x.com\/edgartove\",\"https:\/\/www.instagram.com\/masquenoticiascolima\/\"]},{\"@type\":\"Person\",\"@id\":\"https:\/\/masquenoticias.mx\/#\/schema\/person\/544d19989ef23d34615f691f7a96e622\",\"name\":\"Redacci\u00f3n\",\"image\":{\"@type\":\"ImageObject\",\"inLanguage\":\"es\",\"@id\":\"https:\/\/masquenoticias.mx\/#\/schema\/person\/image\/\",\"url\":\"https:\/\/secure.gravatar.com\/avatar\/7fcc926d5b058d3f3d52d95b4d05dd58?s=96&d=mm&r=g\",\"contentUrl\":\"https:\/\/secure.gravatar.com\/avatar\/7fcc926d5b058d3f3d52d95b4d05dd58?s=96&d=mm&r=g\",\"caption\":\"Redacci\u00f3n\"},\"sameAs\":[\"http:\/\/masquenoticias.mx\"],\"url\":\"https:\/\/masquenoticias.mx\/index.php\/author\/edgartovegmail-com\/\"}]}<\/script>\n<!-- \/ Yoast SEO plugin. -->","yoast_head_json":{"title":"Trabajo coordinado entre Estado y Federaci\u00f3n gener\u00f3 decomiso de m\u00e1s 270 kg de fentanilo - M\u00e1s Que Noticias","robots":{"index":"index","follow":"follow","max-snippet":"max-snippet:-1","max-image-preview":"max-image-preview:large","max-video-preview":"max-video-preview:-1"},"canonical":"https:\/\/masquenoticias.mx\/index.php\/2026\/03\/12\/trabajo-coordinado-entre-estado-y-federacion-genero-decomiso-de-mas-270-kg-de-fentanilo\/","og_locale":"es_MX","og_type":"article","og_title":"Trabajo coordinado entre Estado y Federaci\u00f3n gener\u00f3 decomiso de m\u00e1s 270 kg de fentanilo - M\u00e1s Que Noticias","og_description":"Las instituciones que integran la Mesa de Coordinaci\u00f3n Estatal para la Construcci\u00f3n de la Paz y la Seguridad en Colima reconocen el trabajo coordinado entre el Estado y la Federaci\u00f3n que se tradujo en un exitoso operativo que logr\u00f3 el decomiso de m\u00e1s de 270 kilogramos de fentanilo. En el operativo particip\u00f3 la Secretar\u00eda de [&hellip;]","og_url":"https:\/\/masquenoticias.mx\/index.php\/2026\/03\/12\/trabajo-coordinado-entre-estado-y-federacion-genero-decomiso-de-mas-270-kg-de-fentanilo\/","og_site_name":"M\u00e1s Que Noticias","article_publisher":"https:\/\/www.facebook.com\/masquenoticiascolima","article_published_time":"2026-03-13T03:31:32+00:00","og_image":[{"width":1080,"height":1080,"url":"https:\/\/masquenoticias.mx\/wp-content\/uploads\/2026\/03\/WhatsApp-Image-2026-03-12-at-11.43.46-AM.jpeg","type":"image\/jpeg"}],"author":"Redacci\u00f3n","twitter_card":"summary_large_image","twitter_creator":"@edgartove","twitter_site":"@edgartove","twitter_misc":{"Escrito por":"Redacci\u00f3n","Tiempo de lectura":"2 minutos"},"schema":{"@context":"https:\/\/schema.org","@graph":[{"@type":"Article","@id":"https:\/\/masquenoticias.mx\/index.php\/2026\/03\/12\/trabajo-coordinado-entre-estado-y-federacion-genero-decomiso-de-mas-270-kg-de-fentanilo\/#article","isPartOf":{"@id":"https:\/\/masquenoticias.mx\/index.php\/2026\/03\/12\/trabajo-coordinado-entre-estado-y-federacion-genero-decomiso-de-mas-270-kg-de-fentanilo\/"},"author":{"name":"Redacci\u00f3n","@id":"https:\/\/masquenoticias.mx\/#\/schema\/person\/544d19989ef23d34615f691f7a96e622"},"headline":"Trabajo coordinado entre Estado y Federaci\u00f3n gener\u00f3 decomiso de m\u00e1s 270 kg de fentanilo","datePublished":"2026-03-13T03:31:32+00:00","mainEntityOfPage":{"@id":"https:\/\/masquenoticias.mx\/index.php\/2026\/03\/12\/trabajo-coordinado-entre-estado-y-federacion-genero-decomiso-de-mas-270-kg-de-fentanilo\/"},"wordCount":370,"commentCount":0,"publisher":{"@id":"https:\/\/masquenoticias.mx\/#organization"},"image":{"@id":"https:\/\/masquenoticias.mx\/index.php\/2026\/03\/12\/trabajo-coordinado-entre-estado-y-federacion-genero-decomiso-de-mas-270-kg-de-fentanilo\/#primaryimage"},"thumbnailUrl":"https:\/\/i0.wp.com\/masquenoticias.mx\/wp-content\/uploads\/2026\/03\/WhatsApp-Image-2026-03-12-at-11.43.46-AM.jpeg?fit=1080%2C1080&ssl=1","keywords":["Seguridad"],"articleSection":["Seguridad"],"inLanguage":"es","potentialAction":[{"@type":"CommentAction","name":"Comment","target":["https:\/\/masquenoticias.mx\/index.php\/2026\/03\/12\/trabajo-coordinado-entre-estado-y-federacion-genero-decomiso-de-mas-270-kg-de-fentanilo\/#respond"]}]},{"@type":"WebPage","@id":"https:\/\/masquenoticias.mx\/index.php\/2026\/03\/12\/trabajo-coordinado-entre-estado-y-federacion-genero-decomiso-de-mas-270-kg-de-fentanilo\/","url":"https:\/\/masquenoticias.mx\/index.php\/2026\/03\/12\/trabajo-coordinado-entre-estado-y-federacion-genero-decomiso-de-mas-270-kg-de-fentanilo\/","name":"Trabajo coordinado entre Estado y Federaci\u00f3n gener\u00f3 decomiso de m\u00e1s 270 kg de fentanilo - M\u00e1s Que Noticias","isPartOf":{"@id":"https:\/\/masquenoticias.mx\/#website"},"primaryImageOfPage":{"@id":"https:\/\/masquenoticias.mx\/index.php\/2026\/03\/12\/trabajo-coordinado-entre-estado-y-federacion-genero-decomiso-de-mas-270-kg-de-fentanilo\/#primaryimage"},"image":{"@id":"https:\/\/masquenoticias.mx\/index.php\/2026\/03\/12\/trabajo-coordinado-entre-estado-y-federacion-genero-decomiso-de-mas-270-kg-de-fentanilo\/#primaryimage"},"thumbnailUrl":"https:\/\/i0.wp.com\/masquenoticias.mx\/wp-content\/uploads\/2026\/03\/WhatsApp-Image-2026-03-12-at-11.43.46-AM.jpeg?fit=1080%2C1080&ssl=1","datePublished":"2026-03-13T03:31:32+00:00","breadcrumb":{"@id":"https:\/\/masquenoticias.mx\/index.php\/2026\/03\/12\/trabajo-coordinado-entre-estado-y-federacion-genero-decomiso-de-mas-270-kg-de-fentanilo\/#breadcrumb"},"inLanguage":"es","potentialAction":[{"@type":"ReadAction","target":["https:\/\/masquenoticias.mx\/index.php\/2026\/03\/12\/trabajo-coordinado-entre-estado-y-federacion-genero-decomiso-de-mas-270-kg-de-fentanilo\/"]}]},{"@type":"ImageObject","inLanguage":"es","@id":"https:\/\/masquenoticias.mx\/index.php\/2026\/03\/12\/trabajo-coordinado-entre-estado-y-federacion-genero-decomiso-de-mas-270-kg-de-fentanilo\/#primaryimage","url":"https:\/\/i0.wp.com\/masquenoticias.mx\/wp-content\/uploads\/2026\/03\/WhatsApp-Image-2026-03-12-at-11.43.46-AM.jpeg?fit=1080%2C1080&ssl=1","contentUrl":"https:\/\/i0.wp.com\/masquenoticias.mx\/wp-content\/uploads\/2026\/03\/WhatsApp-Image-2026-03-12-at-11.43.46-AM.jpeg?fit=1080%2C1080&ssl=1","width":1080,"height":1080},{"@type":"BreadcrumbList","@id":"https:\/\/masquenoticias.mx\/index.php\/2026\/03\/12\/trabajo-coordinado-entre-estado-y-federacion-genero-decomiso-de-mas-270-kg-de-fentanilo\/#breadcrumb","itemListElement":[{"@type":"ListItem","position":1,"name":"Inicio","item":"https:\/\/masquenoticias.mx\/"},{"@type":"ListItem","position":2,"name":"Trabajo coordinado entre Estado y Federaci\u00f3n gener\u00f3 decomiso de m\u00e1s 270 kg de fentanilo"}]},{"@type":"WebSite","@id":"https:\/\/masquenoticias.mx\/#website","url":"https:\/\/masquenoticias.mx\/","name":"M\u00e1s Que Noticias","description":"Noticias de Colima, M\u00e9xico y el Mundo","publisher":{"@id":"https:\/\/masquenoticias.mx\/#organization"},"potentialAction":[{"@type":"SearchAction","target":{"@type":"EntryPoint","urlTemplate":"https:\/\/masquenoticias.mx\/?s={search_term_string}"},"query-input":{"@type":"PropertyValueSpecification","valueRequired":true,"valueName":"search_term_string"}}],"inLanguage":"es"},{"@type":"Organization","@id":"https:\/\/masquenoticias.mx\/#organization","name":"M\u00e1s Que Noticias","url":"https:\/\/masquenoticias.mx\/","logo":{"@type":"ImageObject","inLanguage":"es","@id":"https:\/\/masquenoticias.mx\/#\/schema\/logo\/image\/","url":"https:\/\/i0.wp.com\/masquenoticias.mx\/wp-content\/uploads\/2024\/04\/IMG_0004.png?fit=2560%2C1656&ssl=1","contentUrl":"https:\/\/i0.wp.com\/masquenoticias.mx\/wp-content\/uploads\/2024\/04\/IMG_0004.png?fit=2560%2C1656&ssl=1","width":2560,"height":1656,"caption":"M\u00e1s Que Noticias"},"image":{"@id":"https:\/\/masquenoticias.mx\/#\/schema\/logo\/image\/"},"sameAs":["https:\/\/www.facebook.com\/masquenoticiascolima","https:\/\/x.com\/edgartove","https:\/\/www.instagram.com\/masquenoticiascolima\/"]},{"@type":"Person","@id":"https:\/\/masquenoticias.mx\/#\/schema\/person\/544d19989ef23d34615f691f7a96e622","name":"Redacci\u00f3n","image":{"@type":"ImageObject","inLanguage":"es","@id":"https:\/\/masquenoticias.mx\/#\/schema\/person\/image\/","url":"https:\/\/secure.gravatar.com\/avatar\/7fcc926d5b058d3f3d52d95b4d05dd58?s=96&d=mm&r=g","contentUrl":"https:\/\/secure.gravatar.com\/avatar\/7fcc926d5b058d3f3d52d95b4d05dd58?s=96&d=mm&r=g","caption":"Redacci\u00f3n"},"sameAs":["http:\/\/masquenoticias.mx"],"url":"https:\/\/masquenoticias.mx\/index.php\/author\/edgartovegmail-com\/"}]}},"jetpack_featured_media_url":"https:\/\/i0.wp.com\/masquenoticias.mx\/wp-content\/uploads\/2026\/03\/WhatsApp-Image-2026-03-12-at-11.43.46-AM.jpeg?fit=1080%2C1080&ssl=1","blog_post_layout_featured_media_urls":{"thumbnail":["https:\/\/i0.wp.com\/masquenoticias.mx\/wp-content\/uploads\/2026\/03\/WhatsApp-Image-2026-03-12-at-11.43.46-AM.jpeg?resize=150%2C150&ssl=1",150,150,true],"full":["https:\/\/i0.wp.com\/masquenoticias.mx\/wp-content\/uploads\/2026\/03\/WhatsApp-Image-2026-03-12-at-11.43.46-AM.jpeg?fit=1080%2C1080&ssl=1",1080,1080,false]},"categories_names":{"58":{"name":"Seguridad","link":"https:\/\/masquenoticias.mx\/index.php\/category\/seguridad\/"}},"tags_names":{"47":{"name":"Seguridad","link":"https:\/\/masquenoticias.mx\/index.php\/tag\/seguridad\/"}},"comments_number":"0","wpmagazine_modules_lite_featured_media_urls":{"thumbnail":["https:\/\/i0.wp.com\/masquenoticias.mx\/wp-content\/uploads\/2026\/03\/WhatsApp-Image-2026-03-12-at-11.43.46-AM.jpeg?resize=150%2C150&ssl=1",150,150,true],"cvmm-medium":["https:\/\/i0.wp.com\/masquenoticias.mx\/wp-content\/uploads\/2026\/03\/WhatsApp-Image-2026-03-12-at-11.43.46-AM.jpeg?resize=300%2C300&ssl=1",300,300,true],"cvmm-medium-plus":["https:\/\/i0.wp.com\/masquenoticias.mx\/wp-content\/uploads\/2026\/03\/WhatsApp-Image-2026-03-12-at-11.43.46-AM.jpeg?resize=305%2C207&ssl=1",305,207,true],"cvmm-portrait":["https:\/\/i0.wp.com\/masquenoticias.mx\/wp-content\/uploads\/2026\/03\/WhatsApp-Image-2026-03-12-at-11.43.46-AM.jpeg?resize=400%2C600&ssl=1",400,600,true],"cvmm-medium-square":["https:\/\/i0.wp.com\/masquenoticias.mx\/wp-content\/uploads\/2026\/03\/WhatsApp-Image-2026-03-12-at-11.43.46-AM.jpeg?resize=600%2C600&ssl=1",600,600,true],"cvmm-large":["https:\/\/i0.wp.com\/masquenoticias.mx\/wp-content\/uploads\/2026\/03\/WhatsApp-Image-2026-03-12-at-11.43.46-AM.jpeg?resize=1024%2C1024&ssl=1",1024,1024,true],"cvmm-small":["https:\/\/i0.wp.com\/masquenoticias.mx\/wp-content\/uploads\/2026\/03\/WhatsApp-Image-2026-03-12-at-11.43.46-AM.jpeg?resize=130%2C95&ssl=1",130,95,true],"full":["https:\/\/i0.wp.com\/masquenoticias.mx\/wp-content\/uploads\/2026\/03\/WhatsApp-Image-2026-03-12-at-11.43.46-AM.jpeg?fit=1080%2C1080&ssl=1",1080,1080,false]},"jetpack-related-posts":[],"jetpack_sharing_enabled":true,"jetpack_likes_enabled":true,"jetpack_shortlink":"https:\/\/wp.me\/pf7pkt-5Eg","_links":{"self":[{"href":"https:\/\/masquenoticias.mx\/index.php\/wp-json\/wp\/v2\/posts\/21716","targetHints":{"allow":["GET"]}}],"collection":[{"href":"https:\/\/masquenoticias.mx\/index.php\/wp-json\/wp\/v2\/posts"}],"about":[{"href":"https:\/\/masquenoticias.mx\/index.php\/wp-json\/wp\/v2\/types\/post"}],"author":[{"embeddable":true,"href":"https:\/\/masquenoticias.mx\/index.php\/wp-json\/wp\/v2\/users\/1"}],"replies":[{"embeddable":true,"href":"https:\/\/masquenoticias.mx\/index.php\/wp-json\/wp\/v2\/comments?post=21716"}],"version-history":[{"count":1,"href":"https:\/\/masquenoticias.mx\/index.php\/wp-json\/wp\/v2\/posts\/21716\/revisions"}],"predecessor-version":[{"id":21718,"href":"https:\/\/masquenoticias.mx\/index.php\/wp-json\/wp\/v2\/posts\/21716\/revisions\/21718"}],"wp:featuredmedia":[{"embeddable":true,"href":"https:\/\/masquenoticias.mx\/index.php\/wp-json\/wp\/v2\/media\/21717"}],"wp:attachment":[{"href":"https:\/\/masquenoticias.mx\/index.php\/wp-json\/wp\/v2\/media?parent=21716"}],"wp:term":[{"taxonomy":"category","embeddable":true,"href":"https:\/\/masquenoticias.mx\/index.php\/wp-json\/wp\/v2\/categories?post=21716"},{"taxonomy":"post_tag","embeddable":true,"href":"https:\/\/masquenoticias.mx\/index.php\/wp-json\/wp\/v2\/tags?post=21716"}],"curies":[{"name":"wp","href":"https:\/\/api.w.org\/{rel}","templated":true}]}}