{"id":21705,"date":"2026-03-11T22:32:04","date_gmt":"2026-03-12T04:32:04","guid":{"rendered":"https:\/\/masquenoticias.mx\/?p=21705"},"modified":"2026-03-11T22:32:04","modified_gmt":"2026-03-12T04:32:04","slug":"estudiantes-de-comala-reciben-tarjetas-de-mi-colibeca-para-empezar-que-otorga-el-gobierno-de-indira-vizcaino","status":"publish","type":"post","link":"https:\/\/masquenoticias.mx\/index.php\/2026\/03\/11\/estudiantes-de-comala-reciben-tarjetas-de-mi-colibeca-para-empezar-que-otorga-el-gobierno-de-indira-vizcaino\/","title":{"rendered":"Estudiantes de Comala reciben tarjetas de Mi ColiBeca para Empezar que otorga el gobierno de Indira Vizca\u00edno"},"content":{"rendered":"<p>El Gobierno del Estado de Colima que encabeza la mandataria Indira Vizca\u00edno Silva, a trav\u00e9s de las secretar\u00edas de Bienestar, Inclusi\u00f3n Social y Mujeres (Sebiinsom) y de Educaci\u00f3n y Cultura, continu\u00f3 este mi\u00e9rcoles la entrega de tarjetas bancarias del programa Mi ColiBeca para Empezar a estudiantes de preescolares p\u00fablicos de la entidad, tocando el turno al municipio de Comala.<\/p>\n<p>En esta jornada, celebrada en la unidad deportiva \u2018Mar\u00eda Villa Montero\u2019 de la cabecera municipal comalteca, 93 alumnas y alumnos de catorce planteles de nivel preescolar, junto sus mam\u00e1s, pap\u00e1s o personas tutoras, recibieron sus medios de pago, y se les inform\u00f3 que los 800 pesos correspondientes a dos bimestres, se les depositar\u00e1n tres d\u00edas h\u00e1biles despu\u00e9s de la entrega.<\/p>\n<p>La titular de Sebiinsom, Viridiana Valencia Vargas, y la subsecretaria de las Juventudes, Karen Edith Garc\u00eda Torres, destacaron que esta beca y las dem\u00e1s vertientes de #ColiBecas que impulsa la administraci\u00f3n estatal, buscan apoyar la econom\u00eda de las familias colimenses y que las y los estudiantes no abandonen la escuela, esfuerzos que han permitido erradicar la deserci\u00f3n escolar en primarias.<\/p>\n<p>\u201cReiterarles el compromiso que nuestra gobernadora Indira Vizca\u00edno tiene hacia la educaci\u00f3n, que es una de las banderas por las que, apuesta tambi\u00e9n la Presidenta de M\u00e9xico, Claudia Sheinbaum Pardo: la educaci\u00f3n es la base de la transformaci\u00f3n; y ya no queda en discurso, lo palpamos por medio de esta tarjeta, que parece algo sencillo, pero que de verdad implica un trabajo y un esfuerzo gigantesco\u201d, agreg\u00f3 la titular de la Subsejuv.<\/p>\n<p>En esta entrega tambi\u00e9n estuvieron tambi\u00e9n el secretario de Educaci\u00f3n y Cultura, Adolfo N\u00fa\u00f1ez Gonz\u00e1lez, y la presidenta municipal de Comala, Daniela Orozco Pineda.<\/p>\n","protected":false},"excerpt":{"rendered":"<p>El Gobierno del Estado de Colima que encabeza la mandataria Indira Vizca\u00edno Silva, a trav\u00e9s de las secretar\u00edas de Bienestar, Inclusi\u00f3n Social y Mujeres (Sebiinsom) y de Educaci\u00f3n y Cultura, continu\u00f3 este mi\u00e9rcoles la entrega de tarjetas bancarias del programa Mi ColiBeca para Empezar a estudiantes de preescolares p\u00fablicos de la entidad, tocando el turno [&hellip;]<\/p>\n","protected":false},"author":1,"featured_media":21707,"comment_status":"open","ping_status":"open","sticky":false,"template":"","format":"standard","meta":{"_jetpack_memberships_contains_paid_content":false,"footnotes":""},"categories":[24],"tags":[369],"class_list":["post-21705","post","type-post","status-publish","format-standard","has-post-thumbnail","hentry","category-estado","tag-viri-valencia"],"yoast_head":"<!-- This site is optimized with the Yoast SEO plugin v26.6 - https:\/\/yoast.com\/wordpress\/plugins\/seo\/ -->\n<title>Estudiantes de Comala reciben tarjetas de Mi ColiBeca para Empezar que otorga el gobierno de Indira Vizca\u00edno - M\u00e1s Que Noticias<\/title>\n<meta name=\"robots\" content=\"index, follow, max-snippet:-1, max-image-preview:large, max-video-preview:-1\" \/>\n<link rel=\"canonical\" href=\"https:\/\/masquenoticias.mx\/index.php\/2026\/03\/11\/estudiantes-de-comala-reciben-tarjetas-de-mi-colibeca-para-empezar-que-otorga-el-gobierno-de-indira-vizcaino\/\" \/>\n<meta property=\"og:locale\" content=\"es_MX\" \/>\n<meta property=\"og:type\" content=\"article\" \/>\n<meta property=\"og:title\" content=\"Estudiantes de Comala reciben tarjetas de Mi ColiBeca para Empezar que otorga el gobierno de Indira Vizca\u00edno - M\u00e1s Que Noticias\" \/>\n<meta property=\"og:description\" content=\"El Gobierno del Estado de Colima que encabeza la mandataria Indira Vizca\u00edno Silva, a trav\u00e9s de las secretar\u00edas de Bienestar, Inclusi\u00f3n Social y Mujeres (Sebiinsom) y de Educaci\u00f3n y Cultura, continu\u00f3 este mi\u00e9rcoles la entrega de tarjetas bancarias del programa Mi ColiBeca para Empezar a estudiantes de preescolares p\u00fablicos de la entidad, tocando el turno [&hellip;]\" \/>\n<meta property=\"og:url\" content=\"https:\/\/masquenoticias.mx\/index.php\/2026\/03\/11\/estudiantes-de-comala-reciben-tarjetas-de-mi-colibeca-para-empezar-que-otorga-el-gobierno-de-indira-vizcaino\/\" \/>\n<meta property=\"og:site_name\" content=\"M\u00e1s Que Noticias\" \/>\n<meta property=\"article:publisher\" content=\"https:\/\/www.facebook.com\/masquenoticiascolima\" \/>\n<meta property=\"article:published_time\" content=\"2026-03-12T04:32:04+00:00\" \/>\n<meta property=\"og:image\" content=\"https:\/\/masquenoticias.mx\/wp-content\/uploads\/2026\/03\/WhatsApp-Image-2026-03-11-at-1.51.08-PM.jpeg\" \/>\n\t<meta property=\"og:image:width\" content=\"1600\" \/>\n\t<meta property=\"og:image:height\" content=\"1066\" \/>\n\t<meta property=\"og:image:type\" content=\"image\/jpeg\" \/>\n<meta name=\"author\" content=\"Redacci\u00f3n\" \/>\n<meta name=\"twitter:card\" content=\"summary_large_image\" \/>\n<meta name=\"twitter:creator\" content=\"@edgartove\" \/>\n<meta name=\"twitter:site\" content=\"@edgartove\" \/>\n<meta name=\"twitter:label1\" content=\"Escrito por\" \/>\n\t<meta name=\"twitter:data1\" content=\"Redacci\u00f3n\" \/>\n\t<meta name=\"twitter:label2\" content=\"Tiempo de lectura\" \/>\n\t<meta name=\"twitter:data2\" content=\"2 minutos\" \/>\n<script type=\"application\/ld+json\" class=\"yoast-schema-graph\">{\"@context\":\"https:\/\/schema.org\",\"@graph\":[{\"@type\":\"Article\",\"@id\":\"https:\/\/masquenoticias.mx\/index.php\/2026\/03\/11\/estudiantes-de-comala-reciben-tarjetas-de-mi-colibeca-para-empezar-que-otorga-el-gobierno-de-indira-vizcaino\/#article\",\"isPartOf\":{\"@id\":\"https:\/\/masquenoticias.mx\/index.php\/2026\/03\/11\/estudiantes-de-comala-reciben-tarjetas-de-mi-colibeca-para-empezar-que-otorga-el-gobierno-de-indira-vizcaino\/\"},\"author\":{\"name\":\"Redacci\u00f3n\",\"@id\":\"https:\/\/masquenoticias.mx\/#\/schema\/person\/544d19989ef23d34615f691f7a96e622\"},\"headline\":\"Estudiantes de Comala reciben tarjetas de Mi ColiBeca para Empezar que otorga el gobierno de Indira Vizca\u00edno\",\"datePublished\":\"2026-03-12T04:32:04+00:00\",\"mainEntityOfPage\":{\"@id\":\"https:\/\/masquenoticias.mx\/index.php\/2026\/03\/11\/estudiantes-de-comala-reciben-tarjetas-de-mi-colibeca-para-empezar-que-otorga-el-gobierno-de-indira-vizcaino\/\"},\"wordCount\":321,\"commentCount\":0,\"publisher\":{\"@id\":\"https:\/\/masquenoticias.mx\/#organization\"},\"image\":{\"@id\":\"https:\/\/masquenoticias.mx\/index.php\/2026\/03\/11\/estudiantes-de-comala-reciben-tarjetas-de-mi-colibeca-para-empezar-que-otorga-el-gobierno-de-indira-vizcaino\/#primaryimage\"},\"thumbnailUrl\":\"https:\/\/i0.wp.com\/masquenoticias.mx\/wp-content\/uploads\/2026\/03\/WhatsApp-Image-2026-03-11-at-1.51.08-PM.jpeg?fit=1600%2C1066&ssl=1\",\"keywords\":[\"Viri Valencia\"],\"articleSection\":[\"Estado\"],\"inLanguage\":\"es\",\"potentialAction\":[{\"@type\":\"CommentAction\",\"name\":\"Comment\",\"target\":[\"https:\/\/masquenoticias.mx\/index.php\/2026\/03\/11\/estudiantes-de-comala-reciben-tarjetas-de-mi-colibeca-para-empezar-que-otorga-el-gobierno-de-indira-vizcaino\/#respond\"]}]},{\"@type\":\"WebPage\",\"@id\":\"https:\/\/masquenoticias.mx\/index.php\/2026\/03\/11\/estudiantes-de-comala-reciben-tarjetas-de-mi-colibeca-para-empezar-que-otorga-el-gobierno-de-indira-vizcaino\/\",\"url\":\"https:\/\/masquenoticias.mx\/index.php\/2026\/03\/11\/estudiantes-de-comala-reciben-tarjetas-de-mi-colibeca-para-empezar-que-otorga-el-gobierno-de-indira-vizcaino\/\",\"name\":\"Estudiantes de Comala reciben tarjetas de Mi ColiBeca para Empezar que otorga el gobierno de Indira Vizca\u00edno - M\u00e1s Que Noticias\",\"isPartOf\":{\"@id\":\"https:\/\/masquenoticias.mx\/#website\"},\"primaryImageOfPage\":{\"@id\":\"https:\/\/masquenoticias.mx\/index.php\/2026\/03\/11\/estudiantes-de-comala-reciben-tarjetas-de-mi-colibeca-para-empezar-que-otorga-el-gobierno-de-indira-vizcaino\/#primaryimage\"},\"image\":{\"@id\":\"https:\/\/masquenoticias.mx\/index.php\/2026\/03\/11\/estudiantes-de-comala-reciben-tarjetas-de-mi-colibeca-para-empezar-que-otorga-el-gobierno-de-indira-vizcaino\/#primaryimage\"},\"thumbnailUrl\":\"https:\/\/i0.wp.com\/masquenoticias.mx\/wp-content\/uploads\/2026\/03\/WhatsApp-Image-2026-03-11-at-1.51.08-PM.jpeg?fit=1600%2C1066&ssl=1\",\"datePublished\":\"2026-03-12T04:32:04+00:00\",\"breadcrumb\":{\"@id\":\"https:\/\/masquenoticias.mx\/index.php\/2026\/03\/11\/estudiantes-de-comala-reciben-tarjetas-de-mi-colibeca-para-empezar-que-otorga-el-gobierno-de-indira-vizcaino\/#breadcrumb\"},\"inLanguage\":\"es\",\"potentialAction\":[{\"@type\":\"ReadAction\",\"target\":[\"https:\/\/masquenoticias.mx\/index.php\/2026\/03\/11\/estudiantes-de-comala-reciben-tarjetas-de-mi-colibeca-para-empezar-que-otorga-el-gobierno-de-indira-vizcaino\/\"]}]},{\"@type\":\"ImageObject\",\"inLanguage\":\"es\",\"@id\":\"https:\/\/masquenoticias.mx\/index.php\/2026\/03\/11\/estudiantes-de-comala-reciben-tarjetas-de-mi-colibeca-para-empezar-que-otorga-el-gobierno-de-indira-vizcaino\/#primaryimage\",\"url\":\"https:\/\/i0.wp.com\/masquenoticias.mx\/wp-content\/uploads\/2026\/03\/WhatsApp-Image-2026-03-11-at-1.51.08-PM.jpeg?fit=1600%2C1066&ssl=1\",\"contentUrl\":\"https:\/\/i0.wp.com\/masquenoticias.mx\/wp-content\/uploads\/2026\/03\/WhatsApp-Image-2026-03-11-at-1.51.08-PM.jpeg?fit=1600%2C1066&ssl=1\",\"width\":1600,\"height\":1066},{\"@type\":\"BreadcrumbList\",\"@id\":\"https:\/\/masquenoticias.mx\/index.php\/2026\/03\/11\/estudiantes-de-comala-reciben-tarjetas-de-mi-colibeca-para-empezar-que-otorga-el-gobierno-de-indira-vizcaino\/#breadcrumb\",\"itemListElement\":[{\"@type\":\"ListItem\",\"position\":1,\"name\":\"Inicio\",\"item\":\"https:\/\/masquenoticias.mx\/\"},{\"@type\":\"ListItem\",\"position\":2,\"name\":\"Estudiantes de Comala reciben tarjetas de Mi ColiBeca para Empezar que otorga el gobierno de Indira Vizca\u00edno\"}]},{\"@type\":\"WebSite\",\"@id\":\"https:\/\/masquenoticias.mx\/#website\",\"url\":\"https:\/\/masquenoticias.mx\/\",\"name\":\"M\u00e1s Que Noticias\",\"description\":\"Noticias de Colima, M\u00e9xico y el Mundo\",\"publisher\":{\"@id\":\"https:\/\/masquenoticias.mx\/#organization\"},\"potentialAction\":[{\"@type\":\"SearchAction\",\"target\":{\"@type\":\"EntryPoint\",\"urlTemplate\":\"https:\/\/masquenoticias.mx\/?s={search_term_string}\"},\"query-input\":{\"@type\":\"PropertyValueSpecification\",\"valueRequired\":true,\"valueName\":\"search_term_string\"}}],\"inLanguage\":\"es\"},{\"@type\":\"Organization\",\"@id\":\"https:\/\/masquenoticias.mx\/#organization\",\"name\":\"M\u00e1s Que Noticias\",\"url\":\"https:\/\/masquenoticias.mx\/\",\"logo\":{\"@type\":\"ImageObject\",\"inLanguage\":\"es\",\"@id\":\"https:\/\/masquenoticias.mx\/#\/schema\/logo\/image\/\",\"url\":\"https:\/\/i0.wp.com\/masquenoticias.mx\/wp-content\/uploads\/2024\/04\/IMG_0004.png?fit=2560%2C1656&ssl=1\",\"contentUrl\":\"https:\/\/i0.wp.com\/masquenoticias.mx\/wp-content\/uploads\/2024\/04\/IMG_0004.png?fit=2560%2C1656&ssl=1\",\"width\":2560,\"height\":1656,\"caption\":\"M\u00e1s Que Noticias\"},\"image\":{\"@id\":\"https:\/\/masquenoticias.mx\/#\/schema\/logo\/image\/\"},\"sameAs\":[\"https:\/\/www.facebook.com\/masquenoticiascolima\",\"https:\/\/x.com\/edgartove\",\"https:\/\/www.instagram.com\/masquenoticiascolima\/\"]},{\"@type\":\"Person\",\"@id\":\"https:\/\/masquenoticias.mx\/#\/schema\/person\/544d19989ef23d34615f691f7a96e622\",\"name\":\"Redacci\u00f3n\",\"image\":{\"@type\":\"ImageObject\",\"inLanguage\":\"es\",\"@id\":\"https:\/\/masquenoticias.mx\/#\/schema\/person\/image\/\",\"url\":\"https:\/\/secure.gravatar.com\/avatar\/7fcc926d5b058d3f3d52d95b4d05dd58?s=96&d=mm&r=g\",\"contentUrl\":\"https:\/\/secure.gravatar.com\/avatar\/7fcc926d5b058d3f3d52d95b4d05dd58?s=96&d=mm&r=g\",\"caption\":\"Redacci\u00f3n\"},\"sameAs\":[\"http:\/\/masquenoticias.mx\"],\"url\":\"https:\/\/masquenoticias.mx\/index.php\/author\/edgartovegmail-com\/\"}]}<\/script>\n<!-- \/ Yoast SEO plugin. -->","yoast_head_json":{"title":"Estudiantes de Comala reciben tarjetas de Mi ColiBeca para Empezar que otorga el gobierno de Indira Vizca\u00edno - M\u00e1s Que Noticias","robots":{"index":"index","follow":"follow","max-snippet":"max-snippet:-1","max-image-preview":"max-image-preview:large","max-video-preview":"max-video-preview:-1"},"canonical":"https:\/\/masquenoticias.mx\/index.php\/2026\/03\/11\/estudiantes-de-comala-reciben-tarjetas-de-mi-colibeca-para-empezar-que-otorga-el-gobierno-de-indira-vizcaino\/","og_locale":"es_MX","og_type":"article","og_title":"Estudiantes de Comala reciben tarjetas de Mi ColiBeca para Empezar que otorga el gobierno de Indira Vizca\u00edno - M\u00e1s Que Noticias","og_description":"El Gobierno del Estado de Colima que encabeza la mandataria Indira Vizca\u00edno Silva, a trav\u00e9s de las secretar\u00edas de Bienestar, Inclusi\u00f3n Social y Mujeres (Sebiinsom) y de Educaci\u00f3n y Cultura, continu\u00f3 este mi\u00e9rcoles la entrega de tarjetas bancarias del programa Mi ColiBeca para Empezar a estudiantes de preescolares p\u00fablicos de la entidad, tocando el turno [&hellip;]","og_url":"https:\/\/masquenoticias.mx\/index.php\/2026\/03\/11\/estudiantes-de-comala-reciben-tarjetas-de-mi-colibeca-para-empezar-que-otorga-el-gobierno-de-indira-vizcaino\/","og_site_name":"M\u00e1s Que Noticias","article_publisher":"https:\/\/www.facebook.com\/masquenoticiascolima","article_published_time":"2026-03-12T04:32:04+00:00","og_image":[{"width":1600,"height":1066,"url":"https:\/\/masquenoticias.mx\/wp-content\/uploads\/2026\/03\/WhatsApp-Image-2026-03-11-at-1.51.08-PM.jpeg","type":"image\/jpeg"}],"author":"Redacci\u00f3n","twitter_card":"summary_large_image","twitter_creator":"@edgartove","twitter_site":"@edgartove","twitter_misc":{"Escrito por":"Redacci\u00f3n","Tiempo de lectura":"2 minutos"},"schema":{"@context":"https:\/\/schema.org","@graph":[{"@type":"Article","@id":"https:\/\/masquenoticias.mx\/index.php\/2026\/03\/11\/estudiantes-de-comala-reciben-tarjetas-de-mi-colibeca-para-empezar-que-otorga-el-gobierno-de-indira-vizcaino\/#article","isPartOf":{"@id":"https:\/\/masquenoticias.mx\/index.php\/2026\/03\/11\/estudiantes-de-comala-reciben-tarjetas-de-mi-colibeca-para-empezar-que-otorga-el-gobierno-de-indira-vizcaino\/"},"author":{"name":"Redacci\u00f3n","@id":"https:\/\/masquenoticias.mx\/#\/schema\/person\/544d19989ef23d34615f691f7a96e622"},"headline":"Estudiantes de Comala reciben tarjetas de Mi ColiBeca para Empezar que otorga el gobierno de Indira Vizca\u00edno","datePublished":"2026-03-12T04:32:04+00:00","mainEntityOfPage":{"@id":"https:\/\/masquenoticias.mx\/index.php\/2026\/03\/11\/estudiantes-de-comala-reciben-tarjetas-de-mi-colibeca-para-empezar-que-otorga-el-gobierno-de-indira-vizcaino\/"},"wordCount":321,"commentCount":0,"publisher":{"@id":"https:\/\/masquenoticias.mx\/#organization"},"image":{"@id":"https:\/\/masquenoticias.mx\/index.php\/2026\/03\/11\/estudiantes-de-comala-reciben-tarjetas-de-mi-colibeca-para-empezar-que-otorga-el-gobierno-de-indira-vizcaino\/#primaryimage"},"thumbnailUrl":"https:\/\/i0.wp.com\/masquenoticias.mx\/wp-content\/uploads\/2026\/03\/WhatsApp-Image-2026-03-11-at-1.51.08-PM.jpeg?fit=1600%2C1066&ssl=1","keywords":["Viri Valencia"],"articleSection":["Estado"],"inLanguage":"es","potentialAction":[{"@type":"CommentAction","name":"Comment","target":["https:\/\/masquenoticias.mx\/index.php\/2026\/03\/11\/estudiantes-de-comala-reciben-tarjetas-de-mi-colibeca-para-empezar-que-otorga-el-gobierno-de-indira-vizcaino\/#respond"]}]},{"@type":"WebPage","@id":"https:\/\/masquenoticias.mx\/index.php\/2026\/03\/11\/estudiantes-de-comala-reciben-tarjetas-de-mi-colibeca-para-empezar-que-otorga-el-gobierno-de-indira-vizcaino\/","url":"https:\/\/masquenoticias.mx\/index.php\/2026\/03\/11\/estudiantes-de-comala-reciben-tarjetas-de-mi-colibeca-para-empezar-que-otorga-el-gobierno-de-indira-vizcaino\/","name":"Estudiantes de Comala reciben tarjetas de Mi ColiBeca para Empezar que otorga el gobierno de Indira Vizca\u00edno - M\u00e1s Que Noticias","isPartOf":{"@id":"https:\/\/masquenoticias.mx\/#website"},"primaryImageOfPage":{"@id":"https:\/\/masquenoticias.mx\/index.php\/2026\/03\/11\/estudiantes-de-comala-reciben-tarjetas-de-mi-colibeca-para-empezar-que-otorga-el-gobierno-de-indira-vizcaino\/#primaryimage"},"image":{"@id":"https:\/\/masquenoticias.mx\/index.php\/2026\/03\/11\/estudiantes-de-comala-reciben-tarjetas-de-mi-colibeca-para-empezar-que-otorga-el-gobierno-de-indira-vizcaino\/#primaryimage"},"thumbnailUrl":"https:\/\/i0.wp.com\/masquenoticias.mx\/wp-content\/uploads\/2026\/03\/WhatsApp-Image-2026-03-11-at-1.51.08-PM.jpeg?fit=1600%2C1066&ssl=1","datePublished":"2026-03-12T04:32:04+00:00","breadcrumb":{"@id":"https:\/\/masquenoticias.mx\/index.php\/2026\/03\/11\/estudiantes-de-comala-reciben-tarjetas-de-mi-colibeca-para-empezar-que-otorga-el-gobierno-de-indira-vizcaino\/#breadcrumb"},"inLanguage":"es","potentialAction":[{"@type":"ReadAction","target":["https:\/\/masquenoticias.mx\/index.php\/2026\/03\/11\/estudiantes-de-comala-reciben-tarjetas-de-mi-colibeca-para-empezar-que-otorga-el-gobierno-de-indira-vizcaino\/"]}]},{"@type":"ImageObject","inLanguage":"es","@id":"https:\/\/masquenoticias.mx\/index.php\/2026\/03\/11\/estudiantes-de-comala-reciben-tarjetas-de-mi-colibeca-para-empezar-que-otorga-el-gobierno-de-indira-vizcaino\/#primaryimage","url":"https:\/\/i0.wp.com\/masquenoticias.mx\/wp-content\/uploads\/2026\/03\/WhatsApp-Image-2026-03-11-at-1.51.08-PM.jpeg?fit=1600%2C1066&ssl=1","contentUrl":"https:\/\/i0.wp.com\/masquenoticias.mx\/wp-content\/uploads\/2026\/03\/WhatsApp-Image-2026-03-11-at-1.51.08-PM.jpeg?fit=1600%2C1066&ssl=1","width":1600,"height":1066},{"@type":"BreadcrumbList","@id":"https:\/\/masquenoticias.mx\/index.php\/2026\/03\/11\/estudiantes-de-comala-reciben-tarjetas-de-mi-colibeca-para-empezar-que-otorga-el-gobierno-de-indira-vizcaino\/#breadcrumb","itemListElement":[{"@type":"ListItem","position":1,"name":"Inicio","item":"https:\/\/masquenoticias.mx\/"},{"@type":"ListItem","position":2,"name":"Estudiantes de Comala reciben tarjetas de Mi ColiBeca para Empezar que otorga el gobierno de Indira Vizca\u00edno"}]},{"@type":"WebSite","@id":"https:\/\/masquenoticias.mx\/#website","url":"https:\/\/masquenoticias.mx\/","name":"M\u00e1s Que Noticias","description":"Noticias de Colima, M\u00e9xico y el Mundo","publisher":{"@id":"https:\/\/masquenoticias.mx\/#organization"},"potentialAction":[{"@type":"SearchAction","target":{"@type":"EntryPoint","urlTemplate":"https:\/\/masquenoticias.mx\/?s={search_term_string}"},"query-input":{"@type":"PropertyValueSpecification","valueRequired":true,"valueName":"search_term_string"}}],"inLanguage":"es"},{"@type":"Organization","@id":"https:\/\/masquenoticias.mx\/#organization","name":"M\u00e1s Que Noticias","url":"https:\/\/masquenoticias.mx\/","logo":{"@type":"ImageObject","inLanguage":"es","@id":"https:\/\/masquenoticias.mx\/#\/schema\/logo\/image\/","url":"https:\/\/i0.wp.com\/masquenoticias.mx\/wp-content\/uploads\/2024\/04\/IMG_0004.png?fit=2560%2C1656&ssl=1","contentUrl":"https:\/\/i0.wp.com\/masquenoticias.mx\/wp-content\/uploads\/2024\/04\/IMG_0004.png?fit=2560%2C1656&ssl=1","width":2560,"height":1656,"caption":"M\u00e1s Que Noticias"},"image":{"@id":"https:\/\/masquenoticias.mx\/#\/schema\/logo\/image\/"},"sameAs":["https:\/\/www.facebook.com\/masquenoticiascolima","https:\/\/x.com\/edgartove","https:\/\/www.instagram.com\/masquenoticiascolima\/"]},{"@type":"Person","@id":"https:\/\/masquenoticias.mx\/#\/schema\/person\/544d19989ef23d34615f691f7a96e622","name":"Redacci\u00f3n","image":{"@type":"ImageObject","inLanguage":"es","@id":"https:\/\/masquenoticias.mx\/#\/schema\/person\/image\/","url":"https:\/\/secure.gravatar.com\/avatar\/7fcc926d5b058d3f3d52d95b4d05dd58?s=96&d=mm&r=g","contentUrl":"https:\/\/secure.gravatar.com\/avatar\/7fcc926d5b058d3f3d52d95b4d05dd58?s=96&d=mm&r=g","caption":"Redacci\u00f3n"},"sameAs":["http:\/\/masquenoticias.mx"],"url":"https:\/\/masquenoticias.mx\/index.php\/author\/edgartovegmail-com\/"}]}},"jetpack_featured_media_url":"https:\/\/i0.wp.com\/masquenoticias.mx\/wp-content\/uploads\/2026\/03\/WhatsApp-Image-2026-03-11-at-1.51.08-PM.jpeg?fit=1600%2C1066&ssl=1","blog_post_layout_featured_media_urls":{"thumbnail":["https:\/\/i0.wp.com\/masquenoticias.mx\/wp-content\/uploads\/2026\/03\/WhatsApp-Image-2026-03-11-at-1.51.08-PM.jpeg?resize=150%2C150&ssl=1",150,150,true],"full":["https:\/\/i0.wp.com\/masquenoticias.mx\/wp-content\/uploads\/2026\/03\/WhatsApp-Image-2026-03-11-at-1.51.08-PM.jpeg?fit=1600%2C1066&ssl=1",1600,1066,false]},"categories_names":{"24":{"name":"Estado","link":"https:\/\/masquenoticias.mx\/index.php\/category\/estado\/"}},"tags_names":{"369":{"name":"Viri Valencia","link":"https:\/\/masquenoticias.mx\/index.php\/tag\/viri-valencia\/"}},"comments_number":"0","wpmagazine_modules_lite_featured_media_urls":{"thumbnail":["https:\/\/i0.wp.com\/masquenoticias.mx\/wp-content\/uploads\/2026\/03\/WhatsApp-Image-2026-03-11-at-1.51.08-PM.jpeg?resize=150%2C150&ssl=1",150,150,true],"cvmm-medium":["https:\/\/i0.wp.com\/masquenoticias.mx\/wp-content\/uploads\/2026\/03\/WhatsApp-Image-2026-03-11-at-1.51.08-PM.jpeg?resize=300%2C300&ssl=1",300,300,true],"cvmm-medium-plus":["https:\/\/i0.wp.com\/masquenoticias.mx\/wp-content\/uploads\/2026\/03\/WhatsApp-Image-2026-03-11-at-1.51.08-PM.jpeg?resize=305%2C207&ssl=1",305,207,true],"cvmm-portrait":["https:\/\/i0.wp.com\/masquenoticias.mx\/wp-content\/uploads\/2026\/03\/WhatsApp-Image-2026-03-11-at-1.51.08-PM.jpeg?resize=400%2C600&ssl=1",400,600,true],"cvmm-medium-square":["https:\/\/i0.wp.com\/masquenoticias.mx\/wp-content\/uploads\/2026\/03\/WhatsApp-Image-2026-03-11-at-1.51.08-PM.jpeg?resize=600%2C600&ssl=1",600,600,true],"cvmm-large":["https:\/\/i0.wp.com\/masquenoticias.mx\/wp-content\/uploads\/2026\/03\/WhatsApp-Image-2026-03-11-at-1.51.08-PM.jpeg?resize=1024%2C1024&ssl=1",1024,1024,true],"cvmm-small":["https:\/\/i0.wp.com\/masquenoticias.mx\/wp-content\/uploads\/2026\/03\/WhatsApp-Image-2026-03-11-at-1.51.08-PM.jpeg?resize=130%2C95&ssl=1",130,95,true],"full":["https:\/\/i0.wp.com\/masquenoticias.mx\/wp-content\/uploads\/2026\/03\/WhatsApp-Image-2026-03-11-at-1.51.08-PM.jpeg?fit=1600%2C1066&ssl=1",1600,1066,false]},"jetpack-related-posts":[],"jetpack_sharing_enabled":true,"jetpack_likes_enabled":true,"jetpack_shortlink":"https:\/\/wp.me\/pf7pkt-5E5","_links":{"self":[{"href":"https:\/\/masquenoticias.mx\/index.php\/wp-json\/wp\/v2\/posts\/21705","targetHints":{"allow":["GET"]}}],"collection":[{"href":"https:\/\/masquenoticias.mx\/index.php\/wp-json\/wp\/v2\/posts"}],"about":[{"href":"https:\/\/masquenoticias.mx\/index.php\/wp-json\/wp\/v2\/types\/post"}],"author":[{"embeddable":true,"href":"https:\/\/masquenoticias.mx\/index.php\/wp-json\/wp\/v2\/users\/1"}],"replies":[{"embeddable":true,"href":"https:\/\/masquenoticias.mx\/index.php\/wp-json\/wp\/v2\/comments?post=21705"}],"version-history":[{"count":1,"href":"https:\/\/masquenoticias.mx\/index.php\/wp-json\/wp\/v2\/posts\/21705\/revisions"}],"predecessor-version":[{"id":21709,"href":"https:\/\/masquenoticias.mx\/index.php\/wp-json\/wp\/v2\/posts\/21705\/revisions\/21709"}],"wp:featuredmedia":[{"embeddable":true,"href":"https:\/\/masquenoticias.mx\/index.php\/wp-json\/wp\/v2\/media\/21707"}],"wp:attachment":[{"href":"https:\/\/masquenoticias.mx\/index.php\/wp-json\/wp\/v2\/media?parent=21705"}],"wp:term":[{"taxonomy":"category","embeddable":true,"href":"https:\/\/masquenoticias.mx\/index.php\/wp-json\/wp\/v2\/categories?post=21705"},{"taxonomy":"post_tag","embeddable":true,"href":"https:\/\/masquenoticias.mx\/index.php\/wp-json\/wp\/v2\/tags?post=21705"}],"curies":[{"name":"wp","href":"https:\/\/api.w.org\/{rel}","templated":true}]}}