{"id":21702,"date":"2026-03-11T22:28:50","date_gmt":"2026-03-12T04:28:50","guid":{"rendered":"https:\/\/masquenoticias.mx\/?p=21702"},"modified":"2026-03-11T22:28:50","modified_gmt":"2026-03-12T04:28:50","slug":"este-jueves-inicia-en-colima-el-regional-de-voli-de-playa-de-olimpiada-nacional-2026","status":"publish","type":"post","link":"https:\/\/masquenoticias.mx\/index.php\/2026\/03\/11\/este-jueves-inicia-en-colima-el-regional-de-voli-de-playa-de-olimpiada-nacional-2026\/","title":{"rendered":"Este jueves inicia en Colima el regional de voli de playa de Olimpiada Nacional 2026"},"content":{"rendered":"<p>El Gobierno del Estado de Colima que encabeza Indira Vizca\u00edno Silva es sede del regional de voleibol de playa de la Olimpiada Nacional Conade 2026, que realizar\u00e1 el Instituto Colimense del Deporte del 12 al 15 de marzo, con participaci\u00f3n de representantes de Aguascalientes, Jalisco, Guanajuato, Michoac\u00e1n, Nayarit y el anfitri\u00f3n Colima, buscando en casa el boleto que le d\u00e9 la clasificaci\u00f3n al evento nacional, inform\u00f3 el director del Incode, Alejandro Rodr\u00edguez Alvarado.<\/p>\n<p>Las duplas colimenses son integradas por Karol S\u00e1nchez Vaca y Alexa Garc\u00eda Castillo, as\u00ed como Alberto Mart\u00ednez Guti\u00e9rrez y Dioney Trejo S\u00e1nchez, en Juvenil Menor 16-17 a\u00f1os; Naomi Cruz Toledo y Ang\u00e9lica Torres Galv\u00e1n, adem\u00e1s de Gerardo Enciso Guti\u00e9rrez y Emiliano Garc\u00eda en Juvenil Mayor 18-19 a\u00f1os; Ver\u00f3nica Padilla y Galilea Ochoa, al igual que Julio C\u00e9sar Serrano D\u00edaz y C\u00e9sar Heredia Jara en la Juvenil Superior 20-21 a\u00f1os. Los entrenadores son: Alfredo Ochoa, Luis \u00c1rcega Ochoa, Gabriel Larios, Hugo M\u00e1rquez y Eduardo Barajas.<\/p>\n<p>El Incode est\u00e1 listo para recibir m\u00e1s de 500 personas de las seis delegaciones, entre deportistas, entrenadores y cuerpo t\u00e9cnico, as\u00ed como familiares que visitar\u00e1n las canchas de la unidad deportiva \u2018Jos\u00e9 Mar\u00eda Morelos y Pav\u00f3n\u2019, escenario principal de las seis duplas locales, as\u00ed como las instalaciones de la Universidad de Colima con partidos que iniciar\u00e1n desde las 8 de la ma\u00f1ana y culminar\u00e1n alrededor de las 6:00 de la tarde, durante tres d\u00edas.<\/p>\n<p>El regional clasificatorio inicia este jueves 12 de marzo con el arribo de equipos y la recepci\u00f3n de documentos en el centro operativo instalado en la sala de juntas del Incode a partir de las 12 horas, mientras que a las 6:00 de la tarde ser\u00e1 la junta t\u00e9cnica donde se definir\u00e1 la programaci\u00f3n de juegos y la log\u00edstica por parte del Incode.<\/p>\n","protected":false},"excerpt":{"rendered":"<p>El Gobierno del Estado de Colima que encabeza Indira Vizca\u00edno Silva es sede del regional de voleibol de playa de la Olimpiada Nacional Conade 2026, que realizar\u00e1 el Instituto Colimense del Deporte del 12 al 15 de marzo, con participaci\u00f3n de representantes de Aguascalientes, Jalisco, Guanajuato, Michoac\u00e1n, Nayarit y el anfitri\u00f3n Colima, buscando en casa [&hellip;]<\/p>\n","protected":false},"author":1,"featured_media":21703,"comment_status":"open","ping_status":"open","sticky":false,"template":"","format":"standard","meta":{"_jetpack_memberships_contains_paid_content":false,"footnotes":""},"categories":[24],"tags":[83],"class_list":["post-21702","post","type-post","status-publish","format-standard","has-post-thumbnail","hentry","category-estado","tag-incode"],"yoast_head":"<!-- This site is optimized with the Yoast SEO plugin v26.6 - https:\/\/yoast.com\/wordpress\/plugins\/seo\/ -->\n<title>Este jueves inicia en Colima el regional de voli de playa de Olimpiada Nacional 2026 - M\u00e1s Que Noticias<\/title>\n<meta name=\"robots\" content=\"index, follow, max-snippet:-1, max-image-preview:large, max-video-preview:-1\" \/>\n<link rel=\"canonical\" href=\"https:\/\/masquenoticias.mx\/index.php\/2026\/03\/11\/este-jueves-inicia-en-colima-el-regional-de-voli-de-playa-de-olimpiada-nacional-2026\/\" \/>\n<meta property=\"og:locale\" content=\"es_MX\" \/>\n<meta property=\"og:type\" content=\"article\" \/>\n<meta property=\"og:title\" content=\"Este jueves inicia en Colima el regional de voli de playa de Olimpiada Nacional 2026 - M\u00e1s Que Noticias\" \/>\n<meta property=\"og:description\" content=\"El Gobierno del Estado de Colima que encabeza Indira Vizca\u00edno Silva es sede del regional de voleibol de playa de la Olimpiada Nacional Conade 2026, que realizar\u00e1 el Instituto Colimense del Deporte del 12 al 15 de marzo, con participaci\u00f3n de representantes de Aguascalientes, Jalisco, Guanajuato, Michoac\u00e1n, Nayarit y el anfitri\u00f3n Colima, buscando en casa [&hellip;]\" \/>\n<meta property=\"og:url\" content=\"https:\/\/masquenoticias.mx\/index.php\/2026\/03\/11\/este-jueves-inicia-en-colima-el-regional-de-voli-de-playa-de-olimpiada-nacional-2026\/\" \/>\n<meta property=\"og:site_name\" content=\"M\u00e1s Que Noticias\" \/>\n<meta property=\"article:publisher\" content=\"https:\/\/www.facebook.com\/masquenoticiascolima\" \/>\n<meta property=\"article:published_time\" content=\"2026-03-12T04:28:50+00:00\" \/>\n<meta property=\"og:image\" content=\"https:\/\/masquenoticias.mx\/wp-content\/uploads\/2026\/03\/WhatsApp-Image-2026-03-11-at-1.07.14-PM-1.jpeg\" \/>\n\t<meta property=\"og:image:width\" content=\"1338\" \/>\n\t<meta property=\"og:image:height\" content=\"892\" \/>\n\t<meta property=\"og:image:type\" content=\"image\/jpeg\" \/>\n<meta name=\"author\" content=\"Redacci\u00f3n\" \/>\n<meta name=\"twitter:card\" content=\"summary_large_image\" \/>\n<meta name=\"twitter:creator\" content=\"@edgartove\" \/>\n<meta name=\"twitter:site\" content=\"@edgartove\" \/>\n<meta name=\"twitter:label1\" content=\"Escrito por\" \/>\n\t<meta name=\"twitter:data1\" content=\"Redacci\u00f3n\" \/>\n\t<meta name=\"twitter:label2\" content=\"Tiempo de lectura\" \/>\n\t<meta name=\"twitter:data2\" content=\"2 minutos\" \/>\n<script type=\"application\/ld+json\" class=\"yoast-schema-graph\">{\"@context\":\"https:\/\/schema.org\",\"@graph\":[{\"@type\":\"Article\",\"@id\":\"https:\/\/masquenoticias.mx\/index.php\/2026\/03\/11\/este-jueves-inicia-en-colima-el-regional-de-voli-de-playa-de-olimpiada-nacional-2026\/#article\",\"isPartOf\":{\"@id\":\"https:\/\/masquenoticias.mx\/index.php\/2026\/03\/11\/este-jueves-inicia-en-colima-el-regional-de-voli-de-playa-de-olimpiada-nacional-2026\/\"},\"author\":{\"name\":\"Redacci\u00f3n\",\"@id\":\"https:\/\/masquenoticias.mx\/#\/schema\/person\/544d19989ef23d34615f691f7a96e622\"},\"headline\":\"Este jueves inicia en Colima el regional de voli de playa de Olimpiada Nacional 2026\",\"datePublished\":\"2026-03-12T04:28:50+00:00\",\"mainEntityOfPage\":{\"@id\":\"https:\/\/masquenoticias.mx\/index.php\/2026\/03\/11\/este-jueves-inicia-en-colima-el-regional-de-voli-de-playa-de-olimpiada-nacional-2026\/\"},\"wordCount\":336,\"commentCount\":0,\"publisher\":{\"@id\":\"https:\/\/masquenoticias.mx\/#organization\"},\"image\":{\"@id\":\"https:\/\/masquenoticias.mx\/index.php\/2026\/03\/11\/este-jueves-inicia-en-colima-el-regional-de-voli-de-playa-de-olimpiada-nacional-2026\/#primaryimage\"},\"thumbnailUrl\":\"https:\/\/i0.wp.com\/masquenoticias.mx\/wp-content\/uploads\/2026\/03\/WhatsApp-Image-2026-03-11-at-1.07.14-PM-1.jpeg?fit=1338%2C892&ssl=1\",\"keywords\":[\"Incode\"],\"articleSection\":[\"Estado\"],\"inLanguage\":\"es\",\"potentialAction\":[{\"@type\":\"CommentAction\",\"name\":\"Comment\",\"target\":[\"https:\/\/masquenoticias.mx\/index.php\/2026\/03\/11\/este-jueves-inicia-en-colima-el-regional-de-voli-de-playa-de-olimpiada-nacional-2026\/#respond\"]}]},{\"@type\":\"WebPage\",\"@id\":\"https:\/\/masquenoticias.mx\/index.php\/2026\/03\/11\/este-jueves-inicia-en-colima-el-regional-de-voli-de-playa-de-olimpiada-nacional-2026\/\",\"url\":\"https:\/\/masquenoticias.mx\/index.php\/2026\/03\/11\/este-jueves-inicia-en-colima-el-regional-de-voli-de-playa-de-olimpiada-nacional-2026\/\",\"name\":\"Este jueves inicia en Colima el regional de voli de playa de Olimpiada Nacional 2026 - M\u00e1s Que Noticias\",\"isPartOf\":{\"@id\":\"https:\/\/masquenoticias.mx\/#website\"},\"primaryImageOfPage\":{\"@id\":\"https:\/\/masquenoticias.mx\/index.php\/2026\/03\/11\/este-jueves-inicia-en-colima-el-regional-de-voli-de-playa-de-olimpiada-nacional-2026\/#primaryimage\"},\"image\":{\"@id\":\"https:\/\/masquenoticias.mx\/index.php\/2026\/03\/11\/este-jueves-inicia-en-colima-el-regional-de-voli-de-playa-de-olimpiada-nacional-2026\/#primaryimage\"},\"thumbnailUrl\":\"https:\/\/i0.wp.com\/masquenoticias.mx\/wp-content\/uploads\/2026\/03\/WhatsApp-Image-2026-03-11-at-1.07.14-PM-1.jpeg?fit=1338%2C892&ssl=1\",\"datePublished\":\"2026-03-12T04:28:50+00:00\",\"breadcrumb\":{\"@id\":\"https:\/\/masquenoticias.mx\/index.php\/2026\/03\/11\/este-jueves-inicia-en-colima-el-regional-de-voli-de-playa-de-olimpiada-nacional-2026\/#breadcrumb\"},\"inLanguage\":\"es\",\"potentialAction\":[{\"@type\":\"ReadAction\",\"target\":[\"https:\/\/masquenoticias.mx\/index.php\/2026\/03\/11\/este-jueves-inicia-en-colima-el-regional-de-voli-de-playa-de-olimpiada-nacional-2026\/\"]}]},{\"@type\":\"ImageObject\",\"inLanguage\":\"es\",\"@id\":\"https:\/\/masquenoticias.mx\/index.php\/2026\/03\/11\/este-jueves-inicia-en-colima-el-regional-de-voli-de-playa-de-olimpiada-nacional-2026\/#primaryimage\",\"url\":\"https:\/\/i0.wp.com\/masquenoticias.mx\/wp-content\/uploads\/2026\/03\/WhatsApp-Image-2026-03-11-at-1.07.14-PM-1.jpeg?fit=1338%2C892&ssl=1\",\"contentUrl\":\"https:\/\/i0.wp.com\/masquenoticias.mx\/wp-content\/uploads\/2026\/03\/WhatsApp-Image-2026-03-11-at-1.07.14-PM-1.jpeg?fit=1338%2C892&ssl=1\",\"width\":1338,\"height\":892},{\"@type\":\"BreadcrumbList\",\"@id\":\"https:\/\/masquenoticias.mx\/index.php\/2026\/03\/11\/este-jueves-inicia-en-colima-el-regional-de-voli-de-playa-de-olimpiada-nacional-2026\/#breadcrumb\",\"itemListElement\":[{\"@type\":\"ListItem\",\"position\":1,\"name\":\"Inicio\",\"item\":\"https:\/\/masquenoticias.mx\/\"},{\"@type\":\"ListItem\",\"position\":2,\"name\":\"Este jueves inicia en Colima el regional de voli de playa de Olimpiada Nacional 2026\"}]},{\"@type\":\"WebSite\",\"@id\":\"https:\/\/masquenoticias.mx\/#website\",\"url\":\"https:\/\/masquenoticias.mx\/\",\"name\":\"M\u00e1s Que Noticias\",\"description\":\"Noticias de Colima, M\u00e9xico y el Mundo\",\"publisher\":{\"@id\":\"https:\/\/masquenoticias.mx\/#organization\"},\"potentialAction\":[{\"@type\":\"SearchAction\",\"target\":{\"@type\":\"EntryPoint\",\"urlTemplate\":\"https:\/\/masquenoticias.mx\/?s={search_term_string}\"},\"query-input\":{\"@type\":\"PropertyValueSpecification\",\"valueRequired\":true,\"valueName\":\"search_term_string\"}}],\"inLanguage\":\"es\"},{\"@type\":\"Organization\",\"@id\":\"https:\/\/masquenoticias.mx\/#organization\",\"name\":\"M\u00e1s Que Noticias\",\"url\":\"https:\/\/masquenoticias.mx\/\",\"logo\":{\"@type\":\"ImageObject\",\"inLanguage\":\"es\",\"@id\":\"https:\/\/masquenoticias.mx\/#\/schema\/logo\/image\/\",\"url\":\"https:\/\/i0.wp.com\/masquenoticias.mx\/wp-content\/uploads\/2024\/04\/IMG_0004.png?fit=2560%2C1656&ssl=1\",\"contentUrl\":\"https:\/\/i0.wp.com\/masquenoticias.mx\/wp-content\/uploads\/2024\/04\/IMG_0004.png?fit=2560%2C1656&ssl=1\",\"width\":2560,\"height\":1656,\"caption\":\"M\u00e1s Que Noticias\"},\"image\":{\"@id\":\"https:\/\/masquenoticias.mx\/#\/schema\/logo\/image\/\"},\"sameAs\":[\"https:\/\/www.facebook.com\/masquenoticiascolima\",\"https:\/\/x.com\/edgartove\",\"https:\/\/www.instagram.com\/masquenoticiascolima\/\"]},{\"@type\":\"Person\",\"@id\":\"https:\/\/masquenoticias.mx\/#\/schema\/person\/544d19989ef23d34615f691f7a96e622\",\"name\":\"Redacci\u00f3n\",\"image\":{\"@type\":\"ImageObject\",\"inLanguage\":\"es\",\"@id\":\"https:\/\/masquenoticias.mx\/#\/schema\/person\/image\/\",\"url\":\"https:\/\/secure.gravatar.com\/avatar\/7fcc926d5b058d3f3d52d95b4d05dd58?s=96&d=mm&r=g\",\"contentUrl\":\"https:\/\/secure.gravatar.com\/avatar\/7fcc926d5b058d3f3d52d95b4d05dd58?s=96&d=mm&r=g\",\"caption\":\"Redacci\u00f3n\"},\"sameAs\":[\"http:\/\/masquenoticias.mx\"],\"url\":\"https:\/\/masquenoticias.mx\/index.php\/author\/edgartovegmail-com\/\"}]}<\/script>\n<!-- \/ Yoast SEO plugin. -->","yoast_head_json":{"title":"Este jueves inicia en Colima el regional de voli de playa de Olimpiada Nacional 2026 - M\u00e1s Que Noticias","robots":{"index":"index","follow":"follow","max-snippet":"max-snippet:-1","max-image-preview":"max-image-preview:large","max-video-preview":"max-video-preview:-1"},"canonical":"https:\/\/masquenoticias.mx\/index.php\/2026\/03\/11\/este-jueves-inicia-en-colima-el-regional-de-voli-de-playa-de-olimpiada-nacional-2026\/","og_locale":"es_MX","og_type":"article","og_title":"Este jueves inicia en Colima el regional de voli de playa de Olimpiada Nacional 2026 - M\u00e1s Que Noticias","og_description":"El Gobierno del Estado de Colima que encabeza Indira Vizca\u00edno Silva es sede del regional de voleibol de playa de la Olimpiada Nacional Conade 2026, que realizar\u00e1 el Instituto Colimense del Deporte del 12 al 15 de marzo, con participaci\u00f3n de representantes de Aguascalientes, Jalisco, Guanajuato, Michoac\u00e1n, Nayarit y el anfitri\u00f3n Colima, buscando en casa [&hellip;]","og_url":"https:\/\/masquenoticias.mx\/index.php\/2026\/03\/11\/este-jueves-inicia-en-colima-el-regional-de-voli-de-playa-de-olimpiada-nacional-2026\/","og_site_name":"M\u00e1s Que Noticias","article_publisher":"https:\/\/www.facebook.com\/masquenoticiascolima","article_published_time":"2026-03-12T04:28:50+00:00","og_image":[{"width":1338,"height":892,"url":"https:\/\/masquenoticias.mx\/wp-content\/uploads\/2026\/03\/WhatsApp-Image-2026-03-11-at-1.07.14-PM-1.jpeg","type":"image\/jpeg"}],"author":"Redacci\u00f3n","twitter_card":"summary_large_image","twitter_creator":"@edgartove","twitter_site":"@edgartove","twitter_misc":{"Escrito por":"Redacci\u00f3n","Tiempo de lectura":"2 minutos"},"schema":{"@context":"https:\/\/schema.org","@graph":[{"@type":"Article","@id":"https:\/\/masquenoticias.mx\/index.php\/2026\/03\/11\/este-jueves-inicia-en-colima-el-regional-de-voli-de-playa-de-olimpiada-nacional-2026\/#article","isPartOf":{"@id":"https:\/\/masquenoticias.mx\/index.php\/2026\/03\/11\/este-jueves-inicia-en-colima-el-regional-de-voli-de-playa-de-olimpiada-nacional-2026\/"},"author":{"name":"Redacci\u00f3n","@id":"https:\/\/masquenoticias.mx\/#\/schema\/person\/544d19989ef23d34615f691f7a96e622"},"headline":"Este jueves inicia en Colima el regional de voli de playa de Olimpiada Nacional 2026","datePublished":"2026-03-12T04:28:50+00:00","mainEntityOfPage":{"@id":"https:\/\/masquenoticias.mx\/index.php\/2026\/03\/11\/este-jueves-inicia-en-colima-el-regional-de-voli-de-playa-de-olimpiada-nacional-2026\/"},"wordCount":336,"commentCount":0,"publisher":{"@id":"https:\/\/masquenoticias.mx\/#organization"},"image":{"@id":"https:\/\/masquenoticias.mx\/index.php\/2026\/03\/11\/este-jueves-inicia-en-colima-el-regional-de-voli-de-playa-de-olimpiada-nacional-2026\/#primaryimage"},"thumbnailUrl":"https:\/\/i0.wp.com\/masquenoticias.mx\/wp-content\/uploads\/2026\/03\/WhatsApp-Image-2026-03-11-at-1.07.14-PM-1.jpeg?fit=1338%2C892&ssl=1","keywords":["Incode"],"articleSection":["Estado"],"inLanguage":"es","potentialAction":[{"@type":"CommentAction","name":"Comment","target":["https:\/\/masquenoticias.mx\/index.php\/2026\/03\/11\/este-jueves-inicia-en-colima-el-regional-de-voli-de-playa-de-olimpiada-nacional-2026\/#respond"]}]},{"@type":"WebPage","@id":"https:\/\/masquenoticias.mx\/index.php\/2026\/03\/11\/este-jueves-inicia-en-colima-el-regional-de-voli-de-playa-de-olimpiada-nacional-2026\/","url":"https:\/\/masquenoticias.mx\/index.php\/2026\/03\/11\/este-jueves-inicia-en-colima-el-regional-de-voli-de-playa-de-olimpiada-nacional-2026\/","name":"Este jueves inicia en Colima el regional de voli de playa de Olimpiada Nacional 2026 - M\u00e1s Que Noticias","isPartOf":{"@id":"https:\/\/masquenoticias.mx\/#website"},"primaryImageOfPage":{"@id":"https:\/\/masquenoticias.mx\/index.php\/2026\/03\/11\/este-jueves-inicia-en-colima-el-regional-de-voli-de-playa-de-olimpiada-nacional-2026\/#primaryimage"},"image":{"@id":"https:\/\/masquenoticias.mx\/index.php\/2026\/03\/11\/este-jueves-inicia-en-colima-el-regional-de-voli-de-playa-de-olimpiada-nacional-2026\/#primaryimage"},"thumbnailUrl":"https:\/\/i0.wp.com\/masquenoticias.mx\/wp-content\/uploads\/2026\/03\/WhatsApp-Image-2026-03-11-at-1.07.14-PM-1.jpeg?fit=1338%2C892&ssl=1","datePublished":"2026-03-12T04:28:50+00:00","breadcrumb":{"@id":"https:\/\/masquenoticias.mx\/index.php\/2026\/03\/11\/este-jueves-inicia-en-colima-el-regional-de-voli-de-playa-de-olimpiada-nacional-2026\/#breadcrumb"},"inLanguage":"es","potentialAction":[{"@type":"ReadAction","target":["https:\/\/masquenoticias.mx\/index.php\/2026\/03\/11\/este-jueves-inicia-en-colima-el-regional-de-voli-de-playa-de-olimpiada-nacional-2026\/"]}]},{"@type":"ImageObject","inLanguage":"es","@id":"https:\/\/masquenoticias.mx\/index.php\/2026\/03\/11\/este-jueves-inicia-en-colima-el-regional-de-voli-de-playa-de-olimpiada-nacional-2026\/#primaryimage","url":"https:\/\/i0.wp.com\/masquenoticias.mx\/wp-content\/uploads\/2026\/03\/WhatsApp-Image-2026-03-11-at-1.07.14-PM-1.jpeg?fit=1338%2C892&ssl=1","contentUrl":"https:\/\/i0.wp.com\/masquenoticias.mx\/wp-content\/uploads\/2026\/03\/WhatsApp-Image-2026-03-11-at-1.07.14-PM-1.jpeg?fit=1338%2C892&ssl=1","width":1338,"height":892},{"@type":"BreadcrumbList","@id":"https:\/\/masquenoticias.mx\/index.php\/2026\/03\/11\/este-jueves-inicia-en-colima-el-regional-de-voli-de-playa-de-olimpiada-nacional-2026\/#breadcrumb","itemListElement":[{"@type":"ListItem","position":1,"name":"Inicio","item":"https:\/\/masquenoticias.mx\/"},{"@type":"ListItem","position":2,"name":"Este jueves inicia en Colima el regional de voli de playa de Olimpiada Nacional 2026"}]},{"@type":"WebSite","@id":"https:\/\/masquenoticias.mx\/#website","url":"https:\/\/masquenoticias.mx\/","name":"M\u00e1s Que Noticias","description":"Noticias de Colima, M\u00e9xico y el Mundo","publisher":{"@id":"https:\/\/masquenoticias.mx\/#organization"},"potentialAction":[{"@type":"SearchAction","target":{"@type":"EntryPoint","urlTemplate":"https:\/\/masquenoticias.mx\/?s={search_term_string}"},"query-input":{"@type":"PropertyValueSpecification","valueRequired":true,"valueName":"search_term_string"}}],"inLanguage":"es"},{"@type":"Organization","@id":"https:\/\/masquenoticias.mx\/#organization","name":"M\u00e1s Que Noticias","url":"https:\/\/masquenoticias.mx\/","logo":{"@type":"ImageObject","inLanguage":"es","@id":"https:\/\/masquenoticias.mx\/#\/schema\/logo\/image\/","url":"https:\/\/i0.wp.com\/masquenoticias.mx\/wp-content\/uploads\/2024\/04\/IMG_0004.png?fit=2560%2C1656&ssl=1","contentUrl":"https:\/\/i0.wp.com\/masquenoticias.mx\/wp-content\/uploads\/2024\/04\/IMG_0004.png?fit=2560%2C1656&ssl=1","width":2560,"height":1656,"caption":"M\u00e1s Que Noticias"},"image":{"@id":"https:\/\/masquenoticias.mx\/#\/schema\/logo\/image\/"},"sameAs":["https:\/\/www.facebook.com\/masquenoticiascolima","https:\/\/x.com\/edgartove","https:\/\/www.instagram.com\/masquenoticiascolima\/"]},{"@type":"Person","@id":"https:\/\/masquenoticias.mx\/#\/schema\/person\/544d19989ef23d34615f691f7a96e622","name":"Redacci\u00f3n","image":{"@type":"ImageObject","inLanguage":"es","@id":"https:\/\/masquenoticias.mx\/#\/schema\/person\/image\/","url":"https:\/\/secure.gravatar.com\/avatar\/7fcc926d5b058d3f3d52d95b4d05dd58?s=96&d=mm&r=g","contentUrl":"https:\/\/secure.gravatar.com\/avatar\/7fcc926d5b058d3f3d52d95b4d05dd58?s=96&d=mm&r=g","caption":"Redacci\u00f3n"},"sameAs":["http:\/\/masquenoticias.mx"],"url":"https:\/\/masquenoticias.mx\/index.php\/author\/edgartovegmail-com\/"}]}},"jetpack_featured_media_url":"https:\/\/i0.wp.com\/masquenoticias.mx\/wp-content\/uploads\/2026\/03\/WhatsApp-Image-2026-03-11-at-1.07.14-PM-1.jpeg?fit=1338%2C892&ssl=1","blog_post_layout_featured_media_urls":{"thumbnail":["https:\/\/i0.wp.com\/masquenoticias.mx\/wp-content\/uploads\/2026\/03\/WhatsApp-Image-2026-03-11-at-1.07.14-PM-1.jpeg?resize=150%2C150&ssl=1",150,150,true],"full":["https:\/\/i0.wp.com\/masquenoticias.mx\/wp-content\/uploads\/2026\/03\/WhatsApp-Image-2026-03-11-at-1.07.14-PM-1.jpeg?fit=1338%2C892&ssl=1",1338,892,false]},"categories_names":{"24":{"name":"Estado","link":"https:\/\/masquenoticias.mx\/index.php\/category\/estado\/"}},"tags_names":{"83":{"name":"Incode","link":"https:\/\/masquenoticias.mx\/index.php\/tag\/incode\/"}},"comments_number":"0","wpmagazine_modules_lite_featured_media_urls":{"thumbnail":["https:\/\/i0.wp.com\/masquenoticias.mx\/wp-content\/uploads\/2026\/03\/WhatsApp-Image-2026-03-11-at-1.07.14-PM-1.jpeg?resize=150%2C150&ssl=1",150,150,true],"cvmm-medium":["https:\/\/i0.wp.com\/masquenoticias.mx\/wp-content\/uploads\/2026\/03\/WhatsApp-Image-2026-03-11-at-1.07.14-PM-1.jpeg?resize=300%2C300&ssl=1",300,300,true],"cvmm-medium-plus":["https:\/\/i0.wp.com\/masquenoticias.mx\/wp-content\/uploads\/2026\/03\/WhatsApp-Image-2026-03-11-at-1.07.14-PM-1.jpeg?resize=305%2C207&ssl=1",305,207,true],"cvmm-portrait":["https:\/\/i0.wp.com\/masquenoticias.mx\/wp-content\/uploads\/2026\/03\/WhatsApp-Image-2026-03-11-at-1.07.14-PM-1.jpeg?resize=400%2C600&ssl=1",400,600,true],"cvmm-medium-square":["https:\/\/i0.wp.com\/masquenoticias.mx\/wp-content\/uploads\/2026\/03\/WhatsApp-Image-2026-03-11-at-1.07.14-PM-1.jpeg?resize=600%2C600&ssl=1",600,600,true],"cvmm-large":["https:\/\/i0.wp.com\/masquenoticias.mx\/wp-content\/uploads\/2026\/03\/WhatsApp-Image-2026-03-11-at-1.07.14-PM-1.jpeg?resize=1024%2C892&ssl=1",1024,892,true],"cvmm-small":["https:\/\/i0.wp.com\/masquenoticias.mx\/wp-content\/uploads\/2026\/03\/WhatsApp-Image-2026-03-11-at-1.07.14-PM-1.jpeg?resize=130%2C95&ssl=1",130,95,true],"full":["https:\/\/i0.wp.com\/masquenoticias.mx\/wp-content\/uploads\/2026\/03\/WhatsApp-Image-2026-03-11-at-1.07.14-PM-1.jpeg?fit=1338%2C892&ssl=1",1338,892,false]},"jetpack-related-posts":[],"jetpack_sharing_enabled":true,"jetpack_likes_enabled":true,"jetpack_shortlink":"https:\/\/wp.me\/pf7pkt-5E2","_links":{"self":[{"href":"https:\/\/masquenoticias.mx\/index.php\/wp-json\/wp\/v2\/posts\/21702","targetHints":{"allow":["GET"]}}],"collection":[{"href":"https:\/\/masquenoticias.mx\/index.php\/wp-json\/wp\/v2\/posts"}],"about":[{"href":"https:\/\/masquenoticias.mx\/index.php\/wp-json\/wp\/v2\/types\/post"}],"author":[{"embeddable":true,"href":"https:\/\/masquenoticias.mx\/index.php\/wp-json\/wp\/v2\/users\/1"}],"replies":[{"embeddable":true,"href":"https:\/\/masquenoticias.mx\/index.php\/wp-json\/wp\/v2\/comments?post=21702"}],"version-history":[{"count":1,"href":"https:\/\/masquenoticias.mx\/index.php\/wp-json\/wp\/v2\/posts\/21702\/revisions"}],"predecessor-version":[{"id":21704,"href":"https:\/\/masquenoticias.mx\/index.php\/wp-json\/wp\/v2\/posts\/21702\/revisions\/21704"}],"wp:featuredmedia":[{"embeddable":true,"href":"https:\/\/masquenoticias.mx\/index.php\/wp-json\/wp\/v2\/media\/21703"}],"wp:attachment":[{"href":"https:\/\/masquenoticias.mx\/index.php\/wp-json\/wp\/v2\/media?parent=21702"}],"wp:term":[{"taxonomy":"category","embeddable":true,"href":"https:\/\/masquenoticias.mx\/index.php\/wp-json\/wp\/v2\/categories?post=21702"},{"taxonomy":"post_tag","embeddable":true,"href":"https:\/\/masquenoticias.mx\/index.php\/wp-json\/wp\/v2\/tags?post=21702"}],"curies":[{"name":"wp","href":"https:\/\/api.w.org\/{rel}","templated":true}]}}