{"id":21699,"date":"2026-03-11T22:25:23","date_gmt":"2026-03-12T04:25:23","guid":{"rendered":"https:\/\/masquenoticias.mx\/?p=21699"},"modified":"2026-03-11T22:25:23","modified_gmt":"2026-03-12T04:25:23","slug":"gobierno-del-estado-acerca-servicios-de-salud-apoyos-sociales-y-atencion-institucional-a-colonias-de-colima","status":"publish","type":"post","link":"https:\/\/masquenoticias.mx\/index.php\/2026\/03\/11\/gobierno-del-estado-acerca-servicios-de-salud-apoyos-sociales-y-atencion-institucional-a-colonias-de-colima\/","title":{"rendered":"Gobierno del Estado acerca servicios de salud, apoyos sociales y atenci\u00f3n institucional a colonias de Colima"},"content":{"rendered":"<p>Habitantes de la colonia Las Palmas y de zonas aleda\u00f1as accedieron a servicios de salud, diversos programas sociales y orientaci\u00f3n, as\u00ed como un espacio para dialogar, compartir ideas durante la Feria del Bienestar para la Construcci\u00f3n de la Paz, una estrategia del Gobierno del Estado de Colima que encabeza la mandataria Indira Vizca\u00edno Silva, para acercar la atenci\u00f3n institucional directamente a las comunidades y fortalecer el bienestar de las familias colimenses.<\/p>\n<p>Viridiana Valencia Vargas, secretaria de Bienestar, Inclusi\u00f3n Social y Mujeres (Sebiinsom), indic\u00f3 que estas jornadas permiten que la poblaci\u00f3n realice tr\u00e1mites, reciba orientaci\u00f3n y conozca los apoyos disponibles, sin necesidad de trasladarse a las oficinas gubernamentales, como parte de la pol\u00edtica de cercan\u00eda impulsada por la gobernadora Indira Vizca\u00edno.<\/p>\n<p>Durante esta feria las y los asistentes recibieron diversos servicios, orientaci\u00f3n en salud mental, informaci\u00f3n para la prevenci\u00f3n de adicciones, esquemas de vacunaci\u00f3n y atenci\u00f3n m\u00e9dica b\u00e1sica, as\u00ed como informaci\u00f3n sobre apoyos de la Beneficencia P\u00fablica que incluyen sillas de ruedas, bastones, aparatos auditivos, pr\u00f3tesis y cirug\u00edas de rodilla o cadera. Tambi\u00e9n sobre programas educativos y sociales de la administraci\u00f3n estatal, como #ColiBecas, que respalda a estudiantes desde preescolar hasta nivel superior.<\/p>\n<p>Participaron Luis D\u00e1vila Saint Mart\u00edn, director de la Beneficencia P\u00fablica; Karen Garc\u00eda Torres, subsecretaria de las Juventudes; Guillermo Blanco Govea, comisionado estatal de Salud Mental y Adicciones; Elizabeth Benuto Vega, encargada de la direcci\u00f3n de Cepavi; la diputada Glenda Ochoa y el diputado Alfredo \u00c1lvarez; as\u00ed como representantes de la 20\/a Zona Militar y Guardia Nacional.<\/p>\n","protected":false},"excerpt":{"rendered":"<p>Habitantes de la colonia Las Palmas y de zonas aleda\u00f1as accedieron a servicios de salud, diversos programas sociales y orientaci\u00f3n, as\u00ed como un espacio para dialogar, compartir ideas durante la Feria del Bienestar para la Construcci\u00f3n de la Paz, una estrategia del Gobierno del Estado de Colima que encabeza la mandataria Indira Vizca\u00edno Silva, para [&hellip;]<\/p>\n","protected":false},"author":1,"featured_media":21700,"comment_status":"open","ping_status":"open","sticky":false,"template":"","format":"standard","meta":{"_jetpack_memberships_contains_paid_content":false,"footnotes":""},"categories":[24],"tags":[369],"class_list":["post-21699","post","type-post","status-publish","format-standard","has-post-thumbnail","hentry","category-estado","tag-viri-valencia"],"yoast_head":"<!-- This site is optimized with the Yoast SEO plugin v26.6 - https:\/\/yoast.com\/wordpress\/plugins\/seo\/ -->\n<title>Gobierno del Estado acerca servicios de salud, apoyos sociales y atenci\u00f3n institucional a colonias de Colima - M\u00e1s Que Noticias<\/title>\n<meta name=\"robots\" content=\"index, follow, max-snippet:-1, max-image-preview:large, max-video-preview:-1\" \/>\n<link rel=\"canonical\" href=\"https:\/\/masquenoticias.mx\/index.php\/2026\/03\/11\/gobierno-del-estado-acerca-servicios-de-salud-apoyos-sociales-y-atencion-institucional-a-colonias-de-colima\/\" \/>\n<meta property=\"og:locale\" content=\"es_MX\" \/>\n<meta property=\"og:type\" content=\"article\" \/>\n<meta property=\"og:title\" content=\"Gobierno del Estado acerca servicios de salud, apoyos sociales y atenci\u00f3n institucional a colonias de Colima - M\u00e1s Que Noticias\" \/>\n<meta property=\"og:description\" content=\"Habitantes de la colonia Las Palmas y de zonas aleda\u00f1as accedieron a servicios de salud, diversos programas sociales y orientaci\u00f3n, as\u00ed como un espacio para dialogar, compartir ideas durante la Feria del Bienestar para la Construcci\u00f3n de la Paz, una estrategia del Gobierno del Estado de Colima que encabeza la mandataria Indira Vizca\u00edno Silva, para [&hellip;]\" \/>\n<meta property=\"og:url\" content=\"https:\/\/masquenoticias.mx\/index.php\/2026\/03\/11\/gobierno-del-estado-acerca-servicios-de-salud-apoyos-sociales-y-atencion-institucional-a-colonias-de-colima\/\" \/>\n<meta property=\"og:site_name\" content=\"M\u00e1s Que Noticias\" \/>\n<meta property=\"article:publisher\" content=\"https:\/\/www.facebook.com\/masquenoticiascolima\" \/>\n<meta property=\"article:published_time\" content=\"2026-03-12T04:25:23+00:00\" \/>\n<meta property=\"og:image\" content=\"https:\/\/masquenoticias.mx\/wp-content\/uploads\/2026\/03\/WhatsApp-Image-2026-03-11-at-12.29.26-PM.jpeg\" \/>\n\t<meta property=\"og:image:width\" content=\"1280\" \/>\n\t<meta property=\"og:image:height\" content=\"854\" \/>\n\t<meta property=\"og:image:type\" content=\"image\/jpeg\" \/>\n<meta name=\"author\" content=\"Redacci\u00f3n\" \/>\n<meta name=\"twitter:card\" content=\"summary_large_image\" \/>\n<meta name=\"twitter:creator\" content=\"@edgartove\" \/>\n<meta name=\"twitter:site\" content=\"@edgartove\" \/>\n<meta name=\"twitter:label1\" content=\"Escrito por\" \/>\n\t<meta name=\"twitter:data1\" content=\"Redacci\u00f3n\" \/>\n\t<meta name=\"twitter:label2\" content=\"Tiempo de lectura\" \/>\n\t<meta name=\"twitter:data2\" content=\"2 minutos\" \/>\n<script type=\"application\/ld+json\" class=\"yoast-schema-graph\">{\"@context\":\"https:\/\/schema.org\",\"@graph\":[{\"@type\":\"Article\",\"@id\":\"https:\/\/masquenoticias.mx\/index.php\/2026\/03\/11\/gobierno-del-estado-acerca-servicios-de-salud-apoyos-sociales-y-atencion-institucional-a-colonias-de-colima\/#article\",\"isPartOf\":{\"@id\":\"https:\/\/masquenoticias.mx\/index.php\/2026\/03\/11\/gobierno-del-estado-acerca-servicios-de-salud-apoyos-sociales-y-atencion-institucional-a-colonias-de-colima\/\"},\"author\":{\"name\":\"Redacci\u00f3n\",\"@id\":\"https:\/\/masquenoticias.mx\/#\/schema\/person\/544d19989ef23d34615f691f7a96e622\"},\"headline\":\"Gobierno del Estado acerca servicios de salud, apoyos sociales y atenci\u00f3n institucional a colonias de Colima\",\"datePublished\":\"2026-03-12T04:25:23+00:00\",\"mainEntityOfPage\":{\"@id\":\"https:\/\/masquenoticias.mx\/index.php\/2026\/03\/11\/gobierno-del-estado-acerca-servicios-de-salud-apoyos-sociales-y-atencion-institucional-a-colonias-de-colima\/\"},\"wordCount\":295,\"commentCount\":0,\"publisher\":{\"@id\":\"https:\/\/masquenoticias.mx\/#organization\"},\"image\":{\"@id\":\"https:\/\/masquenoticias.mx\/index.php\/2026\/03\/11\/gobierno-del-estado-acerca-servicios-de-salud-apoyos-sociales-y-atencion-institucional-a-colonias-de-colima\/#primaryimage\"},\"thumbnailUrl\":\"https:\/\/i0.wp.com\/masquenoticias.mx\/wp-content\/uploads\/2026\/03\/WhatsApp-Image-2026-03-11-at-12.29.26-PM.jpeg?fit=1280%2C854&ssl=1\",\"keywords\":[\"Viri Valencia\"],\"articleSection\":[\"Estado\"],\"inLanguage\":\"es\",\"potentialAction\":[{\"@type\":\"CommentAction\",\"name\":\"Comment\",\"target\":[\"https:\/\/masquenoticias.mx\/index.php\/2026\/03\/11\/gobierno-del-estado-acerca-servicios-de-salud-apoyos-sociales-y-atencion-institucional-a-colonias-de-colima\/#respond\"]}]},{\"@type\":\"WebPage\",\"@id\":\"https:\/\/masquenoticias.mx\/index.php\/2026\/03\/11\/gobierno-del-estado-acerca-servicios-de-salud-apoyos-sociales-y-atencion-institucional-a-colonias-de-colima\/\",\"url\":\"https:\/\/masquenoticias.mx\/index.php\/2026\/03\/11\/gobierno-del-estado-acerca-servicios-de-salud-apoyos-sociales-y-atencion-institucional-a-colonias-de-colima\/\",\"name\":\"Gobierno del Estado acerca servicios de salud, apoyos sociales y atenci\u00f3n institucional a colonias de Colima - M\u00e1s Que Noticias\",\"isPartOf\":{\"@id\":\"https:\/\/masquenoticias.mx\/#website\"},\"primaryImageOfPage\":{\"@id\":\"https:\/\/masquenoticias.mx\/index.php\/2026\/03\/11\/gobierno-del-estado-acerca-servicios-de-salud-apoyos-sociales-y-atencion-institucional-a-colonias-de-colima\/#primaryimage\"},\"image\":{\"@id\":\"https:\/\/masquenoticias.mx\/index.php\/2026\/03\/11\/gobierno-del-estado-acerca-servicios-de-salud-apoyos-sociales-y-atencion-institucional-a-colonias-de-colima\/#primaryimage\"},\"thumbnailUrl\":\"https:\/\/i0.wp.com\/masquenoticias.mx\/wp-content\/uploads\/2026\/03\/WhatsApp-Image-2026-03-11-at-12.29.26-PM.jpeg?fit=1280%2C854&ssl=1\",\"datePublished\":\"2026-03-12T04:25:23+00:00\",\"breadcrumb\":{\"@id\":\"https:\/\/masquenoticias.mx\/index.php\/2026\/03\/11\/gobierno-del-estado-acerca-servicios-de-salud-apoyos-sociales-y-atencion-institucional-a-colonias-de-colima\/#breadcrumb\"},\"inLanguage\":\"es\",\"potentialAction\":[{\"@type\":\"ReadAction\",\"target\":[\"https:\/\/masquenoticias.mx\/index.php\/2026\/03\/11\/gobierno-del-estado-acerca-servicios-de-salud-apoyos-sociales-y-atencion-institucional-a-colonias-de-colima\/\"]}]},{\"@type\":\"ImageObject\",\"inLanguage\":\"es\",\"@id\":\"https:\/\/masquenoticias.mx\/index.php\/2026\/03\/11\/gobierno-del-estado-acerca-servicios-de-salud-apoyos-sociales-y-atencion-institucional-a-colonias-de-colima\/#primaryimage\",\"url\":\"https:\/\/i0.wp.com\/masquenoticias.mx\/wp-content\/uploads\/2026\/03\/WhatsApp-Image-2026-03-11-at-12.29.26-PM.jpeg?fit=1280%2C854&ssl=1\",\"contentUrl\":\"https:\/\/i0.wp.com\/masquenoticias.mx\/wp-content\/uploads\/2026\/03\/WhatsApp-Image-2026-03-11-at-12.29.26-PM.jpeg?fit=1280%2C854&ssl=1\",\"width\":1280,\"height\":854},{\"@type\":\"BreadcrumbList\",\"@id\":\"https:\/\/masquenoticias.mx\/index.php\/2026\/03\/11\/gobierno-del-estado-acerca-servicios-de-salud-apoyos-sociales-y-atencion-institucional-a-colonias-de-colima\/#breadcrumb\",\"itemListElement\":[{\"@type\":\"ListItem\",\"position\":1,\"name\":\"Inicio\",\"item\":\"https:\/\/masquenoticias.mx\/\"},{\"@type\":\"ListItem\",\"position\":2,\"name\":\"Gobierno del Estado acerca servicios de salud, apoyos sociales y atenci\u00f3n institucional a colonias de Colima\"}]},{\"@type\":\"WebSite\",\"@id\":\"https:\/\/masquenoticias.mx\/#website\",\"url\":\"https:\/\/masquenoticias.mx\/\",\"name\":\"M\u00e1s Que Noticias\",\"description\":\"Noticias de Colima, M\u00e9xico y el Mundo\",\"publisher\":{\"@id\":\"https:\/\/masquenoticias.mx\/#organization\"},\"potentialAction\":[{\"@type\":\"SearchAction\",\"target\":{\"@type\":\"EntryPoint\",\"urlTemplate\":\"https:\/\/masquenoticias.mx\/?s={search_term_string}\"},\"query-input\":{\"@type\":\"PropertyValueSpecification\",\"valueRequired\":true,\"valueName\":\"search_term_string\"}}],\"inLanguage\":\"es\"},{\"@type\":\"Organization\",\"@id\":\"https:\/\/masquenoticias.mx\/#organization\",\"name\":\"M\u00e1s Que Noticias\",\"url\":\"https:\/\/masquenoticias.mx\/\",\"logo\":{\"@type\":\"ImageObject\",\"inLanguage\":\"es\",\"@id\":\"https:\/\/masquenoticias.mx\/#\/schema\/logo\/image\/\",\"url\":\"https:\/\/i0.wp.com\/masquenoticias.mx\/wp-content\/uploads\/2024\/04\/IMG_0004.png?fit=2560%2C1656&ssl=1\",\"contentUrl\":\"https:\/\/i0.wp.com\/masquenoticias.mx\/wp-content\/uploads\/2024\/04\/IMG_0004.png?fit=2560%2C1656&ssl=1\",\"width\":2560,\"height\":1656,\"caption\":\"M\u00e1s Que Noticias\"},\"image\":{\"@id\":\"https:\/\/masquenoticias.mx\/#\/schema\/logo\/image\/\"},\"sameAs\":[\"https:\/\/www.facebook.com\/masquenoticiascolima\",\"https:\/\/x.com\/edgartove\",\"https:\/\/www.instagram.com\/masquenoticiascolima\/\"]},{\"@type\":\"Person\",\"@id\":\"https:\/\/masquenoticias.mx\/#\/schema\/person\/544d19989ef23d34615f691f7a96e622\",\"name\":\"Redacci\u00f3n\",\"image\":{\"@type\":\"ImageObject\",\"inLanguage\":\"es\",\"@id\":\"https:\/\/masquenoticias.mx\/#\/schema\/person\/image\/\",\"url\":\"https:\/\/secure.gravatar.com\/avatar\/7fcc926d5b058d3f3d52d95b4d05dd58?s=96&d=mm&r=g\",\"contentUrl\":\"https:\/\/secure.gravatar.com\/avatar\/7fcc926d5b058d3f3d52d95b4d05dd58?s=96&d=mm&r=g\",\"caption\":\"Redacci\u00f3n\"},\"sameAs\":[\"http:\/\/masquenoticias.mx\"],\"url\":\"https:\/\/masquenoticias.mx\/index.php\/author\/edgartovegmail-com\/\"}]}<\/script>\n<!-- \/ Yoast SEO plugin. -->","yoast_head_json":{"title":"Gobierno del Estado acerca servicios de salud, apoyos sociales y atenci\u00f3n institucional a colonias de Colima - M\u00e1s Que Noticias","robots":{"index":"index","follow":"follow","max-snippet":"max-snippet:-1","max-image-preview":"max-image-preview:large","max-video-preview":"max-video-preview:-1"},"canonical":"https:\/\/masquenoticias.mx\/index.php\/2026\/03\/11\/gobierno-del-estado-acerca-servicios-de-salud-apoyos-sociales-y-atencion-institucional-a-colonias-de-colima\/","og_locale":"es_MX","og_type":"article","og_title":"Gobierno del Estado acerca servicios de salud, apoyos sociales y atenci\u00f3n institucional a colonias de Colima - M\u00e1s Que Noticias","og_description":"Habitantes de la colonia Las Palmas y de zonas aleda\u00f1as accedieron a servicios de salud, diversos programas sociales y orientaci\u00f3n, as\u00ed como un espacio para dialogar, compartir ideas durante la Feria del Bienestar para la Construcci\u00f3n de la Paz, una estrategia del Gobierno del Estado de Colima que encabeza la mandataria Indira Vizca\u00edno Silva, para [&hellip;]","og_url":"https:\/\/masquenoticias.mx\/index.php\/2026\/03\/11\/gobierno-del-estado-acerca-servicios-de-salud-apoyos-sociales-y-atencion-institucional-a-colonias-de-colima\/","og_site_name":"M\u00e1s Que Noticias","article_publisher":"https:\/\/www.facebook.com\/masquenoticiascolima","article_published_time":"2026-03-12T04:25:23+00:00","og_image":[{"width":1280,"height":854,"url":"https:\/\/masquenoticias.mx\/wp-content\/uploads\/2026\/03\/WhatsApp-Image-2026-03-11-at-12.29.26-PM.jpeg","type":"image\/jpeg"}],"author":"Redacci\u00f3n","twitter_card":"summary_large_image","twitter_creator":"@edgartove","twitter_site":"@edgartove","twitter_misc":{"Escrito por":"Redacci\u00f3n","Tiempo de lectura":"2 minutos"},"schema":{"@context":"https:\/\/schema.org","@graph":[{"@type":"Article","@id":"https:\/\/masquenoticias.mx\/index.php\/2026\/03\/11\/gobierno-del-estado-acerca-servicios-de-salud-apoyos-sociales-y-atencion-institucional-a-colonias-de-colima\/#article","isPartOf":{"@id":"https:\/\/masquenoticias.mx\/index.php\/2026\/03\/11\/gobierno-del-estado-acerca-servicios-de-salud-apoyos-sociales-y-atencion-institucional-a-colonias-de-colima\/"},"author":{"name":"Redacci\u00f3n","@id":"https:\/\/masquenoticias.mx\/#\/schema\/person\/544d19989ef23d34615f691f7a96e622"},"headline":"Gobierno del Estado acerca servicios de salud, apoyos sociales y atenci\u00f3n institucional a colonias de Colima","datePublished":"2026-03-12T04:25:23+00:00","mainEntityOfPage":{"@id":"https:\/\/masquenoticias.mx\/index.php\/2026\/03\/11\/gobierno-del-estado-acerca-servicios-de-salud-apoyos-sociales-y-atencion-institucional-a-colonias-de-colima\/"},"wordCount":295,"commentCount":0,"publisher":{"@id":"https:\/\/masquenoticias.mx\/#organization"},"image":{"@id":"https:\/\/masquenoticias.mx\/index.php\/2026\/03\/11\/gobierno-del-estado-acerca-servicios-de-salud-apoyos-sociales-y-atencion-institucional-a-colonias-de-colima\/#primaryimage"},"thumbnailUrl":"https:\/\/i0.wp.com\/masquenoticias.mx\/wp-content\/uploads\/2026\/03\/WhatsApp-Image-2026-03-11-at-12.29.26-PM.jpeg?fit=1280%2C854&ssl=1","keywords":["Viri Valencia"],"articleSection":["Estado"],"inLanguage":"es","potentialAction":[{"@type":"CommentAction","name":"Comment","target":["https:\/\/masquenoticias.mx\/index.php\/2026\/03\/11\/gobierno-del-estado-acerca-servicios-de-salud-apoyos-sociales-y-atencion-institucional-a-colonias-de-colima\/#respond"]}]},{"@type":"WebPage","@id":"https:\/\/masquenoticias.mx\/index.php\/2026\/03\/11\/gobierno-del-estado-acerca-servicios-de-salud-apoyos-sociales-y-atencion-institucional-a-colonias-de-colima\/","url":"https:\/\/masquenoticias.mx\/index.php\/2026\/03\/11\/gobierno-del-estado-acerca-servicios-de-salud-apoyos-sociales-y-atencion-institucional-a-colonias-de-colima\/","name":"Gobierno del Estado acerca servicios de salud, apoyos sociales y atenci\u00f3n institucional a colonias de Colima - M\u00e1s Que Noticias","isPartOf":{"@id":"https:\/\/masquenoticias.mx\/#website"},"primaryImageOfPage":{"@id":"https:\/\/masquenoticias.mx\/index.php\/2026\/03\/11\/gobierno-del-estado-acerca-servicios-de-salud-apoyos-sociales-y-atencion-institucional-a-colonias-de-colima\/#primaryimage"},"image":{"@id":"https:\/\/masquenoticias.mx\/index.php\/2026\/03\/11\/gobierno-del-estado-acerca-servicios-de-salud-apoyos-sociales-y-atencion-institucional-a-colonias-de-colima\/#primaryimage"},"thumbnailUrl":"https:\/\/i0.wp.com\/masquenoticias.mx\/wp-content\/uploads\/2026\/03\/WhatsApp-Image-2026-03-11-at-12.29.26-PM.jpeg?fit=1280%2C854&ssl=1","datePublished":"2026-03-12T04:25:23+00:00","breadcrumb":{"@id":"https:\/\/masquenoticias.mx\/index.php\/2026\/03\/11\/gobierno-del-estado-acerca-servicios-de-salud-apoyos-sociales-y-atencion-institucional-a-colonias-de-colima\/#breadcrumb"},"inLanguage":"es","potentialAction":[{"@type":"ReadAction","target":["https:\/\/masquenoticias.mx\/index.php\/2026\/03\/11\/gobierno-del-estado-acerca-servicios-de-salud-apoyos-sociales-y-atencion-institucional-a-colonias-de-colima\/"]}]},{"@type":"ImageObject","inLanguage":"es","@id":"https:\/\/masquenoticias.mx\/index.php\/2026\/03\/11\/gobierno-del-estado-acerca-servicios-de-salud-apoyos-sociales-y-atencion-institucional-a-colonias-de-colima\/#primaryimage","url":"https:\/\/i0.wp.com\/masquenoticias.mx\/wp-content\/uploads\/2026\/03\/WhatsApp-Image-2026-03-11-at-12.29.26-PM.jpeg?fit=1280%2C854&ssl=1","contentUrl":"https:\/\/i0.wp.com\/masquenoticias.mx\/wp-content\/uploads\/2026\/03\/WhatsApp-Image-2026-03-11-at-12.29.26-PM.jpeg?fit=1280%2C854&ssl=1","width":1280,"height":854},{"@type":"BreadcrumbList","@id":"https:\/\/masquenoticias.mx\/index.php\/2026\/03\/11\/gobierno-del-estado-acerca-servicios-de-salud-apoyos-sociales-y-atencion-institucional-a-colonias-de-colima\/#breadcrumb","itemListElement":[{"@type":"ListItem","position":1,"name":"Inicio","item":"https:\/\/masquenoticias.mx\/"},{"@type":"ListItem","position":2,"name":"Gobierno del Estado acerca servicios de salud, apoyos sociales y atenci\u00f3n institucional a colonias de Colima"}]},{"@type":"WebSite","@id":"https:\/\/masquenoticias.mx\/#website","url":"https:\/\/masquenoticias.mx\/","name":"M\u00e1s Que Noticias","description":"Noticias de Colima, M\u00e9xico y el Mundo","publisher":{"@id":"https:\/\/masquenoticias.mx\/#organization"},"potentialAction":[{"@type":"SearchAction","target":{"@type":"EntryPoint","urlTemplate":"https:\/\/masquenoticias.mx\/?s={search_term_string}"},"query-input":{"@type":"PropertyValueSpecification","valueRequired":true,"valueName":"search_term_string"}}],"inLanguage":"es"},{"@type":"Organization","@id":"https:\/\/masquenoticias.mx\/#organization","name":"M\u00e1s Que Noticias","url":"https:\/\/masquenoticias.mx\/","logo":{"@type":"ImageObject","inLanguage":"es","@id":"https:\/\/masquenoticias.mx\/#\/schema\/logo\/image\/","url":"https:\/\/i0.wp.com\/masquenoticias.mx\/wp-content\/uploads\/2024\/04\/IMG_0004.png?fit=2560%2C1656&ssl=1","contentUrl":"https:\/\/i0.wp.com\/masquenoticias.mx\/wp-content\/uploads\/2024\/04\/IMG_0004.png?fit=2560%2C1656&ssl=1","width":2560,"height":1656,"caption":"M\u00e1s Que Noticias"},"image":{"@id":"https:\/\/masquenoticias.mx\/#\/schema\/logo\/image\/"},"sameAs":["https:\/\/www.facebook.com\/masquenoticiascolima","https:\/\/x.com\/edgartove","https:\/\/www.instagram.com\/masquenoticiascolima\/"]},{"@type":"Person","@id":"https:\/\/masquenoticias.mx\/#\/schema\/person\/544d19989ef23d34615f691f7a96e622","name":"Redacci\u00f3n","image":{"@type":"ImageObject","inLanguage":"es","@id":"https:\/\/masquenoticias.mx\/#\/schema\/person\/image\/","url":"https:\/\/secure.gravatar.com\/avatar\/7fcc926d5b058d3f3d52d95b4d05dd58?s=96&d=mm&r=g","contentUrl":"https:\/\/secure.gravatar.com\/avatar\/7fcc926d5b058d3f3d52d95b4d05dd58?s=96&d=mm&r=g","caption":"Redacci\u00f3n"},"sameAs":["http:\/\/masquenoticias.mx"],"url":"https:\/\/masquenoticias.mx\/index.php\/author\/edgartovegmail-com\/"}]}},"jetpack_featured_media_url":"https:\/\/i0.wp.com\/masquenoticias.mx\/wp-content\/uploads\/2026\/03\/WhatsApp-Image-2026-03-11-at-12.29.26-PM.jpeg?fit=1280%2C854&ssl=1","blog_post_layout_featured_media_urls":{"thumbnail":["https:\/\/i0.wp.com\/masquenoticias.mx\/wp-content\/uploads\/2026\/03\/WhatsApp-Image-2026-03-11-at-12.29.26-PM.jpeg?resize=150%2C150&ssl=1",150,150,true],"full":["https:\/\/i0.wp.com\/masquenoticias.mx\/wp-content\/uploads\/2026\/03\/WhatsApp-Image-2026-03-11-at-12.29.26-PM.jpeg?fit=1280%2C854&ssl=1",1280,854,false]},"categories_names":{"24":{"name":"Estado","link":"https:\/\/masquenoticias.mx\/index.php\/category\/estado\/"}},"tags_names":{"369":{"name":"Viri Valencia","link":"https:\/\/masquenoticias.mx\/index.php\/tag\/viri-valencia\/"}},"comments_number":"0","wpmagazine_modules_lite_featured_media_urls":{"thumbnail":["https:\/\/i0.wp.com\/masquenoticias.mx\/wp-content\/uploads\/2026\/03\/WhatsApp-Image-2026-03-11-at-12.29.26-PM.jpeg?resize=150%2C150&ssl=1",150,150,true],"cvmm-medium":["https:\/\/i0.wp.com\/masquenoticias.mx\/wp-content\/uploads\/2026\/03\/WhatsApp-Image-2026-03-11-at-12.29.26-PM.jpeg?resize=300%2C300&ssl=1",300,300,true],"cvmm-medium-plus":["https:\/\/i0.wp.com\/masquenoticias.mx\/wp-content\/uploads\/2026\/03\/WhatsApp-Image-2026-03-11-at-12.29.26-PM.jpeg?resize=305%2C207&ssl=1",305,207,true],"cvmm-portrait":["https:\/\/i0.wp.com\/masquenoticias.mx\/wp-content\/uploads\/2026\/03\/WhatsApp-Image-2026-03-11-at-12.29.26-PM.jpeg?resize=400%2C600&ssl=1",400,600,true],"cvmm-medium-square":["https:\/\/i0.wp.com\/masquenoticias.mx\/wp-content\/uploads\/2026\/03\/WhatsApp-Image-2026-03-11-at-12.29.26-PM.jpeg?resize=600%2C600&ssl=1",600,600,true],"cvmm-large":["https:\/\/i0.wp.com\/masquenoticias.mx\/wp-content\/uploads\/2026\/03\/WhatsApp-Image-2026-03-11-at-12.29.26-PM.jpeg?resize=1024%2C854&ssl=1",1024,854,true],"cvmm-small":["https:\/\/i0.wp.com\/masquenoticias.mx\/wp-content\/uploads\/2026\/03\/WhatsApp-Image-2026-03-11-at-12.29.26-PM.jpeg?resize=130%2C95&ssl=1",130,95,true],"full":["https:\/\/i0.wp.com\/masquenoticias.mx\/wp-content\/uploads\/2026\/03\/WhatsApp-Image-2026-03-11-at-12.29.26-PM.jpeg?fit=1280%2C854&ssl=1",1280,854,false]},"jetpack-related-posts":[],"jetpack_sharing_enabled":true,"jetpack_likes_enabled":true,"jetpack_shortlink":"https:\/\/wp.me\/pf7pkt-5DZ","_links":{"self":[{"href":"https:\/\/masquenoticias.mx\/index.php\/wp-json\/wp\/v2\/posts\/21699","targetHints":{"allow":["GET"]}}],"collection":[{"href":"https:\/\/masquenoticias.mx\/index.php\/wp-json\/wp\/v2\/posts"}],"about":[{"href":"https:\/\/masquenoticias.mx\/index.php\/wp-json\/wp\/v2\/types\/post"}],"author":[{"embeddable":true,"href":"https:\/\/masquenoticias.mx\/index.php\/wp-json\/wp\/v2\/users\/1"}],"replies":[{"embeddable":true,"href":"https:\/\/masquenoticias.mx\/index.php\/wp-json\/wp\/v2\/comments?post=21699"}],"version-history":[{"count":1,"href":"https:\/\/masquenoticias.mx\/index.php\/wp-json\/wp\/v2\/posts\/21699\/revisions"}],"predecessor-version":[{"id":21701,"href":"https:\/\/masquenoticias.mx\/index.php\/wp-json\/wp\/v2\/posts\/21699\/revisions\/21701"}],"wp:featuredmedia":[{"embeddable":true,"href":"https:\/\/masquenoticias.mx\/index.php\/wp-json\/wp\/v2\/media\/21700"}],"wp:attachment":[{"href":"https:\/\/masquenoticias.mx\/index.php\/wp-json\/wp\/v2\/media?parent=21699"}],"wp:term":[{"taxonomy":"category","embeddable":true,"href":"https:\/\/masquenoticias.mx\/index.php\/wp-json\/wp\/v2\/categories?post=21699"},{"taxonomy":"post_tag","embeddable":true,"href":"https:\/\/masquenoticias.mx\/index.php\/wp-json\/wp\/v2\/tags?post=21699"}],"curies":[{"name":"wp","href":"https:\/\/api.w.org\/{rel}","templated":true}]}}