{"id":21695,"date":"2026-03-11T22:21:53","date_gmt":"2026-03-12T04:21:53","guid":{"rendered":"https:\/\/masquenoticias.mx\/?p=21695"},"modified":"2026-03-11T22:21:53","modified_gmt":"2026-03-12T04:21:53","slug":"realizan-en-colima-la-primera-sesion-del-comite-estatal-de-intercambio-de-servicios-de-salud","status":"publish","type":"post","link":"https:\/\/masquenoticias.mx\/index.php\/2026\/03\/11\/realizan-en-colima-la-primera-sesion-del-comite-estatal-de-intercambio-de-servicios-de-salud\/","title":{"rendered":"Realizan en Colima la primera sesi\u00f3n del Comit\u00e9 Estatal de Intercambio de Servicios de Salud"},"content":{"rendered":"<p>Los Secretar\u00eda de Salud del Gobierno del Estado de Colima realiz\u00f3 la primera sesi\u00f3n ordinaria del Comit\u00e9 Estatal de Intercambio de Servicios de Salud, con representantes de las instituciones en el estado. Este encuentro forma parte de un programa del Gobierno de M\u00e9xico que contribuye a hacer efectivo y equitativo el derecho de protecci\u00f3n a la salud y fortalecer de la coordinaci\u00f3n entre las instituciones que conforman el Sistema Nacional de Salud.<\/p>\n<p>Se busca garantizar que la poblaci\u00f3n -independientemente de su condici\u00f3n laboral- reciba atenci\u00f3n m\u00e9dica oportuna, eficiente y de calidad, con \u00f3ptimo aprovechamiento de las unidades m\u00e9dicas. Se establecieron acciones para fortalecer la disponibilidad de la informaci\u00f3n para dar cumplir los compromisos del Acuerdo General de Intercambio de Servicios de Salud.<\/p>\n<p>Entre los objetivos destacan: aprovechar la capacidad de las unidades m\u00e9dicas, lograr acceso oportuno a los servicios de salud, reducir la fragmentaci\u00f3n del sector salud y avanzar hacia la universalizaci\u00f3n de la atenci\u00f3n m\u00e9dica; complementar la atenci\u00f3n entre instituciones y fortalecer la capacidad resolutiva en las entidades, estableciendo garant\u00edas de plazo en la atenci\u00f3n de intervenciones prioritarias que eviten la aparici\u00f3n de complicaciones en la salud de pacientes.<\/p>\n<p>Estas acciones respaldadas por la gobernadora Indira Vizca\u00edno Silva forman parte de las pol\u00edticas p\u00fablicas de la presidenta de M\u00e9xico, Claudia Sheinbaum Pardo, para fortalecer el Sistema de Salud y garantizar que los servicios lleguen con oportunidad y calidad a toda la poblaci\u00f3n. Las instituciones reiteraron su compromiso de consolidar un sistema s\u00f3lido, humanitario y seguro.<\/p>\n","protected":false},"excerpt":{"rendered":"<p>Los Secretar\u00eda de Salud del Gobierno del Estado de Colima realiz\u00f3 la primera sesi\u00f3n ordinaria del Comit\u00e9 Estatal de Intercambio de Servicios de Salud, con representantes de las instituciones en el estado. Este encuentro forma parte de un programa del Gobierno de M\u00e9xico que contribuye a hacer efectivo y equitativo el derecho de protecci\u00f3n a [&hellip;]<\/p>\n","protected":false},"author":1,"featured_media":21696,"comment_status":"open","ping_status":"open","sticky":false,"template":"","format":"standard","meta":{"_jetpack_memberships_contains_paid_content":false,"footnotes":""},"categories":[24],"tags":[63],"class_list":["post-21695","post","type-post","status-publish","format-standard","has-post-thumbnail","hentry","category-estado","tag-salud"],"yoast_head":"<!-- This site is optimized with the Yoast SEO plugin v26.6 - https:\/\/yoast.com\/wordpress\/plugins\/seo\/ -->\n<title>Realizan en Colima la primera sesi\u00f3n del Comit\u00e9 Estatal de Intercambio de Servicios de Salud - M\u00e1s Que Noticias<\/title>\n<meta name=\"robots\" content=\"index, follow, max-snippet:-1, max-image-preview:large, max-video-preview:-1\" \/>\n<link rel=\"canonical\" href=\"https:\/\/masquenoticias.mx\/index.php\/2026\/03\/11\/realizan-en-colima-la-primera-sesion-del-comite-estatal-de-intercambio-de-servicios-de-salud\/\" \/>\n<meta property=\"og:locale\" content=\"es_MX\" \/>\n<meta property=\"og:type\" content=\"article\" \/>\n<meta property=\"og:title\" content=\"Realizan en Colima la primera sesi\u00f3n del Comit\u00e9 Estatal de Intercambio de Servicios de Salud - M\u00e1s Que Noticias\" \/>\n<meta property=\"og:description\" content=\"Los Secretar\u00eda de Salud del Gobierno del Estado de Colima realiz\u00f3 la primera sesi\u00f3n ordinaria del Comit\u00e9 Estatal de Intercambio de Servicios de Salud, con representantes de las instituciones en el estado. Este encuentro forma parte de un programa del Gobierno de M\u00e9xico que contribuye a hacer efectivo y equitativo el derecho de protecci\u00f3n a [&hellip;]\" \/>\n<meta property=\"og:url\" content=\"https:\/\/masquenoticias.mx\/index.php\/2026\/03\/11\/realizan-en-colima-la-primera-sesion-del-comite-estatal-de-intercambio-de-servicios-de-salud\/\" \/>\n<meta property=\"og:site_name\" content=\"M\u00e1s Que Noticias\" \/>\n<meta property=\"article:publisher\" content=\"https:\/\/www.facebook.com\/masquenoticiascolima\" \/>\n<meta property=\"article:published_time\" content=\"2026-03-12T04:21:53+00:00\" \/>\n<meta property=\"og:image\" content=\"https:\/\/masquenoticias.mx\/wp-content\/uploads\/2026\/03\/WhatsApp-Image-2026-03-11-at-11.41.06-AM-2.jpeg\" \/>\n\t<meta property=\"og:image:width\" content=\"1280\" \/>\n\t<meta property=\"og:image:height\" content=\"794\" \/>\n\t<meta property=\"og:image:type\" content=\"image\/jpeg\" \/>\n<meta name=\"author\" content=\"Redacci\u00f3n\" \/>\n<meta name=\"twitter:card\" content=\"summary_large_image\" \/>\n<meta name=\"twitter:creator\" content=\"@edgartove\" \/>\n<meta name=\"twitter:site\" content=\"@edgartove\" \/>\n<meta name=\"twitter:label1\" content=\"Escrito por\" \/>\n\t<meta name=\"twitter:data1\" content=\"Redacci\u00f3n\" \/>\n\t<meta name=\"twitter:label2\" content=\"Tiempo de lectura\" \/>\n\t<meta name=\"twitter:data2\" content=\"2 minutos\" \/>\n<script type=\"application\/ld+json\" class=\"yoast-schema-graph\">{\"@context\":\"https:\/\/schema.org\",\"@graph\":[{\"@type\":\"Article\",\"@id\":\"https:\/\/masquenoticias.mx\/index.php\/2026\/03\/11\/realizan-en-colima-la-primera-sesion-del-comite-estatal-de-intercambio-de-servicios-de-salud\/#article\",\"isPartOf\":{\"@id\":\"https:\/\/masquenoticias.mx\/index.php\/2026\/03\/11\/realizan-en-colima-la-primera-sesion-del-comite-estatal-de-intercambio-de-servicios-de-salud\/\"},\"author\":{\"name\":\"Redacci\u00f3n\",\"@id\":\"https:\/\/masquenoticias.mx\/#\/schema\/person\/544d19989ef23d34615f691f7a96e622\"},\"headline\":\"Realizan en Colima la primera sesi\u00f3n del Comit\u00e9 Estatal de Intercambio de Servicios de Salud\",\"datePublished\":\"2026-03-12T04:21:53+00:00\",\"mainEntityOfPage\":{\"@id\":\"https:\/\/masquenoticias.mx\/index.php\/2026\/03\/11\/realizan-en-colima-la-primera-sesion-del-comite-estatal-de-intercambio-de-servicios-de-salud\/\"},\"wordCount\":288,\"commentCount\":0,\"publisher\":{\"@id\":\"https:\/\/masquenoticias.mx\/#organization\"},\"image\":{\"@id\":\"https:\/\/masquenoticias.mx\/index.php\/2026\/03\/11\/realizan-en-colima-la-primera-sesion-del-comite-estatal-de-intercambio-de-servicios-de-salud\/#primaryimage\"},\"thumbnailUrl\":\"https:\/\/i0.wp.com\/masquenoticias.mx\/wp-content\/uploads\/2026\/03\/WhatsApp-Image-2026-03-11-at-11.41.06-AM-2.jpeg?fit=1280%2C794&ssl=1\",\"keywords\":[\"Salud\"],\"articleSection\":[\"Estado\"],\"inLanguage\":\"es\",\"potentialAction\":[{\"@type\":\"CommentAction\",\"name\":\"Comment\",\"target\":[\"https:\/\/masquenoticias.mx\/index.php\/2026\/03\/11\/realizan-en-colima-la-primera-sesion-del-comite-estatal-de-intercambio-de-servicios-de-salud\/#respond\"]}]},{\"@type\":\"WebPage\",\"@id\":\"https:\/\/masquenoticias.mx\/index.php\/2026\/03\/11\/realizan-en-colima-la-primera-sesion-del-comite-estatal-de-intercambio-de-servicios-de-salud\/\",\"url\":\"https:\/\/masquenoticias.mx\/index.php\/2026\/03\/11\/realizan-en-colima-la-primera-sesion-del-comite-estatal-de-intercambio-de-servicios-de-salud\/\",\"name\":\"Realizan en Colima la primera sesi\u00f3n del Comit\u00e9 Estatal de Intercambio de Servicios de Salud - M\u00e1s Que Noticias\",\"isPartOf\":{\"@id\":\"https:\/\/masquenoticias.mx\/#website\"},\"primaryImageOfPage\":{\"@id\":\"https:\/\/masquenoticias.mx\/index.php\/2026\/03\/11\/realizan-en-colima-la-primera-sesion-del-comite-estatal-de-intercambio-de-servicios-de-salud\/#primaryimage\"},\"image\":{\"@id\":\"https:\/\/masquenoticias.mx\/index.php\/2026\/03\/11\/realizan-en-colima-la-primera-sesion-del-comite-estatal-de-intercambio-de-servicios-de-salud\/#primaryimage\"},\"thumbnailUrl\":\"https:\/\/i0.wp.com\/masquenoticias.mx\/wp-content\/uploads\/2026\/03\/WhatsApp-Image-2026-03-11-at-11.41.06-AM-2.jpeg?fit=1280%2C794&ssl=1\",\"datePublished\":\"2026-03-12T04:21:53+00:00\",\"breadcrumb\":{\"@id\":\"https:\/\/masquenoticias.mx\/index.php\/2026\/03\/11\/realizan-en-colima-la-primera-sesion-del-comite-estatal-de-intercambio-de-servicios-de-salud\/#breadcrumb\"},\"inLanguage\":\"es\",\"potentialAction\":[{\"@type\":\"ReadAction\",\"target\":[\"https:\/\/masquenoticias.mx\/index.php\/2026\/03\/11\/realizan-en-colima-la-primera-sesion-del-comite-estatal-de-intercambio-de-servicios-de-salud\/\"]}]},{\"@type\":\"ImageObject\",\"inLanguage\":\"es\",\"@id\":\"https:\/\/masquenoticias.mx\/index.php\/2026\/03\/11\/realizan-en-colima-la-primera-sesion-del-comite-estatal-de-intercambio-de-servicios-de-salud\/#primaryimage\",\"url\":\"https:\/\/i0.wp.com\/masquenoticias.mx\/wp-content\/uploads\/2026\/03\/WhatsApp-Image-2026-03-11-at-11.41.06-AM-2.jpeg?fit=1280%2C794&ssl=1\",\"contentUrl\":\"https:\/\/i0.wp.com\/masquenoticias.mx\/wp-content\/uploads\/2026\/03\/WhatsApp-Image-2026-03-11-at-11.41.06-AM-2.jpeg?fit=1280%2C794&ssl=1\",\"width\":1280,\"height\":794},{\"@type\":\"BreadcrumbList\",\"@id\":\"https:\/\/masquenoticias.mx\/index.php\/2026\/03\/11\/realizan-en-colima-la-primera-sesion-del-comite-estatal-de-intercambio-de-servicios-de-salud\/#breadcrumb\",\"itemListElement\":[{\"@type\":\"ListItem\",\"position\":1,\"name\":\"Inicio\",\"item\":\"https:\/\/masquenoticias.mx\/\"},{\"@type\":\"ListItem\",\"position\":2,\"name\":\"Realizan en Colima la primera sesi\u00f3n del Comit\u00e9 Estatal de Intercambio de Servicios de Salud\"}]},{\"@type\":\"WebSite\",\"@id\":\"https:\/\/masquenoticias.mx\/#website\",\"url\":\"https:\/\/masquenoticias.mx\/\",\"name\":\"M\u00e1s Que Noticias\",\"description\":\"Noticias de Colima, M\u00e9xico y el Mundo\",\"publisher\":{\"@id\":\"https:\/\/masquenoticias.mx\/#organization\"},\"potentialAction\":[{\"@type\":\"SearchAction\",\"target\":{\"@type\":\"EntryPoint\",\"urlTemplate\":\"https:\/\/masquenoticias.mx\/?s={search_term_string}\"},\"query-input\":{\"@type\":\"PropertyValueSpecification\",\"valueRequired\":true,\"valueName\":\"search_term_string\"}}],\"inLanguage\":\"es\"},{\"@type\":\"Organization\",\"@id\":\"https:\/\/masquenoticias.mx\/#organization\",\"name\":\"M\u00e1s Que Noticias\",\"url\":\"https:\/\/masquenoticias.mx\/\",\"logo\":{\"@type\":\"ImageObject\",\"inLanguage\":\"es\",\"@id\":\"https:\/\/masquenoticias.mx\/#\/schema\/logo\/image\/\",\"url\":\"https:\/\/i0.wp.com\/masquenoticias.mx\/wp-content\/uploads\/2024\/04\/IMG_0004.png?fit=2560%2C1656&ssl=1\",\"contentUrl\":\"https:\/\/i0.wp.com\/masquenoticias.mx\/wp-content\/uploads\/2024\/04\/IMG_0004.png?fit=2560%2C1656&ssl=1\",\"width\":2560,\"height\":1656,\"caption\":\"M\u00e1s Que Noticias\"},\"image\":{\"@id\":\"https:\/\/masquenoticias.mx\/#\/schema\/logo\/image\/\"},\"sameAs\":[\"https:\/\/www.facebook.com\/masquenoticiascolima\",\"https:\/\/x.com\/edgartove\",\"https:\/\/www.instagram.com\/masquenoticiascolima\/\"]},{\"@type\":\"Person\",\"@id\":\"https:\/\/masquenoticias.mx\/#\/schema\/person\/544d19989ef23d34615f691f7a96e622\",\"name\":\"Redacci\u00f3n\",\"image\":{\"@type\":\"ImageObject\",\"inLanguage\":\"es\",\"@id\":\"https:\/\/masquenoticias.mx\/#\/schema\/person\/image\/\",\"url\":\"https:\/\/secure.gravatar.com\/avatar\/7fcc926d5b058d3f3d52d95b4d05dd58?s=96&d=mm&r=g\",\"contentUrl\":\"https:\/\/secure.gravatar.com\/avatar\/7fcc926d5b058d3f3d52d95b4d05dd58?s=96&d=mm&r=g\",\"caption\":\"Redacci\u00f3n\"},\"sameAs\":[\"http:\/\/masquenoticias.mx\"],\"url\":\"https:\/\/masquenoticias.mx\/index.php\/author\/edgartovegmail-com\/\"}]}<\/script>\n<!-- \/ Yoast SEO plugin. -->","yoast_head_json":{"title":"Realizan en Colima la primera sesi\u00f3n del Comit\u00e9 Estatal de Intercambio de Servicios de Salud - M\u00e1s Que Noticias","robots":{"index":"index","follow":"follow","max-snippet":"max-snippet:-1","max-image-preview":"max-image-preview:large","max-video-preview":"max-video-preview:-1"},"canonical":"https:\/\/masquenoticias.mx\/index.php\/2026\/03\/11\/realizan-en-colima-la-primera-sesion-del-comite-estatal-de-intercambio-de-servicios-de-salud\/","og_locale":"es_MX","og_type":"article","og_title":"Realizan en Colima la primera sesi\u00f3n del Comit\u00e9 Estatal de Intercambio de Servicios de Salud - M\u00e1s Que Noticias","og_description":"Los Secretar\u00eda de Salud del Gobierno del Estado de Colima realiz\u00f3 la primera sesi\u00f3n ordinaria del Comit\u00e9 Estatal de Intercambio de Servicios de Salud, con representantes de las instituciones en el estado. Este encuentro forma parte de un programa del Gobierno de M\u00e9xico que contribuye a hacer efectivo y equitativo el derecho de protecci\u00f3n a [&hellip;]","og_url":"https:\/\/masquenoticias.mx\/index.php\/2026\/03\/11\/realizan-en-colima-la-primera-sesion-del-comite-estatal-de-intercambio-de-servicios-de-salud\/","og_site_name":"M\u00e1s Que Noticias","article_publisher":"https:\/\/www.facebook.com\/masquenoticiascolima","article_published_time":"2026-03-12T04:21:53+00:00","og_image":[{"width":1280,"height":794,"url":"https:\/\/masquenoticias.mx\/wp-content\/uploads\/2026\/03\/WhatsApp-Image-2026-03-11-at-11.41.06-AM-2.jpeg","type":"image\/jpeg"}],"author":"Redacci\u00f3n","twitter_card":"summary_large_image","twitter_creator":"@edgartove","twitter_site":"@edgartove","twitter_misc":{"Escrito por":"Redacci\u00f3n","Tiempo de lectura":"2 minutos"},"schema":{"@context":"https:\/\/schema.org","@graph":[{"@type":"Article","@id":"https:\/\/masquenoticias.mx\/index.php\/2026\/03\/11\/realizan-en-colima-la-primera-sesion-del-comite-estatal-de-intercambio-de-servicios-de-salud\/#article","isPartOf":{"@id":"https:\/\/masquenoticias.mx\/index.php\/2026\/03\/11\/realizan-en-colima-la-primera-sesion-del-comite-estatal-de-intercambio-de-servicios-de-salud\/"},"author":{"name":"Redacci\u00f3n","@id":"https:\/\/masquenoticias.mx\/#\/schema\/person\/544d19989ef23d34615f691f7a96e622"},"headline":"Realizan en Colima la primera sesi\u00f3n del Comit\u00e9 Estatal de Intercambio de Servicios de Salud","datePublished":"2026-03-12T04:21:53+00:00","mainEntityOfPage":{"@id":"https:\/\/masquenoticias.mx\/index.php\/2026\/03\/11\/realizan-en-colima-la-primera-sesion-del-comite-estatal-de-intercambio-de-servicios-de-salud\/"},"wordCount":288,"commentCount":0,"publisher":{"@id":"https:\/\/masquenoticias.mx\/#organization"},"image":{"@id":"https:\/\/masquenoticias.mx\/index.php\/2026\/03\/11\/realizan-en-colima-la-primera-sesion-del-comite-estatal-de-intercambio-de-servicios-de-salud\/#primaryimage"},"thumbnailUrl":"https:\/\/i0.wp.com\/masquenoticias.mx\/wp-content\/uploads\/2026\/03\/WhatsApp-Image-2026-03-11-at-11.41.06-AM-2.jpeg?fit=1280%2C794&ssl=1","keywords":["Salud"],"articleSection":["Estado"],"inLanguage":"es","potentialAction":[{"@type":"CommentAction","name":"Comment","target":["https:\/\/masquenoticias.mx\/index.php\/2026\/03\/11\/realizan-en-colima-la-primera-sesion-del-comite-estatal-de-intercambio-de-servicios-de-salud\/#respond"]}]},{"@type":"WebPage","@id":"https:\/\/masquenoticias.mx\/index.php\/2026\/03\/11\/realizan-en-colima-la-primera-sesion-del-comite-estatal-de-intercambio-de-servicios-de-salud\/","url":"https:\/\/masquenoticias.mx\/index.php\/2026\/03\/11\/realizan-en-colima-la-primera-sesion-del-comite-estatal-de-intercambio-de-servicios-de-salud\/","name":"Realizan en Colima la primera sesi\u00f3n del Comit\u00e9 Estatal de Intercambio de Servicios de Salud - M\u00e1s Que Noticias","isPartOf":{"@id":"https:\/\/masquenoticias.mx\/#website"},"primaryImageOfPage":{"@id":"https:\/\/masquenoticias.mx\/index.php\/2026\/03\/11\/realizan-en-colima-la-primera-sesion-del-comite-estatal-de-intercambio-de-servicios-de-salud\/#primaryimage"},"image":{"@id":"https:\/\/masquenoticias.mx\/index.php\/2026\/03\/11\/realizan-en-colima-la-primera-sesion-del-comite-estatal-de-intercambio-de-servicios-de-salud\/#primaryimage"},"thumbnailUrl":"https:\/\/i0.wp.com\/masquenoticias.mx\/wp-content\/uploads\/2026\/03\/WhatsApp-Image-2026-03-11-at-11.41.06-AM-2.jpeg?fit=1280%2C794&ssl=1","datePublished":"2026-03-12T04:21:53+00:00","breadcrumb":{"@id":"https:\/\/masquenoticias.mx\/index.php\/2026\/03\/11\/realizan-en-colima-la-primera-sesion-del-comite-estatal-de-intercambio-de-servicios-de-salud\/#breadcrumb"},"inLanguage":"es","potentialAction":[{"@type":"ReadAction","target":["https:\/\/masquenoticias.mx\/index.php\/2026\/03\/11\/realizan-en-colima-la-primera-sesion-del-comite-estatal-de-intercambio-de-servicios-de-salud\/"]}]},{"@type":"ImageObject","inLanguage":"es","@id":"https:\/\/masquenoticias.mx\/index.php\/2026\/03\/11\/realizan-en-colima-la-primera-sesion-del-comite-estatal-de-intercambio-de-servicios-de-salud\/#primaryimage","url":"https:\/\/i0.wp.com\/masquenoticias.mx\/wp-content\/uploads\/2026\/03\/WhatsApp-Image-2026-03-11-at-11.41.06-AM-2.jpeg?fit=1280%2C794&ssl=1","contentUrl":"https:\/\/i0.wp.com\/masquenoticias.mx\/wp-content\/uploads\/2026\/03\/WhatsApp-Image-2026-03-11-at-11.41.06-AM-2.jpeg?fit=1280%2C794&ssl=1","width":1280,"height":794},{"@type":"BreadcrumbList","@id":"https:\/\/masquenoticias.mx\/index.php\/2026\/03\/11\/realizan-en-colima-la-primera-sesion-del-comite-estatal-de-intercambio-de-servicios-de-salud\/#breadcrumb","itemListElement":[{"@type":"ListItem","position":1,"name":"Inicio","item":"https:\/\/masquenoticias.mx\/"},{"@type":"ListItem","position":2,"name":"Realizan en Colima la primera sesi\u00f3n del Comit\u00e9 Estatal de Intercambio de Servicios de Salud"}]},{"@type":"WebSite","@id":"https:\/\/masquenoticias.mx\/#website","url":"https:\/\/masquenoticias.mx\/","name":"M\u00e1s Que Noticias","description":"Noticias de Colima, M\u00e9xico y el Mundo","publisher":{"@id":"https:\/\/masquenoticias.mx\/#organization"},"potentialAction":[{"@type":"SearchAction","target":{"@type":"EntryPoint","urlTemplate":"https:\/\/masquenoticias.mx\/?s={search_term_string}"},"query-input":{"@type":"PropertyValueSpecification","valueRequired":true,"valueName":"search_term_string"}}],"inLanguage":"es"},{"@type":"Organization","@id":"https:\/\/masquenoticias.mx\/#organization","name":"M\u00e1s Que Noticias","url":"https:\/\/masquenoticias.mx\/","logo":{"@type":"ImageObject","inLanguage":"es","@id":"https:\/\/masquenoticias.mx\/#\/schema\/logo\/image\/","url":"https:\/\/i0.wp.com\/masquenoticias.mx\/wp-content\/uploads\/2024\/04\/IMG_0004.png?fit=2560%2C1656&ssl=1","contentUrl":"https:\/\/i0.wp.com\/masquenoticias.mx\/wp-content\/uploads\/2024\/04\/IMG_0004.png?fit=2560%2C1656&ssl=1","width":2560,"height":1656,"caption":"M\u00e1s Que Noticias"},"image":{"@id":"https:\/\/masquenoticias.mx\/#\/schema\/logo\/image\/"},"sameAs":["https:\/\/www.facebook.com\/masquenoticiascolima","https:\/\/x.com\/edgartove","https:\/\/www.instagram.com\/masquenoticiascolima\/"]},{"@type":"Person","@id":"https:\/\/masquenoticias.mx\/#\/schema\/person\/544d19989ef23d34615f691f7a96e622","name":"Redacci\u00f3n","image":{"@type":"ImageObject","inLanguage":"es","@id":"https:\/\/masquenoticias.mx\/#\/schema\/person\/image\/","url":"https:\/\/secure.gravatar.com\/avatar\/7fcc926d5b058d3f3d52d95b4d05dd58?s=96&d=mm&r=g","contentUrl":"https:\/\/secure.gravatar.com\/avatar\/7fcc926d5b058d3f3d52d95b4d05dd58?s=96&d=mm&r=g","caption":"Redacci\u00f3n"},"sameAs":["http:\/\/masquenoticias.mx"],"url":"https:\/\/masquenoticias.mx\/index.php\/author\/edgartovegmail-com\/"}]}},"jetpack_featured_media_url":"https:\/\/i0.wp.com\/masquenoticias.mx\/wp-content\/uploads\/2026\/03\/WhatsApp-Image-2026-03-11-at-11.41.06-AM-2.jpeg?fit=1280%2C794&ssl=1","blog_post_layout_featured_media_urls":{"thumbnail":["https:\/\/i0.wp.com\/masquenoticias.mx\/wp-content\/uploads\/2026\/03\/WhatsApp-Image-2026-03-11-at-11.41.06-AM-2.jpeg?resize=150%2C150&ssl=1",150,150,true],"full":["https:\/\/i0.wp.com\/masquenoticias.mx\/wp-content\/uploads\/2026\/03\/WhatsApp-Image-2026-03-11-at-11.41.06-AM-2.jpeg?fit=1280%2C794&ssl=1",1280,794,false]},"categories_names":{"24":{"name":"Estado","link":"https:\/\/masquenoticias.mx\/index.php\/category\/estado\/"}},"tags_names":{"63":{"name":"Salud","link":"https:\/\/masquenoticias.mx\/index.php\/tag\/salud\/"}},"comments_number":"0","wpmagazine_modules_lite_featured_media_urls":{"thumbnail":["https:\/\/i0.wp.com\/masquenoticias.mx\/wp-content\/uploads\/2026\/03\/WhatsApp-Image-2026-03-11-at-11.41.06-AM-2.jpeg?resize=150%2C150&ssl=1",150,150,true],"cvmm-medium":["https:\/\/i0.wp.com\/masquenoticias.mx\/wp-content\/uploads\/2026\/03\/WhatsApp-Image-2026-03-11-at-11.41.06-AM-2.jpeg?resize=300%2C300&ssl=1",300,300,true],"cvmm-medium-plus":["https:\/\/i0.wp.com\/masquenoticias.mx\/wp-content\/uploads\/2026\/03\/WhatsApp-Image-2026-03-11-at-11.41.06-AM-2.jpeg?resize=305%2C207&ssl=1",305,207,true],"cvmm-portrait":["https:\/\/i0.wp.com\/masquenoticias.mx\/wp-content\/uploads\/2026\/03\/WhatsApp-Image-2026-03-11-at-11.41.06-AM-2.jpeg?resize=400%2C600&ssl=1",400,600,true],"cvmm-medium-square":["https:\/\/i0.wp.com\/masquenoticias.mx\/wp-content\/uploads\/2026\/03\/WhatsApp-Image-2026-03-11-at-11.41.06-AM-2.jpeg?resize=600%2C600&ssl=1",600,600,true],"cvmm-large":["https:\/\/i0.wp.com\/masquenoticias.mx\/wp-content\/uploads\/2026\/03\/WhatsApp-Image-2026-03-11-at-11.41.06-AM-2.jpeg?resize=1024%2C794&ssl=1",1024,794,true],"cvmm-small":["https:\/\/i0.wp.com\/masquenoticias.mx\/wp-content\/uploads\/2026\/03\/WhatsApp-Image-2026-03-11-at-11.41.06-AM-2.jpeg?resize=130%2C95&ssl=1",130,95,true],"full":["https:\/\/i0.wp.com\/masquenoticias.mx\/wp-content\/uploads\/2026\/03\/WhatsApp-Image-2026-03-11-at-11.41.06-AM-2.jpeg?fit=1280%2C794&ssl=1",1280,794,false]},"jetpack-related-posts":[],"jetpack_sharing_enabled":true,"jetpack_likes_enabled":true,"jetpack_shortlink":"https:\/\/wp.me\/pf7pkt-5DV","_links":{"self":[{"href":"https:\/\/masquenoticias.mx\/index.php\/wp-json\/wp\/v2\/posts\/21695","targetHints":{"allow":["GET"]}}],"collection":[{"href":"https:\/\/masquenoticias.mx\/index.php\/wp-json\/wp\/v2\/posts"}],"about":[{"href":"https:\/\/masquenoticias.mx\/index.php\/wp-json\/wp\/v2\/types\/post"}],"author":[{"embeddable":true,"href":"https:\/\/masquenoticias.mx\/index.php\/wp-json\/wp\/v2\/users\/1"}],"replies":[{"embeddable":true,"href":"https:\/\/masquenoticias.mx\/index.php\/wp-json\/wp\/v2\/comments?post=21695"}],"version-history":[{"count":1,"href":"https:\/\/masquenoticias.mx\/index.php\/wp-json\/wp\/v2\/posts\/21695\/revisions"}],"predecessor-version":[{"id":21697,"href":"https:\/\/masquenoticias.mx\/index.php\/wp-json\/wp\/v2\/posts\/21695\/revisions\/21697"}],"wp:featuredmedia":[{"embeddable":true,"href":"https:\/\/masquenoticias.mx\/index.php\/wp-json\/wp\/v2\/media\/21696"}],"wp:attachment":[{"href":"https:\/\/masquenoticias.mx\/index.php\/wp-json\/wp\/v2\/media?parent=21695"}],"wp:term":[{"taxonomy":"category","embeddable":true,"href":"https:\/\/masquenoticias.mx\/index.php\/wp-json\/wp\/v2\/categories?post=21695"},{"taxonomy":"post_tag","embeddable":true,"href":"https:\/\/masquenoticias.mx\/index.php\/wp-json\/wp\/v2\/tags?post=21695"}],"curies":[{"name":"wp","href":"https:\/\/api.w.org\/{rel}","templated":true}]}}