{"id":21692,"date":"2026-03-11T22:18:08","date_gmt":"2026-03-12T04:18:08","guid":{"rendered":"https:\/\/masquenoticias.mx\/?p=21692"},"modified":"2026-03-11T22:18:08","modified_gmt":"2026-03-12T04:18:08","slug":"imades-y-ciapacov-invitan-a-infancias-y-juventudes-colimenses-al-concurso-de-dibujo-mi-historia-con-el-agua","status":"publish","type":"post","link":"https:\/\/masquenoticias.mx\/index.php\/2026\/03\/11\/imades-y-ciapacov-invitan-a-infancias-y-juventudes-colimenses-al-concurso-de-dibujo-mi-historia-con-el-agua\/","title":{"rendered":"Imades y Ciapacov invitan a infancias y juventudes colimenses al concurso de dibujo &#8216;Mi Historia con el Agua&#8217;"},"content":{"rendered":"<p>El Gobierno del Estado de Colima, a trav\u00e9s del Instituto para el Medio Ambiente y Desarrollo Sustentable (Imades) y la Comisi\u00f3n Intermunicipal de Agua Potable y Alcantarillado de Colima y Villa de \u00c1lvarez (Ciapacov), convoca a infancias y juventudes de la entidad a participar en el concurso de dibujo \u201cMi Historia con el Agua\u201d, realizado en el marco del D\u00eda Mundial del Agua 2026.<\/p>\n<p>La convocatoria est\u00e1 dirigida a ni\u00f1as, ni\u00f1os, adolescentes y j\u00f3venes residentes en el estado de Colima y contempla dos categor\u00edas: infantil, de 6 a 12 a\u00f1os, y juvenil, de 13 a 19 a\u00f1os. A trav\u00e9s de sus dibujos, las y los participantes podr\u00e1n expresar su relaci\u00f3n con el agua, sus experiencias cotidianas, emociones y la importancia de cuidarla como un recurso fundamental para la vida y el bienestar de las comunidades.<\/p>\n<p>Los trabajos deber\u00e1n ser originales e in\u00e9ditos, elaborados en formato horizontal tama\u00f1o carta, utilizando t\u00e9cnicas como crayones, l\u00e1pices de colores, acuarela u otras t\u00e9cnicas de dibujo. Cada participante podr\u00e1 enviar un solo dibujo, el cual deber\u00e1 presentarse en formato digital y enviarse al correo electr\u00f3nico contactoimades@gmail.com, acompa\u00f1ado de los datos de la persona participante y de su madre, padre o tutor.<\/p>\n<p>La convocatoria est\u00e1 abierta hasta el 18 de marzo. Un comit\u00e9 de selecci\u00f3n integrado por equipos de trabajo de Imades y Ciapacov evaluar\u00e1 las propuestas recibidas, considerando criterios como creatividad, relaci\u00f3n con la tem\u00e1tica y capacidad de transmitir emociones o reflexiones sobre el agua.<\/p>\n<p>De todos los trabajos enviados se seleccionar\u00e1n 19 dibujos, los cuales formar\u00e1n parte de una exposici\u00f3n en el \u00c1rea Natural Protegida &#8216;La Campana&#8217;. Adem\u00e1s, se premiar\u00e1 a los tres primeros lugares de cada categor\u00eda durante un evento que se realizar\u00e1 el pr\u00f3ximo 25 de marzo a las 5:00 de la tarde en el mismo parque ecol\u00f3gico &#8216;La Campana&#8217;.<\/p>\n<p>Las bases completas de la convocatoria pueden consultarse en el siguiente enlace: <a href=\"https:\/\/bit.ly\/4sDh8fN\">https:\/\/bit.ly\/4sDh8fN<\/a><\/p>\n","protected":false},"excerpt":{"rendered":"<p>El Gobierno del Estado de Colima, a trav\u00e9s del Instituto para el Medio Ambiente y Desarrollo Sustentable (Imades) y la Comisi\u00f3n Intermunicipal de Agua Potable y Alcantarillado de Colima y Villa de \u00c1lvarez (Ciapacov), convoca a infancias y juventudes de la entidad a participar en el concurso de dibujo \u201cMi Historia con el Agua\u201d, realizado [&hellip;]<\/p>\n","protected":false},"author":1,"featured_media":21693,"comment_status":"open","ping_status":"open","sticky":false,"template":"","format":"standard","meta":{"_jetpack_memberships_contains_paid_content":false,"footnotes":""},"categories":[24],"tags":[76,92],"class_list":["post-21692","post","type-post","status-publish","format-standard","has-post-thumbnail","hentry","category-estado","tag-ciapacov","tag-imades"],"yoast_head":"<!-- This site is optimized with the Yoast SEO plugin v26.6 - https:\/\/yoast.com\/wordpress\/plugins\/seo\/ -->\n<title>Imades y Ciapacov invitan a infancias y juventudes colimenses al concurso de dibujo &#039;Mi Historia con el Agua&#039; - M\u00e1s Que Noticias<\/title>\n<meta name=\"robots\" content=\"index, follow, max-snippet:-1, max-image-preview:large, max-video-preview:-1\" \/>\n<link rel=\"canonical\" href=\"https:\/\/masquenoticias.mx\/index.php\/2026\/03\/11\/imades-y-ciapacov-invitan-a-infancias-y-juventudes-colimenses-al-concurso-de-dibujo-mi-historia-con-el-agua\/\" \/>\n<meta property=\"og:locale\" content=\"es_MX\" \/>\n<meta property=\"og:type\" content=\"article\" \/>\n<meta property=\"og:title\" content=\"Imades y Ciapacov invitan a infancias y juventudes colimenses al concurso de dibujo &#039;Mi Historia con el Agua&#039; - M\u00e1s Que Noticias\" \/>\n<meta property=\"og:description\" content=\"El Gobierno del Estado de Colima, a trav\u00e9s del Instituto para el Medio Ambiente y Desarrollo Sustentable (Imades) y la Comisi\u00f3n Intermunicipal de Agua Potable y Alcantarillado de Colima y Villa de \u00c1lvarez (Ciapacov), convoca a infancias y juventudes de la entidad a participar en el concurso de dibujo \u201cMi Historia con el Agua\u201d, realizado [&hellip;]\" \/>\n<meta property=\"og:url\" content=\"https:\/\/masquenoticias.mx\/index.php\/2026\/03\/11\/imades-y-ciapacov-invitan-a-infancias-y-juventudes-colimenses-al-concurso-de-dibujo-mi-historia-con-el-agua\/\" \/>\n<meta property=\"og:site_name\" content=\"M\u00e1s Que Noticias\" \/>\n<meta property=\"article:publisher\" content=\"https:\/\/www.facebook.com\/masquenoticiascolima\" \/>\n<meta property=\"article:published_time\" content=\"2026-03-12T04:18:08+00:00\" \/>\n<meta property=\"og:image\" content=\"https:\/\/masquenoticias.mx\/wp-content\/uploads\/2026\/03\/WhatsApp-Image-2026-03-10-at-5.56.17-PM-1.jpeg\" \/>\n\t<meta property=\"og:image:width\" content=\"1280\" \/>\n\t<meta property=\"og:image:height\" content=\"1600\" \/>\n\t<meta property=\"og:image:type\" content=\"image\/jpeg\" \/>\n<meta name=\"author\" content=\"Redacci\u00f3n\" \/>\n<meta name=\"twitter:card\" content=\"summary_large_image\" \/>\n<meta name=\"twitter:creator\" content=\"@edgartove\" \/>\n<meta name=\"twitter:site\" content=\"@edgartove\" \/>\n<meta name=\"twitter:label1\" content=\"Escrito por\" \/>\n\t<meta name=\"twitter:data1\" content=\"Redacci\u00f3n\" \/>\n\t<meta name=\"twitter:label2\" content=\"Tiempo de lectura\" \/>\n\t<meta name=\"twitter:data2\" content=\"2 minutos\" \/>\n<script type=\"application\/ld+json\" class=\"yoast-schema-graph\">{\"@context\":\"https:\/\/schema.org\",\"@graph\":[{\"@type\":\"Article\",\"@id\":\"https:\/\/masquenoticias.mx\/index.php\/2026\/03\/11\/imades-y-ciapacov-invitan-a-infancias-y-juventudes-colimenses-al-concurso-de-dibujo-mi-historia-con-el-agua\/#article\",\"isPartOf\":{\"@id\":\"https:\/\/masquenoticias.mx\/index.php\/2026\/03\/11\/imades-y-ciapacov-invitan-a-infancias-y-juventudes-colimenses-al-concurso-de-dibujo-mi-historia-con-el-agua\/\"},\"author\":{\"name\":\"Redacci\u00f3n\",\"@id\":\"https:\/\/masquenoticias.mx\/#\/schema\/person\/544d19989ef23d34615f691f7a96e622\"},\"headline\":\"Imades y Ciapacov invitan a infancias y juventudes colimenses al concurso de dibujo &#8216;Mi Historia con el Agua&#8217;\",\"datePublished\":\"2026-03-12T04:18:08+00:00\",\"mainEntityOfPage\":{\"@id\":\"https:\/\/masquenoticias.mx\/index.php\/2026\/03\/11\/imades-y-ciapacov-invitan-a-infancias-y-juventudes-colimenses-al-concurso-de-dibujo-mi-historia-con-el-agua\/\"},\"wordCount\":356,\"commentCount\":0,\"publisher\":{\"@id\":\"https:\/\/masquenoticias.mx\/#organization\"},\"image\":{\"@id\":\"https:\/\/masquenoticias.mx\/index.php\/2026\/03\/11\/imades-y-ciapacov-invitan-a-infancias-y-juventudes-colimenses-al-concurso-de-dibujo-mi-historia-con-el-agua\/#primaryimage\"},\"thumbnailUrl\":\"https:\/\/i0.wp.com\/masquenoticias.mx\/wp-content\/uploads\/2026\/03\/WhatsApp-Image-2026-03-10-at-5.56.17-PM-1.jpeg?fit=1280%2C1600&ssl=1\",\"keywords\":[\"Ciapacov\",\"Imades\"],\"articleSection\":[\"Estado\"],\"inLanguage\":\"es\",\"potentialAction\":[{\"@type\":\"CommentAction\",\"name\":\"Comment\",\"target\":[\"https:\/\/masquenoticias.mx\/index.php\/2026\/03\/11\/imades-y-ciapacov-invitan-a-infancias-y-juventudes-colimenses-al-concurso-de-dibujo-mi-historia-con-el-agua\/#respond\"]}]},{\"@type\":\"WebPage\",\"@id\":\"https:\/\/masquenoticias.mx\/index.php\/2026\/03\/11\/imades-y-ciapacov-invitan-a-infancias-y-juventudes-colimenses-al-concurso-de-dibujo-mi-historia-con-el-agua\/\",\"url\":\"https:\/\/masquenoticias.mx\/index.php\/2026\/03\/11\/imades-y-ciapacov-invitan-a-infancias-y-juventudes-colimenses-al-concurso-de-dibujo-mi-historia-con-el-agua\/\",\"name\":\"Imades y Ciapacov invitan a infancias y juventudes colimenses al concurso de dibujo 'Mi Historia con el Agua' - M\u00e1s Que Noticias\",\"isPartOf\":{\"@id\":\"https:\/\/masquenoticias.mx\/#website\"},\"primaryImageOfPage\":{\"@id\":\"https:\/\/masquenoticias.mx\/index.php\/2026\/03\/11\/imades-y-ciapacov-invitan-a-infancias-y-juventudes-colimenses-al-concurso-de-dibujo-mi-historia-con-el-agua\/#primaryimage\"},\"image\":{\"@id\":\"https:\/\/masquenoticias.mx\/index.php\/2026\/03\/11\/imades-y-ciapacov-invitan-a-infancias-y-juventudes-colimenses-al-concurso-de-dibujo-mi-historia-con-el-agua\/#primaryimage\"},\"thumbnailUrl\":\"https:\/\/i0.wp.com\/masquenoticias.mx\/wp-content\/uploads\/2026\/03\/WhatsApp-Image-2026-03-10-at-5.56.17-PM-1.jpeg?fit=1280%2C1600&ssl=1\",\"datePublished\":\"2026-03-12T04:18:08+00:00\",\"breadcrumb\":{\"@id\":\"https:\/\/masquenoticias.mx\/index.php\/2026\/03\/11\/imades-y-ciapacov-invitan-a-infancias-y-juventudes-colimenses-al-concurso-de-dibujo-mi-historia-con-el-agua\/#breadcrumb\"},\"inLanguage\":\"es\",\"potentialAction\":[{\"@type\":\"ReadAction\",\"target\":[\"https:\/\/masquenoticias.mx\/index.php\/2026\/03\/11\/imades-y-ciapacov-invitan-a-infancias-y-juventudes-colimenses-al-concurso-de-dibujo-mi-historia-con-el-agua\/\"]}]},{\"@type\":\"ImageObject\",\"inLanguage\":\"es\",\"@id\":\"https:\/\/masquenoticias.mx\/index.php\/2026\/03\/11\/imades-y-ciapacov-invitan-a-infancias-y-juventudes-colimenses-al-concurso-de-dibujo-mi-historia-con-el-agua\/#primaryimage\",\"url\":\"https:\/\/i0.wp.com\/masquenoticias.mx\/wp-content\/uploads\/2026\/03\/WhatsApp-Image-2026-03-10-at-5.56.17-PM-1.jpeg?fit=1280%2C1600&ssl=1\",\"contentUrl\":\"https:\/\/i0.wp.com\/masquenoticias.mx\/wp-content\/uploads\/2026\/03\/WhatsApp-Image-2026-03-10-at-5.56.17-PM-1.jpeg?fit=1280%2C1600&ssl=1\",\"width\":1280,\"height\":1600},{\"@type\":\"BreadcrumbList\",\"@id\":\"https:\/\/masquenoticias.mx\/index.php\/2026\/03\/11\/imades-y-ciapacov-invitan-a-infancias-y-juventudes-colimenses-al-concurso-de-dibujo-mi-historia-con-el-agua\/#breadcrumb\",\"itemListElement\":[{\"@type\":\"ListItem\",\"position\":1,\"name\":\"Inicio\",\"item\":\"https:\/\/masquenoticias.mx\/\"},{\"@type\":\"ListItem\",\"position\":2,\"name\":\"Imades y Ciapacov invitan a infancias y juventudes colimenses al concurso de dibujo &#8216;Mi Historia con el Agua&#8217;\"}]},{\"@type\":\"WebSite\",\"@id\":\"https:\/\/masquenoticias.mx\/#website\",\"url\":\"https:\/\/masquenoticias.mx\/\",\"name\":\"M\u00e1s Que Noticias\",\"description\":\"Noticias de Colima, M\u00e9xico y el Mundo\",\"publisher\":{\"@id\":\"https:\/\/masquenoticias.mx\/#organization\"},\"potentialAction\":[{\"@type\":\"SearchAction\",\"target\":{\"@type\":\"EntryPoint\",\"urlTemplate\":\"https:\/\/masquenoticias.mx\/?s={search_term_string}\"},\"query-input\":{\"@type\":\"PropertyValueSpecification\",\"valueRequired\":true,\"valueName\":\"search_term_string\"}}],\"inLanguage\":\"es\"},{\"@type\":\"Organization\",\"@id\":\"https:\/\/masquenoticias.mx\/#organization\",\"name\":\"M\u00e1s Que Noticias\",\"url\":\"https:\/\/masquenoticias.mx\/\",\"logo\":{\"@type\":\"ImageObject\",\"inLanguage\":\"es\",\"@id\":\"https:\/\/masquenoticias.mx\/#\/schema\/logo\/image\/\",\"url\":\"https:\/\/i0.wp.com\/masquenoticias.mx\/wp-content\/uploads\/2024\/04\/IMG_0004.png?fit=2560%2C1656&ssl=1\",\"contentUrl\":\"https:\/\/i0.wp.com\/masquenoticias.mx\/wp-content\/uploads\/2024\/04\/IMG_0004.png?fit=2560%2C1656&ssl=1\",\"width\":2560,\"height\":1656,\"caption\":\"M\u00e1s Que Noticias\"},\"image\":{\"@id\":\"https:\/\/masquenoticias.mx\/#\/schema\/logo\/image\/\"},\"sameAs\":[\"https:\/\/www.facebook.com\/masquenoticiascolima\",\"https:\/\/x.com\/edgartove\",\"https:\/\/www.instagram.com\/masquenoticiascolima\/\"]},{\"@type\":\"Person\",\"@id\":\"https:\/\/masquenoticias.mx\/#\/schema\/person\/544d19989ef23d34615f691f7a96e622\",\"name\":\"Redacci\u00f3n\",\"image\":{\"@type\":\"ImageObject\",\"inLanguage\":\"es\",\"@id\":\"https:\/\/masquenoticias.mx\/#\/schema\/person\/image\/\",\"url\":\"https:\/\/secure.gravatar.com\/avatar\/7fcc926d5b058d3f3d52d95b4d05dd58?s=96&d=mm&r=g\",\"contentUrl\":\"https:\/\/secure.gravatar.com\/avatar\/7fcc926d5b058d3f3d52d95b4d05dd58?s=96&d=mm&r=g\",\"caption\":\"Redacci\u00f3n\"},\"sameAs\":[\"http:\/\/masquenoticias.mx\"],\"url\":\"https:\/\/masquenoticias.mx\/index.php\/author\/edgartovegmail-com\/\"}]}<\/script>\n<!-- \/ Yoast SEO plugin. -->","yoast_head_json":{"title":"Imades y Ciapacov invitan a infancias y juventudes colimenses al concurso de dibujo 'Mi Historia con el Agua' - M\u00e1s Que Noticias","robots":{"index":"index","follow":"follow","max-snippet":"max-snippet:-1","max-image-preview":"max-image-preview:large","max-video-preview":"max-video-preview:-1"},"canonical":"https:\/\/masquenoticias.mx\/index.php\/2026\/03\/11\/imades-y-ciapacov-invitan-a-infancias-y-juventudes-colimenses-al-concurso-de-dibujo-mi-historia-con-el-agua\/","og_locale":"es_MX","og_type":"article","og_title":"Imades y Ciapacov invitan a infancias y juventudes colimenses al concurso de dibujo 'Mi Historia con el Agua' - M\u00e1s Que Noticias","og_description":"El Gobierno del Estado de Colima, a trav\u00e9s del Instituto para el Medio Ambiente y Desarrollo Sustentable (Imades) y la Comisi\u00f3n Intermunicipal de Agua Potable y Alcantarillado de Colima y Villa de \u00c1lvarez (Ciapacov), convoca a infancias y juventudes de la entidad a participar en el concurso de dibujo \u201cMi Historia con el Agua\u201d, realizado [&hellip;]","og_url":"https:\/\/masquenoticias.mx\/index.php\/2026\/03\/11\/imades-y-ciapacov-invitan-a-infancias-y-juventudes-colimenses-al-concurso-de-dibujo-mi-historia-con-el-agua\/","og_site_name":"M\u00e1s Que Noticias","article_publisher":"https:\/\/www.facebook.com\/masquenoticiascolima","article_published_time":"2026-03-12T04:18:08+00:00","og_image":[{"width":1280,"height":1600,"url":"https:\/\/masquenoticias.mx\/wp-content\/uploads\/2026\/03\/WhatsApp-Image-2026-03-10-at-5.56.17-PM-1.jpeg","type":"image\/jpeg"}],"author":"Redacci\u00f3n","twitter_card":"summary_large_image","twitter_creator":"@edgartove","twitter_site":"@edgartove","twitter_misc":{"Escrito por":"Redacci\u00f3n","Tiempo de lectura":"2 minutos"},"schema":{"@context":"https:\/\/schema.org","@graph":[{"@type":"Article","@id":"https:\/\/masquenoticias.mx\/index.php\/2026\/03\/11\/imades-y-ciapacov-invitan-a-infancias-y-juventudes-colimenses-al-concurso-de-dibujo-mi-historia-con-el-agua\/#article","isPartOf":{"@id":"https:\/\/masquenoticias.mx\/index.php\/2026\/03\/11\/imades-y-ciapacov-invitan-a-infancias-y-juventudes-colimenses-al-concurso-de-dibujo-mi-historia-con-el-agua\/"},"author":{"name":"Redacci\u00f3n","@id":"https:\/\/masquenoticias.mx\/#\/schema\/person\/544d19989ef23d34615f691f7a96e622"},"headline":"Imades y Ciapacov invitan a infancias y juventudes colimenses al concurso de dibujo &#8216;Mi Historia con el Agua&#8217;","datePublished":"2026-03-12T04:18:08+00:00","mainEntityOfPage":{"@id":"https:\/\/masquenoticias.mx\/index.php\/2026\/03\/11\/imades-y-ciapacov-invitan-a-infancias-y-juventudes-colimenses-al-concurso-de-dibujo-mi-historia-con-el-agua\/"},"wordCount":356,"commentCount":0,"publisher":{"@id":"https:\/\/masquenoticias.mx\/#organization"},"image":{"@id":"https:\/\/masquenoticias.mx\/index.php\/2026\/03\/11\/imades-y-ciapacov-invitan-a-infancias-y-juventudes-colimenses-al-concurso-de-dibujo-mi-historia-con-el-agua\/#primaryimage"},"thumbnailUrl":"https:\/\/i0.wp.com\/masquenoticias.mx\/wp-content\/uploads\/2026\/03\/WhatsApp-Image-2026-03-10-at-5.56.17-PM-1.jpeg?fit=1280%2C1600&ssl=1","keywords":["Ciapacov","Imades"],"articleSection":["Estado"],"inLanguage":"es","potentialAction":[{"@type":"CommentAction","name":"Comment","target":["https:\/\/masquenoticias.mx\/index.php\/2026\/03\/11\/imades-y-ciapacov-invitan-a-infancias-y-juventudes-colimenses-al-concurso-de-dibujo-mi-historia-con-el-agua\/#respond"]}]},{"@type":"WebPage","@id":"https:\/\/masquenoticias.mx\/index.php\/2026\/03\/11\/imades-y-ciapacov-invitan-a-infancias-y-juventudes-colimenses-al-concurso-de-dibujo-mi-historia-con-el-agua\/","url":"https:\/\/masquenoticias.mx\/index.php\/2026\/03\/11\/imades-y-ciapacov-invitan-a-infancias-y-juventudes-colimenses-al-concurso-de-dibujo-mi-historia-con-el-agua\/","name":"Imades y Ciapacov invitan a infancias y juventudes colimenses al concurso de dibujo 'Mi Historia con el Agua' - M\u00e1s Que Noticias","isPartOf":{"@id":"https:\/\/masquenoticias.mx\/#website"},"primaryImageOfPage":{"@id":"https:\/\/masquenoticias.mx\/index.php\/2026\/03\/11\/imades-y-ciapacov-invitan-a-infancias-y-juventudes-colimenses-al-concurso-de-dibujo-mi-historia-con-el-agua\/#primaryimage"},"image":{"@id":"https:\/\/masquenoticias.mx\/index.php\/2026\/03\/11\/imades-y-ciapacov-invitan-a-infancias-y-juventudes-colimenses-al-concurso-de-dibujo-mi-historia-con-el-agua\/#primaryimage"},"thumbnailUrl":"https:\/\/i0.wp.com\/masquenoticias.mx\/wp-content\/uploads\/2026\/03\/WhatsApp-Image-2026-03-10-at-5.56.17-PM-1.jpeg?fit=1280%2C1600&ssl=1","datePublished":"2026-03-12T04:18:08+00:00","breadcrumb":{"@id":"https:\/\/masquenoticias.mx\/index.php\/2026\/03\/11\/imades-y-ciapacov-invitan-a-infancias-y-juventudes-colimenses-al-concurso-de-dibujo-mi-historia-con-el-agua\/#breadcrumb"},"inLanguage":"es","potentialAction":[{"@type":"ReadAction","target":["https:\/\/masquenoticias.mx\/index.php\/2026\/03\/11\/imades-y-ciapacov-invitan-a-infancias-y-juventudes-colimenses-al-concurso-de-dibujo-mi-historia-con-el-agua\/"]}]},{"@type":"ImageObject","inLanguage":"es","@id":"https:\/\/masquenoticias.mx\/index.php\/2026\/03\/11\/imades-y-ciapacov-invitan-a-infancias-y-juventudes-colimenses-al-concurso-de-dibujo-mi-historia-con-el-agua\/#primaryimage","url":"https:\/\/i0.wp.com\/masquenoticias.mx\/wp-content\/uploads\/2026\/03\/WhatsApp-Image-2026-03-10-at-5.56.17-PM-1.jpeg?fit=1280%2C1600&ssl=1","contentUrl":"https:\/\/i0.wp.com\/masquenoticias.mx\/wp-content\/uploads\/2026\/03\/WhatsApp-Image-2026-03-10-at-5.56.17-PM-1.jpeg?fit=1280%2C1600&ssl=1","width":1280,"height":1600},{"@type":"BreadcrumbList","@id":"https:\/\/masquenoticias.mx\/index.php\/2026\/03\/11\/imades-y-ciapacov-invitan-a-infancias-y-juventudes-colimenses-al-concurso-de-dibujo-mi-historia-con-el-agua\/#breadcrumb","itemListElement":[{"@type":"ListItem","position":1,"name":"Inicio","item":"https:\/\/masquenoticias.mx\/"},{"@type":"ListItem","position":2,"name":"Imades y Ciapacov invitan a infancias y juventudes colimenses al concurso de dibujo &#8216;Mi Historia con el Agua&#8217;"}]},{"@type":"WebSite","@id":"https:\/\/masquenoticias.mx\/#website","url":"https:\/\/masquenoticias.mx\/","name":"M\u00e1s Que Noticias","description":"Noticias de Colima, M\u00e9xico y el Mundo","publisher":{"@id":"https:\/\/masquenoticias.mx\/#organization"},"potentialAction":[{"@type":"SearchAction","target":{"@type":"EntryPoint","urlTemplate":"https:\/\/masquenoticias.mx\/?s={search_term_string}"},"query-input":{"@type":"PropertyValueSpecification","valueRequired":true,"valueName":"search_term_string"}}],"inLanguage":"es"},{"@type":"Organization","@id":"https:\/\/masquenoticias.mx\/#organization","name":"M\u00e1s Que Noticias","url":"https:\/\/masquenoticias.mx\/","logo":{"@type":"ImageObject","inLanguage":"es","@id":"https:\/\/masquenoticias.mx\/#\/schema\/logo\/image\/","url":"https:\/\/i0.wp.com\/masquenoticias.mx\/wp-content\/uploads\/2024\/04\/IMG_0004.png?fit=2560%2C1656&ssl=1","contentUrl":"https:\/\/i0.wp.com\/masquenoticias.mx\/wp-content\/uploads\/2024\/04\/IMG_0004.png?fit=2560%2C1656&ssl=1","width":2560,"height":1656,"caption":"M\u00e1s Que Noticias"},"image":{"@id":"https:\/\/masquenoticias.mx\/#\/schema\/logo\/image\/"},"sameAs":["https:\/\/www.facebook.com\/masquenoticiascolima","https:\/\/x.com\/edgartove","https:\/\/www.instagram.com\/masquenoticiascolima\/"]},{"@type":"Person","@id":"https:\/\/masquenoticias.mx\/#\/schema\/person\/544d19989ef23d34615f691f7a96e622","name":"Redacci\u00f3n","image":{"@type":"ImageObject","inLanguage":"es","@id":"https:\/\/masquenoticias.mx\/#\/schema\/person\/image\/","url":"https:\/\/secure.gravatar.com\/avatar\/7fcc926d5b058d3f3d52d95b4d05dd58?s=96&d=mm&r=g","contentUrl":"https:\/\/secure.gravatar.com\/avatar\/7fcc926d5b058d3f3d52d95b4d05dd58?s=96&d=mm&r=g","caption":"Redacci\u00f3n"},"sameAs":["http:\/\/masquenoticias.mx"],"url":"https:\/\/masquenoticias.mx\/index.php\/author\/edgartovegmail-com\/"}]}},"jetpack_featured_media_url":"https:\/\/i0.wp.com\/masquenoticias.mx\/wp-content\/uploads\/2026\/03\/WhatsApp-Image-2026-03-10-at-5.56.17-PM-1.jpeg?fit=1280%2C1600&ssl=1","blog_post_layout_featured_media_urls":{"thumbnail":["https:\/\/i0.wp.com\/masquenoticias.mx\/wp-content\/uploads\/2026\/03\/WhatsApp-Image-2026-03-10-at-5.56.17-PM-1.jpeg?resize=150%2C150&ssl=1",150,150,true],"full":["https:\/\/i0.wp.com\/masquenoticias.mx\/wp-content\/uploads\/2026\/03\/WhatsApp-Image-2026-03-10-at-5.56.17-PM-1.jpeg?fit=1280%2C1600&ssl=1",1280,1600,false]},"categories_names":{"24":{"name":"Estado","link":"https:\/\/masquenoticias.mx\/index.php\/category\/estado\/"}},"tags_names":{"76":{"name":"Ciapacov","link":"https:\/\/masquenoticias.mx\/index.php\/tag\/ciapacov\/"},"92":{"name":"Imades","link":"https:\/\/masquenoticias.mx\/index.php\/tag\/imades\/"}},"comments_number":"0","wpmagazine_modules_lite_featured_media_urls":{"thumbnail":["https:\/\/i0.wp.com\/masquenoticias.mx\/wp-content\/uploads\/2026\/03\/WhatsApp-Image-2026-03-10-at-5.56.17-PM-1.jpeg?resize=150%2C150&ssl=1",150,150,true],"cvmm-medium":["https:\/\/i0.wp.com\/masquenoticias.mx\/wp-content\/uploads\/2026\/03\/WhatsApp-Image-2026-03-10-at-5.56.17-PM-1.jpeg?resize=300%2C300&ssl=1",300,300,true],"cvmm-medium-plus":["https:\/\/i0.wp.com\/masquenoticias.mx\/wp-content\/uploads\/2026\/03\/WhatsApp-Image-2026-03-10-at-5.56.17-PM-1.jpeg?resize=305%2C207&ssl=1",305,207,true],"cvmm-portrait":["https:\/\/i0.wp.com\/masquenoticias.mx\/wp-content\/uploads\/2026\/03\/WhatsApp-Image-2026-03-10-at-5.56.17-PM-1.jpeg?resize=400%2C600&ssl=1",400,600,true],"cvmm-medium-square":["https:\/\/i0.wp.com\/masquenoticias.mx\/wp-content\/uploads\/2026\/03\/WhatsApp-Image-2026-03-10-at-5.56.17-PM-1.jpeg?resize=600%2C600&ssl=1",600,600,true],"cvmm-large":["https:\/\/i0.wp.com\/masquenoticias.mx\/wp-content\/uploads\/2026\/03\/WhatsApp-Image-2026-03-10-at-5.56.17-PM-1.jpeg?resize=1024%2C1024&ssl=1",1024,1024,true],"cvmm-small":["https:\/\/i0.wp.com\/masquenoticias.mx\/wp-content\/uploads\/2026\/03\/WhatsApp-Image-2026-03-10-at-5.56.17-PM-1.jpeg?resize=130%2C95&ssl=1",130,95,true],"full":["https:\/\/i0.wp.com\/masquenoticias.mx\/wp-content\/uploads\/2026\/03\/WhatsApp-Image-2026-03-10-at-5.56.17-PM-1.jpeg?fit=1280%2C1600&ssl=1",1280,1600,false]},"jetpack-related-posts":[],"jetpack_sharing_enabled":true,"jetpack_likes_enabled":true,"jetpack_shortlink":"https:\/\/wp.me\/pf7pkt-5DS","_links":{"self":[{"href":"https:\/\/masquenoticias.mx\/index.php\/wp-json\/wp\/v2\/posts\/21692","targetHints":{"allow":["GET"]}}],"collection":[{"href":"https:\/\/masquenoticias.mx\/index.php\/wp-json\/wp\/v2\/posts"}],"about":[{"href":"https:\/\/masquenoticias.mx\/index.php\/wp-json\/wp\/v2\/types\/post"}],"author":[{"embeddable":true,"href":"https:\/\/masquenoticias.mx\/index.php\/wp-json\/wp\/v2\/users\/1"}],"replies":[{"embeddable":true,"href":"https:\/\/masquenoticias.mx\/index.php\/wp-json\/wp\/v2\/comments?post=21692"}],"version-history":[{"count":1,"href":"https:\/\/masquenoticias.mx\/index.php\/wp-json\/wp\/v2\/posts\/21692\/revisions"}],"predecessor-version":[{"id":21694,"href":"https:\/\/masquenoticias.mx\/index.php\/wp-json\/wp\/v2\/posts\/21692\/revisions\/21694"}],"wp:featuredmedia":[{"embeddable":true,"href":"https:\/\/masquenoticias.mx\/index.php\/wp-json\/wp\/v2\/media\/21693"}],"wp:attachment":[{"href":"https:\/\/masquenoticias.mx\/index.php\/wp-json\/wp\/v2\/media?parent=21692"}],"wp:term":[{"taxonomy":"category","embeddable":true,"href":"https:\/\/masquenoticias.mx\/index.php\/wp-json\/wp\/v2\/categories?post=21692"},{"taxonomy":"post_tag","embeddable":true,"href":"https:\/\/masquenoticias.mx\/index.php\/wp-json\/wp\/v2\/tags?post=21692"}],"curies":[{"name":"wp","href":"https:\/\/api.w.org\/{rel}","templated":true}]}}