{"id":21686,"date":"2026-03-11T22:07:25","date_gmt":"2026-03-12T04:07:25","guid":{"rendered":"https:\/\/masquenoticias.mx\/?p=21686"},"modified":"2026-03-11T22:07:25","modified_gmt":"2026-03-12T04:07:25","slug":"cambian-temporalmente-la-sede-del-recinto-legislativo-al-palacio-de-gobierno","status":"publish","type":"post","link":"https:\/\/masquenoticias.mx\/index.php\/2026\/03\/11\/cambian-temporalmente-la-sede-del-recinto-legislativo-al-palacio-de-gobierno\/","title":{"rendered":"Cambian temporalmente la sede del recinto Legislativo al Palacio de Gobierno"},"content":{"rendered":"<p>Por unanimidad, el pleno de la LXI Legislatura del H. Congreso del Estado de Colima, aprob\u00f3 declarar como Recinto Legislativo, el Auditorio del Museo de Palacio de Gobierno de Colima, a partir de este 11 de marzo y hasta el 31 de agosto de 2026.<\/p>\n<p>El dictamen elaborado por la Comisi\u00f3n de Justicia, Gobernaci\u00f3n y Poderes, indica que el cambio del Recinto Legislativo \u00fanicamente ser\u00e1 para la realizaci\u00f3n de las sesiones del Pleno del H. Congreso del Estado, sin que ello signifique un cambio temporal de residencia del Congreso, ya que \u00e9ste permanecer\u00e1 en el domicilio actual, en el que se continuar\u00e1 realizando los trabajos administrativos y seguir\u00e1 siendo el domicilio oficial para recibir notificaciones y correspondencia.<\/p>\n<p>Inicia rehabilitaci\u00f3n del edificio del Congreso<\/p>\n<p>Previo a la sesi\u00f3n extraordinaria, la diputada presidenta de la Junta de Gobierno y Coordinaci\u00f3n Pol\u00edtica (JUCOPO), Andrea Naranjo Alcaraz, declar\u00f3 que el edificio del Poder Legislativo iniciar\u00e1 un proceso de rehabilitaci\u00f3n con el objetivo de mejorar las condiciones de seguridad, accesibilidad y funcionamiento de este espacio p\u00fablico, al que diariamente acuden las y los colimenses.<\/p>\n<p>Mencion\u00f3 que la intervenci\u00f3n en la casa del pueblo, responde principalmente a la necesidad de cumplir con lineamientos de Protecci\u00f3n Civil, que las y los trabajadores laboren en condiciones dignas, atender aspectos de mantenimiento que se han acumulado con el paso del tiempo y garantizar que el inmueble contin\u00fae operando de manera segura.<\/p>\n<p>La presidenta de JUCOPO, refiri\u00f3 que la rehabilitaci\u00f3n se realizar\u00e1 de manera ordenada, previendo que concluya en el mes de octubre de 2026. La inversi\u00f3n ser\u00e1 de 15.7 millones de pesos. Recalc\u00f3 que no se trata de un costo extra para las y los colimenses, ya que una parte de los recursos que se invertir\u00e1n viene de ahorros del presupuesto anual del propio Poder Legislativo que se hicieron en la anterior y lo que va de la actual Legislatura, mientras que la otra parte ser\u00e1 aportada por el Gobierno del Estado, gracias a la buena voluntad y empat\u00eda con las y los trabajadores de la Gobernadora Indira Vizca\u00edno, quien se ha dado cuenta las condiciones en las que muchos de ellos laboran.<\/p>\n<p>Entre los trabajos contemplados se encuentran la colocaci\u00f3n de un elevador para facilitar el ingreso y desplazamiento a la segunda planta de personas con discapacidad o movilidad limitada, la remodelaci\u00f3n de oficinas administrativas, construcci\u00f3n de una sala para reuniones, rehabilitaci\u00f3n de butacas y alfombra en el pleno, as\u00ed como acondicionamiento de las instalaciones que permitan un uso m\u00e1s eficiente de energ\u00eda y servicios.<\/p>\n<p>La diputada Andrea Naranjo Alcaraz reiter\u00f3 que, la rehabilitaci\u00f3n permitir\u00e1 contar con instalaciones m\u00e1s seguras, accesibles y funcionales, en beneficio tanto del personal que ah\u00ed labora como de la ciudadan\u00eda que acude a realizar diversos tr\u00e1mites y asistir a las actividades en la sede del Congreso del Estado.<\/p>\n","protected":false},"excerpt":{"rendered":"<p>Por unanimidad, el pleno de la LXI Legislatura del H. Congreso del Estado de Colima, aprob\u00f3 declarar como Recinto Legislativo, el Auditorio del Museo de Palacio de Gobierno de Colima, a partir de este 11 de marzo y hasta el 31 de agosto de 2026. El dictamen elaborado por la Comisi\u00f3n de Justicia, Gobernaci\u00f3n y [&hellip;]<\/p>\n","protected":false},"author":1,"featured_media":21687,"comment_status":"open","ping_status":"open","sticky":false,"template":"","format":"standard","meta":{"_jetpack_memberships_contains_paid_content":false,"footnotes":""},"categories":[32],"tags":[628],"class_list":["post-21686","post","type-post","status-publish","format-standard","has-post-thumbnail","hentry","category-politica","tag-congreso-colima"],"yoast_head":"<!-- This site is optimized with the Yoast SEO plugin v26.6 - https:\/\/yoast.com\/wordpress\/plugins\/seo\/ -->\n<title>Cambian temporalmente la sede del recinto Legislativo al Palacio de Gobierno - M\u00e1s Que Noticias<\/title>\n<meta name=\"robots\" content=\"index, follow, max-snippet:-1, max-image-preview:large, max-video-preview:-1\" \/>\n<link rel=\"canonical\" href=\"https:\/\/masquenoticias.mx\/index.php\/2026\/03\/11\/cambian-temporalmente-la-sede-del-recinto-legislativo-al-palacio-de-gobierno\/\" \/>\n<meta property=\"og:locale\" content=\"es_MX\" \/>\n<meta property=\"og:type\" content=\"article\" \/>\n<meta property=\"og:title\" content=\"Cambian temporalmente la sede del recinto Legislativo al Palacio de Gobierno - M\u00e1s Que Noticias\" \/>\n<meta property=\"og:description\" content=\"Por unanimidad, el pleno de la LXI Legislatura del H. Congreso del Estado de Colima, aprob\u00f3 declarar como Recinto Legislativo, el Auditorio del Museo de Palacio de Gobierno de Colima, a partir de este 11 de marzo y hasta el 31 de agosto de 2026. El dictamen elaborado por la Comisi\u00f3n de Justicia, Gobernaci\u00f3n y [&hellip;]\" \/>\n<meta property=\"og:url\" content=\"https:\/\/masquenoticias.mx\/index.php\/2026\/03\/11\/cambian-temporalmente-la-sede-del-recinto-legislativo-al-palacio-de-gobierno\/\" \/>\n<meta property=\"og:site_name\" content=\"M\u00e1s Que Noticias\" \/>\n<meta property=\"article:publisher\" content=\"https:\/\/www.facebook.com\/masquenoticiascolima\" \/>\n<meta property=\"article:published_time\" content=\"2026-03-12T04:07:25+00:00\" \/>\n<meta property=\"og:image\" content=\"https:\/\/masquenoticias.mx\/wp-content\/uploads\/2026\/03\/WhatsApp-Image-2026-03-11-at-1.59.41-PM.jpeg\" \/>\n\t<meta property=\"og:image:width\" content=\"1280\" \/>\n\t<meta property=\"og:image:height\" content=\"853\" \/>\n\t<meta property=\"og:image:type\" content=\"image\/jpeg\" \/>\n<meta name=\"author\" content=\"Redacci\u00f3n\" \/>\n<meta name=\"twitter:card\" content=\"summary_large_image\" \/>\n<meta name=\"twitter:creator\" content=\"@edgartove\" \/>\n<meta name=\"twitter:site\" content=\"@edgartove\" \/>\n<meta name=\"twitter:label1\" content=\"Escrito por\" \/>\n\t<meta name=\"twitter:data1\" content=\"Redacci\u00f3n\" \/>\n\t<meta name=\"twitter:label2\" content=\"Tiempo de lectura\" \/>\n\t<meta name=\"twitter:data2\" content=\"3 minutos\" \/>\n<script type=\"application\/ld+json\" class=\"yoast-schema-graph\">{\"@context\":\"https:\/\/schema.org\",\"@graph\":[{\"@type\":\"Article\",\"@id\":\"https:\/\/masquenoticias.mx\/index.php\/2026\/03\/11\/cambian-temporalmente-la-sede-del-recinto-legislativo-al-palacio-de-gobierno\/#article\",\"isPartOf\":{\"@id\":\"https:\/\/masquenoticias.mx\/index.php\/2026\/03\/11\/cambian-temporalmente-la-sede-del-recinto-legislativo-al-palacio-de-gobierno\/\"},\"author\":{\"name\":\"Redacci\u00f3n\",\"@id\":\"https:\/\/masquenoticias.mx\/#\/schema\/person\/544d19989ef23d34615f691f7a96e622\"},\"headline\":\"Cambian temporalmente la sede del recinto Legislativo al Palacio de Gobierno\",\"datePublished\":\"2026-03-12T04:07:25+00:00\",\"mainEntityOfPage\":{\"@id\":\"https:\/\/masquenoticias.mx\/index.php\/2026\/03\/11\/cambian-temporalmente-la-sede-del-recinto-legislativo-al-palacio-de-gobierno\/\"},\"wordCount\":498,\"commentCount\":0,\"publisher\":{\"@id\":\"https:\/\/masquenoticias.mx\/#organization\"},\"image\":{\"@id\":\"https:\/\/masquenoticias.mx\/index.php\/2026\/03\/11\/cambian-temporalmente-la-sede-del-recinto-legislativo-al-palacio-de-gobierno\/#primaryimage\"},\"thumbnailUrl\":\"https:\/\/i0.wp.com\/masquenoticias.mx\/wp-content\/uploads\/2026\/03\/WhatsApp-Image-2026-03-11-at-1.59.41-PM.jpeg?fit=1280%2C853&ssl=1\",\"keywords\":[\"Congreso Colima\"],\"articleSection\":[\"Pol\u00edtica\"],\"inLanguage\":\"es\",\"potentialAction\":[{\"@type\":\"CommentAction\",\"name\":\"Comment\",\"target\":[\"https:\/\/masquenoticias.mx\/index.php\/2026\/03\/11\/cambian-temporalmente-la-sede-del-recinto-legislativo-al-palacio-de-gobierno\/#respond\"]}]},{\"@type\":\"WebPage\",\"@id\":\"https:\/\/masquenoticias.mx\/index.php\/2026\/03\/11\/cambian-temporalmente-la-sede-del-recinto-legislativo-al-palacio-de-gobierno\/\",\"url\":\"https:\/\/masquenoticias.mx\/index.php\/2026\/03\/11\/cambian-temporalmente-la-sede-del-recinto-legislativo-al-palacio-de-gobierno\/\",\"name\":\"Cambian temporalmente la sede del recinto Legislativo al Palacio de Gobierno - M\u00e1s Que Noticias\",\"isPartOf\":{\"@id\":\"https:\/\/masquenoticias.mx\/#website\"},\"primaryImageOfPage\":{\"@id\":\"https:\/\/masquenoticias.mx\/index.php\/2026\/03\/11\/cambian-temporalmente-la-sede-del-recinto-legislativo-al-palacio-de-gobierno\/#primaryimage\"},\"image\":{\"@id\":\"https:\/\/masquenoticias.mx\/index.php\/2026\/03\/11\/cambian-temporalmente-la-sede-del-recinto-legislativo-al-palacio-de-gobierno\/#primaryimage\"},\"thumbnailUrl\":\"https:\/\/i0.wp.com\/masquenoticias.mx\/wp-content\/uploads\/2026\/03\/WhatsApp-Image-2026-03-11-at-1.59.41-PM.jpeg?fit=1280%2C853&ssl=1\",\"datePublished\":\"2026-03-12T04:07:25+00:00\",\"breadcrumb\":{\"@id\":\"https:\/\/masquenoticias.mx\/index.php\/2026\/03\/11\/cambian-temporalmente-la-sede-del-recinto-legislativo-al-palacio-de-gobierno\/#breadcrumb\"},\"inLanguage\":\"es\",\"potentialAction\":[{\"@type\":\"ReadAction\",\"target\":[\"https:\/\/masquenoticias.mx\/index.php\/2026\/03\/11\/cambian-temporalmente-la-sede-del-recinto-legislativo-al-palacio-de-gobierno\/\"]}]},{\"@type\":\"ImageObject\",\"inLanguage\":\"es\",\"@id\":\"https:\/\/masquenoticias.mx\/index.php\/2026\/03\/11\/cambian-temporalmente-la-sede-del-recinto-legislativo-al-palacio-de-gobierno\/#primaryimage\",\"url\":\"https:\/\/i0.wp.com\/masquenoticias.mx\/wp-content\/uploads\/2026\/03\/WhatsApp-Image-2026-03-11-at-1.59.41-PM.jpeg?fit=1280%2C853&ssl=1\",\"contentUrl\":\"https:\/\/i0.wp.com\/masquenoticias.mx\/wp-content\/uploads\/2026\/03\/WhatsApp-Image-2026-03-11-at-1.59.41-PM.jpeg?fit=1280%2C853&ssl=1\",\"width\":1280,\"height\":853},{\"@type\":\"BreadcrumbList\",\"@id\":\"https:\/\/masquenoticias.mx\/index.php\/2026\/03\/11\/cambian-temporalmente-la-sede-del-recinto-legislativo-al-palacio-de-gobierno\/#breadcrumb\",\"itemListElement\":[{\"@type\":\"ListItem\",\"position\":1,\"name\":\"Inicio\",\"item\":\"https:\/\/masquenoticias.mx\/\"},{\"@type\":\"ListItem\",\"position\":2,\"name\":\"Cambian temporalmente la sede del recinto Legislativo al Palacio de Gobierno\"}]},{\"@type\":\"WebSite\",\"@id\":\"https:\/\/masquenoticias.mx\/#website\",\"url\":\"https:\/\/masquenoticias.mx\/\",\"name\":\"M\u00e1s Que Noticias\",\"description\":\"Noticias de Colima, M\u00e9xico y el Mundo\",\"publisher\":{\"@id\":\"https:\/\/masquenoticias.mx\/#organization\"},\"potentialAction\":[{\"@type\":\"SearchAction\",\"target\":{\"@type\":\"EntryPoint\",\"urlTemplate\":\"https:\/\/masquenoticias.mx\/?s={search_term_string}\"},\"query-input\":{\"@type\":\"PropertyValueSpecification\",\"valueRequired\":true,\"valueName\":\"search_term_string\"}}],\"inLanguage\":\"es\"},{\"@type\":\"Organization\",\"@id\":\"https:\/\/masquenoticias.mx\/#organization\",\"name\":\"M\u00e1s Que Noticias\",\"url\":\"https:\/\/masquenoticias.mx\/\",\"logo\":{\"@type\":\"ImageObject\",\"inLanguage\":\"es\",\"@id\":\"https:\/\/masquenoticias.mx\/#\/schema\/logo\/image\/\",\"url\":\"https:\/\/i0.wp.com\/masquenoticias.mx\/wp-content\/uploads\/2024\/04\/IMG_0004.png?fit=2560%2C1656&ssl=1\",\"contentUrl\":\"https:\/\/i0.wp.com\/masquenoticias.mx\/wp-content\/uploads\/2024\/04\/IMG_0004.png?fit=2560%2C1656&ssl=1\",\"width\":2560,\"height\":1656,\"caption\":\"M\u00e1s Que Noticias\"},\"image\":{\"@id\":\"https:\/\/masquenoticias.mx\/#\/schema\/logo\/image\/\"},\"sameAs\":[\"https:\/\/www.facebook.com\/masquenoticiascolima\",\"https:\/\/x.com\/edgartove\",\"https:\/\/www.instagram.com\/masquenoticiascolima\/\"]},{\"@type\":\"Person\",\"@id\":\"https:\/\/masquenoticias.mx\/#\/schema\/person\/544d19989ef23d34615f691f7a96e622\",\"name\":\"Redacci\u00f3n\",\"image\":{\"@type\":\"ImageObject\",\"inLanguage\":\"es\",\"@id\":\"https:\/\/masquenoticias.mx\/#\/schema\/person\/image\/\",\"url\":\"https:\/\/secure.gravatar.com\/avatar\/7fcc926d5b058d3f3d52d95b4d05dd58?s=96&d=mm&r=g\",\"contentUrl\":\"https:\/\/secure.gravatar.com\/avatar\/7fcc926d5b058d3f3d52d95b4d05dd58?s=96&d=mm&r=g\",\"caption\":\"Redacci\u00f3n\"},\"sameAs\":[\"http:\/\/masquenoticias.mx\"],\"url\":\"https:\/\/masquenoticias.mx\/index.php\/author\/edgartovegmail-com\/\"}]}<\/script>\n<!-- \/ Yoast SEO plugin. -->","yoast_head_json":{"title":"Cambian temporalmente la sede del recinto Legislativo al Palacio de Gobierno - M\u00e1s Que Noticias","robots":{"index":"index","follow":"follow","max-snippet":"max-snippet:-1","max-image-preview":"max-image-preview:large","max-video-preview":"max-video-preview:-1"},"canonical":"https:\/\/masquenoticias.mx\/index.php\/2026\/03\/11\/cambian-temporalmente-la-sede-del-recinto-legislativo-al-palacio-de-gobierno\/","og_locale":"es_MX","og_type":"article","og_title":"Cambian temporalmente la sede del recinto Legislativo al Palacio de Gobierno - M\u00e1s Que Noticias","og_description":"Por unanimidad, el pleno de la LXI Legislatura del H. Congreso del Estado de Colima, aprob\u00f3 declarar como Recinto Legislativo, el Auditorio del Museo de Palacio de Gobierno de Colima, a partir de este 11 de marzo y hasta el 31 de agosto de 2026. El dictamen elaborado por la Comisi\u00f3n de Justicia, Gobernaci\u00f3n y [&hellip;]","og_url":"https:\/\/masquenoticias.mx\/index.php\/2026\/03\/11\/cambian-temporalmente-la-sede-del-recinto-legislativo-al-palacio-de-gobierno\/","og_site_name":"M\u00e1s Que Noticias","article_publisher":"https:\/\/www.facebook.com\/masquenoticiascolima","article_published_time":"2026-03-12T04:07:25+00:00","og_image":[{"width":1280,"height":853,"url":"https:\/\/masquenoticias.mx\/wp-content\/uploads\/2026\/03\/WhatsApp-Image-2026-03-11-at-1.59.41-PM.jpeg","type":"image\/jpeg"}],"author":"Redacci\u00f3n","twitter_card":"summary_large_image","twitter_creator":"@edgartove","twitter_site":"@edgartove","twitter_misc":{"Escrito por":"Redacci\u00f3n","Tiempo de lectura":"3 minutos"},"schema":{"@context":"https:\/\/schema.org","@graph":[{"@type":"Article","@id":"https:\/\/masquenoticias.mx\/index.php\/2026\/03\/11\/cambian-temporalmente-la-sede-del-recinto-legislativo-al-palacio-de-gobierno\/#article","isPartOf":{"@id":"https:\/\/masquenoticias.mx\/index.php\/2026\/03\/11\/cambian-temporalmente-la-sede-del-recinto-legislativo-al-palacio-de-gobierno\/"},"author":{"name":"Redacci\u00f3n","@id":"https:\/\/masquenoticias.mx\/#\/schema\/person\/544d19989ef23d34615f691f7a96e622"},"headline":"Cambian temporalmente la sede del recinto Legislativo al Palacio de Gobierno","datePublished":"2026-03-12T04:07:25+00:00","mainEntityOfPage":{"@id":"https:\/\/masquenoticias.mx\/index.php\/2026\/03\/11\/cambian-temporalmente-la-sede-del-recinto-legislativo-al-palacio-de-gobierno\/"},"wordCount":498,"commentCount":0,"publisher":{"@id":"https:\/\/masquenoticias.mx\/#organization"},"image":{"@id":"https:\/\/masquenoticias.mx\/index.php\/2026\/03\/11\/cambian-temporalmente-la-sede-del-recinto-legislativo-al-palacio-de-gobierno\/#primaryimage"},"thumbnailUrl":"https:\/\/i0.wp.com\/masquenoticias.mx\/wp-content\/uploads\/2026\/03\/WhatsApp-Image-2026-03-11-at-1.59.41-PM.jpeg?fit=1280%2C853&ssl=1","keywords":["Congreso Colima"],"articleSection":["Pol\u00edtica"],"inLanguage":"es","potentialAction":[{"@type":"CommentAction","name":"Comment","target":["https:\/\/masquenoticias.mx\/index.php\/2026\/03\/11\/cambian-temporalmente-la-sede-del-recinto-legislativo-al-palacio-de-gobierno\/#respond"]}]},{"@type":"WebPage","@id":"https:\/\/masquenoticias.mx\/index.php\/2026\/03\/11\/cambian-temporalmente-la-sede-del-recinto-legislativo-al-palacio-de-gobierno\/","url":"https:\/\/masquenoticias.mx\/index.php\/2026\/03\/11\/cambian-temporalmente-la-sede-del-recinto-legislativo-al-palacio-de-gobierno\/","name":"Cambian temporalmente la sede del recinto Legislativo al Palacio de Gobierno - M\u00e1s Que Noticias","isPartOf":{"@id":"https:\/\/masquenoticias.mx\/#website"},"primaryImageOfPage":{"@id":"https:\/\/masquenoticias.mx\/index.php\/2026\/03\/11\/cambian-temporalmente-la-sede-del-recinto-legislativo-al-palacio-de-gobierno\/#primaryimage"},"image":{"@id":"https:\/\/masquenoticias.mx\/index.php\/2026\/03\/11\/cambian-temporalmente-la-sede-del-recinto-legislativo-al-palacio-de-gobierno\/#primaryimage"},"thumbnailUrl":"https:\/\/i0.wp.com\/masquenoticias.mx\/wp-content\/uploads\/2026\/03\/WhatsApp-Image-2026-03-11-at-1.59.41-PM.jpeg?fit=1280%2C853&ssl=1","datePublished":"2026-03-12T04:07:25+00:00","breadcrumb":{"@id":"https:\/\/masquenoticias.mx\/index.php\/2026\/03\/11\/cambian-temporalmente-la-sede-del-recinto-legislativo-al-palacio-de-gobierno\/#breadcrumb"},"inLanguage":"es","potentialAction":[{"@type":"ReadAction","target":["https:\/\/masquenoticias.mx\/index.php\/2026\/03\/11\/cambian-temporalmente-la-sede-del-recinto-legislativo-al-palacio-de-gobierno\/"]}]},{"@type":"ImageObject","inLanguage":"es","@id":"https:\/\/masquenoticias.mx\/index.php\/2026\/03\/11\/cambian-temporalmente-la-sede-del-recinto-legislativo-al-palacio-de-gobierno\/#primaryimage","url":"https:\/\/i0.wp.com\/masquenoticias.mx\/wp-content\/uploads\/2026\/03\/WhatsApp-Image-2026-03-11-at-1.59.41-PM.jpeg?fit=1280%2C853&ssl=1","contentUrl":"https:\/\/i0.wp.com\/masquenoticias.mx\/wp-content\/uploads\/2026\/03\/WhatsApp-Image-2026-03-11-at-1.59.41-PM.jpeg?fit=1280%2C853&ssl=1","width":1280,"height":853},{"@type":"BreadcrumbList","@id":"https:\/\/masquenoticias.mx\/index.php\/2026\/03\/11\/cambian-temporalmente-la-sede-del-recinto-legislativo-al-palacio-de-gobierno\/#breadcrumb","itemListElement":[{"@type":"ListItem","position":1,"name":"Inicio","item":"https:\/\/masquenoticias.mx\/"},{"@type":"ListItem","position":2,"name":"Cambian temporalmente la sede del recinto Legislativo al Palacio de Gobierno"}]},{"@type":"WebSite","@id":"https:\/\/masquenoticias.mx\/#website","url":"https:\/\/masquenoticias.mx\/","name":"M\u00e1s Que Noticias","description":"Noticias de Colima, M\u00e9xico y el Mundo","publisher":{"@id":"https:\/\/masquenoticias.mx\/#organization"},"potentialAction":[{"@type":"SearchAction","target":{"@type":"EntryPoint","urlTemplate":"https:\/\/masquenoticias.mx\/?s={search_term_string}"},"query-input":{"@type":"PropertyValueSpecification","valueRequired":true,"valueName":"search_term_string"}}],"inLanguage":"es"},{"@type":"Organization","@id":"https:\/\/masquenoticias.mx\/#organization","name":"M\u00e1s Que Noticias","url":"https:\/\/masquenoticias.mx\/","logo":{"@type":"ImageObject","inLanguage":"es","@id":"https:\/\/masquenoticias.mx\/#\/schema\/logo\/image\/","url":"https:\/\/i0.wp.com\/masquenoticias.mx\/wp-content\/uploads\/2024\/04\/IMG_0004.png?fit=2560%2C1656&ssl=1","contentUrl":"https:\/\/i0.wp.com\/masquenoticias.mx\/wp-content\/uploads\/2024\/04\/IMG_0004.png?fit=2560%2C1656&ssl=1","width":2560,"height":1656,"caption":"M\u00e1s Que Noticias"},"image":{"@id":"https:\/\/masquenoticias.mx\/#\/schema\/logo\/image\/"},"sameAs":["https:\/\/www.facebook.com\/masquenoticiascolima","https:\/\/x.com\/edgartove","https:\/\/www.instagram.com\/masquenoticiascolima\/"]},{"@type":"Person","@id":"https:\/\/masquenoticias.mx\/#\/schema\/person\/544d19989ef23d34615f691f7a96e622","name":"Redacci\u00f3n","image":{"@type":"ImageObject","inLanguage":"es","@id":"https:\/\/masquenoticias.mx\/#\/schema\/person\/image\/","url":"https:\/\/secure.gravatar.com\/avatar\/7fcc926d5b058d3f3d52d95b4d05dd58?s=96&d=mm&r=g","contentUrl":"https:\/\/secure.gravatar.com\/avatar\/7fcc926d5b058d3f3d52d95b4d05dd58?s=96&d=mm&r=g","caption":"Redacci\u00f3n"},"sameAs":["http:\/\/masquenoticias.mx"],"url":"https:\/\/masquenoticias.mx\/index.php\/author\/edgartovegmail-com\/"}]}},"jetpack_featured_media_url":"https:\/\/i0.wp.com\/masquenoticias.mx\/wp-content\/uploads\/2026\/03\/WhatsApp-Image-2026-03-11-at-1.59.41-PM.jpeg?fit=1280%2C853&ssl=1","blog_post_layout_featured_media_urls":{"thumbnail":["https:\/\/i0.wp.com\/masquenoticias.mx\/wp-content\/uploads\/2026\/03\/WhatsApp-Image-2026-03-11-at-1.59.41-PM.jpeg?resize=150%2C150&ssl=1",150,150,true],"full":["https:\/\/i0.wp.com\/masquenoticias.mx\/wp-content\/uploads\/2026\/03\/WhatsApp-Image-2026-03-11-at-1.59.41-PM.jpeg?fit=1280%2C853&ssl=1",1280,853,false]},"categories_names":{"32":{"name":"Pol\u00edtica","link":"https:\/\/masquenoticias.mx\/index.php\/category\/politica\/"}},"tags_names":{"628":{"name":"Congreso Colima","link":"https:\/\/masquenoticias.mx\/index.php\/tag\/congreso-colima\/"}},"comments_number":"0","wpmagazine_modules_lite_featured_media_urls":{"thumbnail":["https:\/\/i0.wp.com\/masquenoticias.mx\/wp-content\/uploads\/2026\/03\/WhatsApp-Image-2026-03-11-at-1.59.41-PM.jpeg?resize=150%2C150&ssl=1",150,150,true],"cvmm-medium":["https:\/\/i0.wp.com\/masquenoticias.mx\/wp-content\/uploads\/2026\/03\/WhatsApp-Image-2026-03-11-at-1.59.41-PM.jpeg?resize=300%2C300&ssl=1",300,300,true],"cvmm-medium-plus":["https:\/\/i0.wp.com\/masquenoticias.mx\/wp-content\/uploads\/2026\/03\/WhatsApp-Image-2026-03-11-at-1.59.41-PM.jpeg?resize=305%2C207&ssl=1",305,207,true],"cvmm-portrait":["https:\/\/i0.wp.com\/masquenoticias.mx\/wp-content\/uploads\/2026\/03\/WhatsApp-Image-2026-03-11-at-1.59.41-PM.jpeg?resize=400%2C600&ssl=1",400,600,true],"cvmm-medium-square":["https:\/\/i0.wp.com\/masquenoticias.mx\/wp-content\/uploads\/2026\/03\/WhatsApp-Image-2026-03-11-at-1.59.41-PM.jpeg?resize=600%2C600&ssl=1",600,600,true],"cvmm-large":["https:\/\/i0.wp.com\/masquenoticias.mx\/wp-content\/uploads\/2026\/03\/WhatsApp-Image-2026-03-11-at-1.59.41-PM.jpeg?resize=1024%2C853&ssl=1",1024,853,true],"cvmm-small":["https:\/\/i0.wp.com\/masquenoticias.mx\/wp-content\/uploads\/2026\/03\/WhatsApp-Image-2026-03-11-at-1.59.41-PM.jpeg?resize=130%2C95&ssl=1",130,95,true],"full":["https:\/\/i0.wp.com\/masquenoticias.mx\/wp-content\/uploads\/2026\/03\/WhatsApp-Image-2026-03-11-at-1.59.41-PM.jpeg?fit=1280%2C853&ssl=1",1280,853,false]},"jetpack-related-posts":[],"jetpack_sharing_enabled":true,"jetpack_likes_enabled":true,"jetpack_shortlink":"https:\/\/wp.me\/pf7pkt-5DM","_links":{"self":[{"href":"https:\/\/masquenoticias.mx\/index.php\/wp-json\/wp\/v2\/posts\/21686","targetHints":{"allow":["GET"]}}],"collection":[{"href":"https:\/\/masquenoticias.mx\/index.php\/wp-json\/wp\/v2\/posts"}],"about":[{"href":"https:\/\/masquenoticias.mx\/index.php\/wp-json\/wp\/v2\/types\/post"}],"author":[{"embeddable":true,"href":"https:\/\/masquenoticias.mx\/index.php\/wp-json\/wp\/v2\/users\/1"}],"replies":[{"embeddable":true,"href":"https:\/\/masquenoticias.mx\/index.php\/wp-json\/wp\/v2\/comments?post=21686"}],"version-history":[{"count":1,"href":"https:\/\/masquenoticias.mx\/index.php\/wp-json\/wp\/v2\/posts\/21686\/revisions"}],"predecessor-version":[{"id":21688,"href":"https:\/\/masquenoticias.mx\/index.php\/wp-json\/wp\/v2\/posts\/21686\/revisions\/21688"}],"wp:featuredmedia":[{"embeddable":true,"href":"https:\/\/masquenoticias.mx\/index.php\/wp-json\/wp\/v2\/media\/21687"}],"wp:attachment":[{"href":"https:\/\/masquenoticias.mx\/index.php\/wp-json\/wp\/v2\/media?parent=21686"}],"wp:term":[{"taxonomy":"category","embeddable":true,"href":"https:\/\/masquenoticias.mx\/index.php\/wp-json\/wp\/v2\/categories?post=21686"},{"taxonomy":"post_tag","embeddable":true,"href":"https:\/\/masquenoticias.mx\/index.php\/wp-json\/wp\/v2\/tags?post=21686"}],"curies":[{"name":"wp","href":"https:\/\/api.w.org\/{rel}","templated":true}]}}