{"id":21681,"date":"2026-03-09T18:08:27","date_gmt":"2026-03-10T00:08:27","guid":{"rendered":"https:\/\/masquenoticias.mx\/?p=21681"},"modified":"2026-03-09T18:08:27","modified_gmt":"2026-03-10T00:08:27","slug":"cultura-colima-e-inbal-realizaron-diagnostico-y-verificacion-de-obra-museografica","status":"publish","type":"post","link":"https:\/\/masquenoticias.mx\/index.php\/2026\/03\/09\/cultura-colima-e-inbal-realizaron-diagnostico-y-verificacion-de-obra-museografica\/","title":{"rendered":"Cultura Colima e INBAL realizaron diagn\u00f3stico y verificaci\u00f3n de obra museogr\u00e1fica"},"content":{"rendered":"<p>La Subsecretar\u00eda de Cultura del Gobierno del Estado de Colima y el Instituto Nacional de Bellas Artes y Literatura (INBAL), a trav\u00e9s del Centro Nacional de Conservaci\u00f3n y Registro del Patrimonio Art\u00edstico Mueble (Cencropam), llevaron a cabo la verificaci\u00f3n y diagn\u00f3stico especializado de diversas piezas pertenecientes al acervo art\u00edstico bajo resguardo de la dependencia estatal.<\/p>\n<p>Tras varios a\u00f1os sin haber recibido revisi\u00f3n t\u00e9cnica, especialistas del Cencropam realizaron la evaluaci\u00f3n oficial del estado de conservaci\u00f3n de las obras, acreditando que las colecciones se encuentran en buen estado y bajo constante supervisi\u00f3n, como parte de un proyecto permanente de conservaci\u00f3n preventiva y monitoreo especializado. Entre las colecciones revisadas est\u00e1n la del escultor Sebasti\u00e1n, conformada por 38 obras, entre ellas las esculturas \u201cLa ara\u00f1a roja\u201d y \u201cAtado\u201d, as\u00ed como la obra de Alfonso Michel resguardada en el Museo Palacio de Colima.<\/p>\n<p>Para la realizaci\u00f3n de este trabajo se llev\u00f3 a cabo una reuni\u00f3n inicial de coordinaci\u00f3n en la que participaron Carlos Iv\u00e1n Herrera Ortega, restaurador y encargado del taller de escultura del Cencropam; y los restauradores \u00c1ngel de Jes\u00fas Flores Mart\u00ednez y Juan Alberto Padilla \u00c1vila; mientras que la Subsecretar\u00eda de Cultura fue representada por su titular Juan Jos\u00e9 Arias Orozco, as\u00ed como Isabel Gonz\u00e1lez Medell\u00edn, encargada de la jefatura de Restauraci\u00f3n; y Ana Celia Maga\u00f1a Ceballos, encargada de la jefatura de Inventarios, ambas de la Coordinaci\u00f3n de la Red Estatal de Museos.<\/p>\n<p>Con estas acciones, el Gobierno del Estado de Colima reafirma su compromiso con la protecci\u00f3n, conservaci\u00f3n y difusi\u00f3n del patrimonio art\u00edstico, garantizando que las obras que forman parte de nuestra historia contin\u00faen siendo preservadas para futuras generaciones.<\/p>\n","protected":false},"excerpt":{"rendered":"<p>La Subsecretar\u00eda de Cultura del Gobierno del Estado de Colima y el Instituto Nacional de Bellas Artes y Literatura (INBAL), a trav\u00e9s del Centro Nacional de Conservaci\u00f3n y Registro del Patrimonio Art\u00edstico Mueble (Cencropam), llevaron a cabo la verificaci\u00f3n y diagn\u00f3stico especializado de diversas piezas pertenecientes al acervo art\u00edstico bajo resguardo de la dependencia estatal. [&hellip;]<\/p>\n","protected":false},"author":1,"featured_media":21682,"comment_status":"open","ping_status":"open","sticky":false,"template":"","format":"standard","meta":{"_jetpack_memberships_contains_paid_content":false,"footnotes":""},"categories":[24],"tags":[118],"class_list":["post-21681","post","type-post","status-publish","format-standard","has-post-thumbnail","hentry","category-estado","tag-cultura"],"yoast_head":"<!-- This site is optimized with the Yoast SEO plugin v26.6 - https:\/\/yoast.com\/wordpress\/plugins\/seo\/ -->\n<title>Cultura Colima e INBAL realizaron diagn\u00f3stico y verificaci\u00f3n de obra museogr\u00e1fica - M\u00e1s Que Noticias<\/title>\n<meta name=\"robots\" content=\"index, follow, max-snippet:-1, max-image-preview:large, max-video-preview:-1\" \/>\n<link rel=\"canonical\" href=\"https:\/\/masquenoticias.mx\/index.php\/2026\/03\/09\/cultura-colima-e-inbal-realizaron-diagnostico-y-verificacion-de-obra-museografica\/\" \/>\n<meta property=\"og:locale\" content=\"es_MX\" \/>\n<meta property=\"og:type\" content=\"article\" \/>\n<meta property=\"og:title\" content=\"Cultura Colima e INBAL realizaron diagn\u00f3stico y verificaci\u00f3n de obra museogr\u00e1fica - M\u00e1s Que Noticias\" \/>\n<meta property=\"og:description\" content=\"La Subsecretar\u00eda de Cultura del Gobierno del Estado de Colima y el Instituto Nacional de Bellas Artes y Literatura (INBAL), a trav\u00e9s del Centro Nacional de Conservaci\u00f3n y Registro del Patrimonio Art\u00edstico Mueble (Cencropam), llevaron a cabo la verificaci\u00f3n y diagn\u00f3stico especializado de diversas piezas pertenecientes al acervo art\u00edstico bajo resguardo de la dependencia estatal. [&hellip;]\" \/>\n<meta property=\"og:url\" content=\"https:\/\/masquenoticias.mx\/index.php\/2026\/03\/09\/cultura-colima-e-inbal-realizaron-diagnostico-y-verificacion-de-obra-museografica\/\" \/>\n<meta property=\"og:site_name\" content=\"M\u00e1s Que Noticias\" \/>\n<meta property=\"article:publisher\" content=\"https:\/\/www.facebook.com\/masquenoticiascolima\" \/>\n<meta property=\"article:published_time\" content=\"2026-03-10T00:08:27+00:00\" \/>\n<meta property=\"og:image\" content=\"https:\/\/masquenoticias.mx\/wp-content\/uploads\/2026\/03\/WhatsApp-Image-2026-03-09-at-4.23.07-PM.jpeg\" \/>\n\t<meta property=\"og:image:width\" content=\"1280\" \/>\n\t<meta property=\"og:image:height\" content=\"854\" \/>\n\t<meta property=\"og:image:type\" content=\"image\/jpeg\" \/>\n<meta name=\"author\" content=\"Redacci\u00f3n\" \/>\n<meta name=\"twitter:card\" content=\"summary_large_image\" \/>\n<meta name=\"twitter:creator\" content=\"@edgartove\" \/>\n<meta name=\"twitter:site\" content=\"@edgartove\" \/>\n<meta name=\"twitter:label1\" content=\"Escrito por\" \/>\n\t<meta name=\"twitter:data1\" content=\"Redacci\u00f3n\" \/>\n\t<meta name=\"twitter:label2\" content=\"Tiempo de lectura\" \/>\n\t<meta name=\"twitter:data2\" content=\"2 minutos\" \/>\n<script type=\"application\/ld+json\" class=\"yoast-schema-graph\">{\"@context\":\"https:\/\/schema.org\",\"@graph\":[{\"@type\":\"Article\",\"@id\":\"https:\/\/masquenoticias.mx\/index.php\/2026\/03\/09\/cultura-colima-e-inbal-realizaron-diagnostico-y-verificacion-de-obra-museografica\/#article\",\"isPartOf\":{\"@id\":\"https:\/\/masquenoticias.mx\/index.php\/2026\/03\/09\/cultura-colima-e-inbal-realizaron-diagnostico-y-verificacion-de-obra-museografica\/\"},\"author\":{\"name\":\"Redacci\u00f3n\",\"@id\":\"https:\/\/masquenoticias.mx\/#\/schema\/person\/544d19989ef23d34615f691f7a96e622\"},\"headline\":\"Cultura Colima e INBAL realizaron diagn\u00f3stico y verificaci\u00f3n de obra museogr\u00e1fica\",\"datePublished\":\"2026-03-10T00:08:27+00:00\",\"mainEntityOfPage\":{\"@id\":\"https:\/\/masquenoticias.mx\/index.php\/2026\/03\/09\/cultura-colima-e-inbal-realizaron-diagnostico-y-verificacion-de-obra-museografica\/\"},\"wordCount\":314,\"commentCount\":0,\"publisher\":{\"@id\":\"https:\/\/masquenoticias.mx\/#organization\"},\"image\":{\"@id\":\"https:\/\/masquenoticias.mx\/index.php\/2026\/03\/09\/cultura-colima-e-inbal-realizaron-diagnostico-y-verificacion-de-obra-museografica\/#primaryimage\"},\"thumbnailUrl\":\"https:\/\/i0.wp.com\/masquenoticias.mx\/wp-content\/uploads\/2026\/03\/WhatsApp-Image-2026-03-09-at-4.23.07-PM.jpeg?fit=1280%2C854&ssl=1\",\"keywords\":[\"Cultura\"],\"articleSection\":[\"Estado\"],\"inLanguage\":\"es\",\"potentialAction\":[{\"@type\":\"CommentAction\",\"name\":\"Comment\",\"target\":[\"https:\/\/masquenoticias.mx\/index.php\/2026\/03\/09\/cultura-colima-e-inbal-realizaron-diagnostico-y-verificacion-de-obra-museografica\/#respond\"]}]},{\"@type\":\"WebPage\",\"@id\":\"https:\/\/masquenoticias.mx\/index.php\/2026\/03\/09\/cultura-colima-e-inbal-realizaron-diagnostico-y-verificacion-de-obra-museografica\/\",\"url\":\"https:\/\/masquenoticias.mx\/index.php\/2026\/03\/09\/cultura-colima-e-inbal-realizaron-diagnostico-y-verificacion-de-obra-museografica\/\",\"name\":\"Cultura Colima e INBAL realizaron diagn\u00f3stico y verificaci\u00f3n de obra museogr\u00e1fica - M\u00e1s Que Noticias\",\"isPartOf\":{\"@id\":\"https:\/\/masquenoticias.mx\/#website\"},\"primaryImageOfPage\":{\"@id\":\"https:\/\/masquenoticias.mx\/index.php\/2026\/03\/09\/cultura-colima-e-inbal-realizaron-diagnostico-y-verificacion-de-obra-museografica\/#primaryimage\"},\"image\":{\"@id\":\"https:\/\/masquenoticias.mx\/index.php\/2026\/03\/09\/cultura-colima-e-inbal-realizaron-diagnostico-y-verificacion-de-obra-museografica\/#primaryimage\"},\"thumbnailUrl\":\"https:\/\/i0.wp.com\/masquenoticias.mx\/wp-content\/uploads\/2026\/03\/WhatsApp-Image-2026-03-09-at-4.23.07-PM.jpeg?fit=1280%2C854&ssl=1\",\"datePublished\":\"2026-03-10T00:08:27+00:00\",\"breadcrumb\":{\"@id\":\"https:\/\/masquenoticias.mx\/index.php\/2026\/03\/09\/cultura-colima-e-inbal-realizaron-diagnostico-y-verificacion-de-obra-museografica\/#breadcrumb\"},\"inLanguage\":\"es\",\"potentialAction\":[{\"@type\":\"ReadAction\",\"target\":[\"https:\/\/masquenoticias.mx\/index.php\/2026\/03\/09\/cultura-colima-e-inbal-realizaron-diagnostico-y-verificacion-de-obra-museografica\/\"]}]},{\"@type\":\"ImageObject\",\"inLanguage\":\"es\",\"@id\":\"https:\/\/masquenoticias.mx\/index.php\/2026\/03\/09\/cultura-colima-e-inbal-realizaron-diagnostico-y-verificacion-de-obra-museografica\/#primaryimage\",\"url\":\"https:\/\/i0.wp.com\/masquenoticias.mx\/wp-content\/uploads\/2026\/03\/WhatsApp-Image-2026-03-09-at-4.23.07-PM.jpeg?fit=1280%2C854&ssl=1\",\"contentUrl\":\"https:\/\/i0.wp.com\/masquenoticias.mx\/wp-content\/uploads\/2026\/03\/WhatsApp-Image-2026-03-09-at-4.23.07-PM.jpeg?fit=1280%2C854&ssl=1\",\"width\":1280,\"height\":854},{\"@type\":\"BreadcrumbList\",\"@id\":\"https:\/\/masquenoticias.mx\/index.php\/2026\/03\/09\/cultura-colima-e-inbal-realizaron-diagnostico-y-verificacion-de-obra-museografica\/#breadcrumb\",\"itemListElement\":[{\"@type\":\"ListItem\",\"position\":1,\"name\":\"Inicio\",\"item\":\"https:\/\/masquenoticias.mx\/\"},{\"@type\":\"ListItem\",\"position\":2,\"name\":\"Cultura Colima e INBAL realizaron diagn\u00f3stico y verificaci\u00f3n de obra museogr\u00e1fica\"}]},{\"@type\":\"WebSite\",\"@id\":\"https:\/\/masquenoticias.mx\/#website\",\"url\":\"https:\/\/masquenoticias.mx\/\",\"name\":\"M\u00e1s Que Noticias\",\"description\":\"Noticias de Colima, M\u00e9xico y el Mundo\",\"publisher\":{\"@id\":\"https:\/\/masquenoticias.mx\/#organization\"},\"potentialAction\":[{\"@type\":\"SearchAction\",\"target\":{\"@type\":\"EntryPoint\",\"urlTemplate\":\"https:\/\/masquenoticias.mx\/?s={search_term_string}\"},\"query-input\":{\"@type\":\"PropertyValueSpecification\",\"valueRequired\":true,\"valueName\":\"search_term_string\"}}],\"inLanguage\":\"es\"},{\"@type\":\"Organization\",\"@id\":\"https:\/\/masquenoticias.mx\/#organization\",\"name\":\"M\u00e1s Que Noticias\",\"url\":\"https:\/\/masquenoticias.mx\/\",\"logo\":{\"@type\":\"ImageObject\",\"inLanguage\":\"es\",\"@id\":\"https:\/\/masquenoticias.mx\/#\/schema\/logo\/image\/\",\"url\":\"https:\/\/i0.wp.com\/masquenoticias.mx\/wp-content\/uploads\/2024\/04\/IMG_0004.png?fit=2560%2C1656&ssl=1\",\"contentUrl\":\"https:\/\/i0.wp.com\/masquenoticias.mx\/wp-content\/uploads\/2024\/04\/IMG_0004.png?fit=2560%2C1656&ssl=1\",\"width\":2560,\"height\":1656,\"caption\":\"M\u00e1s Que Noticias\"},\"image\":{\"@id\":\"https:\/\/masquenoticias.mx\/#\/schema\/logo\/image\/\"},\"sameAs\":[\"https:\/\/www.facebook.com\/masquenoticiascolima\",\"https:\/\/x.com\/edgartove\",\"https:\/\/www.instagram.com\/masquenoticiascolima\/\"]},{\"@type\":\"Person\",\"@id\":\"https:\/\/masquenoticias.mx\/#\/schema\/person\/544d19989ef23d34615f691f7a96e622\",\"name\":\"Redacci\u00f3n\",\"image\":{\"@type\":\"ImageObject\",\"inLanguage\":\"es\",\"@id\":\"https:\/\/masquenoticias.mx\/#\/schema\/person\/image\/\",\"url\":\"https:\/\/secure.gravatar.com\/avatar\/7fcc926d5b058d3f3d52d95b4d05dd58?s=96&d=mm&r=g\",\"contentUrl\":\"https:\/\/secure.gravatar.com\/avatar\/7fcc926d5b058d3f3d52d95b4d05dd58?s=96&d=mm&r=g\",\"caption\":\"Redacci\u00f3n\"},\"sameAs\":[\"http:\/\/masquenoticias.mx\"],\"url\":\"https:\/\/masquenoticias.mx\/index.php\/author\/edgartovegmail-com\/\"}]}<\/script>\n<!-- \/ Yoast SEO plugin. -->","yoast_head_json":{"title":"Cultura Colima e INBAL realizaron diagn\u00f3stico y verificaci\u00f3n de obra museogr\u00e1fica - M\u00e1s Que Noticias","robots":{"index":"index","follow":"follow","max-snippet":"max-snippet:-1","max-image-preview":"max-image-preview:large","max-video-preview":"max-video-preview:-1"},"canonical":"https:\/\/masquenoticias.mx\/index.php\/2026\/03\/09\/cultura-colima-e-inbal-realizaron-diagnostico-y-verificacion-de-obra-museografica\/","og_locale":"es_MX","og_type":"article","og_title":"Cultura Colima e INBAL realizaron diagn\u00f3stico y verificaci\u00f3n de obra museogr\u00e1fica - M\u00e1s Que Noticias","og_description":"La Subsecretar\u00eda de Cultura del Gobierno del Estado de Colima y el Instituto Nacional de Bellas Artes y Literatura (INBAL), a trav\u00e9s del Centro Nacional de Conservaci\u00f3n y Registro del Patrimonio Art\u00edstico Mueble (Cencropam), llevaron a cabo la verificaci\u00f3n y diagn\u00f3stico especializado de diversas piezas pertenecientes al acervo art\u00edstico bajo resguardo de la dependencia estatal. [&hellip;]","og_url":"https:\/\/masquenoticias.mx\/index.php\/2026\/03\/09\/cultura-colima-e-inbal-realizaron-diagnostico-y-verificacion-de-obra-museografica\/","og_site_name":"M\u00e1s Que Noticias","article_publisher":"https:\/\/www.facebook.com\/masquenoticiascolima","article_published_time":"2026-03-10T00:08:27+00:00","og_image":[{"width":1280,"height":854,"url":"https:\/\/masquenoticias.mx\/wp-content\/uploads\/2026\/03\/WhatsApp-Image-2026-03-09-at-4.23.07-PM.jpeg","type":"image\/jpeg"}],"author":"Redacci\u00f3n","twitter_card":"summary_large_image","twitter_creator":"@edgartove","twitter_site":"@edgartove","twitter_misc":{"Escrito por":"Redacci\u00f3n","Tiempo de lectura":"2 minutos"},"schema":{"@context":"https:\/\/schema.org","@graph":[{"@type":"Article","@id":"https:\/\/masquenoticias.mx\/index.php\/2026\/03\/09\/cultura-colima-e-inbal-realizaron-diagnostico-y-verificacion-de-obra-museografica\/#article","isPartOf":{"@id":"https:\/\/masquenoticias.mx\/index.php\/2026\/03\/09\/cultura-colima-e-inbal-realizaron-diagnostico-y-verificacion-de-obra-museografica\/"},"author":{"name":"Redacci\u00f3n","@id":"https:\/\/masquenoticias.mx\/#\/schema\/person\/544d19989ef23d34615f691f7a96e622"},"headline":"Cultura Colima e INBAL realizaron diagn\u00f3stico y verificaci\u00f3n de obra museogr\u00e1fica","datePublished":"2026-03-10T00:08:27+00:00","mainEntityOfPage":{"@id":"https:\/\/masquenoticias.mx\/index.php\/2026\/03\/09\/cultura-colima-e-inbal-realizaron-diagnostico-y-verificacion-de-obra-museografica\/"},"wordCount":314,"commentCount":0,"publisher":{"@id":"https:\/\/masquenoticias.mx\/#organization"},"image":{"@id":"https:\/\/masquenoticias.mx\/index.php\/2026\/03\/09\/cultura-colima-e-inbal-realizaron-diagnostico-y-verificacion-de-obra-museografica\/#primaryimage"},"thumbnailUrl":"https:\/\/i0.wp.com\/masquenoticias.mx\/wp-content\/uploads\/2026\/03\/WhatsApp-Image-2026-03-09-at-4.23.07-PM.jpeg?fit=1280%2C854&ssl=1","keywords":["Cultura"],"articleSection":["Estado"],"inLanguage":"es","potentialAction":[{"@type":"CommentAction","name":"Comment","target":["https:\/\/masquenoticias.mx\/index.php\/2026\/03\/09\/cultura-colima-e-inbal-realizaron-diagnostico-y-verificacion-de-obra-museografica\/#respond"]}]},{"@type":"WebPage","@id":"https:\/\/masquenoticias.mx\/index.php\/2026\/03\/09\/cultura-colima-e-inbal-realizaron-diagnostico-y-verificacion-de-obra-museografica\/","url":"https:\/\/masquenoticias.mx\/index.php\/2026\/03\/09\/cultura-colima-e-inbal-realizaron-diagnostico-y-verificacion-de-obra-museografica\/","name":"Cultura Colima e INBAL realizaron diagn\u00f3stico y verificaci\u00f3n de obra museogr\u00e1fica - M\u00e1s Que Noticias","isPartOf":{"@id":"https:\/\/masquenoticias.mx\/#website"},"primaryImageOfPage":{"@id":"https:\/\/masquenoticias.mx\/index.php\/2026\/03\/09\/cultura-colima-e-inbal-realizaron-diagnostico-y-verificacion-de-obra-museografica\/#primaryimage"},"image":{"@id":"https:\/\/masquenoticias.mx\/index.php\/2026\/03\/09\/cultura-colima-e-inbal-realizaron-diagnostico-y-verificacion-de-obra-museografica\/#primaryimage"},"thumbnailUrl":"https:\/\/i0.wp.com\/masquenoticias.mx\/wp-content\/uploads\/2026\/03\/WhatsApp-Image-2026-03-09-at-4.23.07-PM.jpeg?fit=1280%2C854&ssl=1","datePublished":"2026-03-10T00:08:27+00:00","breadcrumb":{"@id":"https:\/\/masquenoticias.mx\/index.php\/2026\/03\/09\/cultura-colima-e-inbal-realizaron-diagnostico-y-verificacion-de-obra-museografica\/#breadcrumb"},"inLanguage":"es","potentialAction":[{"@type":"ReadAction","target":["https:\/\/masquenoticias.mx\/index.php\/2026\/03\/09\/cultura-colima-e-inbal-realizaron-diagnostico-y-verificacion-de-obra-museografica\/"]}]},{"@type":"ImageObject","inLanguage":"es","@id":"https:\/\/masquenoticias.mx\/index.php\/2026\/03\/09\/cultura-colima-e-inbal-realizaron-diagnostico-y-verificacion-de-obra-museografica\/#primaryimage","url":"https:\/\/i0.wp.com\/masquenoticias.mx\/wp-content\/uploads\/2026\/03\/WhatsApp-Image-2026-03-09-at-4.23.07-PM.jpeg?fit=1280%2C854&ssl=1","contentUrl":"https:\/\/i0.wp.com\/masquenoticias.mx\/wp-content\/uploads\/2026\/03\/WhatsApp-Image-2026-03-09-at-4.23.07-PM.jpeg?fit=1280%2C854&ssl=1","width":1280,"height":854},{"@type":"BreadcrumbList","@id":"https:\/\/masquenoticias.mx\/index.php\/2026\/03\/09\/cultura-colima-e-inbal-realizaron-diagnostico-y-verificacion-de-obra-museografica\/#breadcrumb","itemListElement":[{"@type":"ListItem","position":1,"name":"Inicio","item":"https:\/\/masquenoticias.mx\/"},{"@type":"ListItem","position":2,"name":"Cultura Colima e INBAL realizaron diagn\u00f3stico y verificaci\u00f3n de obra museogr\u00e1fica"}]},{"@type":"WebSite","@id":"https:\/\/masquenoticias.mx\/#website","url":"https:\/\/masquenoticias.mx\/","name":"M\u00e1s Que Noticias","description":"Noticias de Colima, M\u00e9xico y el Mundo","publisher":{"@id":"https:\/\/masquenoticias.mx\/#organization"},"potentialAction":[{"@type":"SearchAction","target":{"@type":"EntryPoint","urlTemplate":"https:\/\/masquenoticias.mx\/?s={search_term_string}"},"query-input":{"@type":"PropertyValueSpecification","valueRequired":true,"valueName":"search_term_string"}}],"inLanguage":"es"},{"@type":"Organization","@id":"https:\/\/masquenoticias.mx\/#organization","name":"M\u00e1s Que Noticias","url":"https:\/\/masquenoticias.mx\/","logo":{"@type":"ImageObject","inLanguage":"es","@id":"https:\/\/masquenoticias.mx\/#\/schema\/logo\/image\/","url":"https:\/\/i0.wp.com\/masquenoticias.mx\/wp-content\/uploads\/2024\/04\/IMG_0004.png?fit=2560%2C1656&ssl=1","contentUrl":"https:\/\/i0.wp.com\/masquenoticias.mx\/wp-content\/uploads\/2024\/04\/IMG_0004.png?fit=2560%2C1656&ssl=1","width":2560,"height":1656,"caption":"M\u00e1s Que Noticias"},"image":{"@id":"https:\/\/masquenoticias.mx\/#\/schema\/logo\/image\/"},"sameAs":["https:\/\/www.facebook.com\/masquenoticiascolima","https:\/\/x.com\/edgartove","https:\/\/www.instagram.com\/masquenoticiascolima\/"]},{"@type":"Person","@id":"https:\/\/masquenoticias.mx\/#\/schema\/person\/544d19989ef23d34615f691f7a96e622","name":"Redacci\u00f3n","image":{"@type":"ImageObject","inLanguage":"es","@id":"https:\/\/masquenoticias.mx\/#\/schema\/person\/image\/","url":"https:\/\/secure.gravatar.com\/avatar\/7fcc926d5b058d3f3d52d95b4d05dd58?s=96&d=mm&r=g","contentUrl":"https:\/\/secure.gravatar.com\/avatar\/7fcc926d5b058d3f3d52d95b4d05dd58?s=96&d=mm&r=g","caption":"Redacci\u00f3n"},"sameAs":["http:\/\/masquenoticias.mx"],"url":"https:\/\/masquenoticias.mx\/index.php\/author\/edgartovegmail-com\/"}]}},"jetpack_featured_media_url":"https:\/\/i0.wp.com\/masquenoticias.mx\/wp-content\/uploads\/2026\/03\/WhatsApp-Image-2026-03-09-at-4.23.07-PM.jpeg?fit=1280%2C854&ssl=1","blog_post_layout_featured_media_urls":{"thumbnail":["https:\/\/i0.wp.com\/masquenoticias.mx\/wp-content\/uploads\/2026\/03\/WhatsApp-Image-2026-03-09-at-4.23.07-PM.jpeg?resize=150%2C150&ssl=1",150,150,true],"full":["https:\/\/i0.wp.com\/masquenoticias.mx\/wp-content\/uploads\/2026\/03\/WhatsApp-Image-2026-03-09-at-4.23.07-PM.jpeg?fit=1280%2C854&ssl=1",1280,854,false]},"categories_names":{"24":{"name":"Estado","link":"https:\/\/masquenoticias.mx\/index.php\/category\/estado\/"}},"tags_names":{"118":{"name":"Cultura","link":"https:\/\/masquenoticias.mx\/index.php\/tag\/cultura\/"}},"comments_number":"0","wpmagazine_modules_lite_featured_media_urls":{"thumbnail":["https:\/\/i0.wp.com\/masquenoticias.mx\/wp-content\/uploads\/2026\/03\/WhatsApp-Image-2026-03-09-at-4.23.07-PM.jpeg?resize=150%2C150&ssl=1",150,150,true],"cvmm-medium":["https:\/\/i0.wp.com\/masquenoticias.mx\/wp-content\/uploads\/2026\/03\/WhatsApp-Image-2026-03-09-at-4.23.07-PM.jpeg?resize=300%2C300&ssl=1",300,300,true],"cvmm-medium-plus":["https:\/\/i0.wp.com\/masquenoticias.mx\/wp-content\/uploads\/2026\/03\/WhatsApp-Image-2026-03-09-at-4.23.07-PM.jpeg?resize=305%2C207&ssl=1",305,207,true],"cvmm-portrait":["https:\/\/i0.wp.com\/masquenoticias.mx\/wp-content\/uploads\/2026\/03\/WhatsApp-Image-2026-03-09-at-4.23.07-PM.jpeg?resize=400%2C600&ssl=1",400,600,true],"cvmm-medium-square":["https:\/\/i0.wp.com\/masquenoticias.mx\/wp-content\/uploads\/2026\/03\/WhatsApp-Image-2026-03-09-at-4.23.07-PM.jpeg?resize=600%2C600&ssl=1",600,600,true],"cvmm-large":["https:\/\/i0.wp.com\/masquenoticias.mx\/wp-content\/uploads\/2026\/03\/WhatsApp-Image-2026-03-09-at-4.23.07-PM.jpeg?resize=1024%2C854&ssl=1",1024,854,true],"cvmm-small":["https:\/\/i0.wp.com\/masquenoticias.mx\/wp-content\/uploads\/2026\/03\/WhatsApp-Image-2026-03-09-at-4.23.07-PM.jpeg?resize=130%2C95&ssl=1",130,95,true],"full":["https:\/\/i0.wp.com\/masquenoticias.mx\/wp-content\/uploads\/2026\/03\/WhatsApp-Image-2026-03-09-at-4.23.07-PM.jpeg?fit=1280%2C854&ssl=1",1280,854,false]},"jetpack-related-posts":[],"jetpack_sharing_enabled":true,"jetpack_likes_enabled":true,"jetpack_shortlink":"https:\/\/wp.me\/pf7pkt-5DH","_links":{"self":[{"href":"https:\/\/masquenoticias.mx\/index.php\/wp-json\/wp\/v2\/posts\/21681","targetHints":{"allow":["GET"]}}],"collection":[{"href":"https:\/\/masquenoticias.mx\/index.php\/wp-json\/wp\/v2\/posts"}],"about":[{"href":"https:\/\/masquenoticias.mx\/index.php\/wp-json\/wp\/v2\/types\/post"}],"author":[{"embeddable":true,"href":"https:\/\/masquenoticias.mx\/index.php\/wp-json\/wp\/v2\/users\/1"}],"replies":[{"embeddable":true,"href":"https:\/\/masquenoticias.mx\/index.php\/wp-json\/wp\/v2\/comments?post=21681"}],"version-history":[{"count":1,"href":"https:\/\/masquenoticias.mx\/index.php\/wp-json\/wp\/v2\/posts\/21681\/revisions"}],"predecessor-version":[{"id":21683,"href":"https:\/\/masquenoticias.mx\/index.php\/wp-json\/wp\/v2\/posts\/21681\/revisions\/21683"}],"wp:featuredmedia":[{"embeddable":true,"href":"https:\/\/masquenoticias.mx\/index.php\/wp-json\/wp\/v2\/media\/21682"}],"wp:attachment":[{"href":"https:\/\/masquenoticias.mx\/index.php\/wp-json\/wp\/v2\/media?parent=21681"}],"wp:term":[{"taxonomy":"category","embeddable":true,"href":"https:\/\/masquenoticias.mx\/index.php\/wp-json\/wp\/v2\/categories?post=21681"},{"taxonomy":"post_tag","embeddable":true,"href":"https:\/\/masquenoticias.mx\/index.php\/wp-json\/wp\/v2\/tags?post=21681"}],"curies":[{"name":"wp","href":"https:\/\/api.w.org\/{rel}","templated":true}]}}