{"id":21678,"date":"2026-03-09T18:06:00","date_gmt":"2026-03-10T00:06:00","guid":{"rendered":"https:\/\/masquenoticias.mx\/?p=21678"},"modified":"2026-03-09T18:06:00","modified_gmt":"2026-03-10T00:06:00","slug":"colima-clasifica-a-la-etapa-final-de-la-olimpiada-nacional-conade-2026-en-ajedrez-y-tenis-de-mesa","status":"publish","type":"post","link":"https:\/\/masquenoticias.mx\/index.php\/2026\/03\/09\/colima-clasifica-a-la-etapa-final-de-la-olimpiada-nacional-conade-2026-en-ajedrez-y-tenis-de-mesa\/","title":{"rendered":"Colima clasifica a la etapa final de la Olimpiada Nacional Conade 2026, en ajedrez y tenis de mesa"},"content":{"rendered":"<p>La delegaci\u00f3n de deportistas que participaron con apoyo del Gobierno del Estado de Colima en regionales y nacionales clasificatorios rumbo a la Olimpiada Nacional Conade 2026, obtuvieron la clasificaci\u00f3n en ajedrez y tenis de mesa a la etapa final de la justa deportiva m\u00e1s importante de M\u00e9xico, que se celebrar\u00e1 entre abril a junio en la sede de Puebla y las subsedes Jalisco, Guanajuato, Tlaxcala, Nayarit, San Luis Potos\u00ed y Yucat\u00e1n.<\/p>\n<p>En el ajedrez fueron nueve deportistas quienes obtuvieron la clasificaci\u00f3n con Rodrigo Salinas, Jes\u00fas Daniel, Eithan Ruiz, Jozefina Vargova, Brenda Michelle, Jimena y Sof\u00eda Reyna, Pedro Joaqu\u00edn Ch\u00e1vez y Carlos Emilio Ceballos, en las categor\u00edas Sub 12 a\u00f1os (2014 y menores), 13-16 a\u00f1os (2013-2010) y 17-20 a\u00f1os (2009-2006).<\/p>\n<p>En tenis de mesa clasificaron diez colimenses en ramas femenil y varonil de las categor\u00edas Infantil A, U11 con Dar\u00edo Casta\u00f1eda; la Infantil B, U13 con Kendra Andrade, Bahiron Santana, Jorge Casta\u00f1eda y Mart\u00edn R\u00edos, as\u00ed como en la Juvenil A U15 con Karol Ram\u00edrez, Mar\u00eda Fernanda Casta\u00f1eda y Diego Apolinar; y en la Juvenil B Sub19 con Rub\u00ed Lugo y Evan Morales. En cuanto a ciclismo y levantamiento de pesas se espera se oficialicen resultados esta semana.<\/p>\n<p>Este martes a las 8:00 de la ma\u00f1ana saldr\u00e1 la delegaci\u00f3n colimense de tenis con ocho representantes en las categor\u00edas 13-14 a\u00f1os (2013-2012) y 15-16 a\u00f1os (2011-2010), en ramas femenil y varonil que estar\u00e1 participando hasta el viernes 13 en Morelia, Michoac\u00e1n.<\/p>\n","protected":false},"excerpt":{"rendered":"<p>La delegaci\u00f3n de deportistas que participaron con apoyo del Gobierno del Estado de Colima en regionales y nacionales clasificatorios rumbo a la Olimpiada Nacional Conade 2026, obtuvieron la clasificaci\u00f3n en ajedrez y tenis de mesa a la etapa final de la justa deportiva m\u00e1s importante de M\u00e9xico, que se celebrar\u00e1 entre abril a junio en [&hellip;]<\/p>\n","protected":false},"author":1,"featured_media":21679,"comment_status":"open","ping_status":"open","sticky":false,"template":"","format":"standard","meta":{"_jetpack_memberships_contains_paid_content":false,"footnotes":""},"categories":[24],"tags":[83],"class_list":["post-21678","post","type-post","status-publish","format-standard","has-post-thumbnail","hentry","category-estado","tag-incode"],"yoast_head":"<!-- This site is optimized with the Yoast SEO plugin v26.6 - https:\/\/yoast.com\/wordpress\/plugins\/seo\/ -->\n<title>Colima clasifica a la etapa final de la Olimpiada Nacional Conade 2026, en ajedrez y tenis de mesa - M\u00e1s Que Noticias<\/title>\n<meta name=\"robots\" content=\"index, follow, max-snippet:-1, max-image-preview:large, max-video-preview:-1\" \/>\n<link rel=\"canonical\" href=\"https:\/\/masquenoticias.mx\/index.php\/2026\/03\/09\/colima-clasifica-a-la-etapa-final-de-la-olimpiada-nacional-conade-2026-en-ajedrez-y-tenis-de-mesa\/\" \/>\n<meta property=\"og:locale\" content=\"es_MX\" \/>\n<meta property=\"og:type\" content=\"article\" \/>\n<meta property=\"og:title\" content=\"Colima clasifica a la etapa final de la Olimpiada Nacional Conade 2026, en ajedrez y tenis de mesa - M\u00e1s Que Noticias\" \/>\n<meta property=\"og:description\" content=\"La delegaci\u00f3n de deportistas que participaron con apoyo del Gobierno del Estado de Colima en regionales y nacionales clasificatorios rumbo a la Olimpiada Nacional Conade 2026, obtuvieron la clasificaci\u00f3n en ajedrez y tenis de mesa a la etapa final de la justa deportiva m\u00e1s importante de M\u00e9xico, que se celebrar\u00e1 entre abril a junio en [&hellip;]\" \/>\n<meta property=\"og:url\" content=\"https:\/\/masquenoticias.mx\/index.php\/2026\/03\/09\/colima-clasifica-a-la-etapa-final-de-la-olimpiada-nacional-conade-2026-en-ajedrez-y-tenis-de-mesa\/\" \/>\n<meta property=\"og:site_name\" content=\"M\u00e1s Que Noticias\" \/>\n<meta property=\"article:publisher\" content=\"https:\/\/www.facebook.com\/masquenoticiascolima\" \/>\n<meta property=\"article:published_time\" content=\"2026-03-10T00:06:00+00:00\" \/>\n<meta property=\"og:image\" content=\"https:\/\/masquenoticias.mx\/wp-content\/uploads\/2026\/03\/WhatsApp-Image-2026-03-09-at-1.39.39-PM-1.jpeg\" \/>\n\t<meta property=\"og:image:width\" content=\"1280\" \/>\n\t<meta property=\"og:image:height\" content=\"853\" \/>\n\t<meta property=\"og:image:type\" content=\"image\/jpeg\" \/>\n<meta name=\"author\" content=\"Redacci\u00f3n\" \/>\n<meta name=\"twitter:card\" content=\"summary_large_image\" \/>\n<meta name=\"twitter:creator\" content=\"@edgartove\" \/>\n<meta name=\"twitter:site\" content=\"@edgartove\" \/>\n<meta name=\"twitter:label1\" content=\"Escrito por\" \/>\n\t<meta name=\"twitter:data1\" content=\"Redacci\u00f3n\" \/>\n\t<meta name=\"twitter:label2\" content=\"Tiempo de lectura\" \/>\n\t<meta name=\"twitter:data2\" content=\"2 minutos\" \/>\n<script type=\"application\/ld+json\" class=\"yoast-schema-graph\">{\"@context\":\"https:\/\/schema.org\",\"@graph\":[{\"@type\":\"Article\",\"@id\":\"https:\/\/masquenoticias.mx\/index.php\/2026\/03\/09\/colima-clasifica-a-la-etapa-final-de-la-olimpiada-nacional-conade-2026-en-ajedrez-y-tenis-de-mesa\/#article\",\"isPartOf\":{\"@id\":\"https:\/\/masquenoticias.mx\/index.php\/2026\/03\/09\/colima-clasifica-a-la-etapa-final-de-la-olimpiada-nacional-conade-2026-en-ajedrez-y-tenis-de-mesa\/\"},\"author\":{\"name\":\"Redacci\u00f3n\",\"@id\":\"https:\/\/masquenoticias.mx\/#\/schema\/person\/544d19989ef23d34615f691f7a96e622\"},\"headline\":\"Colima clasifica a la etapa final de la Olimpiada Nacional Conade 2026, en ajedrez y tenis de mesa\",\"datePublished\":\"2026-03-10T00:06:00+00:00\",\"mainEntityOfPage\":{\"@id\":\"https:\/\/masquenoticias.mx\/index.php\/2026\/03\/09\/colima-clasifica-a-la-etapa-final-de-la-olimpiada-nacional-conade-2026-en-ajedrez-y-tenis-de-mesa\/\"},\"wordCount\":280,\"commentCount\":0,\"publisher\":{\"@id\":\"https:\/\/masquenoticias.mx\/#organization\"},\"image\":{\"@id\":\"https:\/\/masquenoticias.mx\/index.php\/2026\/03\/09\/colima-clasifica-a-la-etapa-final-de-la-olimpiada-nacional-conade-2026-en-ajedrez-y-tenis-de-mesa\/#primaryimage\"},\"thumbnailUrl\":\"https:\/\/i0.wp.com\/masquenoticias.mx\/wp-content\/uploads\/2026\/03\/WhatsApp-Image-2026-03-09-at-1.39.39-PM-1.jpeg?fit=1280%2C853&ssl=1\",\"keywords\":[\"Incode\"],\"articleSection\":[\"Estado\"],\"inLanguage\":\"es\",\"potentialAction\":[{\"@type\":\"CommentAction\",\"name\":\"Comment\",\"target\":[\"https:\/\/masquenoticias.mx\/index.php\/2026\/03\/09\/colima-clasifica-a-la-etapa-final-de-la-olimpiada-nacional-conade-2026-en-ajedrez-y-tenis-de-mesa\/#respond\"]}]},{\"@type\":\"WebPage\",\"@id\":\"https:\/\/masquenoticias.mx\/index.php\/2026\/03\/09\/colima-clasifica-a-la-etapa-final-de-la-olimpiada-nacional-conade-2026-en-ajedrez-y-tenis-de-mesa\/\",\"url\":\"https:\/\/masquenoticias.mx\/index.php\/2026\/03\/09\/colima-clasifica-a-la-etapa-final-de-la-olimpiada-nacional-conade-2026-en-ajedrez-y-tenis-de-mesa\/\",\"name\":\"Colima clasifica a la etapa final de la Olimpiada Nacional Conade 2026, en ajedrez y tenis de mesa - M\u00e1s Que Noticias\",\"isPartOf\":{\"@id\":\"https:\/\/masquenoticias.mx\/#website\"},\"primaryImageOfPage\":{\"@id\":\"https:\/\/masquenoticias.mx\/index.php\/2026\/03\/09\/colima-clasifica-a-la-etapa-final-de-la-olimpiada-nacional-conade-2026-en-ajedrez-y-tenis-de-mesa\/#primaryimage\"},\"image\":{\"@id\":\"https:\/\/masquenoticias.mx\/index.php\/2026\/03\/09\/colima-clasifica-a-la-etapa-final-de-la-olimpiada-nacional-conade-2026-en-ajedrez-y-tenis-de-mesa\/#primaryimage\"},\"thumbnailUrl\":\"https:\/\/i0.wp.com\/masquenoticias.mx\/wp-content\/uploads\/2026\/03\/WhatsApp-Image-2026-03-09-at-1.39.39-PM-1.jpeg?fit=1280%2C853&ssl=1\",\"datePublished\":\"2026-03-10T00:06:00+00:00\",\"breadcrumb\":{\"@id\":\"https:\/\/masquenoticias.mx\/index.php\/2026\/03\/09\/colima-clasifica-a-la-etapa-final-de-la-olimpiada-nacional-conade-2026-en-ajedrez-y-tenis-de-mesa\/#breadcrumb\"},\"inLanguage\":\"es\",\"potentialAction\":[{\"@type\":\"ReadAction\",\"target\":[\"https:\/\/masquenoticias.mx\/index.php\/2026\/03\/09\/colima-clasifica-a-la-etapa-final-de-la-olimpiada-nacional-conade-2026-en-ajedrez-y-tenis-de-mesa\/\"]}]},{\"@type\":\"ImageObject\",\"inLanguage\":\"es\",\"@id\":\"https:\/\/masquenoticias.mx\/index.php\/2026\/03\/09\/colima-clasifica-a-la-etapa-final-de-la-olimpiada-nacional-conade-2026-en-ajedrez-y-tenis-de-mesa\/#primaryimage\",\"url\":\"https:\/\/i0.wp.com\/masquenoticias.mx\/wp-content\/uploads\/2026\/03\/WhatsApp-Image-2026-03-09-at-1.39.39-PM-1.jpeg?fit=1280%2C853&ssl=1\",\"contentUrl\":\"https:\/\/i0.wp.com\/masquenoticias.mx\/wp-content\/uploads\/2026\/03\/WhatsApp-Image-2026-03-09-at-1.39.39-PM-1.jpeg?fit=1280%2C853&ssl=1\",\"width\":1280,\"height\":853},{\"@type\":\"BreadcrumbList\",\"@id\":\"https:\/\/masquenoticias.mx\/index.php\/2026\/03\/09\/colima-clasifica-a-la-etapa-final-de-la-olimpiada-nacional-conade-2026-en-ajedrez-y-tenis-de-mesa\/#breadcrumb\",\"itemListElement\":[{\"@type\":\"ListItem\",\"position\":1,\"name\":\"Inicio\",\"item\":\"https:\/\/masquenoticias.mx\/\"},{\"@type\":\"ListItem\",\"position\":2,\"name\":\"Colima clasifica a la etapa final de la Olimpiada Nacional Conade 2026, en ajedrez y tenis de mesa\"}]},{\"@type\":\"WebSite\",\"@id\":\"https:\/\/masquenoticias.mx\/#website\",\"url\":\"https:\/\/masquenoticias.mx\/\",\"name\":\"M\u00e1s Que Noticias\",\"description\":\"Noticias de Colima, M\u00e9xico y el Mundo\",\"publisher\":{\"@id\":\"https:\/\/masquenoticias.mx\/#organization\"},\"potentialAction\":[{\"@type\":\"SearchAction\",\"target\":{\"@type\":\"EntryPoint\",\"urlTemplate\":\"https:\/\/masquenoticias.mx\/?s={search_term_string}\"},\"query-input\":{\"@type\":\"PropertyValueSpecification\",\"valueRequired\":true,\"valueName\":\"search_term_string\"}}],\"inLanguage\":\"es\"},{\"@type\":\"Organization\",\"@id\":\"https:\/\/masquenoticias.mx\/#organization\",\"name\":\"M\u00e1s Que Noticias\",\"url\":\"https:\/\/masquenoticias.mx\/\",\"logo\":{\"@type\":\"ImageObject\",\"inLanguage\":\"es\",\"@id\":\"https:\/\/masquenoticias.mx\/#\/schema\/logo\/image\/\",\"url\":\"https:\/\/i0.wp.com\/masquenoticias.mx\/wp-content\/uploads\/2024\/04\/IMG_0004.png?fit=2560%2C1656&ssl=1\",\"contentUrl\":\"https:\/\/i0.wp.com\/masquenoticias.mx\/wp-content\/uploads\/2024\/04\/IMG_0004.png?fit=2560%2C1656&ssl=1\",\"width\":2560,\"height\":1656,\"caption\":\"M\u00e1s Que Noticias\"},\"image\":{\"@id\":\"https:\/\/masquenoticias.mx\/#\/schema\/logo\/image\/\"},\"sameAs\":[\"https:\/\/www.facebook.com\/masquenoticiascolima\",\"https:\/\/x.com\/edgartove\",\"https:\/\/www.instagram.com\/masquenoticiascolima\/\"]},{\"@type\":\"Person\",\"@id\":\"https:\/\/masquenoticias.mx\/#\/schema\/person\/544d19989ef23d34615f691f7a96e622\",\"name\":\"Redacci\u00f3n\",\"image\":{\"@type\":\"ImageObject\",\"inLanguage\":\"es\",\"@id\":\"https:\/\/masquenoticias.mx\/#\/schema\/person\/image\/\",\"url\":\"https:\/\/secure.gravatar.com\/avatar\/7fcc926d5b058d3f3d52d95b4d05dd58?s=96&d=mm&r=g\",\"contentUrl\":\"https:\/\/secure.gravatar.com\/avatar\/7fcc926d5b058d3f3d52d95b4d05dd58?s=96&d=mm&r=g\",\"caption\":\"Redacci\u00f3n\"},\"sameAs\":[\"http:\/\/masquenoticias.mx\"],\"url\":\"https:\/\/masquenoticias.mx\/index.php\/author\/edgartovegmail-com\/\"}]}<\/script>\n<!-- \/ Yoast SEO plugin. -->","yoast_head_json":{"title":"Colima clasifica a la etapa final de la Olimpiada Nacional Conade 2026, en ajedrez y tenis de mesa - M\u00e1s Que Noticias","robots":{"index":"index","follow":"follow","max-snippet":"max-snippet:-1","max-image-preview":"max-image-preview:large","max-video-preview":"max-video-preview:-1"},"canonical":"https:\/\/masquenoticias.mx\/index.php\/2026\/03\/09\/colima-clasifica-a-la-etapa-final-de-la-olimpiada-nacional-conade-2026-en-ajedrez-y-tenis-de-mesa\/","og_locale":"es_MX","og_type":"article","og_title":"Colima clasifica a la etapa final de la Olimpiada Nacional Conade 2026, en ajedrez y tenis de mesa - M\u00e1s Que Noticias","og_description":"La delegaci\u00f3n de deportistas que participaron con apoyo del Gobierno del Estado de Colima en regionales y nacionales clasificatorios rumbo a la Olimpiada Nacional Conade 2026, obtuvieron la clasificaci\u00f3n en ajedrez y tenis de mesa a la etapa final de la justa deportiva m\u00e1s importante de M\u00e9xico, que se celebrar\u00e1 entre abril a junio en [&hellip;]","og_url":"https:\/\/masquenoticias.mx\/index.php\/2026\/03\/09\/colima-clasifica-a-la-etapa-final-de-la-olimpiada-nacional-conade-2026-en-ajedrez-y-tenis-de-mesa\/","og_site_name":"M\u00e1s Que Noticias","article_publisher":"https:\/\/www.facebook.com\/masquenoticiascolima","article_published_time":"2026-03-10T00:06:00+00:00","og_image":[{"width":1280,"height":853,"url":"https:\/\/masquenoticias.mx\/wp-content\/uploads\/2026\/03\/WhatsApp-Image-2026-03-09-at-1.39.39-PM-1.jpeg","type":"image\/jpeg"}],"author":"Redacci\u00f3n","twitter_card":"summary_large_image","twitter_creator":"@edgartove","twitter_site":"@edgartove","twitter_misc":{"Escrito por":"Redacci\u00f3n","Tiempo de lectura":"2 minutos"},"schema":{"@context":"https:\/\/schema.org","@graph":[{"@type":"Article","@id":"https:\/\/masquenoticias.mx\/index.php\/2026\/03\/09\/colima-clasifica-a-la-etapa-final-de-la-olimpiada-nacional-conade-2026-en-ajedrez-y-tenis-de-mesa\/#article","isPartOf":{"@id":"https:\/\/masquenoticias.mx\/index.php\/2026\/03\/09\/colima-clasifica-a-la-etapa-final-de-la-olimpiada-nacional-conade-2026-en-ajedrez-y-tenis-de-mesa\/"},"author":{"name":"Redacci\u00f3n","@id":"https:\/\/masquenoticias.mx\/#\/schema\/person\/544d19989ef23d34615f691f7a96e622"},"headline":"Colima clasifica a la etapa final de la Olimpiada Nacional Conade 2026, en ajedrez y tenis de mesa","datePublished":"2026-03-10T00:06:00+00:00","mainEntityOfPage":{"@id":"https:\/\/masquenoticias.mx\/index.php\/2026\/03\/09\/colima-clasifica-a-la-etapa-final-de-la-olimpiada-nacional-conade-2026-en-ajedrez-y-tenis-de-mesa\/"},"wordCount":280,"commentCount":0,"publisher":{"@id":"https:\/\/masquenoticias.mx\/#organization"},"image":{"@id":"https:\/\/masquenoticias.mx\/index.php\/2026\/03\/09\/colima-clasifica-a-la-etapa-final-de-la-olimpiada-nacional-conade-2026-en-ajedrez-y-tenis-de-mesa\/#primaryimage"},"thumbnailUrl":"https:\/\/i0.wp.com\/masquenoticias.mx\/wp-content\/uploads\/2026\/03\/WhatsApp-Image-2026-03-09-at-1.39.39-PM-1.jpeg?fit=1280%2C853&ssl=1","keywords":["Incode"],"articleSection":["Estado"],"inLanguage":"es","potentialAction":[{"@type":"CommentAction","name":"Comment","target":["https:\/\/masquenoticias.mx\/index.php\/2026\/03\/09\/colima-clasifica-a-la-etapa-final-de-la-olimpiada-nacional-conade-2026-en-ajedrez-y-tenis-de-mesa\/#respond"]}]},{"@type":"WebPage","@id":"https:\/\/masquenoticias.mx\/index.php\/2026\/03\/09\/colima-clasifica-a-la-etapa-final-de-la-olimpiada-nacional-conade-2026-en-ajedrez-y-tenis-de-mesa\/","url":"https:\/\/masquenoticias.mx\/index.php\/2026\/03\/09\/colima-clasifica-a-la-etapa-final-de-la-olimpiada-nacional-conade-2026-en-ajedrez-y-tenis-de-mesa\/","name":"Colima clasifica a la etapa final de la Olimpiada Nacional Conade 2026, en ajedrez y tenis de mesa - M\u00e1s Que Noticias","isPartOf":{"@id":"https:\/\/masquenoticias.mx\/#website"},"primaryImageOfPage":{"@id":"https:\/\/masquenoticias.mx\/index.php\/2026\/03\/09\/colima-clasifica-a-la-etapa-final-de-la-olimpiada-nacional-conade-2026-en-ajedrez-y-tenis-de-mesa\/#primaryimage"},"image":{"@id":"https:\/\/masquenoticias.mx\/index.php\/2026\/03\/09\/colima-clasifica-a-la-etapa-final-de-la-olimpiada-nacional-conade-2026-en-ajedrez-y-tenis-de-mesa\/#primaryimage"},"thumbnailUrl":"https:\/\/i0.wp.com\/masquenoticias.mx\/wp-content\/uploads\/2026\/03\/WhatsApp-Image-2026-03-09-at-1.39.39-PM-1.jpeg?fit=1280%2C853&ssl=1","datePublished":"2026-03-10T00:06:00+00:00","breadcrumb":{"@id":"https:\/\/masquenoticias.mx\/index.php\/2026\/03\/09\/colima-clasifica-a-la-etapa-final-de-la-olimpiada-nacional-conade-2026-en-ajedrez-y-tenis-de-mesa\/#breadcrumb"},"inLanguage":"es","potentialAction":[{"@type":"ReadAction","target":["https:\/\/masquenoticias.mx\/index.php\/2026\/03\/09\/colima-clasifica-a-la-etapa-final-de-la-olimpiada-nacional-conade-2026-en-ajedrez-y-tenis-de-mesa\/"]}]},{"@type":"ImageObject","inLanguage":"es","@id":"https:\/\/masquenoticias.mx\/index.php\/2026\/03\/09\/colima-clasifica-a-la-etapa-final-de-la-olimpiada-nacional-conade-2026-en-ajedrez-y-tenis-de-mesa\/#primaryimage","url":"https:\/\/i0.wp.com\/masquenoticias.mx\/wp-content\/uploads\/2026\/03\/WhatsApp-Image-2026-03-09-at-1.39.39-PM-1.jpeg?fit=1280%2C853&ssl=1","contentUrl":"https:\/\/i0.wp.com\/masquenoticias.mx\/wp-content\/uploads\/2026\/03\/WhatsApp-Image-2026-03-09-at-1.39.39-PM-1.jpeg?fit=1280%2C853&ssl=1","width":1280,"height":853},{"@type":"BreadcrumbList","@id":"https:\/\/masquenoticias.mx\/index.php\/2026\/03\/09\/colima-clasifica-a-la-etapa-final-de-la-olimpiada-nacional-conade-2026-en-ajedrez-y-tenis-de-mesa\/#breadcrumb","itemListElement":[{"@type":"ListItem","position":1,"name":"Inicio","item":"https:\/\/masquenoticias.mx\/"},{"@type":"ListItem","position":2,"name":"Colima clasifica a la etapa final de la Olimpiada Nacional Conade 2026, en ajedrez y tenis de mesa"}]},{"@type":"WebSite","@id":"https:\/\/masquenoticias.mx\/#website","url":"https:\/\/masquenoticias.mx\/","name":"M\u00e1s Que Noticias","description":"Noticias de Colima, M\u00e9xico y el Mundo","publisher":{"@id":"https:\/\/masquenoticias.mx\/#organization"},"potentialAction":[{"@type":"SearchAction","target":{"@type":"EntryPoint","urlTemplate":"https:\/\/masquenoticias.mx\/?s={search_term_string}"},"query-input":{"@type":"PropertyValueSpecification","valueRequired":true,"valueName":"search_term_string"}}],"inLanguage":"es"},{"@type":"Organization","@id":"https:\/\/masquenoticias.mx\/#organization","name":"M\u00e1s Que Noticias","url":"https:\/\/masquenoticias.mx\/","logo":{"@type":"ImageObject","inLanguage":"es","@id":"https:\/\/masquenoticias.mx\/#\/schema\/logo\/image\/","url":"https:\/\/i0.wp.com\/masquenoticias.mx\/wp-content\/uploads\/2024\/04\/IMG_0004.png?fit=2560%2C1656&ssl=1","contentUrl":"https:\/\/i0.wp.com\/masquenoticias.mx\/wp-content\/uploads\/2024\/04\/IMG_0004.png?fit=2560%2C1656&ssl=1","width":2560,"height":1656,"caption":"M\u00e1s Que Noticias"},"image":{"@id":"https:\/\/masquenoticias.mx\/#\/schema\/logo\/image\/"},"sameAs":["https:\/\/www.facebook.com\/masquenoticiascolima","https:\/\/x.com\/edgartove","https:\/\/www.instagram.com\/masquenoticiascolima\/"]},{"@type":"Person","@id":"https:\/\/masquenoticias.mx\/#\/schema\/person\/544d19989ef23d34615f691f7a96e622","name":"Redacci\u00f3n","image":{"@type":"ImageObject","inLanguage":"es","@id":"https:\/\/masquenoticias.mx\/#\/schema\/person\/image\/","url":"https:\/\/secure.gravatar.com\/avatar\/7fcc926d5b058d3f3d52d95b4d05dd58?s=96&d=mm&r=g","contentUrl":"https:\/\/secure.gravatar.com\/avatar\/7fcc926d5b058d3f3d52d95b4d05dd58?s=96&d=mm&r=g","caption":"Redacci\u00f3n"},"sameAs":["http:\/\/masquenoticias.mx"],"url":"https:\/\/masquenoticias.mx\/index.php\/author\/edgartovegmail-com\/"}]}},"jetpack_featured_media_url":"https:\/\/i0.wp.com\/masquenoticias.mx\/wp-content\/uploads\/2026\/03\/WhatsApp-Image-2026-03-09-at-1.39.39-PM-1.jpeg?fit=1280%2C853&ssl=1","blog_post_layout_featured_media_urls":{"thumbnail":["https:\/\/i0.wp.com\/masquenoticias.mx\/wp-content\/uploads\/2026\/03\/WhatsApp-Image-2026-03-09-at-1.39.39-PM-1.jpeg?resize=150%2C150&ssl=1",150,150,true],"full":["https:\/\/i0.wp.com\/masquenoticias.mx\/wp-content\/uploads\/2026\/03\/WhatsApp-Image-2026-03-09-at-1.39.39-PM-1.jpeg?fit=1280%2C853&ssl=1",1280,853,false]},"categories_names":{"24":{"name":"Estado","link":"https:\/\/masquenoticias.mx\/index.php\/category\/estado\/"}},"tags_names":{"83":{"name":"Incode","link":"https:\/\/masquenoticias.mx\/index.php\/tag\/incode\/"}},"comments_number":"0","wpmagazine_modules_lite_featured_media_urls":{"thumbnail":["https:\/\/i0.wp.com\/masquenoticias.mx\/wp-content\/uploads\/2026\/03\/WhatsApp-Image-2026-03-09-at-1.39.39-PM-1.jpeg?resize=150%2C150&ssl=1",150,150,true],"cvmm-medium":["https:\/\/i0.wp.com\/masquenoticias.mx\/wp-content\/uploads\/2026\/03\/WhatsApp-Image-2026-03-09-at-1.39.39-PM-1.jpeg?resize=300%2C300&ssl=1",300,300,true],"cvmm-medium-plus":["https:\/\/i0.wp.com\/masquenoticias.mx\/wp-content\/uploads\/2026\/03\/WhatsApp-Image-2026-03-09-at-1.39.39-PM-1.jpeg?resize=305%2C207&ssl=1",305,207,true],"cvmm-portrait":["https:\/\/i0.wp.com\/masquenoticias.mx\/wp-content\/uploads\/2026\/03\/WhatsApp-Image-2026-03-09-at-1.39.39-PM-1.jpeg?resize=400%2C600&ssl=1",400,600,true],"cvmm-medium-square":["https:\/\/i0.wp.com\/masquenoticias.mx\/wp-content\/uploads\/2026\/03\/WhatsApp-Image-2026-03-09-at-1.39.39-PM-1.jpeg?resize=600%2C600&ssl=1",600,600,true],"cvmm-large":["https:\/\/i0.wp.com\/masquenoticias.mx\/wp-content\/uploads\/2026\/03\/WhatsApp-Image-2026-03-09-at-1.39.39-PM-1.jpeg?resize=1024%2C853&ssl=1",1024,853,true],"cvmm-small":["https:\/\/i0.wp.com\/masquenoticias.mx\/wp-content\/uploads\/2026\/03\/WhatsApp-Image-2026-03-09-at-1.39.39-PM-1.jpeg?resize=130%2C95&ssl=1",130,95,true],"full":["https:\/\/i0.wp.com\/masquenoticias.mx\/wp-content\/uploads\/2026\/03\/WhatsApp-Image-2026-03-09-at-1.39.39-PM-1.jpeg?fit=1280%2C853&ssl=1",1280,853,false]},"jetpack-related-posts":[],"jetpack_sharing_enabled":true,"jetpack_likes_enabled":true,"jetpack_shortlink":"https:\/\/wp.me\/pf7pkt-5DE","_links":{"self":[{"href":"https:\/\/masquenoticias.mx\/index.php\/wp-json\/wp\/v2\/posts\/21678","targetHints":{"allow":["GET"]}}],"collection":[{"href":"https:\/\/masquenoticias.mx\/index.php\/wp-json\/wp\/v2\/posts"}],"about":[{"href":"https:\/\/masquenoticias.mx\/index.php\/wp-json\/wp\/v2\/types\/post"}],"author":[{"embeddable":true,"href":"https:\/\/masquenoticias.mx\/index.php\/wp-json\/wp\/v2\/users\/1"}],"replies":[{"embeddable":true,"href":"https:\/\/masquenoticias.mx\/index.php\/wp-json\/wp\/v2\/comments?post=21678"}],"version-history":[{"count":1,"href":"https:\/\/masquenoticias.mx\/index.php\/wp-json\/wp\/v2\/posts\/21678\/revisions"}],"predecessor-version":[{"id":21680,"href":"https:\/\/masquenoticias.mx\/index.php\/wp-json\/wp\/v2\/posts\/21678\/revisions\/21680"}],"wp:featuredmedia":[{"embeddable":true,"href":"https:\/\/masquenoticias.mx\/index.php\/wp-json\/wp\/v2\/media\/21679"}],"wp:attachment":[{"href":"https:\/\/masquenoticias.mx\/index.php\/wp-json\/wp\/v2\/media?parent=21678"}],"wp:term":[{"taxonomy":"category","embeddable":true,"href":"https:\/\/masquenoticias.mx\/index.php\/wp-json\/wp\/v2\/categories?post=21678"},{"taxonomy":"post_tag","embeddable":true,"href":"https:\/\/masquenoticias.mx\/index.php\/wp-json\/wp\/v2\/tags?post=21678"}],"curies":[{"name":"wp","href":"https:\/\/api.w.org\/{rel}","templated":true}]}}