{"id":21675,"date":"2026-03-09T18:03:46","date_gmt":"2026-03-10T00:03:46","guid":{"rendered":"https:\/\/masquenoticias.mx\/?p=21675"},"modified":"2026-03-09T18:03:46","modified_gmt":"2026-03-10T00:03:46","slug":"gobernadora-de-colima-inicia-entrega-de-mi-colibeca-para-empezar-a-estudiantes-de-preescolar-en-cuauhtemoc","status":"publish","type":"post","link":"https:\/\/masquenoticias.mx\/index.php\/2026\/03\/09\/gobernadora-de-colima-inicia-entrega-de-mi-colibeca-para-empezar-a-estudiantes-de-preescolar-en-cuauhtemoc\/","title":{"rendered":"Gobernadora de Colima inicia entrega de Mi ColiBeca para Empezar a estudiantes de preescolar en Cuauht\u00e9moc"},"content":{"rendered":"<p>Al continuar su agenda de trabajo este lunes, la gobernadora de Colima, Indira Vizca\u00edno Silva, acudi\u00f3 a la cabecera municipal de Cuauht\u00e9moc, donde acompa\u00f1ada de m\u00e1s autoridades de los tres niveles de gobierno inici\u00f3 la entrega de tarjetas bancarias de Mi ColiBeca para Empezar a m\u00e1s de 80 estudiantes de preescolares p\u00fablicos de ese municipio, que por alguna raz\u00f3n no hab\u00edan podido recibirla.<\/p>\n<p>\u201cDesde el primer momento hemos planteado que la educaci\u00f3n es un pilar fundamental para esta administraci\u00f3n estatal\u201d, expres\u00f3 Indira Vizca\u00edno, recordando que cuando fue presidenta municipal de Cuauht\u00e9moc, \u00e9ste fue el primer municipio en entregar uniformes escolares gratuitos, algo que despu\u00e9s se convirti\u00f3 en una pol\u00edtica estatal.<\/p>\n<p>Destac\u00f3 que, al llegar al Gobierno del Estado de Colima, por medio de #ColiBecas se crearon los programas de mochilas y \u00fatiles escolares, la entrega de computadoras port\u00e1tiles en secundaria, que luego se extendi\u00f3 a nivel profesional, y despu\u00e9s surgi\u00f3 Mi ColiBeca para Empezar dirigida a estudiantes de preescolares y primarias p\u00fablicas.<\/p>\n<p>Sin embargo, gracias a que la presidenta de M\u00e9xico, Claudia Sheinbaum Pardo, cre\u00f3 la Beca \u2018Rita Cetina\u2019 para secundaria, y que a partir de este a\u00f1o se extendi\u00f3 a primaria, ahora Mi ColiBeca para Empezar se enfocar\u00e1 a preescolar y se crear\u00e1 una beca para nivel superior, que permita apoyar a todas y todos los j\u00f3venes del estado que est\u00e1n estudiando una carrera profesional.<\/p>\n<p>Viridiana Valencia Vargas, secretaria de Bienestar, Inclusi\u00f3n Social y Mujeres, inform\u00f3 que, tras recibir la tarjeta, se dispersar\u00e1 el recurso (que en esta ocasi\u00f3n ser\u00e1n 800 pesos correspondientes a dos bimestres), hasta tres d\u00edas despu\u00e9s; la presidenta municipal Ma. Guadalupe Sol\u00eds Ram\u00edrez agradeci\u00f3 a la mandataria estatal por todos los esfuerzos que hace su administraci\u00f3n para hacer posible este apoyo a la educaci\u00f3n, agradecimiento al que se sum\u00f3 la alumna F\u00e1tima Valentina.<\/p>\n","protected":false},"excerpt":{"rendered":"<p>Al continuar su agenda de trabajo este lunes, la gobernadora de Colima, Indira Vizca\u00edno Silva, acudi\u00f3 a la cabecera municipal de Cuauht\u00e9moc, donde acompa\u00f1ada de m\u00e1s autoridades de los tres niveles de gobierno inici\u00f3 la entrega de tarjetas bancarias de Mi ColiBeca para Empezar a m\u00e1s de 80 estudiantes de preescolares p\u00fablicos de ese municipio, [&hellip;]<\/p>\n","protected":false},"author":1,"featured_media":21676,"comment_status":"open","ping_status":"open","sticky":false,"template":"","format":"standard","meta":{"_jetpack_memberships_contains_paid_content":false,"footnotes":""},"categories":[24],"tags":[590],"class_list":["post-21675","post","type-post","status-publish","format-standard","has-post-thumbnail","hentry","category-estado","tag-colibeca"],"yoast_head":"<!-- This site is optimized with the Yoast SEO plugin v26.6 - https:\/\/yoast.com\/wordpress\/plugins\/seo\/ -->\n<title>Gobernadora de Colima inicia entrega de Mi ColiBeca para Empezar a estudiantes de preescolar en Cuauht\u00e9moc - M\u00e1s Que Noticias<\/title>\n<meta name=\"robots\" content=\"index, follow, max-snippet:-1, max-image-preview:large, max-video-preview:-1\" \/>\n<link rel=\"canonical\" href=\"https:\/\/masquenoticias.mx\/index.php\/2026\/03\/09\/gobernadora-de-colima-inicia-entrega-de-mi-colibeca-para-empezar-a-estudiantes-de-preescolar-en-cuauhtemoc\/\" \/>\n<meta property=\"og:locale\" content=\"es_MX\" \/>\n<meta property=\"og:type\" content=\"article\" \/>\n<meta property=\"og:title\" content=\"Gobernadora de Colima inicia entrega de Mi ColiBeca para Empezar a estudiantes de preescolar en Cuauht\u00e9moc - M\u00e1s Que Noticias\" \/>\n<meta property=\"og:description\" content=\"Al continuar su agenda de trabajo este lunes, la gobernadora de Colima, Indira Vizca\u00edno Silva, acudi\u00f3 a la cabecera municipal de Cuauht\u00e9moc, donde acompa\u00f1ada de m\u00e1s autoridades de los tres niveles de gobierno inici\u00f3 la entrega de tarjetas bancarias de Mi ColiBeca para Empezar a m\u00e1s de 80 estudiantes de preescolares p\u00fablicos de ese municipio, [&hellip;]\" \/>\n<meta property=\"og:url\" content=\"https:\/\/masquenoticias.mx\/index.php\/2026\/03\/09\/gobernadora-de-colima-inicia-entrega-de-mi-colibeca-para-empezar-a-estudiantes-de-preescolar-en-cuauhtemoc\/\" \/>\n<meta property=\"og:site_name\" content=\"M\u00e1s Que Noticias\" \/>\n<meta property=\"article:publisher\" content=\"https:\/\/www.facebook.com\/masquenoticiascolima\" \/>\n<meta property=\"article:published_time\" content=\"2026-03-10T00:03:46+00:00\" \/>\n<meta property=\"og:image\" content=\"https:\/\/masquenoticias.mx\/wp-content\/uploads\/2026\/03\/WhatsApp-Image-2026-03-09-at-1.15.28-PM-1.jpeg\" \/>\n\t<meta property=\"og:image:width\" content=\"1280\" \/>\n\t<meta property=\"og:image:height\" content=\"853\" \/>\n\t<meta property=\"og:image:type\" content=\"image\/jpeg\" \/>\n<meta name=\"author\" content=\"Redacci\u00f3n\" \/>\n<meta name=\"twitter:card\" content=\"summary_large_image\" \/>\n<meta name=\"twitter:creator\" content=\"@edgartove\" \/>\n<meta name=\"twitter:site\" content=\"@edgartove\" \/>\n<meta name=\"twitter:label1\" content=\"Escrito por\" \/>\n\t<meta name=\"twitter:data1\" content=\"Redacci\u00f3n\" \/>\n\t<meta name=\"twitter:label2\" content=\"Tiempo de lectura\" \/>\n\t<meta name=\"twitter:data2\" content=\"2 minutos\" \/>\n<script type=\"application\/ld+json\" class=\"yoast-schema-graph\">{\"@context\":\"https:\/\/schema.org\",\"@graph\":[{\"@type\":\"Article\",\"@id\":\"https:\/\/masquenoticias.mx\/index.php\/2026\/03\/09\/gobernadora-de-colima-inicia-entrega-de-mi-colibeca-para-empezar-a-estudiantes-de-preescolar-en-cuauhtemoc\/#article\",\"isPartOf\":{\"@id\":\"https:\/\/masquenoticias.mx\/index.php\/2026\/03\/09\/gobernadora-de-colima-inicia-entrega-de-mi-colibeca-para-empezar-a-estudiantes-de-preescolar-en-cuauhtemoc\/\"},\"author\":{\"name\":\"Redacci\u00f3n\",\"@id\":\"https:\/\/masquenoticias.mx\/#\/schema\/person\/544d19989ef23d34615f691f7a96e622\"},\"headline\":\"Gobernadora de Colima inicia entrega de Mi ColiBeca para Empezar a estudiantes de preescolar en Cuauht\u00e9moc\",\"datePublished\":\"2026-03-10T00:03:46+00:00\",\"mainEntityOfPage\":{\"@id\":\"https:\/\/masquenoticias.mx\/index.php\/2026\/03\/09\/gobernadora-de-colima-inicia-entrega-de-mi-colibeca-para-empezar-a-estudiantes-de-preescolar-en-cuauhtemoc\/\"},\"wordCount\":344,\"commentCount\":0,\"publisher\":{\"@id\":\"https:\/\/masquenoticias.mx\/#organization\"},\"image\":{\"@id\":\"https:\/\/masquenoticias.mx\/index.php\/2026\/03\/09\/gobernadora-de-colima-inicia-entrega-de-mi-colibeca-para-empezar-a-estudiantes-de-preescolar-en-cuauhtemoc\/#primaryimage\"},\"thumbnailUrl\":\"https:\/\/i0.wp.com\/masquenoticias.mx\/wp-content\/uploads\/2026\/03\/WhatsApp-Image-2026-03-09-at-1.15.28-PM-1.jpeg?fit=1280%2C853&ssl=1\",\"keywords\":[\"Colibeca\"],\"articleSection\":[\"Estado\"],\"inLanguage\":\"es\",\"potentialAction\":[{\"@type\":\"CommentAction\",\"name\":\"Comment\",\"target\":[\"https:\/\/masquenoticias.mx\/index.php\/2026\/03\/09\/gobernadora-de-colima-inicia-entrega-de-mi-colibeca-para-empezar-a-estudiantes-de-preescolar-en-cuauhtemoc\/#respond\"]}]},{\"@type\":\"WebPage\",\"@id\":\"https:\/\/masquenoticias.mx\/index.php\/2026\/03\/09\/gobernadora-de-colima-inicia-entrega-de-mi-colibeca-para-empezar-a-estudiantes-de-preescolar-en-cuauhtemoc\/\",\"url\":\"https:\/\/masquenoticias.mx\/index.php\/2026\/03\/09\/gobernadora-de-colima-inicia-entrega-de-mi-colibeca-para-empezar-a-estudiantes-de-preescolar-en-cuauhtemoc\/\",\"name\":\"Gobernadora de Colima inicia entrega de Mi ColiBeca para Empezar a estudiantes de preescolar en Cuauht\u00e9moc - M\u00e1s Que Noticias\",\"isPartOf\":{\"@id\":\"https:\/\/masquenoticias.mx\/#website\"},\"primaryImageOfPage\":{\"@id\":\"https:\/\/masquenoticias.mx\/index.php\/2026\/03\/09\/gobernadora-de-colima-inicia-entrega-de-mi-colibeca-para-empezar-a-estudiantes-de-preescolar-en-cuauhtemoc\/#primaryimage\"},\"image\":{\"@id\":\"https:\/\/masquenoticias.mx\/index.php\/2026\/03\/09\/gobernadora-de-colima-inicia-entrega-de-mi-colibeca-para-empezar-a-estudiantes-de-preescolar-en-cuauhtemoc\/#primaryimage\"},\"thumbnailUrl\":\"https:\/\/i0.wp.com\/masquenoticias.mx\/wp-content\/uploads\/2026\/03\/WhatsApp-Image-2026-03-09-at-1.15.28-PM-1.jpeg?fit=1280%2C853&ssl=1\",\"datePublished\":\"2026-03-10T00:03:46+00:00\",\"breadcrumb\":{\"@id\":\"https:\/\/masquenoticias.mx\/index.php\/2026\/03\/09\/gobernadora-de-colima-inicia-entrega-de-mi-colibeca-para-empezar-a-estudiantes-de-preescolar-en-cuauhtemoc\/#breadcrumb\"},\"inLanguage\":\"es\",\"potentialAction\":[{\"@type\":\"ReadAction\",\"target\":[\"https:\/\/masquenoticias.mx\/index.php\/2026\/03\/09\/gobernadora-de-colima-inicia-entrega-de-mi-colibeca-para-empezar-a-estudiantes-de-preescolar-en-cuauhtemoc\/\"]}]},{\"@type\":\"ImageObject\",\"inLanguage\":\"es\",\"@id\":\"https:\/\/masquenoticias.mx\/index.php\/2026\/03\/09\/gobernadora-de-colima-inicia-entrega-de-mi-colibeca-para-empezar-a-estudiantes-de-preescolar-en-cuauhtemoc\/#primaryimage\",\"url\":\"https:\/\/i0.wp.com\/masquenoticias.mx\/wp-content\/uploads\/2026\/03\/WhatsApp-Image-2026-03-09-at-1.15.28-PM-1.jpeg?fit=1280%2C853&ssl=1\",\"contentUrl\":\"https:\/\/i0.wp.com\/masquenoticias.mx\/wp-content\/uploads\/2026\/03\/WhatsApp-Image-2026-03-09-at-1.15.28-PM-1.jpeg?fit=1280%2C853&ssl=1\",\"width\":1280,\"height\":853},{\"@type\":\"BreadcrumbList\",\"@id\":\"https:\/\/masquenoticias.mx\/index.php\/2026\/03\/09\/gobernadora-de-colima-inicia-entrega-de-mi-colibeca-para-empezar-a-estudiantes-de-preescolar-en-cuauhtemoc\/#breadcrumb\",\"itemListElement\":[{\"@type\":\"ListItem\",\"position\":1,\"name\":\"Inicio\",\"item\":\"https:\/\/masquenoticias.mx\/\"},{\"@type\":\"ListItem\",\"position\":2,\"name\":\"Gobernadora de Colima inicia entrega de Mi ColiBeca para Empezar a estudiantes de preescolar en Cuauht\u00e9moc\"}]},{\"@type\":\"WebSite\",\"@id\":\"https:\/\/masquenoticias.mx\/#website\",\"url\":\"https:\/\/masquenoticias.mx\/\",\"name\":\"M\u00e1s Que Noticias\",\"description\":\"Noticias de Colima, M\u00e9xico y el Mundo\",\"publisher\":{\"@id\":\"https:\/\/masquenoticias.mx\/#organization\"},\"potentialAction\":[{\"@type\":\"SearchAction\",\"target\":{\"@type\":\"EntryPoint\",\"urlTemplate\":\"https:\/\/masquenoticias.mx\/?s={search_term_string}\"},\"query-input\":{\"@type\":\"PropertyValueSpecification\",\"valueRequired\":true,\"valueName\":\"search_term_string\"}}],\"inLanguage\":\"es\"},{\"@type\":\"Organization\",\"@id\":\"https:\/\/masquenoticias.mx\/#organization\",\"name\":\"M\u00e1s Que Noticias\",\"url\":\"https:\/\/masquenoticias.mx\/\",\"logo\":{\"@type\":\"ImageObject\",\"inLanguage\":\"es\",\"@id\":\"https:\/\/masquenoticias.mx\/#\/schema\/logo\/image\/\",\"url\":\"https:\/\/i0.wp.com\/masquenoticias.mx\/wp-content\/uploads\/2024\/04\/IMG_0004.png?fit=2560%2C1656&ssl=1\",\"contentUrl\":\"https:\/\/i0.wp.com\/masquenoticias.mx\/wp-content\/uploads\/2024\/04\/IMG_0004.png?fit=2560%2C1656&ssl=1\",\"width\":2560,\"height\":1656,\"caption\":\"M\u00e1s Que Noticias\"},\"image\":{\"@id\":\"https:\/\/masquenoticias.mx\/#\/schema\/logo\/image\/\"},\"sameAs\":[\"https:\/\/www.facebook.com\/masquenoticiascolima\",\"https:\/\/x.com\/edgartove\",\"https:\/\/www.instagram.com\/masquenoticiascolima\/\"]},{\"@type\":\"Person\",\"@id\":\"https:\/\/masquenoticias.mx\/#\/schema\/person\/544d19989ef23d34615f691f7a96e622\",\"name\":\"Redacci\u00f3n\",\"image\":{\"@type\":\"ImageObject\",\"inLanguage\":\"es\",\"@id\":\"https:\/\/masquenoticias.mx\/#\/schema\/person\/image\/\",\"url\":\"https:\/\/secure.gravatar.com\/avatar\/7fcc926d5b058d3f3d52d95b4d05dd58?s=96&d=mm&r=g\",\"contentUrl\":\"https:\/\/secure.gravatar.com\/avatar\/7fcc926d5b058d3f3d52d95b4d05dd58?s=96&d=mm&r=g\",\"caption\":\"Redacci\u00f3n\"},\"sameAs\":[\"http:\/\/masquenoticias.mx\"],\"url\":\"https:\/\/masquenoticias.mx\/index.php\/author\/edgartovegmail-com\/\"}]}<\/script>\n<!-- \/ Yoast SEO plugin. -->","yoast_head_json":{"title":"Gobernadora de Colima inicia entrega de Mi ColiBeca para Empezar a estudiantes de preescolar en Cuauht\u00e9moc - M\u00e1s Que Noticias","robots":{"index":"index","follow":"follow","max-snippet":"max-snippet:-1","max-image-preview":"max-image-preview:large","max-video-preview":"max-video-preview:-1"},"canonical":"https:\/\/masquenoticias.mx\/index.php\/2026\/03\/09\/gobernadora-de-colima-inicia-entrega-de-mi-colibeca-para-empezar-a-estudiantes-de-preescolar-en-cuauhtemoc\/","og_locale":"es_MX","og_type":"article","og_title":"Gobernadora de Colima inicia entrega de Mi ColiBeca para Empezar a estudiantes de preescolar en Cuauht\u00e9moc - M\u00e1s Que Noticias","og_description":"Al continuar su agenda de trabajo este lunes, la gobernadora de Colima, Indira Vizca\u00edno Silva, acudi\u00f3 a la cabecera municipal de Cuauht\u00e9moc, donde acompa\u00f1ada de m\u00e1s autoridades de los tres niveles de gobierno inici\u00f3 la entrega de tarjetas bancarias de Mi ColiBeca para Empezar a m\u00e1s de 80 estudiantes de preescolares p\u00fablicos de ese municipio, [&hellip;]","og_url":"https:\/\/masquenoticias.mx\/index.php\/2026\/03\/09\/gobernadora-de-colima-inicia-entrega-de-mi-colibeca-para-empezar-a-estudiantes-de-preescolar-en-cuauhtemoc\/","og_site_name":"M\u00e1s Que Noticias","article_publisher":"https:\/\/www.facebook.com\/masquenoticiascolima","article_published_time":"2026-03-10T00:03:46+00:00","og_image":[{"width":1280,"height":853,"url":"https:\/\/masquenoticias.mx\/wp-content\/uploads\/2026\/03\/WhatsApp-Image-2026-03-09-at-1.15.28-PM-1.jpeg","type":"image\/jpeg"}],"author":"Redacci\u00f3n","twitter_card":"summary_large_image","twitter_creator":"@edgartove","twitter_site":"@edgartove","twitter_misc":{"Escrito por":"Redacci\u00f3n","Tiempo de lectura":"2 minutos"},"schema":{"@context":"https:\/\/schema.org","@graph":[{"@type":"Article","@id":"https:\/\/masquenoticias.mx\/index.php\/2026\/03\/09\/gobernadora-de-colima-inicia-entrega-de-mi-colibeca-para-empezar-a-estudiantes-de-preescolar-en-cuauhtemoc\/#article","isPartOf":{"@id":"https:\/\/masquenoticias.mx\/index.php\/2026\/03\/09\/gobernadora-de-colima-inicia-entrega-de-mi-colibeca-para-empezar-a-estudiantes-de-preescolar-en-cuauhtemoc\/"},"author":{"name":"Redacci\u00f3n","@id":"https:\/\/masquenoticias.mx\/#\/schema\/person\/544d19989ef23d34615f691f7a96e622"},"headline":"Gobernadora de Colima inicia entrega de Mi ColiBeca para Empezar a estudiantes de preescolar en Cuauht\u00e9moc","datePublished":"2026-03-10T00:03:46+00:00","mainEntityOfPage":{"@id":"https:\/\/masquenoticias.mx\/index.php\/2026\/03\/09\/gobernadora-de-colima-inicia-entrega-de-mi-colibeca-para-empezar-a-estudiantes-de-preescolar-en-cuauhtemoc\/"},"wordCount":344,"commentCount":0,"publisher":{"@id":"https:\/\/masquenoticias.mx\/#organization"},"image":{"@id":"https:\/\/masquenoticias.mx\/index.php\/2026\/03\/09\/gobernadora-de-colima-inicia-entrega-de-mi-colibeca-para-empezar-a-estudiantes-de-preescolar-en-cuauhtemoc\/#primaryimage"},"thumbnailUrl":"https:\/\/i0.wp.com\/masquenoticias.mx\/wp-content\/uploads\/2026\/03\/WhatsApp-Image-2026-03-09-at-1.15.28-PM-1.jpeg?fit=1280%2C853&ssl=1","keywords":["Colibeca"],"articleSection":["Estado"],"inLanguage":"es","potentialAction":[{"@type":"CommentAction","name":"Comment","target":["https:\/\/masquenoticias.mx\/index.php\/2026\/03\/09\/gobernadora-de-colima-inicia-entrega-de-mi-colibeca-para-empezar-a-estudiantes-de-preescolar-en-cuauhtemoc\/#respond"]}]},{"@type":"WebPage","@id":"https:\/\/masquenoticias.mx\/index.php\/2026\/03\/09\/gobernadora-de-colima-inicia-entrega-de-mi-colibeca-para-empezar-a-estudiantes-de-preescolar-en-cuauhtemoc\/","url":"https:\/\/masquenoticias.mx\/index.php\/2026\/03\/09\/gobernadora-de-colima-inicia-entrega-de-mi-colibeca-para-empezar-a-estudiantes-de-preescolar-en-cuauhtemoc\/","name":"Gobernadora de Colima inicia entrega de Mi ColiBeca para Empezar a estudiantes de preescolar en Cuauht\u00e9moc - M\u00e1s Que Noticias","isPartOf":{"@id":"https:\/\/masquenoticias.mx\/#website"},"primaryImageOfPage":{"@id":"https:\/\/masquenoticias.mx\/index.php\/2026\/03\/09\/gobernadora-de-colima-inicia-entrega-de-mi-colibeca-para-empezar-a-estudiantes-de-preescolar-en-cuauhtemoc\/#primaryimage"},"image":{"@id":"https:\/\/masquenoticias.mx\/index.php\/2026\/03\/09\/gobernadora-de-colima-inicia-entrega-de-mi-colibeca-para-empezar-a-estudiantes-de-preescolar-en-cuauhtemoc\/#primaryimage"},"thumbnailUrl":"https:\/\/i0.wp.com\/masquenoticias.mx\/wp-content\/uploads\/2026\/03\/WhatsApp-Image-2026-03-09-at-1.15.28-PM-1.jpeg?fit=1280%2C853&ssl=1","datePublished":"2026-03-10T00:03:46+00:00","breadcrumb":{"@id":"https:\/\/masquenoticias.mx\/index.php\/2026\/03\/09\/gobernadora-de-colima-inicia-entrega-de-mi-colibeca-para-empezar-a-estudiantes-de-preescolar-en-cuauhtemoc\/#breadcrumb"},"inLanguage":"es","potentialAction":[{"@type":"ReadAction","target":["https:\/\/masquenoticias.mx\/index.php\/2026\/03\/09\/gobernadora-de-colima-inicia-entrega-de-mi-colibeca-para-empezar-a-estudiantes-de-preescolar-en-cuauhtemoc\/"]}]},{"@type":"ImageObject","inLanguage":"es","@id":"https:\/\/masquenoticias.mx\/index.php\/2026\/03\/09\/gobernadora-de-colima-inicia-entrega-de-mi-colibeca-para-empezar-a-estudiantes-de-preescolar-en-cuauhtemoc\/#primaryimage","url":"https:\/\/i0.wp.com\/masquenoticias.mx\/wp-content\/uploads\/2026\/03\/WhatsApp-Image-2026-03-09-at-1.15.28-PM-1.jpeg?fit=1280%2C853&ssl=1","contentUrl":"https:\/\/i0.wp.com\/masquenoticias.mx\/wp-content\/uploads\/2026\/03\/WhatsApp-Image-2026-03-09-at-1.15.28-PM-1.jpeg?fit=1280%2C853&ssl=1","width":1280,"height":853},{"@type":"BreadcrumbList","@id":"https:\/\/masquenoticias.mx\/index.php\/2026\/03\/09\/gobernadora-de-colima-inicia-entrega-de-mi-colibeca-para-empezar-a-estudiantes-de-preescolar-en-cuauhtemoc\/#breadcrumb","itemListElement":[{"@type":"ListItem","position":1,"name":"Inicio","item":"https:\/\/masquenoticias.mx\/"},{"@type":"ListItem","position":2,"name":"Gobernadora de Colima inicia entrega de Mi ColiBeca para Empezar a estudiantes de preescolar en Cuauht\u00e9moc"}]},{"@type":"WebSite","@id":"https:\/\/masquenoticias.mx\/#website","url":"https:\/\/masquenoticias.mx\/","name":"M\u00e1s Que Noticias","description":"Noticias de Colima, M\u00e9xico y el Mundo","publisher":{"@id":"https:\/\/masquenoticias.mx\/#organization"},"potentialAction":[{"@type":"SearchAction","target":{"@type":"EntryPoint","urlTemplate":"https:\/\/masquenoticias.mx\/?s={search_term_string}"},"query-input":{"@type":"PropertyValueSpecification","valueRequired":true,"valueName":"search_term_string"}}],"inLanguage":"es"},{"@type":"Organization","@id":"https:\/\/masquenoticias.mx\/#organization","name":"M\u00e1s Que Noticias","url":"https:\/\/masquenoticias.mx\/","logo":{"@type":"ImageObject","inLanguage":"es","@id":"https:\/\/masquenoticias.mx\/#\/schema\/logo\/image\/","url":"https:\/\/i0.wp.com\/masquenoticias.mx\/wp-content\/uploads\/2024\/04\/IMG_0004.png?fit=2560%2C1656&ssl=1","contentUrl":"https:\/\/i0.wp.com\/masquenoticias.mx\/wp-content\/uploads\/2024\/04\/IMG_0004.png?fit=2560%2C1656&ssl=1","width":2560,"height":1656,"caption":"M\u00e1s Que Noticias"},"image":{"@id":"https:\/\/masquenoticias.mx\/#\/schema\/logo\/image\/"},"sameAs":["https:\/\/www.facebook.com\/masquenoticiascolima","https:\/\/x.com\/edgartove","https:\/\/www.instagram.com\/masquenoticiascolima\/"]},{"@type":"Person","@id":"https:\/\/masquenoticias.mx\/#\/schema\/person\/544d19989ef23d34615f691f7a96e622","name":"Redacci\u00f3n","image":{"@type":"ImageObject","inLanguage":"es","@id":"https:\/\/masquenoticias.mx\/#\/schema\/person\/image\/","url":"https:\/\/secure.gravatar.com\/avatar\/7fcc926d5b058d3f3d52d95b4d05dd58?s=96&d=mm&r=g","contentUrl":"https:\/\/secure.gravatar.com\/avatar\/7fcc926d5b058d3f3d52d95b4d05dd58?s=96&d=mm&r=g","caption":"Redacci\u00f3n"},"sameAs":["http:\/\/masquenoticias.mx"],"url":"https:\/\/masquenoticias.mx\/index.php\/author\/edgartovegmail-com\/"}]}},"jetpack_featured_media_url":"https:\/\/i0.wp.com\/masquenoticias.mx\/wp-content\/uploads\/2026\/03\/WhatsApp-Image-2026-03-09-at-1.15.28-PM-1.jpeg?fit=1280%2C853&ssl=1","blog_post_layout_featured_media_urls":{"thumbnail":["https:\/\/i0.wp.com\/masquenoticias.mx\/wp-content\/uploads\/2026\/03\/WhatsApp-Image-2026-03-09-at-1.15.28-PM-1.jpeg?resize=150%2C150&ssl=1",150,150,true],"full":["https:\/\/i0.wp.com\/masquenoticias.mx\/wp-content\/uploads\/2026\/03\/WhatsApp-Image-2026-03-09-at-1.15.28-PM-1.jpeg?fit=1280%2C853&ssl=1",1280,853,false]},"categories_names":{"24":{"name":"Estado","link":"https:\/\/masquenoticias.mx\/index.php\/category\/estado\/"}},"tags_names":{"590":{"name":"Colibeca","link":"https:\/\/masquenoticias.mx\/index.php\/tag\/colibeca\/"}},"comments_number":"0","wpmagazine_modules_lite_featured_media_urls":{"thumbnail":["https:\/\/i0.wp.com\/masquenoticias.mx\/wp-content\/uploads\/2026\/03\/WhatsApp-Image-2026-03-09-at-1.15.28-PM-1.jpeg?resize=150%2C150&ssl=1",150,150,true],"cvmm-medium":["https:\/\/i0.wp.com\/masquenoticias.mx\/wp-content\/uploads\/2026\/03\/WhatsApp-Image-2026-03-09-at-1.15.28-PM-1.jpeg?resize=300%2C300&ssl=1",300,300,true],"cvmm-medium-plus":["https:\/\/i0.wp.com\/masquenoticias.mx\/wp-content\/uploads\/2026\/03\/WhatsApp-Image-2026-03-09-at-1.15.28-PM-1.jpeg?resize=305%2C207&ssl=1",305,207,true],"cvmm-portrait":["https:\/\/i0.wp.com\/masquenoticias.mx\/wp-content\/uploads\/2026\/03\/WhatsApp-Image-2026-03-09-at-1.15.28-PM-1.jpeg?resize=400%2C600&ssl=1",400,600,true],"cvmm-medium-square":["https:\/\/i0.wp.com\/masquenoticias.mx\/wp-content\/uploads\/2026\/03\/WhatsApp-Image-2026-03-09-at-1.15.28-PM-1.jpeg?resize=600%2C600&ssl=1",600,600,true],"cvmm-large":["https:\/\/i0.wp.com\/masquenoticias.mx\/wp-content\/uploads\/2026\/03\/WhatsApp-Image-2026-03-09-at-1.15.28-PM-1.jpeg?resize=1024%2C853&ssl=1",1024,853,true],"cvmm-small":["https:\/\/i0.wp.com\/masquenoticias.mx\/wp-content\/uploads\/2026\/03\/WhatsApp-Image-2026-03-09-at-1.15.28-PM-1.jpeg?resize=130%2C95&ssl=1",130,95,true],"full":["https:\/\/i0.wp.com\/masquenoticias.mx\/wp-content\/uploads\/2026\/03\/WhatsApp-Image-2026-03-09-at-1.15.28-PM-1.jpeg?fit=1280%2C853&ssl=1",1280,853,false]},"jetpack-related-posts":[],"jetpack_sharing_enabled":true,"jetpack_likes_enabled":true,"jetpack_shortlink":"https:\/\/wp.me\/pf7pkt-5DB","_links":{"self":[{"href":"https:\/\/masquenoticias.mx\/index.php\/wp-json\/wp\/v2\/posts\/21675","targetHints":{"allow":["GET"]}}],"collection":[{"href":"https:\/\/masquenoticias.mx\/index.php\/wp-json\/wp\/v2\/posts"}],"about":[{"href":"https:\/\/masquenoticias.mx\/index.php\/wp-json\/wp\/v2\/types\/post"}],"author":[{"embeddable":true,"href":"https:\/\/masquenoticias.mx\/index.php\/wp-json\/wp\/v2\/users\/1"}],"replies":[{"embeddable":true,"href":"https:\/\/masquenoticias.mx\/index.php\/wp-json\/wp\/v2\/comments?post=21675"}],"version-history":[{"count":1,"href":"https:\/\/masquenoticias.mx\/index.php\/wp-json\/wp\/v2\/posts\/21675\/revisions"}],"predecessor-version":[{"id":21677,"href":"https:\/\/masquenoticias.mx\/index.php\/wp-json\/wp\/v2\/posts\/21675\/revisions\/21677"}],"wp:featuredmedia":[{"embeddable":true,"href":"https:\/\/masquenoticias.mx\/index.php\/wp-json\/wp\/v2\/media\/21676"}],"wp:attachment":[{"href":"https:\/\/masquenoticias.mx\/index.php\/wp-json\/wp\/v2\/media?parent=21675"}],"wp:term":[{"taxonomy":"category","embeddable":true,"href":"https:\/\/masquenoticias.mx\/index.php\/wp-json\/wp\/v2\/categories?post=21675"},{"taxonomy":"post_tag","embeddable":true,"href":"https:\/\/masquenoticias.mx\/index.php\/wp-json\/wp\/v2\/tags?post=21675"}],"curies":[{"name":"wp","href":"https:\/\/api.w.org\/{rel}","templated":true}]}}