{"id":21669,"date":"2026-03-09T17:56:31","date_gmt":"2026-03-09T23:56:31","guid":{"rendered":"https:\/\/masquenoticias.mx\/?p=21669"},"modified":"2026-03-09T17:56:31","modified_gmt":"2026-03-09T23:56:31","slug":"educacion-colima-entrega-rehabilitacion-del-taller-agroindustrial-del-cbta-148-fortalece-formacion-academica-y-practica-de-estudiantes","status":"publish","type":"post","link":"https:\/\/masquenoticias.mx\/index.php\/2026\/03\/09\/educacion-colima-entrega-rehabilitacion-del-taller-agroindustrial-del-cbta-148-fortalece-formacion-academica-y-practica-de-estudiantes\/","title":{"rendered":"Educaci\u00f3n Colima entrega rehabilitaci\u00f3n del taller agroindustrial del CBTA 148; fortalece formaci\u00f3n acad\u00e9mica y pr\u00e1ctica de estudiantes"},"content":{"rendered":"<p>En representaci\u00f3n de la gobernadora Indira Vizca\u00edno Silva, el secretario de Educaci\u00f3n y Cultura del Gobierno del Estado de Colima, Adolfo N\u00fa\u00f1ez Gonz\u00e1lez, encabez\u00f3 la entrega de la rehabilitaci\u00f3n del taller agroindustrial del Centro de Bachillerato Tecnol\u00f3gico Agropecuario (CBTA) No. 148, en Comala, cuya infraestructura fortalecer\u00e1 la formaci\u00f3n acad\u00e9mica y la pr\u00e1ctica de las y los estudiantes de este plantel.<\/p>\n<p>Acompa\u00f1ado por la directora Brenda Ramos Monroy, por el colectivo escolar y representantes de la Sociedad de Padres de Familia, Adolfo N\u00fa\u00f1ez destac\u00f3 que este espacio renovado es un avance significativo en el fortalecimiento de la infraestructura educativa del plantel, al brindar a las y los estudiantes la oportunidad de complementar su formaci\u00f3n te\u00f3rica con actividades pr\u00e1cticas que les permitan desarrollar habilidades t\u00e9cnicas vinculadas al sector agroindustrial.<\/p>\n<p>En el marco de esta entrega, tambi\u00e9n se inform\u00f3 sobre el equipamiento del taller agroindustrial con diversos materiales y herramientas para su funcionamiento. Asimismo, se realizaron trabajos de reparaci\u00f3n en el techo de la cafeter\u00eda de esta escuela y actualmente se llevan a cabo labores de rehabilitaci\u00f3n en la techumbre de la nave porcina.<\/p>\n<p>El titular de la SEyC reiter\u00f3 que, bajo el liderazgo de la gobernadora Indira Vizca\u00edno, el Gobierno del Estado de Colima contin\u00faa impulsando acciones, obras y programas que fortalecen la educaci\u00f3n en todos los niveles, desde preescolar hasta posgrado, para brindar mejores oportunidades de formaci\u00f3n a las y los estudiantes colimenses.<\/p>\n","protected":false},"excerpt":{"rendered":"<p>En representaci\u00f3n de la gobernadora Indira Vizca\u00edno Silva, el secretario de Educaci\u00f3n y Cultura del Gobierno del Estado de Colima, Adolfo N\u00fa\u00f1ez Gonz\u00e1lez, encabez\u00f3 la entrega de la rehabilitaci\u00f3n del taller agroindustrial del Centro de Bachillerato Tecnol\u00f3gico Agropecuario (CBTA) No. 148, en Comala, cuya infraestructura fortalecer\u00e1 la formaci\u00f3n acad\u00e9mica y la pr\u00e1ctica de las y [&hellip;]<\/p>\n","protected":false},"author":1,"featured_media":21670,"comment_status":"open","ping_status":"open","sticky":false,"template":"","format":"standard","meta":{"_jetpack_memberships_contains_paid_content":false,"footnotes":""},"categories":[24],"tags":[45],"class_list":["post-21669","post","type-post","status-publish","format-standard","has-post-thumbnail","hentry","category-estado","tag-educacion"],"yoast_head":"<!-- This site is optimized with the Yoast SEO plugin v26.6 - https:\/\/yoast.com\/wordpress\/plugins\/seo\/ -->\n<title>Educaci\u00f3n Colima entrega rehabilitaci\u00f3n del taller agroindustrial del CBTA 148; fortalece formaci\u00f3n acad\u00e9mica y pr\u00e1ctica de estudiantes - M\u00e1s Que Noticias<\/title>\n<meta name=\"robots\" content=\"index, follow, max-snippet:-1, max-image-preview:large, max-video-preview:-1\" \/>\n<link rel=\"canonical\" href=\"https:\/\/masquenoticias.mx\/index.php\/2026\/03\/09\/educacion-colima-entrega-rehabilitacion-del-taller-agroindustrial-del-cbta-148-fortalece-formacion-academica-y-practica-de-estudiantes\/\" \/>\n<meta property=\"og:locale\" content=\"es_MX\" \/>\n<meta property=\"og:type\" content=\"article\" \/>\n<meta property=\"og:title\" content=\"Educaci\u00f3n Colima entrega rehabilitaci\u00f3n del taller agroindustrial del CBTA 148; fortalece formaci\u00f3n acad\u00e9mica y pr\u00e1ctica de estudiantes - M\u00e1s Que Noticias\" \/>\n<meta property=\"og:description\" content=\"En representaci\u00f3n de la gobernadora Indira Vizca\u00edno Silva, el secretario de Educaci\u00f3n y Cultura del Gobierno del Estado de Colima, Adolfo N\u00fa\u00f1ez Gonz\u00e1lez, encabez\u00f3 la entrega de la rehabilitaci\u00f3n del taller agroindustrial del Centro de Bachillerato Tecnol\u00f3gico Agropecuario (CBTA) No. 148, en Comala, cuya infraestructura fortalecer\u00e1 la formaci\u00f3n acad\u00e9mica y la pr\u00e1ctica de las y [&hellip;]\" \/>\n<meta property=\"og:url\" content=\"https:\/\/masquenoticias.mx\/index.php\/2026\/03\/09\/educacion-colima-entrega-rehabilitacion-del-taller-agroindustrial-del-cbta-148-fortalece-formacion-academica-y-practica-de-estudiantes\/\" \/>\n<meta property=\"og:site_name\" content=\"M\u00e1s Que Noticias\" \/>\n<meta property=\"article:publisher\" content=\"https:\/\/www.facebook.com\/masquenoticiascolima\" \/>\n<meta property=\"article:published_time\" content=\"2026-03-09T23:56:31+00:00\" \/>\n<meta property=\"og:image\" content=\"https:\/\/masquenoticias.mx\/wp-content\/uploads\/2026\/03\/WhatsApp-Image-2026-03-09-at-11.24.56-AM.jpeg\" \/>\n\t<meta property=\"og:image:width\" content=\"1280\" \/>\n\t<meta property=\"og:image:height\" content=\"852\" \/>\n\t<meta property=\"og:image:type\" content=\"image\/jpeg\" \/>\n<meta name=\"author\" content=\"Redacci\u00f3n\" \/>\n<meta name=\"twitter:card\" content=\"summary_large_image\" \/>\n<meta name=\"twitter:creator\" content=\"@edgartove\" \/>\n<meta name=\"twitter:site\" content=\"@edgartove\" \/>\n<meta name=\"twitter:label1\" content=\"Escrito por\" \/>\n\t<meta name=\"twitter:data1\" content=\"Redacci\u00f3n\" \/>\n\t<meta name=\"twitter:label2\" content=\"Tiempo de lectura\" \/>\n\t<meta name=\"twitter:data2\" content=\"2 minutos\" \/>\n<script type=\"application\/ld+json\" class=\"yoast-schema-graph\">{\"@context\":\"https:\/\/schema.org\",\"@graph\":[{\"@type\":\"Article\",\"@id\":\"https:\/\/masquenoticias.mx\/index.php\/2026\/03\/09\/educacion-colima-entrega-rehabilitacion-del-taller-agroindustrial-del-cbta-148-fortalece-formacion-academica-y-practica-de-estudiantes\/#article\",\"isPartOf\":{\"@id\":\"https:\/\/masquenoticias.mx\/index.php\/2026\/03\/09\/educacion-colima-entrega-rehabilitacion-del-taller-agroindustrial-del-cbta-148-fortalece-formacion-academica-y-practica-de-estudiantes\/\"},\"author\":{\"name\":\"Redacci\u00f3n\",\"@id\":\"https:\/\/masquenoticias.mx\/#\/schema\/person\/544d19989ef23d34615f691f7a96e622\"},\"headline\":\"Educaci\u00f3n Colima entrega rehabilitaci\u00f3n del taller agroindustrial del CBTA 148; fortalece formaci\u00f3n acad\u00e9mica y pr\u00e1ctica de estudiantes\",\"datePublished\":\"2026-03-09T23:56:31+00:00\",\"mainEntityOfPage\":{\"@id\":\"https:\/\/masquenoticias.mx\/index.php\/2026\/03\/09\/educacion-colima-entrega-rehabilitacion-del-taller-agroindustrial-del-cbta-148-fortalece-formacion-academica-y-practica-de-estudiantes\/\"},\"wordCount\":276,\"commentCount\":0,\"publisher\":{\"@id\":\"https:\/\/masquenoticias.mx\/#organization\"},\"image\":{\"@id\":\"https:\/\/masquenoticias.mx\/index.php\/2026\/03\/09\/educacion-colima-entrega-rehabilitacion-del-taller-agroindustrial-del-cbta-148-fortalece-formacion-academica-y-practica-de-estudiantes\/#primaryimage\"},\"thumbnailUrl\":\"https:\/\/i0.wp.com\/masquenoticias.mx\/wp-content\/uploads\/2026\/03\/WhatsApp-Image-2026-03-09-at-11.24.56-AM.jpeg?fit=1280%2C852&ssl=1\",\"keywords\":[\"Educaci\u00f3n\"],\"articleSection\":[\"Estado\"],\"inLanguage\":\"es\",\"potentialAction\":[{\"@type\":\"CommentAction\",\"name\":\"Comment\",\"target\":[\"https:\/\/masquenoticias.mx\/index.php\/2026\/03\/09\/educacion-colima-entrega-rehabilitacion-del-taller-agroindustrial-del-cbta-148-fortalece-formacion-academica-y-practica-de-estudiantes\/#respond\"]}]},{\"@type\":\"WebPage\",\"@id\":\"https:\/\/masquenoticias.mx\/index.php\/2026\/03\/09\/educacion-colima-entrega-rehabilitacion-del-taller-agroindustrial-del-cbta-148-fortalece-formacion-academica-y-practica-de-estudiantes\/\",\"url\":\"https:\/\/masquenoticias.mx\/index.php\/2026\/03\/09\/educacion-colima-entrega-rehabilitacion-del-taller-agroindustrial-del-cbta-148-fortalece-formacion-academica-y-practica-de-estudiantes\/\",\"name\":\"Educaci\u00f3n Colima entrega rehabilitaci\u00f3n del taller agroindustrial del CBTA 148; fortalece formaci\u00f3n acad\u00e9mica y pr\u00e1ctica de estudiantes - M\u00e1s Que Noticias\",\"isPartOf\":{\"@id\":\"https:\/\/masquenoticias.mx\/#website\"},\"primaryImageOfPage\":{\"@id\":\"https:\/\/masquenoticias.mx\/index.php\/2026\/03\/09\/educacion-colima-entrega-rehabilitacion-del-taller-agroindustrial-del-cbta-148-fortalece-formacion-academica-y-practica-de-estudiantes\/#primaryimage\"},\"image\":{\"@id\":\"https:\/\/masquenoticias.mx\/index.php\/2026\/03\/09\/educacion-colima-entrega-rehabilitacion-del-taller-agroindustrial-del-cbta-148-fortalece-formacion-academica-y-practica-de-estudiantes\/#primaryimage\"},\"thumbnailUrl\":\"https:\/\/i0.wp.com\/masquenoticias.mx\/wp-content\/uploads\/2026\/03\/WhatsApp-Image-2026-03-09-at-11.24.56-AM.jpeg?fit=1280%2C852&ssl=1\",\"datePublished\":\"2026-03-09T23:56:31+00:00\",\"breadcrumb\":{\"@id\":\"https:\/\/masquenoticias.mx\/index.php\/2026\/03\/09\/educacion-colima-entrega-rehabilitacion-del-taller-agroindustrial-del-cbta-148-fortalece-formacion-academica-y-practica-de-estudiantes\/#breadcrumb\"},\"inLanguage\":\"es\",\"potentialAction\":[{\"@type\":\"ReadAction\",\"target\":[\"https:\/\/masquenoticias.mx\/index.php\/2026\/03\/09\/educacion-colima-entrega-rehabilitacion-del-taller-agroindustrial-del-cbta-148-fortalece-formacion-academica-y-practica-de-estudiantes\/\"]}]},{\"@type\":\"ImageObject\",\"inLanguage\":\"es\",\"@id\":\"https:\/\/masquenoticias.mx\/index.php\/2026\/03\/09\/educacion-colima-entrega-rehabilitacion-del-taller-agroindustrial-del-cbta-148-fortalece-formacion-academica-y-practica-de-estudiantes\/#primaryimage\",\"url\":\"https:\/\/i0.wp.com\/masquenoticias.mx\/wp-content\/uploads\/2026\/03\/WhatsApp-Image-2026-03-09-at-11.24.56-AM.jpeg?fit=1280%2C852&ssl=1\",\"contentUrl\":\"https:\/\/i0.wp.com\/masquenoticias.mx\/wp-content\/uploads\/2026\/03\/WhatsApp-Image-2026-03-09-at-11.24.56-AM.jpeg?fit=1280%2C852&ssl=1\",\"width\":1280,\"height\":852},{\"@type\":\"BreadcrumbList\",\"@id\":\"https:\/\/masquenoticias.mx\/index.php\/2026\/03\/09\/educacion-colima-entrega-rehabilitacion-del-taller-agroindustrial-del-cbta-148-fortalece-formacion-academica-y-practica-de-estudiantes\/#breadcrumb\",\"itemListElement\":[{\"@type\":\"ListItem\",\"position\":1,\"name\":\"Inicio\",\"item\":\"https:\/\/masquenoticias.mx\/\"},{\"@type\":\"ListItem\",\"position\":2,\"name\":\"Educaci\u00f3n Colima entrega rehabilitaci\u00f3n del taller agroindustrial del CBTA 148; fortalece formaci\u00f3n acad\u00e9mica y pr\u00e1ctica de estudiantes\"}]},{\"@type\":\"WebSite\",\"@id\":\"https:\/\/masquenoticias.mx\/#website\",\"url\":\"https:\/\/masquenoticias.mx\/\",\"name\":\"M\u00e1s Que Noticias\",\"description\":\"Noticias de Colima, M\u00e9xico y el Mundo\",\"publisher\":{\"@id\":\"https:\/\/masquenoticias.mx\/#organization\"},\"potentialAction\":[{\"@type\":\"SearchAction\",\"target\":{\"@type\":\"EntryPoint\",\"urlTemplate\":\"https:\/\/masquenoticias.mx\/?s={search_term_string}\"},\"query-input\":{\"@type\":\"PropertyValueSpecification\",\"valueRequired\":true,\"valueName\":\"search_term_string\"}}],\"inLanguage\":\"es\"},{\"@type\":\"Organization\",\"@id\":\"https:\/\/masquenoticias.mx\/#organization\",\"name\":\"M\u00e1s Que Noticias\",\"url\":\"https:\/\/masquenoticias.mx\/\",\"logo\":{\"@type\":\"ImageObject\",\"inLanguage\":\"es\",\"@id\":\"https:\/\/masquenoticias.mx\/#\/schema\/logo\/image\/\",\"url\":\"https:\/\/i0.wp.com\/masquenoticias.mx\/wp-content\/uploads\/2024\/04\/IMG_0004.png?fit=2560%2C1656&ssl=1\",\"contentUrl\":\"https:\/\/i0.wp.com\/masquenoticias.mx\/wp-content\/uploads\/2024\/04\/IMG_0004.png?fit=2560%2C1656&ssl=1\",\"width\":2560,\"height\":1656,\"caption\":\"M\u00e1s Que Noticias\"},\"image\":{\"@id\":\"https:\/\/masquenoticias.mx\/#\/schema\/logo\/image\/\"},\"sameAs\":[\"https:\/\/www.facebook.com\/masquenoticiascolima\",\"https:\/\/x.com\/edgartove\",\"https:\/\/www.instagram.com\/masquenoticiascolima\/\"]},{\"@type\":\"Person\",\"@id\":\"https:\/\/masquenoticias.mx\/#\/schema\/person\/544d19989ef23d34615f691f7a96e622\",\"name\":\"Redacci\u00f3n\",\"image\":{\"@type\":\"ImageObject\",\"inLanguage\":\"es\",\"@id\":\"https:\/\/masquenoticias.mx\/#\/schema\/person\/image\/\",\"url\":\"https:\/\/secure.gravatar.com\/avatar\/7fcc926d5b058d3f3d52d95b4d05dd58?s=96&d=mm&r=g\",\"contentUrl\":\"https:\/\/secure.gravatar.com\/avatar\/7fcc926d5b058d3f3d52d95b4d05dd58?s=96&d=mm&r=g\",\"caption\":\"Redacci\u00f3n\"},\"sameAs\":[\"http:\/\/masquenoticias.mx\"],\"url\":\"https:\/\/masquenoticias.mx\/index.php\/author\/edgartovegmail-com\/\"}]}<\/script>\n<!-- \/ Yoast SEO plugin. -->","yoast_head_json":{"title":"Educaci\u00f3n Colima entrega rehabilitaci\u00f3n del taller agroindustrial del CBTA 148; fortalece formaci\u00f3n acad\u00e9mica y pr\u00e1ctica de estudiantes - M\u00e1s Que Noticias","robots":{"index":"index","follow":"follow","max-snippet":"max-snippet:-1","max-image-preview":"max-image-preview:large","max-video-preview":"max-video-preview:-1"},"canonical":"https:\/\/masquenoticias.mx\/index.php\/2026\/03\/09\/educacion-colima-entrega-rehabilitacion-del-taller-agroindustrial-del-cbta-148-fortalece-formacion-academica-y-practica-de-estudiantes\/","og_locale":"es_MX","og_type":"article","og_title":"Educaci\u00f3n Colima entrega rehabilitaci\u00f3n del taller agroindustrial del CBTA 148; fortalece formaci\u00f3n acad\u00e9mica y pr\u00e1ctica de estudiantes - M\u00e1s Que Noticias","og_description":"En representaci\u00f3n de la gobernadora Indira Vizca\u00edno Silva, el secretario de Educaci\u00f3n y Cultura del Gobierno del Estado de Colima, Adolfo N\u00fa\u00f1ez Gonz\u00e1lez, encabez\u00f3 la entrega de la rehabilitaci\u00f3n del taller agroindustrial del Centro de Bachillerato Tecnol\u00f3gico Agropecuario (CBTA) No. 148, en Comala, cuya infraestructura fortalecer\u00e1 la formaci\u00f3n acad\u00e9mica y la pr\u00e1ctica de las y [&hellip;]","og_url":"https:\/\/masquenoticias.mx\/index.php\/2026\/03\/09\/educacion-colima-entrega-rehabilitacion-del-taller-agroindustrial-del-cbta-148-fortalece-formacion-academica-y-practica-de-estudiantes\/","og_site_name":"M\u00e1s Que Noticias","article_publisher":"https:\/\/www.facebook.com\/masquenoticiascolima","article_published_time":"2026-03-09T23:56:31+00:00","og_image":[{"width":1280,"height":852,"url":"https:\/\/masquenoticias.mx\/wp-content\/uploads\/2026\/03\/WhatsApp-Image-2026-03-09-at-11.24.56-AM.jpeg","type":"image\/jpeg"}],"author":"Redacci\u00f3n","twitter_card":"summary_large_image","twitter_creator":"@edgartove","twitter_site":"@edgartove","twitter_misc":{"Escrito por":"Redacci\u00f3n","Tiempo de lectura":"2 minutos"},"schema":{"@context":"https:\/\/schema.org","@graph":[{"@type":"Article","@id":"https:\/\/masquenoticias.mx\/index.php\/2026\/03\/09\/educacion-colima-entrega-rehabilitacion-del-taller-agroindustrial-del-cbta-148-fortalece-formacion-academica-y-practica-de-estudiantes\/#article","isPartOf":{"@id":"https:\/\/masquenoticias.mx\/index.php\/2026\/03\/09\/educacion-colima-entrega-rehabilitacion-del-taller-agroindustrial-del-cbta-148-fortalece-formacion-academica-y-practica-de-estudiantes\/"},"author":{"name":"Redacci\u00f3n","@id":"https:\/\/masquenoticias.mx\/#\/schema\/person\/544d19989ef23d34615f691f7a96e622"},"headline":"Educaci\u00f3n Colima entrega rehabilitaci\u00f3n del taller agroindustrial del CBTA 148; fortalece formaci\u00f3n acad\u00e9mica y pr\u00e1ctica de estudiantes","datePublished":"2026-03-09T23:56:31+00:00","mainEntityOfPage":{"@id":"https:\/\/masquenoticias.mx\/index.php\/2026\/03\/09\/educacion-colima-entrega-rehabilitacion-del-taller-agroindustrial-del-cbta-148-fortalece-formacion-academica-y-practica-de-estudiantes\/"},"wordCount":276,"commentCount":0,"publisher":{"@id":"https:\/\/masquenoticias.mx\/#organization"},"image":{"@id":"https:\/\/masquenoticias.mx\/index.php\/2026\/03\/09\/educacion-colima-entrega-rehabilitacion-del-taller-agroindustrial-del-cbta-148-fortalece-formacion-academica-y-practica-de-estudiantes\/#primaryimage"},"thumbnailUrl":"https:\/\/i0.wp.com\/masquenoticias.mx\/wp-content\/uploads\/2026\/03\/WhatsApp-Image-2026-03-09-at-11.24.56-AM.jpeg?fit=1280%2C852&ssl=1","keywords":["Educaci\u00f3n"],"articleSection":["Estado"],"inLanguage":"es","potentialAction":[{"@type":"CommentAction","name":"Comment","target":["https:\/\/masquenoticias.mx\/index.php\/2026\/03\/09\/educacion-colima-entrega-rehabilitacion-del-taller-agroindustrial-del-cbta-148-fortalece-formacion-academica-y-practica-de-estudiantes\/#respond"]}]},{"@type":"WebPage","@id":"https:\/\/masquenoticias.mx\/index.php\/2026\/03\/09\/educacion-colima-entrega-rehabilitacion-del-taller-agroindustrial-del-cbta-148-fortalece-formacion-academica-y-practica-de-estudiantes\/","url":"https:\/\/masquenoticias.mx\/index.php\/2026\/03\/09\/educacion-colima-entrega-rehabilitacion-del-taller-agroindustrial-del-cbta-148-fortalece-formacion-academica-y-practica-de-estudiantes\/","name":"Educaci\u00f3n Colima entrega rehabilitaci\u00f3n del taller agroindustrial del CBTA 148; fortalece formaci\u00f3n acad\u00e9mica y pr\u00e1ctica de estudiantes - M\u00e1s Que Noticias","isPartOf":{"@id":"https:\/\/masquenoticias.mx\/#website"},"primaryImageOfPage":{"@id":"https:\/\/masquenoticias.mx\/index.php\/2026\/03\/09\/educacion-colima-entrega-rehabilitacion-del-taller-agroindustrial-del-cbta-148-fortalece-formacion-academica-y-practica-de-estudiantes\/#primaryimage"},"image":{"@id":"https:\/\/masquenoticias.mx\/index.php\/2026\/03\/09\/educacion-colima-entrega-rehabilitacion-del-taller-agroindustrial-del-cbta-148-fortalece-formacion-academica-y-practica-de-estudiantes\/#primaryimage"},"thumbnailUrl":"https:\/\/i0.wp.com\/masquenoticias.mx\/wp-content\/uploads\/2026\/03\/WhatsApp-Image-2026-03-09-at-11.24.56-AM.jpeg?fit=1280%2C852&ssl=1","datePublished":"2026-03-09T23:56:31+00:00","breadcrumb":{"@id":"https:\/\/masquenoticias.mx\/index.php\/2026\/03\/09\/educacion-colima-entrega-rehabilitacion-del-taller-agroindustrial-del-cbta-148-fortalece-formacion-academica-y-practica-de-estudiantes\/#breadcrumb"},"inLanguage":"es","potentialAction":[{"@type":"ReadAction","target":["https:\/\/masquenoticias.mx\/index.php\/2026\/03\/09\/educacion-colima-entrega-rehabilitacion-del-taller-agroindustrial-del-cbta-148-fortalece-formacion-academica-y-practica-de-estudiantes\/"]}]},{"@type":"ImageObject","inLanguage":"es","@id":"https:\/\/masquenoticias.mx\/index.php\/2026\/03\/09\/educacion-colima-entrega-rehabilitacion-del-taller-agroindustrial-del-cbta-148-fortalece-formacion-academica-y-practica-de-estudiantes\/#primaryimage","url":"https:\/\/i0.wp.com\/masquenoticias.mx\/wp-content\/uploads\/2026\/03\/WhatsApp-Image-2026-03-09-at-11.24.56-AM.jpeg?fit=1280%2C852&ssl=1","contentUrl":"https:\/\/i0.wp.com\/masquenoticias.mx\/wp-content\/uploads\/2026\/03\/WhatsApp-Image-2026-03-09-at-11.24.56-AM.jpeg?fit=1280%2C852&ssl=1","width":1280,"height":852},{"@type":"BreadcrumbList","@id":"https:\/\/masquenoticias.mx\/index.php\/2026\/03\/09\/educacion-colima-entrega-rehabilitacion-del-taller-agroindustrial-del-cbta-148-fortalece-formacion-academica-y-practica-de-estudiantes\/#breadcrumb","itemListElement":[{"@type":"ListItem","position":1,"name":"Inicio","item":"https:\/\/masquenoticias.mx\/"},{"@type":"ListItem","position":2,"name":"Educaci\u00f3n Colima entrega rehabilitaci\u00f3n del taller agroindustrial del CBTA 148; fortalece formaci\u00f3n acad\u00e9mica y pr\u00e1ctica de estudiantes"}]},{"@type":"WebSite","@id":"https:\/\/masquenoticias.mx\/#website","url":"https:\/\/masquenoticias.mx\/","name":"M\u00e1s Que Noticias","description":"Noticias de Colima, M\u00e9xico y el Mundo","publisher":{"@id":"https:\/\/masquenoticias.mx\/#organization"},"potentialAction":[{"@type":"SearchAction","target":{"@type":"EntryPoint","urlTemplate":"https:\/\/masquenoticias.mx\/?s={search_term_string}"},"query-input":{"@type":"PropertyValueSpecification","valueRequired":true,"valueName":"search_term_string"}}],"inLanguage":"es"},{"@type":"Organization","@id":"https:\/\/masquenoticias.mx\/#organization","name":"M\u00e1s Que Noticias","url":"https:\/\/masquenoticias.mx\/","logo":{"@type":"ImageObject","inLanguage":"es","@id":"https:\/\/masquenoticias.mx\/#\/schema\/logo\/image\/","url":"https:\/\/i0.wp.com\/masquenoticias.mx\/wp-content\/uploads\/2024\/04\/IMG_0004.png?fit=2560%2C1656&ssl=1","contentUrl":"https:\/\/i0.wp.com\/masquenoticias.mx\/wp-content\/uploads\/2024\/04\/IMG_0004.png?fit=2560%2C1656&ssl=1","width":2560,"height":1656,"caption":"M\u00e1s Que Noticias"},"image":{"@id":"https:\/\/masquenoticias.mx\/#\/schema\/logo\/image\/"},"sameAs":["https:\/\/www.facebook.com\/masquenoticiascolima","https:\/\/x.com\/edgartove","https:\/\/www.instagram.com\/masquenoticiascolima\/"]},{"@type":"Person","@id":"https:\/\/masquenoticias.mx\/#\/schema\/person\/544d19989ef23d34615f691f7a96e622","name":"Redacci\u00f3n","image":{"@type":"ImageObject","inLanguage":"es","@id":"https:\/\/masquenoticias.mx\/#\/schema\/person\/image\/","url":"https:\/\/secure.gravatar.com\/avatar\/7fcc926d5b058d3f3d52d95b4d05dd58?s=96&d=mm&r=g","contentUrl":"https:\/\/secure.gravatar.com\/avatar\/7fcc926d5b058d3f3d52d95b4d05dd58?s=96&d=mm&r=g","caption":"Redacci\u00f3n"},"sameAs":["http:\/\/masquenoticias.mx"],"url":"https:\/\/masquenoticias.mx\/index.php\/author\/edgartovegmail-com\/"}]}},"jetpack_featured_media_url":"https:\/\/i0.wp.com\/masquenoticias.mx\/wp-content\/uploads\/2026\/03\/WhatsApp-Image-2026-03-09-at-11.24.56-AM.jpeg?fit=1280%2C852&ssl=1","blog_post_layout_featured_media_urls":{"thumbnail":["https:\/\/i0.wp.com\/masquenoticias.mx\/wp-content\/uploads\/2026\/03\/WhatsApp-Image-2026-03-09-at-11.24.56-AM.jpeg?resize=150%2C150&ssl=1",150,150,true],"full":["https:\/\/i0.wp.com\/masquenoticias.mx\/wp-content\/uploads\/2026\/03\/WhatsApp-Image-2026-03-09-at-11.24.56-AM.jpeg?fit=1280%2C852&ssl=1",1280,852,false]},"categories_names":{"24":{"name":"Estado","link":"https:\/\/masquenoticias.mx\/index.php\/category\/estado\/"}},"tags_names":{"45":{"name":"Educaci\u00f3n","link":"https:\/\/masquenoticias.mx\/index.php\/tag\/educacion\/"}},"comments_number":"0","wpmagazine_modules_lite_featured_media_urls":{"thumbnail":["https:\/\/i0.wp.com\/masquenoticias.mx\/wp-content\/uploads\/2026\/03\/WhatsApp-Image-2026-03-09-at-11.24.56-AM.jpeg?resize=150%2C150&ssl=1",150,150,true],"cvmm-medium":["https:\/\/i0.wp.com\/masquenoticias.mx\/wp-content\/uploads\/2026\/03\/WhatsApp-Image-2026-03-09-at-11.24.56-AM.jpeg?resize=300%2C300&ssl=1",300,300,true],"cvmm-medium-plus":["https:\/\/i0.wp.com\/masquenoticias.mx\/wp-content\/uploads\/2026\/03\/WhatsApp-Image-2026-03-09-at-11.24.56-AM.jpeg?resize=305%2C207&ssl=1",305,207,true],"cvmm-portrait":["https:\/\/i0.wp.com\/masquenoticias.mx\/wp-content\/uploads\/2026\/03\/WhatsApp-Image-2026-03-09-at-11.24.56-AM.jpeg?resize=400%2C600&ssl=1",400,600,true],"cvmm-medium-square":["https:\/\/i0.wp.com\/masquenoticias.mx\/wp-content\/uploads\/2026\/03\/WhatsApp-Image-2026-03-09-at-11.24.56-AM.jpeg?resize=600%2C600&ssl=1",600,600,true],"cvmm-large":["https:\/\/i0.wp.com\/masquenoticias.mx\/wp-content\/uploads\/2026\/03\/WhatsApp-Image-2026-03-09-at-11.24.56-AM.jpeg?resize=1024%2C852&ssl=1",1024,852,true],"cvmm-small":["https:\/\/i0.wp.com\/masquenoticias.mx\/wp-content\/uploads\/2026\/03\/WhatsApp-Image-2026-03-09-at-11.24.56-AM.jpeg?resize=130%2C95&ssl=1",130,95,true],"full":["https:\/\/i0.wp.com\/masquenoticias.mx\/wp-content\/uploads\/2026\/03\/WhatsApp-Image-2026-03-09-at-11.24.56-AM.jpeg?fit=1280%2C852&ssl=1",1280,852,false]},"jetpack-related-posts":[],"jetpack_sharing_enabled":true,"jetpack_likes_enabled":true,"jetpack_shortlink":"https:\/\/wp.me\/pf7pkt-5Dv","_links":{"self":[{"href":"https:\/\/masquenoticias.mx\/index.php\/wp-json\/wp\/v2\/posts\/21669","targetHints":{"allow":["GET"]}}],"collection":[{"href":"https:\/\/masquenoticias.mx\/index.php\/wp-json\/wp\/v2\/posts"}],"about":[{"href":"https:\/\/masquenoticias.mx\/index.php\/wp-json\/wp\/v2\/types\/post"}],"author":[{"embeddable":true,"href":"https:\/\/masquenoticias.mx\/index.php\/wp-json\/wp\/v2\/users\/1"}],"replies":[{"embeddable":true,"href":"https:\/\/masquenoticias.mx\/index.php\/wp-json\/wp\/v2\/comments?post=21669"}],"version-history":[{"count":1,"href":"https:\/\/masquenoticias.mx\/index.php\/wp-json\/wp\/v2\/posts\/21669\/revisions"}],"predecessor-version":[{"id":21671,"href":"https:\/\/masquenoticias.mx\/index.php\/wp-json\/wp\/v2\/posts\/21669\/revisions\/21671"}],"wp:featuredmedia":[{"embeddable":true,"href":"https:\/\/masquenoticias.mx\/index.php\/wp-json\/wp\/v2\/media\/21670"}],"wp:attachment":[{"href":"https:\/\/masquenoticias.mx\/index.php\/wp-json\/wp\/v2\/media?parent=21669"}],"wp:term":[{"taxonomy":"category","embeddable":true,"href":"https:\/\/masquenoticias.mx\/index.php\/wp-json\/wp\/v2\/categories?post=21669"},{"taxonomy":"post_tag","embeddable":true,"href":"https:\/\/masquenoticias.mx\/index.php\/wp-json\/wp\/v2\/tags?post=21669"}],"curies":[{"name":"wp","href":"https:\/\/api.w.org\/{rel}","templated":true}]}}