{"id":21666,"date":"2026-03-09T17:54:02","date_gmt":"2026-03-09T23:54:02","guid":{"rendered":"https:\/\/masquenoticias.mx\/?p=21666"},"modified":"2026-03-09T17:54:02","modified_gmt":"2026-03-09T23:54:02","slug":"salud-colima-ofrece-apoyo-gratuito-para-control-de-ansiedad-en-centros-comunitarios-y-unidades-de-salud","status":"publish","type":"post","link":"https:\/\/masquenoticias.mx\/index.php\/2026\/03\/09\/salud-colima-ofrece-apoyo-gratuito-para-control-de-ansiedad-en-centros-comunitarios-y-unidades-de-salud\/","title":{"rendered":"Salud Colima ofrece apoyo gratuito para control de ansiedad en centros comunitarios y unidades de Salud"},"content":{"rendered":"<p>La Secretar\u00eda de Salud del Gobierno del Estado de Colima informa que es posible controlar la ansiedad con ejercicios de respiraci\u00f3n, tensi\u00f3n y distensi\u00f3n muscular o actividad f\u00edsica, ya que permiten desenfocar la atenci\u00f3n de los pensamientos que la est\u00e1n provocando y disminuir los signos asociados; la ansiedad forma parte del desarrollo de las personas y se experimenta en alg\u00fan momento, pero cuando es constante puede convertirse en trastorno y requerir tratamiento psiqui\u00e1trico especializado.<\/p>\n<p>Al respecto, la Secretar\u00eda de Salud record\u00f3 que en los Centros Comunitarios de Salud Mental y Adicciones de Colima, Manzanillo y Tecom\u00e1n y en las unidades de salud de la entidad se brinda apoyo gratuito para el control de la ansiedad mediante diagn\u00f3stico y tratamiento, especialmente ante la presencia de signos como p\u00e1nico, tensi\u00f3n excesiva o insomnio.<\/p>\n<p>Estos Centros Comunitarios de Salud Mental y Adicciones se ubican en Colima (calle Rep\u00fablica de Cuba esquina con Pastizales s\/n, colonia Mirador de la Cumbre); en Manzanillo en la calle Amado Nervo 551, fraccionamiento Nuevo Salagua; as\u00ed como en Tecom\u00e1n en calle Laguna del Jabal\u00ed esquina con Laguna de Juluapan s\/n, colonia Primaveras del Real; profesionales de la salud hacen una valoraci\u00f3n y si es necesario inician tratamiento especializado correspondiente.<\/p>\n<p>Las principales condiciones mentales que se atendieron en 2025 en las unidades de salud de la entidad fueron los trastornos de ansiedad, por lo que la dependencia estatal recomend\u00f3 a la poblaci\u00f3n acercarse a estos servicios para mantener el control de este trastorno y evitar otras complicaciones mentales. #Operaci\u00f3nSaludColima<\/p>\n","protected":false},"excerpt":{"rendered":"<p>La Secretar\u00eda de Salud del Gobierno del Estado de Colima informa que es posible controlar la ansiedad con ejercicios de respiraci\u00f3n, tensi\u00f3n y distensi\u00f3n muscular o actividad f\u00edsica, ya que permiten desenfocar la atenci\u00f3n de los pensamientos que la est\u00e1n provocando y disminuir los signos asociados; la ansiedad forma parte del desarrollo de las personas [&hellip;]<\/p>\n","protected":false},"author":1,"featured_media":21667,"comment_status":"open","ping_status":"open","sticky":false,"template":"","format":"standard","meta":{"_jetpack_memberships_contains_paid_content":false,"footnotes":""},"categories":[24],"tags":[63],"class_list":["post-21666","post","type-post","status-publish","format-standard","has-post-thumbnail","hentry","category-estado","tag-salud"],"yoast_head":"<!-- This site is optimized with the Yoast SEO plugin v26.6 - https:\/\/yoast.com\/wordpress\/plugins\/seo\/ -->\n<title>Salud Colima ofrece apoyo gratuito para control de ansiedad en centros comunitarios y unidades de Salud - M\u00e1s Que Noticias<\/title>\n<meta name=\"robots\" content=\"index, follow, max-snippet:-1, max-image-preview:large, max-video-preview:-1\" \/>\n<link rel=\"canonical\" href=\"https:\/\/masquenoticias.mx\/index.php\/2026\/03\/09\/salud-colima-ofrece-apoyo-gratuito-para-control-de-ansiedad-en-centros-comunitarios-y-unidades-de-salud\/\" \/>\n<meta property=\"og:locale\" content=\"es_MX\" \/>\n<meta property=\"og:type\" content=\"article\" \/>\n<meta property=\"og:title\" content=\"Salud Colima ofrece apoyo gratuito para control de ansiedad en centros comunitarios y unidades de Salud - M\u00e1s Que Noticias\" \/>\n<meta property=\"og:description\" content=\"La Secretar\u00eda de Salud del Gobierno del Estado de Colima informa que es posible controlar la ansiedad con ejercicios de respiraci\u00f3n, tensi\u00f3n y distensi\u00f3n muscular o actividad f\u00edsica, ya que permiten desenfocar la atenci\u00f3n de los pensamientos que la est\u00e1n provocando y disminuir los signos asociados; la ansiedad forma parte del desarrollo de las personas [&hellip;]\" \/>\n<meta property=\"og:url\" content=\"https:\/\/masquenoticias.mx\/index.php\/2026\/03\/09\/salud-colima-ofrece-apoyo-gratuito-para-control-de-ansiedad-en-centros-comunitarios-y-unidades-de-salud\/\" \/>\n<meta property=\"og:site_name\" content=\"M\u00e1s Que Noticias\" \/>\n<meta property=\"article:publisher\" content=\"https:\/\/www.facebook.com\/masquenoticiascolima\" \/>\n<meta property=\"article:published_time\" content=\"2026-03-09T23:54:02+00:00\" \/>\n<meta property=\"og:image\" content=\"https:\/\/masquenoticias.mx\/wp-content\/uploads\/2026\/03\/WhatsApp-Image-2026-03-09-at-11.08.02-AM-1.jpeg\" \/>\n\t<meta property=\"og:image:width\" content=\"1500\" \/>\n\t<meta property=\"og:image:height\" content=\"1500\" \/>\n\t<meta property=\"og:image:type\" content=\"image\/jpeg\" \/>\n<meta name=\"author\" content=\"Redacci\u00f3n\" \/>\n<meta name=\"twitter:card\" content=\"summary_large_image\" \/>\n<meta name=\"twitter:creator\" content=\"@edgartove\" \/>\n<meta name=\"twitter:site\" content=\"@edgartove\" \/>\n<meta name=\"twitter:label1\" content=\"Escrito por\" \/>\n\t<meta name=\"twitter:data1\" content=\"Redacci\u00f3n\" \/>\n\t<meta name=\"twitter:label2\" content=\"Tiempo de lectura\" \/>\n\t<meta name=\"twitter:data2\" content=\"2 minutos\" \/>\n<script type=\"application\/ld+json\" class=\"yoast-schema-graph\">{\"@context\":\"https:\/\/schema.org\",\"@graph\":[{\"@type\":\"Article\",\"@id\":\"https:\/\/masquenoticias.mx\/index.php\/2026\/03\/09\/salud-colima-ofrece-apoyo-gratuito-para-control-de-ansiedad-en-centros-comunitarios-y-unidades-de-salud\/#article\",\"isPartOf\":{\"@id\":\"https:\/\/masquenoticias.mx\/index.php\/2026\/03\/09\/salud-colima-ofrece-apoyo-gratuito-para-control-de-ansiedad-en-centros-comunitarios-y-unidades-de-salud\/\"},\"author\":{\"name\":\"Redacci\u00f3n\",\"@id\":\"https:\/\/masquenoticias.mx\/#\/schema\/person\/544d19989ef23d34615f691f7a96e622\"},\"headline\":\"Salud Colima ofrece apoyo gratuito para control de ansiedad en centros comunitarios y unidades de Salud\",\"datePublished\":\"2026-03-09T23:54:02+00:00\",\"mainEntityOfPage\":{\"@id\":\"https:\/\/masquenoticias.mx\/index.php\/2026\/03\/09\/salud-colima-ofrece-apoyo-gratuito-para-control-de-ansiedad-en-centros-comunitarios-y-unidades-de-salud\/\"},\"wordCount\":285,\"commentCount\":0,\"publisher\":{\"@id\":\"https:\/\/masquenoticias.mx\/#organization\"},\"image\":{\"@id\":\"https:\/\/masquenoticias.mx\/index.php\/2026\/03\/09\/salud-colima-ofrece-apoyo-gratuito-para-control-de-ansiedad-en-centros-comunitarios-y-unidades-de-salud\/#primaryimage\"},\"thumbnailUrl\":\"https:\/\/i0.wp.com\/masquenoticias.mx\/wp-content\/uploads\/2026\/03\/WhatsApp-Image-2026-03-09-at-11.08.02-AM-1.jpeg?fit=1500%2C1500&ssl=1\",\"keywords\":[\"Salud\"],\"articleSection\":[\"Estado\"],\"inLanguage\":\"es\",\"potentialAction\":[{\"@type\":\"CommentAction\",\"name\":\"Comment\",\"target\":[\"https:\/\/masquenoticias.mx\/index.php\/2026\/03\/09\/salud-colima-ofrece-apoyo-gratuito-para-control-de-ansiedad-en-centros-comunitarios-y-unidades-de-salud\/#respond\"]}]},{\"@type\":\"WebPage\",\"@id\":\"https:\/\/masquenoticias.mx\/index.php\/2026\/03\/09\/salud-colima-ofrece-apoyo-gratuito-para-control-de-ansiedad-en-centros-comunitarios-y-unidades-de-salud\/\",\"url\":\"https:\/\/masquenoticias.mx\/index.php\/2026\/03\/09\/salud-colima-ofrece-apoyo-gratuito-para-control-de-ansiedad-en-centros-comunitarios-y-unidades-de-salud\/\",\"name\":\"Salud Colima ofrece apoyo gratuito para control de ansiedad en centros comunitarios y unidades de Salud - M\u00e1s Que Noticias\",\"isPartOf\":{\"@id\":\"https:\/\/masquenoticias.mx\/#website\"},\"primaryImageOfPage\":{\"@id\":\"https:\/\/masquenoticias.mx\/index.php\/2026\/03\/09\/salud-colima-ofrece-apoyo-gratuito-para-control-de-ansiedad-en-centros-comunitarios-y-unidades-de-salud\/#primaryimage\"},\"image\":{\"@id\":\"https:\/\/masquenoticias.mx\/index.php\/2026\/03\/09\/salud-colima-ofrece-apoyo-gratuito-para-control-de-ansiedad-en-centros-comunitarios-y-unidades-de-salud\/#primaryimage\"},\"thumbnailUrl\":\"https:\/\/i0.wp.com\/masquenoticias.mx\/wp-content\/uploads\/2026\/03\/WhatsApp-Image-2026-03-09-at-11.08.02-AM-1.jpeg?fit=1500%2C1500&ssl=1\",\"datePublished\":\"2026-03-09T23:54:02+00:00\",\"breadcrumb\":{\"@id\":\"https:\/\/masquenoticias.mx\/index.php\/2026\/03\/09\/salud-colima-ofrece-apoyo-gratuito-para-control-de-ansiedad-en-centros-comunitarios-y-unidades-de-salud\/#breadcrumb\"},\"inLanguage\":\"es\",\"potentialAction\":[{\"@type\":\"ReadAction\",\"target\":[\"https:\/\/masquenoticias.mx\/index.php\/2026\/03\/09\/salud-colima-ofrece-apoyo-gratuito-para-control-de-ansiedad-en-centros-comunitarios-y-unidades-de-salud\/\"]}]},{\"@type\":\"ImageObject\",\"inLanguage\":\"es\",\"@id\":\"https:\/\/masquenoticias.mx\/index.php\/2026\/03\/09\/salud-colima-ofrece-apoyo-gratuito-para-control-de-ansiedad-en-centros-comunitarios-y-unidades-de-salud\/#primaryimage\",\"url\":\"https:\/\/i0.wp.com\/masquenoticias.mx\/wp-content\/uploads\/2026\/03\/WhatsApp-Image-2026-03-09-at-11.08.02-AM-1.jpeg?fit=1500%2C1500&ssl=1\",\"contentUrl\":\"https:\/\/i0.wp.com\/masquenoticias.mx\/wp-content\/uploads\/2026\/03\/WhatsApp-Image-2026-03-09-at-11.08.02-AM-1.jpeg?fit=1500%2C1500&ssl=1\",\"width\":1500,\"height\":1500},{\"@type\":\"BreadcrumbList\",\"@id\":\"https:\/\/masquenoticias.mx\/index.php\/2026\/03\/09\/salud-colima-ofrece-apoyo-gratuito-para-control-de-ansiedad-en-centros-comunitarios-y-unidades-de-salud\/#breadcrumb\",\"itemListElement\":[{\"@type\":\"ListItem\",\"position\":1,\"name\":\"Inicio\",\"item\":\"https:\/\/masquenoticias.mx\/\"},{\"@type\":\"ListItem\",\"position\":2,\"name\":\"Salud Colima ofrece apoyo gratuito para control de ansiedad en centros comunitarios y unidades de Salud\"}]},{\"@type\":\"WebSite\",\"@id\":\"https:\/\/masquenoticias.mx\/#website\",\"url\":\"https:\/\/masquenoticias.mx\/\",\"name\":\"M\u00e1s Que Noticias\",\"description\":\"Noticias de Colima, M\u00e9xico y el Mundo\",\"publisher\":{\"@id\":\"https:\/\/masquenoticias.mx\/#organization\"},\"potentialAction\":[{\"@type\":\"SearchAction\",\"target\":{\"@type\":\"EntryPoint\",\"urlTemplate\":\"https:\/\/masquenoticias.mx\/?s={search_term_string}\"},\"query-input\":{\"@type\":\"PropertyValueSpecification\",\"valueRequired\":true,\"valueName\":\"search_term_string\"}}],\"inLanguage\":\"es\"},{\"@type\":\"Organization\",\"@id\":\"https:\/\/masquenoticias.mx\/#organization\",\"name\":\"M\u00e1s Que Noticias\",\"url\":\"https:\/\/masquenoticias.mx\/\",\"logo\":{\"@type\":\"ImageObject\",\"inLanguage\":\"es\",\"@id\":\"https:\/\/masquenoticias.mx\/#\/schema\/logo\/image\/\",\"url\":\"https:\/\/i0.wp.com\/masquenoticias.mx\/wp-content\/uploads\/2024\/04\/IMG_0004.png?fit=2560%2C1656&ssl=1\",\"contentUrl\":\"https:\/\/i0.wp.com\/masquenoticias.mx\/wp-content\/uploads\/2024\/04\/IMG_0004.png?fit=2560%2C1656&ssl=1\",\"width\":2560,\"height\":1656,\"caption\":\"M\u00e1s Que Noticias\"},\"image\":{\"@id\":\"https:\/\/masquenoticias.mx\/#\/schema\/logo\/image\/\"},\"sameAs\":[\"https:\/\/www.facebook.com\/masquenoticiascolima\",\"https:\/\/x.com\/edgartove\",\"https:\/\/www.instagram.com\/masquenoticiascolima\/\"]},{\"@type\":\"Person\",\"@id\":\"https:\/\/masquenoticias.mx\/#\/schema\/person\/544d19989ef23d34615f691f7a96e622\",\"name\":\"Redacci\u00f3n\",\"image\":{\"@type\":\"ImageObject\",\"inLanguage\":\"es\",\"@id\":\"https:\/\/masquenoticias.mx\/#\/schema\/person\/image\/\",\"url\":\"https:\/\/secure.gravatar.com\/avatar\/7fcc926d5b058d3f3d52d95b4d05dd58?s=96&d=mm&r=g\",\"contentUrl\":\"https:\/\/secure.gravatar.com\/avatar\/7fcc926d5b058d3f3d52d95b4d05dd58?s=96&d=mm&r=g\",\"caption\":\"Redacci\u00f3n\"},\"sameAs\":[\"http:\/\/masquenoticias.mx\"],\"url\":\"https:\/\/masquenoticias.mx\/index.php\/author\/edgartovegmail-com\/\"}]}<\/script>\n<!-- \/ Yoast SEO plugin. -->","yoast_head_json":{"title":"Salud Colima ofrece apoyo gratuito para control de ansiedad en centros comunitarios y unidades de Salud - M\u00e1s Que Noticias","robots":{"index":"index","follow":"follow","max-snippet":"max-snippet:-1","max-image-preview":"max-image-preview:large","max-video-preview":"max-video-preview:-1"},"canonical":"https:\/\/masquenoticias.mx\/index.php\/2026\/03\/09\/salud-colima-ofrece-apoyo-gratuito-para-control-de-ansiedad-en-centros-comunitarios-y-unidades-de-salud\/","og_locale":"es_MX","og_type":"article","og_title":"Salud Colima ofrece apoyo gratuito para control de ansiedad en centros comunitarios y unidades de Salud - M\u00e1s Que Noticias","og_description":"La Secretar\u00eda de Salud del Gobierno del Estado de Colima informa que es posible controlar la ansiedad con ejercicios de respiraci\u00f3n, tensi\u00f3n y distensi\u00f3n muscular o actividad f\u00edsica, ya que permiten desenfocar la atenci\u00f3n de los pensamientos que la est\u00e1n provocando y disminuir los signos asociados; la ansiedad forma parte del desarrollo de las personas [&hellip;]","og_url":"https:\/\/masquenoticias.mx\/index.php\/2026\/03\/09\/salud-colima-ofrece-apoyo-gratuito-para-control-de-ansiedad-en-centros-comunitarios-y-unidades-de-salud\/","og_site_name":"M\u00e1s Que Noticias","article_publisher":"https:\/\/www.facebook.com\/masquenoticiascolima","article_published_time":"2026-03-09T23:54:02+00:00","og_image":[{"width":1500,"height":1500,"url":"https:\/\/masquenoticias.mx\/wp-content\/uploads\/2026\/03\/WhatsApp-Image-2026-03-09-at-11.08.02-AM-1.jpeg","type":"image\/jpeg"}],"author":"Redacci\u00f3n","twitter_card":"summary_large_image","twitter_creator":"@edgartove","twitter_site":"@edgartove","twitter_misc":{"Escrito por":"Redacci\u00f3n","Tiempo de lectura":"2 minutos"},"schema":{"@context":"https:\/\/schema.org","@graph":[{"@type":"Article","@id":"https:\/\/masquenoticias.mx\/index.php\/2026\/03\/09\/salud-colima-ofrece-apoyo-gratuito-para-control-de-ansiedad-en-centros-comunitarios-y-unidades-de-salud\/#article","isPartOf":{"@id":"https:\/\/masquenoticias.mx\/index.php\/2026\/03\/09\/salud-colima-ofrece-apoyo-gratuito-para-control-de-ansiedad-en-centros-comunitarios-y-unidades-de-salud\/"},"author":{"name":"Redacci\u00f3n","@id":"https:\/\/masquenoticias.mx\/#\/schema\/person\/544d19989ef23d34615f691f7a96e622"},"headline":"Salud Colima ofrece apoyo gratuito para control de ansiedad en centros comunitarios y unidades de Salud","datePublished":"2026-03-09T23:54:02+00:00","mainEntityOfPage":{"@id":"https:\/\/masquenoticias.mx\/index.php\/2026\/03\/09\/salud-colima-ofrece-apoyo-gratuito-para-control-de-ansiedad-en-centros-comunitarios-y-unidades-de-salud\/"},"wordCount":285,"commentCount":0,"publisher":{"@id":"https:\/\/masquenoticias.mx\/#organization"},"image":{"@id":"https:\/\/masquenoticias.mx\/index.php\/2026\/03\/09\/salud-colima-ofrece-apoyo-gratuito-para-control-de-ansiedad-en-centros-comunitarios-y-unidades-de-salud\/#primaryimage"},"thumbnailUrl":"https:\/\/i0.wp.com\/masquenoticias.mx\/wp-content\/uploads\/2026\/03\/WhatsApp-Image-2026-03-09-at-11.08.02-AM-1.jpeg?fit=1500%2C1500&ssl=1","keywords":["Salud"],"articleSection":["Estado"],"inLanguage":"es","potentialAction":[{"@type":"CommentAction","name":"Comment","target":["https:\/\/masquenoticias.mx\/index.php\/2026\/03\/09\/salud-colima-ofrece-apoyo-gratuito-para-control-de-ansiedad-en-centros-comunitarios-y-unidades-de-salud\/#respond"]}]},{"@type":"WebPage","@id":"https:\/\/masquenoticias.mx\/index.php\/2026\/03\/09\/salud-colima-ofrece-apoyo-gratuito-para-control-de-ansiedad-en-centros-comunitarios-y-unidades-de-salud\/","url":"https:\/\/masquenoticias.mx\/index.php\/2026\/03\/09\/salud-colima-ofrece-apoyo-gratuito-para-control-de-ansiedad-en-centros-comunitarios-y-unidades-de-salud\/","name":"Salud Colima ofrece apoyo gratuito para control de ansiedad en centros comunitarios y unidades de Salud - M\u00e1s Que Noticias","isPartOf":{"@id":"https:\/\/masquenoticias.mx\/#website"},"primaryImageOfPage":{"@id":"https:\/\/masquenoticias.mx\/index.php\/2026\/03\/09\/salud-colima-ofrece-apoyo-gratuito-para-control-de-ansiedad-en-centros-comunitarios-y-unidades-de-salud\/#primaryimage"},"image":{"@id":"https:\/\/masquenoticias.mx\/index.php\/2026\/03\/09\/salud-colima-ofrece-apoyo-gratuito-para-control-de-ansiedad-en-centros-comunitarios-y-unidades-de-salud\/#primaryimage"},"thumbnailUrl":"https:\/\/i0.wp.com\/masquenoticias.mx\/wp-content\/uploads\/2026\/03\/WhatsApp-Image-2026-03-09-at-11.08.02-AM-1.jpeg?fit=1500%2C1500&ssl=1","datePublished":"2026-03-09T23:54:02+00:00","breadcrumb":{"@id":"https:\/\/masquenoticias.mx\/index.php\/2026\/03\/09\/salud-colima-ofrece-apoyo-gratuito-para-control-de-ansiedad-en-centros-comunitarios-y-unidades-de-salud\/#breadcrumb"},"inLanguage":"es","potentialAction":[{"@type":"ReadAction","target":["https:\/\/masquenoticias.mx\/index.php\/2026\/03\/09\/salud-colima-ofrece-apoyo-gratuito-para-control-de-ansiedad-en-centros-comunitarios-y-unidades-de-salud\/"]}]},{"@type":"ImageObject","inLanguage":"es","@id":"https:\/\/masquenoticias.mx\/index.php\/2026\/03\/09\/salud-colima-ofrece-apoyo-gratuito-para-control-de-ansiedad-en-centros-comunitarios-y-unidades-de-salud\/#primaryimage","url":"https:\/\/i0.wp.com\/masquenoticias.mx\/wp-content\/uploads\/2026\/03\/WhatsApp-Image-2026-03-09-at-11.08.02-AM-1.jpeg?fit=1500%2C1500&ssl=1","contentUrl":"https:\/\/i0.wp.com\/masquenoticias.mx\/wp-content\/uploads\/2026\/03\/WhatsApp-Image-2026-03-09-at-11.08.02-AM-1.jpeg?fit=1500%2C1500&ssl=1","width":1500,"height":1500},{"@type":"BreadcrumbList","@id":"https:\/\/masquenoticias.mx\/index.php\/2026\/03\/09\/salud-colima-ofrece-apoyo-gratuito-para-control-de-ansiedad-en-centros-comunitarios-y-unidades-de-salud\/#breadcrumb","itemListElement":[{"@type":"ListItem","position":1,"name":"Inicio","item":"https:\/\/masquenoticias.mx\/"},{"@type":"ListItem","position":2,"name":"Salud Colima ofrece apoyo gratuito para control de ansiedad en centros comunitarios y unidades de Salud"}]},{"@type":"WebSite","@id":"https:\/\/masquenoticias.mx\/#website","url":"https:\/\/masquenoticias.mx\/","name":"M\u00e1s Que Noticias","description":"Noticias de Colima, M\u00e9xico y el Mundo","publisher":{"@id":"https:\/\/masquenoticias.mx\/#organization"},"potentialAction":[{"@type":"SearchAction","target":{"@type":"EntryPoint","urlTemplate":"https:\/\/masquenoticias.mx\/?s={search_term_string}"},"query-input":{"@type":"PropertyValueSpecification","valueRequired":true,"valueName":"search_term_string"}}],"inLanguage":"es"},{"@type":"Organization","@id":"https:\/\/masquenoticias.mx\/#organization","name":"M\u00e1s Que Noticias","url":"https:\/\/masquenoticias.mx\/","logo":{"@type":"ImageObject","inLanguage":"es","@id":"https:\/\/masquenoticias.mx\/#\/schema\/logo\/image\/","url":"https:\/\/i0.wp.com\/masquenoticias.mx\/wp-content\/uploads\/2024\/04\/IMG_0004.png?fit=2560%2C1656&ssl=1","contentUrl":"https:\/\/i0.wp.com\/masquenoticias.mx\/wp-content\/uploads\/2024\/04\/IMG_0004.png?fit=2560%2C1656&ssl=1","width":2560,"height":1656,"caption":"M\u00e1s Que Noticias"},"image":{"@id":"https:\/\/masquenoticias.mx\/#\/schema\/logo\/image\/"},"sameAs":["https:\/\/www.facebook.com\/masquenoticiascolima","https:\/\/x.com\/edgartove","https:\/\/www.instagram.com\/masquenoticiascolima\/"]},{"@type":"Person","@id":"https:\/\/masquenoticias.mx\/#\/schema\/person\/544d19989ef23d34615f691f7a96e622","name":"Redacci\u00f3n","image":{"@type":"ImageObject","inLanguage":"es","@id":"https:\/\/masquenoticias.mx\/#\/schema\/person\/image\/","url":"https:\/\/secure.gravatar.com\/avatar\/7fcc926d5b058d3f3d52d95b4d05dd58?s=96&d=mm&r=g","contentUrl":"https:\/\/secure.gravatar.com\/avatar\/7fcc926d5b058d3f3d52d95b4d05dd58?s=96&d=mm&r=g","caption":"Redacci\u00f3n"},"sameAs":["http:\/\/masquenoticias.mx"],"url":"https:\/\/masquenoticias.mx\/index.php\/author\/edgartovegmail-com\/"}]}},"jetpack_featured_media_url":"https:\/\/i0.wp.com\/masquenoticias.mx\/wp-content\/uploads\/2026\/03\/WhatsApp-Image-2026-03-09-at-11.08.02-AM-1.jpeg?fit=1500%2C1500&ssl=1","blog_post_layout_featured_media_urls":{"thumbnail":["https:\/\/i0.wp.com\/masquenoticias.mx\/wp-content\/uploads\/2026\/03\/WhatsApp-Image-2026-03-09-at-11.08.02-AM-1.jpeg?resize=150%2C150&ssl=1",150,150,true],"full":["https:\/\/i0.wp.com\/masquenoticias.mx\/wp-content\/uploads\/2026\/03\/WhatsApp-Image-2026-03-09-at-11.08.02-AM-1.jpeg?fit=1500%2C1500&ssl=1",1500,1500,false]},"categories_names":{"24":{"name":"Estado","link":"https:\/\/masquenoticias.mx\/index.php\/category\/estado\/"}},"tags_names":{"63":{"name":"Salud","link":"https:\/\/masquenoticias.mx\/index.php\/tag\/salud\/"}},"comments_number":"0","wpmagazine_modules_lite_featured_media_urls":{"thumbnail":["https:\/\/i0.wp.com\/masquenoticias.mx\/wp-content\/uploads\/2026\/03\/WhatsApp-Image-2026-03-09-at-11.08.02-AM-1.jpeg?resize=150%2C150&ssl=1",150,150,true],"cvmm-medium":["https:\/\/i0.wp.com\/masquenoticias.mx\/wp-content\/uploads\/2026\/03\/WhatsApp-Image-2026-03-09-at-11.08.02-AM-1.jpeg?resize=300%2C300&ssl=1",300,300,true],"cvmm-medium-plus":["https:\/\/i0.wp.com\/masquenoticias.mx\/wp-content\/uploads\/2026\/03\/WhatsApp-Image-2026-03-09-at-11.08.02-AM-1.jpeg?resize=305%2C207&ssl=1",305,207,true],"cvmm-portrait":["https:\/\/i0.wp.com\/masquenoticias.mx\/wp-content\/uploads\/2026\/03\/WhatsApp-Image-2026-03-09-at-11.08.02-AM-1.jpeg?resize=400%2C600&ssl=1",400,600,true],"cvmm-medium-square":["https:\/\/i0.wp.com\/masquenoticias.mx\/wp-content\/uploads\/2026\/03\/WhatsApp-Image-2026-03-09-at-11.08.02-AM-1.jpeg?resize=600%2C600&ssl=1",600,600,true],"cvmm-large":["https:\/\/i0.wp.com\/masquenoticias.mx\/wp-content\/uploads\/2026\/03\/WhatsApp-Image-2026-03-09-at-11.08.02-AM-1.jpeg?resize=1024%2C1024&ssl=1",1024,1024,true],"cvmm-small":["https:\/\/i0.wp.com\/masquenoticias.mx\/wp-content\/uploads\/2026\/03\/WhatsApp-Image-2026-03-09-at-11.08.02-AM-1.jpeg?resize=130%2C95&ssl=1",130,95,true],"full":["https:\/\/i0.wp.com\/masquenoticias.mx\/wp-content\/uploads\/2026\/03\/WhatsApp-Image-2026-03-09-at-11.08.02-AM-1.jpeg?fit=1500%2C1500&ssl=1",1500,1500,false]},"jetpack-related-posts":[],"jetpack_sharing_enabled":true,"jetpack_likes_enabled":true,"jetpack_shortlink":"https:\/\/wp.me\/pf7pkt-5Ds","_links":{"self":[{"href":"https:\/\/masquenoticias.mx\/index.php\/wp-json\/wp\/v2\/posts\/21666","targetHints":{"allow":["GET"]}}],"collection":[{"href":"https:\/\/masquenoticias.mx\/index.php\/wp-json\/wp\/v2\/posts"}],"about":[{"href":"https:\/\/masquenoticias.mx\/index.php\/wp-json\/wp\/v2\/types\/post"}],"author":[{"embeddable":true,"href":"https:\/\/masquenoticias.mx\/index.php\/wp-json\/wp\/v2\/users\/1"}],"replies":[{"embeddable":true,"href":"https:\/\/masquenoticias.mx\/index.php\/wp-json\/wp\/v2\/comments?post=21666"}],"version-history":[{"count":1,"href":"https:\/\/masquenoticias.mx\/index.php\/wp-json\/wp\/v2\/posts\/21666\/revisions"}],"predecessor-version":[{"id":21668,"href":"https:\/\/masquenoticias.mx\/index.php\/wp-json\/wp\/v2\/posts\/21666\/revisions\/21668"}],"wp:featuredmedia":[{"embeddable":true,"href":"https:\/\/masquenoticias.mx\/index.php\/wp-json\/wp\/v2\/media\/21667"}],"wp:attachment":[{"href":"https:\/\/masquenoticias.mx\/index.php\/wp-json\/wp\/v2\/media?parent=21666"}],"wp:term":[{"taxonomy":"category","embeddable":true,"href":"https:\/\/masquenoticias.mx\/index.php\/wp-json\/wp\/v2\/categories?post=21666"},{"taxonomy":"post_tag","embeddable":true,"href":"https:\/\/masquenoticias.mx\/index.php\/wp-json\/wp\/v2\/tags?post=21666"}],"curies":[{"name":"wp","href":"https:\/\/api.w.org\/{rel}","templated":true}]}}