{"id":20803,"date":"2026-01-15T14:50:34","date_gmt":"2026-01-15T20:50:34","guid":{"rendered":"https:\/\/masquenoticias.mx\/?p=20803"},"modified":"2026-01-15T14:50:34","modified_gmt":"2026-01-15T20:50:34","slug":"por-robo-calificado-en-tienda-oxxo-hombre-es-enviado-a-prision","status":"publish","type":"post","link":"https:\/\/masquenoticias.mx\/index.php\/2026\/01\/15\/por-robo-calificado-en-tienda-oxxo-hombre-es-enviado-a-prision\/","title":{"rendered":"Por robo calificado en tienda Oxxo, hombre es enviado a prisi\u00f3n"},"content":{"rendered":"\n<p><\/p>\n\n\n\n<p>La Fiscal\u00eda General del Estado (FGE) obtuvo la vinculaci\u00f3n a proceso de Francisco \u201cN\u201d por el hecho que la ley establece como delito de robo calificado en grado de tentativa, cometido en agravio de una tienda Oxxo ubicada en el municipio de Tecom\u00e1n.<\/p>\n\n\n\n<p>De acuerdo con lo asentado en la carpeta de investigaci\u00f3n, el 11 de enero de 2026 el imputado ingres\u00f3 al establecimiento localizado sobre la avenida Insurgentes, en la colonia Uni\u00f3n, donde presuntamente amenaz\u00f3 al empleado con una barra de metal, exigi\u00e9ndole el dinero de la caja registradora. Ante la negativa de la v\u00edctima, realiz\u00f3 una llamada al n\u00famero de emergencias 911, el se\u00f1alado se retir\u00f3 del lugar. Siendo detenido minutos despu\u00e9s, por elementos de la Polic\u00eda Municipal.<\/p>\n\n\n\n<p>Derivado de las investigaciones realizadas por el Ministerio P\u00fablico, se reunieron los datos de prueba suficientes que permitieron al Juez de Control dictar el auto de vinculaci\u00f3n a proceso. Asimismo, se impuso la prisi\u00f3n preventiva como medida cautelar y se estableci\u00f3 un plazo de dos meses para el cierre de la investigaci\u00f3n complementaria.<\/p>\n\n\n\n<p>La Fiscal\u00eda General del Estado refrenda su compromiso de continuar con las acciones de investigaci\u00f3n y persecuci\u00f3n de los delitos que atentan contra el patrimonio de la ciudadan\u00eda y del sector comercial, a fin de garantizar el acceso a la justicia y la reparaci\u00f3n del da\u00f1o.<\/p>\n","protected":false},"excerpt":{"rendered":"<p>La Fiscal\u00eda General del Estado (FGE) obtuvo la vinculaci\u00f3n a proceso de Francisco \u201cN\u201d por el hecho que la ley establece como delito de robo calificado en grado de tentativa, cometido en agravio de una tienda Oxxo ubicada en el municipio de Tecom\u00e1n. De acuerdo con lo asentado en la carpeta de investigaci\u00f3n, el 11 [&hellip;]<\/p>\n","protected":false},"author":1,"featured_media":20802,"comment_status":"closed","ping_status":"open","sticky":false,"template":"","format":"standard","meta":{"_jetpack_memberships_contains_paid_content":false,"footnotes":""},"categories":[58],"tags":[220],"class_list":["post-20803","post","type-post","status-publish","format-standard","has-post-thumbnail","hentry","category-seguridad","tag-fge"],"yoast_head":"<!-- This site is optimized with the Yoast SEO plugin v26.6 - https:\/\/yoast.com\/wordpress\/plugins\/seo\/ -->\n<title>Por robo calificado en tienda Oxxo, hombre es enviado a prisi\u00f3n - M\u00e1s Que Noticias<\/title>\n<meta name=\"robots\" content=\"index, follow, max-snippet:-1, max-image-preview:large, max-video-preview:-1\" \/>\n<link rel=\"canonical\" href=\"https:\/\/masquenoticias.mx\/index.php\/2026\/01\/15\/por-robo-calificado-en-tienda-oxxo-hombre-es-enviado-a-prision\/\" \/>\n<meta property=\"og:locale\" content=\"es_MX\" \/>\n<meta property=\"og:type\" content=\"article\" \/>\n<meta property=\"og:title\" content=\"Por robo calificado en tienda Oxxo, hombre es enviado a prisi\u00f3n - M\u00e1s Que Noticias\" \/>\n<meta property=\"og:description\" content=\"La Fiscal\u00eda General del Estado (FGE) obtuvo la vinculaci\u00f3n a proceso de Francisco \u201cN\u201d por el hecho que la ley establece como delito de robo calificado en grado de tentativa, cometido en agravio de una tienda Oxxo ubicada en el municipio de Tecom\u00e1n. De acuerdo con lo asentado en la carpeta de investigaci\u00f3n, el 11 [&hellip;]\" \/>\n<meta property=\"og:url\" content=\"https:\/\/masquenoticias.mx\/index.php\/2026\/01\/15\/por-robo-calificado-en-tienda-oxxo-hombre-es-enviado-a-prision\/\" \/>\n<meta property=\"og:site_name\" content=\"M\u00e1s Que Noticias\" \/>\n<meta property=\"article:publisher\" content=\"https:\/\/www.facebook.com\/masquenoticiascolima\" \/>\n<meta property=\"article:published_time\" content=\"2026-01-15T20:50:34+00:00\" \/>\n<meta property=\"og:image\" content=\"https:\/\/i0.wp.com\/masquenoticias.mx\/wp-content\/uploads\/2026\/01\/69b02ebc-dd5c-4d17-bd62-9cfc388ba0c9.jpg?fit=1600%2C1600&ssl=1\" \/>\n\t<meta property=\"og:image:width\" content=\"1600\" \/>\n\t<meta property=\"og:image:height\" content=\"1600\" \/>\n\t<meta property=\"og:image:type\" content=\"image\/jpeg\" \/>\n<meta name=\"author\" content=\"Redacci\u00f3n\" \/>\n<meta name=\"twitter:card\" content=\"summary_large_image\" \/>\n<meta name=\"twitter:creator\" content=\"@edgartove\" \/>\n<meta name=\"twitter:site\" content=\"@edgartove\" \/>\n<meta name=\"twitter:label1\" content=\"Escrito por\" \/>\n\t<meta name=\"twitter:data1\" content=\"Redacci\u00f3n\" \/>\n\t<meta name=\"twitter:label2\" content=\"Tiempo de lectura\" \/>\n\t<meta name=\"twitter:data2\" content=\"1 minuto\" \/>\n<script type=\"application\/ld+json\" class=\"yoast-schema-graph\">{\"@context\":\"https:\/\/schema.org\",\"@graph\":[{\"@type\":\"Article\",\"@id\":\"https:\/\/masquenoticias.mx\/index.php\/2026\/01\/15\/por-robo-calificado-en-tienda-oxxo-hombre-es-enviado-a-prision\/#article\",\"isPartOf\":{\"@id\":\"https:\/\/masquenoticias.mx\/index.php\/2026\/01\/15\/por-robo-calificado-en-tienda-oxxo-hombre-es-enviado-a-prision\/\"},\"author\":{\"name\":\"Redacci\u00f3n\",\"@id\":\"https:\/\/masquenoticias.mx\/#\/schema\/person\/544d19989ef23d34615f691f7a96e622\"},\"headline\":\"Por robo calificado en tienda Oxxo, hombre es enviado a prisi\u00f3n\",\"datePublished\":\"2026-01-15T20:50:34+00:00\",\"mainEntityOfPage\":{\"@id\":\"https:\/\/masquenoticias.mx\/index.php\/2026\/01\/15\/por-robo-calificado-en-tienda-oxxo-hombre-es-enviado-a-prision\/\"},\"wordCount\":249,\"publisher\":{\"@id\":\"https:\/\/masquenoticias.mx\/#organization\"},\"image\":{\"@id\":\"https:\/\/masquenoticias.mx\/index.php\/2026\/01\/15\/por-robo-calificado-en-tienda-oxxo-hombre-es-enviado-a-prision\/#primaryimage\"},\"thumbnailUrl\":\"https:\/\/i0.wp.com\/masquenoticias.mx\/wp-content\/uploads\/2026\/01\/69b02ebc-dd5c-4d17-bd62-9cfc388ba0c9.jpg?fit=1600%2C1600&ssl=1\",\"keywords\":[\"FGE\"],\"articleSection\":[\"Seguridad\"],\"inLanguage\":\"es\"},{\"@type\":\"WebPage\",\"@id\":\"https:\/\/masquenoticias.mx\/index.php\/2026\/01\/15\/por-robo-calificado-en-tienda-oxxo-hombre-es-enviado-a-prision\/\",\"url\":\"https:\/\/masquenoticias.mx\/index.php\/2026\/01\/15\/por-robo-calificado-en-tienda-oxxo-hombre-es-enviado-a-prision\/\",\"name\":\"Por robo calificado en tienda Oxxo, hombre es enviado a prisi\u00f3n - M\u00e1s Que Noticias\",\"isPartOf\":{\"@id\":\"https:\/\/masquenoticias.mx\/#website\"},\"primaryImageOfPage\":{\"@id\":\"https:\/\/masquenoticias.mx\/index.php\/2026\/01\/15\/por-robo-calificado-en-tienda-oxxo-hombre-es-enviado-a-prision\/#primaryimage\"},\"image\":{\"@id\":\"https:\/\/masquenoticias.mx\/index.php\/2026\/01\/15\/por-robo-calificado-en-tienda-oxxo-hombre-es-enviado-a-prision\/#primaryimage\"},\"thumbnailUrl\":\"https:\/\/i0.wp.com\/masquenoticias.mx\/wp-content\/uploads\/2026\/01\/69b02ebc-dd5c-4d17-bd62-9cfc388ba0c9.jpg?fit=1600%2C1600&ssl=1\",\"datePublished\":\"2026-01-15T20:50:34+00:00\",\"breadcrumb\":{\"@id\":\"https:\/\/masquenoticias.mx\/index.php\/2026\/01\/15\/por-robo-calificado-en-tienda-oxxo-hombre-es-enviado-a-prision\/#breadcrumb\"},\"inLanguage\":\"es\",\"potentialAction\":[{\"@type\":\"ReadAction\",\"target\":[\"https:\/\/masquenoticias.mx\/index.php\/2026\/01\/15\/por-robo-calificado-en-tienda-oxxo-hombre-es-enviado-a-prision\/\"]}]},{\"@type\":\"ImageObject\",\"inLanguage\":\"es\",\"@id\":\"https:\/\/masquenoticias.mx\/index.php\/2026\/01\/15\/por-robo-calificado-en-tienda-oxxo-hombre-es-enviado-a-prision\/#primaryimage\",\"url\":\"https:\/\/i0.wp.com\/masquenoticias.mx\/wp-content\/uploads\/2026\/01\/69b02ebc-dd5c-4d17-bd62-9cfc388ba0c9.jpg?fit=1600%2C1600&ssl=1\",\"contentUrl\":\"https:\/\/i0.wp.com\/masquenoticias.mx\/wp-content\/uploads\/2026\/01\/69b02ebc-dd5c-4d17-bd62-9cfc388ba0c9.jpg?fit=1600%2C1600&ssl=1\",\"width\":1600,\"height\":1600},{\"@type\":\"BreadcrumbList\",\"@id\":\"https:\/\/masquenoticias.mx\/index.php\/2026\/01\/15\/por-robo-calificado-en-tienda-oxxo-hombre-es-enviado-a-prision\/#breadcrumb\",\"itemListElement\":[{\"@type\":\"ListItem\",\"position\":1,\"name\":\"Inicio\",\"item\":\"https:\/\/masquenoticias.mx\/\"},{\"@type\":\"ListItem\",\"position\":2,\"name\":\"Por robo calificado en tienda Oxxo, hombre es enviado a prisi\u00f3n\"}]},{\"@type\":\"WebSite\",\"@id\":\"https:\/\/masquenoticias.mx\/#website\",\"url\":\"https:\/\/masquenoticias.mx\/\",\"name\":\"M\u00e1s Que Noticias\",\"description\":\"Noticias de Colima, M\u00e9xico y el Mundo\",\"publisher\":{\"@id\":\"https:\/\/masquenoticias.mx\/#organization\"},\"potentialAction\":[{\"@type\":\"SearchAction\",\"target\":{\"@type\":\"EntryPoint\",\"urlTemplate\":\"https:\/\/masquenoticias.mx\/?s={search_term_string}\"},\"query-input\":{\"@type\":\"PropertyValueSpecification\",\"valueRequired\":true,\"valueName\":\"search_term_string\"}}],\"inLanguage\":\"es\"},{\"@type\":\"Organization\",\"@id\":\"https:\/\/masquenoticias.mx\/#organization\",\"name\":\"M\u00e1s Que Noticias\",\"url\":\"https:\/\/masquenoticias.mx\/\",\"logo\":{\"@type\":\"ImageObject\",\"inLanguage\":\"es\",\"@id\":\"https:\/\/masquenoticias.mx\/#\/schema\/logo\/image\/\",\"url\":\"https:\/\/i0.wp.com\/masquenoticias.mx\/wp-content\/uploads\/2024\/04\/IMG_0004.png?fit=2560%2C1656&ssl=1\",\"contentUrl\":\"https:\/\/i0.wp.com\/masquenoticias.mx\/wp-content\/uploads\/2024\/04\/IMG_0004.png?fit=2560%2C1656&ssl=1\",\"width\":2560,\"height\":1656,\"caption\":\"M\u00e1s Que Noticias\"},\"image\":{\"@id\":\"https:\/\/masquenoticias.mx\/#\/schema\/logo\/image\/\"},\"sameAs\":[\"https:\/\/www.facebook.com\/masquenoticiascolima\",\"https:\/\/x.com\/edgartove\",\"https:\/\/www.instagram.com\/masquenoticiascolima\/\"]},{\"@type\":\"Person\",\"@id\":\"https:\/\/masquenoticias.mx\/#\/schema\/person\/544d19989ef23d34615f691f7a96e622\",\"name\":\"Redacci\u00f3n\",\"image\":{\"@type\":\"ImageObject\",\"inLanguage\":\"es\",\"@id\":\"https:\/\/masquenoticias.mx\/#\/schema\/person\/image\/\",\"url\":\"https:\/\/secure.gravatar.com\/avatar\/7fcc926d5b058d3f3d52d95b4d05dd58?s=96&d=mm&r=g\",\"contentUrl\":\"https:\/\/secure.gravatar.com\/avatar\/7fcc926d5b058d3f3d52d95b4d05dd58?s=96&d=mm&r=g\",\"caption\":\"Redacci\u00f3n\"},\"sameAs\":[\"http:\/\/masquenoticias.mx\"],\"url\":\"https:\/\/masquenoticias.mx\/index.php\/author\/edgartovegmail-com\/\"}]}<\/script>\n<!-- \/ Yoast SEO plugin. -->","yoast_head_json":{"title":"Por robo calificado en tienda Oxxo, hombre es enviado a prisi\u00f3n - M\u00e1s Que Noticias","robots":{"index":"index","follow":"follow","max-snippet":"max-snippet:-1","max-image-preview":"max-image-preview:large","max-video-preview":"max-video-preview:-1"},"canonical":"https:\/\/masquenoticias.mx\/index.php\/2026\/01\/15\/por-robo-calificado-en-tienda-oxxo-hombre-es-enviado-a-prision\/","og_locale":"es_MX","og_type":"article","og_title":"Por robo calificado en tienda Oxxo, hombre es enviado a prisi\u00f3n - M\u00e1s Que Noticias","og_description":"La Fiscal\u00eda General del Estado (FGE) obtuvo la vinculaci\u00f3n a proceso de Francisco \u201cN\u201d por el hecho que la ley establece como delito de robo calificado en grado de tentativa, cometido en agravio de una tienda Oxxo ubicada en el municipio de Tecom\u00e1n. De acuerdo con lo asentado en la carpeta de investigaci\u00f3n, el 11 [&hellip;]","og_url":"https:\/\/masquenoticias.mx\/index.php\/2026\/01\/15\/por-robo-calificado-en-tienda-oxxo-hombre-es-enviado-a-prision\/","og_site_name":"M\u00e1s Que Noticias","article_publisher":"https:\/\/www.facebook.com\/masquenoticiascolima","article_published_time":"2026-01-15T20:50:34+00:00","og_image":[{"width":1600,"height":1600,"url":"https:\/\/i0.wp.com\/masquenoticias.mx\/wp-content\/uploads\/2026\/01\/69b02ebc-dd5c-4d17-bd62-9cfc388ba0c9.jpg?fit=1600%2C1600&ssl=1","type":"image\/jpeg"}],"author":"Redacci\u00f3n","twitter_card":"summary_large_image","twitter_creator":"@edgartove","twitter_site":"@edgartove","twitter_misc":{"Escrito por":"Redacci\u00f3n","Tiempo de lectura":"1 minuto"},"schema":{"@context":"https:\/\/schema.org","@graph":[{"@type":"Article","@id":"https:\/\/masquenoticias.mx\/index.php\/2026\/01\/15\/por-robo-calificado-en-tienda-oxxo-hombre-es-enviado-a-prision\/#article","isPartOf":{"@id":"https:\/\/masquenoticias.mx\/index.php\/2026\/01\/15\/por-robo-calificado-en-tienda-oxxo-hombre-es-enviado-a-prision\/"},"author":{"name":"Redacci\u00f3n","@id":"https:\/\/masquenoticias.mx\/#\/schema\/person\/544d19989ef23d34615f691f7a96e622"},"headline":"Por robo calificado en tienda Oxxo, hombre es enviado a prisi\u00f3n","datePublished":"2026-01-15T20:50:34+00:00","mainEntityOfPage":{"@id":"https:\/\/masquenoticias.mx\/index.php\/2026\/01\/15\/por-robo-calificado-en-tienda-oxxo-hombre-es-enviado-a-prision\/"},"wordCount":249,"publisher":{"@id":"https:\/\/masquenoticias.mx\/#organization"},"image":{"@id":"https:\/\/masquenoticias.mx\/index.php\/2026\/01\/15\/por-robo-calificado-en-tienda-oxxo-hombre-es-enviado-a-prision\/#primaryimage"},"thumbnailUrl":"https:\/\/i0.wp.com\/masquenoticias.mx\/wp-content\/uploads\/2026\/01\/69b02ebc-dd5c-4d17-bd62-9cfc388ba0c9.jpg?fit=1600%2C1600&ssl=1","keywords":["FGE"],"articleSection":["Seguridad"],"inLanguage":"es"},{"@type":"WebPage","@id":"https:\/\/masquenoticias.mx\/index.php\/2026\/01\/15\/por-robo-calificado-en-tienda-oxxo-hombre-es-enviado-a-prision\/","url":"https:\/\/masquenoticias.mx\/index.php\/2026\/01\/15\/por-robo-calificado-en-tienda-oxxo-hombre-es-enviado-a-prision\/","name":"Por robo calificado en tienda Oxxo, hombre es enviado a prisi\u00f3n - M\u00e1s Que Noticias","isPartOf":{"@id":"https:\/\/masquenoticias.mx\/#website"},"primaryImageOfPage":{"@id":"https:\/\/masquenoticias.mx\/index.php\/2026\/01\/15\/por-robo-calificado-en-tienda-oxxo-hombre-es-enviado-a-prision\/#primaryimage"},"image":{"@id":"https:\/\/masquenoticias.mx\/index.php\/2026\/01\/15\/por-robo-calificado-en-tienda-oxxo-hombre-es-enviado-a-prision\/#primaryimage"},"thumbnailUrl":"https:\/\/i0.wp.com\/masquenoticias.mx\/wp-content\/uploads\/2026\/01\/69b02ebc-dd5c-4d17-bd62-9cfc388ba0c9.jpg?fit=1600%2C1600&ssl=1","datePublished":"2026-01-15T20:50:34+00:00","breadcrumb":{"@id":"https:\/\/masquenoticias.mx\/index.php\/2026\/01\/15\/por-robo-calificado-en-tienda-oxxo-hombre-es-enviado-a-prision\/#breadcrumb"},"inLanguage":"es","potentialAction":[{"@type":"ReadAction","target":["https:\/\/masquenoticias.mx\/index.php\/2026\/01\/15\/por-robo-calificado-en-tienda-oxxo-hombre-es-enviado-a-prision\/"]}]},{"@type":"ImageObject","inLanguage":"es","@id":"https:\/\/masquenoticias.mx\/index.php\/2026\/01\/15\/por-robo-calificado-en-tienda-oxxo-hombre-es-enviado-a-prision\/#primaryimage","url":"https:\/\/i0.wp.com\/masquenoticias.mx\/wp-content\/uploads\/2026\/01\/69b02ebc-dd5c-4d17-bd62-9cfc388ba0c9.jpg?fit=1600%2C1600&ssl=1","contentUrl":"https:\/\/i0.wp.com\/masquenoticias.mx\/wp-content\/uploads\/2026\/01\/69b02ebc-dd5c-4d17-bd62-9cfc388ba0c9.jpg?fit=1600%2C1600&ssl=1","width":1600,"height":1600},{"@type":"BreadcrumbList","@id":"https:\/\/masquenoticias.mx\/index.php\/2026\/01\/15\/por-robo-calificado-en-tienda-oxxo-hombre-es-enviado-a-prision\/#breadcrumb","itemListElement":[{"@type":"ListItem","position":1,"name":"Inicio","item":"https:\/\/masquenoticias.mx\/"},{"@type":"ListItem","position":2,"name":"Por robo calificado en tienda Oxxo, hombre es enviado a prisi\u00f3n"}]},{"@type":"WebSite","@id":"https:\/\/masquenoticias.mx\/#website","url":"https:\/\/masquenoticias.mx\/","name":"M\u00e1s Que Noticias","description":"Noticias de Colima, M\u00e9xico y el Mundo","publisher":{"@id":"https:\/\/masquenoticias.mx\/#organization"},"potentialAction":[{"@type":"SearchAction","target":{"@type":"EntryPoint","urlTemplate":"https:\/\/masquenoticias.mx\/?s={search_term_string}"},"query-input":{"@type":"PropertyValueSpecification","valueRequired":true,"valueName":"search_term_string"}}],"inLanguage":"es"},{"@type":"Organization","@id":"https:\/\/masquenoticias.mx\/#organization","name":"M\u00e1s Que Noticias","url":"https:\/\/masquenoticias.mx\/","logo":{"@type":"ImageObject","inLanguage":"es","@id":"https:\/\/masquenoticias.mx\/#\/schema\/logo\/image\/","url":"https:\/\/i0.wp.com\/masquenoticias.mx\/wp-content\/uploads\/2024\/04\/IMG_0004.png?fit=2560%2C1656&ssl=1","contentUrl":"https:\/\/i0.wp.com\/masquenoticias.mx\/wp-content\/uploads\/2024\/04\/IMG_0004.png?fit=2560%2C1656&ssl=1","width":2560,"height":1656,"caption":"M\u00e1s Que Noticias"},"image":{"@id":"https:\/\/masquenoticias.mx\/#\/schema\/logo\/image\/"},"sameAs":["https:\/\/www.facebook.com\/masquenoticiascolima","https:\/\/x.com\/edgartove","https:\/\/www.instagram.com\/masquenoticiascolima\/"]},{"@type":"Person","@id":"https:\/\/masquenoticias.mx\/#\/schema\/person\/544d19989ef23d34615f691f7a96e622","name":"Redacci\u00f3n","image":{"@type":"ImageObject","inLanguage":"es","@id":"https:\/\/masquenoticias.mx\/#\/schema\/person\/image\/","url":"https:\/\/secure.gravatar.com\/avatar\/7fcc926d5b058d3f3d52d95b4d05dd58?s=96&d=mm&r=g","contentUrl":"https:\/\/secure.gravatar.com\/avatar\/7fcc926d5b058d3f3d52d95b4d05dd58?s=96&d=mm&r=g","caption":"Redacci\u00f3n"},"sameAs":["http:\/\/masquenoticias.mx"],"url":"https:\/\/masquenoticias.mx\/index.php\/author\/edgartovegmail-com\/"}]}},"jetpack_featured_media_url":"https:\/\/i0.wp.com\/masquenoticias.mx\/wp-content\/uploads\/2026\/01\/69b02ebc-dd5c-4d17-bd62-9cfc388ba0c9.jpg?fit=1600%2C1600&ssl=1","blog_post_layout_featured_media_urls":{"thumbnail":["https:\/\/i0.wp.com\/masquenoticias.mx\/wp-content\/uploads\/2026\/01\/69b02ebc-dd5c-4d17-bd62-9cfc388ba0c9.jpg?resize=150%2C150&ssl=1",150,150,true],"full":["https:\/\/i0.wp.com\/masquenoticias.mx\/wp-content\/uploads\/2026\/01\/69b02ebc-dd5c-4d17-bd62-9cfc388ba0c9.jpg?fit=1600%2C1600&ssl=1",1600,1600,false]},"categories_names":{"58":{"name":"Seguridad","link":"https:\/\/masquenoticias.mx\/index.php\/category\/seguridad\/"}},"tags_names":{"220":{"name":"FGE","link":"https:\/\/masquenoticias.mx\/index.php\/tag\/fge\/"}},"comments_number":"0","wpmagazine_modules_lite_featured_media_urls":{"thumbnail":["https:\/\/i0.wp.com\/masquenoticias.mx\/wp-content\/uploads\/2026\/01\/69b02ebc-dd5c-4d17-bd62-9cfc388ba0c9.jpg?resize=150%2C150&ssl=1",150,150,true],"cvmm-medium":["https:\/\/i0.wp.com\/masquenoticias.mx\/wp-content\/uploads\/2026\/01\/69b02ebc-dd5c-4d17-bd62-9cfc388ba0c9.jpg?resize=300%2C300&ssl=1",300,300,true],"cvmm-medium-plus":["https:\/\/i0.wp.com\/masquenoticias.mx\/wp-content\/uploads\/2026\/01\/69b02ebc-dd5c-4d17-bd62-9cfc388ba0c9.jpg?resize=305%2C207&ssl=1",305,207,true],"cvmm-portrait":["https:\/\/i0.wp.com\/masquenoticias.mx\/wp-content\/uploads\/2026\/01\/69b02ebc-dd5c-4d17-bd62-9cfc388ba0c9.jpg?resize=400%2C600&ssl=1",400,600,true],"cvmm-medium-square":["https:\/\/i0.wp.com\/masquenoticias.mx\/wp-content\/uploads\/2026\/01\/69b02ebc-dd5c-4d17-bd62-9cfc388ba0c9.jpg?resize=600%2C600&ssl=1",600,600,true],"cvmm-large":["https:\/\/i0.wp.com\/masquenoticias.mx\/wp-content\/uploads\/2026\/01\/69b02ebc-dd5c-4d17-bd62-9cfc388ba0c9.jpg?resize=1024%2C1024&ssl=1",1024,1024,true],"cvmm-small":["https:\/\/i0.wp.com\/masquenoticias.mx\/wp-content\/uploads\/2026\/01\/69b02ebc-dd5c-4d17-bd62-9cfc388ba0c9.jpg?resize=130%2C95&ssl=1",130,95,true],"full":["https:\/\/i0.wp.com\/masquenoticias.mx\/wp-content\/uploads\/2026\/01\/69b02ebc-dd5c-4d17-bd62-9cfc388ba0c9.jpg?fit=1600%2C1600&ssl=1",1600,1600,false]},"jetpack-related-posts":[],"jetpack_sharing_enabled":true,"jetpack_likes_enabled":true,"jetpack_shortlink":"https:\/\/wp.me\/pf7pkt-5px","_links":{"self":[{"href":"https:\/\/masquenoticias.mx\/index.php\/wp-json\/wp\/v2\/posts\/20803","targetHints":{"allow":["GET"]}}],"collection":[{"href":"https:\/\/masquenoticias.mx\/index.php\/wp-json\/wp\/v2\/posts"}],"about":[{"href":"https:\/\/masquenoticias.mx\/index.php\/wp-json\/wp\/v2\/types\/post"}],"author":[{"embeddable":true,"href":"https:\/\/masquenoticias.mx\/index.php\/wp-json\/wp\/v2\/users\/1"}],"replies":[{"embeddable":true,"href":"https:\/\/masquenoticias.mx\/index.php\/wp-json\/wp\/v2\/comments?post=20803"}],"version-history":[{"count":1,"href":"https:\/\/masquenoticias.mx\/index.php\/wp-json\/wp\/v2\/posts\/20803\/revisions"}],"predecessor-version":[{"id":20804,"href":"https:\/\/masquenoticias.mx\/index.php\/wp-json\/wp\/v2\/posts\/20803\/revisions\/20804"}],"wp:featuredmedia":[{"embeddable":true,"href":"https:\/\/masquenoticias.mx\/index.php\/wp-json\/wp\/v2\/media\/20802"}],"wp:attachment":[{"href":"https:\/\/masquenoticias.mx\/index.php\/wp-json\/wp\/v2\/media?parent=20803"}],"wp:term":[{"taxonomy":"category","embeddable":true,"href":"https:\/\/masquenoticias.mx\/index.php\/wp-json\/wp\/v2\/categories?post=20803"},{"taxonomy":"post_tag","embeddable":true,"href":"https:\/\/masquenoticias.mx\/index.php\/wp-json\/wp\/v2\/tags?post=20803"}],"curies":[{"name":"wp","href":"https:\/\/api.w.org\/{rel}","templated":true}]}}