{"id":20395,"date":"2025-12-11T15:27:09","date_gmt":"2025-12-11T21:27:09","guid":{"rendered":"https:\/\/masquenoticias.mx\/?p=20395"},"modified":"2025-12-11T15:27:09","modified_gmt":"2025-12-11T21:27:09","slug":"policia-estatal-de-colima-detiene-a-sujeto-por-corrupcion-de-menores","status":"publish","type":"post","link":"https:\/\/masquenoticias.mx\/index.php\/2025\/12\/11\/policia-estatal-de-colima-detiene-a-sujeto-por-corrupcion-de-menores\/","title":{"rendered":"Polic\u00eda Estatal de Colima detiene a sujeto por corrupci\u00f3n de menores"},"content":{"rendered":"<p>En seguimiento a las labores operativas que la Secretar\u00eda de Seguridad P\u00fablica (SSP) del Gobierno del Estado de Colima realiza de manera coordinada con autoridades federales, estatales y municipales, personal operativo asegur\u00f3 a un masculino en el municipio de Manzanillo, por su probable responsabilidad en el delito de corrupci\u00f3n de menores, derivado de un reporte atendido por la central de radio del Centro de Coordinaci\u00f3n, Control, Comando, Comunicaci\u00f3n, C\u00f3mputo e Inteligencia (C5i).<\/p>\n<p>De acuerdo con el informe policial, los agentes se trasladaron a un domicilio tras recibir una llamada al n\u00famero de emergencias 911, relacionada con un posible hecho de violencia suscitado a un menor de edad.<\/p>\n<p>En el lugar, el menor se\u00f1al\u00f3 directamente al presunto agresor; por lo cual, los elementos estatales realizaron una inspecci\u00f3n preventiva, sin localizarle objetos il\u00edcitos. No obstante, tras el se\u00f1alamiento y con fundamento en los hechos descritos, se procedi\u00f3 a su aseguramiento y traslado para ponerlo a disposici\u00f3n de la Fiscal\u00eda General del Estado (FGE), autoridad encargada de continuar las investigaciones correspondientes.<\/p>\n<p>La Secretar\u00eda de Seguridad P\u00fablica, as\u00ed como el Gobierno del Estado de Colima, reiteran su compromiso con la protecci\u00f3n de ni\u00f1as, ni\u00f1os y adolescentes, as\u00ed como con la atenci\u00f3n oportuna de cualquier delito que atente contra su integridad y bienestar.<\/p>\n<p>Se invita a la poblaci\u00f3n a denunciar situaciones de riesgo o actividad sospechosa que pueda constituir un delito o atente contra la seguridad de las personas, a trav\u00e9s de los n\u00fameros de emergencias 911, del 089 para denuncias an\u00f3nimas y de la L\u00ednea 075 Mujer, disponible para brindar atenci\u00f3n especializada.<\/p>\n","protected":false},"excerpt":{"rendered":"<p>En seguimiento a las labores operativas que la Secretar\u00eda de Seguridad P\u00fablica (SSP) del Gobierno del Estado de Colima realiza de manera coordinada con autoridades federales, estatales y municipales, personal operativo asegur\u00f3 a un masculino en el municipio de Manzanillo, por su probable responsabilidad en el delito de corrupci\u00f3n de menores, derivado de un reporte [&hellip;]<\/p>\n","protected":false},"author":1,"featured_media":20396,"comment_status":"open","ping_status":"open","sticky":false,"template":"","format":"standard","meta":{"_jetpack_memberships_contains_paid_content":false,"footnotes":""},"categories":[58],"tags":[295],"class_list":["post-20395","post","type-post","status-publish","format-standard","has-post-thumbnail","hentry","category-seguridad","tag-ssp"],"yoast_head":"<!-- This site is optimized with the Yoast SEO plugin v26.6 - https:\/\/yoast.com\/wordpress\/plugins\/seo\/ -->\n<title>Polic\u00eda Estatal de Colima detiene a sujeto por corrupci\u00f3n de menores - M\u00e1s Que Noticias<\/title>\n<meta name=\"robots\" content=\"index, follow, max-snippet:-1, max-image-preview:large, max-video-preview:-1\" \/>\n<link rel=\"canonical\" href=\"https:\/\/masquenoticias.mx\/index.php\/2025\/12\/11\/policia-estatal-de-colima-detiene-a-sujeto-por-corrupcion-de-menores\/\" \/>\n<meta property=\"og:locale\" content=\"es_MX\" \/>\n<meta property=\"og:type\" content=\"article\" \/>\n<meta property=\"og:title\" content=\"Polic\u00eda Estatal de Colima detiene a sujeto por corrupci\u00f3n de menores - M\u00e1s Que Noticias\" \/>\n<meta property=\"og:description\" content=\"En seguimiento a las labores operativas que la Secretar\u00eda de Seguridad P\u00fablica (SSP) del Gobierno del Estado de Colima realiza de manera coordinada con autoridades federales, estatales y municipales, personal operativo asegur\u00f3 a un masculino en el municipio de Manzanillo, por su probable responsabilidad en el delito de corrupci\u00f3n de menores, derivado de un reporte [&hellip;]\" \/>\n<meta property=\"og:url\" content=\"https:\/\/masquenoticias.mx\/index.php\/2025\/12\/11\/policia-estatal-de-colima-detiene-a-sujeto-por-corrupcion-de-menores\/\" \/>\n<meta property=\"og:site_name\" content=\"M\u00e1s Que Noticias\" \/>\n<meta property=\"article:publisher\" content=\"https:\/\/www.facebook.com\/masquenoticiascolima\" \/>\n<meta property=\"article:published_time\" content=\"2025-12-11T21:27:09+00:00\" \/>\n<meta property=\"og:image\" content=\"https:\/\/masquenoticias.mx\/wp-content\/uploads\/2025\/12\/WhatsApp-Image-2025-12-11-at-11.56.18-AM.jpeg\" \/>\n\t<meta property=\"og:image:width\" content=\"507\" \/>\n\t<meta property=\"og:image:height\" content=\"381\" \/>\n\t<meta property=\"og:image:type\" content=\"image\/jpeg\" \/>\n<meta name=\"author\" content=\"Redacci\u00f3n\" \/>\n<meta name=\"twitter:card\" content=\"summary_large_image\" \/>\n<meta name=\"twitter:creator\" content=\"@edgartove\" \/>\n<meta name=\"twitter:site\" content=\"@edgartove\" \/>\n<meta name=\"twitter:label1\" content=\"Escrito por\" \/>\n\t<meta name=\"twitter:data1\" content=\"Redacci\u00f3n\" \/>\n\t<meta name=\"twitter:label2\" content=\"Tiempo de lectura\" \/>\n\t<meta name=\"twitter:data2\" content=\"2 minutos\" \/>\n<script type=\"application\/ld+json\" class=\"yoast-schema-graph\">{\"@context\":\"https:\/\/schema.org\",\"@graph\":[{\"@type\":\"Article\",\"@id\":\"https:\/\/masquenoticias.mx\/index.php\/2025\/12\/11\/policia-estatal-de-colima-detiene-a-sujeto-por-corrupcion-de-menores\/#article\",\"isPartOf\":{\"@id\":\"https:\/\/masquenoticias.mx\/index.php\/2025\/12\/11\/policia-estatal-de-colima-detiene-a-sujeto-por-corrupcion-de-menores\/\"},\"author\":{\"name\":\"Redacci\u00f3n\",\"@id\":\"https:\/\/masquenoticias.mx\/#\/schema\/person\/544d19989ef23d34615f691f7a96e622\"},\"headline\":\"Polic\u00eda Estatal de Colima detiene a sujeto por corrupci\u00f3n de menores\",\"datePublished\":\"2025-12-11T21:27:09+00:00\",\"mainEntityOfPage\":{\"@id\":\"https:\/\/masquenoticias.mx\/index.php\/2025\/12\/11\/policia-estatal-de-colima-detiene-a-sujeto-por-corrupcion-de-menores\/\"},\"wordCount\":293,\"commentCount\":0,\"publisher\":{\"@id\":\"https:\/\/masquenoticias.mx\/#organization\"},\"image\":{\"@id\":\"https:\/\/masquenoticias.mx\/index.php\/2025\/12\/11\/policia-estatal-de-colima-detiene-a-sujeto-por-corrupcion-de-menores\/#primaryimage\"},\"thumbnailUrl\":\"https:\/\/i0.wp.com\/masquenoticias.mx\/wp-content\/uploads\/2025\/12\/WhatsApp-Image-2025-12-11-at-11.56.18-AM.jpeg?fit=507%2C381&ssl=1\",\"keywords\":[\"SSP\"],\"articleSection\":[\"Seguridad\"],\"inLanguage\":\"es\",\"potentialAction\":[{\"@type\":\"CommentAction\",\"name\":\"Comment\",\"target\":[\"https:\/\/masquenoticias.mx\/index.php\/2025\/12\/11\/policia-estatal-de-colima-detiene-a-sujeto-por-corrupcion-de-menores\/#respond\"]}]},{\"@type\":\"WebPage\",\"@id\":\"https:\/\/masquenoticias.mx\/index.php\/2025\/12\/11\/policia-estatal-de-colima-detiene-a-sujeto-por-corrupcion-de-menores\/\",\"url\":\"https:\/\/masquenoticias.mx\/index.php\/2025\/12\/11\/policia-estatal-de-colima-detiene-a-sujeto-por-corrupcion-de-menores\/\",\"name\":\"Polic\u00eda Estatal de Colima detiene a sujeto por corrupci\u00f3n de menores - M\u00e1s Que Noticias\",\"isPartOf\":{\"@id\":\"https:\/\/masquenoticias.mx\/#website\"},\"primaryImageOfPage\":{\"@id\":\"https:\/\/masquenoticias.mx\/index.php\/2025\/12\/11\/policia-estatal-de-colima-detiene-a-sujeto-por-corrupcion-de-menores\/#primaryimage\"},\"image\":{\"@id\":\"https:\/\/masquenoticias.mx\/index.php\/2025\/12\/11\/policia-estatal-de-colima-detiene-a-sujeto-por-corrupcion-de-menores\/#primaryimage\"},\"thumbnailUrl\":\"https:\/\/i0.wp.com\/masquenoticias.mx\/wp-content\/uploads\/2025\/12\/WhatsApp-Image-2025-12-11-at-11.56.18-AM.jpeg?fit=507%2C381&ssl=1\",\"datePublished\":\"2025-12-11T21:27:09+00:00\",\"breadcrumb\":{\"@id\":\"https:\/\/masquenoticias.mx\/index.php\/2025\/12\/11\/policia-estatal-de-colima-detiene-a-sujeto-por-corrupcion-de-menores\/#breadcrumb\"},\"inLanguage\":\"es\",\"potentialAction\":[{\"@type\":\"ReadAction\",\"target\":[\"https:\/\/masquenoticias.mx\/index.php\/2025\/12\/11\/policia-estatal-de-colima-detiene-a-sujeto-por-corrupcion-de-menores\/\"]}]},{\"@type\":\"ImageObject\",\"inLanguage\":\"es\",\"@id\":\"https:\/\/masquenoticias.mx\/index.php\/2025\/12\/11\/policia-estatal-de-colima-detiene-a-sujeto-por-corrupcion-de-menores\/#primaryimage\",\"url\":\"https:\/\/i0.wp.com\/masquenoticias.mx\/wp-content\/uploads\/2025\/12\/WhatsApp-Image-2025-12-11-at-11.56.18-AM.jpeg?fit=507%2C381&ssl=1\",\"contentUrl\":\"https:\/\/i0.wp.com\/masquenoticias.mx\/wp-content\/uploads\/2025\/12\/WhatsApp-Image-2025-12-11-at-11.56.18-AM.jpeg?fit=507%2C381&ssl=1\",\"width\":507,\"height\":381},{\"@type\":\"BreadcrumbList\",\"@id\":\"https:\/\/masquenoticias.mx\/index.php\/2025\/12\/11\/policia-estatal-de-colima-detiene-a-sujeto-por-corrupcion-de-menores\/#breadcrumb\",\"itemListElement\":[{\"@type\":\"ListItem\",\"position\":1,\"name\":\"Inicio\",\"item\":\"https:\/\/masquenoticias.mx\/\"},{\"@type\":\"ListItem\",\"position\":2,\"name\":\"Polic\u00eda Estatal de Colima detiene a sujeto por corrupci\u00f3n de menores\"}]},{\"@type\":\"WebSite\",\"@id\":\"https:\/\/masquenoticias.mx\/#website\",\"url\":\"https:\/\/masquenoticias.mx\/\",\"name\":\"M\u00e1s Que Noticias\",\"description\":\"Noticias de Colima, M\u00e9xico y el Mundo\",\"publisher\":{\"@id\":\"https:\/\/masquenoticias.mx\/#organization\"},\"potentialAction\":[{\"@type\":\"SearchAction\",\"target\":{\"@type\":\"EntryPoint\",\"urlTemplate\":\"https:\/\/masquenoticias.mx\/?s={search_term_string}\"},\"query-input\":{\"@type\":\"PropertyValueSpecification\",\"valueRequired\":true,\"valueName\":\"search_term_string\"}}],\"inLanguage\":\"es\"},{\"@type\":\"Organization\",\"@id\":\"https:\/\/masquenoticias.mx\/#organization\",\"name\":\"M\u00e1s Que Noticias\",\"url\":\"https:\/\/masquenoticias.mx\/\",\"logo\":{\"@type\":\"ImageObject\",\"inLanguage\":\"es\",\"@id\":\"https:\/\/masquenoticias.mx\/#\/schema\/logo\/image\/\",\"url\":\"https:\/\/i0.wp.com\/masquenoticias.mx\/wp-content\/uploads\/2024\/04\/IMG_0004.png?fit=2560%2C1656&ssl=1\",\"contentUrl\":\"https:\/\/i0.wp.com\/masquenoticias.mx\/wp-content\/uploads\/2024\/04\/IMG_0004.png?fit=2560%2C1656&ssl=1\",\"width\":2560,\"height\":1656,\"caption\":\"M\u00e1s Que Noticias\"},\"image\":{\"@id\":\"https:\/\/masquenoticias.mx\/#\/schema\/logo\/image\/\"},\"sameAs\":[\"https:\/\/www.facebook.com\/masquenoticiascolima\",\"https:\/\/x.com\/edgartove\",\"https:\/\/www.instagram.com\/masquenoticiascolima\/\"]},{\"@type\":\"Person\",\"@id\":\"https:\/\/masquenoticias.mx\/#\/schema\/person\/544d19989ef23d34615f691f7a96e622\",\"name\":\"Redacci\u00f3n\",\"image\":{\"@type\":\"ImageObject\",\"inLanguage\":\"es\",\"@id\":\"https:\/\/masquenoticias.mx\/#\/schema\/person\/image\/\",\"url\":\"https:\/\/secure.gravatar.com\/avatar\/7fcc926d5b058d3f3d52d95b4d05dd58?s=96&d=mm&r=g\",\"contentUrl\":\"https:\/\/secure.gravatar.com\/avatar\/7fcc926d5b058d3f3d52d95b4d05dd58?s=96&d=mm&r=g\",\"caption\":\"Redacci\u00f3n\"},\"sameAs\":[\"http:\/\/masquenoticias.mx\"],\"url\":\"https:\/\/masquenoticias.mx\/index.php\/author\/edgartovegmail-com\/\"}]}<\/script>\n<!-- \/ Yoast SEO plugin. -->","yoast_head_json":{"title":"Polic\u00eda Estatal de Colima detiene a sujeto por corrupci\u00f3n de menores - M\u00e1s Que Noticias","robots":{"index":"index","follow":"follow","max-snippet":"max-snippet:-1","max-image-preview":"max-image-preview:large","max-video-preview":"max-video-preview:-1"},"canonical":"https:\/\/masquenoticias.mx\/index.php\/2025\/12\/11\/policia-estatal-de-colima-detiene-a-sujeto-por-corrupcion-de-menores\/","og_locale":"es_MX","og_type":"article","og_title":"Polic\u00eda Estatal de Colima detiene a sujeto por corrupci\u00f3n de menores - M\u00e1s Que Noticias","og_description":"En seguimiento a las labores operativas que la Secretar\u00eda de Seguridad P\u00fablica (SSP) del Gobierno del Estado de Colima realiza de manera coordinada con autoridades federales, estatales y municipales, personal operativo asegur\u00f3 a un masculino en el municipio de Manzanillo, por su probable responsabilidad en el delito de corrupci\u00f3n de menores, derivado de un reporte [&hellip;]","og_url":"https:\/\/masquenoticias.mx\/index.php\/2025\/12\/11\/policia-estatal-de-colima-detiene-a-sujeto-por-corrupcion-de-menores\/","og_site_name":"M\u00e1s Que Noticias","article_publisher":"https:\/\/www.facebook.com\/masquenoticiascolima","article_published_time":"2025-12-11T21:27:09+00:00","og_image":[{"width":507,"height":381,"url":"https:\/\/masquenoticias.mx\/wp-content\/uploads\/2025\/12\/WhatsApp-Image-2025-12-11-at-11.56.18-AM.jpeg","type":"image\/jpeg"}],"author":"Redacci\u00f3n","twitter_card":"summary_large_image","twitter_creator":"@edgartove","twitter_site":"@edgartove","twitter_misc":{"Escrito por":"Redacci\u00f3n","Tiempo de lectura":"2 minutos"},"schema":{"@context":"https:\/\/schema.org","@graph":[{"@type":"Article","@id":"https:\/\/masquenoticias.mx\/index.php\/2025\/12\/11\/policia-estatal-de-colima-detiene-a-sujeto-por-corrupcion-de-menores\/#article","isPartOf":{"@id":"https:\/\/masquenoticias.mx\/index.php\/2025\/12\/11\/policia-estatal-de-colima-detiene-a-sujeto-por-corrupcion-de-menores\/"},"author":{"name":"Redacci\u00f3n","@id":"https:\/\/masquenoticias.mx\/#\/schema\/person\/544d19989ef23d34615f691f7a96e622"},"headline":"Polic\u00eda Estatal de Colima detiene a sujeto por corrupci\u00f3n de menores","datePublished":"2025-12-11T21:27:09+00:00","mainEntityOfPage":{"@id":"https:\/\/masquenoticias.mx\/index.php\/2025\/12\/11\/policia-estatal-de-colima-detiene-a-sujeto-por-corrupcion-de-menores\/"},"wordCount":293,"commentCount":0,"publisher":{"@id":"https:\/\/masquenoticias.mx\/#organization"},"image":{"@id":"https:\/\/masquenoticias.mx\/index.php\/2025\/12\/11\/policia-estatal-de-colima-detiene-a-sujeto-por-corrupcion-de-menores\/#primaryimage"},"thumbnailUrl":"https:\/\/i0.wp.com\/masquenoticias.mx\/wp-content\/uploads\/2025\/12\/WhatsApp-Image-2025-12-11-at-11.56.18-AM.jpeg?fit=507%2C381&ssl=1","keywords":["SSP"],"articleSection":["Seguridad"],"inLanguage":"es","potentialAction":[{"@type":"CommentAction","name":"Comment","target":["https:\/\/masquenoticias.mx\/index.php\/2025\/12\/11\/policia-estatal-de-colima-detiene-a-sujeto-por-corrupcion-de-menores\/#respond"]}]},{"@type":"WebPage","@id":"https:\/\/masquenoticias.mx\/index.php\/2025\/12\/11\/policia-estatal-de-colima-detiene-a-sujeto-por-corrupcion-de-menores\/","url":"https:\/\/masquenoticias.mx\/index.php\/2025\/12\/11\/policia-estatal-de-colima-detiene-a-sujeto-por-corrupcion-de-menores\/","name":"Polic\u00eda Estatal de Colima detiene a sujeto por corrupci\u00f3n de menores - M\u00e1s Que Noticias","isPartOf":{"@id":"https:\/\/masquenoticias.mx\/#website"},"primaryImageOfPage":{"@id":"https:\/\/masquenoticias.mx\/index.php\/2025\/12\/11\/policia-estatal-de-colima-detiene-a-sujeto-por-corrupcion-de-menores\/#primaryimage"},"image":{"@id":"https:\/\/masquenoticias.mx\/index.php\/2025\/12\/11\/policia-estatal-de-colima-detiene-a-sujeto-por-corrupcion-de-menores\/#primaryimage"},"thumbnailUrl":"https:\/\/i0.wp.com\/masquenoticias.mx\/wp-content\/uploads\/2025\/12\/WhatsApp-Image-2025-12-11-at-11.56.18-AM.jpeg?fit=507%2C381&ssl=1","datePublished":"2025-12-11T21:27:09+00:00","breadcrumb":{"@id":"https:\/\/masquenoticias.mx\/index.php\/2025\/12\/11\/policia-estatal-de-colima-detiene-a-sujeto-por-corrupcion-de-menores\/#breadcrumb"},"inLanguage":"es","potentialAction":[{"@type":"ReadAction","target":["https:\/\/masquenoticias.mx\/index.php\/2025\/12\/11\/policia-estatal-de-colima-detiene-a-sujeto-por-corrupcion-de-menores\/"]}]},{"@type":"ImageObject","inLanguage":"es","@id":"https:\/\/masquenoticias.mx\/index.php\/2025\/12\/11\/policia-estatal-de-colima-detiene-a-sujeto-por-corrupcion-de-menores\/#primaryimage","url":"https:\/\/i0.wp.com\/masquenoticias.mx\/wp-content\/uploads\/2025\/12\/WhatsApp-Image-2025-12-11-at-11.56.18-AM.jpeg?fit=507%2C381&ssl=1","contentUrl":"https:\/\/i0.wp.com\/masquenoticias.mx\/wp-content\/uploads\/2025\/12\/WhatsApp-Image-2025-12-11-at-11.56.18-AM.jpeg?fit=507%2C381&ssl=1","width":507,"height":381},{"@type":"BreadcrumbList","@id":"https:\/\/masquenoticias.mx\/index.php\/2025\/12\/11\/policia-estatal-de-colima-detiene-a-sujeto-por-corrupcion-de-menores\/#breadcrumb","itemListElement":[{"@type":"ListItem","position":1,"name":"Inicio","item":"https:\/\/masquenoticias.mx\/"},{"@type":"ListItem","position":2,"name":"Polic\u00eda Estatal de Colima detiene a sujeto por corrupci\u00f3n de menores"}]},{"@type":"WebSite","@id":"https:\/\/masquenoticias.mx\/#website","url":"https:\/\/masquenoticias.mx\/","name":"M\u00e1s Que Noticias","description":"Noticias de Colima, M\u00e9xico y el Mundo","publisher":{"@id":"https:\/\/masquenoticias.mx\/#organization"},"potentialAction":[{"@type":"SearchAction","target":{"@type":"EntryPoint","urlTemplate":"https:\/\/masquenoticias.mx\/?s={search_term_string}"},"query-input":{"@type":"PropertyValueSpecification","valueRequired":true,"valueName":"search_term_string"}}],"inLanguage":"es"},{"@type":"Organization","@id":"https:\/\/masquenoticias.mx\/#organization","name":"M\u00e1s Que Noticias","url":"https:\/\/masquenoticias.mx\/","logo":{"@type":"ImageObject","inLanguage":"es","@id":"https:\/\/masquenoticias.mx\/#\/schema\/logo\/image\/","url":"https:\/\/i0.wp.com\/masquenoticias.mx\/wp-content\/uploads\/2024\/04\/IMG_0004.png?fit=2560%2C1656&ssl=1","contentUrl":"https:\/\/i0.wp.com\/masquenoticias.mx\/wp-content\/uploads\/2024\/04\/IMG_0004.png?fit=2560%2C1656&ssl=1","width":2560,"height":1656,"caption":"M\u00e1s Que Noticias"},"image":{"@id":"https:\/\/masquenoticias.mx\/#\/schema\/logo\/image\/"},"sameAs":["https:\/\/www.facebook.com\/masquenoticiascolima","https:\/\/x.com\/edgartove","https:\/\/www.instagram.com\/masquenoticiascolima\/"]},{"@type":"Person","@id":"https:\/\/masquenoticias.mx\/#\/schema\/person\/544d19989ef23d34615f691f7a96e622","name":"Redacci\u00f3n","image":{"@type":"ImageObject","inLanguage":"es","@id":"https:\/\/masquenoticias.mx\/#\/schema\/person\/image\/","url":"https:\/\/secure.gravatar.com\/avatar\/7fcc926d5b058d3f3d52d95b4d05dd58?s=96&d=mm&r=g","contentUrl":"https:\/\/secure.gravatar.com\/avatar\/7fcc926d5b058d3f3d52d95b4d05dd58?s=96&d=mm&r=g","caption":"Redacci\u00f3n"},"sameAs":["http:\/\/masquenoticias.mx"],"url":"https:\/\/masquenoticias.mx\/index.php\/author\/edgartovegmail-com\/"}]}},"jetpack_featured_media_url":"https:\/\/i0.wp.com\/masquenoticias.mx\/wp-content\/uploads\/2025\/12\/WhatsApp-Image-2025-12-11-at-11.56.18-AM.jpeg?fit=507%2C381&ssl=1","blog_post_layout_featured_media_urls":{"thumbnail":["https:\/\/i0.wp.com\/masquenoticias.mx\/wp-content\/uploads\/2025\/12\/WhatsApp-Image-2025-12-11-at-11.56.18-AM.jpeg?resize=150%2C150&ssl=1",150,150,true],"full":["https:\/\/i0.wp.com\/masquenoticias.mx\/wp-content\/uploads\/2025\/12\/WhatsApp-Image-2025-12-11-at-11.56.18-AM.jpeg?fit=507%2C381&ssl=1",507,381,false]},"categories_names":{"58":{"name":"Seguridad","link":"https:\/\/masquenoticias.mx\/index.php\/category\/seguridad\/"}},"tags_names":{"295":{"name":"SSP","link":"https:\/\/masquenoticias.mx\/index.php\/tag\/ssp\/"}},"comments_number":"0","wpmagazine_modules_lite_featured_media_urls":{"thumbnail":["https:\/\/i0.wp.com\/masquenoticias.mx\/wp-content\/uploads\/2025\/12\/WhatsApp-Image-2025-12-11-at-11.56.18-AM.jpeg?resize=150%2C150&ssl=1",150,150,true],"cvmm-medium":["https:\/\/i0.wp.com\/masquenoticias.mx\/wp-content\/uploads\/2025\/12\/WhatsApp-Image-2025-12-11-at-11.56.18-AM.jpeg?resize=300%2C300&ssl=1",300,300,true],"cvmm-medium-plus":["https:\/\/i0.wp.com\/masquenoticias.mx\/wp-content\/uploads\/2025\/12\/WhatsApp-Image-2025-12-11-at-11.56.18-AM.jpeg?resize=305%2C207&ssl=1",305,207,true],"cvmm-portrait":["https:\/\/i0.wp.com\/masquenoticias.mx\/wp-content\/uploads\/2025\/12\/WhatsApp-Image-2025-12-11-at-11.56.18-AM.jpeg?resize=400%2C381&ssl=1",400,381,true],"cvmm-medium-square":["https:\/\/i0.wp.com\/masquenoticias.mx\/wp-content\/uploads\/2025\/12\/WhatsApp-Image-2025-12-11-at-11.56.18-AM.jpeg?resize=507%2C381&ssl=1",507,381,true],"cvmm-large":["https:\/\/i0.wp.com\/masquenoticias.mx\/wp-content\/uploads\/2025\/12\/WhatsApp-Image-2025-12-11-at-11.56.18-AM.jpeg?resize=507%2C381&ssl=1",507,381,true],"cvmm-small":["https:\/\/i0.wp.com\/masquenoticias.mx\/wp-content\/uploads\/2025\/12\/WhatsApp-Image-2025-12-11-at-11.56.18-AM.jpeg?resize=130%2C95&ssl=1",130,95,true],"full":["https:\/\/i0.wp.com\/masquenoticias.mx\/wp-content\/uploads\/2025\/12\/WhatsApp-Image-2025-12-11-at-11.56.18-AM.jpeg?fit=507%2C381&ssl=1",507,381,false]},"jetpack-related-posts":[],"jetpack_sharing_enabled":true,"jetpack_likes_enabled":true,"jetpack_shortlink":"https:\/\/wp.me\/pf7pkt-5iX","_links":{"self":[{"href":"https:\/\/masquenoticias.mx\/index.php\/wp-json\/wp\/v2\/posts\/20395","targetHints":{"allow":["GET"]}}],"collection":[{"href":"https:\/\/masquenoticias.mx\/index.php\/wp-json\/wp\/v2\/posts"}],"about":[{"href":"https:\/\/masquenoticias.mx\/index.php\/wp-json\/wp\/v2\/types\/post"}],"author":[{"embeddable":true,"href":"https:\/\/masquenoticias.mx\/index.php\/wp-json\/wp\/v2\/users\/1"}],"replies":[{"embeddable":true,"href":"https:\/\/masquenoticias.mx\/index.php\/wp-json\/wp\/v2\/comments?post=20395"}],"version-history":[{"count":1,"href":"https:\/\/masquenoticias.mx\/index.php\/wp-json\/wp\/v2\/posts\/20395\/revisions"}],"predecessor-version":[{"id":20397,"href":"https:\/\/masquenoticias.mx\/index.php\/wp-json\/wp\/v2\/posts\/20395\/revisions\/20397"}],"wp:featuredmedia":[{"embeddable":true,"href":"https:\/\/masquenoticias.mx\/index.php\/wp-json\/wp\/v2\/media\/20396"}],"wp:attachment":[{"href":"https:\/\/masquenoticias.mx\/index.php\/wp-json\/wp\/v2\/media?parent=20395"}],"wp:term":[{"taxonomy":"category","embeddable":true,"href":"https:\/\/masquenoticias.mx\/index.php\/wp-json\/wp\/v2\/categories?post=20395"},{"taxonomy":"post_tag","embeddable":true,"href":"https:\/\/masquenoticias.mx\/index.php\/wp-json\/wp\/v2\/tags?post=20395"}],"curies":[{"name":"wp","href":"https:\/\/api.w.org\/{rel}","templated":true}]}}