{"id":20392,"date":"2025-12-11T15:25:44","date_gmt":"2025-12-11T21:25:44","guid":{"rendered":"https:\/\/masquenoticias.mx\/?p=20392"},"modified":"2025-12-11T15:25:44","modified_gmt":"2025-12-11T21:25:44","slug":"cultura-colima-inaugura-mural-colectivo-en-casa-de-la-cultura-estatal","status":"publish","type":"post","link":"https:\/\/masquenoticias.mx\/index.php\/2025\/12\/11\/cultura-colima-inaugura-mural-colectivo-en-casa-de-la-cultura-estatal\/","title":{"rendered":"Cultura Colima inaugura mural colectivo en Casa de la Cultura Estatal"},"content":{"rendered":"<p>La Subsecretar\u00eda de Cultura del Gobierno del Estado de Colima, a trav\u00e9s del Departamento de Cultura Infantil y Juvenil, inaugur\u00f3 el mural colectivo \u2018Trazos y Letras\u2019 en el Vag\u00f3n de las Artes, ubicado en Casa de la Cultura Estatal.<\/p>\n<p>Esta obra es el resultado final del taller \u2018Coloreando el vag\u00f3n\u2019, una iniciativa realizada con apoyo del programa Alas y Ra\u00edces de la Secretar\u00eda de Cultura del Gobierno de M\u00e9xico, en coordinaci\u00f3n con la administraci\u00f3n estatal que encabeza la gobernadora Indira Vizca\u00edno Silva.<\/p>\n<p>Creado con participaci\u00f3n de ni\u00f1as y ni\u00f1os, coordinados por las artistas interdisciplinarias Andrea Isabel, Mar de Volc\u00e1n y Katia Seichel, el mural \u2018Trazos y Letras\u2019 rinde homenaje a las poetas colimenses Krishna Naranjo, Guillermina Cuevas, Nadia Contreras y Rosario Guti\u00e9rrez, como una forma de visibilizar el quehacer literario, cultural y art\u00edstico de las mujeres en el estado de Colima.<\/p>\n<p>La artista Mar de Volc\u00e1n mencion\u00f3 que acercarse a textos de las poetas permiti\u00f3 ir imaginando con los fragmentos seleccionados las im\u00e1genes que evocaban para llevarlas al mural. Por su parte, Andrea Isabel record\u00f3 que \u201csomos quienes ponemos el ejemplo de que las infancias pueden formar parte de los procesos creativos y tambi\u00e9n damos el ejemplo de que los espacios comunitarios se pueden cuidar para que otros puedan visitarlos\u201d.<\/p>\n<p>La dependencia estatal de Cultura busca que el Vag\u00f3n de las Artes siga siendo un espacio que permite a las infancias experimentar distintas t\u00e9cnicas de creaci\u00f3n y explorar las disciplinas art\u00edsticas con total libertad. Adem\u00e1s de fungir como un semillero de nuevos talentos que permite a las infancias so\u00f1ar con convertirse en las y los futuros artistas colimenses.<\/p>\n","protected":false},"excerpt":{"rendered":"<p>La Subsecretar\u00eda de Cultura del Gobierno del Estado de Colima, a trav\u00e9s del Departamento de Cultura Infantil y Juvenil, inaugur\u00f3 el mural colectivo \u2018Trazos y Letras\u2019 en el Vag\u00f3n de las Artes, ubicado en Casa de la Cultura Estatal. Esta obra es el resultado final del taller \u2018Coloreando el vag\u00f3n\u2019, una iniciativa realizada con apoyo [&hellip;]<\/p>\n","protected":false},"author":1,"featured_media":20393,"comment_status":"open","ping_status":"open","sticky":false,"template":"","format":"standard","meta":{"_jetpack_memberships_contains_paid_content":false,"footnotes":""},"categories":[24],"tags":[118],"class_list":["post-20392","post","type-post","status-publish","format-standard","has-post-thumbnail","hentry","category-estado","tag-cultura"],"yoast_head":"<!-- This site is optimized with the Yoast SEO plugin v26.6 - https:\/\/yoast.com\/wordpress\/plugins\/seo\/ -->\n<title>Cultura Colima inaugura mural colectivo en Casa de la Cultura Estatal - M\u00e1s Que Noticias<\/title>\n<meta name=\"robots\" content=\"index, follow, max-snippet:-1, max-image-preview:large, max-video-preview:-1\" \/>\n<link rel=\"canonical\" href=\"https:\/\/masquenoticias.mx\/index.php\/2025\/12\/11\/cultura-colima-inaugura-mural-colectivo-en-casa-de-la-cultura-estatal\/\" \/>\n<meta property=\"og:locale\" content=\"es_MX\" \/>\n<meta property=\"og:type\" content=\"article\" \/>\n<meta property=\"og:title\" content=\"Cultura Colima inaugura mural colectivo en Casa de la Cultura Estatal - M\u00e1s Que Noticias\" \/>\n<meta property=\"og:description\" content=\"La Subsecretar\u00eda de Cultura del Gobierno del Estado de Colima, a trav\u00e9s del Departamento de Cultura Infantil y Juvenil, inaugur\u00f3 el mural colectivo \u2018Trazos y Letras\u2019 en el Vag\u00f3n de las Artes, ubicado en Casa de la Cultura Estatal. Esta obra es el resultado final del taller \u2018Coloreando el vag\u00f3n\u2019, una iniciativa realizada con apoyo [&hellip;]\" \/>\n<meta property=\"og:url\" content=\"https:\/\/masquenoticias.mx\/index.php\/2025\/12\/11\/cultura-colima-inaugura-mural-colectivo-en-casa-de-la-cultura-estatal\/\" \/>\n<meta property=\"og:site_name\" content=\"M\u00e1s Que Noticias\" \/>\n<meta property=\"article:publisher\" content=\"https:\/\/www.facebook.com\/masquenoticiascolima\" \/>\n<meta property=\"article:published_time\" content=\"2025-12-11T21:25:44+00:00\" \/>\n<meta property=\"og:image\" content=\"https:\/\/masquenoticias.mx\/wp-content\/uploads\/2025\/12\/WhatsApp-Image-2025-12-11-at-10.42.06-AM.jpeg\" \/>\n\t<meta property=\"og:image:width\" content=\"1600\" \/>\n\t<meta property=\"og:image:height\" content=\"1066\" \/>\n\t<meta property=\"og:image:type\" content=\"image\/jpeg\" \/>\n<meta name=\"author\" content=\"Redacci\u00f3n\" \/>\n<meta name=\"twitter:card\" content=\"summary_large_image\" \/>\n<meta name=\"twitter:creator\" content=\"@edgartove\" \/>\n<meta name=\"twitter:site\" content=\"@edgartove\" \/>\n<meta name=\"twitter:label1\" content=\"Escrito por\" \/>\n\t<meta name=\"twitter:data1\" content=\"Redacci\u00f3n\" \/>\n\t<meta name=\"twitter:label2\" content=\"Tiempo de lectura\" \/>\n\t<meta name=\"twitter:data2\" content=\"2 minutos\" \/>\n<script type=\"application\/ld+json\" class=\"yoast-schema-graph\">{\"@context\":\"https:\/\/schema.org\",\"@graph\":[{\"@type\":\"Article\",\"@id\":\"https:\/\/masquenoticias.mx\/index.php\/2025\/12\/11\/cultura-colima-inaugura-mural-colectivo-en-casa-de-la-cultura-estatal\/#article\",\"isPartOf\":{\"@id\":\"https:\/\/masquenoticias.mx\/index.php\/2025\/12\/11\/cultura-colima-inaugura-mural-colectivo-en-casa-de-la-cultura-estatal\/\"},\"author\":{\"name\":\"Redacci\u00f3n\",\"@id\":\"https:\/\/masquenoticias.mx\/#\/schema\/person\/544d19989ef23d34615f691f7a96e622\"},\"headline\":\"Cultura Colima inaugura mural colectivo en Casa de la Cultura Estatal\",\"datePublished\":\"2025-12-11T21:25:44+00:00\",\"mainEntityOfPage\":{\"@id\":\"https:\/\/masquenoticias.mx\/index.php\/2025\/12\/11\/cultura-colima-inaugura-mural-colectivo-en-casa-de-la-cultura-estatal\/\"},\"wordCount\":304,\"commentCount\":0,\"publisher\":{\"@id\":\"https:\/\/masquenoticias.mx\/#organization\"},\"image\":{\"@id\":\"https:\/\/masquenoticias.mx\/index.php\/2025\/12\/11\/cultura-colima-inaugura-mural-colectivo-en-casa-de-la-cultura-estatal\/#primaryimage\"},\"thumbnailUrl\":\"https:\/\/i0.wp.com\/masquenoticias.mx\/wp-content\/uploads\/2025\/12\/WhatsApp-Image-2025-12-11-at-10.42.06-AM.jpeg?fit=1600%2C1066&ssl=1\",\"keywords\":[\"Cultura\"],\"articleSection\":[\"Estado\"],\"inLanguage\":\"es\",\"potentialAction\":[{\"@type\":\"CommentAction\",\"name\":\"Comment\",\"target\":[\"https:\/\/masquenoticias.mx\/index.php\/2025\/12\/11\/cultura-colima-inaugura-mural-colectivo-en-casa-de-la-cultura-estatal\/#respond\"]}]},{\"@type\":\"WebPage\",\"@id\":\"https:\/\/masquenoticias.mx\/index.php\/2025\/12\/11\/cultura-colima-inaugura-mural-colectivo-en-casa-de-la-cultura-estatal\/\",\"url\":\"https:\/\/masquenoticias.mx\/index.php\/2025\/12\/11\/cultura-colima-inaugura-mural-colectivo-en-casa-de-la-cultura-estatal\/\",\"name\":\"Cultura Colima inaugura mural colectivo en Casa de la Cultura Estatal - M\u00e1s Que Noticias\",\"isPartOf\":{\"@id\":\"https:\/\/masquenoticias.mx\/#website\"},\"primaryImageOfPage\":{\"@id\":\"https:\/\/masquenoticias.mx\/index.php\/2025\/12\/11\/cultura-colima-inaugura-mural-colectivo-en-casa-de-la-cultura-estatal\/#primaryimage\"},\"image\":{\"@id\":\"https:\/\/masquenoticias.mx\/index.php\/2025\/12\/11\/cultura-colima-inaugura-mural-colectivo-en-casa-de-la-cultura-estatal\/#primaryimage\"},\"thumbnailUrl\":\"https:\/\/i0.wp.com\/masquenoticias.mx\/wp-content\/uploads\/2025\/12\/WhatsApp-Image-2025-12-11-at-10.42.06-AM.jpeg?fit=1600%2C1066&ssl=1\",\"datePublished\":\"2025-12-11T21:25:44+00:00\",\"breadcrumb\":{\"@id\":\"https:\/\/masquenoticias.mx\/index.php\/2025\/12\/11\/cultura-colima-inaugura-mural-colectivo-en-casa-de-la-cultura-estatal\/#breadcrumb\"},\"inLanguage\":\"es\",\"potentialAction\":[{\"@type\":\"ReadAction\",\"target\":[\"https:\/\/masquenoticias.mx\/index.php\/2025\/12\/11\/cultura-colima-inaugura-mural-colectivo-en-casa-de-la-cultura-estatal\/\"]}]},{\"@type\":\"ImageObject\",\"inLanguage\":\"es\",\"@id\":\"https:\/\/masquenoticias.mx\/index.php\/2025\/12\/11\/cultura-colima-inaugura-mural-colectivo-en-casa-de-la-cultura-estatal\/#primaryimage\",\"url\":\"https:\/\/i0.wp.com\/masquenoticias.mx\/wp-content\/uploads\/2025\/12\/WhatsApp-Image-2025-12-11-at-10.42.06-AM.jpeg?fit=1600%2C1066&ssl=1\",\"contentUrl\":\"https:\/\/i0.wp.com\/masquenoticias.mx\/wp-content\/uploads\/2025\/12\/WhatsApp-Image-2025-12-11-at-10.42.06-AM.jpeg?fit=1600%2C1066&ssl=1\",\"width\":1600,\"height\":1066},{\"@type\":\"BreadcrumbList\",\"@id\":\"https:\/\/masquenoticias.mx\/index.php\/2025\/12\/11\/cultura-colima-inaugura-mural-colectivo-en-casa-de-la-cultura-estatal\/#breadcrumb\",\"itemListElement\":[{\"@type\":\"ListItem\",\"position\":1,\"name\":\"Inicio\",\"item\":\"https:\/\/masquenoticias.mx\/\"},{\"@type\":\"ListItem\",\"position\":2,\"name\":\"Cultura Colima inaugura mural colectivo en Casa de la Cultura Estatal\"}]},{\"@type\":\"WebSite\",\"@id\":\"https:\/\/masquenoticias.mx\/#website\",\"url\":\"https:\/\/masquenoticias.mx\/\",\"name\":\"M\u00e1s Que Noticias\",\"description\":\"Noticias de Colima, M\u00e9xico y el Mundo\",\"publisher\":{\"@id\":\"https:\/\/masquenoticias.mx\/#organization\"},\"potentialAction\":[{\"@type\":\"SearchAction\",\"target\":{\"@type\":\"EntryPoint\",\"urlTemplate\":\"https:\/\/masquenoticias.mx\/?s={search_term_string}\"},\"query-input\":{\"@type\":\"PropertyValueSpecification\",\"valueRequired\":true,\"valueName\":\"search_term_string\"}}],\"inLanguage\":\"es\"},{\"@type\":\"Organization\",\"@id\":\"https:\/\/masquenoticias.mx\/#organization\",\"name\":\"M\u00e1s Que Noticias\",\"url\":\"https:\/\/masquenoticias.mx\/\",\"logo\":{\"@type\":\"ImageObject\",\"inLanguage\":\"es\",\"@id\":\"https:\/\/masquenoticias.mx\/#\/schema\/logo\/image\/\",\"url\":\"https:\/\/i0.wp.com\/masquenoticias.mx\/wp-content\/uploads\/2024\/04\/IMG_0004.png?fit=2560%2C1656&ssl=1\",\"contentUrl\":\"https:\/\/i0.wp.com\/masquenoticias.mx\/wp-content\/uploads\/2024\/04\/IMG_0004.png?fit=2560%2C1656&ssl=1\",\"width\":2560,\"height\":1656,\"caption\":\"M\u00e1s Que Noticias\"},\"image\":{\"@id\":\"https:\/\/masquenoticias.mx\/#\/schema\/logo\/image\/\"},\"sameAs\":[\"https:\/\/www.facebook.com\/masquenoticiascolima\",\"https:\/\/x.com\/edgartove\",\"https:\/\/www.instagram.com\/masquenoticiascolima\/\"]},{\"@type\":\"Person\",\"@id\":\"https:\/\/masquenoticias.mx\/#\/schema\/person\/544d19989ef23d34615f691f7a96e622\",\"name\":\"Redacci\u00f3n\",\"image\":{\"@type\":\"ImageObject\",\"inLanguage\":\"es\",\"@id\":\"https:\/\/masquenoticias.mx\/#\/schema\/person\/image\/\",\"url\":\"https:\/\/secure.gravatar.com\/avatar\/7fcc926d5b058d3f3d52d95b4d05dd58?s=96&d=mm&r=g\",\"contentUrl\":\"https:\/\/secure.gravatar.com\/avatar\/7fcc926d5b058d3f3d52d95b4d05dd58?s=96&d=mm&r=g\",\"caption\":\"Redacci\u00f3n\"},\"sameAs\":[\"http:\/\/masquenoticias.mx\"],\"url\":\"https:\/\/masquenoticias.mx\/index.php\/author\/edgartovegmail-com\/\"}]}<\/script>\n<!-- \/ Yoast SEO plugin. -->","yoast_head_json":{"title":"Cultura Colima inaugura mural colectivo en Casa de la Cultura Estatal - M\u00e1s Que Noticias","robots":{"index":"index","follow":"follow","max-snippet":"max-snippet:-1","max-image-preview":"max-image-preview:large","max-video-preview":"max-video-preview:-1"},"canonical":"https:\/\/masquenoticias.mx\/index.php\/2025\/12\/11\/cultura-colima-inaugura-mural-colectivo-en-casa-de-la-cultura-estatal\/","og_locale":"es_MX","og_type":"article","og_title":"Cultura Colima inaugura mural colectivo en Casa de la Cultura Estatal - M\u00e1s Que Noticias","og_description":"La Subsecretar\u00eda de Cultura del Gobierno del Estado de Colima, a trav\u00e9s del Departamento de Cultura Infantil y Juvenil, inaugur\u00f3 el mural colectivo \u2018Trazos y Letras\u2019 en el Vag\u00f3n de las Artes, ubicado en Casa de la Cultura Estatal. Esta obra es el resultado final del taller \u2018Coloreando el vag\u00f3n\u2019, una iniciativa realizada con apoyo [&hellip;]","og_url":"https:\/\/masquenoticias.mx\/index.php\/2025\/12\/11\/cultura-colima-inaugura-mural-colectivo-en-casa-de-la-cultura-estatal\/","og_site_name":"M\u00e1s Que Noticias","article_publisher":"https:\/\/www.facebook.com\/masquenoticiascolima","article_published_time":"2025-12-11T21:25:44+00:00","og_image":[{"width":1600,"height":1066,"url":"https:\/\/masquenoticias.mx\/wp-content\/uploads\/2025\/12\/WhatsApp-Image-2025-12-11-at-10.42.06-AM.jpeg","type":"image\/jpeg"}],"author":"Redacci\u00f3n","twitter_card":"summary_large_image","twitter_creator":"@edgartove","twitter_site":"@edgartove","twitter_misc":{"Escrito por":"Redacci\u00f3n","Tiempo de lectura":"2 minutos"},"schema":{"@context":"https:\/\/schema.org","@graph":[{"@type":"Article","@id":"https:\/\/masquenoticias.mx\/index.php\/2025\/12\/11\/cultura-colima-inaugura-mural-colectivo-en-casa-de-la-cultura-estatal\/#article","isPartOf":{"@id":"https:\/\/masquenoticias.mx\/index.php\/2025\/12\/11\/cultura-colima-inaugura-mural-colectivo-en-casa-de-la-cultura-estatal\/"},"author":{"name":"Redacci\u00f3n","@id":"https:\/\/masquenoticias.mx\/#\/schema\/person\/544d19989ef23d34615f691f7a96e622"},"headline":"Cultura Colima inaugura mural colectivo en Casa de la Cultura Estatal","datePublished":"2025-12-11T21:25:44+00:00","mainEntityOfPage":{"@id":"https:\/\/masquenoticias.mx\/index.php\/2025\/12\/11\/cultura-colima-inaugura-mural-colectivo-en-casa-de-la-cultura-estatal\/"},"wordCount":304,"commentCount":0,"publisher":{"@id":"https:\/\/masquenoticias.mx\/#organization"},"image":{"@id":"https:\/\/masquenoticias.mx\/index.php\/2025\/12\/11\/cultura-colima-inaugura-mural-colectivo-en-casa-de-la-cultura-estatal\/#primaryimage"},"thumbnailUrl":"https:\/\/i0.wp.com\/masquenoticias.mx\/wp-content\/uploads\/2025\/12\/WhatsApp-Image-2025-12-11-at-10.42.06-AM.jpeg?fit=1600%2C1066&ssl=1","keywords":["Cultura"],"articleSection":["Estado"],"inLanguage":"es","potentialAction":[{"@type":"CommentAction","name":"Comment","target":["https:\/\/masquenoticias.mx\/index.php\/2025\/12\/11\/cultura-colima-inaugura-mural-colectivo-en-casa-de-la-cultura-estatal\/#respond"]}]},{"@type":"WebPage","@id":"https:\/\/masquenoticias.mx\/index.php\/2025\/12\/11\/cultura-colima-inaugura-mural-colectivo-en-casa-de-la-cultura-estatal\/","url":"https:\/\/masquenoticias.mx\/index.php\/2025\/12\/11\/cultura-colima-inaugura-mural-colectivo-en-casa-de-la-cultura-estatal\/","name":"Cultura Colima inaugura mural colectivo en Casa de la Cultura Estatal - M\u00e1s Que Noticias","isPartOf":{"@id":"https:\/\/masquenoticias.mx\/#website"},"primaryImageOfPage":{"@id":"https:\/\/masquenoticias.mx\/index.php\/2025\/12\/11\/cultura-colima-inaugura-mural-colectivo-en-casa-de-la-cultura-estatal\/#primaryimage"},"image":{"@id":"https:\/\/masquenoticias.mx\/index.php\/2025\/12\/11\/cultura-colima-inaugura-mural-colectivo-en-casa-de-la-cultura-estatal\/#primaryimage"},"thumbnailUrl":"https:\/\/i0.wp.com\/masquenoticias.mx\/wp-content\/uploads\/2025\/12\/WhatsApp-Image-2025-12-11-at-10.42.06-AM.jpeg?fit=1600%2C1066&ssl=1","datePublished":"2025-12-11T21:25:44+00:00","breadcrumb":{"@id":"https:\/\/masquenoticias.mx\/index.php\/2025\/12\/11\/cultura-colima-inaugura-mural-colectivo-en-casa-de-la-cultura-estatal\/#breadcrumb"},"inLanguage":"es","potentialAction":[{"@type":"ReadAction","target":["https:\/\/masquenoticias.mx\/index.php\/2025\/12\/11\/cultura-colima-inaugura-mural-colectivo-en-casa-de-la-cultura-estatal\/"]}]},{"@type":"ImageObject","inLanguage":"es","@id":"https:\/\/masquenoticias.mx\/index.php\/2025\/12\/11\/cultura-colima-inaugura-mural-colectivo-en-casa-de-la-cultura-estatal\/#primaryimage","url":"https:\/\/i0.wp.com\/masquenoticias.mx\/wp-content\/uploads\/2025\/12\/WhatsApp-Image-2025-12-11-at-10.42.06-AM.jpeg?fit=1600%2C1066&ssl=1","contentUrl":"https:\/\/i0.wp.com\/masquenoticias.mx\/wp-content\/uploads\/2025\/12\/WhatsApp-Image-2025-12-11-at-10.42.06-AM.jpeg?fit=1600%2C1066&ssl=1","width":1600,"height":1066},{"@type":"BreadcrumbList","@id":"https:\/\/masquenoticias.mx\/index.php\/2025\/12\/11\/cultura-colima-inaugura-mural-colectivo-en-casa-de-la-cultura-estatal\/#breadcrumb","itemListElement":[{"@type":"ListItem","position":1,"name":"Inicio","item":"https:\/\/masquenoticias.mx\/"},{"@type":"ListItem","position":2,"name":"Cultura Colima inaugura mural colectivo en Casa de la Cultura Estatal"}]},{"@type":"WebSite","@id":"https:\/\/masquenoticias.mx\/#website","url":"https:\/\/masquenoticias.mx\/","name":"M\u00e1s Que Noticias","description":"Noticias de Colima, M\u00e9xico y el Mundo","publisher":{"@id":"https:\/\/masquenoticias.mx\/#organization"},"potentialAction":[{"@type":"SearchAction","target":{"@type":"EntryPoint","urlTemplate":"https:\/\/masquenoticias.mx\/?s={search_term_string}"},"query-input":{"@type":"PropertyValueSpecification","valueRequired":true,"valueName":"search_term_string"}}],"inLanguage":"es"},{"@type":"Organization","@id":"https:\/\/masquenoticias.mx\/#organization","name":"M\u00e1s Que Noticias","url":"https:\/\/masquenoticias.mx\/","logo":{"@type":"ImageObject","inLanguage":"es","@id":"https:\/\/masquenoticias.mx\/#\/schema\/logo\/image\/","url":"https:\/\/i0.wp.com\/masquenoticias.mx\/wp-content\/uploads\/2024\/04\/IMG_0004.png?fit=2560%2C1656&ssl=1","contentUrl":"https:\/\/i0.wp.com\/masquenoticias.mx\/wp-content\/uploads\/2024\/04\/IMG_0004.png?fit=2560%2C1656&ssl=1","width":2560,"height":1656,"caption":"M\u00e1s Que Noticias"},"image":{"@id":"https:\/\/masquenoticias.mx\/#\/schema\/logo\/image\/"},"sameAs":["https:\/\/www.facebook.com\/masquenoticiascolima","https:\/\/x.com\/edgartove","https:\/\/www.instagram.com\/masquenoticiascolima\/"]},{"@type":"Person","@id":"https:\/\/masquenoticias.mx\/#\/schema\/person\/544d19989ef23d34615f691f7a96e622","name":"Redacci\u00f3n","image":{"@type":"ImageObject","inLanguage":"es","@id":"https:\/\/masquenoticias.mx\/#\/schema\/person\/image\/","url":"https:\/\/secure.gravatar.com\/avatar\/7fcc926d5b058d3f3d52d95b4d05dd58?s=96&d=mm&r=g","contentUrl":"https:\/\/secure.gravatar.com\/avatar\/7fcc926d5b058d3f3d52d95b4d05dd58?s=96&d=mm&r=g","caption":"Redacci\u00f3n"},"sameAs":["http:\/\/masquenoticias.mx"],"url":"https:\/\/masquenoticias.mx\/index.php\/author\/edgartovegmail-com\/"}]}},"jetpack_featured_media_url":"https:\/\/i0.wp.com\/masquenoticias.mx\/wp-content\/uploads\/2025\/12\/WhatsApp-Image-2025-12-11-at-10.42.06-AM.jpeg?fit=1600%2C1066&ssl=1","blog_post_layout_featured_media_urls":{"thumbnail":["https:\/\/i0.wp.com\/masquenoticias.mx\/wp-content\/uploads\/2025\/12\/WhatsApp-Image-2025-12-11-at-10.42.06-AM.jpeg?resize=150%2C150&ssl=1",150,150,true],"full":["https:\/\/i0.wp.com\/masquenoticias.mx\/wp-content\/uploads\/2025\/12\/WhatsApp-Image-2025-12-11-at-10.42.06-AM.jpeg?fit=1600%2C1066&ssl=1",1600,1066,false]},"categories_names":{"24":{"name":"Estado","link":"https:\/\/masquenoticias.mx\/index.php\/category\/estado\/"}},"tags_names":{"118":{"name":"Cultura","link":"https:\/\/masquenoticias.mx\/index.php\/tag\/cultura\/"}},"comments_number":"0","wpmagazine_modules_lite_featured_media_urls":{"thumbnail":["https:\/\/i0.wp.com\/masquenoticias.mx\/wp-content\/uploads\/2025\/12\/WhatsApp-Image-2025-12-11-at-10.42.06-AM.jpeg?resize=150%2C150&ssl=1",150,150,true],"cvmm-medium":["https:\/\/i0.wp.com\/masquenoticias.mx\/wp-content\/uploads\/2025\/12\/WhatsApp-Image-2025-12-11-at-10.42.06-AM.jpeg?resize=300%2C300&ssl=1",300,300,true],"cvmm-medium-plus":["https:\/\/i0.wp.com\/masquenoticias.mx\/wp-content\/uploads\/2025\/12\/WhatsApp-Image-2025-12-11-at-10.42.06-AM.jpeg?resize=305%2C207&ssl=1",305,207,true],"cvmm-portrait":["https:\/\/i0.wp.com\/masquenoticias.mx\/wp-content\/uploads\/2025\/12\/WhatsApp-Image-2025-12-11-at-10.42.06-AM.jpeg?resize=400%2C600&ssl=1",400,600,true],"cvmm-medium-square":["https:\/\/i0.wp.com\/masquenoticias.mx\/wp-content\/uploads\/2025\/12\/WhatsApp-Image-2025-12-11-at-10.42.06-AM.jpeg?resize=600%2C600&ssl=1",600,600,true],"cvmm-large":["https:\/\/i0.wp.com\/masquenoticias.mx\/wp-content\/uploads\/2025\/12\/WhatsApp-Image-2025-12-11-at-10.42.06-AM.jpeg?resize=1024%2C1024&ssl=1",1024,1024,true],"cvmm-small":["https:\/\/i0.wp.com\/masquenoticias.mx\/wp-content\/uploads\/2025\/12\/WhatsApp-Image-2025-12-11-at-10.42.06-AM.jpeg?resize=130%2C95&ssl=1",130,95,true],"full":["https:\/\/i0.wp.com\/masquenoticias.mx\/wp-content\/uploads\/2025\/12\/WhatsApp-Image-2025-12-11-at-10.42.06-AM.jpeg?fit=1600%2C1066&ssl=1",1600,1066,false]},"jetpack-related-posts":[],"jetpack_sharing_enabled":true,"jetpack_likes_enabled":true,"jetpack_shortlink":"https:\/\/wp.me\/pf7pkt-5iU","_links":{"self":[{"href":"https:\/\/masquenoticias.mx\/index.php\/wp-json\/wp\/v2\/posts\/20392","targetHints":{"allow":["GET"]}}],"collection":[{"href":"https:\/\/masquenoticias.mx\/index.php\/wp-json\/wp\/v2\/posts"}],"about":[{"href":"https:\/\/masquenoticias.mx\/index.php\/wp-json\/wp\/v2\/types\/post"}],"author":[{"embeddable":true,"href":"https:\/\/masquenoticias.mx\/index.php\/wp-json\/wp\/v2\/users\/1"}],"replies":[{"embeddable":true,"href":"https:\/\/masquenoticias.mx\/index.php\/wp-json\/wp\/v2\/comments?post=20392"}],"version-history":[{"count":1,"href":"https:\/\/masquenoticias.mx\/index.php\/wp-json\/wp\/v2\/posts\/20392\/revisions"}],"predecessor-version":[{"id":20394,"href":"https:\/\/masquenoticias.mx\/index.php\/wp-json\/wp\/v2\/posts\/20392\/revisions\/20394"}],"wp:featuredmedia":[{"embeddable":true,"href":"https:\/\/masquenoticias.mx\/index.php\/wp-json\/wp\/v2\/media\/20393"}],"wp:attachment":[{"href":"https:\/\/masquenoticias.mx\/index.php\/wp-json\/wp\/v2\/media?parent=20392"}],"wp:term":[{"taxonomy":"category","embeddable":true,"href":"https:\/\/masquenoticias.mx\/index.php\/wp-json\/wp\/v2\/categories?post=20392"},{"taxonomy":"post_tag","embeddable":true,"href":"https:\/\/masquenoticias.mx\/index.php\/wp-json\/wp\/v2\/tags?post=20392"}],"curies":[{"name":"wp","href":"https:\/\/api.w.org\/{rel}","templated":true}]}}