{"id":20352,"date":"2025-12-10T10:47:01","date_gmt":"2025-12-10T16:47:01","guid":{"rendered":"https:\/\/masquenoticias.mx\/?p=20352"},"modified":"2025-12-10T10:47:01","modified_gmt":"2025-12-10T16:47:01","slug":"en-coordinacion-los-tres-ordenes-de-gobierno-trabajamos-para-devolver-la-esperanza-a-las-y-los-armeritenses-indira-vizcaino","status":"publish","type":"post","link":"https:\/\/masquenoticias.mx\/index.php\/2025\/12\/10\/en-coordinacion-los-tres-ordenes-de-gobierno-trabajamos-para-devolver-la-esperanza-a-las-y-los-armeritenses-indira-vizcaino\/","title":{"rendered":"En coordinaci\u00f3n, los tres \u00f3rdenes de gobierno trabajamos para devolver la esperanza a las y los armeritenses: Indira Vizca\u00edno"},"content":{"rendered":"<p>La gobernadora del estado de Colima, Indira Vizca\u00edno Silva, asisti\u00f3 al Primer Informe de Labores del presidente municipal de Armer\u00eda, J. Cruz M\u00e9ndez Gonz\u00e1lez; ah\u00ed la mandataria estatal dijo que el gobierno de la presidenta de M\u00e9xico, Claudia Sheinbaum Pardo, la administraci\u00f3n estatal, en coordinaci\u00f3n con el ayuntamiento armeritense est\u00e1n trabajando para devolver la esperanza a las y los habitantes del municipio m\u00e1s joven del estado.<\/p>\n<p>Indira Vizca\u00edno explic\u00f3 que para ello se han realizado varias acciones, como la ampliaci\u00f3n de la autopista y el hecho que, dijo, desde el arranque del sexenio del presidente L\u00f3pez Obrador, ya no se cobre peaje a los veh\u00edculos ligeros, debe traducirse en mayor afluencia de turismo para los destinos de playa en Armer\u00eda.<\/p>\n<p>&#8220;Tenemos que reinventar a Cuyutl\u00e1n, el balneario de mayor tradici\u00f3n en el Occidente de M\u00e9xico. Y el favorito entre nuestra gente que, r\u00e1pidamente adem\u00e1s, est\u00e1 recuperando el lugar que tuvo como un espacio deseado para invertir en una segunda residencia&#8221;, expres\u00f3.<\/p>\n<p>&#8220;Tenemos que repensar a El Para\u00edso, cuya viabilidad como atractivo gastron\u00f3mico depende de que, entre todas y todos los involucrados, aceptemos cu\u00e1n cambiantes son los l\u00edmites entre el mar, la franja de tierra firme y el estero&#8221;, se\u00f1al\u00f3 la gobernadora.<\/p>\n<p><strong>DESARROLLO DE ARMER\u00cdA<\/strong><\/p>\n<p>Agreg\u00f3 que para abonar a ese rescate, desde Gobierno del Estado de Colima se rehabilit\u00f3 carretera Armer\u00eda\u2013El Para\u00edso. Adem\u00e1s dijo que una vez concluidos los trabajos de ampliaci\u00f3n a seis carriles, se habr\u00e1n modernizado los accesos a Cuyutl\u00e1n. &#8220;Y que con la ampliaci\u00f3n del Puerto de Manzanillo vendr\u00e1 un enorme crecimiento de Armer\u00eda que convertiremos en bienestar para las familias armeritenses&#8221;.<\/p>\n<p>La titular del Poder Ejecutivo estatal indic\u00f3 que en la atenci\u00f3n a las necesidades de la poblaci\u00f3n armeritense, se hizo un digno y funcional espacio deportivo en la comunidad de Flor de Coco y se arranc\u00f3 la construcci\u00f3n del puente Salineras, as\u00ed como comenz\u00f3 a funcionar el Centro LIBRE para Mujeres.<\/p>\n<p>Por otro lado, Indira Vizca\u00edno indic\u00f3 que en infraestructura educativa, se han hecho m\u00e1s de 38 intervenciones en los planteles armeritenses con mejoras como nuevas aulas, canchas techadas, rehabilitaci\u00f3n, construcci\u00f3n de muros perimetrales y la entrega de mobiliario al alumnado y las o los docentes.<\/p>\n<p>El alcalde, J. Cruz M\u00e9ndez, agradeci\u00f3 a la mandataria estatal por todas las obras que han realizando en el municipio de Armer\u00eda, sobre todo el reciente arranque de la Presa Derivadora, la cual asegur\u00f3 ayudar\u00e1 para que los ejidos cercanos tengan agua nuevamente.<\/p>\n","protected":false},"excerpt":{"rendered":"<p>La gobernadora del estado de Colima, Indira Vizca\u00edno Silva, asisti\u00f3 al Primer Informe de Labores del presidente municipal de Armer\u00eda, J. Cruz M\u00e9ndez Gonz\u00e1lez; ah\u00ed la mandataria estatal dijo que el gobierno de la presidenta de M\u00e9xico, Claudia Sheinbaum Pardo, la administraci\u00f3n estatal, en coordinaci\u00f3n con el ayuntamiento armeritense est\u00e1n trabajando para devolver la esperanza [&hellip;]<\/p>\n","protected":false},"author":1,"featured_media":20353,"comment_status":"open","ping_status":"open","sticky":false,"template":"","format":"standard","meta":{"_jetpack_memberships_contains_paid_content":false,"footnotes":""},"categories":[24],"tags":[26],"class_list":["post-20352","post","type-post","status-publish","format-standard","has-post-thumbnail","hentry","category-estado","tag-indira-vizcaino"],"yoast_head":"<!-- This site is optimized with the Yoast SEO plugin v26.6 - https:\/\/yoast.com\/wordpress\/plugins\/seo\/ -->\n<title>En coordinaci\u00f3n, los tres \u00f3rdenes de gobierno trabajamos para devolver la esperanza a las y los armeritenses: Indira Vizca\u00edno - M\u00e1s Que Noticias<\/title>\n<meta name=\"robots\" content=\"index, follow, max-snippet:-1, max-image-preview:large, max-video-preview:-1\" \/>\n<link rel=\"canonical\" href=\"https:\/\/masquenoticias.mx\/index.php\/2025\/12\/10\/en-coordinacion-los-tres-ordenes-de-gobierno-trabajamos-para-devolver-la-esperanza-a-las-y-los-armeritenses-indira-vizcaino\/\" \/>\n<meta property=\"og:locale\" content=\"es_MX\" \/>\n<meta property=\"og:type\" content=\"article\" \/>\n<meta property=\"og:title\" content=\"En coordinaci\u00f3n, los tres \u00f3rdenes de gobierno trabajamos para devolver la esperanza a las y los armeritenses: Indira Vizca\u00edno - M\u00e1s Que Noticias\" \/>\n<meta property=\"og:description\" content=\"La gobernadora del estado de Colima, Indira Vizca\u00edno Silva, asisti\u00f3 al Primer Informe de Labores del presidente municipal de Armer\u00eda, J. Cruz M\u00e9ndez Gonz\u00e1lez; ah\u00ed la mandataria estatal dijo que el gobierno de la presidenta de M\u00e9xico, Claudia Sheinbaum Pardo, la administraci\u00f3n estatal, en coordinaci\u00f3n con el ayuntamiento armeritense est\u00e1n trabajando para devolver la esperanza [&hellip;]\" \/>\n<meta property=\"og:url\" content=\"https:\/\/masquenoticias.mx\/index.php\/2025\/12\/10\/en-coordinacion-los-tres-ordenes-de-gobierno-trabajamos-para-devolver-la-esperanza-a-las-y-los-armeritenses-indira-vizcaino\/\" \/>\n<meta property=\"og:site_name\" content=\"M\u00e1s Que Noticias\" \/>\n<meta property=\"article:publisher\" content=\"https:\/\/www.facebook.com\/masquenoticiascolima\" \/>\n<meta property=\"article:published_time\" content=\"2025-12-10T16:47:01+00:00\" \/>\n<meta property=\"og:image\" content=\"https:\/\/masquenoticias.mx\/wp-content\/uploads\/2025\/12\/WhatsApp-Image-2025-12-09-at-7.55.59-PM.jpeg\" \/>\n\t<meta property=\"og:image:width\" content=\"1280\" \/>\n\t<meta property=\"og:image:height\" content=\"854\" \/>\n\t<meta property=\"og:image:type\" content=\"image\/jpeg\" \/>\n<meta name=\"author\" content=\"Redacci\u00f3n\" \/>\n<meta name=\"twitter:card\" content=\"summary_large_image\" \/>\n<meta name=\"twitter:creator\" content=\"@edgartove\" \/>\n<meta name=\"twitter:site\" content=\"@edgartove\" \/>\n<meta name=\"twitter:label1\" content=\"Escrito por\" \/>\n\t<meta name=\"twitter:data1\" content=\"Redacci\u00f3n\" \/>\n\t<meta name=\"twitter:label2\" content=\"Tiempo de lectura\" \/>\n\t<meta name=\"twitter:data2\" content=\"3 minutos\" \/>\n<script type=\"application\/ld+json\" class=\"yoast-schema-graph\">{\"@context\":\"https:\/\/schema.org\",\"@graph\":[{\"@type\":\"Article\",\"@id\":\"https:\/\/masquenoticias.mx\/index.php\/2025\/12\/10\/en-coordinacion-los-tres-ordenes-de-gobierno-trabajamos-para-devolver-la-esperanza-a-las-y-los-armeritenses-indira-vizcaino\/#article\",\"isPartOf\":{\"@id\":\"https:\/\/masquenoticias.mx\/index.php\/2025\/12\/10\/en-coordinacion-los-tres-ordenes-de-gobierno-trabajamos-para-devolver-la-esperanza-a-las-y-los-armeritenses-indira-vizcaino\/\"},\"author\":{\"name\":\"Redacci\u00f3n\",\"@id\":\"https:\/\/masquenoticias.mx\/#\/schema\/person\/544d19989ef23d34615f691f7a96e622\"},\"headline\":\"En coordinaci\u00f3n, los tres \u00f3rdenes de gobierno trabajamos para devolver la esperanza a las y los armeritenses: Indira Vizca\u00edno\",\"datePublished\":\"2025-12-10T16:47:01+00:00\",\"mainEntityOfPage\":{\"@id\":\"https:\/\/masquenoticias.mx\/index.php\/2025\/12\/10\/en-coordinacion-los-tres-ordenes-de-gobierno-trabajamos-para-devolver-la-esperanza-a-las-y-los-armeritenses-indira-vizcaino\/\"},\"wordCount\":467,\"commentCount\":0,\"publisher\":{\"@id\":\"https:\/\/masquenoticias.mx\/#organization\"},\"image\":{\"@id\":\"https:\/\/masquenoticias.mx\/index.php\/2025\/12\/10\/en-coordinacion-los-tres-ordenes-de-gobierno-trabajamos-para-devolver-la-esperanza-a-las-y-los-armeritenses-indira-vizcaino\/#primaryimage\"},\"thumbnailUrl\":\"https:\/\/i0.wp.com\/masquenoticias.mx\/wp-content\/uploads\/2025\/12\/WhatsApp-Image-2025-12-09-at-7.55.59-PM.jpeg?fit=1280%2C854&ssl=1\",\"keywords\":[\"Indira Vizca\u00edno\"],\"articleSection\":[\"Estado\"],\"inLanguage\":\"es\",\"potentialAction\":[{\"@type\":\"CommentAction\",\"name\":\"Comment\",\"target\":[\"https:\/\/masquenoticias.mx\/index.php\/2025\/12\/10\/en-coordinacion-los-tres-ordenes-de-gobierno-trabajamos-para-devolver-la-esperanza-a-las-y-los-armeritenses-indira-vizcaino\/#respond\"]}]},{\"@type\":\"WebPage\",\"@id\":\"https:\/\/masquenoticias.mx\/index.php\/2025\/12\/10\/en-coordinacion-los-tres-ordenes-de-gobierno-trabajamos-para-devolver-la-esperanza-a-las-y-los-armeritenses-indira-vizcaino\/\",\"url\":\"https:\/\/masquenoticias.mx\/index.php\/2025\/12\/10\/en-coordinacion-los-tres-ordenes-de-gobierno-trabajamos-para-devolver-la-esperanza-a-las-y-los-armeritenses-indira-vizcaino\/\",\"name\":\"En coordinaci\u00f3n, los tres \u00f3rdenes de gobierno trabajamos para devolver la esperanza a las y los armeritenses: Indira Vizca\u00edno - M\u00e1s Que Noticias\",\"isPartOf\":{\"@id\":\"https:\/\/masquenoticias.mx\/#website\"},\"primaryImageOfPage\":{\"@id\":\"https:\/\/masquenoticias.mx\/index.php\/2025\/12\/10\/en-coordinacion-los-tres-ordenes-de-gobierno-trabajamos-para-devolver-la-esperanza-a-las-y-los-armeritenses-indira-vizcaino\/#primaryimage\"},\"image\":{\"@id\":\"https:\/\/masquenoticias.mx\/index.php\/2025\/12\/10\/en-coordinacion-los-tres-ordenes-de-gobierno-trabajamos-para-devolver-la-esperanza-a-las-y-los-armeritenses-indira-vizcaino\/#primaryimage\"},\"thumbnailUrl\":\"https:\/\/i0.wp.com\/masquenoticias.mx\/wp-content\/uploads\/2025\/12\/WhatsApp-Image-2025-12-09-at-7.55.59-PM.jpeg?fit=1280%2C854&ssl=1\",\"datePublished\":\"2025-12-10T16:47:01+00:00\",\"breadcrumb\":{\"@id\":\"https:\/\/masquenoticias.mx\/index.php\/2025\/12\/10\/en-coordinacion-los-tres-ordenes-de-gobierno-trabajamos-para-devolver-la-esperanza-a-las-y-los-armeritenses-indira-vizcaino\/#breadcrumb\"},\"inLanguage\":\"es\",\"potentialAction\":[{\"@type\":\"ReadAction\",\"target\":[\"https:\/\/masquenoticias.mx\/index.php\/2025\/12\/10\/en-coordinacion-los-tres-ordenes-de-gobierno-trabajamos-para-devolver-la-esperanza-a-las-y-los-armeritenses-indira-vizcaino\/\"]}]},{\"@type\":\"ImageObject\",\"inLanguage\":\"es\",\"@id\":\"https:\/\/masquenoticias.mx\/index.php\/2025\/12\/10\/en-coordinacion-los-tres-ordenes-de-gobierno-trabajamos-para-devolver-la-esperanza-a-las-y-los-armeritenses-indira-vizcaino\/#primaryimage\",\"url\":\"https:\/\/i0.wp.com\/masquenoticias.mx\/wp-content\/uploads\/2025\/12\/WhatsApp-Image-2025-12-09-at-7.55.59-PM.jpeg?fit=1280%2C854&ssl=1\",\"contentUrl\":\"https:\/\/i0.wp.com\/masquenoticias.mx\/wp-content\/uploads\/2025\/12\/WhatsApp-Image-2025-12-09-at-7.55.59-PM.jpeg?fit=1280%2C854&ssl=1\",\"width\":1280,\"height\":854},{\"@type\":\"BreadcrumbList\",\"@id\":\"https:\/\/masquenoticias.mx\/index.php\/2025\/12\/10\/en-coordinacion-los-tres-ordenes-de-gobierno-trabajamos-para-devolver-la-esperanza-a-las-y-los-armeritenses-indira-vizcaino\/#breadcrumb\",\"itemListElement\":[{\"@type\":\"ListItem\",\"position\":1,\"name\":\"Inicio\",\"item\":\"https:\/\/masquenoticias.mx\/\"},{\"@type\":\"ListItem\",\"position\":2,\"name\":\"En coordinaci\u00f3n, los tres \u00f3rdenes de gobierno trabajamos para devolver la esperanza a las y los armeritenses: Indira Vizca\u00edno\"}]},{\"@type\":\"WebSite\",\"@id\":\"https:\/\/masquenoticias.mx\/#website\",\"url\":\"https:\/\/masquenoticias.mx\/\",\"name\":\"M\u00e1s Que Noticias\",\"description\":\"Noticias de Colima, M\u00e9xico y el Mundo\",\"publisher\":{\"@id\":\"https:\/\/masquenoticias.mx\/#organization\"},\"potentialAction\":[{\"@type\":\"SearchAction\",\"target\":{\"@type\":\"EntryPoint\",\"urlTemplate\":\"https:\/\/masquenoticias.mx\/?s={search_term_string}\"},\"query-input\":{\"@type\":\"PropertyValueSpecification\",\"valueRequired\":true,\"valueName\":\"search_term_string\"}}],\"inLanguage\":\"es\"},{\"@type\":\"Organization\",\"@id\":\"https:\/\/masquenoticias.mx\/#organization\",\"name\":\"M\u00e1s Que Noticias\",\"url\":\"https:\/\/masquenoticias.mx\/\",\"logo\":{\"@type\":\"ImageObject\",\"inLanguage\":\"es\",\"@id\":\"https:\/\/masquenoticias.mx\/#\/schema\/logo\/image\/\",\"url\":\"https:\/\/i0.wp.com\/masquenoticias.mx\/wp-content\/uploads\/2024\/04\/IMG_0004.png?fit=2560%2C1656&ssl=1\",\"contentUrl\":\"https:\/\/i0.wp.com\/masquenoticias.mx\/wp-content\/uploads\/2024\/04\/IMG_0004.png?fit=2560%2C1656&ssl=1\",\"width\":2560,\"height\":1656,\"caption\":\"M\u00e1s Que Noticias\"},\"image\":{\"@id\":\"https:\/\/masquenoticias.mx\/#\/schema\/logo\/image\/\"},\"sameAs\":[\"https:\/\/www.facebook.com\/masquenoticiascolima\",\"https:\/\/x.com\/edgartove\",\"https:\/\/www.instagram.com\/masquenoticiascolima\/\"]},{\"@type\":\"Person\",\"@id\":\"https:\/\/masquenoticias.mx\/#\/schema\/person\/544d19989ef23d34615f691f7a96e622\",\"name\":\"Redacci\u00f3n\",\"image\":{\"@type\":\"ImageObject\",\"inLanguage\":\"es\",\"@id\":\"https:\/\/masquenoticias.mx\/#\/schema\/person\/image\/\",\"url\":\"https:\/\/secure.gravatar.com\/avatar\/7fcc926d5b058d3f3d52d95b4d05dd58?s=96&d=mm&r=g\",\"contentUrl\":\"https:\/\/secure.gravatar.com\/avatar\/7fcc926d5b058d3f3d52d95b4d05dd58?s=96&d=mm&r=g\",\"caption\":\"Redacci\u00f3n\"},\"sameAs\":[\"http:\/\/masquenoticias.mx\"],\"url\":\"https:\/\/masquenoticias.mx\/index.php\/author\/edgartovegmail-com\/\"}]}<\/script>\n<!-- \/ Yoast SEO plugin. -->","yoast_head_json":{"title":"En coordinaci\u00f3n, los tres \u00f3rdenes de gobierno trabajamos para devolver la esperanza a las y los armeritenses: Indira Vizca\u00edno - M\u00e1s Que Noticias","robots":{"index":"index","follow":"follow","max-snippet":"max-snippet:-1","max-image-preview":"max-image-preview:large","max-video-preview":"max-video-preview:-1"},"canonical":"https:\/\/masquenoticias.mx\/index.php\/2025\/12\/10\/en-coordinacion-los-tres-ordenes-de-gobierno-trabajamos-para-devolver-la-esperanza-a-las-y-los-armeritenses-indira-vizcaino\/","og_locale":"es_MX","og_type":"article","og_title":"En coordinaci\u00f3n, los tres \u00f3rdenes de gobierno trabajamos para devolver la esperanza a las y los armeritenses: Indira Vizca\u00edno - M\u00e1s Que Noticias","og_description":"La gobernadora del estado de Colima, Indira Vizca\u00edno Silva, asisti\u00f3 al Primer Informe de Labores del presidente municipal de Armer\u00eda, J. Cruz M\u00e9ndez Gonz\u00e1lez; ah\u00ed la mandataria estatal dijo que el gobierno de la presidenta de M\u00e9xico, Claudia Sheinbaum Pardo, la administraci\u00f3n estatal, en coordinaci\u00f3n con el ayuntamiento armeritense est\u00e1n trabajando para devolver la esperanza [&hellip;]","og_url":"https:\/\/masquenoticias.mx\/index.php\/2025\/12\/10\/en-coordinacion-los-tres-ordenes-de-gobierno-trabajamos-para-devolver-la-esperanza-a-las-y-los-armeritenses-indira-vizcaino\/","og_site_name":"M\u00e1s Que Noticias","article_publisher":"https:\/\/www.facebook.com\/masquenoticiascolima","article_published_time":"2025-12-10T16:47:01+00:00","og_image":[{"width":1280,"height":854,"url":"https:\/\/masquenoticias.mx\/wp-content\/uploads\/2025\/12\/WhatsApp-Image-2025-12-09-at-7.55.59-PM.jpeg","type":"image\/jpeg"}],"author":"Redacci\u00f3n","twitter_card":"summary_large_image","twitter_creator":"@edgartove","twitter_site":"@edgartove","twitter_misc":{"Escrito por":"Redacci\u00f3n","Tiempo de lectura":"3 minutos"},"schema":{"@context":"https:\/\/schema.org","@graph":[{"@type":"Article","@id":"https:\/\/masquenoticias.mx\/index.php\/2025\/12\/10\/en-coordinacion-los-tres-ordenes-de-gobierno-trabajamos-para-devolver-la-esperanza-a-las-y-los-armeritenses-indira-vizcaino\/#article","isPartOf":{"@id":"https:\/\/masquenoticias.mx\/index.php\/2025\/12\/10\/en-coordinacion-los-tres-ordenes-de-gobierno-trabajamos-para-devolver-la-esperanza-a-las-y-los-armeritenses-indira-vizcaino\/"},"author":{"name":"Redacci\u00f3n","@id":"https:\/\/masquenoticias.mx\/#\/schema\/person\/544d19989ef23d34615f691f7a96e622"},"headline":"En coordinaci\u00f3n, los tres \u00f3rdenes de gobierno trabajamos para devolver la esperanza a las y los armeritenses: Indira Vizca\u00edno","datePublished":"2025-12-10T16:47:01+00:00","mainEntityOfPage":{"@id":"https:\/\/masquenoticias.mx\/index.php\/2025\/12\/10\/en-coordinacion-los-tres-ordenes-de-gobierno-trabajamos-para-devolver-la-esperanza-a-las-y-los-armeritenses-indira-vizcaino\/"},"wordCount":467,"commentCount":0,"publisher":{"@id":"https:\/\/masquenoticias.mx\/#organization"},"image":{"@id":"https:\/\/masquenoticias.mx\/index.php\/2025\/12\/10\/en-coordinacion-los-tres-ordenes-de-gobierno-trabajamos-para-devolver-la-esperanza-a-las-y-los-armeritenses-indira-vizcaino\/#primaryimage"},"thumbnailUrl":"https:\/\/i0.wp.com\/masquenoticias.mx\/wp-content\/uploads\/2025\/12\/WhatsApp-Image-2025-12-09-at-7.55.59-PM.jpeg?fit=1280%2C854&ssl=1","keywords":["Indira Vizca\u00edno"],"articleSection":["Estado"],"inLanguage":"es","potentialAction":[{"@type":"CommentAction","name":"Comment","target":["https:\/\/masquenoticias.mx\/index.php\/2025\/12\/10\/en-coordinacion-los-tres-ordenes-de-gobierno-trabajamos-para-devolver-la-esperanza-a-las-y-los-armeritenses-indira-vizcaino\/#respond"]}]},{"@type":"WebPage","@id":"https:\/\/masquenoticias.mx\/index.php\/2025\/12\/10\/en-coordinacion-los-tres-ordenes-de-gobierno-trabajamos-para-devolver-la-esperanza-a-las-y-los-armeritenses-indira-vizcaino\/","url":"https:\/\/masquenoticias.mx\/index.php\/2025\/12\/10\/en-coordinacion-los-tres-ordenes-de-gobierno-trabajamos-para-devolver-la-esperanza-a-las-y-los-armeritenses-indira-vizcaino\/","name":"En coordinaci\u00f3n, los tres \u00f3rdenes de gobierno trabajamos para devolver la esperanza a las y los armeritenses: Indira Vizca\u00edno - M\u00e1s Que Noticias","isPartOf":{"@id":"https:\/\/masquenoticias.mx\/#website"},"primaryImageOfPage":{"@id":"https:\/\/masquenoticias.mx\/index.php\/2025\/12\/10\/en-coordinacion-los-tres-ordenes-de-gobierno-trabajamos-para-devolver-la-esperanza-a-las-y-los-armeritenses-indira-vizcaino\/#primaryimage"},"image":{"@id":"https:\/\/masquenoticias.mx\/index.php\/2025\/12\/10\/en-coordinacion-los-tres-ordenes-de-gobierno-trabajamos-para-devolver-la-esperanza-a-las-y-los-armeritenses-indira-vizcaino\/#primaryimage"},"thumbnailUrl":"https:\/\/i0.wp.com\/masquenoticias.mx\/wp-content\/uploads\/2025\/12\/WhatsApp-Image-2025-12-09-at-7.55.59-PM.jpeg?fit=1280%2C854&ssl=1","datePublished":"2025-12-10T16:47:01+00:00","breadcrumb":{"@id":"https:\/\/masquenoticias.mx\/index.php\/2025\/12\/10\/en-coordinacion-los-tres-ordenes-de-gobierno-trabajamos-para-devolver-la-esperanza-a-las-y-los-armeritenses-indira-vizcaino\/#breadcrumb"},"inLanguage":"es","potentialAction":[{"@type":"ReadAction","target":["https:\/\/masquenoticias.mx\/index.php\/2025\/12\/10\/en-coordinacion-los-tres-ordenes-de-gobierno-trabajamos-para-devolver-la-esperanza-a-las-y-los-armeritenses-indira-vizcaino\/"]}]},{"@type":"ImageObject","inLanguage":"es","@id":"https:\/\/masquenoticias.mx\/index.php\/2025\/12\/10\/en-coordinacion-los-tres-ordenes-de-gobierno-trabajamos-para-devolver-la-esperanza-a-las-y-los-armeritenses-indira-vizcaino\/#primaryimage","url":"https:\/\/i0.wp.com\/masquenoticias.mx\/wp-content\/uploads\/2025\/12\/WhatsApp-Image-2025-12-09-at-7.55.59-PM.jpeg?fit=1280%2C854&ssl=1","contentUrl":"https:\/\/i0.wp.com\/masquenoticias.mx\/wp-content\/uploads\/2025\/12\/WhatsApp-Image-2025-12-09-at-7.55.59-PM.jpeg?fit=1280%2C854&ssl=1","width":1280,"height":854},{"@type":"BreadcrumbList","@id":"https:\/\/masquenoticias.mx\/index.php\/2025\/12\/10\/en-coordinacion-los-tres-ordenes-de-gobierno-trabajamos-para-devolver-la-esperanza-a-las-y-los-armeritenses-indira-vizcaino\/#breadcrumb","itemListElement":[{"@type":"ListItem","position":1,"name":"Inicio","item":"https:\/\/masquenoticias.mx\/"},{"@type":"ListItem","position":2,"name":"En coordinaci\u00f3n, los tres \u00f3rdenes de gobierno trabajamos para devolver la esperanza a las y los armeritenses: Indira Vizca\u00edno"}]},{"@type":"WebSite","@id":"https:\/\/masquenoticias.mx\/#website","url":"https:\/\/masquenoticias.mx\/","name":"M\u00e1s Que Noticias","description":"Noticias de Colima, M\u00e9xico y el Mundo","publisher":{"@id":"https:\/\/masquenoticias.mx\/#organization"},"potentialAction":[{"@type":"SearchAction","target":{"@type":"EntryPoint","urlTemplate":"https:\/\/masquenoticias.mx\/?s={search_term_string}"},"query-input":{"@type":"PropertyValueSpecification","valueRequired":true,"valueName":"search_term_string"}}],"inLanguage":"es"},{"@type":"Organization","@id":"https:\/\/masquenoticias.mx\/#organization","name":"M\u00e1s Que Noticias","url":"https:\/\/masquenoticias.mx\/","logo":{"@type":"ImageObject","inLanguage":"es","@id":"https:\/\/masquenoticias.mx\/#\/schema\/logo\/image\/","url":"https:\/\/i0.wp.com\/masquenoticias.mx\/wp-content\/uploads\/2024\/04\/IMG_0004.png?fit=2560%2C1656&ssl=1","contentUrl":"https:\/\/i0.wp.com\/masquenoticias.mx\/wp-content\/uploads\/2024\/04\/IMG_0004.png?fit=2560%2C1656&ssl=1","width":2560,"height":1656,"caption":"M\u00e1s Que Noticias"},"image":{"@id":"https:\/\/masquenoticias.mx\/#\/schema\/logo\/image\/"},"sameAs":["https:\/\/www.facebook.com\/masquenoticiascolima","https:\/\/x.com\/edgartove","https:\/\/www.instagram.com\/masquenoticiascolima\/"]},{"@type":"Person","@id":"https:\/\/masquenoticias.mx\/#\/schema\/person\/544d19989ef23d34615f691f7a96e622","name":"Redacci\u00f3n","image":{"@type":"ImageObject","inLanguage":"es","@id":"https:\/\/masquenoticias.mx\/#\/schema\/person\/image\/","url":"https:\/\/secure.gravatar.com\/avatar\/7fcc926d5b058d3f3d52d95b4d05dd58?s=96&d=mm&r=g","contentUrl":"https:\/\/secure.gravatar.com\/avatar\/7fcc926d5b058d3f3d52d95b4d05dd58?s=96&d=mm&r=g","caption":"Redacci\u00f3n"},"sameAs":["http:\/\/masquenoticias.mx"],"url":"https:\/\/masquenoticias.mx\/index.php\/author\/edgartovegmail-com\/"}]}},"jetpack_featured_media_url":"https:\/\/i0.wp.com\/masquenoticias.mx\/wp-content\/uploads\/2025\/12\/WhatsApp-Image-2025-12-09-at-7.55.59-PM.jpeg?fit=1280%2C854&ssl=1","blog_post_layout_featured_media_urls":{"thumbnail":["https:\/\/i0.wp.com\/masquenoticias.mx\/wp-content\/uploads\/2025\/12\/WhatsApp-Image-2025-12-09-at-7.55.59-PM.jpeg?resize=150%2C150&ssl=1",150,150,true],"full":["https:\/\/i0.wp.com\/masquenoticias.mx\/wp-content\/uploads\/2025\/12\/WhatsApp-Image-2025-12-09-at-7.55.59-PM.jpeg?fit=1280%2C854&ssl=1",1280,854,false]},"categories_names":{"24":{"name":"Estado","link":"https:\/\/masquenoticias.mx\/index.php\/category\/estado\/"}},"tags_names":{"26":{"name":"Indira Vizca\u00edno","link":"https:\/\/masquenoticias.mx\/index.php\/tag\/indira-vizcaino\/"}},"comments_number":"0","wpmagazine_modules_lite_featured_media_urls":{"thumbnail":["https:\/\/i0.wp.com\/masquenoticias.mx\/wp-content\/uploads\/2025\/12\/WhatsApp-Image-2025-12-09-at-7.55.59-PM.jpeg?resize=150%2C150&ssl=1",150,150,true],"cvmm-medium":["https:\/\/i0.wp.com\/masquenoticias.mx\/wp-content\/uploads\/2025\/12\/WhatsApp-Image-2025-12-09-at-7.55.59-PM.jpeg?resize=300%2C300&ssl=1",300,300,true],"cvmm-medium-plus":["https:\/\/i0.wp.com\/masquenoticias.mx\/wp-content\/uploads\/2025\/12\/WhatsApp-Image-2025-12-09-at-7.55.59-PM.jpeg?resize=305%2C207&ssl=1",305,207,true],"cvmm-portrait":["https:\/\/i0.wp.com\/masquenoticias.mx\/wp-content\/uploads\/2025\/12\/WhatsApp-Image-2025-12-09-at-7.55.59-PM.jpeg?resize=400%2C600&ssl=1",400,600,true],"cvmm-medium-square":["https:\/\/i0.wp.com\/masquenoticias.mx\/wp-content\/uploads\/2025\/12\/WhatsApp-Image-2025-12-09-at-7.55.59-PM.jpeg?resize=600%2C600&ssl=1",600,600,true],"cvmm-large":["https:\/\/i0.wp.com\/masquenoticias.mx\/wp-content\/uploads\/2025\/12\/WhatsApp-Image-2025-12-09-at-7.55.59-PM.jpeg?resize=1024%2C854&ssl=1",1024,854,true],"cvmm-small":["https:\/\/i0.wp.com\/masquenoticias.mx\/wp-content\/uploads\/2025\/12\/WhatsApp-Image-2025-12-09-at-7.55.59-PM.jpeg?resize=130%2C95&ssl=1",130,95,true],"full":["https:\/\/i0.wp.com\/masquenoticias.mx\/wp-content\/uploads\/2025\/12\/WhatsApp-Image-2025-12-09-at-7.55.59-PM.jpeg?fit=1280%2C854&ssl=1",1280,854,false]},"jetpack-related-posts":[],"jetpack_sharing_enabled":true,"jetpack_likes_enabled":true,"jetpack_shortlink":"https:\/\/wp.me\/pf7pkt-5ig","_links":{"self":[{"href":"https:\/\/masquenoticias.mx\/index.php\/wp-json\/wp\/v2\/posts\/20352","targetHints":{"allow":["GET"]}}],"collection":[{"href":"https:\/\/masquenoticias.mx\/index.php\/wp-json\/wp\/v2\/posts"}],"about":[{"href":"https:\/\/masquenoticias.mx\/index.php\/wp-json\/wp\/v2\/types\/post"}],"author":[{"embeddable":true,"href":"https:\/\/masquenoticias.mx\/index.php\/wp-json\/wp\/v2\/users\/1"}],"replies":[{"embeddable":true,"href":"https:\/\/masquenoticias.mx\/index.php\/wp-json\/wp\/v2\/comments?post=20352"}],"version-history":[{"count":1,"href":"https:\/\/masquenoticias.mx\/index.php\/wp-json\/wp\/v2\/posts\/20352\/revisions"}],"predecessor-version":[{"id":20354,"href":"https:\/\/masquenoticias.mx\/index.php\/wp-json\/wp\/v2\/posts\/20352\/revisions\/20354"}],"wp:featuredmedia":[{"embeddable":true,"href":"https:\/\/masquenoticias.mx\/index.php\/wp-json\/wp\/v2\/media\/20353"}],"wp:attachment":[{"href":"https:\/\/masquenoticias.mx\/index.php\/wp-json\/wp\/v2\/media?parent=20352"}],"wp:term":[{"taxonomy":"category","embeddable":true,"href":"https:\/\/masquenoticias.mx\/index.php\/wp-json\/wp\/v2\/categories?post=20352"},{"taxonomy":"post_tag","embeddable":true,"href":"https:\/\/masquenoticias.mx\/index.php\/wp-json\/wp\/v2\/tags?post=20352"}],"curies":[{"name":"wp","href":"https:\/\/api.w.org\/{rel}","templated":true}]}}