{"id":20330,"date":"2025-12-09T13:38:56","date_gmt":"2025-12-09T19:38:56","guid":{"rendered":"https:\/\/masquenoticias.mx\/?p=20330"},"modified":"2025-12-09T13:38:56","modified_gmt":"2025-12-09T19:38:56","slug":"manzanillo-donde-se-cristaliza-la-coordinacion-institucional-entre-gobierno-federal-estatal-y-municipal-indira-vizcaino","status":"publish","type":"post","link":"https:\/\/masquenoticias.mx\/index.php\/2025\/12\/09\/manzanillo-donde-se-cristaliza-la-coordinacion-institucional-entre-gobierno-federal-estatal-y-municipal-indira-vizcaino\/","title":{"rendered":"Manzanillo, donde se cristaliza la coordinaci\u00f3n institucional entre gobierno federal, estatal y municipal: Indira Vizca\u00edno"},"content":{"rendered":"<p>La tarde de este lunes, la gobernadora de Colima, Indira Vizca\u00edno Silva, asisti\u00f3 al Primer Informe de Labores de la alcaldesa de Manzanillo, Rosa Mar\u00eda Bayardo Cabrera; la mandataria estatal destac\u00f3 que este municipio, adem\u00e1s de ser el epicentro de la transformaci\u00f3n en el estado, es el espacio donde se cristaliza la coordinaci\u00f3n institucional entre los \u00f3rdenes federal, estatal y municipal.<\/p>\n<p>Expuso que Rosi Bayardo ha demostrado como alcaldesa que el pueblo manzanillense tom\u00f3 una decisi\u00f3n acertada y agreg\u00f3 que la visi\u00f3n compartida entre la presidenta de M\u00e9xico, Claudia Sheinbaum Pardo, la administraci\u00f3n estatal y la presidenta municipal, ha permitido a Manzanillo resolver en poco tiempo problemas hist\u00f3ricos o iniciar proyectos de gran alcance que permitan enfrentar rezagos que, de no estar en la ruta emprendida, inevitablemente significar\u00edan obst\u00e1culos para el desarrollo sustentable del municipio.<\/p>\n<p>&#8220;Durante d\u00e9cadas, Manzanillo creci\u00f3 sin que el bienestar llegara a todas y todos. Pero en un esfuerzo compartido por cambiar esa historia, los tres \u00f3rdenes de gobierno hemos venido realizando #ObrasQueTransforman a esta localidad; que le permitir\u00e1n tener un desarrollo m\u00e1s justo y alcanzar todo nuestro potencial&#8221;, expres\u00f3 la titular del Poder Ejecutivo estatal.<\/p>\n<p>Destac\u00f3 que en este municipio se han impulsado obras como el acueducto Armer\u00eda-Manzanillo, la ampliaci\u00f3n del libramiento El Naranjo, la construcci\u00f3n del puente Tepalcates II, la modernizaci\u00f3n de la autopista Colima-Manzanillo, la rehabilitaci\u00f3n de la Unidad Deportiva 5 de Mayo, as\u00ed como los primeros pasos para el nuevo puerto en la Laguna de Cuyutl\u00e1n, entre otras m\u00e1s que benefician a las y los manzanillenses.<\/p>\n<p>Indira Vizca\u00edno indic\u00f3 que en este municipio, adem\u00e1s de las pol\u00edticas p\u00fablicas de la Federaci\u00f3n que han beneficiado a 47 mil personas, en cuatro a\u00f1os, el Gobierno del Estado de Colima ha entregado m\u00e1s de 225 mil #ColiBecas en todas sus modalidades y se han intervenido con distintas mejoras 151 planteles.<\/p>\n<p>COLIMA, LISTO PARA UN DESARROLLO EQUILIBRADO<\/p>\n<p>La gobernadora estim\u00f3 que Colima est\u00e1 en el mejor momento de lograr un desarrollo equilibrado entre las distintas regiones, aprovechando las oportunidades de crecimiento que ofrece el puerto; adem\u00e1s de que Manzanillo se presenta como una gran oportunidad para demostrar c\u00f3mo se gobierna con el pueblo y para el pueblo, y hacerlo incluso con resultados inmediatos.<\/p>\n<p>Tambi\u00e9n destac\u00f3 el que la presidenta Rosi Bayardo haya creado UniBeca para estudiantes de universidades p\u00fablicas, idea que ha sido tan eficaz y tan bien recibida por las y los manzanillenses, que ser\u00e1 retomada a nivel estatal para apoyar la educaci\u00f3n superior en todo el estado de Colima.<\/p>\n<p>&#8220;Rosi ha so\u00f1ado grandes cosas para Manzanillo, ha so\u00f1ado con una ciudad moderna y con bienestar y s\u00e9 que trabajando juntas y juntos vamos a lograrlo. Para consolidar un gobierno eficaz que pueda enfrentar y superar los retos que las y los manzanillenses tienen en el horizonte cuentan con el respaldo de la presidenta de M\u00e9xico y tambi\u00e9n con todo el respaldo del Gobierno del Estado. Haciendo equipo, la trasformaci\u00f3n de Manzanillo est\u00e1 avanzando&#8221;, concluy\u00f3.<\/p>\n<p>La alcaldesa de Manzanillo, adem\u00e1s de presentar los resultados de su primer a\u00f1o de gobierno, agradeci\u00f3 a la gobernadora Indira Vizca\u00edno por su acompa\u00f1amiento en estos \u00faltimos a\u00f1os; &#8220;eres ejemplo, eres inspiraci\u00f3n y reitero mi profundo agradecimiento institucional y personal por toda la coordinaci\u00f3n y la colaboraci\u00f3n&#8221;.<\/p>\n","protected":false},"excerpt":{"rendered":"<p>La tarde de este lunes, la gobernadora de Colima, Indira Vizca\u00edno Silva, asisti\u00f3 al Primer Informe de Labores de la alcaldesa de Manzanillo, Rosa Mar\u00eda Bayardo Cabrera; la mandataria estatal destac\u00f3 que este municipio, adem\u00e1s de ser el epicentro de la transformaci\u00f3n en el estado, es el espacio donde se cristaliza la coordinaci\u00f3n institucional entre [&hellip;]<\/p>\n","protected":false},"author":1,"featured_media":20331,"comment_status":"open","ping_status":"open","sticky":false,"template":"","format":"standard","meta":{"_jetpack_memberships_contains_paid_content":false,"footnotes":""},"categories":[24],"tags":[26,37],"class_list":["post-20330","post","type-post","status-publish","format-standard","has-post-thumbnail","hentry","category-estado","tag-indira-vizcaino","tag-manzanillo"],"yoast_head":"<!-- This site is optimized with the Yoast SEO plugin v26.6 - https:\/\/yoast.com\/wordpress\/plugins\/seo\/ -->\n<title>Manzanillo, donde se cristaliza la coordinaci\u00f3n institucional entre gobierno federal, estatal y municipal: Indira Vizca\u00edno - M\u00e1s Que Noticias<\/title>\n<meta name=\"robots\" content=\"index, follow, max-snippet:-1, max-image-preview:large, max-video-preview:-1\" \/>\n<link rel=\"canonical\" href=\"https:\/\/masquenoticias.mx\/index.php\/2025\/12\/09\/manzanillo-donde-se-cristaliza-la-coordinacion-institucional-entre-gobierno-federal-estatal-y-municipal-indira-vizcaino\/\" \/>\n<meta property=\"og:locale\" content=\"es_MX\" \/>\n<meta property=\"og:type\" content=\"article\" \/>\n<meta property=\"og:title\" content=\"Manzanillo, donde se cristaliza la coordinaci\u00f3n institucional entre gobierno federal, estatal y municipal: Indira Vizca\u00edno - M\u00e1s Que Noticias\" \/>\n<meta property=\"og:description\" content=\"La tarde de este lunes, la gobernadora de Colima, Indira Vizca\u00edno Silva, asisti\u00f3 al Primer Informe de Labores de la alcaldesa de Manzanillo, Rosa Mar\u00eda Bayardo Cabrera; la mandataria estatal destac\u00f3 que este municipio, adem\u00e1s de ser el epicentro de la transformaci\u00f3n en el estado, es el espacio donde se cristaliza la coordinaci\u00f3n institucional entre [&hellip;]\" \/>\n<meta property=\"og:url\" content=\"https:\/\/masquenoticias.mx\/index.php\/2025\/12\/09\/manzanillo-donde-se-cristaliza-la-coordinacion-institucional-entre-gobierno-federal-estatal-y-municipal-indira-vizcaino\/\" \/>\n<meta property=\"og:site_name\" content=\"M\u00e1s Que Noticias\" \/>\n<meta property=\"article:publisher\" content=\"https:\/\/www.facebook.com\/masquenoticiascolima\" \/>\n<meta property=\"article:published_time\" content=\"2025-12-09T19:38:56+00:00\" \/>\n<meta property=\"og:image\" content=\"https:\/\/masquenoticias.mx\/wp-content\/uploads\/2025\/12\/WhatsApp-Image-2025-12-08-at-8.41.26-PM.jpeg\" \/>\n\t<meta property=\"og:image:width\" content=\"1212\" \/>\n\t<meta property=\"og:image:height\" content=\"808\" \/>\n\t<meta property=\"og:image:type\" content=\"image\/jpeg\" \/>\n<meta name=\"author\" content=\"Redacci\u00f3n\" \/>\n<meta name=\"twitter:card\" content=\"summary_large_image\" \/>\n<meta name=\"twitter:creator\" content=\"@edgartove\" \/>\n<meta name=\"twitter:site\" content=\"@edgartove\" \/>\n<meta name=\"twitter:label1\" content=\"Escrito por\" \/>\n\t<meta name=\"twitter:data1\" content=\"Redacci\u00f3n\" \/>\n\t<meta name=\"twitter:label2\" content=\"Tiempo de lectura\" \/>\n\t<meta name=\"twitter:data2\" content=\"3 minutos\" \/>\n<script type=\"application\/ld+json\" class=\"yoast-schema-graph\">{\"@context\":\"https:\/\/schema.org\",\"@graph\":[{\"@type\":\"Article\",\"@id\":\"https:\/\/masquenoticias.mx\/index.php\/2025\/12\/09\/manzanillo-donde-se-cristaliza-la-coordinacion-institucional-entre-gobierno-federal-estatal-y-municipal-indira-vizcaino\/#article\",\"isPartOf\":{\"@id\":\"https:\/\/masquenoticias.mx\/index.php\/2025\/12\/09\/manzanillo-donde-se-cristaliza-la-coordinacion-institucional-entre-gobierno-federal-estatal-y-municipal-indira-vizcaino\/\"},\"author\":{\"name\":\"Redacci\u00f3n\",\"@id\":\"https:\/\/masquenoticias.mx\/#\/schema\/person\/544d19989ef23d34615f691f7a96e622\"},\"headline\":\"Manzanillo, donde se cristaliza la coordinaci\u00f3n institucional entre gobierno federal, estatal y municipal: Indira Vizca\u00edno\",\"datePublished\":\"2025-12-09T19:38:56+00:00\",\"mainEntityOfPage\":{\"@id\":\"https:\/\/masquenoticias.mx\/index.php\/2025\/12\/09\/manzanillo-donde-se-cristaliza-la-coordinacion-institucional-entre-gobierno-federal-estatal-y-municipal-indira-vizcaino\/\"},\"wordCount\":596,\"commentCount\":0,\"publisher\":{\"@id\":\"https:\/\/masquenoticias.mx\/#organization\"},\"image\":{\"@id\":\"https:\/\/masquenoticias.mx\/index.php\/2025\/12\/09\/manzanillo-donde-se-cristaliza-la-coordinacion-institucional-entre-gobierno-federal-estatal-y-municipal-indira-vizcaino\/#primaryimage\"},\"thumbnailUrl\":\"https:\/\/i0.wp.com\/masquenoticias.mx\/wp-content\/uploads\/2025\/12\/WhatsApp-Image-2025-12-08-at-8.41.26-PM.jpeg?fit=1212%2C808&ssl=1\",\"keywords\":[\"Indira Vizca\u00edno\",\"Manzanillo\"],\"articleSection\":[\"Estado\"],\"inLanguage\":\"es\",\"potentialAction\":[{\"@type\":\"CommentAction\",\"name\":\"Comment\",\"target\":[\"https:\/\/masquenoticias.mx\/index.php\/2025\/12\/09\/manzanillo-donde-se-cristaliza-la-coordinacion-institucional-entre-gobierno-federal-estatal-y-municipal-indira-vizcaino\/#respond\"]}]},{\"@type\":\"WebPage\",\"@id\":\"https:\/\/masquenoticias.mx\/index.php\/2025\/12\/09\/manzanillo-donde-se-cristaliza-la-coordinacion-institucional-entre-gobierno-federal-estatal-y-municipal-indira-vizcaino\/\",\"url\":\"https:\/\/masquenoticias.mx\/index.php\/2025\/12\/09\/manzanillo-donde-se-cristaliza-la-coordinacion-institucional-entre-gobierno-federal-estatal-y-municipal-indira-vizcaino\/\",\"name\":\"Manzanillo, donde se cristaliza la coordinaci\u00f3n institucional entre gobierno federal, estatal y municipal: Indira Vizca\u00edno - M\u00e1s Que Noticias\",\"isPartOf\":{\"@id\":\"https:\/\/masquenoticias.mx\/#website\"},\"primaryImageOfPage\":{\"@id\":\"https:\/\/masquenoticias.mx\/index.php\/2025\/12\/09\/manzanillo-donde-se-cristaliza-la-coordinacion-institucional-entre-gobierno-federal-estatal-y-municipal-indira-vizcaino\/#primaryimage\"},\"image\":{\"@id\":\"https:\/\/masquenoticias.mx\/index.php\/2025\/12\/09\/manzanillo-donde-se-cristaliza-la-coordinacion-institucional-entre-gobierno-federal-estatal-y-municipal-indira-vizcaino\/#primaryimage\"},\"thumbnailUrl\":\"https:\/\/i0.wp.com\/masquenoticias.mx\/wp-content\/uploads\/2025\/12\/WhatsApp-Image-2025-12-08-at-8.41.26-PM.jpeg?fit=1212%2C808&ssl=1\",\"datePublished\":\"2025-12-09T19:38:56+00:00\",\"breadcrumb\":{\"@id\":\"https:\/\/masquenoticias.mx\/index.php\/2025\/12\/09\/manzanillo-donde-se-cristaliza-la-coordinacion-institucional-entre-gobierno-federal-estatal-y-municipal-indira-vizcaino\/#breadcrumb\"},\"inLanguage\":\"es\",\"potentialAction\":[{\"@type\":\"ReadAction\",\"target\":[\"https:\/\/masquenoticias.mx\/index.php\/2025\/12\/09\/manzanillo-donde-se-cristaliza-la-coordinacion-institucional-entre-gobierno-federal-estatal-y-municipal-indira-vizcaino\/\"]}]},{\"@type\":\"ImageObject\",\"inLanguage\":\"es\",\"@id\":\"https:\/\/masquenoticias.mx\/index.php\/2025\/12\/09\/manzanillo-donde-se-cristaliza-la-coordinacion-institucional-entre-gobierno-federal-estatal-y-municipal-indira-vizcaino\/#primaryimage\",\"url\":\"https:\/\/i0.wp.com\/masquenoticias.mx\/wp-content\/uploads\/2025\/12\/WhatsApp-Image-2025-12-08-at-8.41.26-PM.jpeg?fit=1212%2C808&ssl=1\",\"contentUrl\":\"https:\/\/i0.wp.com\/masquenoticias.mx\/wp-content\/uploads\/2025\/12\/WhatsApp-Image-2025-12-08-at-8.41.26-PM.jpeg?fit=1212%2C808&ssl=1\",\"width\":1212,\"height\":808},{\"@type\":\"BreadcrumbList\",\"@id\":\"https:\/\/masquenoticias.mx\/index.php\/2025\/12\/09\/manzanillo-donde-se-cristaliza-la-coordinacion-institucional-entre-gobierno-federal-estatal-y-municipal-indira-vizcaino\/#breadcrumb\",\"itemListElement\":[{\"@type\":\"ListItem\",\"position\":1,\"name\":\"Inicio\",\"item\":\"https:\/\/masquenoticias.mx\/\"},{\"@type\":\"ListItem\",\"position\":2,\"name\":\"Manzanillo, donde se cristaliza la coordinaci\u00f3n institucional entre gobierno federal, estatal y municipal: Indira Vizca\u00edno\"}]},{\"@type\":\"WebSite\",\"@id\":\"https:\/\/masquenoticias.mx\/#website\",\"url\":\"https:\/\/masquenoticias.mx\/\",\"name\":\"M\u00e1s Que Noticias\",\"description\":\"Noticias de Colima, M\u00e9xico y el Mundo\",\"publisher\":{\"@id\":\"https:\/\/masquenoticias.mx\/#organization\"},\"potentialAction\":[{\"@type\":\"SearchAction\",\"target\":{\"@type\":\"EntryPoint\",\"urlTemplate\":\"https:\/\/masquenoticias.mx\/?s={search_term_string}\"},\"query-input\":{\"@type\":\"PropertyValueSpecification\",\"valueRequired\":true,\"valueName\":\"search_term_string\"}}],\"inLanguage\":\"es\"},{\"@type\":\"Organization\",\"@id\":\"https:\/\/masquenoticias.mx\/#organization\",\"name\":\"M\u00e1s Que Noticias\",\"url\":\"https:\/\/masquenoticias.mx\/\",\"logo\":{\"@type\":\"ImageObject\",\"inLanguage\":\"es\",\"@id\":\"https:\/\/masquenoticias.mx\/#\/schema\/logo\/image\/\",\"url\":\"https:\/\/i0.wp.com\/masquenoticias.mx\/wp-content\/uploads\/2024\/04\/IMG_0004.png?fit=2560%2C1656&ssl=1\",\"contentUrl\":\"https:\/\/i0.wp.com\/masquenoticias.mx\/wp-content\/uploads\/2024\/04\/IMG_0004.png?fit=2560%2C1656&ssl=1\",\"width\":2560,\"height\":1656,\"caption\":\"M\u00e1s Que Noticias\"},\"image\":{\"@id\":\"https:\/\/masquenoticias.mx\/#\/schema\/logo\/image\/\"},\"sameAs\":[\"https:\/\/www.facebook.com\/masquenoticiascolima\",\"https:\/\/x.com\/edgartove\",\"https:\/\/www.instagram.com\/masquenoticiascolima\/\"]},{\"@type\":\"Person\",\"@id\":\"https:\/\/masquenoticias.mx\/#\/schema\/person\/544d19989ef23d34615f691f7a96e622\",\"name\":\"Redacci\u00f3n\",\"image\":{\"@type\":\"ImageObject\",\"inLanguage\":\"es\",\"@id\":\"https:\/\/masquenoticias.mx\/#\/schema\/person\/image\/\",\"url\":\"https:\/\/secure.gravatar.com\/avatar\/7fcc926d5b058d3f3d52d95b4d05dd58?s=96&d=mm&r=g\",\"contentUrl\":\"https:\/\/secure.gravatar.com\/avatar\/7fcc926d5b058d3f3d52d95b4d05dd58?s=96&d=mm&r=g\",\"caption\":\"Redacci\u00f3n\"},\"sameAs\":[\"http:\/\/masquenoticias.mx\"],\"url\":\"https:\/\/masquenoticias.mx\/index.php\/author\/edgartovegmail-com\/\"}]}<\/script>\n<!-- \/ Yoast SEO plugin. -->","yoast_head_json":{"title":"Manzanillo, donde se cristaliza la coordinaci\u00f3n institucional entre gobierno federal, estatal y municipal: Indira Vizca\u00edno - M\u00e1s Que Noticias","robots":{"index":"index","follow":"follow","max-snippet":"max-snippet:-1","max-image-preview":"max-image-preview:large","max-video-preview":"max-video-preview:-1"},"canonical":"https:\/\/masquenoticias.mx\/index.php\/2025\/12\/09\/manzanillo-donde-se-cristaliza-la-coordinacion-institucional-entre-gobierno-federal-estatal-y-municipal-indira-vizcaino\/","og_locale":"es_MX","og_type":"article","og_title":"Manzanillo, donde se cristaliza la coordinaci\u00f3n institucional entre gobierno federal, estatal y municipal: Indira Vizca\u00edno - M\u00e1s Que Noticias","og_description":"La tarde de este lunes, la gobernadora de Colima, Indira Vizca\u00edno Silva, asisti\u00f3 al Primer Informe de Labores de la alcaldesa de Manzanillo, Rosa Mar\u00eda Bayardo Cabrera; la mandataria estatal destac\u00f3 que este municipio, adem\u00e1s de ser el epicentro de la transformaci\u00f3n en el estado, es el espacio donde se cristaliza la coordinaci\u00f3n institucional entre [&hellip;]","og_url":"https:\/\/masquenoticias.mx\/index.php\/2025\/12\/09\/manzanillo-donde-se-cristaliza-la-coordinacion-institucional-entre-gobierno-federal-estatal-y-municipal-indira-vizcaino\/","og_site_name":"M\u00e1s Que Noticias","article_publisher":"https:\/\/www.facebook.com\/masquenoticiascolima","article_published_time":"2025-12-09T19:38:56+00:00","og_image":[{"width":1212,"height":808,"url":"https:\/\/masquenoticias.mx\/wp-content\/uploads\/2025\/12\/WhatsApp-Image-2025-12-08-at-8.41.26-PM.jpeg","type":"image\/jpeg"}],"author":"Redacci\u00f3n","twitter_card":"summary_large_image","twitter_creator":"@edgartove","twitter_site":"@edgartove","twitter_misc":{"Escrito por":"Redacci\u00f3n","Tiempo de lectura":"3 minutos"},"schema":{"@context":"https:\/\/schema.org","@graph":[{"@type":"Article","@id":"https:\/\/masquenoticias.mx\/index.php\/2025\/12\/09\/manzanillo-donde-se-cristaliza-la-coordinacion-institucional-entre-gobierno-federal-estatal-y-municipal-indira-vizcaino\/#article","isPartOf":{"@id":"https:\/\/masquenoticias.mx\/index.php\/2025\/12\/09\/manzanillo-donde-se-cristaliza-la-coordinacion-institucional-entre-gobierno-federal-estatal-y-municipal-indira-vizcaino\/"},"author":{"name":"Redacci\u00f3n","@id":"https:\/\/masquenoticias.mx\/#\/schema\/person\/544d19989ef23d34615f691f7a96e622"},"headline":"Manzanillo, donde se cristaliza la coordinaci\u00f3n institucional entre gobierno federal, estatal y municipal: Indira Vizca\u00edno","datePublished":"2025-12-09T19:38:56+00:00","mainEntityOfPage":{"@id":"https:\/\/masquenoticias.mx\/index.php\/2025\/12\/09\/manzanillo-donde-se-cristaliza-la-coordinacion-institucional-entre-gobierno-federal-estatal-y-municipal-indira-vizcaino\/"},"wordCount":596,"commentCount":0,"publisher":{"@id":"https:\/\/masquenoticias.mx\/#organization"},"image":{"@id":"https:\/\/masquenoticias.mx\/index.php\/2025\/12\/09\/manzanillo-donde-se-cristaliza-la-coordinacion-institucional-entre-gobierno-federal-estatal-y-municipal-indira-vizcaino\/#primaryimage"},"thumbnailUrl":"https:\/\/i0.wp.com\/masquenoticias.mx\/wp-content\/uploads\/2025\/12\/WhatsApp-Image-2025-12-08-at-8.41.26-PM.jpeg?fit=1212%2C808&ssl=1","keywords":["Indira Vizca\u00edno","Manzanillo"],"articleSection":["Estado"],"inLanguage":"es","potentialAction":[{"@type":"CommentAction","name":"Comment","target":["https:\/\/masquenoticias.mx\/index.php\/2025\/12\/09\/manzanillo-donde-se-cristaliza-la-coordinacion-institucional-entre-gobierno-federal-estatal-y-municipal-indira-vizcaino\/#respond"]}]},{"@type":"WebPage","@id":"https:\/\/masquenoticias.mx\/index.php\/2025\/12\/09\/manzanillo-donde-se-cristaliza-la-coordinacion-institucional-entre-gobierno-federal-estatal-y-municipal-indira-vizcaino\/","url":"https:\/\/masquenoticias.mx\/index.php\/2025\/12\/09\/manzanillo-donde-se-cristaliza-la-coordinacion-institucional-entre-gobierno-federal-estatal-y-municipal-indira-vizcaino\/","name":"Manzanillo, donde se cristaliza la coordinaci\u00f3n institucional entre gobierno federal, estatal y municipal: Indira Vizca\u00edno - M\u00e1s Que Noticias","isPartOf":{"@id":"https:\/\/masquenoticias.mx\/#website"},"primaryImageOfPage":{"@id":"https:\/\/masquenoticias.mx\/index.php\/2025\/12\/09\/manzanillo-donde-se-cristaliza-la-coordinacion-institucional-entre-gobierno-federal-estatal-y-municipal-indira-vizcaino\/#primaryimage"},"image":{"@id":"https:\/\/masquenoticias.mx\/index.php\/2025\/12\/09\/manzanillo-donde-se-cristaliza-la-coordinacion-institucional-entre-gobierno-federal-estatal-y-municipal-indira-vizcaino\/#primaryimage"},"thumbnailUrl":"https:\/\/i0.wp.com\/masquenoticias.mx\/wp-content\/uploads\/2025\/12\/WhatsApp-Image-2025-12-08-at-8.41.26-PM.jpeg?fit=1212%2C808&ssl=1","datePublished":"2025-12-09T19:38:56+00:00","breadcrumb":{"@id":"https:\/\/masquenoticias.mx\/index.php\/2025\/12\/09\/manzanillo-donde-se-cristaliza-la-coordinacion-institucional-entre-gobierno-federal-estatal-y-municipal-indira-vizcaino\/#breadcrumb"},"inLanguage":"es","potentialAction":[{"@type":"ReadAction","target":["https:\/\/masquenoticias.mx\/index.php\/2025\/12\/09\/manzanillo-donde-se-cristaliza-la-coordinacion-institucional-entre-gobierno-federal-estatal-y-municipal-indira-vizcaino\/"]}]},{"@type":"ImageObject","inLanguage":"es","@id":"https:\/\/masquenoticias.mx\/index.php\/2025\/12\/09\/manzanillo-donde-se-cristaliza-la-coordinacion-institucional-entre-gobierno-federal-estatal-y-municipal-indira-vizcaino\/#primaryimage","url":"https:\/\/i0.wp.com\/masquenoticias.mx\/wp-content\/uploads\/2025\/12\/WhatsApp-Image-2025-12-08-at-8.41.26-PM.jpeg?fit=1212%2C808&ssl=1","contentUrl":"https:\/\/i0.wp.com\/masquenoticias.mx\/wp-content\/uploads\/2025\/12\/WhatsApp-Image-2025-12-08-at-8.41.26-PM.jpeg?fit=1212%2C808&ssl=1","width":1212,"height":808},{"@type":"BreadcrumbList","@id":"https:\/\/masquenoticias.mx\/index.php\/2025\/12\/09\/manzanillo-donde-se-cristaliza-la-coordinacion-institucional-entre-gobierno-federal-estatal-y-municipal-indira-vizcaino\/#breadcrumb","itemListElement":[{"@type":"ListItem","position":1,"name":"Inicio","item":"https:\/\/masquenoticias.mx\/"},{"@type":"ListItem","position":2,"name":"Manzanillo, donde se cristaliza la coordinaci\u00f3n institucional entre gobierno federal, estatal y municipal: Indira Vizca\u00edno"}]},{"@type":"WebSite","@id":"https:\/\/masquenoticias.mx\/#website","url":"https:\/\/masquenoticias.mx\/","name":"M\u00e1s Que Noticias","description":"Noticias de Colima, M\u00e9xico y el Mundo","publisher":{"@id":"https:\/\/masquenoticias.mx\/#organization"},"potentialAction":[{"@type":"SearchAction","target":{"@type":"EntryPoint","urlTemplate":"https:\/\/masquenoticias.mx\/?s={search_term_string}"},"query-input":{"@type":"PropertyValueSpecification","valueRequired":true,"valueName":"search_term_string"}}],"inLanguage":"es"},{"@type":"Organization","@id":"https:\/\/masquenoticias.mx\/#organization","name":"M\u00e1s Que Noticias","url":"https:\/\/masquenoticias.mx\/","logo":{"@type":"ImageObject","inLanguage":"es","@id":"https:\/\/masquenoticias.mx\/#\/schema\/logo\/image\/","url":"https:\/\/i0.wp.com\/masquenoticias.mx\/wp-content\/uploads\/2024\/04\/IMG_0004.png?fit=2560%2C1656&ssl=1","contentUrl":"https:\/\/i0.wp.com\/masquenoticias.mx\/wp-content\/uploads\/2024\/04\/IMG_0004.png?fit=2560%2C1656&ssl=1","width":2560,"height":1656,"caption":"M\u00e1s Que Noticias"},"image":{"@id":"https:\/\/masquenoticias.mx\/#\/schema\/logo\/image\/"},"sameAs":["https:\/\/www.facebook.com\/masquenoticiascolima","https:\/\/x.com\/edgartove","https:\/\/www.instagram.com\/masquenoticiascolima\/"]},{"@type":"Person","@id":"https:\/\/masquenoticias.mx\/#\/schema\/person\/544d19989ef23d34615f691f7a96e622","name":"Redacci\u00f3n","image":{"@type":"ImageObject","inLanguage":"es","@id":"https:\/\/masquenoticias.mx\/#\/schema\/person\/image\/","url":"https:\/\/secure.gravatar.com\/avatar\/7fcc926d5b058d3f3d52d95b4d05dd58?s=96&d=mm&r=g","contentUrl":"https:\/\/secure.gravatar.com\/avatar\/7fcc926d5b058d3f3d52d95b4d05dd58?s=96&d=mm&r=g","caption":"Redacci\u00f3n"},"sameAs":["http:\/\/masquenoticias.mx"],"url":"https:\/\/masquenoticias.mx\/index.php\/author\/edgartovegmail-com\/"}]}},"jetpack_featured_media_url":"https:\/\/i0.wp.com\/masquenoticias.mx\/wp-content\/uploads\/2025\/12\/WhatsApp-Image-2025-12-08-at-8.41.26-PM.jpeg?fit=1212%2C808&ssl=1","blog_post_layout_featured_media_urls":{"thumbnail":["https:\/\/i0.wp.com\/masquenoticias.mx\/wp-content\/uploads\/2025\/12\/WhatsApp-Image-2025-12-08-at-8.41.26-PM.jpeg?resize=150%2C150&ssl=1",150,150,true],"full":["https:\/\/i0.wp.com\/masquenoticias.mx\/wp-content\/uploads\/2025\/12\/WhatsApp-Image-2025-12-08-at-8.41.26-PM.jpeg?fit=1212%2C808&ssl=1",1212,808,false]},"categories_names":{"24":{"name":"Estado","link":"https:\/\/masquenoticias.mx\/index.php\/category\/estado\/"}},"tags_names":{"26":{"name":"Indira Vizca\u00edno","link":"https:\/\/masquenoticias.mx\/index.php\/tag\/indira-vizcaino\/"},"37":{"name":"Manzanillo","link":"https:\/\/masquenoticias.mx\/index.php\/tag\/manzanillo\/"}},"comments_number":"0","wpmagazine_modules_lite_featured_media_urls":{"thumbnail":["https:\/\/i0.wp.com\/masquenoticias.mx\/wp-content\/uploads\/2025\/12\/WhatsApp-Image-2025-12-08-at-8.41.26-PM.jpeg?resize=150%2C150&ssl=1",150,150,true],"cvmm-medium":["https:\/\/i0.wp.com\/masquenoticias.mx\/wp-content\/uploads\/2025\/12\/WhatsApp-Image-2025-12-08-at-8.41.26-PM.jpeg?resize=300%2C300&ssl=1",300,300,true],"cvmm-medium-plus":["https:\/\/i0.wp.com\/masquenoticias.mx\/wp-content\/uploads\/2025\/12\/WhatsApp-Image-2025-12-08-at-8.41.26-PM.jpeg?resize=305%2C207&ssl=1",305,207,true],"cvmm-portrait":["https:\/\/i0.wp.com\/masquenoticias.mx\/wp-content\/uploads\/2025\/12\/WhatsApp-Image-2025-12-08-at-8.41.26-PM.jpeg?resize=400%2C600&ssl=1",400,600,true],"cvmm-medium-square":["https:\/\/i0.wp.com\/masquenoticias.mx\/wp-content\/uploads\/2025\/12\/WhatsApp-Image-2025-12-08-at-8.41.26-PM.jpeg?resize=600%2C600&ssl=1",600,600,true],"cvmm-large":["https:\/\/i0.wp.com\/masquenoticias.mx\/wp-content\/uploads\/2025\/12\/WhatsApp-Image-2025-12-08-at-8.41.26-PM.jpeg?resize=1024%2C808&ssl=1",1024,808,true],"cvmm-small":["https:\/\/i0.wp.com\/masquenoticias.mx\/wp-content\/uploads\/2025\/12\/WhatsApp-Image-2025-12-08-at-8.41.26-PM.jpeg?resize=130%2C95&ssl=1",130,95,true],"full":["https:\/\/i0.wp.com\/masquenoticias.mx\/wp-content\/uploads\/2025\/12\/WhatsApp-Image-2025-12-08-at-8.41.26-PM.jpeg?fit=1212%2C808&ssl=1",1212,808,false]},"jetpack-related-posts":[],"jetpack_sharing_enabled":true,"jetpack_likes_enabled":true,"jetpack_shortlink":"https:\/\/wp.me\/pf7pkt-5hU","_links":{"self":[{"href":"https:\/\/masquenoticias.mx\/index.php\/wp-json\/wp\/v2\/posts\/20330","targetHints":{"allow":["GET"]}}],"collection":[{"href":"https:\/\/masquenoticias.mx\/index.php\/wp-json\/wp\/v2\/posts"}],"about":[{"href":"https:\/\/masquenoticias.mx\/index.php\/wp-json\/wp\/v2\/types\/post"}],"author":[{"embeddable":true,"href":"https:\/\/masquenoticias.mx\/index.php\/wp-json\/wp\/v2\/users\/1"}],"replies":[{"embeddable":true,"href":"https:\/\/masquenoticias.mx\/index.php\/wp-json\/wp\/v2\/comments?post=20330"}],"version-history":[{"count":1,"href":"https:\/\/masquenoticias.mx\/index.php\/wp-json\/wp\/v2\/posts\/20330\/revisions"}],"predecessor-version":[{"id":20332,"href":"https:\/\/masquenoticias.mx\/index.php\/wp-json\/wp\/v2\/posts\/20330\/revisions\/20332"}],"wp:featuredmedia":[{"embeddable":true,"href":"https:\/\/masquenoticias.mx\/index.php\/wp-json\/wp\/v2\/media\/20331"}],"wp:attachment":[{"href":"https:\/\/masquenoticias.mx\/index.php\/wp-json\/wp\/v2\/media?parent=20330"}],"wp:term":[{"taxonomy":"category","embeddable":true,"href":"https:\/\/masquenoticias.mx\/index.php\/wp-json\/wp\/v2\/categories?post=20330"},{"taxonomy":"post_tag","embeddable":true,"href":"https:\/\/masquenoticias.mx\/index.php\/wp-json\/wp\/v2\/tags?post=20330"}],"curies":[{"name":"wp","href":"https:\/\/api.w.org\/{rel}","templated":true}]}}