{"id":20261,"date":"2025-12-04T14:32:29","date_gmt":"2025-12-04T20:32:29","guid":{"rendered":"https:\/\/masquenoticias.mx\/?p=20261"},"modified":"2025-12-04T14:32:29","modified_gmt":"2025-12-04T20:32:29","slug":"policia-estatal-de-colima-detiene-a-3-presuntos-generadores-de-delitos-patrimoniales","status":"publish","type":"post","link":"https:\/\/masquenoticias.mx\/index.php\/2025\/12\/04\/policia-estatal-de-colima-detiene-a-3-presuntos-generadores-de-delitos-patrimoniales\/","title":{"rendered":"Polic\u00eda Estatal de Colima detiene a 3 presuntos generadores de delitos patrimoniales"},"content":{"rendered":"<p>La Secretar\u00eda de Seguridad P\u00fablica (SSP) del Gobierno del Estado de Colima, informa que, derivado de la estrategia implementada para la prevenci\u00f3n de delitos patrimoniales, personal operativo de la Polic\u00eda Estatal Preventiva (PEP), en coadyuvancia con elementos de la Polic\u00eda Municipal de Manzanillo, detuvieron a tres masculinos en este municipio porte\u00f1o, por los delitos contra la salud y violaci\u00f3n a la Ley Federal de Armas de Fuego y Explosivos.<\/p>\n<p>Los individuos, quienes fueron identificados como principales generadores de delitos patrimoniales (robo en sus distintas modalidades), al momento de la detenci\u00f3n ten\u00edan en su poder varias dosis de material granulado con las caracter\u00edsticas de la droga com\u00fanmente conocida como \u2018ice\u2019, as\u00ed como varios cartuchos \u00fatiles de arma de fuego.<\/p>\n<p>Los tres sujetos detenidos, as\u00ed como los objetos asegurados en su detenci\u00f3n, fueron puestos a disposici\u00f3n de la Fiscal\u00eda General del Estado de Colima (FGE), para continuar con sus procesos correspondientes conforme a legalidad y estricto apego a los derechos humanos.<\/p>\n<p>Estas acciones forman parte del esfuerzo permanente de la administraci\u00f3n estatal para fortalecer la seguridad y mantener la paz en la entidad, en apego a la estrategia nacional y al trabajo conjunto entre instituciones estatales y municipales.<\/p>\n<p>La SSP reitera su compromiso con la poblaci\u00f3n colimense e invita a reportar cualquier situaci\u00f3n de riesgo o actividad il\u00edcita a trav\u00e9s de los n\u00fameros de emergencia 911 y 089.<\/p>\n","protected":false},"excerpt":{"rendered":"<p>La Secretar\u00eda de Seguridad P\u00fablica (SSP) del Gobierno del Estado de Colima, informa que, derivado de la estrategia implementada para la prevenci\u00f3n de delitos patrimoniales, personal operativo de la Polic\u00eda Estatal Preventiva (PEP), en coadyuvancia con elementos de la Polic\u00eda Municipal de Manzanillo, detuvieron a tres masculinos en este municipio porte\u00f1o, por los delitos contra [&hellip;]<\/p>\n","protected":false},"author":1,"featured_media":20262,"comment_status":"open","ping_status":"open","sticky":false,"template":"","format":"standard","meta":{"_jetpack_memberships_contains_paid_content":false,"footnotes":""},"categories":[58],"tags":[295],"class_list":["post-20261","post","type-post","status-publish","format-standard","has-post-thumbnail","hentry","category-seguridad","tag-ssp"],"yoast_head":"<!-- This site is optimized with the Yoast SEO plugin v26.6 - https:\/\/yoast.com\/wordpress\/plugins\/seo\/ -->\n<title>Polic\u00eda Estatal de Colima detiene a 3 presuntos generadores de delitos patrimoniales - M\u00e1s Que Noticias<\/title>\n<meta name=\"robots\" content=\"index, follow, max-snippet:-1, max-image-preview:large, max-video-preview:-1\" \/>\n<link rel=\"canonical\" href=\"https:\/\/masquenoticias.mx\/index.php\/2025\/12\/04\/policia-estatal-de-colima-detiene-a-3-presuntos-generadores-de-delitos-patrimoniales\/\" \/>\n<meta property=\"og:locale\" content=\"es_MX\" \/>\n<meta property=\"og:type\" content=\"article\" \/>\n<meta property=\"og:title\" content=\"Polic\u00eda Estatal de Colima detiene a 3 presuntos generadores de delitos patrimoniales - M\u00e1s Que Noticias\" \/>\n<meta property=\"og:description\" content=\"La Secretar\u00eda de Seguridad P\u00fablica (SSP) del Gobierno del Estado de Colima, informa que, derivado de la estrategia implementada para la prevenci\u00f3n de delitos patrimoniales, personal operativo de la Polic\u00eda Estatal Preventiva (PEP), en coadyuvancia con elementos de la Polic\u00eda Municipal de Manzanillo, detuvieron a tres masculinos en este municipio porte\u00f1o, por los delitos contra [&hellip;]\" \/>\n<meta property=\"og:url\" content=\"https:\/\/masquenoticias.mx\/index.php\/2025\/12\/04\/policia-estatal-de-colima-detiene-a-3-presuntos-generadores-de-delitos-patrimoniales\/\" \/>\n<meta property=\"og:site_name\" content=\"M\u00e1s Que Noticias\" \/>\n<meta property=\"article:publisher\" content=\"https:\/\/www.facebook.com\/masquenoticiascolima\" \/>\n<meta property=\"article:published_time\" content=\"2025-12-04T20:32:29+00:00\" \/>\n<meta property=\"og:image\" content=\"https:\/\/masquenoticias.mx\/wp-content\/uploads\/2025\/12\/WhatsApp-Image-2025-12-03-at-1.00.53-PM.jpeg\" \/>\n\t<meta property=\"og:image:width\" content=\"1073\" \/>\n\t<meta property=\"og:image:height\" content=\"726\" \/>\n\t<meta property=\"og:image:type\" content=\"image\/jpeg\" \/>\n<meta name=\"author\" content=\"Redacci\u00f3n\" \/>\n<meta name=\"twitter:card\" content=\"summary_large_image\" \/>\n<meta name=\"twitter:creator\" content=\"@edgartove\" \/>\n<meta name=\"twitter:site\" content=\"@edgartove\" \/>\n<meta name=\"twitter:label1\" content=\"Escrito por\" \/>\n\t<meta name=\"twitter:data1\" content=\"Redacci\u00f3n\" \/>\n\t<meta name=\"twitter:label2\" content=\"Tiempo de lectura\" \/>\n\t<meta name=\"twitter:data2\" content=\"2 minutos\" \/>\n<script type=\"application\/ld+json\" class=\"yoast-schema-graph\">{\"@context\":\"https:\/\/schema.org\",\"@graph\":[{\"@type\":\"Article\",\"@id\":\"https:\/\/masquenoticias.mx\/index.php\/2025\/12\/04\/policia-estatal-de-colima-detiene-a-3-presuntos-generadores-de-delitos-patrimoniales\/#article\",\"isPartOf\":{\"@id\":\"https:\/\/masquenoticias.mx\/index.php\/2025\/12\/04\/policia-estatal-de-colima-detiene-a-3-presuntos-generadores-de-delitos-patrimoniales\/\"},\"author\":{\"name\":\"Redacci\u00f3n\",\"@id\":\"https:\/\/masquenoticias.mx\/#\/schema\/person\/544d19989ef23d34615f691f7a96e622\"},\"headline\":\"Polic\u00eda Estatal de Colima detiene a 3 presuntos generadores de delitos patrimoniales\",\"datePublished\":\"2025-12-04T20:32:29+00:00\",\"mainEntityOfPage\":{\"@id\":\"https:\/\/masquenoticias.mx\/index.php\/2025\/12\/04\/policia-estatal-de-colima-detiene-a-3-presuntos-generadores-de-delitos-patrimoniales\/\"},\"wordCount\":256,\"commentCount\":0,\"publisher\":{\"@id\":\"https:\/\/masquenoticias.mx\/#organization\"},\"image\":{\"@id\":\"https:\/\/masquenoticias.mx\/index.php\/2025\/12\/04\/policia-estatal-de-colima-detiene-a-3-presuntos-generadores-de-delitos-patrimoniales\/#primaryimage\"},\"thumbnailUrl\":\"https:\/\/i0.wp.com\/masquenoticias.mx\/wp-content\/uploads\/2025\/12\/WhatsApp-Image-2025-12-03-at-1.00.53-PM.jpeg?fit=1073%2C726&ssl=1\",\"keywords\":[\"SSP\"],\"articleSection\":[\"Seguridad\"],\"inLanguage\":\"es\",\"potentialAction\":[{\"@type\":\"CommentAction\",\"name\":\"Comment\",\"target\":[\"https:\/\/masquenoticias.mx\/index.php\/2025\/12\/04\/policia-estatal-de-colima-detiene-a-3-presuntos-generadores-de-delitos-patrimoniales\/#respond\"]}]},{\"@type\":\"WebPage\",\"@id\":\"https:\/\/masquenoticias.mx\/index.php\/2025\/12\/04\/policia-estatal-de-colima-detiene-a-3-presuntos-generadores-de-delitos-patrimoniales\/\",\"url\":\"https:\/\/masquenoticias.mx\/index.php\/2025\/12\/04\/policia-estatal-de-colima-detiene-a-3-presuntos-generadores-de-delitos-patrimoniales\/\",\"name\":\"Polic\u00eda Estatal de Colima detiene a 3 presuntos generadores de delitos patrimoniales - M\u00e1s Que Noticias\",\"isPartOf\":{\"@id\":\"https:\/\/masquenoticias.mx\/#website\"},\"primaryImageOfPage\":{\"@id\":\"https:\/\/masquenoticias.mx\/index.php\/2025\/12\/04\/policia-estatal-de-colima-detiene-a-3-presuntos-generadores-de-delitos-patrimoniales\/#primaryimage\"},\"image\":{\"@id\":\"https:\/\/masquenoticias.mx\/index.php\/2025\/12\/04\/policia-estatal-de-colima-detiene-a-3-presuntos-generadores-de-delitos-patrimoniales\/#primaryimage\"},\"thumbnailUrl\":\"https:\/\/i0.wp.com\/masquenoticias.mx\/wp-content\/uploads\/2025\/12\/WhatsApp-Image-2025-12-03-at-1.00.53-PM.jpeg?fit=1073%2C726&ssl=1\",\"datePublished\":\"2025-12-04T20:32:29+00:00\",\"breadcrumb\":{\"@id\":\"https:\/\/masquenoticias.mx\/index.php\/2025\/12\/04\/policia-estatal-de-colima-detiene-a-3-presuntos-generadores-de-delitos-patrimoniales\/#breadcrumb\"},\"inLanguage\":\"es\",\"potentialAction\":[{\"@type\":\"ReadAction\",\"target\":[\"https:\/\/masquenoticias.mx\/index.php\/2025\/12\/04\/policia-estatal-de-colima-detiene-a-3-presuntos-generadores-de-delitos-patrimoniales\/\"]}]},{\"@type\":\"ImageObject\",\"inLanguage\":\"es\",\"@id\":\"https:\/\/masquenoticias.mx\/index.php\/2025\/12\/04\/policia-estatal-de-colima-detiene-a-3-presuntos-generadores-de-delitos-patrimoniales\/#primaryimage\",\"url\":\"https:\/\/i0.wp.com\/masquenoticias.mx\/wp-content\/uploads\/2025\/12\/WhatsApp-Image-2025-12-03-at-1.00.53-PM.jpeg?fit=1073%2C726&ssl=1\",\"contentUrl\":\"https:\/\/i0.wp.com\/masquenoticias.mx\/wp-content\/uploads\/2025\/12\/WhatsApp-Image-2025-12-03-at-1.00.53-PM.jpeg?fit=1073%2C726&ssl=1\",\"width\":1073,\"height\":726},{\"@type\":\"BreadcrumbList\",\"@id\":\"https:\/\/masquenoticias.mx\/index.php\/2025\/12\/04\/policia-estatal-de-colima-detiene-a-3-presuntos-generadores-de-delitos-patrimoniales\/#breadcrumb\",\"itemListElement\":[{\"@type\":\"ListItem\",\"position\":1,\"name\":\"Inicio\",\"item\":\"https:\/\/masquenoticias.mx\/\"},{\"@type\":\"ListItem\",\"position\":2,\"name\":\"Polic\u00eda Estatal de Colima detiene a 3 presuntos generadores de delitos patrimoniales\"}]},{\"@type\":\"WebSite\",\"@id\":\"https:\/\/masquenoticias.mx\/#website\",\"url\":\"https:\/\/masquenoticias.mx\/\",\"name\":\"M\u00e1s Que Noticias\",\"description\":\"Noticias de Colima, M\u00e9xico y el Mundo\",\"publisher\":{\"@id\":\"https:\/\/masquenoticias.mx\/#organization\"},\"potentialAction\":[{\"@type\":\"SearchAction\",\"target\":{\"@type\":\"EntryPoint\",\"urlTemplate\":\"https:\/\/masquenoticias.mx\/?s={search_term_string}\"},\"query-input\":{\"@type\":\"PropertyValueSpecification\",\"valueRequired\":true,\"valueName\":\"search_term_string\"}}],\"inLanguage\":\"es\"},{\"@type\":\"Organization\",\"@id\":\"https:\/\/masquenoticias.mx\/#organization\",\"name\":\"M\u00e1s Que Noticias\",\"url\":\"https:\/\/masquenoticias.mx\/\",\"logo\":{\"@type\":\"ImageObject\",\"inLanguage\":\"es\",\"@id\":\"https:\/\/masquenoticias.mx\/#\/schema\/logo\/image\/\",\"url\":\"https:\/\/i0.wp.com\/masquenoticias.mx\/wp-content\/uploads\/2024\/04\/IMG_0004.png?fit=2560%2C1656&ssl=1\",\"contentUrl\":\"https:\/\/i0.wp.com\/masquenoticias.mx\/wp-content\/uploads\/2024\/04\/IMG_0004.png?fit=2560%2C1656&ssl=1\",\"width\":2560,\"height\":1656,\"caption\":\"M\u00e1s Que Noticias\"},\"image\":{\"@id\":\"https:\/\/masquenoticias.mx\/#\/schema\/logo\/image\/\"},\"sameAs\":[\"https:\/\/www.facebook.com\/masquenoticiascolima\",\"https:\/\/x.com\/edgartove\",\"https:\/\/www.instagram.com\/masquenoticiascolima\/\"]},{\"@type\":\"Person\",\"@id\":\"https:\/\/masquenoticias.mx\/#\/schema\/person\/544d19989ef23d34615f691f7a96e622\",\"name\":\"Redacci\u00f3n\",\"image\":{\"@type\":\"ImageObject\",\"inLanguage\":\"es\",\"@id\":\"https:\/\/masquenoticias.mx\/#\/schema\/person\/image\/\",\"url\":\"https:\/\/secure.gravatar.com\/avatar\/7fcc926d5b058d3f3d52d95b4d05dd58?s=96&d=mm&r=g\",\"contentUrl\":\"https:\/\/secure.gravatar.com\/avatar\/7fcc926d5b058d3f3d52d95b4d05dd58?s=96&d=mm&r=g\",\"caption\":\"Redacci\u00f3n\"},\"sameAs\":[\"http:\/\/masquenoticias.mx\"],\"url\":\"https:\/\/masquenoticias.mx\/index.php\/author\/edgartovegmail-com\/\"}]}<\/script>\n<!-- \/ Yoast SEO plugin. -->","yoast_head_json":{"title":"Polic\u00eda Estatal de Colima detiene a 3 presuntos generadores de delitos patrimoniales - M\u00e1s Que Noticias","robots":{"index":"index","follow":"follow","max-snippet":"max-snippet:-1","max-image-preview":"max-image-preview:large","max-video-preview":"max-video-preview:-1"},"canonical":"https:\/\/masquenoticias.mx\/index.php\/2025\/12\/04\/policia-estatal-de-colima-detiene-a-3-presuntos-generadores-de-delitos-patrimoniales\/","og_locale":"es_MX","og_type":"article","og_title":"Polic\u00eda Estatal de Colima detiene a 3 presuntos generadores de delitos patrimoniales - M\u00e1s Que Noticias","og_description":"La Secretar\u00eda de Seguridad P\u00fablica (SSP) del Gobierno del Estado de Colima, informa que, derivado de la estrategia implementada para la prevenci\u00f3n de delitos patrimoniales, personal operativo de la Polic\u00eda Estatal Preventiva (PEP), en coadyuvancia con elementos de la Polic\u00eda Municipal de Manzanillo, detuvieron a tres masculinos en este municipio porte\u00f1o, por los delitos contra [&hellip;]","og_url":"https:\/\/masquenoticias.mx\/index.php\/2025\/12\/04\/policia-estatal-de-colima-detiene-a-3-presuntos-generadores-de-delitos-patrimoniales\/","og_site_name":"M\u00e1s Que Noticias","article_publisher":"https:\/\/www.facebook.com\/masquenoticiascolima","article_published_time":"2025-12-04T20:32:29+00:00","og_image":[{"width":1073,"height":726,"url":"https:\/\/masquenoticias.mx\/wp-content\/uploads\/2025\/12\/WhatsApp-Image-2025-12-03-at-1.00.53-PM.jpeg","type":"image\/jpeg"}],"author":"Redacci\u00f3n","twitter_card":"summary_large_image","twitter_creator":"@edgartove","twitter_site":"@edgartove","twitter_misc":{"Escrito por":"Redacci\u00f3n","Tiempo de lectura":"2 minutos"},"schema":{"@context":"https:\/\/schema.org","@graph":[{"@type":"Article","@id":"https:\/\/masquenoticias.mx\/index.php\/2025\/12\/04\/policia-estatal-de-colima-detiene-a-3-presuntos-generadores-de-delitos-patrimoniales\/#article","isPartOf":{"@id":"https:\/\/masquenoticias.mx\/index.php\/2025\/12\/04\/policia-estatal-de-colima-detiene-a-3-presuntos-generadores-de-delitos-patrimoniales\/"},"author":{"name":"Redacci\u00f3n","@id":"https:\/\/masquenoticias.mx\/#\/schema\/person\/544d19989ef23d34615f691f7a96e622"},"headline":"Polic\u00eda Estatal de Colima detiene a 3 presuntos generadores de delitos patrimoniales","datePublished":"2025-12-04T20:32:29+00:00","mainEntityOfPage":{"@id":"https:\/\/masquenoticias.mx\/index.php\/2025\/12\/04\/policia-estatal-de-colima-detiene-a-3-presuntos-generadores-de-delitos-patrimoniales\/"},"wordCount":256,"commentCount":0,"publisher":{"@id":"https:\/\/masquenoticias.mx\/#organization"},"image":{"@id":"https:\/\/masquenoticias.mx\/index.php\/2025\/12\/04\/policia-estatal-de-colima-detiene-a-3-presuntos-generadores-de-delitos-patrimoniales\/#primaryimage"},"thumbnailUrl":"https:\/\/i0.wp.com\/masquenoticias.mx\/wp-content\/uploads\/2025\/12\/WhatsApp-Image-2025-12-03-at-1.00.53-PM.jpeg?fit=1073%2C726&ssl=1","keywords":["SSP"],"articleSection":["Seguridad"],"inLanguage":"es","potentialAction":[{"@type":"CommentAction","name":"Comment","target":["https:\/\/masquenoticias.mx\/index.php\/2025\/12\/04\/policia-estatal-de-colima-detiene-a-3-presuntos-generadores-de-delitos-patrimoniales\/#respond"]}]},{"@type":"WebPage","@id":"https:\/\/masquenoticias.mx\/index.php\/2025\/12\/04\/policia-estatal-de-colima-detiene-a-3-presuntos-generadores-de-delitos-patrimoniales\/","url":"https:\/\/masquenoticias.mx\/index.php\/2025\/12\/04\/policia-estatal-de-colima-detiene-a-3-presuntos-generadores-de-delitos-patrimoniales\/","name":"Polic\u00eda Estatal de Colima detiene a 3 presuntos generadores de delitos patrimoniales - M\u00e1s Que Noticias","isPartOf":{"@id":"https:\/\/masquenoticias.mx\/#website"},"primaryImageOfPage":{"@id":"https:\/\/masquenoticias.mx\/index.php\/2025\/12\/04\/policia-estatal-de-colima-detiene-a-3-presuntos-generadores-de-delitos-patrimoniales\/#primaryimage"},"image":{"@id":"https:\/\/masquenoticias.mx\/index.php\/2025\/12\/04\/policia-estatal-de-colima-detiene-a-3-presuntos-generadores-de-delitos-patrimoniales\/#primaryimage"},"thumbnailUrl":"https:\/\/i0.wp.com\/masquenoticias.mx\/wp-content\/uploads\/2025\/12\/WhatsApp-Image-2025-12-03-at-1.00.53-PM.jpeg?fit=1073%2C726&ssl=1","datePublished":"2025-12-04T20:32:29+00:00","breadcrumb":{"@id":"https:\/\/masquenoticias.mx\/index.php\/2025\/12\/04\/policia-estatal-de-colima-detiene-a-3-presuntos-generadores-de-delitos-patrimoniales\/#breadcrumb"},"inLanguage":"es","potentialAction":[{"@type":"ReadAction","target":["https:\/\/masquenoticias.mx\/index.php\/2025\/12\/04\/policia-estatal-de-colima-detiene-a-3-presuntos-generadores-de-delitos-patrimoniales\/"]}]},{"@type":"ImageObject","inLanguage":"es","@id":"https:\/\/masquenoticias.mx\/index.php\/2025\/12\/04\/policia-estatal-de-colima-detiene-a-3-presuntos-generadores-de-delitos-patrimoniales\/#primaryimage","url":"https:\/\/i0.wp.com\/masquenoticias.mx\/wp-content\/uploads\/2025\/12\/WhatsApp-Image-2025-12-03-at-1.00.53-PM.jpeg?fit=1073%2C726&ssl=1","contentUrl":"https:\/\/i0.wp.com\/masquenoticias.mx\/wp-content\/uploads\/2025\/12\/WhatsApp-Image-2025-12-03-at-1.00.53-PM.jpeg?fit=1073%2C726&ssl=1","width":1073,"height":726},{"@type":"BreadcrumbList","@id":"https:\/\/masquenoticias.mx\/index.php\/2025\/12\/04\/policia-estatal-de-colima-detiene-a-3-presuntos-generadores-de-delitos-patrimoniales\/#breadcrumb","itemListElement":[{"@type":"ListItem","position":1,"name":"Inicio","item":"https:\/\/masquenoticias.mx\/"},{"@type":"ListItem","position":2,"name":"Polic\u00eda Estatal de Colima detiene a 3 presuntos generadores de delitos patrimoniales"}]},{"@type":"WebSite","@id":"https:\/\/masquenoticias.mx\/#website","url":"https:\/\/masquenoticias.mx\/","name":"M\u00e1s Que Noticias","description":"Noticias de Colima, M\u00e9xico y el Mundo","publisher":{"@id":"https:\/\/masquenoticias.mx\/#organization"},"potentialAction":[{"@type":"SearchAction","target":{"@type":"EntryPoint","urlTemplate":"https:\/\/masquenoticias.mx\/?s={search_term_string}"},"query-input":{"@type":"PropertyValueSpecification","valueRequired":true,"valueName":"search_term_string"}}],"inLanguage":"es"},{"@type":"Organization","@id":"https:\/\/masquenoticias.mx\/#organization","name":"M\u00e1s Que Noticias","url":"https:\/\/masquenoticias.mx\/","logo":{"@type":"ImageObject","inLanguage":"es","@id":"https:\/\/masquenoticias.mx\/#\/schema\/logo\/image\/","url":"https:\/\/i0.wp.com\/masquenoticias.mx\/wp-content\/uploads\/2024\/04\/IMG_0004.png?fit=2560%2C1656&ssl=1","contentUrl":"https:\/\/i0.wp.com\/masquenoticias.mx\/wp-content\/uploads\/2024\/04\/IMG_0004.png?fit=2560%2C1656&ssl=1","width":2560,"height":1656,"caption":"M\u00e1s Que Noticias"},"image":{"@id":"https:\/\/masquenoticias.mx\/#\/schema\/logo\/image\/"},"sameAs":["https:\/\/www.facebook.com\/masquenoticiascolima","https:\/\/x.com\/edgartove","https:\/\/www.instagram.com\/masquenoticiascolima\/"]},{"@type":"Person","@id":"https:\/\/masquenoticias.mx\/#\/schema\/person\/544d19989ef23d34615f691f7a96e622","name":"Redacci\u00f3n","image":{"@type":"ImageObject","inLanguage":"es","@id":"https:\/\/masquenoticias.mx\/#\/schema\/person\/image\/","url":"https:\/\/secure.gravatar.com\/avatar\/7fcc926d5b058d3f3d52d95b4d05dd58?s=96&d=mm&r=g","contentUrl":"https:\/\/secure.gravatar.com\/avatar\/7fcc926d5b058d3f3d52d95b4d05dd58?s=96&d=mm&r=g","caption":"Redacci\u00f3n"},"sameAs":["http:\/\/masquenoticias.mx"],"url":"https:\/\/masquenoticias.mx\/index.php\/author\/edgartovegmail-com\/"}]}},"jetpack_featured_media_url":"https:\/\/i0.wp.com\/masquenoticias.mx\/wp-content\/uploads\/2025\/12\/WhatsApp-Image-2025-12-03-at-1.00.53-PM.jpeg?fit=1073%2C726&ssl=1","blog_post_layout_featured_media_urls":{"thumbnail":["https:\/\/i0.wp.com\/masquenoticias.mx\/wp-content\/uploads\/2025\/12\/WhatsApp-Image-2025-12-03-at-1.00.53-PM.jpeg?resize=150%2C150&ssl=1",150,150,true],"full":["https:\/\/i0.wp.com\/masquenoticias.mx\/wp-content\/uploads\/2025\/12\/WhatsApp-Image-2025-12-03-at-1.00.53-PM.jpeg?fit=1073%2C726&ssl=1",1073,726,false]},"categories_names":{"58":{"name":"Seguridad","link":"https:\/\/masquenoticias.mx\/index.php\/category\/seguridad\/"}},"tags_names":{"295":{"name":"SSP","link":"https:\/\/masquenoticias.mx\/index.php\/tag\/ssp\/"}},"comments_number":"0","wpmagazine_modules_lite_featured_media_urls":{"thumbnail":["https:\/\/i0.wp.com\/masquenoticias.mx\/wp-content\/uploads\/2025\/12\/WhatsApp-Image-2025-12-03-at-1.00.53-PM.jpeg?resize=150%2C150&ssl=1",150,150,true],"cvmm-medium":["https:\/\/i0.wp.com\/masquenoticias.mx\/wp-content\/uploads\/2025\/12\/WhatsApp-Image-2025-12-03-at-1.00.53-PM.jpeg?resize=300%2C300&ssl=1",300,300,true],"cvmm-medium-plus":["https:\/\/i0.wp.com\/masquenoticias.mx\/wp-content\/uploads\/2025\/12\/WhatsApp-Image-2025-12-03-at-1.00.53-PM.jpeg?resize=305%2C207&ssl=1",305,207,true],"cvmm-portrait":["https:\/\/i0.wp.com\/masquenoticias.mx\/wp-content\/uploads\/2025\/12\/WhatsApp-Image-2025-12-03-at-1.00.53-PM.jpeg?resize=400%2C600&ssl=1",400,600,true],"cvmm-medium-square":["https:\/\/i0.wp.com\/masquenoticias.mx\/wp-content\/uploads\/2025\/12\/WhatsApp-Image-2025-12-03-at-1.00.53-PM.jpeg?resize=600%2C600&ssl=1",600,600,true],"cvmm-large":["https:\/\/i0.wp.com\/masquenoticias.mx\/wp-content\/uploads\/2025\/12\/WhatsApp-Image-2025-12-03-at-1.00.53-PM.jpeg?resize=1024%2C726&ssl=1",1024,726,true],"cvmm-small":["https:\/\/i0.wp.com\/masquenoticias.mx\/wp-content\/uploads\/2025\/12\/WhatsApp-Image-2025-12-03-at-1.00.53-PM.jpeg?resize=130%2C95&ssl=1",130,95,true],"full":["https:\/\/i0.wp.com\/masquenoticias.mx\/wp-content\/uploads\/2025\/12\/WhatsApp-Image-2025-12-03-at-1.00.53-PM.jpeg?fit=1073%2C726&ssl=1",1073,726,false]},"jetpack-related-posts":[],"jetpack_sharing_enabled":true,"jetpack_likes_enabled":true,"jetpack_shortlink":"https:\/\/wp.me\/pf7pkt-5gN","_links":{"self":[{"href":"https:\/\/masquenoticias.mx\/index.php\/wp-json\/wp\/v2\/posts\/20261","targetHints":{"allow":["GET"]}}],"collection":[{"href":"https:\/\/masquenoticias.mx\/index.php\/wp-json\/wp\/v2\/posts"}],"about":[{"href":"https:\/\/masquenoticias.mx\/index.php\/wp-json\/wp\/v2\/types\/post"}],"author":[{"embeddable":true,"href":"https:\/\/masquenoticias.mx\/index.php\/wp-json\/wp\/v2\/users\/1"}],"replies":[{"embeddable":true,"href":"https:\/\/masquenoticias.mx\/index.php\/wp-json\/wp\/v2\/comments?post=20261"}],"version-history":[{"count":1,"href":"https:\/\/masquenoticias.mx\/index.php\/wp-json\/wp\/v2\/posts\/20261\/revisions"}],"predecessor-version":[{"id":20263,"href":"https:\/\/masquenoticias.mx\/index.php\/wp-json\/wp\/v2\/posts\/20261\/revisions\/20263"}],"wp:featuredmedia":[{"embeddable":true,"href":"https:\/\/masquenoticias.mx\/index.php\/wp-json\/wp\/v2\/media\/20262"}],"wp:attachment":[{"href":"https:\/\/masquenoticias.mx\/index.php\/wp-json\/wp\/v2\/media?parent=20261"}],"wp:term":[{"taxonomy":"category","embeddable":true,"href":"https:\/\/masquenoticias.mx\/index.php\/wp-json\/wp\/v2\/categories?post=20261"},{"taxonomy":"post_tag","embeddable":true,"href":"https:\/\/masquenoticias.mx\/index.php\/wp-json\/wp\/v2\/tags?post=20261"}],"curies":[{"name":"wp","href":"https:\/\/api.w.org\/{rel}","templated":true}]}}