{"id":20221,"date":"2025-12-02T10:54:36","date_gmt":"2025-12-02T16:54:36","guid":{"rendered":"https:\/\/masquenoticias.mx\/?p=20221"},"modified":"2025-12-02T10:54:36","modified_gmt":"2025-12-02T16:54:36","slug":"gobierno-del-estado-reconoce-a-artesanas-artesanos-y-productores-del-pabellon-hecho-en-colima-2025","status":"publish","type":"post","link":"https:\/\/masquenoticias.mx\/index.php\/2025\/12\/02\/gobierno-del-estado-reconoce-a-artesanas-artesanos-y-productores-del-pabellon-hecho-en-colima-2025\/","title":{"rendered":"Gobierno del Estado reconoce a artesanas, artesanos y productores del Pabell\u00f3n Hecho en Colima 2025"},"content":{"rendered":"<p>El Gobierno del Estado de Colima, a trav\u00e9s de la <strong>Secretar\u00eda de Desarrollo Econ\u00f3mico<\/strong> (Sedeco), entreg\u00f3 reconocimientos a las y los artesanos y productores que participaron en el Pabell\u00f3n &#8216;<strong>Hecho en Colima 2025<\/strong>&#8216;, espacio que form\u00f3 parte de la <strong>Feria de Todos los Santos<\/strong>.<\/p>\n<p>El evento reuni\u00f3 a las y los 65 expositores que formaron parte de esta edici\u00f3n, quienes destacaron por la calidad de sus productos y su contribuci\u00f3n al fortalecimiento de la econom\u00eda local.<\/p>\n<p>Durante la jornada se presentaron los resultados generales del Pabell\u00f3n, donde se inform\u00f3 que las ventas promedio por participante registraron un incremento del 11% respecto al a\u00f1o anterior.<\/p>\n<p><strong>Francisco Javier Rodr\u00edguez Garc\u00eda<\/strong>, secretario de <strong>Desarrollo Econ\u00f3mico<\/strong> en la administraci\u00f3n que encabeza la gobernadora Indira Vizca\u00edno Silva, destac\u00f3 la disponibilidad y confianza que las y los participantes han depositado en la Secretar\u00eda, y reiter\u00f3 que desde la Sedeco se continuar\u00e1 brindando acompa\u00f1amiento y mediante iniciativas que promuevan el desarrollo, la creatividad y el emprendimiento colimense.<\/p>\n<p>&#8220;Reafirmamos nuestro compromiso de seguir impulsando espacios de promoci\u00f3n y comercializaci\u00f3n que fortalezcan el talento, la creatividad y el emprendimiento colimense&#8221;, refrend\u00f3 el titular de la Sedeco.<\/p>\n","protected":false},"excerpt":{"rendered":"<p>El Gobierno del Estado de Colima, a trav\u00e9s de la Secretar\u00eda de Desarrollo Econ\u00f3mico (Sedeco), entreg\u00f3 reconocimientos a las y los artesanos y productores que participaron en el Pabell\u00f3n &#8216;Hecho en Colima 2025&#8216;, espacio que form\u00f3 parte de la Feria de Todos los Santos. El evento reuni\u00f3 a las y los 65 expositores que formaron [&hellip;]<\/p>\n","protected":false},"author":1,"featured_media":20222,"comment_status":"open","ping_status":"open","sticky":false,"template":"","format":"standard","meta":{"_jetpack_memberships_contains_paid_content":false,"footnotes":""},"categories":[24],"tags":[140],"class_list":["post-20221","post","type-post","status-publish","format-standard","has-post-thumbnail","hentry","category-estado","tag-sedeco"],"yoast_head":"<!-- This site is optimized with the Yoast SEO plugin v26.6 - https:\/\/yoast.com\/wordpress\/plugins\/seo\/ -->\n<title>Gobierno del Estado reconoce a artesanas, artesanos y productores del Pabell\u00f3n Hecho en Colima 2025 - M\u00e1s Que Noticias<\/title>\n<meta name=\"robots\" content=\"index, follow, max-snippet:-1, max-image-preview:large, max-video-preview:-1\" \/>\n<link rel=\"canonical\" href=\"https:\/\/masquenoticias.mx\/index.php\/2025\/12\/02\/gobierno-del-estado-reconoce-a-artesanas-artesanos-y-productores-del-pabellon-hecho-en-colima-2025\/\" \/>\n<meta property=\"og:locale\" content=\"es_MX\" \/>\n<meta property=\"og:type\" content=\"article\" \/>\n<meta property=\"og:title\" content=\"Gobierno del Estado reconoce a artesanas, artesanos y productores del Pabell\u00f3n Hecho en Colima 2025 - M\u00e1s Que Noticias\" \/>\n<meta property=\"og:description\" content=\"El Gobierno del Estado de Colima, a trav\u00e9s de la Secretar\u00eda de Desarrollo Econ\u00f3mico (Sedeco), entreg\u00f3 reconocimientos a las y los artesanos y productores que participaron en el Pabell\u00f3n &#8216;Hecho en Colima 2025&#8216;, espacio que form\u00f3 parte de la Feria de Todos los Santos. El evento reuni\u00f3 a las y los 65 expositores que formaron [&hellip;]\" \/>\n<meta property=\"og:url\" content=\"https:\/\/masquenoticias.mx\/index.php\/2025\/12\/02\/gobierno-del-estado-reconoce-a-artesanas-artesanos-y-productores-del-pabellon-hecho-en-colima-2025\/\" \/>\n<meta property=\"og:site_name\" content=\"M\u00e1s Que Noticias\" \/>\n<meta property=\"article:publisher\" content=\"https:\/\/www.facebook.com\/masquenoticiascolima\" \/>\n<meta property=\"article:published_time\" content=\"2025-12-02T16:54:36+00:00\" \/>\n<meta property=\"og:image\" content=\"https:\/\/masquenoticias.mx\/wp-content\/uploads\/2025\/12\/WhatsApp-Image-2025-12-02-at-9.06.16-AM.jpeg\" \/>\n\t<meta property=\"og:image:width\" content=\"1600\" \/>\n\t<meta property=\"og:image:height\" content=\"961\" \/>\n\t<meta property=\"og:image:type\" content=\"image\/jpeg\" \/>\n<meta name=\"author\" content=\"Redacci\u00f3n\" \/>\n<meta name=\"twitter:card\" content=\"summary_large_image\" \/>\n<meta name=\"twitter:creator\" content=\"@edgartove\" \/>\n<meta name=\"twitter:site\" content=\"@edgartove\" \/>\n<meta name=\"twitter:label1\" content=\"Escrito por\" \/>\n\t<meta name=\"twitter:data1\" content=\"Redacci\u00f3n\" \/>\n\t<meta name=\"twitter:label2\" content=\"Tiempo de lectura\" \/>\n\t<meta name=\"twitter:data2\" content=\"2 minutos\" \/>\n<script type=\"application\/ld+json\" class=\"yoast-schema-graph\">{\"@context\":\"https:\/\/schema.org\",\"@graph\":[{\"@type\":\"Article\",\"@id\":\"https:\/\/masquenoticias.mx\/index.php\/2025\/12\/02\/gobierno-del-estado-reconoce-a-artesanas-artesanos-y-productores-del-pabellon-hecho-en-colima-2025\/#article\",\"isPartOf\":{\"@id\":\"https:\/\/masquenoticias.mx\/index.php\/2025\/12\/02\/gobierno-del-estado-reconoce-a-artesanas-artesanos-y-productores-del-pabellon-hecho-en-colima-2025\/\"},\"author\":{\"name\":\"Redacci\u00f3n\",\"@id\":\"https:\/\/masquenoticias.mx\/#\/schema\/person\/544d19989ef23d34615f691f7a96e622\"},\"headline\":\"Gobierno del Estado reconoce a artesanas, artesanos y productores del Pabell\u00f3n Hecho en Colima 2025\",\"datePublished\":\"2025-12-02T16:54:36+00:00\",\"mainEntityOfPage\":{\"@id\":\"https:\/\/masquenoticias.mx\/index.php\/2025\/12\/02\/gobierno-del-estado-reconoce-a-artesanas-artesanos-y-productores-del-pabellon-hecho-en-colima-2025\/\"},\"wordCount\":217,\"commentCount\":0,\"publisher\":{\"@id\":\"https:\/\/masquenoticias.mx\/#organization\"},\"image\":{\"@id\":\"https:\/\/masquenoticias.mx\/index.php\/2025\/12\/02\/gobierno-del-estado-reconoce-a-artesanas-artesanos-y-productores-del-pabellon-hecho-en-colima-2025\/#primaryimage\"},\"thumbnailUrl\":\"https:\/\/i0.wp.com\/masquenoticias.mx\/wp-content\/uploads\/2025\/12\/WhatsApp-Image-2025-12-02-at-9.06.16-AM.jpeg?fit=1600%2C961&ssl=1\",\"keywords\":[\"Sedeco\"],\"articleSection\":[\"Estado\"],\"inLanguage\":\"es\",\"potentialAction\":[{\"@type\":\"CommentAction\",\"name\":\"Comment\",\"target\":[\"https:\/\/masquenoticias.mx\/index.php\/2025\/12\/02\/gobierno-del-estado-reconoce-a-artesanas-artesanos-y-productores-del-pabellon-hecho-en-colima-2025\/#respond\"]}]},{\"@type\":\"WebPage\",\"@id\":\"https:\/\/masquenoticias.mx\/index.php\/2025\/12\/02\/gobierno-del-estado-reconoce-a-artesanas-artesanos-y-productores-del-pabellon-hecho-en-colima-2025\/\",\"url\":\"https:\/\/masquenoticias.mx\/index.php\/2025\/12\/02\/gobierno-del-estado-reconoce-a-artesanas-artesanos-y-productores-del-pabellon-hecho-en-colima-2025\/\",\"name\":\"Gobierno del Estado reconoce a artesanas, artesanos y productores del Pabell\u00f3n Hecho en Colima 2025 - M\u00e1s Que Noticias\",\"isPartOf\":{\"@id\":\"https:\/\/masquenoticias.mx\/#website\"},\"primaryImageOfPage\":{\"@id\":\"https:\/\/masquenoticias.mx\/index.php\/2025\/12\/02\/gobierno-del-estado-reconoce-a-artesanas-artesanos-y-productores-del-pabellon-hecho-en-colima-2025\/#primaryimage\"},\"image\":{\"@id\":\"https:\/\/masquenoticias.mx\/index.php\/2025\/12\/02\/gobierno-del-estado-reconoce-a-artesanas-artesanos-y-productores-del-pabellon-hecho-en-colima-2025\/#primaryimage\"},\"thumbnailUrl\":\"https:\/\/i0.wp.com\/masquenoticias.mx\/wp-content\/uploads\/2025\/12\/WhatsApp-Image-2025-12-02-at-9.06.16-AM.jpeg?fit=1600%2C961&ssl=1\",\"datePublished\":\"2025-12-02T16:54:36+00:00\",\"breadcrumb\":{\"@id\":\"https:\/\/masquenoticias.mx\/index.php\/2025\/12\/02\/gobierno-del-estado-reconoce-a-artesanas-artesanos-y-productores-del-pabellon-hecho-en-colima-2025\/#breadcrumb\"},\"inLanguage\":\"es\",\"potentialAction\":[{\"@type\":\"ReadAction\",\"target\":[\"https:\/\/masquenoticias.mx\/index.php\/2025\/12\/02\/gobierno-del-estado-reconoce-a-artesanas-artesanos-y-productores-del-pabellon-hecho-en-colima-2025\/\"]}]},{\"@type\":\"ImageObject\",\"inLanguage\":\"es\",\"@id\":\"https:\/\/masquenoticias.mx\/index.php\/2025\/12\/02\/gobierno-del-estado-reconoce-a-artesanas-artesanos-y-productores-del-pabellon-hecho-en-colima-2025\/#primaryimage\",\"url\":\"https:\/\/i0.wp.com\/masquenoticias.mx\/wp-content\/uploads\/2025\/12\/WhatsApp-Image-2025-12-02-at-9.06.16-AM.jpeg?fit=1600%2C961&ssl=1\",\"contentUrl\":\"https:\/\/i0.wp.com\/masquenoticias.mx\/wp-content\/uploads\/2025\/12\/WhatsApp-Image-2025-12-02-at-9.06.16-AM.jpeg?fit=1600%2C961&ssl=1\",\"width\":1600,\"height\":961},{\"@type\":\"BreadcrumbList\",\"@id\":\"https:\/\/masquenoticias.mx\/index.php\/2025\/12\/02\/gobierno-del-estado-reconoce-a-artesanas-artesanos-y-productores-del-pabellon-hecho-en-colima-2025\/#breadcrumb\",\"itemListElement\":[{\"@type\":\"ListItem\",\"position\":1,\"name\":\"Inicio\",\"item\":\"https:\/\/masquenoticias.mx\/\"},{\"@type\":\"ListItem\",\"position\":2,\"name\":\"Gobierno del Estado reconoce a artesanas, artesanos y productores del Pabell\u00f3n Hecho en Colima 2025\"}]},{\"@type\":\"WebSite\",\"@id\":\"https:\/\/masquenoticias.mx\/#website\",\"url\":\"https:\/\/masquenoticias.mx\/\",\"name\":\"M\u00e1s Que Noticias\",\"description\":\"Noticias de Colima, M\u00e9xico y el Mundo\",\"publisher\":{\"@id\":\"https:\/\/masquenoticias.mx\/#organization\"},\"potentialAction\":[{\"@type\":\"SearchAction\",\"target\":{\"@type\":\"EntryPoint\",\"urlTemplate\":\"https:\/\/masquenoticias.mx\/?s={search_term_string}\"},\"query-input\":{\"@type\":\"PropertyValueSpecification\",\"valueRequired\":true,\"valueName\":\"search_term_string\"}}],\"inLanguage\":\"es\"},{\"@type\":\"Organization\",\"@id\":\"https:\/\/masquenoticias.mx\/#organization\",\"name\":\"M\u00e1s Que Noticias\",\"url\":\"https:\/\/masquenoticias.mx\/\",\"logo\":{\"@type\":\"ImageObject\",\"inLanguage\":\"es\",\"@id\":\"https:\/\/masquenoticias.mx\/#\/schema\/logo\/image\/\",\"url\":\"https:\/\/i0.wp.com\/masquenoticias.mx\/wp-content\/uploads\/2024\/04\/IMG_0004.png?fit=2560%2C1656&ssl=1\",\"contentUrl\":\"https:\/\/i0.wp.com\/masquenoticias.mx\/wp-content\/uploads\/2024\/04\/IMG_0004.png?fit=2560%2C1656&ssl=1\",\"width\":2560,\"height\":1656,\"caption\":\"M\u00e1s Que Noticias\"},\"image\":{\"@id\":\"https:\/\/masquenoticias.mx\/#\/schema\/logo\/image\/\"},\"sameAs\":[\"https:\/\/www.facebook.com\/masquenoticiascolima\",\"https:\/\/x.com\/edgartove\",\"https:\/\/www.instagram.com\/masquenoticiascolima\/\"]},{\"@type\":\"Person\",\"@id\":\"https:\/\/masquenoticias.mx\/#\/schema\/person\/544d19989ef23d34615f691f7a96e622\",\"name\":\"Redacci\u00f3n\",\"image\":{\"@type\":\"ImageObject\",\"inLanguage\":\"es\",\"@id\":\"https:\/\/masquenoticias.mx\/#\/schema\/person\/image\/\",\"url\":\"https:\/\/secure.gravatar.com\/avatar\/7fcc926d5b058d3f3d52d95b4d05dd58?s=96&d=mm&r=g\",\"contentUrl\":\"https:\/\/secure.gravatar.com\/avatar\/7fcc926d5b058d3f3d52d95b4d05dd58?s=96&d=mm&r=g\",\"caption\":\"Redacci\u00f3n\"},\"sameAs\":[\"http:\/\/masquenoticias.mx\"],\"url\":\"https:\/\/masquenoticias.mx\/index.php\/author\/edgartovegmail-com\/\"}]}<\/script>\n<!-- \/ Yoast SEO plugin. -->","yoast_head_json":{"title":"Gobierno del Estado reconoce a artesanas, artesanos y productores del Pabell\u00f3n Hecho en Colima 2025 - M\u00e1s Que Noticias","robots":{"index":"index","follow":"follow","max-snippet":"max-snippet:-1","max-image-preview":"max-image-preview:large","max-video-preview":"max-video-preview:-1"},"canonical":"https:\/\/masquenoticias.mx\/index.php\/2025\/12\/02\/gobierno-del-estado-reconoce-a-artesanas-artesanos-y-productores-del-pabellon-hecho-en-colima-2025\/","og_locale":"es_MX","og_type":"article","og_title":"Gobierno del Estado reconoce a artesanas, artesanos y productores del Pabell\u00f3n Hecho en Colima 2025 - M\u00e1s Que Noticias","og_description":"El Gobierno del Estado de Colima, a trav\u00e9s de la Secretar\u00eda de Desarrollo Econ\u00f3mico (Sedeco), entreg\u00f3 reconocimientos a las y los artesanos y productores que participaron en el Pabell\u00f3n &#8216;Hecho en Colima 2025&#8216;, espacio que form\u00f3 parte de la Feria de Todos los Santos. El evento reuni\u00f3 a las y los 65 expositores que formaron [&hellip;]","og_url":"https:\/\/masquenoticias.mx\/index.php\/2025\/12\/02\/gobierno-del-estado-reconoce-a-artesanas-artesanos-y-productores-del-pabellon-hecho-en-colima-2025\/","og_site_name":"M\u00e1s Que Noticias","article_publisher":"https:\/\/www.facebook.com\/masquenoticiascolima","article_published_time":"2025-12-02T16:54:36+00:00","og_image":[{"width":1600,"height":961,"url":"https:\/\/masquenoticias.mx\/wp-content\/uploads\/2025\/12\/WhatsApp-Image-2025-12-02-at-9.06.16-AM.jpeg","type":"image\/jpeg"}],"author":"Redacci\u00f3n","twitter_card":"summary_large_image","twitter_creator":"@edgartove","twitter_site":"@edgartove","twitter_misc":{"Escrito por":"Redacci\u00f3n","Tiempo de lectura":"2 minutos"},"schema":{"@context":"https:\/\/schema.org","@graph":[{"@type":"Article","@id":"https:\/\/masquenoticias.mx\/index.php\/2025\/12\/02\/gobierno-del-estado-reconoce-a-artesanas-artesanos-y-productores-del-pabellon-hecho-en-colima-2025\/#article","isPartOf":{"@id":"https:\/\/masquenoticias.mx\/index.php\/2025\/12\/02\/gobierno-del-estado-reconoce-a-artesanas-artesanos-y-productores-del-pabellon-hecho-en-colima-2025\/"},"author":{"name":"Redacci\u00f3n","@id":"https:\/\/masquenoticias.mx\/#\/schema\/person\/544d19989ef23d34615f691f7a96e622"},"headline":"Gobierno del Estado reconoce a artesanas, artesanos y productores del Pabell\u00f3n Hecho en Colima 2025","datePublished":"2025-12-02T16:54:36+00:00","mainEntityOfPage":{"@id":"https:\/\/masquenoticias.mx\/index.php\/2025\/12\/02\/gobierno-del-estado-reconoce-a-artesanas-artesanos-y-productores-del-pabellon-hecho-en-colima-2025\/"},"wordCount":217,"commentCount":0,"publisher":{"@id":"https:\/\/masquenoticias.mx\/#organization"},"image":{"@id":"https:\/\/masquenoticias.mx\/index.php\/2025\/12\/02\/gobierno-del-estado-reconoce-a-artesanas-artesanos-y-productores-del-pabellon-hecho-en-colima-2025\/#primaryimage"},"thumbnailUrl":"https:\/\/i0.wp.com\/masquenoticias.mx\/wp-content\/uploads\/2025\/12\/WhatsApp-Image-2025-12-02-at-9.06.16-AM.jpeg?fit=1600%2C961&ssl=1","keywords":["Sedeco"],"articleSection":["Estado"],"inLanguage":"es","potentialAction":[{"@type":"CommentAction","name":"Comment","target":["https:\/\/masquenoticias.mx\/index.php\/2025\/12\/02\/gobierno-del-estado-reconoce-a-artesanas-artesanos-y-productores-del-pabellon-hecho-en-colima-2025\/#respond"]}]},{"@type":"WebPage","@id":"https:\/\/masquenoticias.mx\/index.php\/2025\/12\/02\/gobierno-del-estado-reconoce-a-artesanas-artesanos-y-productores-del-pabellon-hecho-en-colima-2025\/","url":"https:\/\/masquenoticias.mx\/index.php\/2025\/12\/02\/gobierno-del-estado-reconoce-a-artesanas-artesanos-y-productores-del-pabellon-hecho-en-colima-2025\/","name":"Gobierno del Estado reconoce a artesanas, artesanos y productores del Pabell\u00f3n Hecho en Colima 2025 - M\u00e1s Que Noticias","isPartOf":{"@id":"https:\/\/masquenoticias.mx\/#website"},"primaryImageOfPage":{"@id":"https:\/\/masquenoticias.mx\/index.php\/2025\/12\/02\/gobierno-del-estado-reconoce-a-artesanas-artesanos-y-productores-del-pabellon-hecho-en-colima-2025\/#primaryimage"},"image":{"@id":"https:\/\/masquenoticias.mx\/index.php\/2025\/12\/02\/gobierno-del-estado-reconoce-a-artesanas-artesanos-y-productores-del-pabellon-hecho-en-colima-2025\/#primaryimage"},"thumbnailUrl":"https:\/\/i0.wp.com\/masquenoticias.mx\/wp-content\/uploads\/2025\/12\/WhatsApp-Image-2025-12-02-at-9.06.16-AM.jpeg?fit=1600%2C961&ssl=1","datePublished":"2025-12-02T16:54:36+00:00","breadcrumb":{"@id":"https:\/\/masquenoticias.mx\/index.php\/2025\/12\/02\/gobierno-del-estado-reconoce-a-artesanas-artesanos-y-productores-del-pabellon-hecho-en-colima-2025\/#breadcrumb"},"inLanguage":"es","potentialAction":[{"@type":"ReadAction","target":["https:\/\/masquenoticias.mx\/index.php\/2025\/12\/02\/gobierno-del-estado-reconoce-a-artesanas-artesanos-y-productores-del-pabellon-hecho-en-colima-2025\/"]}]},{"@type":"ImageObject","inLanguage":"es","@id":"https:\/\/masquenoticias.mx\/index.php\/2025\/12\/02\/gobierno-del-estado-reconoce-a-artesanas-artesanos-y-productores-del-pabellon-hecho-en-colima-2025\/#primaryimage","url":"https:\/\/i0.wp.com\/masquenoticias.mx\/wp-content\/uploads\/2025\/12\/WhatsApp-Image-2025-12-02-at-9.06.16-AM.jpeg?fit=1600%2C961&ssl=1","contentUrl":"https:\/\/i0.wp.com\/masquenoticias.mx\/wp-content\/uploads\/2025\/12\/WhatsApp-Image-2025-12-02-at-9.06.16-AM.jpeg?fit=1600%2C961&ssl=1","width":1600,"height":961},{"@type":"BreadcrumbList","@id":"https:\/\/masquenoticias.mx\/index.php\/2025\/12\/02\/gobierno-del-estado-reconoce-a-artesanas-artesanos-y-productores-del-pabellon-hecho-en-colima-2025\/#breadcrumb","itemListElement":[{"@type":"ListItem","position":1,"name":"Inicio","item":"https:\/\/masquenoticias.mx\/"},{"@type":"ListItem","position":2,"name":"Gobierno del Estado reconoce a artesanas, artesanos y productores del Pabell\u00f3n Hecho en Colima 2025"}]},{"@type":"WebSite","@id":"https:\/\/masquenoticias.mx\/#website","url":"https:\/\/masquenoticias.mx\/","name":"M\u00e1s Que Noticias","description":"Noticias de Colima, M\u00e9xico y el Mundo","publisher":{"@id":"https:\/\/masquenoticias.mx\/#organization"},"potentialAction":[{"@type":"SearchAction","target":{"@type":"EntryPoint","urlTemplate":"https:\/\/masquenoticias.mx\/?s={search_term_string}"},"query-input":{"@type":"PropertyValueSpecification","valueRequired":true,"valueName":"search_term_string"}}],"inLanguage":"es"},{"@type":"Organization","@id":"https:\/\/masquenoticias.mx\/#organization","name":"M\u00e1s Que Noticias","url":"https:\/\/masquenoticias.mx\/","logo":{"@type":"ImageObject","inLanguage":"es","@id":"https:\/\/masquenoticias.mx\/#\/schema\/logo\/image\/","url":"https:\/\/i0.wp.com\/masquenoticias.mx\/wp-content\/uploads\/2024\/04\/IMG_0004.png?fit=2560%2C1656&ssl=1","contentUrl":"https:\/\/i0.wp.com\/masquenoticias.mx\/wp-content\/uploads\/2024\/04\/IMG_0004.png?fit=2560%2C1656&ssl=1","width":2560,"height":1656,"caption":"M\u00e1s Que Noticias"},"image":{"@id":"https:\/\/masquenoticias.mx\/#\/schema\/logo\/image\/"},"sameAs":["https:\/\/www.facebook.com\/masquenoticiascolima","https:\/\/x.com\/edgartove","https:\/\/www.instagram.com\/masquenoticiascolima\/"]},{"@type":"Person","@id":"https:\/\/masquenoticias.mx\/#\/schema\/person\/544d19989ef23d34615f691f7a96e622","name":"Redacci\u00f3n","image":{"@type":"ImageObject","inLanguage":"es","@id":"https:\/\/masquenoticias.mx\/#\/schema\/person\/image\/","url":"https:\/\/secure.gravatar.com\/avatar\/7fcc926d5b058d3f3d52d95b4d05dd58?s=96&d=mm&r=g","contentUrl":"https:\/\/secure.gravatar.com\/avatar\/7fcc926d5b058d3f3d52d95b4d05dd58?s=96&d=mm&r=g","caption":"Redacci\u00f3n"},"sameAs":["http:\/\/masquenoticias.mx"],"url":"https:\/\/masquenoticias.mx\/index.php\/author\/edgartovegmail-com\/"}]}},"jetpack_featured_media_url":"https:\/\/i0.wp.com\/masquenoticias.mx\/wp-content\/uploads\/2025\/12\/WhatsApp-Image-2025-12-02-at-9.06.16-AM.jpeg?fit=1600%2C961&ssl=1","blog_post_layout_featured_media_urls":{"thumbnail":["https:\/\/i0.wp.com\/masquenoticias.mx\/wp-content\/uploads\/2025\/12\/WhatsApp-Image-2025-12-02-at-9.06.16-AM.jpeg?resize=150%2C150&ssl=1",150,150,true],"full":["https:\/\/i0.wp.com\/masquenoticias.mx\/wp-content\/uploads\/2025\/12\/WhatsApp-Image-2025-12-02-at-9.06.16-AM.jpeg?fit=1600%2C961&ssl=1",1600,961,false]},"categories_names":{"24":{"name":"Estado","link":"https:\/\/masquenoticias.mx\/index.php\/category\/estado\/"}},"tags_names":{"140":{"name":"Sedeco","link":"https:\/\/masquenoticias.mx\/index.php\/tag\/sedeco\/"}},"comments_number":"0","wpmagazine_modules_lite_featured_media_urls":{"thumbnail":["https:\/\/i0.wp.com\/masquenoticias.mx\/wp-content\/uploads\/2025\/12\/WhatsApp-Image-2025-12-02-at-9.06.16-AM.jpeg?resize=150%2C150&ssl=1",150,150,true],"cvmm-medium":["https:\/\/i0.wp.com\/masquenoticias.mx\/wp-content\/uploads\/2025\/12\/WhatsApp-Image-2025-12-02-at-9.06.16-AM.jpeg?resize=300%2C300&ssl=1",300,300,true],"cvmm-medium-plus":["https:\/\/i0.wp.com\/masquenoticias.mx\/wp-content\/uploads\/2025\/12\/WhatsApp-Image-2025-12-02-at-9.06.16-AM.jpeg?resize=305%2C207&ssl=1",305,207,true],"cvmm-portrait":["https:\/\/i0.wp.com\/masquenoticias.mx\/wp-content\/uploads\/2025\/12\/WhatsApp-Image-2025-12-02-at-9.06.16-AM.jpeg?resize=400%2C600&ssl=1",400,600,true],"cvmm-medium-square":["https:\/\/i0.wp.com\/masquenoticias.mx\/wp-content\/uploads\/2025\/12\/WhatsApp-Image-2025-12-02-at-9.06.16-AM.jpeg?resize=600%2C600&ssl=1",600,600,true],"cvmm-large":["https:\/\/i0.wp.com\/masquenoticias.mx\/wp-content\/uploads\/2025\/12\/WhatsApp-Image-2025-12-02-at-9.06.16-AM.jpeg?resize=1024%2C961&ssl=1",1024,961,true],"cvmm-small":["https:\/\/i0.wp.com\/masquenoticias.mx\/wp-content\/uploads\/2025\/12\/WhatsApp-Image-2025-12-02-at-9.06.16-AM.jpeg?resize=130%2C95&ssl=1",130,95,true],"full":["https:\/\/i0.wp.com\/masquenoticias.mx\/wp-content\/uploads\/2025\/12\/WhatsApp-Image-2025-12-02-at-9.06.16-AM.jpeg?fit=1600%2C961&ssl=1",1600,961,false]},"jetpack-related-posts":[],"jetpack_sharing_enabled":true,"jetpack_likes_enabled":true,"jetpack_shortlink":"https:\/\/wp.me\/pf7pkt-5g9","_links":{"self":[{"href":"https:\/\/masquenoticias.mx\/index.php\/wp-json\/wp\/v2\/posts\/20221","targetHints":{"allow":["GET"]}}],"collection":[{"href":"https:\/\/masquenoticias.mx\/index.php\/wp-json\/wp\/v2\/posts"}],"about":[{"href":"https:\/\/masquenoticias.mx\/index.php\/wp-json\/wp\/v2\/types\/post"}],"author":[{"embeddable":true,"href":"https:\/\/masquenoticias.mx\/index.php\/wp-json\/wp\/v2\/users\/1"}],"replies":[{"embeddable":true,"href":"https:\/\/masquenoticias.mx\/index.php\/wp-json\/wp\/v2\/comments?post=20221"}],"version-history":[{"count":1,"href":"https:\/\/masquenoticias.mx\/index.php\/wp-json\/wp\/v2\/posts\/20221\/revisions"}],"predecessor-version":[{"id":20223,"href":"https:\/\/masquenoticias.mx\/index.php\/wp-json\/wp\/v2\/posts\/20221\/revisions\/20223"}],"wp:featuredmedia":[{"embeddable":true,"href":"https:\/\/masquenoticias.mx\/index.php\/wp-json\/wp\/v2\/media\/20222"}],"wp:attachment":[{"href":"https:\/\/masquenoticias.mx\/index.php\/wp-json\/wp\/v2\/media?parent=20221"}],"wp:term":[{"taxonomy":"category","embeddable":true,"href":"https:\/\/masquenoticias.mx\/index.php\/wp-json\/wp\/v2\/categories?post=20221"},{"taxonomy":"post_tag","embeddable":true,"href":"https:\/\/masquenoticias.mx\/index.php\/wp-json\/wp\/v2\/tags?post=20221"}],"curies":[{"name":"wp","href":"https:\/\/api.w.org\/{rel}","templated":true}]}}