{"id":20191,"date":"2025-12-01T14:17:25","date_gmt":"2025-12-01T20:17:25","guid":{"rendered":"https:\/\/masquenoticias.mx\/?p=20191"},"modified":"2025-12-01T14:17:25","modified_gmt":"2025-12-01T20:17:25","slug":"gobierno-del-estado-de-colima-abre-convocatoria-para-apoyar-a-productores-agricolas","status":"publish","type":"post","link":"https:\/\/masquenoticias.mx\/index.php\/2025\/12\/01\/gobierno-del-estado-de-colima-abre-convocatoria-para-apoyar-a-productores-agricolas\/","title":{"rendered":"Gobierno del Estado de Colima abre convocatoria para apoyar a productores agr\u00edcolas"},"content":{"rendered":"<p>El Gobierno del Estado de Colima, a trav\u00e9s de la Subsecretar\u00eda de Desarrollo Rural (Subseder), convoca a las y los productores y organizaciones agr\u00edcolas, pecuarias, de pesca, acu\u00edcolas y a poblaci\u00f3n que se dedique a actividades del sector rural en general, a tramitar su solicitud de apoyo de los programas operados con recursos de origen estatal, que se impulsar\u00e1n el pr\u00f3ximo a\u00f1o 2026.<\/p>\n<p>Se busca mejorar el nivel de vida de las familias del campo con apoyos gubernamentales destinados al sector agroalimentario, para contrarrestar la problem\u00e1tica de los peque\u00f1os productores ante la baja productividad en sus unidades de producci\u00f3n, altos costos producci\u00f3n, riesgos sanitarios, ambientales y de mercado.<\/p>\n<p>Los componentes de los programas son los siguientes programas de apoyo: adquisici\u00f3n de tractores, implementos y equipo agr\u00edcola; producci\u00f3n y distribuci\u00f3n de Alevines para impulsar la acuacultura; desarrollo de infraestructura, equipamiento, cr\u00edas y asistencia t\u00e9cnica de las actividades de acuacultura; obras hidr\u00e1ulicas para aprovechamiento racional del agua; subsidio para la adquisici\u00f3n de vientres y sementales; adquisici\u00f3n de plantas (coco, mango y tamarindo); implementaci\u00f3n de campa\u00f1as de sanidad e inocuidad agroalimentaria vegetal, animal, pesca, acu\u00edcola y forestal; e infraestructura rural para conservaci\u00f3n y\/o rehabilitaci\u00f3n de caminos sacacosechas.<\/p>\n<p>Para iniciar con el proceso se solicitar\u00e1 original y copia simple para cotejo con la solicitud \u00fanica de apoyo, por lo que se requiere la siguiente documentaci\u00f3n, en el caso de personas f\u00edsicas: INE, CURP, comprobante de domicilio, acuse de solicitud por escrito, acreditaci\u00f3n de propiedad (comprobante de posesi\u00f3n pac\u00edfica de los terrenos en donde se desarrollar\u00e1 el apoyo), proyecto ejecutivo (en su caso), cotizaci\u00f3n del bien solicitado, constancia de situaci\u00f3n fiscal, opini\u00f3n positiva del SAT (32D), estado de cuenta con clabe interbancaria. (s\u00f3lo car\u00e1tula);<\/p>\n<p><strong>REQUISITOS<\/strong><\/p>\n<p>Para personas morales, los requisitos ser\u00e1n los siguientes: acta constitutiva, nombramiento de representante legal vigente, INE y CURP de representantes legales, ID Registro Agrario Nacional, en su caso; comprobante de domicilio vigente de la organizaci\u00f3n, acuse de solicitud por escrito, acreditaci\u00f3n de propiedad (comprobante de posesi\u00f3n pac\u00edfica de los terrenos en donde se desarrollar\u00e1 el apoyo, proyecto ejecutivo (en su caso), RFC de la asociaci\u00f3n, opini\u00f3n positiva del SAT (32D) de la asociaci\u00f3n vigente, n\u00famero de cuenta con clabe interbancaria.<\/p>\n<p>Es importante destacar que en el caso de proyectos en donde implique almacenamiento, distribuci\u00f3n o uso agropecuario de aguas superficiales o del subsuelo (excepto agua de lluvia), adicional a lo anterior se requerir\u00e1: concesi\u00f3n de aguas nacionales a nombre del solicitante; para obras de almacenamiento de beneficio grupal, el convenio entre la o el propietario del terreno donde se encontrar\u00e1 la obra y los representantes del grupo de productores para el uso, usufructo y mantenimiento de la obra construida con apoyos del presente programa.<\/p>\n<p>La recepci\u00f3n de solicitudes inici\u00f3 el 27 de noviembre y culminar\u00e1 este viernes 5 de diciembre con horario de 9:00 a 14:00 horas. En caso de proceder, s\u00f3lo se recibir\u00e1n las solicitudes y\/o expedientes completos, que ser\u00e1n analizadas y validadas por el Comit\u00e9 de Facilitaci\u00f3n para la Operaci\u00f3n de los Peque\u00f1os Productores y Organizaciones de la Subseder. Se podr\u00e1n cerrar las ventanillas de recepci\u00f3n de solicitudes en caso de que se haya agotado la disponibilidad presupuestal para cada programa.<\/p>\n<p>La ubicaci\u00f3n de las ventanillas de atenci\u00f3n y recepci\u00f3n de solicitudes, se ubican en el Complejo Administrativo de Gobierno del Estado de Colima, edificio C Segundo Piso. Tel\u00e9fonos 312-316-2000 (extensiones 22001, 22100, 22134, 22151 y 22155); p\u00e1gina de internet: http:\/\/seder.col.gob.mx, correo electr\u00f3nico ruralcolima@gmail.com. Y en la oficina de Pesca del Gobierno del Estado en Manzanillo, ubicada en Playa Ventanas s\/n carretera Manzanillo a Campos.<\/p>\n","protected":false},"excerpt":{"rendered":"<p>El Gobierno del Estado de Colima, a trav\u00e9s de la Subsecretar\u00eda de Desarrollo Rural (Subseder), convoca a las y los productores y organizaciones agr\u00edcolas, pecuarias, de pesca, acu\u00edcolas y a poblaci\u00f3n que se dedique a actividades del sector rural en general, a tramitar su solicitud de apoyo de los programas operados con recursos de origen [&hellip;]<\/p>\n","protected":false},"author":1,"featured_media":20192,"comment_status":"open","ping_status":"open","sticky":false,"template":"","format":"standard","meta":{"_jetpack_memberships_contains_paid_content":false,"footnotes":""},"categories":[24],"tags":[97],"class_list":["post-20191","post","type-post","status-publish","format-standard","has-post-thumbnail","hentry","category-estado","tag-campo"],"yoast_head":"<!-- This site is optimized with the Yoast SEO plugin v26.6 - https:\/\/yoast.com\/wordpress\/plugins\/seo\/ -->\n<title>Gobierno del Estado de Colima abre convocatoria para apoyar a productores agr\u00edcolas - M\u00e1s Que Noticias<\/title>\n<meta name=\"robots\" content=\"index, follow, max-snippet:-1, max-image-preview:large, max-video-preview:-1\" \/>\n<link rel=\"canonical\" href=\"https:\/\/masquenoticias.mx\/index.php\/2025\/12\/01\/gobierno-del-estado-de-colima-abre-convocatoria-para-apoyar-a-productores-agricolas\/\" \/>\n<meta property=\"og:locale\" content=\"es_MX\" \/>\n<meta property=\"og:type\" content=\"article\" \/>\n<meta property=\"og:title\" content=\"Gobierno del Estado de Colima abre convocatoria para apoyar a productores agr\u00edcolas - M\u00e1s Que Noticias\" \/>\n<meta property=\"og:description\" content=\"El Gobierno del Estado de Colima, a trav\u00e9s de la Subsecretar\u00eda de Desarrollo Rural (Subseder), convoca a las y los productores y organizaciones agr\u00edcolas, pecuarias, de pesca, acu\u00edcolas y a poblaci\u00f3n que se dedique a actividades del sector rural en general, a tramitar su solicitud de apoyo de los programas operados con recursos de origen [&hellip;]\" \/>\n<meta property=\"og:url\" content=\"https:\/\/masquenoticias.mx\/index.php\/2025\/12\/01\/gobierno-del-estado-de-colima-abre-convocatoria-para-apoyar-a-productores-agricolas\/\" \/>\n<meta property=\"og:site_name\" content=\"M\u00e1s Que Noticias\" \/>\n<meta property=\"article:publisher\" content=\"https:\/\/www.facebook.com\/masquenoticiascolima\" \/>\n<meta property=\"article:published_time\" content=\"2025-12-01T20:17:25+00:00\" \/>\n<meta property=\"og:image\" content=\"https:\/\/masquenoticias.mx\/wp-content\/uploads\/2025\/12\/WhatsApp-Image-2025-12-01-at-1.59.08-PM.jpeg\" \/>\n\t<meta property=\"og:image:width\" content=\"1280\" \/>\n\t<meta property=\"og:image:height\" content=\"853\" \/>\n\t<meta property=\"og:image:type\" content=\"image\/jpeg\" \/>\n<meta name=\"author\" content=\"Redacci\u00f3n\" \/>\n<meta name=\"twitter:card\" content=\"summary_large_image\" \/>\n<meta name=\"twitter:creator\" content=\"@edgartove\" \/>\n<meta name=\"twitter:site\" content=\"@edgartove\" \/>\n<meta name=\"twitter:label1\" content=\"Escrito por\" \/>\n\t<meta name=\"twitter:data1\" content=\"Redacci\u00f3n\" \/>\n\t<meta name=\"twitter:label2\" content=\"Tiempo de lectura\" \/>\n\t<meta name=\"twitter:data2\" content=\"3 minutos\" \/>\n<script type=\"application\/ld+json\" class=\"yoast-schema-graph\">{\"@context\":\"https:\/\/schema.org\",\"@graph\":[{\"@type\":\"Article\",\"@id\":\"https:\/\/masquenoticias.mx\/index.php\/2025\/12\/01\/gobierno-del-estado-de-colima-abre-convocatoria-para-apoyar-a-productores-agricolas\/#article\",\"isPartOf\":{\"@id\":\"https:\/\/masquenoticias.mx\/index.php\/2025\/12\/01\/gobierno-del-estado-de-colima-abre-convocatoria-para-apoyar-a-productores-agricolas\/\"},\"author\":{\"name\":\"Redacci\u00f3n\",\"@id\":\"https:\/\/masquenoticias.mx\/#\/schema\/person\/544d19989ef23d34615f691f7a96e622\"},\"headline\":\"Gobierno del Estado de Colima abre convocatoria para apoyar a productores agr\u00edcolas\",\"datePublished\":\"2025-12-01T20:17:25+00:00\",\"mainEntityOfPage\":{\"@id\":\"https:\/\/masquenoticias.mx\/index.php\/2025\/12\/01\/gobierno-del-estado-de-colima-abre-convocatoria-para-apoyar-a-productores-agricolas\/\"},\"wordCount\":662,\"commentCount\":0,\"publisher\":{\"@id\":\"https:\/\/masquenoticias.mx\/#organization\"},\"image\":{\"@id\":\"https:\/\/masquenoticias.mx\/index.php\/2025\/12\/01\/gobierno-del-estado-de-colima-abre-convocatoria-para-apoyar-a-productores-agricolas\/#primaryimage\"},\"thumbnailUrl\":\"https:\/\/i0.wp.com\/masquenoticias.mx\/wp-content\/uploads\/2025\/12\/WhatsApp-Image-2025-12-01-at-1.59.08-PM.jpeg?fit=1280%2C853&ssl=1\",\"keywords\":[\"Campo\"],\"articleSection\":[\"Estado\"],\"inLanguage\":\"es\",\"potentialAction\":[{\"@type\":\"CommentAction\",\"name\":\"Comment\",\"target\":[\"https:\/\/masquenoticias.mx\/index.php\/2025\/12\/01\/gobierno-del-estado-de-colima-abre-convocatoria-para-apoyar-a-productores-agricolas\/#respond\"]}]},{\"@type\":\"WebPage\",\"@id\":\"https:\/\/masquenoticias.mx\/index.php\/2025\/12\/01\/gobierno-del-estado-de-colima-abre-convocatoria-para-apoyar-a-productores-agricolas\/\",\"url\":\"https:\/\/masquenoticias.mx\/index.php\/2025\/12\/01\/gobierno-del-estado-de-colima-abre-convocatoria-para-apoyar-a-productores-agricolas\/\",\"name\":\"Gobierno del Estado de Colima abre convocatoria para apoyar a productores agr\u00edcolas - M\u00e1s Que Noticias\",\"isPartOf\":{\"@id\":\"https:\/\/masquenoticias.mx\/#website\"},\"primaryImageOfPage\":{\"@id\":\"https:\/\/masquenoticias.mx\/index.php\/2025\/12\/01\/gobierno-del-estado-de-colima-abre-convocatoria-para-apoyar-a-productores-agricolas\/#primaryimage\"},\"image\":{\"@id\":\"https:\/\/masquenoticias.mx\/index.php\/2025\/12\/01\/gobierno-del-estado-de-colima-abre-convocatoria-para-apoyar-a-productores-agricolas\/#primaryimage\"},\"thumbnailUrl\":\"https:\/\/i0.wp.com\/masquenoticias.mx\/wp-content\/uploads\/2025\/12\/WhatsApp-Image-2025-12-01-at-1.59.08-PM.jpeg?fit=1280%2C853&ssl=1\",\"datePublished\":\"2025-12-01T20:17:25+00:00\",\"breadcrumb\":{\"@id\":\"https:\/\/masquenoticias.mx\/index.php\/2025\/12\/01\/gobierno-del-estado-de-colima-abre-convocatoria-para-apoyar-a-productores-agricolas\/#breadcrumb\"},\"inLanguage\":\"es\",\"potentialAction\":[{\"@type\":\"ReadAction\",\"target\":[\"https:\/\/masquenoticias.mx\/index.php\/2025\/12\/01\/gobierno-del-estado-de-colima-abre-convocatoria-para-apoyar-a-productores-agricolas\/\"]}]},{\"@type\":\"ImageObject\",\"inLanguage\":\"es\",\"@id\":\"https:\/\/masquenoticias.mx\/index.php\/2025\/12\/01\/gobierno-del-estado-de-colima-abre-convocatoria-para-apoyar-a-productores-agricolas\/#primaryimage\",\"url\":\"https:\/\/i0.wp.com\/masquenoticias.mx\/wp-content\/uploads\/2025\/12\/WhatsApp-Image-2025-12-01-at-1.59.08-PM.jpeg?fit=1280%2C853&ssl=1\",\"contentUrl\":\"https:\/\/i0.wp.com\/masquenoticias.mx\/wp-content\/uploads\/2025\/12\/WhatsApp-Image-2025-12-01-at-1.59.08-PM.jpeg?fit=1280%2C853&ssl=1\",\"width\":1280,\"height\":853},{\"@type\":\"BreadcrumbList\",\"@id\":\"https:\/\/masquenoticias.mx\/index.php\/2025\/12\/01\/gobierno-del-estado-de-colima-abre-convocatoria-para-apoyar-a-productores-agricolas\/#breadcrumb\",\"itemListElement\":[{\"@type\":\"ListItem\",\"position\":1,\"name\":\"Inicio\",\"item\":\"https:\/\/masquenoticias.mx\/\"},{\"@type\":\"ListItem\",\"position\":2,\"name\":\"Gobierno del Estado de Colima abre convocatoria para apoyar a productores agr\u00edcolas\"}]},{\"@type\":\"WebSite\",\"@id\":\"https:\/\/masquenoticias.mx\/#website\",\"url\":\"https:\/\/masquenoticias.mx\/\",\"name\":\"M\u00e1s Que Noticias\",\"description\":\"Noticias de Colima, M\u00e9xico y el Mundo\",\"publisher\":{\"@id\":\"https:\/\/masquenoticias.mx\/#organization\"},\"potentialAction\":[{\"@type\":\"SearchAction\",\"target\":{\"@type\":\"EntryPoint\",\"urlTemplate\":\"https:\/\/masquenoticias.mx\/?s={search_term_string}\"},\"query-input\":{\"@type\":\"PropertyValueSpecification\",\"valueRequired\":true,\"valueName\":\"search_term_string\"}}],\"inLanguage\":\"es\"},{\"@type\":\"Organization\",\"@id\":\"https:\/\/masquenoticias.mx\/#organization\",\"name\":\"M\u00e1s Que Noticias\",\"url\":\"https:\/\/masquenoticias.mx\/\",\"logo\":{\"@type\":\"ImageObject\",\"inLanguage\":\"es\",\"@id\":\"https:\/\/masquenoticias.mx\/#\/schema\/logo\/image\/\",\"url\":\"https:\/\/i0.wp.com\/masquenoticias.mx\/wp-content\/uploads\/2024\/04\/IMG_0004.png?fit=2560%2C1656&ssl=1\",\"contentUrl\":\"https:\/\/i0.wp.com\/masquenoticias.mx\/wp-content\/uploads\/2024\/04\/IMG_0004.png?fit=2560%2C1656&ssl=1\",\"width\":2560,\"height\":1656,\"caption\":\"M\u00e1s Que Noticias\"},\"image\":{\"@id\":\"https:\/\/masquenoticias.mx\/#\/schema\/logo\/image\/\"},\"sameAs\":[\"https:\/\/www.facebook.com\/masquenoticiascolima\",\"https:\/\/x.com\/edgartove\",\"https:\/\/www.instagram.com\/masquenoticiascolima\/\"]},{\"@type\":\"Person\",\"@id\":\"https:\/\/masquenoticias.mx\/#\/schema\/person\/544d19989ef23d34615f691f7a96e622\",\"name\":\"Redacci\u00f3n\",\"image\":{\"@type\":\"ImageObject\",\"inLanguage\":\"es\",\"@id\":\"https:\/\/masquenoticias.mx\/#\/schema\/person\/image\/\",\"url\":\"https:\/\/secure.gravatar.com\/avatar\/7fcc926d5b058d3f3d52d95b4d05dd58?s=96&d=mm&r=g\",\"contentUrl\":\"https:\/\/secure.gravatar.com\/avatar\/7fcc926d5b058d3f3d52d95b4d05dd58?s=96&d=mm&r=g\",\"caption\":\"Redacci\u00f3n\"},\"sameAs\":[\"http:\/\/masquenoticias.mx\"],\"url\":\"https:\/\/masquenoticias.mx\/index.php\/author\/edgartovegmail-com\/\"}]}<\/script>\n<!-- \/ Yoast SEO plugin. -->","yoast_head_json":{"title":"Gobierno del Estado de Colima abre convocatoria para apoyar a productores agr\u00edcolas - M\u00e1s Que Noticias","robots":{"index":"index","follow":"follow","max-snippet":"max-snippet:-1","max-image-preview":"max-image-preview:large","max-video-preview":"max-video-preview:-1"},"canonical":"https:\/\/masquenoticias.mx\/index.php\/2025\/12\/01\/gobierno-del-estado-de-colima-abre-convocatoria-para-apoyar-a-productores-agricolas\/","og_locale":"es_MX","og_type":"article","og_title":"Gobierno del Estado de Colima abre convocatoria para apoyar a productores agr\u00edcolas - M\u00e1s Que Noticias","og_description":"El Gobierno del Estado de Colima, a trav\u00e9s de la Subsecretar\u00eda de Desarrollo Rural (Subseder), convoca a las y los productores y organizaciones agr\u00edcolas, pecuarias, de pesca, acu\u00edcolas y a poblaci\u00f3n que se dedique a actividades del sector rural en general, a tramitar su solicitud de apoyo de los programas operados con recursos de origen [&hellip;]","og_url":"https:\/\/masquenoticias.mx\/index.php\/2025\/12\/01\/gobierno-del-estado-de-colima-abre-convocatoria-para-apoyar-a-productores-agricolas\/","og_site_name":"M\u00e1s Que Noticias","article_publisher":"https:\/\/www.facebook.com\/masquenoticiascolima","article_published_time":"2025-12-01T20:17:25+00:00","og_image":[{"width":1280,"height":853,"url":"https:\/\/masquenoticias.mx\/wp-content\/uploads\/2025\/12\/WhatsApp-Image-2025-12-01-at-1.59.08-PM.jpeg","type":"image\/jpeg"}],"author":"Redacci\u00f3n","twitter_card":"summary_large_image","twitter_creator":"@edgartove","twitter_site":"@edgartove","twitter_misc":{"Escrito por":"Redacci\u00f3n","Tiempo de lectura":"3 minutos"},"schema":{"@context":"https:\/\/schema.org","@graph":[{"@type":"Article","@id":"https:\/\/masquenoticias.mx\/index.php\/2025\/12\/01\/gobierno-del-estado-de-colima-abre-convocatoria-para-apoyar-a-productores-agricolas\/#article","isPartOf":{"@id":"https:\/\/masquenoticias.mx\/index.php\/2025\/12\/01\/gobierno-del-estado-de-colima-abre-convocatoria-para-apoyar-a-productores-agricolas\/"},"author":{"name":"Redacci\u00f3n","@id":"https:\/\/masquenoticias.mx\/#\/schema\/person\/544d19989ef23d34615f691f7a96e622"},"headline":"Gobierno del Estado de Colima abre convocatoria para apoyar a productores agr\u00edcolas","datePublished":"2025-12-01T20:17:25+00:00","mainEntityOfPage":{"@id":"https:\/\/masquenoticias.mx\/index.php\/2025\/12\/01\/gobierno-del-estado-de-colima-abre-convocatoria-para-apoyar-a-productores-agricolas\/"},"wordCount":662,"commentCount":0,"publisher":{"@id":"https:\/\/masquenoticias.mx\/#organization"},"image":{"@id":"https:\/\/masquenoticias.mx\/index.php\/2025\/12\/01\/gobierno-del-estado-de-colima-abre-convocatoria-para-apoyar-a-productores-agricolas\/#primaryimage"},"thumbnailUrl":"https:\/\/i0.wp.com\/masquenoticias.mx\/wp-content\/uploads\/2025\/12\/WhatsApp-Image-2025-12-01-at-1.59.08-PM.jpeg?fit=1280%2C853&ssl=1","keywords":["Campo"],"articleSection":["Estado"],"inLanguage":"es","potentialAction":[{"@type":"CommentAction","name":"Comment","target":["https:\/\/masquenoticias.mx\/index.php\/2025\/12\/01\/gobierno-del-estado-de-colima-abre-convocatoria-para-apoyar-a-productores-agricolas\/#respond"]}]},{"@type":"WebPage","@id":"https:\/\/masquenoticias.mx\/index.php\/2025\/12\/01\/gobierno-del-estado-de-colima-abre-convocatoria-para-apoyar-a-productores-agricolas\/","url":"https:\/\/masquenoticias.mx\/index.php\/2025\/12\/01\/gobierno-del-estado-de-colima-abre-convocatoria-para-apoyar-a-productores-agricolas\/","name":"Gobierno del Estado de Colima abre convocatoria para apoyar a productores agr\u00edcolas - M\u00e1s Que Noticias","isPartOf":{"@id":"https:\/\/masquenoticias.mx\/#website"},"primaryImageOfPage":{"@id":"https:\/\/masquenoticias.mx\/index.php\/2025\/12\/01\/gobierno-del-estado-de-colima-abre-convocatoria-para-apoyar-a-productores-agricolas\/#primaryimage"},"image":{"@id":"https:\/\/masquenoticias.mx\/index.php\/2025\/12\/01\/gobierno-del-estado-de-colima-abre-convocatoria-para-apoyar-a-productores-agricolas\/#primaryimage"},"thumbnailUrl":"https:\/\/i0.wp.com\/masquenoticias.mx\/wp-content\/uploads\/2025\/12\/WhatsApp-Image-2025-12-01-at-1.59.08-PM.jpeg?fit=1280%2C853&ssl=1","datePublished":"2025-12-01T20:17:25+00:00","breadcrumb":{"@id":"https:\/\/masquenoticias.mx\/index.php\/2025\/12\/01\/gobierno-del-estado-de-colima-abre-convocatoria-para-apoyar-a-productores-agricolas\/#breadcrumb"},"inLanguage":"es","potentialAction":[{"@type":"ReadAction","target":["https:\/\/masquenoticias.mx\/index.php\/2025\/12\/01\/gobierno-del-estado-de-colima-abre-convocatoria-para-apoyar-a-productores-agricolas\/"]}]},{"@type":"ImageObject","inLanguage":"es","@id":"https:\/\/masquenoticias.mx\/index.php\/2025\/12\/01\/gobierno-del-estado-de-colima-abre-convocatoria-para-apoyar-a-productores-agricolas\/#primaryimage","url":"https:\/\/i0.wp.com\/masquenoticias.mx\/wp-content\/uploads\/2025\/12\/WhatsApp-Image-2025-12-01-at-1.59.08-PM.jpeg?fit=1280%2C853&ssl=1","contentUrl":"https:\/\/i0.wp.com\/masquenoticias.mx\/wp-content\/uploads\/2025\/12\/WhatsApp-Image-2025-12-01-at-1.59.08-PM.jpeg?fit=1280%2C853&ssl=1","width":1280,"height":853},{"@type":"BreadcrumbList","@id":"https:\/\/masquenoticias.mx\/index.php\/2025\/12\/01\/gobierno-del-estado-de-colima-abre-convocatoria-para-apoyar-a-productores-agricolas\/#breadcrumb","itemListElement":[{"@type":"ListItem","position":1,"name":"Inicio","item":"https:\/\/masquenoticias.mx\/"},{"@type":"ListItem","position":2,"name":"Gobierno del Estado de Colima abre convocatoria para apoyar a productores agr\u00edcolas"}]},{"@type":"WebSite","@id":"https:\/\/masquenoticias.mx\/#website","url":"https:\/\/masquenoticias.mx\/","name":"M\u00e1s Que Noticias","description":"Noticias de Colima, M\u00e9xico y el Mundo","publisher":{"@id":"https:\/\/masquenoticias.mx\/#organization"},"potentialAction":[{"@type":"SearchAction","target":{"@type":"EntryPoint","urlTemplate":"https:\/\/masquenoticias.mx\/?s={search_term_string}"},"query-input":{"@type":"PropertyValueSpecification","valueRequired":true,"valueName":"search_term_string"}}],"inLanguage":"es"},{"@type":"Organization","@id":"https:\/\/masquenoticias.mx\/#organization","name":"M\u00e1s Que Noticias","url":"https:\/\/masquenoticias.mx\/","logo":{"@type":"ImageObject","inLanguage":"es","@id":"https:\/\/masquenoticias.mx\/#\/schema\/logo\/image\/","url":"https:\/\/i0.wp.com\/masquenoticias.mx\/wp-content\/uploads\/2024\/04\/IMG_0004.png?fit=2560%2C1656&ssl=1","contentUrl":"https:\/\/i0.wp.com\/masquenoticias.mx\/wp-content\/uploads\/2024\/04\/IMG_0004.png?fit=2560%2C1656&ssl=1","width":2560,"height":1656,"caption":"M\u00e1s Que Noticias"},"image":{"@id":"https:\/\/masquenoticias.mx\/#\/schema\/logo\/image\/"},"sameAs":["https:\/\/www.facebook.com\/masquenoticiascolima","https:\/\/x.com\/edgartove","https:\/\/www.instagram.com\/masquenoticiascolima\/"]},{"@type":"Person","@id":"https:\/\/masquenoticias.mx\/#\/schema\/person\/544d19989ef23d34615f691f7a96e622","name":"Redacci\u00f3n","image":{"@type":"ImageObject","inLanguage":"es","@id":"https:\/\/masquenoticias.mx\/#\/schema\/person\/image\/","url":"https:\/\/secure.gravatar.com\/avatar\/7fcc926d5b058d3f3d52d95b4d05dd58?s=96&d=mm&r=g","contentUrl":"https:\/\/secure.gravatar.com\/avatar\/7fcc926d5b058d3f3d52d95b4d05dd58?s=96&d=mm&r=g","caption":"Redacci\u00f3n"},"sameAs":["http:\/\/masquenoticias.mx"],"url":"https:\/\/masquenoticias.mx\/index.php\/author\/edgartovegmail-com\/"}]}},"jetpack_featured_media_url":"https:\/\/i0.wp.com\/masquenoticias.mx\/wp-content\/uploads\/2025\/12\/WhatsApp-Image-2025-12-01-at-1.59.08-PM.jpeg?fit=1280%2C853&ssl=1","blog_post_layout_featured_media_urls":{"thumbnail":["https:\/\/i0.wp.com\/masquenoticias.mx\/wp-content\/uploads\/2025\/12\/WhatsApp-Image-2025-12-01-at-1.59.08-PM.jpeg?resize=150%2C150&ssl=1",150,150,true],"full":["https:\/\/i0.wp.com\/masquenoticias.mx\/wp-content\/uploads\/2025\/12\/WhatsApp-Image-2025-12-01-at-1.59.08-PM.jpeg?fit=1280%2C853&ssl=1",1280,853,false]},"categories_names":{"24":{"name":"Estado","link":"https:\/\/masquenoticias.mx\/index.php\/category\/estado\/"}},"tags_names":{"97":{"name":"Campo","link":"https:\/\/masquenoticias.mx\/index.php\/tag\/campo\/"}},"comments_number":"0","wpmagazine_modules_lite_featured_media_urls":{"thumbnail":["https:\/\/i0.wp.com\/masquenoticias.mx\/wp-content\/uploads\/2025\/12\/WhatsApp-Image-2025-12-01-at-1.59.08-PM.jpeg?resize=150%2C150&ssl=1",150,150,true],"cvmm-medium":["https:\/\/i0.wp.com\/masquenoticias.mx\/wp-content\/uploads\/2025\/12\/WhatsApp-Image-2025-12-01-at-1.59.08-PM.jpeg?resize=300%2C300&ssl=1",300,300,true],"cvmm-medium-plus":["https:\/\/i0.wp.com\/masquenoticias.mx\/wp-content\/uploads\/2025\/12\/WhatsApp-Image-2025-12-01-at-1.59.08-PM.jpeg?resize=305%2C207&ssl=1",305,207,true],"cvmm-portrait":["https:\/\/i0.wp.com\/masquenoticias.mx\/wp-content\/uploads\/2025\/12\/WhatsApp-Image-2025-12-01-at-1.59.08-PM.jpeg?resize=400%2C600&ssl=1",400,600,true],"cvmm-medium-square":["https:\/\/i0.wp.com\/masquenoticias.mx\/wp-content\/uploads\/2025\/12\/WhatsApp-Image-2025-12-01-at-1.59.08-PM.jpeg?resize=600%2C600&ssl=1",600,600,true],"cvmm-large":["https:\/\/i0.wp.com\/masquenoticias.mx\/wp-content\/uploads\/2025\/12\/WhatsApp-Image-2025-12-01-at-1.59.08-PM.jpeg?resize=1024%2C853&ssl=1",1024,853,true],"cvmm-small":["https:\/\/i0.wp.com\/masquenoticias.mx\/wp-content\/uploads\/2025\/12\/WhatsApp-Image-2025-12-01-at-1.59.08-PM.jpeg?resize=130%2C95&ssl=1",130,95,true],"full":["https:\/\/i0.wp.com\/masquenoticias.mx\/wp-content\/uploads\/2025\/12\/WhatsApp-Image-2025-12-01-at-1.59.08-PM.jpeg?fit=1280%2C853&ssl=1",1280,853,false]},"jetpack-related-posts":[],"jetpack_sharing_enabled":true,"jetpack_likes_enabled":true,"jetpack_shortlink":"https:\/\/wp.me\/pf7pkt-5fF","_links":{"self":[{"href":"https:\/\/masquenoticias.mx\/index.php\/wp-json\/wp\/v2\/posts\/20191","targetHints":{"allow":["GET"]}}],"collection":[{"href":"https:\/\/masquenoticias.mx\/index.php\/wp-json\/wp\/v2\/posts"}],"about":[{"href":"https:\/\/masquenoticias.mx\/index.php\/wp-json\/wp\/v2\/types\/post"}],"author":[{"embeddable":true,"href":"https:\/\/masquenoticias.mx\/index.php\/wp-json\/wp\/v2\/users\/1"}],"replies":[{"embeddable":true,"href":"https:\/\/masquenoticias.mx\/index.php\/wp-json\/wp\/v2\/comments?post=20191"}],"version-history":[{"count":1,"href":"https:\/\/masquenoticias.mx\/index.php\/wp-json\/wp\/v2\/posts\/20191\/revisions"}],"predecessor-version":[{"id":20193,"href":"https:\/\/masquenoticias.mx\/index.php\/wp-json\/wp\/v2\/posts\/20191\/revisions\/20193"}],"wp:featuredmedia":[{"embeddable":true,"href":"https:\/\/masquenoticias.mx\/index.php\/wp-json\/wp\/v2\/media\/20192"}],"wp:attachment":[{"href":"https:\/\/masquenoticias.mx\/index.php\/wp-json\/wp\/v2\/media?parent=20191"}],"wp:term":[{"taxonomy":"category","embeddable":true,"href":"https:\/\/masquenoticias.mx\/index.php\/wp-json\/wp\/v2\/categories?post=20191"},{"taxonomy":"post_tag","embeddable":true,"href":"https:\/\/masquenoticias.mx\/index.php\/wp-json\/wp\/v2\/tags?post=20191"}],"curies":[{"name":"wp","href":"https:\/\/api.w.org\/{rel}","templated":true}]}}