{"id":20156,"date":"2025-11-29T11:03:57","date_gmt":"2025-11-29T17:03:57","guid":{"rendered":"https:\/\/masquenoticias.mx\/?p=20156"},"modified":"2025-11-29T11:03:57","modified_gmt":"2025-11-29T17:03:57","slug":"gobierno-del-estado-de-colima-presenta-cartelera-navidena-con-15-presentaciones-artisticas-gratuitas","status":"publish","type":"post","link":"https:\/\/masquenoticias.mx\/index.php\/2025\/11\/29\/gobierno-del-estado-de-colima-presenta-cartelera-navidena-con-15-presentaciones-artisticas-gratuitas\/","title":{"rendered":"Gobierno del Estado de Colima presenta &#8216;Cartelera Navide\u00f1a&#8217;, con 15 presentaciones art\u00edsticas gratuitas"},"content":{"rendered":"\n<p>El Gobierno del Estado de Colima, a trav\u00e9s de la Subsecretar\u00eda de Cultura, ha preparado una atractiva Cartelera Navide\u00f1a, que ofrecer\u00e1 -del 1 al 17 de diciembre- m\u00e1s de quince actividades art\u00edsticas gratuitas, entre conciertos, tertulias literarias, expo-venta de productos artesanales y exposiciones pict\u00f3ricas, que se realizar\u00e1n en diferentes recintos y centros culturales p\u00fablicos de la entidad.<\/p>\n\n\n\n<p>Se incluye la programaci\u00f3n de Alegor\u00edas Navide\u00f1as, una muestra final de cierre de semestre de la Red Estatal de Talleres de Artes y Artesan\u00edas \u2018Alejandro Rangel Hidalgo\u2019, que en esta ocasi\u00f3n ofrecer\u00e1 seis presentaciones art\u00edsticas: cuatro conciertos, un recital de piano y la inauguraci\u00f3n de la exposici\u00f3n de pintura estilo rangeliano. Esta breve muestra final se desarrollar\u00e1 del 5 al 9 de diciembre, teniendo como sedes el Teatro Hidalgo, el Museo Palacio de Gobierno de Colima, la explanada del Pez Vela en Manzanillo y la Casa de la Cultura Estatal, en Calzada Galv\u00e1n.<\/p>\n\n\n\n<p>Y entre las m\u00e1s de quince actividades, tambi\u00e9n destacan el Mercadito Artesanal 2025 que se realizar\u00e1 5 y 6 de diciembre en el Centro Cultural \u2018Horacio Cervantes\u2019, con la participaci\u00f3n de m\u00e1s de 35 artesanas y artesanos y el concierto Sinfon\u00eda Navide\u00f1a a cargo de la Banda Sinf\u00f3nica del Gobierno del Estado de Colima, el martes 16 de diciembre en el Teatro Hidalgo, en el centro hist\u00f3rico de esta ciudad capital.<\/p>\n\n\n\n<p>Adem\u00e1s, los Centros Culturales \u2018Daniel Cos\u00edo Villegas\u2019, \u2018Balbino D\u00e1valos\u2019, \u2018Julia Piza Miranda\u2019 y \u2018Miguel \u00c1ngel Cuervo\u2019, mantendr\u00e1n una programaci\u00f3n activa de talleres gratuitos y eventos comunitarios para p\u00fablicos de todas las edades.<\/p>\n\n\n\n<p>La programaci\u00f3n completa, y m\u00e1s detalles de las actividades, podr\u00e1n ser consultados en las redes sociales oficiales de la Subsecretar\u00eda de Cultura: Cultura Colima en Facebook y cultura.colima en Instagram.<\/p>\n","protected":false},"excerpt":{"rendered":"<p>El Gobierno del Estado de Colima, a trav\u00e9s de la Subsecretar\u00eda de Cultura, ha preparado una atractiva Cartelera Navide\u00f1a, que ofrecer\u00e1 -del 1 al 17 de diciembre- m\u00e1s de quince actividades art\u00edsticas gratuitas, entre conciertos, tertulias literarias, expo-venta de productos artesanales y exposiciones pict\u00f3ricas, que se realizar\u00e1n en diferentes recintos y centros culturales p\u00fablicos de [&hellip;]<\/p>\n","protected":false},"author":1,"featured_media":20155,"comment_status":"closed","ping_status":"open","sticky":false,"template":"","format":"standard","meta":{"_jetpack_memberships_contains_paid_content":false,"footnotes":""},"categories":[24],"tags":[118],"class_list":["post-20156","post","type-post","status-publish","format-standard","has-post-thumbnail","hentry","category-estado","tag-cultura"],"yoast_head":"<!-- This site is optimized with the Yoast SEO plugin v26.6 - https:\/\/yoast.com\/wordpress\/plugins\/seo\/ -->\n<title>Gobierno del Estado de Colima presenta &#039;Cartelera Navide\u00f1a&#039;, con 15 presentaciones art\u00edsticas gratuitas - M\u00e1s Que Noticias<\/title>\n<meta name=\"robots\" content=\"index, follow, max-snippet:-1, max-image-preview:large, max-video-preview:-1\" \/>\n<link rel=\"canonical\" href=\"https:\/\/masquenoticias.mx\/index.php\/2025\/11\/29\/gobierno-del-estado-de-colima-presenta-cartelera-navidena-con-15-presentaciones-artisticas-gratuitas\/\" \/>\n<meta property=\"og:locale\" content=\"es_MX\" \/>\n<meta property=\"og:type\" content=\"article\" \/>\n<meta property=\"og:title\" content=\"Gobierno del Estado de Colima presenta &#039;Cartelera Navide\u00f1a&#039;, con 15 presentaciones art\u00edsticas gratuitas - M\u00e1s Que Noticias\" \/>\n<meta property=\"og:description\" content=\"El Gobierno del Estado de Colima, a trav\u00e9s de la Subsecretar\u00eda de Cultura, ha preparado una atractiva Cartelera Navide\u00f1a, que ofrecer\u00e1 -del 1 al 17 de diciembre- m\u00e1s de quince actividades art\u00edsticas gratuitas, entre conciertos, tertulias literarias, expo-venta de productos artesanales y exposiciones pict\u00f3ricas, que se realizar\u00e1n en diferentes recintos y centros culturales p\u00fablicos de [&hellip;]\" \/>\n<meta property=\"og:url\" content=\"https:\/\/masquenoticias.mx\/index.php\/2025\/11\/29\/gobierno-del-estado-de-colima-presenta-cartelera-navidena-con-15-presentaciones-artisticas-gratuitas\/\" \/>\n<meta property=\"og:site_name\" content=\"M\u00e1s Que Noticias\" \/>\n<meta property=\"article:publisher\" content=\"https:\/\/www.facebook.com\/masquenoticiascolima\" \/>\n<meta property=\"article:published_time\" content=\"2025-11-29T17:03:57+00:00\" \/>\n<meta property=\"og:image\" content=\"https:\/\/i0.wp.com\/masquenoticias.mx\/wp-content\/uploads\/2025\/11\/6ca37322-2af0-44c8-bbb9-2d28ae53a29d.jpg?fit=1280%2C853&ssl=1\" \/>\n\t<meta property=\"og:image:width\" content=\"1280\" \/>\n\t<meta property=\"og:image:height\" content=\"853\" \/>\n\t<meta property=\"og:image:type\" content=\"image\/jpeg\" \/>\n<meta name=\"author\" content=\"Redacci\u00f3n\" \/>\n<meta name=\"twitter:card\" content=\"summary_large_image\" \/>\n<meta name=\"twitter:creator\" content=\"@edgartove\" \/>\n<meta name=\"twitter:site\" content=\"@edgartove\" \/>\n<meta name=\"twitter:label1\" content=\"Escrito por\" \/>\n\t<meta name=\"twitter:data1\" content=\"Redacci\u00f3n\" \/>\n\t<meta name=\"twitter:label2\" content=\"Tiempo de lectura\" \/>\n\t<meta name=\"twitter:data2\" content=\"2 minutos\" \/>\n<script type=\"application\/ld+json\" class=\"yoast-schema-graph\">{\"@context\":\"https:\/\/schema.org\",\"@graph\":[{\"@type\":\"Article\",\"@id\":\"https:\/\/masquenoticias.mx\/index.php\/2025\/11\/29\/gobierno-del-estado-de-colima-presenta-cartelera-navidena-con-15-presentaciones-artisticas-gratuitas\/#article\",\"isPartOf\":{\"@id\":\"https:\/\/masquenoticias.mx\/index.php\/2025\/11\/29\/gobierno-del-estado-de-colima-presenta-cartelera-navidena-con-15-presentaciones-artisticas-gratuitas\/\"},\"author\":{\"name\":\"Redacci\u00f3n\",\"@id\":\"https:\/\/masquenoticias.mx\/#\/schema\/person\/544d19989ef23d34615f691f7a96e622\"},\"headline\":\"Gobierno del Estado de Colima presenta &#8216;Cartelera Navide\u00f1a&#8217;, con 15 presentaciones art\u00edsticas gratuitas\",\"datePublished\":\"2025-11-29T17:03:57+00:00\",\"mainEntityOfPage\":{\"@id\":\"https:\/\/masquenoticias.mx\/index.php\/2025\/11\/29\/gobierno-del-estado-de-colima-presenta-cartelera-navidena-con-15-presentaciones-artisticas-gratuitas\/\"},\"wordCount\":324,\"publisher\":{\"@id\":\"https:\/\/masquenoticias.mx\/#organization\"},\"image\":{\"@id\":\"https:\/\/masquenoticias.mx\/index.php\/2025\/11\/29\/gobierno-del-estado-de-colima-presenta-cartelera-navidena-con-15-presentaciones-artisticas-gratuitas\/#primaryimage\"},\"thumbnailUrl\":\"https:\/\/i0.wp.com\/masquenoticias.mx\/wp-content\/uploads\/2025\/11\/6ca37322-2af0-44c8-bbb9-2d28ae53a29d.jpg?fit=1280%2C853&ssl=1\",\"keywords\":[\"Cultura\"],\"articleSection\":[\"Estado\"],\"inLanguage\":\"es\"},{\"@type\":\"WebPage\",\"@id\":\"https:\/\/masquenoticias.mx\/index.php\/2025\/11\/29\/gobierno-del-estado-de-colima-presenta-cartelera-navidena-con-15-presentaciones-artisticas-gratuitas\/\",\"url\":\"https:\/\/masquenoticias.mx\/index.php\/2025\/11\/29\/gobierno-del-estado-de-colima-presenta-cartelera-navidena-con-15-presentaciones-artisticas-gratuitas\/\",\"name\":\"Gobierno del Estado de Colima presenta 'Cartelera Navide\u00f1a', con 15 presentaciones art\u00edsticas gratuitas - M\u00e1s Que Noticias\",\"isPartOf\":{\"@id\":\"https:\/\/masquenoticias.mx\/#website\"},\"primaryImageOfPage\":{\"@id\":\"https:\/\/masquenoticias.mx\/index.php\/2025\/11\/29\/gobierno-del-estado-de-colima-presenta-cartelera-navidena-con-15-presentaciones-artisticas-gratuitas\/#primaryimage\"},\"image\":{\"@id\":\"https:\/\/masquenoticias.mx\/index.php\/2025\/11\/29\/gobierno-del-estado-de-colima-presenta-cartelera-navidena-con-15-presentaciones-artisticas-gratuitas\/#primaryimage\"},\"thumbnailUrl\":\"https:\/\/i0.wp.com\/masquenoticias.mx\/wp-content\/uploads\/2025\/11\/6ca37322-2af0-44c8-bbb9-2d28ae53a29d.jpg?fit=1280%2C853&ssl=1\",\"datePublished\":\"2025-11-29T17:03:57+00:00\",\"breadcrumb\":{\"@id\":\"https:\/\/masquenoticias.mx\/index.php\/2025\/11\/29\/gobierno-del-estado-de-colima-presenta-cartelera-navidena-con-15-presentaciones-artisticas-gratuitas\/#breadcrumb\"},\"inLanguage\":\"es\",\"potentialAction\":[{\"@type\":\"ReadAction\",\"target\":[\"https:\/\/masquenoticias.mx\/index.php\/2025\/11\/29\/gobierno-del-estado-de-colima-presenta-cartelera-navidena-con-15-presentaciones-artisticas-gratuitas\/\"]}]},{\"@type\":\"ImageObject\",\"inLanguage\":\"es\",\"@id\":\"https:\/\/masquenoticias.mx\/index.php\/2025\/11\/29\/gobierno-del-estado-de-colima-presenta-cartelera-navidena-con-15-presentaciones-artisticas-gratuitas\/#primaryimage\",\"url\":\"https:\/\/i0.wp.com\/masquenoticias.mx\/wp-content\/uploads\/2025\/11\/6ca37322-2af0-44c8-bbb9-2d28ae53a29d.jpg?fit=1280%2C853&ssl=1\",\"contentUrl\":\"https:\/\/i0.wp.com\/masquenoticias.mx\/wp-content\/uploads\/2025\/11\/6ca37322-2af0-44c8-bbb9-2d28ae53a29d.jpg?fit=1280%2C853&ssl=1\",\"width\":1280,\"height\":853},{\"@type\":\"BreadcrumbList\",\"@id\":\"https:\/\/masquenoticias.mx\/index.php\/2025\/11\/29\/gobierno-del-estado-de-colima-presenta-cartelera-navidena-con-15-presentaciones-artisticas-gratuitas\/#breadcrumb\",\"itemListElement\":[{\"@type\":\"ListItem\",\"position\":1,\"name\":\"Inicio\",\"item\":\"https:\/\/masquenoticias.mx\/\"},{\"@type\":\"ListItem\",\"position\":2,\"name\":\"Gobierno del Estado de Colima presenta &#8216;Cartelera Navide\u00f1a&#8217;, con 15 presentaciones art\u00edsticas gratuitas\"}]},{\"@type\":\"WebSite\",\"@id\":\"https:\/\/masquenoticias.mx\/#website\",\"url\":\"https:\/\/masquenoticias.mx\/\",\"name\":\"M\u00e1s Que Noticias\",\"description\":\"Noticias de Colima, M\u00e9xico y el Mundo\",\"publisher\":{\"@id\":\"https:\/\/masquenoticias.mx\/#organization\"},\"potentialAction\":[{\"@type\":\"SearchAction\",\"target\":{\"@type\":\"EntryPoint\",\"urlTemplate\":\"https:\/\/masquenoticias.mx\/?s={search_term_string}\"},\"query-input\":{\"@type\":\"PropertyValueSpecification\",\"valueRequired\":true,\"valueName\":\"search_term_string\"}}],\"inLanguage\":\"es\"},{\"@type\":\"Organization\",\"@id\":\"https:\/\/masquenoticias.mx\/#organization\",\"name\":\"M\u00e1s Que Noticias\",\"url\":\"https:\/\/masquenoticias.mx\/\",\"logo\":{\"@type\":\"ImageObject\",\"inLanguage\":\"es\",\"@id\":\"https:\/\/masquenoticias.mx\/#\/schema\/logo\/image\/\",\"url\":\"https:\/\/i0.wp.com\/masquenoticias.mx\/wp-content\/uploads\/2024\/04\/IMG_0004.png?fit=2560%2C1656&ssl=1\",\"contentUrl\":\"https:\/\/i0.wp.com\/masquenoticias.mx\/wp-content\/uploads\/2024\/04\/IMG_0004.png?fit=2560%2C1656&ssl=1\",\"width\":2560,\"height\":1656,\"caption\":\"M\u00e1s Que Noticias\"},\"image\":{\"@id\":\"https:\/\/masquenoticias.mx\/#\/schema\/logo\/image\/\"},\"sameAs\":[\"https:\/\/www.facebook.com\/masquenoticiascolima\",\"https:\/\/x.com\/edgartove\",\"https:\/\/www.instagram.com\/masquenoticiascolima\/\"]},{\"@type\":\"Person\",\"@id\":\"https:\/\/masquenoticias.mx\/#\/schema\/person\/544d19989ef23d34615f691f7a96e622\",\"name\":\"Redacci\u00f3n\",\"image\":{\"@type\":\"ImageObject\",\"inLanguage\":\"es\",\"@id\":\"https:\/\/masquenoticias.mx\/#\/schema\/person\/image\/\",\"url\":\"https:\/\/secure.gravatar.com\/avatar\/7fcc926d5b058d3f3d52d95b4d05dd58?s=96&d=mm&r=g\",\"contentUrl\":\"https:\/\/secure.gravatar.com\/avatar\/7fcc926d5b058d3f3d52d95b4d05dd58?s=96&d=mm&r=g\",\"caption\":\"Redacci\u00f3n\"},\"sameAs\":[\"http:\/\/masquenoticias.mx\"],\"url\":\"https:\/\/masquenoticias.mx\/index.php\/author\/edgartovegmail-com\/\"}]}<\/script>\n<!-- \/ Yoast SEO plugin. -->","yoast_head_json":{"title":"Gobierno del Estado de Colima presenta 'Cartelera Navide\u00f1a', con 15 presentaciones art\u00edsticas gratuitas - M\u00e1s Que Noticias","robots":{"index":"index","follow":"follow","max-snippet":"max-snippet:-1","max-image-preview":"max-image-preview:large","max-video-preview":"max-video-preview:-1"},"canonical":"https:\/\/masquenoticias.mx\/index.php\/2025\/11\/29\/gobierno-del-estado-de-colima-presenta-cartelera-navidena-con-15-presentaciones-artisticas-gratuitas\/","og_locale":"es_MX","og_type":"article","og_title":"Gobierno del Estado de Colima presenta 'Cartelera Navide\u00f1a', con 15 presentaciones art\u00edsticas gratuitas - M\u00e1s Que Noticias","og_description":"El Gobierno del Estado de Colima, a trav\u00e9s de la Subsecretar\u00eda de Cultura, ha preparado una atractiva Cartelera Navide\u00f1a, que ofrecer\u00e1 -del 1 al 17 de diciembre- m\u00e1s de quince actividades art\u00edsticas gratuitas, entre conciertos, tertulias literarias, expo-venta de productos artesanales y exposiciones pict\u00f3ricas, que se realizar\u00e1n en diferentes recintos y centros culturales p\u00fablicos de [&hellip;]","og_url":"https:\/\/masquenoticias.mx\/index.php\/2025\/11\/29\/gobierno-del-estado-de-colima-presenta-cartelera-navidena-con-15-presentaciones-artisticas-gratuitas\/","og_site_name":"M\u00e1s Que Noticias","article_publisher":"https:\/\/www.facebook.com\/masquenoticiascolima","article_published_time":"2025-11-29T17:03:57+00:00","og_image":[{"width":1280,"height":853,"url":"https:\/\/i0.wp.com\/masquenoticias.mx\/wp-content\/uploads\/2025\/11\/6ca37322-2af0-44c8-bbb9-2d28ae53a29d.jpg?fit=1280%2C853&ssl=1","type":"image\/jpeg"}],"author":"Redacci\u00f3n","twitter_card":"summary_large_image","twitter_creator":"@edgartove","twitter_site":"@edgartove","twitter_misc":{"Escrito por":"Redacci\u00f3n","Tiempo de lectura":"2 minutos"},"schema":{"@context":"https:\/\/schema.org","@graph":[{"@type":"Article","@id":"https:\/\/masquenoticias.mx\/index.php\/2025\/11\/29\/gobierno-del-estado-de-colima-presenta-cartelera-navidena-con-15-presentaciones-artisticas-gratuitas\/#article","isPartOf":{"@id":"https:\/\/masquenoticias.mx\/index.php\/2025\/11\/29\/gobierno-del-estado-de-colima-presenta-cartelera-navidena-con-15-presentaciones-artisticas-gratuitas\/"},"author":{"name":"Redacci\u00f3n","@id":"https:\/\/masquenoticias.mx\/#\/schema\/person\/544d19989ef23d34615f691f7a96e622"},"headline":"Gobierno del Estado de Colima presenta &#8216;Cartelera Navide\u00f1a&#8217;, con 15 presentaciones art\u00edsticas gratuitas","datePublished":"2025-11-29T17:03:57+00:00","mainEntityOfPage":{"@id":"https:\/\/masquenoticias.mx\/index.php\/2025\/11\/29\/gobierno-del-estado-de-colima-presenta-cartelera-navidena-con-15-presentaciones-artisticas-gratuitas\/"},"wordCount":324,"publisher":{"@id":"https:\/\/masquenoticias.mx\/#organization"},"image":{"@id":"https:\/\/masquenoticias.mx\/index.php\/2025\/11\/29\/gobierno-del-estado-de-colima-presenta-cartelera-navidena-con-15-presentaciones-artisticas-gratuitas\/#primaryimage"},"thumbnailUrl":"https:\/\/i0.wp.com\/masquenoticias.mx\/wp-content\/uploads\/2025\/11\/6ca37322-2af0-44c8-bbb9-2d28ae53a29d.jpg?fit=1280%2C853&ssl=1","keywords":["Cultura"],"articleSection":["Estado"],"inLanguage":"es"},{"@type":"WebPage","@id":"https:\/\/masquenoticias.mx\/index.php\/2025\/11\/29\/gobierno-del-estado-de-colima-presenta-cartelera-navidena-con-15-presentaciones-artisticas-gratuitas\/","url":"https:\/\/masquenoticias.mx\/index.php\/2025\/11\/29\/gobierno-del-estado-de-colima-presenta-cartelera-navidena-con-15-presentaciones-artisticas-gratuitas\/","name":"Gobierno del Estado de Colima presenta 'Cartelera Navide\u00f1a', con 15 presentaciones art\u00edsticas gratuitas - M\u00e1s Que Noticias","isPartOf":{"@id":"https:\/\/masquenoticias.mx\/#website"},"primaryImageOfPage":{"@id":"https:\/\/masquenoticias.mx\/index.php\/2025\/11\/29\/gobierno-del-estado-de-colima-presenta-cartelera-navidena-con-15-presentaciones-artisticas-gratuitas\/#primaryimage"},"image":{"@id":"https:\/\/masquenoticias.mx\/index.php\/2025\/11\/29\/gobierno-del-estado-de-colima-presenta-cartelera-navidena-con-15-presentaciones-artisticas-gratuitas\/#primaryimage"},"thumbnailUrl":"https:\/\/i0.wp.com\/masquenoticias.mx\/wp-content\/uploads\/2025\/11\/6ca37322-2af0-44c8-bbb9-2d28ae53a29d.jpg?fit=1280%2C853&ssl=1","datePublished":"2025-11-29T17:03:57+00:00","breadcrumb":{"@id":"https:\/\/masquenoticias.mx\/index.php\/2025\/11\/29\/gobierno-del-estado-de-colima-presenta-cartelera-navidena-con-15-presentaciones-artisticas-gratuitas\/#breadcrumb"},"inLanguage":"es","potentialAction":[{"@type":"ReadAction","target":["https:\/\/masquenoticias.mx\/index.php\/2025\/11\/29\/gobierno-del-estado-de-colima-presenta-cartelera-navidena-con-15-presentaciones-artisticas-gratuitas\/"]}]},{"@type":"ImageObject","inLanguage":"es","@id":"https:\/\/masquenoticias.mx\/index.php\/2025\/11\/29\/gobierno-del-estado-de-colima-presenta-cartelera-navidena-con-15-presentaciones-artisticas-gratuitas\/#primaryimage","url":"https:\/\/i0.wp.com\/masquenoticias.mx\/wp-content\/uploads\/2025\/11\/6ca37322-2af0-44c8-bbb9-2d28ae53a29d.jpg?fit=1280%2C853&ssl=1","contentUrl":"https:\/\/i0.wp.com\/masquenoticias.mx\/wp-content\/uploads\/2025\/11\/6ca37322-2af0-44c8-bbb9-2d28ae53a29d.jpg?fit=1280%2C853&ssl=1","width":1280,"height":853},{"@type":"BreadcrumbList","@id":"https:\/\/masquenoticias.mx\/index.php\/2025\/11\/29\/gobierno-del-estado-de-colima-presenta-cartelera-navidena-con-15-presentaciones-artisticas-gratuitas\/#breadcrumb","itemListElement":[{"@type":"ListItem","position":1,"name":"Inicio","item":"https:\/\/masquenoticias.mx\/"},{"@type":"ListItem","position":2,"name":"Gobierno del Estado de Colima presenta &#8216;Cartelera Navide\u00f1a&#8217;, con 15 presentaciones art\u00edsticas gratuitas"}]},{"@type":"WebSite","@id":"https:\/\/masquenoticias.mx\/#website","url":"https:\/\/masquenoticias.mx\/","name":"M\u00e1s Que Noticias","description":"Noticias de Colima, M\u00e9xico y el Mundo","publisher":{"@id":"https:\/\/masquenoticias.mx\/#organization"},"potentialAction":[{"@type":"SearchAction","target":{"@type":"EntryPoint","urlTemplate":"https:\/\/masquenoticias.mx\/?s={search_term_string}"},"query-input":{"@type":"PropertyValueSpecification","valueRequired":true,"valueName":"search_term_string"}}],"inLanguage":"es"},{"@type":"Organization","@id":"https:\/\/masquenoticias.mx\/#organization","name":"M\u00e1s Que Noticias","url":"https:\/\/masquenoticias.mx\/","logo":{"@type":"ImageObject","inLanguage":"es","@id":"https:\/\/masquenoticias.mx\/#\/schema\/logo\/image\/","url":"https:\/\/i0.wp.com\/masquenoticias.mx\/wp-content\/uploads\/2024\/04\/IMG_0004.png?fit=2560%2C1656&ssl=1","contentUrl":"https:\/\/i0.wp.com\/masquenoticias.mx\/wp-content\/uploads\/2024\/04\/IMG_0004.png?fit=2560%2C1656&ssl=1","width":2560,"height":1656,"caption":"M\u00e1s Que Noticias"},"image":{"@id":"https:\/\/masquenoticias.mx\/#\/schema\/logo\/image\/"},"sameAs":["https:\/\/www.facebook.com\/masquenoticiascolima","https:\/\/x.com\/edgartove","https:\/\/www.instagram.com\/masquenoticiascolima\/"]},{"@type":"Person","@id":"https:\/\/masquenoticias.mx\/#\/schema\/person\/544d19989ef23d34615f691f7a96e622","name":"Redacci\u00f3n","image":{"@type":"ImageObject","inLanguage":"es","@id":"https:\/\/masquenoticias.mx\/#\/schema\/person\/image\/","url":"https:\/\/secure.gravatar.com\/avatar\/7fcc926d5b058d3f3d52d95b4d05dd58?s=96&d=mm&r=g","contentUrl":"https:\/\/secure.gravatar.com\/avatar\/7fcc926d5b058d3f3d52d95b4d05dd58?s=96&d=mm&r=g","caption":"Redacci\u00f3n"},"sameAs":["http:\/\/masquenoticias.mx"],"url":"https:\/\/masquenoticias.mx\/index.php\/author\/edgartovegmail-com\/"}]}},"jetpack_featured_media_url":"https:\/\/i0.wp.com\/masquenoticias.mx\/wp-content\/uploads\/2025\/11\/6ca37322-2af0-44c8-bbb9-2d28ae53a29d.jpg?fit=1280%2C853&ssl=1","blog_post_layout_featured_media_urls":{"thumbnail":["https:\/\/i0.wp.com\/masquenoticias.mx\/wp-content\/uploads\/2025\/11\/6ca37322-2af0-44c8-bbb9-2d28ae53a29d.jpg?resize=150%2C150&ssl=1",150,150,true],"full":["https:\/\/i0.wp.com\/masquenoticias.mx\/wp-content\/uploads\/2025\/11\/6ca37322-2af0-44c8-bbb9-2d28ae53a29d.jpg?fit=1280%2C853&ssl=1",1280,853,false]},"categories_names":{"24":{"name":"Estado","link":"https:\/\/masquenoticias.mx\/index.php\/category\/estado\/"}},"tags_names":{"118":{"name":"Cultura","link":"https:\/\/masquenoticias.mx\/index.php\/tag\/cultura\/"}},"comments_number":"0","wpmagazine_modules_lite_featured_media_urls":{"thumbnail":["https:\/\/i0.wp.com\/masquenoticias.mx\/wp-content\/uploads\/2025\/11\/6ca37322-2af0-44c8-bbb9-2d28ae53a29d.jpg?resize=150%2C150&ssl=1",150,150,true],"cvmm-medium":["https:\/\/i0.wp.com\/masquenoticias.mx\/wp-content\/uploads\/2025\/11\/6ca37322-2af0-44c8-bbb9-2d28ae53a29d.jpg?resize=300%2C300&ssl=1",300,300,true],"cvmm-medium-plus":["https:\/\/i0.wp.com\/masquenoticias.mx\/wp-content\/uploads\/2025\/11\/6ca37322-2af0-44c8-bbb9-2d28ae53a29d.jpg?resize=305%2C207&ssl=1",305,207,true],"cvmm-portrait":["https:\/\/i0.wp.com\/masquenoticias.mx\/wp-content\/uploads\/2025\/11\/6ca37322-2af0-44c8-bbb9-2d28ae53a29d.jpg?resize=400%2C600&ssl=1",400,600,true],"cvmm-medium-square":["https:\/\/i0.wp.com\/masquenoticias.mx\/wp-content\/uploads\/2025\/11\/6ca37322-2af0-44c8-bbb9-2d28ae53a29d.jpg?resize=600%2C600&ssl=1",600,600,true],"cvmm-large":["https:\/\/i0.wp.com\/masquenoticias.mx\/wp-content\/uploads\/2025\/11\/6ca37322-2af0-44c8-bbb9-2d28ae53a29d.jpg?resize=1024%2C853&ssl=1",1024,853,true],"cvmm-small":["https:\/\/i0.wp.com\/masquenoticias.mx\/wp-content\/uploads\/2025\/11\/6ca37322-2af0-44c8-bbb9-2d28ae53a29d.jpg?resize=130%2C95&ssl=1",130,95,true],"full":["https:\/\/i0.wp.com\/masquenoticias.mx\/wp-content\/uploads\/2025\/11\/6ca37322-2af0-44c8-bbb9-2d28ae53a29d.jpg?fit=1280%2C853&ssl=1",1280,853,false]},"jetpack-related-posts":[],"jetpack_sharing_enabled":true,"jetpack_likes_enabled":true,"jetpack_shortlink":"https:\/\/wp.me\/pf7pkt-5f6","_links":{"self":[{"href":"https:\/\/masquenoticias.mx\/index.php\/wp-json\/wp\/v2\/posts\/20156","targetHints":{"allow":["GET"]}}],"collection":[{"href":"https:\/\/masquenoticias.mx\/index.php\/wp-json\/wp\/v2\/posts"}],"about":[{"href":"https:\/\/masquenoticias.mx\/index.php\/wp-json\/wp\/v2\/types\/post"}],"author":[{"embeddable":true,"href":"https:\/\/masquenoticias.mx\/index.php\/wp-json\/wp\/v2\/users\/1"}],"replies":[{"embeddable":true,"href":"https:\/\/masquenoticias.mx\/index.php\/wp-json\/wp\/v2\/comments?post=20156"}],"version-history":[{"count":1,"href":"https:\/\/masquenoticias.mx\/index.php\/wp-json\/wp\/v2\/posts\/20156\/revisions"}],"predecessor-version":[{"id":20157,"href":"https:\/\/masquenoticias.mx\/index.php\/wp-json\/wp\/v2\/posts\/20156\/revisions\/20157"}],"wp:featuredmedia":[{"embeddable":true,"href":"https:\/\/masquenoticias.mx\/index.php\/wp-json\/wp\/v2\/media\/20155"}],"wp:attachment":[{"href":"https:\/\/masquenoticias.mx\/index.php\/wp-json\/wp\/v2\/media?parent=20156"}],"wp:term":[{"taxonomy":"category","embeddable":true,"href":"https:\/\/masquenoticias.mx\/index.php\/wp-json\/wp\/v2\/categories?post=20156"},{"taxonomy":"post_tag","embeddable":true,"href":"https:\/\/masquenoticias.mx\/index.php\/wp-json\/wp\/v2\/tags?post=20156"}],"curies":[{"name":"wp","href":"https:\/\/api.w.org\/{rel}","templated":true}]}}