{"id":20113,"date":"2025-11-28T13:35:39","date_gmt":"2025-11-28T19:35:39","guid":{"rendered":"https:\/\/masquenoticias.mx\/?p=20113"},"modified":"2025-11-28T13:35:39","modified_gmt":"2025-11-28T19:35:39","slug":"instituciones-de-seguridad-social-protegen-al-personal-educativo-ante-riesgo-de-trabajo-durante-obras-en-autopista-colima-manzanillo-seyc","status":"publish","type":"post","link":"https:\/\/masquenoticias.mx\/index.php\/2025\/11\/28\/instituciones-de-seguridad-social-protegen-al-personal-educativo-ante-riesgo-de-trabajo-durante-obras-en-autopista-colima-manzanillo-seyc\/","title":{"rendered":"Instituciones de seguridad social protegen al personal educativo ante riesgo de trabajo durante obras en autopista Colima\u2013Manzanillo: SEyC"},"content":{"rendered":"<p>La Secretar\u00eda de Educaci\u00f3n y Cultura del Gobierno del Estado informa al personal educativo que se desplaza a sus centros de trabajo en Armer\u00eda, Tecom\u00e1n, Ixtlahuac\u00e1n, Manzanillo y Minatitl\u00e1n, que el Instituto de Seguridad y Servicios Sociales de los Trabajadores del Estado (ISSSTE) y el Instituto de Pensiones para Servidores P\u00fablicos del estado de Colima (Ipecol) brindan certeza y protecci\u00f3n ante un riesgo de trabajo, al usar v\u00edas alternas durante las obras de ampliaci\u00f3n en la autopista Colima\u2013Manzanillo.<\/p>\n<p>Lo anterior, luego de una reuni\u00f3n de trabajo encabezada por el secretario de Educaci\u00f3n y Cultura, Adolfo N\u00fa\u00f1ez Gonz\u00e1lez y la subsecretaria de Educaci\u00f3n y directora general de la Coordinaci\u00f3n de los Servicios Educativos del Estado de Colima, Katia Paola V\u00e1zquez Sol\u00f3rzano con los l\u00edderes de las secciones 6 y 39 del Sindicato Nacional de Trabajadores de la Educaci\u00f3n (SNTE), Miguel \u00c1ngel Rivera Huezo y David Hern\u00e1ndez Viera, respectivamente.<\/p>\n<p>Tambi\u00e9n participaron la directora de Asuntos Jur\u00eddicos del Instituto de Pensiones para Servidores P\u00fablicos del Estado de Colima (Ipecol), Laura Rosalina Vargas Rodr\u00edguez; Blanca Estela Ram\u00edrez M., representante de la Delegaci\u00f3n del ISSSTE, as\u00ed como titulares de las direcciones de Educaci\u00f3n B\u00e1sica, Educaci\u00f3n P\u00fablica, Administraci\u00f3n y Finanzas y Asuntos Jur\u00eddicos de la dependencia educativa.<\/p>\n<p>Cabe recordar que con el prop\u00f3sito de reducir riesgos viales y mejorar la movilidad, ante la intervenci\u00f3n del tramo conocido como \u2018La Salada, que inici\u00f3 el 26 de noviembre, el Gobierno del Estado anunci\u00f3 diversas rutas alternas para el traslado de veh\u00edculos ligeros, siendo las siguientes: Colima\u2013Manzanillo por Minatitl\u00e1n, Colima\u2013Armer\u00eda por Pueblo Ju\u00e1rez, Colima\u2013Tecom\u00e1n por Madrid, Armer\u00eda\u2013Colima por \u2018La Salada\u2019 e Ixtlahuac\u00e1n\u2013Colima por Los Asmoles.<\/p>\n<p>Por lo antes se\u00f1alado, se exhorta a las y los trabajadores adscritos a esta dependencia y organismo que deban trasladarse a sus centros de trabajo, considerar las recomendaciones de las autoridades, a efecto de asegurar la procedencia de profesionalidad en caso de suscitarse un riesgo de trabajo.<\/p>\n<p>Finalmente, la Secretar\u00eda de Educaci\u00f3n y Cultura, as\u00ed como la Coordinaci\u00f3n de los Servicios Educativos del Estado de Colima coincidieron en se\u00f1alar que, aunque esta obra generar\u00e1 varios contratiempos, los beneficios a largo plazo ser\u00e1n m\u00e1s y mejores para la ciudadan\u00eda, a la vez que reiteran su compromiso de seguir protegiendo los derechos y la integridad del personal educativo.<\/p>\n","protected":false},"excerpt":{"rendered":"<p>La Secretar\u00eda de Educaci\u00f3n y Cultura del Gobierno del Estado informa al personal educativo que se desplaza a sus centros de trabajo en Armer\u00eda, Tecom\u00e1n, Ixtlahuac\u00e1n, Manzanillo y Minatitl\u00e1n, que el Instituto de Seguridad y Servicios Sociales de los Trabajadores del Estado (ISSSTE) y el Instituto de Pensiones para Servidores P\u00fablicos del estado de Colima [&hellip;]<\/p>\n","protected":false},"author":1,"featured_media":20114,"comment_status":"open","ping_status":"open","sticky":false,"template":"","format":"standard","meta":{"_jetpack_memberships_contains_paid_content":false,"footnotes":""},"categories":[24],"tags":[45],"class_list":["post-20113","post","type-post","status-publish","format-standard","has-post-thumbnail","hentry","category-estado","tag-educacion"],"yoast_head":"<!-- This site is optimized with the Yoast SEO plugin v26.6 - https:\/\/yoast.com\/wordpress\/plugins\/seo\/ -->\n<title>Instituciones de seguridad social protegen al personal educativo ante riesgo de trabajo durante obras en autopista Colima\u2013Manzanillo: SEyC - M\u00e1s Que Noticias<\/title>\n<meta name=\"robots\" content=\"index, follow, max-snippet:-1, max-image-preview:large, max-video-preview:-1\" \/>\n<link rel=\"canonical\" href=\"https:\/\/masquenoticias.mx\/index.php\/2025\/11\/28\/instituciones-de-seguridad-social-protegen-al-personal-educativo-ante-riesgo-de-trabajo-durante-obras-en-autopista-colima-manzanillo-seyc\/\" \/>\n<meta property=\"og:locale\" content=\"es_MX\" \/>\n<meta property=\"og:type\" content=\"article\" \/>\n<meta property=\"og:title\" content=\"Instituciones de seguridad social protegen al personal educativo ante riesgo de trabajo durante obras en autopista Colima\u2013Manzanillo: SEyC - M\u00e1s Que Noticias\" \/>\n<meta property=\"og:description\" content=\"La Secretar\u00eda de Educaci\u00f3n y Cultura del Gobierno del Estado informa al personal educativo que se desplaza a sus centros de trabajo en Armer\u00eda, Tecom\u00e1n, Ixtlahuac\u00e1n, Manzanillo y Minatitl\u00e1n, que el Instituto de Seguridad y Servicios Sociales de los Trabajadores del Estado (ISSSTE) y el Instituto de Pensiones para Servidores P\u00fablicos del estado de Colima [&hellip;]\" \/>\n<meta property=\"og:url\" content=\"https:\/\/masquenoticias.mx\/index.php\/2025\/11\/28\/instituciones-de-seguridad-social-protegen-al-personal-educativo-ante-riesgo-de-trabajo-durante-obras-en-autopista-colima-manzanillo-seyc\/\" \/>\n<meta property=\"og:site_name\" content=\"M\u00e1s Que Noticias\" \/>\n<meta property=\"article:publisher\" content=\"https:\/\/www.facebook.com\/masquenoticiascolima\" \/>\n<meta property=\"article:published_time\" content=\"2025-11-28T19:35:39+00:00\" \/>\n<meta property=\"og:image\" content=\"https:\/\/masquenoticias.mx\/wp-content\/uploads\/2025\/11\/WhatsApp-Image-2025-11-27-at-6.47.53-PM.jpeg\" \/>\n\t<meta property=\"og:image:width\" content=\"1280\" \/>\n\t<meta property=\"og:image:height\" content=\"852\" \/>\n\t<meta property=\"og:image:type\" content=\"image\/jpeg\" \/>\n<meta name=\"author\" content=\"Redacci\u00f3n\" \/>\n<meta name=\"twitter:card\" content=\"summary_large_image\" \/>\n<meta name=\"twitter:creator\" content=\"@edgartove\" \/>\n<meta name=\"twitter:site\" content=\"@edgartove\" \/>\n<meta name=\"twitter:label1\" content=\"Escrito por\" \/>\n\t<meta name=\"twitter:data1\" content=\"Redacci\u00f3n\" \/>\n\t<meta name=\"twitter:label2\" content=\"Tiempo de lectura\" \/>\n\t<meta name=\"twitter:data2\" content=\"2 minutos\" \/>\n<script type=\"application\/ld+json\" class=\"yoast-schema-graph\">{\"@context\":\"https:\/\/schema.org\",\"@graph\":[{\"@type\":\"Article\",\"@id\":\"https:\/\/masquenoticias.mx\/index.php\/2025\/11\/28\/instituciones-de-seguridad-social-protegen-al-personal-educativo-ante-riesgo-de-trabajo-durante-obras-en-autopista-colima-manzanillo-seyc\/#article\",\"isPartOf\":{\"@id\":\"https:\/\/masquenoticias.mx\/index.php\/2025\/11\/28\/instituciones-de-seguridad-social-protegen-al-personal-educativo-ante-riesgo-de-trabajo-durante-obras-en-autopista-colima-manzanillo-seyc\/\"},\"author\":{\"name\":\"Redacci\u00f3n\",\"@id\":\"https:\/\/masquenoticias.mx\/#\/schema\/person\/544d19989ef23d34615f691f7a96e622\"},\"headline\":\"Instituciones de seguridad social protegen al personal educativo ante riesgo de trabajo durante obras en autopista Colima\u2013Manzanillo: SEyC\",\"datePublished\":\"2025-11-28T19:35:39+00:00\",\"mainEntityOfPage\":{\"@id\":\"https:\/\/masquenoticias.mx\/index.php\/2025\/11\/28\/instituciones-de-seguridad-social-protegen-al-personal-educativo-ante-riesgo-de-trabajo-durante-obras-en-autopista-colima-manzanillo-seyc\/\"},\"wordCount\":444,\"commentCount\":0,\"publisher\":{\"@id\":\"https:\/\/masquenoticias.mx\/#organization\"},\"image\":{\"@id\":\"https:\/\/masquenoticias.mx\/index.php\/2025\/11\/28\/instituciones-de-seguridad-social-protegen-al-personal-educativo-ante-riesgo-de-trabajo-durante-obras-en-autopista-colima-manzanillo-seyc\/#primaryimage\"},\"thumbnailUrl\":\"https:\/\/i0.wp.com\/masquenoticias.mx\/wp-content\/uploads\/2025\/11\/WhatsApp-Image-2025-11-27-at-6.47.53-PM.jpeg?fit=1280%2C852&ssl=1\",\"keywords\":[\"Educaci\u00f3n\"],\"articleSection\":[\"Estado\"],\"inLanguage\":\"es\",\"potentialAction\":[{\"@type\":\"CommentAction\",\"name\":\"Comment\",\"target\":[\"https:\/\/masquenoticias.mx\/index.php\/2025\/11\/28\/instituciones-de-seguridad-social-protegen-al-personal-educativo-ante-riesgo-de-trabajo-durante-obras-en-autopista-colima-manzanillo-seyc\/#respond\"]}]},{\"@type\":\"WebPage\",\"@id\":\"https:\/\/masquenoticias.mx\/index.php\/2025\/11\/28\/instituciones-de-seguridad-social-protegen-al-personal-educativo-ante-riesgo-de-trabajo-durante-obras-en-autopista-colima-manzanillo-seyc\/\",\"url\":\"https:\/\/masquenoticias.mx\/index.php\/2025\/11\/28\/instituciones-de-seguridad-social-protegen-al-personal-educativo-ante-riesgo-de-trabajo-durante-obras-en-autopista-colima-manzanillo-seyc\/\",\"name\":\"Instituciones de seguridad social protegen al personal educativo ante riesgo de trabajo durante obras en autopista Colima\u2013Manzanillo: SEyC - M\u00e1s Que Noticias\",\"isPartOf\":{\"@id\":\"https:\/\/masquenoticias.mx\/#website\"},\"primaryImageOfPage\":{\"@id\":\"https:\/\/masquenoticias.mx\/index.php\/2025\/11\/28\/instituciones-de-seguridad-social-protegen-al-personal-educativo-ante-riesgo-de-trabajo-durante-obras-en-autopista-colima-manzanillo-seyc\/#primaryimage\"},\"image\":{\"@id\":\"https:\/\/masquenoticias.mx\/index.php\/2025\/11\/28\/instituciones-de-seguridad-social-protegen-al-personal-educativo-ante-riesgo-de-trabajo-durante-obras-en-autopista-colima-manzanillo-seyc\/#primaryimage\"},\"thumbnailUrl\":\"https:\/\/i0.wp.com\/masquenoticias.mx\/wp-content\/uploads\/2025\/11\/WhatsApp-Image-2025-11-27-at-6.47.53-PM.jpeg?fit=1280%2C852&ssl=1\",\"datePublished\":\"2025-11-28T19:35:39+00:00\",\"breadcrumb\":{\"@id\":\"https:\/\/masquenoticias.mx\/index.php\/2025\/11\/28\/instituciones-de-seguridad-social-protegen-al-personal-educativo-ante-riesgo-de-trabajo-durante-obras-en-autopista-colima-manzanillo-seyc\/#breadcrumb\"},\"inLanguage\":\"es\",\"potentialAction\":[{\"@type\":\"ReadAction\",\"target\":[\"https:\/\/masquenoticias.mx\/index.php\/2025\/11\/28\/instituciones-de-seguridad-social-protegen-al-personal-educativo-ante-riesgo-de-trabajo-durante-obras-en-autopista-colima-manzanillo-seyc\/\"]}]},{\"@type\":\"ImageObject\",\"inLanguage\":\"es\",\"@id\":\"https:\/\/masquenoticias.mx\/index.php\/2025\/11\/28\/instituciones-de-seguridad-social-protegen-al-personal-educativo-ante-riesgo-de-trabajo-durante-obras-en-autopista-colima-manzanillo-seyc\/#primaryimage\",\"url\":\"https:\/\/i0.wp.com\/masquenoticias.mx\/wp-content\/uploads\/2025\/11\/WhatsApp-Image-2025-11-27-at-6.47.53-PM.jpeg?fit=1280%2C852&ssl=1\",\"contentUrl\":\"https:\/\/i0.wp.com\/masquenoticias.mx\/wp-content\/uploads\/2025\/11\/WhatsApp-Image-2025-11-27-at-6.47.53-PM.jpeg?fit=1280%2C852&ssl=1\",\"width\":1280,\"height\":852},{\"@type\":\"BreadcrumbList\",\"@id\":\"https:\/\/masquenoticias.mx\/index.php\/2025\/11\/28\/instituciones-de-seguridad-social-protegen-al-personal-educativo-ante-riesgo-de-trabajo-durante-obras-en-autopista-colima-manzanillo-seyc\/#breadcrumb\",\"itemListElement\":[{\"@type\":\"ListItem\",\"position\":1,\"name\":\"Inicio\",\"item\":\"https:\/\/masquenoticias.mx\/\"},{\"@type\":\"ListItem\",\"position\":2,\"name\":\"Instituciones de seguridad social protegen al personal educativo ante riesgo de trabajo durante obras en autopista Colima\u2013Manzanillo: SEyC\"}]},{\"@type\":\"WebSite\",\"@id\":\"https:\/\/masquenoticias.mx\/#website\",\"url\":\"https:\/\/masquenoticias.mx\/\",\"name\":\"M\u00e1s Que Noticias\",\"description\":\"Noticias de Colima, M\u00e9xico y el Mundo\",\"publisher\":{\"@id\":\"https:\/\/masquenoticias.mx\/#organization\"},\"potentialAction\":[{\"@type\":\"SearchAction\",\"target\":{\"@type\":\"EntryPoint\",\"urlTemplate\":\"https:\/\/masquenoticias.mx\/?s={search_term_string}\"},\"query-input\":{\"@type\":\"PropertyValueSpecification\",\"valueRequired\":true,\"valueName\":\"search_term_string\"}}],\"inLanguage\":\"es\"},{\"@type\":\"Organization\",\"@id\":\"https:\/\/masquenoticias.mx\/#organization\",\"name\":\"M\u00e1s Que Noticias\",\"url\":\"https:\/\/masquenoticias.mx\/\",\"logo\":{\"@type\":\"ImageObject\",\"inLanguage\":\"es\",\"@id\":\"https:\/\/masquenoticias.mx\/#\/schema\/logo\/image\/\",\"url\":\"https:\/\/i0.wp.com\/masquenoticias.mx\/wp-content\/uploads\/2024\/04\/IMG_0004.png?fit=2560%2C1656&ssl=1\",\"contentUrl\":\"https:\/\/i0.wp.com\/masquenoticias.mx\/wp-content\/uploads\/2024\/04\/IMG_0004.png?fit=2560%2C1656&ssl=1\",\"width\":2560,\"height\":1656,\"caption\":\"M\u00e1s Que Noticias\"},\"image\":{\"@id\":\"https:\/\/masquenoticias.mx\/#\/schema\/logo\/image\/\"},\"sameAs\":[\"https:\/\/www.facebook.com\/masquenoticiascolima\",\"https:\/\/x.com\/edgartove\",\"https:\/\/www.instagram.com\/masquenoticiascolima\/\"]},{\"@type\":\"Person\",\"@id\":\"https:\/\/masquenoticias.mx\/#\/schema\/person\/544d19989ef23d34615f691f7a96e622\",\"name\":\"Redacci\u00f3n\",\"image\":{\"@type\":\"ImageObject\",\"inLanguage\":\"es\",\"@id\":\"https:\/\/masquenoticias.mx\/#\/schema\/person\/image\/\",\"url\":\"https:\/\/secure.gravatar.com\/avatar\/7fcc926d5b058d3f3d52d95b4d05dd58?s=96&d=mm&r=g\",\"contentUrl\":\"https:\/\/secure.gravatar.com\/avatar\/7fcc926d5b058d3f3d52d95b4d05dd58?s=96&d=mm&r=g\",\"caption\":\"Redacci\u00f3n\"},\"sameAs\":[\"http:\/\/masquenoticias.mx\"],\"url\":\"https:\/\/masquenoticias.mx\/index.php\/author\/edgartovegmail-com\/\"}]}<\/script>\n<!-- \/ Yoast SEO plugin. -->","yoast_head_json":{"title":"Instituciones de seguridad social protegen al personal educativo ante riesgo de trabajo durante obras en autopista Colima\u2013Manzanillo: SEyC - M\u00e1s Que Noticias","robots":{"index":"index","follow":"follow","max-snippet":"max-snippet:-1","max-image-preview":"max-image-preview:large","max-video-preview":"max-video-preview:-1"},"canonical":"https:\/\/masquenoticias.mx\/index.php\/2025\/11\/28\/instituciones-de-seguridad-social-protegen-al-personal-educativo-ante-riesgo-de-trabajo-durante-obras-en-autopista-colima-manzanillo-seyc\/","og_locale":"es_MX","og_type":"article","og_title":"Instituciones de seguridad social protegen al personal educativo ante riesgo de trabajo durante obras en autopista Colima\u2013Manzanillo: SEyC - M\u00e1s Que Noticias","og_description":"La Secretar\u00eda de Educaci\u00f3n y Cultura del Gobierno del Estado informa al personal educativo que se desplaza a sus centros de trabajo en Armer\u00eda, Tecom\u00e1n, Ixtlahuac\u00e1n, Manzanillo y Minatitl\u00e1n, que el Instituto de Seguridad y Servicios Sociales de los Trabajadores del Estado (ISSSTE) y el Instituto de Pensiones para Servidores P\u00fablicos del estado de Colima [&hellip;]","og_url":"https:\/\/masquenoticias.mx\/index.php\/2025\/11\/28\/instituciones-de-seguridad-social-protegen-al-personal-educativo-ante-riesgo-de-trabajo-durante-obras-en-autopista-colima-manzanillo-seyc\/","og_site_name":"M\u00e1s Que Noticias","article_publisher":"https:\/\/www.facebook.com\/masquenoticiascolima","article_published_time":"2025-11-28T19:35:39+00:00","og_image":[{"width":1280,"height":852,"url":"https:\/\/masquenoticias.mx\/wp-content\/uploads\/2025\/11\/WhatsApp-Image-2025-11-27-at-6.47.53-PM.jpeg","type":"image\/jpeg"}],"author":"Redacci\u00f3n","twitter_card":"summary_large_image","twitter_creator":"@edgartove","twitter_site":"@edgartove","twitter_misc":{"Escrito por":"Redacci\u00f3n","Tiempo de lectura":"2 minutos"},"schema":{"@context":"https:\/\/schema.org","@graph":[{"@type":"Article","@id":"https:\/\/masquenoticias.mx\/index.php\/2025\/11\/28\/instituciones-de-seguridad-social-protegen-al-personal-educativo-ante-riesgo-de-trabajo-durante-obras-en-autopista-colima-manzanillo-seyc\/#article","isPartOf":{"@id":"https:\/\/masquenoticias.mx\/index.php\/2025\/11\/28\/instituciones-de-seguridad-social-protegen-al-personal-educativo-ante-riesgo-de-trabajo-durante-obras-en-autopista-colima-manzanillo-seyc\/"},"author":{"name":"Redacci\u00f3n","@id":"https:\/\/masquenoticias.mx\/#\/schema\/person\/544d19989ef23d34615f691f7a96e622"},"headline":"Instituciones de seguridad social protegen al personal educativo ante riesgo de trabajo durante obras en autopista Colima\u2013Manzanillo: SEyC","datePublished":"2025-11-28T19:35:39+00:00","mainEntityOfPage":{"@id":"https:\/\/masquenoticias.mx\/index.php\/2025\/11\/28\/instituciones-de-seguridad-social-protegen-al-personal-educativo-ante-riesgo-de-trabajo-durante-obras-en-autopista-colima-manzanillo-seyc\/"},"wordCount":444,"commentCount":0,"publisher":{"@id":"https:\/\/masquenoticias.mx\/#organization"},"image":{"@id":"https:\/\/masquenoticias.mx\/index.php\/2025\/11\/28\/instituciones-de-seguridad-social-protegen-al-personal-educativo-ante-riesgo-de-trabajo-durante-obras-en-autopista-colima-manzanillo-seyc\/#primaryimage"},"thumbnailUrl":"https:\/\/i0.wp.com\/masquenoticias.mx\/wp-content\/uploads\/2025\/11\/WhatsApp-Image-2025-11-27-at-6.47.53-PM.jpeg?fit=1280%2C852&ssl=1","keywords":["Educaci\u00f3n"],"articleSection":["Estado"],"inLanguage":"es","potentialAction":[{"@type":"CommentAction","name":"Comment","target":["https:\/\/masquenoticias.mx\/index.php\/2025\/11\/28\/instituciones-de-seguridad-social-protegen-al-personal-educativo-ante-riesgo-de-trabajo-durante-obras-en-autopista-colima-manzanillo-seyc\/#respond"]}]},{"@type":"WebPage","@id":"https:\/\/masquenoticias.mx\/index.php\/2025\/11\/28\/instituciones-de-seguridad-social-protegen-al-personal-educativo-ante-riesgo-de-trabajo-durante-obras-en-autopista-colima-manzanillo-seyc\/","url":"https:\/\/masquenoticias.mx\/index.php\/2025\/11\/28\/instituciones-de-seguridad-social-protegen-al-personal-educativo-ante-riesgo-de-trabajo-durante-obras-en-autopista-colima-manzanillo-seyc\/","name":"Instituciones de seguridad social protegen al personal educativo ante riesgo de trabajo durante obras en autopista Colima\u2013Manzanillo: SEyC - M\u00e1s Que Noticias","isPartOf":{"@id":"https:\/\/masquenoticias.mx\/#website"},"primaryImageOfPage":{"@id":"https:\/\/masquenoticias.mx\/index.php\/2025\/11\/28\/instituciones-de-seguridad-social-protegen-al-personal-educativo-ante-riesgo-de-trabajo-durante-obras-en-autopista-colima-manzanillo-seyc\/#primaryimage"},"image":{"@id":"https:\/\/masquenoticias.mx\/index.php\/2025\/11\/28\/instituciones-de-seguridad-social-protegen-al-personal-educativo-ante-riesgo-de-trabajo-durante-obras-en-autopista-colima-manzanillo-seyc\/#primaryimage"},"thumbnailUrl":"https:\/\/i0.wp.com\/masquenoticias.mx\/wp-content\/uploads\/2025\/11\/WhatsApp-Image-2025-11-27-at-6.47.53-PM.jpeg?fit=1280%2C852&ssl=1","datePublished":"2025-11-28T19:35:39+00:00","breadcrumb":{"@id":"https:\/\/masquenoticias.mx\/index.php\/2025\/11\/28\/instituciones-de-seguridad-social-protegen-al-personal-educativo-ante-riesgo-de-trabajo-durante-obras-en-autopista-colima-manzanillo-seyc\/#breadcrumb"},"inLanguage":"es","potentialAction":[{"@type":"ReadAction","target":["https:\/\/masquenoticias.mx\/index.php\/2025\/11\/28\/instituciones-de-seguridad-social-protegen-al-personal-educativo-ante-riesgo-de-trabajo-durante-obras-en-autopista-colima-manzanillo-seyc\/"]}]},{"@type":"ImageObject","inLanguage":"es","@id":"https:\/\/masquenoticias.mx\/index.php\/2025\/11\/28\/instituciones-de-seguridad-social-protegen-al-personal-educativo-ante-riesgo-de-trabajo-durante-obras-en-autopista-colima-manzanillo-seyc\/#primaryimage","url":"https:\/\/i0.wp.com\/masquenoticias.mx\/wp-content\/uploads\/2025\/11\/WhatsApp-Image-2025-11-27-at-6.47.53-PM.jpeg?fit=1280%2C852&ssl=1","contentUrl":"https:\/\/i0.wp.com\/masquenoticias.mx\/wp-content\/uploads\/2025\/11\/WhatsApp-Image-2025-11-27-at-6.47.53-PM.jpeg?fit=1280%2C852&ssl=1","width":1280,"height":852},{"@type":"BreadcrumbList","@id":"https:\/\/masquenoticias.mx\/index.php\/2025\/11\/28\/instituciones-de-seguridad-social-protegen-al-personal-educativo-ante-riesgo-de-trabajo-durante-obras-en-autopista-colima-manzanillo-seyc\/#breadcrumb","itemListElement":[{"@type":"ListItem","position":1,"name":"Inicio","item":"https:\/\/masquenoticias.mx\/"},{"@type":"ListItem","position":2,"name":"Instituciones de seguridad social protegen al personal educativo ante riesgo de trabajo durante obras en autopista Colima\u2013Manzanillo: SEyC"}]},{"@type":"WebSite","@id":"https:\/\/masquenoticias.mx\/#website","url":"https:\/\/masquenoticias.mx\/","name":"M\u00e1s Que Noticias","description":"Noticias de Colima, M\u00e9xico y el Mundo","publisher":{"@id":"https:\/\/masquenoticias.mx\/#organization"},"potentialAction":[{"@type":"SearchAction","target":{"@type":"EntryPoint","urlTemplate":"https:\/\/masquenoticias.mx\/?s={search_term_string}"},"query-input":{"@type":"PropertyValueSpecification","valueRequired":true,"valueName":"search_term_string"}}],"inLanguage":"es"},{"@type":"Organization","@id":"https:\/\/masquenoticias.mx\/#organization","name":"M\u00e1s Que Noticias","url":"https:\/\/masquenoticias.mx\/","logo":{"@type":"ImageObject","inLanguage":"es","@id":"https:\/\/masquenoticias.mx\/#\/schema\/logo\/image\/","url":"https:\/\/i0.wp.com\/masquenoticias.mx\/wp-content\/uploads\/2024\/04\/IMG_0004.png?fit=2560%2C1656&ssl=1","contentUrl":"https:\/\/i0.wp.com\/masquenoticias.mx\/wp-content\/uploads\/2024\/04\/IMG_0004.png?fit=2560%2C1656&ssl=1","width":2560,"height":1656,"caption":"M\u00e1s Que Noticias"},"image":{"@id":"https:\/\/masquenoticias.mx\/#\/schema\/logo\/image\/"},"sameAs":["https:\/\/www.facebook.com\/masquenoticiascolima","https:\/\/x.com\/edgartove","https:\/\/www.instagram.com\/masquenoticiascolima\/"]},{"@type":"Person","@id":"https:\/\/masquenoticias.mx\/#\/schema\/person\/544d19989ef23d34615f691f7a96e622","name":"Redacci\u00f3n","image":{"@type":"ImageObject","inLanguage":"es","@id":"https:\/\/masquenoticias.mx\/#\/schema\/person\/image\/","url":"https:\/\/secure.gravatar.com\/avatar\/7fcc926d5b058d3f3d52d95b4d05dd58?s=96&d=mm&r=g","contentUrl":"https:\/\/secure.gravatar.com\/avatar\/7fcc926d5b058d3f3d52d95b4d05dd58?s=96&d=mm&r=g","caption":"Redacci\u00f3n"},"sameAs":["http:\/\/masquenoticias.mx"],"url":"https:\/\/masquenoticias.mx\/index.php\/author\/edgartovegmail-com\/"}]}},"jetpack_featured_media_url":"https:\/\/i0.wp.com\/masquenoticias.mx\/wp-content\/uploads\/2025\/11\/WhatsApp-Image-2025-11-27-at-6.47.53-PM.jpeg?fit=1280%2C852&ssl=1","blog_post_layout_featured_media_urls":{"thumbnail":["https:\/\/i0.wp.com\/masquenoticias.mx\/wp-content\/uploads\/2025\/11\/WhatsApp-Image-2025-11-27-at-6.47.53-PM.jpeg?resize=150%2C150&ssl=1",150,150,true],"full":["https:\/\/i0.wp.com\/masquenoticias.mx\/wp-content\/uploads\/2025\/11\/WhatsApp-Image-2025-11-27-at-6.47.53-PM.jpeg?fit=1280%2C852&ssl=1",1280,852,false]},"categories_names":{"24":{"name":"Estado","link":"https:\/\/masquenoticias.mx\/index.php\/category\/estado\/"}},"tags_names":{"45":{"name":"Educaci\u00f3n","link":"https:\/\/masquenoticias.mx\/index.php\/tag\/educacion\/"}},"comments_number":"0","wpmagazine_modules_lite_featured_media_urls":{"thumbnail":["https:\/\/i0.wp.com\/masquenoticias.mx\/wp-content\/uploads\/2025\/11\/WhatsApp-Image-2025-11-27-at-6.47.53-PM.jpeg?resize=150%2C150&ssl=1",150,150,true],"cvmm-medium":["https:\/\/i0.wp.com\/masquenoticias.mx\/wp-content\/uploads\/2025\/11\/WhatsApp-Image-2025-11-27-at-6.47.53-PM.jpeg?resize=300%2C300&ssl=1",300,300,true],"cvmm-medium-plus":["https:\/\/i0.wp.com\/masquenoticias.mx\/wp-content\/uploads\/2025\/11\/WhatsApp-Image-2025-11-27-at-6.47.53-PM.jpeg?resize=305%2C207&ssl=1",305,207,true],"cvmm-portrait":["https:\/\/i0.wp.com\/masquenoticias.mx\/wp-content\/uploads\/2025\/11\/WhatsApp-Image-2025-11-27-at-6.47.53-PM.jpeg?resize=400%2C600&ssl=1",400,600,true],"cvmm-medium-square":["https:\/\/i0.wp.com\/masquenoticias.mx\/wp-content\/uploads\/2025\/11\/WhatsApp-Image-2025-11-27-at-6.47.53-PM.jpeg?resize=600%2C600&ssl=1",600,600,true],"cvmm-large":["https:\/\/i0.wp.com\/masquenoticias.mx\/wp-content\/uploads\/2025\/11\/WhatsApp-Image-2025-11-27-at-6.47.53-PM.jpeg?resize=1024%2C852&ssl=1",1024,852,true],"cvmm-small":["https:\/\/i0.wp.com\/masquenoticias.mx\/wp-content\/uploads\/2025\/11\/WhatsApp-Image-2025-11-27-at-6.47.53-PM.jpeg?resize=130%2C95&ssl=1",130,95,true],"full":["https:\/\/i0.wp.com\/masquenoticias.mx\/wp-content\/uploads\/2025\/11\/WhatsApp-Image-2025-11-27-at-6.47.53-PM.jpeg?fit=1280%2C852&ssl=1",1280,852,false]},"jetpack-related-posts":[],"jetpack_sharing_enabled":true,"jetpack_likes_enabled":true,"jetpack_shortlink":"https:\/\/wp.me\/pf7pkt-5ep","_links":{"self":[{"href":"https:\/\/masquenoticias.mx\/index.php\/wp-json\/wp\/v2\/posts\/20113","targetHints":{"allow":["GET"]}}],"collection":[{"href":"https:\/\/masquenoticias.mx\/index.php\/wp-json\/wp\/v2\/posts"}],"about":[{"href":"https:\/\/masquenoticias.mx\/index.php\/wp-json\/wp\/v2\/types\/post"}],"author":[{"embeddable":true,"href":"https:\/\/masquenoticias.mx\/index.php\/wp-json\/wp\/v2\/users\/1"}],"replies":[{"embeddable":true,"href":"https:\/\/masquenoticias.mx\/index.php\/wp-json\/wp\/v2\/comments?post=20113"}],"version-history":[{"count":1,"href":"https:\/\/masquenoticias.mx\/index.php\/wp-json\/wp\/v2\/posts\/20113\/revisions"}],"predecessor-version":[{"id":20115,"href":"https:\/\/masquenoticias.mx\/index.php\/wp-json\/wp\/v2\/posts\/20113\/revisions\/20115"}],"wp:featuredmedia":[{"embeddable":true,"href":"https:\/\/masquenoticias.mx\/index.php\/wp-json\/wp\/v2\/media\/20114"}],"wp:attachment":[{"href":"https:\/\/masquenoticias.mx\/index.php\/wp-json\/wp\/v2\/media?parent=20113"}],"wp:term":[{"taxonomy":"category","embeddable":true,"href":"https:\/\/masquenoticias.mx\/index.php\/wp-json\/wp\/v2\/categories?post=20113"},{"taxonomy":"post_tag","embeddable":true,"href":"https:\/\/masquenoticias.mx\/index.php\/wp-json\/wp\/v2\/tags?post=20113"}],"curies":[{"name":"wp","href":"https:\/\/api.w.org\/{rel}","templated":true}]}}