{"id":19936,"date":"2025-11-20T17:43:25","date_gmt":"2025-11-20T23:43:25","guid":{"rendered":"https:\/\/masquenoticias.mx\/?p=19936"},"modified":"2025-11-20T17:43:25","modified_gmt":"2025-11-20T23:43:25","slug":"vacunacion-es-vital-para-evitar-que-se-agrave-la-epoc-salud-colima","status":"publish","type":"post","link":"https:\/\/masquenoticias.mx\/index.php\/2025\/11\/20\/vacunacion-es-vital-para-evitar-que-se-agrave-la-epoc-salud-colima\/","title":{"rendered":"Vacunaci\u00f3n es vital para evitar que se agrave la EPOC: Salud Colima"},"content":{"rendered":"\n<p><\/p>\n\n\n\n<p>La Secretar\u00eda de Salud del Gobierno del Estado de Colima alerta que la vacunaci\u00f3n es crucial para prevenir infecciones respiratorias que pueden agravar la enfermedad pulmonar obstructiva cr\u00f3nica (EPOC), por lo que es importante vacunarse contra el neumococo y la influenza esta temporada invernal; la vacuna es gratuita y se aplica en todos los Centros de Salud de la entidad.<\/p>\n\n\n\n<p>La Organizaci\u00f3n Mundial de la Salud recomienda protegerse de infecciones pulmonares mediante la vacuna contra la gripe (influenza) y la neumon\u00eda (neumoc\u00f3cica), as\u00ed como las vacunas contra el Covid-19, el virus respiratorio sincitial y la tosferina.<\/p>\n\n\n\n<p>En el D\u00eda Mundial de la EPOC la dependencia expuso que \u00e9sta es una enfermedad que reduce el flujo de aire y causa problemas respiratorios, y en ocasiones se denomina enfisema o bronquitis cr\u00f3nica.<\/p>\n\n\n\n<p>Es fundamental que las personas que viven con la EPOC deben contar con esquema completo de vacunaci\u00f3n contra Covid-19, influenza, neumococo y tosferina, para evitar reca\u00eddas o enfermedad respiratoria grave.<\/p>\n\n\n\n<p>Para prevenir este padecimiento se sugiere dejar de fumar o no empezar a hacerlo, evitar sustancias irritantes para los pulmones como la contaminaci\u00f3n ambiental, los vapores qu\u00edmicos, el polvo y el humo de segunda mano, realizar ejercicios f\u00edsicos y vacunarse contra el neumococo y la influenza.<\/p>\n\n\n\n<p>Especialistas del Instituto Nacional de Enfermedades Respiratorias (INER) de la Secretar\u00eda de Salud refirieron que la EPOC se presenta despu\u00e9s de los 40 a\u00f1os de edad, generalmente como consecuencia del consumo de tabaco o exposici\u00f3n al humo de le\u00f1a durante diez a treinta a\u00f1os.<\/p>\n\n\n\n<p>La Secretar\u00eda de Salud mencion\u00f3 que en 2021 fallecieron por EPOC 8,714 mujeres y 10,045 hombres, seg\u00fan cifras del Inegi, y es la cuarta causa de muerte en el mundo, ocasionando en 2021 un total de 3,5 millones de defunciones en todo el planeta. #Operaci\u00f3nSaludColima<\/p>\n","protected":false},"excerpt":{"rendered":"<p>La Secretar\u00eda de Salud del Gobierno del Estado de Colima alerta que la vacunaci\u00f3n es crucial para prevenir infecciones respiratorias que pueden agravar la enfermedad pulmonar obstructiva cr\u00f3nica (EPOC), por lo que es importante vacunarse contra el neumococo y la influenza esta temporada invernal; la vacuna es gratuita y se aplica en todos los Centros [&hellip;]<\/p>\n","protected":false},"author":1,"featured_media":19935,"comment_status":"closed","ping_status":"open","sticky":false,"template":"","format":"standard","meta":{"_jetpack_memberships_contains_paid_content":false,"footnotes":""},"categories":[24],"tags":[63],"class_list":["post-19936","post","type-post","status-publish","format-standard","has-post-thumbnail","hentry","category-estado","tag-salud"],"yoast_head":"<!-- This site is optimized with the Yoast SEO plugin v26.6 - https:\/\/yoast.com\/wordpress\/plugins\/seo\/ -->\n<title>Vacunaci\u00f3n es vital para evitar que se agrave la EPOC: Salud Colima - M\u00e1s Que Noticias<\/title>\n<meta name=\"robots\" content=\"index, follow, max-snippet:-1, max-image-preview:large, max-video-preview:-1\" \/>\n<link rel=\"canonical\" href=\"https:\/\/masquenoticias.mx\/index.php\/2025\/11\/20\/vacunacion-es-vital-para-evitar-que-se-agrave-la-epoc-salud-colima\/\" \/>\n<meta property=\"og:locale\" content=\"es_MX\" \/>\n<meta property=\"og:type\" content=\"article\" \/>\n<meta property=\"og:title\" content=\"Vacunaci\u00f3n es vital para evitar que se agrave la EPOC: Salud Colima - M\u00e1s Que Noticias\" \/>\n<meta property=\"og:description\" content=\"La Secretar\u00eda de Salud del Gobierno del Estado de Colima alerta que la vacunaci\u00f3n es crucial para prevenir infecciones respiratorias que pueden agravar la enfermedad pulmonar obstructiva cr\u00f3nica (EPOC), por lo que es importante vacunarse contra el neumococo y la influenza esta temporada invernal; la vacuna es gratuita y se aplica en todos los Centros [&hellip;]\" \/>\n<meta property=\"og:url\" content=\"https:\/\/masquenoticias.mx\/index.php\/2025\/11\/20\/vacunacion-es-vital-para-evitar-que-se-agrave-la-epoc-salud-colima\/\" \/>\n<meta property=\"og:site_name\" content=\"M\u00e1s Que Noticias\" \/>\n<meta property=\"article:publisher\" content=\"https:\/\/www.facebook.com\/masquenoticiascolima\" \/>\n<meta property=\"article:published_time\" content=\"2025-11-20T23:43:25+00:00\" \/>\n<meta property=\"og:image\" content=\"https:\/\/i0.wp.com\/masquenoticias.mx\/wp-content\/uploads\/2025\/11\/62bf31dc-98f5-42c2-bf8d-600823e17266.jpg?fit=2000%2C1500&ssl=1\" \/>\n\t<meta property=\"og:image:width\" content=\"2000\" \/>\n\t<meta property=\"og:image:height\" content=\"1500\" \/>\n\t<meta property=\"og:image:type\" content=\"image\/jpeg\" \/>\n<meta name=\"author\" content=\"Redacci\u00f3n\" \/>\n<meta name=\"twitter:card\" content=\"summary_large_image\" \/>\n<meta name=\"twitter:creator\" content=\"@edgartove\" \/>\n<meta name=\"twitter:site\" content=\"@edgartove\" \/>\n<meta name=\"twitter:label1\" content=\"Escrito por\" \/>\n\t<meta name=\"twitter:data1\" content=\"Redacci\u00f3n\" \/>\n\t<meta name=\"twitter:label2\" content=\"Tiempo de lectura\" \/>\n\t<meta name=\"twitter:data2\" content=\"2 minutos\" \/>\n<script type=\"application\/ld+json\" class=\"yoast-schema-graph\">{\"@context\":\"https:\/\/schema.org\",\"@graph\":[{\"@type\":\"Article\",\"@id\":\"https:\/\/masquenoticias.mx\/index.php\/2025\/11\/20\/vacunacion-es-vital-para-evitar-que-se-agrave-la-epoc-salud-colima\/#article\",\"isPartOf\":{\"@id\":\"https:\/\/masquenoticias.mx\/index.php\/2025\/11\/20\/vacunacion-es-vital-para-evitar-que-se-agrave-la-epoc-salud-colima\/\"},\"author\":{\"name\":\"Redacci\u00f3n\",\"@id\":\"https:\/\/masquenoticias.mx\/#\/schema\/person\/544d19989ef23d34615f691f7a96e622\"},\"headline\":\"Vacunaci\u00f3n es vital para evitar que se agrave la EPOC: Salud Colima\",\"datePublished\":\"2025-11-20T23:43:25+00:00\",\"mainEntityOfPage\":{\"@id\":\"https:\/\/masquenoticias.mx\/index.php\/2025\/11\/20\/vacunacion-es-vital-para-evitar-que-se-agrave-la-epoc-salud-colima\/\"},\"wordCount\":324,\"publisher\":{\"@id\":\"https:\/\/masquenoticias.mx\/#organization\"},\"image\":{\"@id\":\"https:\/\/masquenoticias.mx\/index.php\/2025\/11\/20\/vacunacion-es-vital-para-evitar-que-se-agrave-la-epoc-salud-colima\/#primaryimage\"},\"thumbnailUrl\":\"https:\/\/i0.wp.com\/masquenoticias.mx\/wp-content\/uploads\/2025\/11\/62bf31dc-98f5-42c2-bf8d-600823e17266.jpg?fit=2000%2C1500&ssl=1\",\"keywords\":[\"Salud\"],\"articleSection\":[\"Estado\"],\"inLanguage\":\"es\"},{\"@type\":\"WebPage\",\"@id\":\"https:\/\/masquenoticias.mx\/index.php\/2025\/11\/20\/vacunacion-es-vital-para-evitar-que-se-agrave-la-epoc-salud-colima\/\",\"url\":\"https:\/\/masquenoticias.mx\/index.php\/2025\/11\/20\/vacunacion-es-vital-para-evitar-que-se-agrave-la-epoc-salud-colima\/\",\"name\":\"Vacunaci\u00f3n es vital para evitar que se agrave la EPOC: Salud Colima - M\u00e1s Que Noticias\",\"isPartOf\":{\"@id\":\"https:\/\/masquenoticias.mx\/#website\"},\"primaryImageOfPage\":{\"@id\":\"https:\/\/masquenoticias.mx\/index.php\/2025\/11\/20\/vacunacion-es-vital-para-evitar-que-se-agrave-la-epoc-salud-colima\/#primaryimage\"},\"image\":{\"@id\":\"https:\/\/masquenoticias.mx\/index.php\/2025\/11\/20\/vacunacion-es-vital-para-evitar-que-se-agrave-la-epoc-salud-colima\/#primaryimage\"},\"thumbnailUrl\":\"https:\/\/i0.wp.com\/masquenoticias.mx\/wp-content\/uploads\/2025\/11\/62bf31dc-98f5-42c2-bf8d-600823e17266.jpg?fit=2000%2C1500&ssl=1\",\"datePublished\":\"2025-11-20T23:43:25+00:00\",\"breadcrumb\":{\"@id\":\"https:\/\/masquenoticias.mx\/index.php\/2025\/11\/20\/vacunacion-es-vital-para-evitar-que-se-agrave-la-epoc-salud-colima\/#breadcrumb\"},\"inLanguage\":\"es\",\"potentialAction\":[{\"@type\":\"ReadAction\",\"target\":[\"https:\/\/masquenoticias.mx\/index.php\/2025\/11\/20\/vacunacion-es-vital-para-evitar-que-se-agrave-la-epoc-salud-colima\/\"]}]},{\"@type\":\"ImageObject\",\"inLanguage\":\"es\",\"@id\":\"https:\/\/masquenoticias.mx\/index.php\/2025\/11\/20\/vacunacion-es-vital-para-evitar-que-se-agrave-la-epoc-salud-colima\/#primaryimage\",\"url\":\"https:\/\/i0.wp.com\/masquenoticias.mx\/wp-content\/uploads\/2025\/11\/62bf31dc-98f5-42c2-bf8d-600823e17266.jpg?fit=2000%2C1500&ssl=1\",\"contentUrl\":\"https:\/\/i0.wp.com\/masquenoticias.mx\/wp-content\/uploads\/2025\/11\/62bf31dc-98f5-42c2-bf8d-600823e17266.jpg?fit=2000%2C1500&ssl=1\",\"width\":2000,\"height\":1500},{\"@type\":\"BreadcrumbList\",\"@id\":\"https:\/\/masquenoticias.mx\/index.php\/2025\/11\/20\/vacunacion-es-vital-para-evitar-que-se-agrave-la-epoc-salud-colima\/#breadcrumb\",\"itemListElement\":[{\"@type\":\"ListItem\",\"position\":1,\"name\":\"Inicio\",\"item\":\"https:\/\/masquenoticias.mx\/\"},{\"@type\":\"ListItem\",\"position\":2,\"name\":\"Vacunaci\u00f3n es vital para evitar que se agrave la EPOC: Salud Colima\"}]},{\"@type\":\"WebSite\",\"@id\":\"https:\/\/masquenoticias.mx\/#website\",\"url\":\"https:\/\/masquenoticias.mx\/\",\"name\":\"M\u00e1s Que Noticias\",\"description\":\"Noticias de Colima, M\u00e9xico y el Mundo\",\"publisher\":{\"@id\":\"https:\/\/masquenoticias.mx\/#organization\"},\"potentialAction\":[{\"@type\":\"SearchAction\",\"target\":{\"@type\":\"EntryPoint\",\"urlTemplate\":\"https:\/\/masquenoticias.mx\/?s={search_term_string}\"},\"query-input\":{\"@type\":\"PropertyValueSpecification\",\"valueRequired\":true,\"valueName\":\"search_term_string\"}}],\"inLanguage\":\"es\"},{\"@type\":\"Organization\",\"@id\":\"https:\/\/masquenoticias.mx\/#organization\",\"name\":\"M\u00e1s Que Noticias\",\"url\":\"https:\/\/masquenoticias.mx\/\",\"logo\":{\"@type\":\"ImageObject\",\"inLanguage\":\"es\",\"@id\":\"https:\/\/masquenoticias.mx\/#\/schema\/logo\/image\/\",\"url\":\"https:\/\/i0.wp.com\/masquenoticias.mx\/wp-content\/uploads\/2024\/04\/IMG_0004.png?fit=2560%2C1656&ssl=1\",\"contentUrl\":\"https:\/\/i0.wp.com\/masquenoticias.mx\/wp-content\/uploads\/2024\/04\/IMG_0004.png?fit=2560%2C1656&ssl=1\",\"width\":2560,\"height\":1656,\"caption\":\"M\u00e1s Que Noticias\"},\"image\":{\"@id\":\"https:\/\/masquenoticias.mx\/#\/schema\/logo\/image\/\"},\"sameAs\":[\"https:\/\/www.facebook.com\/masquenoticiascolima\",\"https:\/\/x.com\/edgartove\",\"https:\/\/www.instagram.com\/masquenoticiascolima\/\"]},{\"@type\":\"Person\",\"@id\":\"https:\/\/masquenoticias.mx\/#\/schema\/person\/544d19989ef23d34615f691f7a96e622\",\"name\":\"Redacci\u00f3n\",\"image\":{\"@type\":\"ImageObject\",\"inLanguage\":\"es\",\"@id\":\"https:\/\/masquenoticias.mx\/#\/schema\/person\/image\/\",\"url\":\"https:\/\/secure.gravatar.com\/avatar\/7fcc926d5b058d3f3d52d95b4d05dd58?s=96&d=mm&r=g\",\"contentUrl\":\"https:\/\/secure.gravatar.com\/avatar\/7fcc926d5b058d3f3d52d95b4d05dd58?s=96&d=mm&r=g\",\"caption\":\"Redacci\u00f3n\"},\"sameAs\":[\"http:\/\/masquenoticias.mx\"],\"url\":\"https:\/\/masquenoticias.mx\/index.php\/author\/edgartovegmail-com\/\"}]}<\/script>\n<!-- \/ Yoast SEO plugin. -->","yoast_head_json":{"title":"Vacunaci\u00f3n es vital para evitar que se agrave la EPOC: Salud Colima - M\u00e1s Que Noticias","robots":{"index":"index","follow":"follow","max-snippet":"max-snippet:-1","max-image-preview":"max-image-preview:large","max-video-preview":"max-video-preview:-1"},"canonical":"https:\/\/masquenoticias.mx\/index.php\/2025\/11\/20\/vacunacion-es-vital-para-evitar-que-se-agrave-la-epoc-salud-colima\/","og_locale":"es_MX","og_type":"article","og_title":"Vacunaci\u00f3n es vital para evitar que se agrave la EPOC: Salud Colima - M\u00e1s Que Noticias","og_description":"La Secretar\u00eda de Salud del Gobierno del Estado de Colima alerta que la vacunaci\u00f3n es crucial para prevenir infecciones respiratorias que pueden agravar la enfermedad pulmonar obstructiva cr\u00f3nica (EPOC), por lo que es importante vacunarse contra el neumococo y la influenza esta temporada invernal; la vacuna es gratuita y se aplica en todos los Centros [&hellip;]","og_url":"https:\/\/masquenoticias.mx\/index.php\/2025\/11\/20\/vacunacion-es-vital-para-evitar-que-se-agrave-la-epoc-salud-colima\/","og_site_name":"M\u00e1s Que Noticias","article_publisher":"https:\/\/www.facebook.com\/masquenoticiascolima","article_published_time":"2025-11-20T23:43:25+00:00","og_image":[{"width":2000,"height":1500,"url":"https:\/\/i0.wp.com\/masquenoticias.mx\/wp-content\/uploads\/2025\/11\/62bf31dc-98f5-42c2-bf8d-600823e17266.jpg?fit=2000%2C1500&ssl=1","type":"image\/jpeg"}],"author":"Redacci\u00f3n","twitter_card":"summary_large_image","twitter_creator":"@edgartove","twitter_site":"@edgartove","twitter_misc":{"Escrito por":"Redacci\u00f3n","Tiempo de lectura":"2 minutos"},"schema":{"@context":"https:\/\/schema.org","@graph":[{"@type":"Article","@id":"https:\/\/masquenoticias.mx\/index.php\/2025\/11\/20\/vacunacion-es-vital-para-evitar-que-se-agrave-la-epoc-salud-colima\/#article","isPartOf":{"@id":"https:\/\/masquenoticias.mx\/index.php\/2025\/11\/20\/vacunacion-es-vital-para-evitar-que-se-agrave-la-epoc-salud-colima\/"},"author":{"name":"Redacci\u00f3n","@id":"https:\/\/masquenoticias.mx\/#\/schema\/person\/544d19989ef23d34615f691f7a96e622"},"headline":"Vacunaci\u00f3n es vital para evitar que se agrave la EPOC: Salud Colima","datePublished":"2025-11-20T23:43:25+00:00","mainEntityOfPage":{"@id":"https:\/\/masquenoticias.mx\/index.php\/2025\/11\/20\/vacunacion-es-vital-para-evitar-que-se-agrave-la-epoc-salud-colima\/"},"wordCount":324,"publisher":{"@id":"https:\/\/masquenoticias.mx\/#organization"},"image":{"@id":"https:\/\/masquenoticias.mx\/index.php\/2025\/11\/20\/vacunacion-es-vital-para-evitar-que-se-agrave-la-epoc-salud-colima\/#primaryimage"},"thumbnailUrl":"https:\/\/i0.wp.com\/masquenoticias.mx\/wp-content\/uploads\/2025\/11\/62bf31dc-98f5-42c2-bf8d-600823e17266.jpg?fit=2000%2C1500&ssl=1","keywords":["Salud"],"articleSection":["Estado"],"inLanguage":"es"},{"@type":"WebPage","@id":"https:\/\/masquenoticias.mx\/index.php\/2025\/11\/20\/vacunacion-es-vital-para-evitar-que-se-agrave-la-epoc-salud-colima\/","url":"https:\/\/masquenoticias.mx\/index.php\/2025\/11\/20\/vacunacion-es-vital-para-evitar-que-se-agrave-la-epoc-salud-colima\/","name":"Vacunaci\u00f3n es vital para evitar que se agrave la EPOC: Salud Colima - M\u00e1s Que Noticias","isPartOf":{"@id":"https:\/\/masquenoticias.mx\/#website"},"primaryImageOfPage":{"@id":"https:\/\/masquenoticias.mx\/index.php\/2025\/11\/20\/vacunacion-es-vital-para-evitar-que-se-agrave-la-epoc-salud-colima\/#primaryimage"},"image":{"@id":"https:\/\/masquenoticias.mx\/index.php\/2025\/11\/20\/vacunacion-es-vital-para-evitar-que-se-agrave-la-epoc-salud-colima\/#primaryimage"},"thumbnailUrl":"https:\/\/i0.wp.com\/masquenoticias.mx\/wp-content\/uploads\/2025\/11\/62bf31dc-98f5-42c2-bf8d-600823e17266.jpg?fit=2000%2C1500&ssl=1","datePublished":"2025-11-20T23:43:25+00:00","breadcrumb":{"@id":"https:\/\/masquenoticias.mx\/index.php\/2025\/11\/20\/vacunacion-es-vital-para-evitar-que-se-agrave-la-epoc-salud-colima\/#breadcrumb"},"inLanguage":"es","potentialAction":[{"@type":"ReadAction","target":["https:\/\/masquenoticias.mx\/index.php\/2025\/11\/20\/vacunacion-es-vital-para-evitar-que-se-agrave-la-epoc-salud-colima\/"]}]},{"@type":"ImageObject","inLanguage":"es","@id":"https:\/\/masquenoticias.mx\/index.php\/2025\/11\/20\/vacunacion-es-vital-para-evitar-que-se-agrave-la-epoc-salud-colima\/#primaryimage","url":"https:\/\/i0.wp.com\/masquenoticias.mx\/wp-content\/uploads\/2025\/11\/62bf31dc-98f5-42c2-bf8d-600823e17266.jpg?fit=2000%2C1500&ssl=1","contentUrl":"https:\/\/i0.wp.com\/masquenoticias.mx\/wp-content\/uploads\/2025\/11\/62bf31dc-98f5-42c2-bf8d-600823e17266.jpg?fit=2000%2C1500&ssl=1","width":2000,"height":1500},{"@type":"BreadcrumbList","@id":"https:\/\/masquenoticias.mx\/index.php\/2025\/11\/20\/vacunacion-es-vital-para-evitar-que-se-agrave-la-epoc-salud-colima\/#breadcrumb","itemListElement":[{"@type":"ListItem","position":1,"name":"Inicio","item":"https:\/\/masquenoticias.mx\/"},{"@type":"ListItem","position":2,"name":"Vacunaci\u00f3n es vital para evitar que se agrave la EPOC: Salud Colima"}]},{"@type":"WebSite","@id":"https:\/\/masquenoticias.mx\/#website","url":"https:\/\/masquenoticias.mx\/","name":"M\u00e1s Que Noticias","description":"Noticias de Colima, M\u00e9xico y el Mundo","publisher":{"@id":"https:\/\/masquenoticias.mx\/#organization"},"potentialAction":[{"@type":"SearchAction","target":{"@type":"EntryPoint","urlTemplate":"https:\/\/masquenoticias.mx\/?s={search_term_string}"},"query-input":{"@type":"PropertyValueSpecification","valueRequired":true,"valueName":"search_term_string"}}],"inLanguage":"es"},{"@type":"Organization","@id":"https:\/\/masquenoticias.mx\/#organization","name":"M\u00e1s Que Noticias","url":"https:\/\/masquenoticias.mx\/","logo":{"@type":"ImageObject","inLanguage":"es","@id":"https:\/\/masquenoticias.mx\/#\/schema\/logo\/image\/","url":"https:\/\/i0.wp.com\/masquenoticias.mx\/wp-content\/uploads\/2024\/04\/IMG_0004.png?fit=2560%2C1656&ssl=1","contentUrl":"https:\/\/i0.wp.com\/masquenoticias.mx\/wp-content\/uploads\/2024\/04\/IMG_0004.png?fit=2560%2C1656&ssl=1","width":2560,"height":1656,"caption":"M\u00e1s Que Noticias"},"image":{"@id":"https:\/\/masquenoticias.mx\/#\/schema\/logo\/image\/"},"sameAs":["https:\/\/www.facebook.com\/masquenoticiascolima","https:\/\/x.com\/edgartove","https:\/\/www.instagram.com\/masquenoticiascolima\/"]},{"@type":"Person","@id":"https:\/\/masquenoticias.mx\/#\/schema\/person\/544d19989ef23d34615f691f7a96e622","name":"Redacci\u00f3n","image":{"@type":"ImageObject","inLanguage":"es","@id":"https:\/\/masquenoticias.mx\/#\/schema\/person\/image\/","url":"https:\/\/secure.gravatar.com\/avatar\/7fcc926d5b058d3f3d52d95b4d05dd58?s=96&d=mm&r=g","contentUrl":"https:\/\/secure.gravatar.com\/avatar\/7fcc926d5b058d3f3d52d95b4d05dd58?s=96&d=mm&r=g","caption":"Redacci\u00f3n"},"sameAs":["http:\/\/masquenoticias.mx"],"url":"https:\/\/masquenoticias.mx\/index.php\/author\/edgartovegmail-com\/"}]}},"jetpack_featured_media_url":"https:\/\/i0.wp.com\/masquenoticias.mx\/wp-content\/uploads\/2025\/11\/62bf31dc-98f5-42c2-bf8d-600823e17266.jpg?fit=2000%2C1500&ssl=1","blog_post_layout_featured_media_urls":{"thumbnail":["https:\/\/i0.wp.com\/masquenoticias.mx\/wp-content\/uploads\/2025\/11\/62bf31dc-98f5-42c2-bf8d-600823e17266.jpg?resize=150%2C150&ssl=1",150,150,true],"full":["https:\/\/i0.wp.com\/masquenoticias.mx\/wp-content\/uploads\/2025\/11\/62bf31dc-98f5-42c2-bf8d-600823e17266.jpg?fit=2000%2C1500&ssl=1",2000,1500,false]},"categories_names":{"24":{"name":"Estado","link":"https:\/\/masquenoticias.mx\/index.php\/category\/estado\/"}},"tags_names":{"63":{"name":"Salud","link":"https:\/\/masquenoticias.mx\/index.php\/tag\/salud\/"}},"comments_number":"0","wpmagazine_modules_lite_featured_media_urls":{"thumbnail":["https:\/\/i0.wp.com\/masquenoticias.mx\/wp-content\/uploads\/2025\/11\/62bf31dc-98f5-42c2-bf8d-600823e17266.jpg?resize=150%2C150&ssl=1",150,150,true],"cvmm-medium":["https:\/\/i0.wp.com\/masquenoticias.mx\/wp-content\/uploads\/2025\/11\/62bf31dc-98f5-42c2-bf8d-600823e17266.jpg?resize=300%2C300&ssl=1",300,300,true],"cvmm-medium-plus":["https:\/\/i0.wp.com\/masquenoticias.mx\/wp-content\/uploads\/2025\/11\/62bf31dc-98f5-42c2-bf8d-600823e17266.jpg?resize=305%2C207&ssl=1",305,207,true],"cvmm-portrait":["https:\/\/i0.wp.com\/masquenoticias.mx\/wp-content\/uploads\/2025\/11\/62bf31dc-98f5-42c2-bf8d-600823e17266.jpg?resize=400%2C600&ssl=1",400,600,true],"cvmm-medium-square":["https:\/\/i0.wp.com\/masquenoticias.mx\/wp-content\/uploads\/2025\/11\/62bf31dc-98f5-42c2-bf8d-600823e17266.jpg?resize=600%2C600&ssl=1",600,600,true],"cvmm-large":["https:\/\/i0.wp.com\/masquenoticias.mx\/wp-content\/uploads\/2025\/11\/62bf31dc-98f5-42c2-bf8d-600823e17266.jpg?resize=1024%2C1024&ssl=1",1024,1024,true],"cvmm-small":["https:\/\/i0.wp.com\/masquenoticias.mx\/wp-content\/uploads\/2025\/11\/62bf31dc-98f5-42c2-bf8d-600823e17266.jpg?resize=130%2C95&ssl=1",130,95,true],"full":["https:\/\/i0.wp.com\/masquenoticias.mx\/wp-content\/uploads\/2025\/11\/62bf31dc-98f5-42c2-bf8d-600823e17266.jpg?fit=2000%2C1500&ssl=1",2000,1500,false]},"jetpack-related-posts":[],"jetpack_sharing_enabled":true,"jetpack_likes_enabled":true,"jetpack_shortlink":"https:\/\/wp.me\/pf7pkt-5by","_links":{"self":[{"href":"https:\/\/masquenoticias.mx\/index.php\/wp-json\/wp\/v2\/posts\/19936","targetHints":{"allow":["GET"]}}],"collection":[{"href":"https:\/\/masquenoticias.mx\/index.php\/wp-json\/wp\/v2\/posts"}],"about":[{"href":"https:\/\/masquenoticias.mx\/index.php\/wp-json\/wp\/v2\/types\/post"}],"author":[{"embeddable":true,"href":"https:\/\/masquenoticias.mx\/index.php\/wp-json\/wp\/v2\/users\/1"}],"replies":[{"embeddable":true,"href":"https:\/\/masquenoticias.mx\/index.php\/wp-json\/wp\/v2\/comments?post=19936"}],"version-history":[{"count":1,"href":"https:\/\/masquenoticias.mx\/index.php\/wp-json\/wp\/v2\/posts\/19936\/revisions"}],"predecessor-version":[{"id":19937,"href":"https:\/\/masquenoticias.mx\/index.php\/wp-json\/wp\/v2\/posts\/19936\/revisions\/19937"}],"wp:featuredmedia":[{"embeddable":true,"href":"https:\/\/masquenoticias.mx\/index.php\/wp-json\/wp\/v2\/media\/19935"}],"wp:attachment":[{"href":"https:\/\/masquenoticias.mx\/index.php\/wp-json\/wp\/v2\/media?parent=19936"}],"wp:term":[{"taxonomy":"category","embeddable":true,"href":"https:\/\/masquenoticias.mx\/index.php\/wp-json\/wp\/v2\/categories?post=19936"},{"taxonomy":"post_tag","embeddable":true,"href":"https:\/\/masquenoticias.mx\/index.php\/wp-json\/wp\/v2\/tags?post=19936"}],"curies":[{"name":"wp","href":"https:\/\/api.w.org\/{rel}","templated":true}]}}