{"id":19897,"date":"2025-11-19T18:29:12","date_gmt":"2025-11-20T00:29:12","guid":{"rendered":"https:\/\/masquenoticias.mx\/?p=19897"},"modified":"2025-11-19T18:29:12","modified_gmt":"2025-11-20T00:29:12","slug":"cierra-el-ano-con-chamba-trabajo-colima-invita-a-jornada-de-contratacion-este-viernes","status":"publish","type":"post","link":"https:\/\/masquenoticias.mx\/index.php\/2025\/11\/19\/cierra-el-ano-con-chamba-trabajo-colima-invita-a-jornada-de-contratacion-este-viernes\/","title":{"rendered":"\u00a1Cierra el a\u00f1o con chamba!, Trabajo Colima invita a jornada de contrataci\u00f3n este viernes"},"content":{"rendered":"\n<p>Con el objetivo de que m\u00e1s personas cierren 2025 con una oportunidad laboral, la Subsecretar\u00eda del Trabajo del Gobierno del Estado de Colima, en coordinaci\u00f3n con el Servicio Nacional de Empleo (SNE), llevar\u00e1 a cabo la jornada de contrataci\u00f3n \u00a1Cierra el a\u00f1o con chamba!, espacio destinado a conectar directamente a quienes buscan empleo con empresas que requieren personal.<\/p>\n\n\n\n<p>El evento se efectuar\u00e1 este viernes 21 de noviembre, de 9:00 de la ma\u00f1ana a 2:00 de la tarde afuera de Palacio de Gobierno en el centro hist\u00f3rico de Colima, ser\u00e1 gratuito y abierto al p\u00fablico en general.<\/p>\n\n\n\n<p>Contar\u00e1 con la participaci\u00f3n de diez empresas: Pac\u00edfico Dental Group, Sears, Yazaki, Grupomar, Icep, Soriana H\u00edper, Casino Plaza, Dep\u00f3sito El Valor, Pepsico y Paqueter\u00eda Tres Guerras, que ofrecer\u00e1n vacantes para distintos rubros y niveles de experiencia.<\/p>\n\n\n\n<p>La subsecretaria del Trabajo, Delia Ludivina Olmos D\u00edaz, destac\u00f3 que esta actividad forma parte de la pol\u00edtica laboral impulsada por la gobernadora Indira Vizca\u00edno Silva, enfocada en generar m\u00e1s y mejores oportunidades de empleo para la poblaci\u00f3n; \u201cestas acciones fortalecen el trabajo formal y abren nuevas posibilidades de desarrollo y estabilidad econ\u00f3mica para la ciudadan\u00eda\u201d.<\/p>\n\n\n\n<p>Con este tipo de iniciativas, el Gobierno del Estado de Colima reafirma su compromiso de brindar certeza laboral y mayores oportunidades de crecimiento a las y los habitantes de la entidad.<\/p>\n","protected":false},"excerpt":{"rendered":"<p>Con el objetivo de que m\u00e1s personas cierren 2025 con una oportunidad laboral, la Subsecretar\u00eda del Trabajo del Gobierno del Estado de Colima, en coordinaci\u00f3n con el Servicio Nacional de Empleo (SNE), llevar\u00e1 a cabo la jornada de contrataci\u00f3n \u00a1Cierra el a\u00f1o con chamba!, espacio destinado a conectar directamente a quienes buscan empleo con empresas [&hellip;]<\/p>\n","protected":false},"author":1,"featured_media":19896,"comment_status":"closed","ping_status":"open","sticky":false,"template":"","format":"standard","meta":{"_jetpack_memberships_contains_paid_content":false,"footnotes":""},"categories":[24],"tags":[136],"class_list":["post-19897","post","type-post","status-publish","format-standard","has-post-thumbnail","hentry","category-estado","tag-trabajo"],"yoast_head":"<!-- This site is optimized with the Yoast SEO plugin v26.6 - https:\/\/yoast.com\/wordpress\/plugins\/seo\/ -->\n<title>\u00a1Cierra el a\u00f1o con chamba!, Trabajo Colima invita a jornada de contrataci\u00f3n este viernes - M\u00e1s Que Noticias<\/title>\n<meta name=\"robots\" content=\"index, follow, max-snippet:-1, max-image-preview:large, max-video-preview:-1\" \/>\n<link rel=\"canonical\" href=\"https:\/\/masquenoticias.mx\/index.php\/2025\/11\/19\/cierra-el-ano-con-chamba-trabajo-colima-invita-a-jornada-de-contratacion-este-viernes\/\" \/>\n<meta property=\"og:locale\" content=\"es_MX\" \/>\n<meta property=\"og:type\" content=\"article\" \/>\n<meta property=\"og:title\" content=\"\u00a1Cierra el a\u00f1o con chamba!, Trabajo Colima invita a jornada de contrataci\u00f3n este viernes - M\u00e1s Que Noticias\" \/>\n<meta property=\"og:description\" content=\"Con el objetivo de que m\u00e1s personas cierren 2025 con una oportunidad laboral, la Subsecretar\u00eda del Trabajo del Gobierno del Estado de Colima, en coordinaci\u00f3n con el Servicio Nacional de Empleo (SNE), llevar\u00e1 a cabo la jornada de contrataci\u00f3n \u00a1Cierra el a\u00f1o con chamba!, espacio destinado a conectar directamente a quienes buscan empleo con empresas [&hellip;]\" \/>\n<meta property=\"og:url\" content=\"https:\/\/masquenoticias.mx\/index.php\/2025\/11\/19\/cierra-el-ano-con-chamba-trabajo-colima-invita-a-jornada-de-contratacion-este-viernes\/\" \/>\n<meta property=\"og:site_name\" content=\"M\u00e1s Que Noticias\" \/>\n<meta property=\"article:publisher\" content=\"https:\/\/www.facebook.com\/masquenoticiascolima\" \/>\n<meta property=\"article:published_time\" content=\"2025-11-20T00:29:12+00:00\" \/>\n<meta property=\"og:image\" content=\"https:\/\/i0.wp.com\/masquenoticias.mx\/wp-content\/uploads\/2025\/11\/5015953a-c853-47f3-9014-acc94e837d1e.jpg?fit=1280%2C720&ssl=1\" \/>\n\t<meta property=\"og:image:width\" content=\"1280\" \/>\n\t<meta property=\"og:image:height\" content=\"720\" \/>\n\t<meta property=\"og:image:type\" content=\"image\/jpeg\" \/>\n<meta name=\"author\" content=\"Redacci\u00f3n\" \/>\n<meta name=\"twitter:card\" content=\"summary_large_image\" \/>\n<meta name=\"twitter:creator\" content=\"@edgartove\" \/>\n<meta name=\"twitter:site\" content=\"@edgartove\" \/>\n<meta name=\"twitter:label1\" content=\"Escrito por\" \/>\n\t<meta name=\"twitter:data1\" content=\"Redacci\u00f3n\" \/>\n\t<meta name=\"twitter:label2\" content=\"Tiempo de lectura\" \/>\n\t<meta name=\"twitter:data2\" content=\"1 minuto\" \/>\n<script type=\"application\/ld+json\" class=\"yoast-schema-graph\">{\"@context\":\"https:\/\/schema.org\",\"@graph\":[{\"@type\":\"Article\",\"@id\":\"https:\/\/masquenoticias.mx\/index.php\/2025\/11\/19\/cierra-el-ano-con-chamba-trabajo-colima-invita-a-jornada-de-contratacion-este-viernes\/#article\",\"isPartOf\":{\"@id\":\"https:\/\/masquenoticias.mx\/index.php\/2025\/11\/19\/cierra-el-ano-con-chamba-trabajo-colima-invita-a-jornada-de-contratacion-este-viernes\/\"},\"author\":{\"name\":\"Redacci\u00f3n\",\"@id\":\"https:\/\/masquenoticias.mx\/#\/schema\/person\/544d19989ef23d34615f691f7a96e622\"},\"headline\":\"\u00a1Cierra el a\u00f1o con chamba!, Trabajo Colima invita a jornada de contrataci\u00f3n este viernes\",\"datePublished\":\"2025-11-20T00:29:12+00:00\",\"mainEntityOfPage\":{\"@id\":\"https:\/\/masquenoticias.mx\/index.php\/2025\/11\/19\/cierra-el-ano-con-chamba-trabajo-colima-invita-a-jornada-de-contratacion-este-viernes\/\"},\"wordCount\":251,\"publisher\":{\"@id\":\"https:\/\/masquenoticias.mx\/#organization\"},\"image\":{\"@id\":\"https:\/\/masquenoticias.mx\/index.php\/2025\/11\/19\/cierra-el-ano-con-chamba-trabajo-colima-invita-a-jornada-de-contratacion-este-viernes\/#primaryimage\"},\"thumbnailUrl\":\"https:\/\/i0.wp.com\/masquenoticias.mx\/wp-content\/uploads\/2025\/11\/5015953a-c853-47f3-9014-acc94e837d1e.jpg?fit=1280%2C720&ssl=1\",\"keywords\":[\"Trabajo\"],\"articleSection\":[\"Estado\"],\"inLanguage\":\"es\"},{\"@type\":\"WebPage\",\"@id\":\"https:\/\/masquenoticias.mx\/index.php\/2025\/11\/19\/cierra-el-ano-con-chamba-trabajo-colima-invita-a-jornada-de-contratacion-este-viernes\/\",\"url\":\"https:\/\/masquenoticias.mx\/index.php\/2025\/11\/19\/cierra-el-ano-con-chamba-trabajo-colima-invita-a-jornada-de-contratacion-este-viernes\/\",\"name\":\"\u00a1Cierra el a\u00f1o con chamba!, Trabajo Colima invita a jornada de contrataci\u00f3n este viernes - M\u00e1s Que Noticias\",\"isPartOf\":{\"@id\":\"https:\/\/masquenoticias.mx\/#website\"},\"primaryImageOfPage\":{\"@id\":\"https:\/\/masquenoticias.mx\/index.php\/2025\/11\/19\/cierra-el-ano-con-chamba-trabajo-colima-invita-a-jornada-de-contratacion-este-viernes\/#primaryimage\"},\"image\":{\"@id\":\"https:\/\/masquenoticias.mx\/index.php\/2025\/11\/19\/cierra-el-ano-con-chamba-trabajo-colima-invita-a-jornada-de-contratacion-este-viernes\/#primaryimage\"},\"thumbnailUrl\":\"https:\/\/i0.wp.com\/masquenoticias.mx\/wp-content\/uploads\/2025\/11\/5015953a-c853-47f3-9014-acc94e837d1e.jpg?fit=1280%2C720&ssl=1\",\"datePublished\":\"2025-11-20T00:29:12+00:00\",\"breadcrumb\":{\"@id\":\"https:\/\/masquenoticias.mx\/index.php\/2025\/11\/19\/cierra-el-ano-con-chamba-trabajo-colima-invita-a-jornada-de-contratacion-este-viernes\/#breadcrumb\"},\"inLanguage\":\"es\",\"potentialAction\":[{\"@type\":\"ReadAction\",\"target\":[\"https:\/\/masquenoticias.mx\/index.php\/2025\/11\/19\/cierra-el-ano-con-chamba-trabajo-colima-invita-a-jornada-de-contratacion-este-viernes\/\"]}]},{\"@type\":\"ImageObject\",\"inLanguage\":\"es\",\"@id\":\"https:\/\/masquenoticias.mx\/index.php\/2025\/11\/19\/cierra-el-ano-con-chamba-trabajo-colima-invita-a-jornada-de-contratacion-este-viernes\/#primaryimage\",\"url\":\"https:\/\/i0.wp.com\/masquenoticias.mx\/wp-content\/uploads\/2025\/11\/5015953a-c853-47f3-9014-acc94e837d1e.jpg?fit=1280%2C720&ssl=1\",\"contentUrl\":\"https:\/\/i0.wp.com\/masquenoticias.mx\/wp-content\/uploads\/2025\/11\/5015953a-c853-47f3-9014-acc94e837d1e.jpg?fit=1280%2C720&ssl=1\",\"width\":1280,\"height\":720},{\"@type\":\"BreadcrumbList\",\"@id\":\"https:\/\/masquenoticias.mx\/index.php\/2025\/11\/19\/cierra-el-ano-con-chamba-trabajo-colima-invita-a-jornada-de-contratacion-este-viernes\/#breadcrumb\",\"itemListElement\":[{\"@type\":\"ListItem\",\"position\":1,\"name\":\"Inicio\",\"item\":\"https:\/\/masquenoticias.mx\/\"},{\"@type\":\"ListItem\",\"position\":2,\"name\":\"\u00a1Cierra el a\u00f1o con chamba!, Trabajo Colima invita a jornada de contrataci\u00f3n este viernes\"}]},{\"@type\":\"WebSite\",\"@id\":\"https:\/\/masquenoticias.mx\/#website\",\"url\":\"https:\/\/masquenoticias.mx\/\",\"name\":\"M\u00e1s Que Noticias\",\"description\":\"Noticias de Colima, M\u00e9xico y el Mundo\",\"publisher\":{\"@id\":\"https:\/\/masquenoticias.mx\/#organization\"},\"potentialAction\":[{\"@type\":\"SearchAction\",\"target\":{\"@type\":\"EntryPoint\",\"urlTemplate\":\"https:\/\/masquenoticias.mx\/?s={search_term_string}\"},\"query-input\":{\"@type\":\"PropertyValueSpecification\",\"valueRequired\":true,\"valueName\":\"search_term_string\"}}],\"inLanguage\":\"es\"},{\"@type\":\"Organization\",\"@id\":\"https:\/\/masquenoticias.mx\/#organization\",\"name\":\"M\u00e1s Que Noticias\",\"url\":\"https:\/\/masquenoticias.mx\/\",\"logo\":{\"@type\":\"ImageObject\",\"inLanguage\":\"es\",\"@id\":\"https:\/\/masquenoticias.mx\/#\/schema\/logo\/image\/\",\"url\":\"https:\/\/i0.wp.com\/masquenoticias.mx\/wp-content\/uploads\/2024\/04\/IMG_0004.png?fit=2560%2C1656&ssl=1\",\"contentUrl\":\"https:\/\/i0.wp.com\/masquenoticias.mx\/wp-content\/uploads\/2024\/04\/IMG_0004.png?fit=2560%2C1656&ssl=1\",\"width\":2560,\"height\":1656,\"caption\":\"M\u00e1s Que Noticias\"},\"image\":{\"@id\":\"https:\/\/masquenoticias.mx\/#\/schema\/logo\/image\/\"},\"sameAs\":[\"https:\/\/www.facebook.com\/masquenoticiascolima\",\"https:\/\/x.com\/edgartove\",\"https:\/\/www.instagram.com\/masquenoticiascolima\/\"]},{\"@type\":\"Person\",\"@id\":\"https:\/\/masquenoticias.mx\/#\/schema\/person\/544d19989ef23d34615f691f7a96e622\",\"name\":\"Redacci\u00f3n\",\"image\":{\"@type\":\"ImageObject\",\"inLanguage\":\"es\",\"@id\":\"https:\/\/masquenoticias.mx\/#\/schema\/person\/image\/\",\"url\":\"https:\/\/secure.gravatar.com\/avatar\/7fcc926d5b058d3f3d52d95b4d05dd58?s=96&d=mm&r=g\",\"contentUrl\":\"https:\/\/secure.gravatar.com\/avatar\/7fcc926d5b058d3f3d52d95b4d05dd58?s=96&d=mm&r=g\",\"caption\":\"Redacci\u00f3n\"},\"sameAs\":[\"http:\/\/masquenoticias.mx\"],\"url\":\"https:\/\/masquenoticias.mx\/index.php\/author\/edgartovegmail-com\/\"}]}<\/script>\n<!-- \/ Yoast SEO plugin. -->","yoast_head_json":{"title":"\u00a1Cierra el a\u00f1o con chamba!, Trabajo Colima invita a jornada de contrataci\u00f3n este viernes - M\u00e1s Que Noticias","robots":{"index":"index","follow":"follow","max-snippet":"max-snippet:-1","max-image-preview":"max-image-preview:large","max-video-preview":"max-video-preview:-1"},"canonical":"https:\/\/masquenoticias.mx\/index.php\/2025\/11\/19\/cierra-el-ano-con-chamba-trabajo-colima-invita-a-jornada-de-contratacion-este-viernes\/","og_locale":"es_MX","og_type":"article","og_title":"\u00a1Cierra el a\u00f1o con chamba!, Trabajo Colima invita a jornada de contrataci\u00f3n este viernes - M\u00e1s Que Noticias","og_description":"Con el objetivo de que m\u00e1s personas cierren 2025 con una oportunidad laboral, la Subsecretar\u00eda del Trabajo del Gobierno del Estado de Colima, en coordinaci\u00f3n con el Servicio Nacional de Empleo (SNE), llevar\u00e1 a cabo la jornada de contrataci\u00f3n \u00a1Cierra el a\u00f1o con chamba!, espacio destinado a conectar directamente a quienes buscan empleo con empresas [&hellip;]","og_url":"https:\/\/masquenoticias.mx\/index.php\/2025\/11\/19\/cierra-el-ano-con-chamba-trabajo-colima-invita-a-jornada-de-contratacion-este-viernes\/","og_site_name":"M\u00e1s Que Noticias","article_publisher":"https:\/\/www.facebook.com\/masquenoticiascolima","article_published_time":"2025-11-20T00:29:12+00:00","og_image":[{"width":1280,"height":720,"url":"https:\/\/i0.wp.com\/masquenoticias.mx\/wp-content\/uploads\/2025\/11\/5015953a-c853-47f3-9014-acc94e837d1e.jpg?fit=1280%2C720&ssl=1","type":"image\/jpeg"}],"author":"Redacci\u00f3n","twitter_card":"summary_large_image","twitter_creator":"@edgartove","twitter_site":"@edgartove","twitter_misc":{"Escrito por":"Redacci\u00f3n","Tiempo de lectura":"1 minuto"},"schema":{"@context":"https:\/\/schema.org","@graph":[{"@type":"Article","@id":"https:\/\/masquenoticias.mx\/index.php\/2025\/11\/19\/cierra-el-ano-con-chamba-trabajo-colima-invita-a-jornada-de-contratacion-este-viernes\/#article","isPartOf":{"@id":"https:\/\/masquenoticias.mx\/index.php\/2025\/11\/19\/cierra-el-ano-con-chamba-trabajo-colima-invita-a-jornada-de-contratacion-este-viernes\/"},"author":{"name":"Redacci\u00f3n","@id":"https:\/\/masquenoticias.mx\/#\/schema\/person\/544d19989ef23d34615f691f7a96e622"},"headline":"\u00a1Cierra el a\u00f1o con chamba!, Trabajo Colima invita a jornada de contrataci\u00f3n este viernes","datePublished":"2025-11-20T00:29:12+00:00","mainEntityOfPage":{"@id":"https:\/\/masquenoticias.mx\/index.php\/2025\/11\/19\/cierra-el-ano-con-chamba-trabajo-colima-invita-a-jornada-de-contratacion-este-viernes\/"},"wordCount":251,"publisher":{"@id":"https:\/\/masquenoticias.mx\/#organization"},"image":{"@id":"https:\/\/masquenoticias.mx\/index.php\/2025\/11\/19\/cierra-el-ano-con-chamba-trabajo-colima-invita-a-jornada-de-contratacion-este-viernes\/#primaryimage"},"thumbnailUrl":"https:\/\/i0.wp.com\/masquenoticias.mx\/wp-content\/uploads\/2025\/11\/5015953a-c853-47f3-9014-acc94e837d1e.jpg?fit=1280%2C720&ssl=1","keywords":["Trabajo"],"articleSection":["Estado"],"inLanguage":"es"},{"@type":"WebPage","@id":"https:\/\/masquenoticias.mx\/index.php\/2025\/11\/19\/cierra-el-ano-con-chamba-trabajo-colima-invita-a-jornada-de-contratacion-este-viernes\/","url":"https:\/\/masquenoticias.mx\/index.php\/2025\/11\/19\/cierra-el-ano-con-chamba-trabajo-colima-invita-a-jornada-de-contratacion-este-viernes\/","name":"\u00a1Cierra el a\u00f1o con chamba!, Trabajo Colima invita a jornada de contrataci\u00f3n este viernes - M\u00e1s Que Noticias","isPartOf":{"@id":"https:\/\/masquenoticias.mx\/#website"},"primaryImageOfPage":{"@id":"https:\/\/masquenoticias.mx\/index.php\/2025\/11\/19\/cierra-el-ano-con-chamba-trabajo-colima-invita-a-jornada-de-contratacion-este-viernes\/#primaryimage"},"image":{"@id":"https:\/\/masquenoticias.mx\/index.php\/2025\/11\/19\/cierra-el-ano-con-chamba-trabajo-colima-invita-a-jornada-de-contratacion-este-viernes\/#primaryimage"},"thumbnailUrl":"https:\/\/i0.wp.com\/masquenoticias.mx\/wp-content\/uploads\/2025\/11\/5015953a-c853-47f3-9014-acc94e837d1e.jpg?fit=1280%2C720&ssl=1","datePublished":"2025-11-20T00:29:12+00:00","breadcrumb":{"@id":"https:\/\/masquenoticias.mx\/index.php\/2025\/11\/19\/cierra-el-ano-con-chamba-trabajo-colima-invita-a-jornada-de-contratacion-este-viernes\/#breadcrumb"},"inLanguage":"es","potentialAction":[{"@type":"ReadAction","target":["https:\/\/masquenoticias.mx\/index.php\/2025\/11\/19\/cierra-el-ano-con-chamba-trabajo-colima-invita-a-jornada-de-contratacion-este-viernes\/"]}]},{"@type":"ImageObject","inLanguage":"es","@id":"https:\/\/masquenoticias.mx\/index.php\/2025\/11\/19\/cierra-el-ano-con-chamba-trabajo-colima-invita-a-jornada-de-contratacion-este-viernes\/#primaryimage","url":"https:\/\/i0.wp.com\/masquenoticias.mx\/wp-content\/uploads\/2025\/11\/5015953a-c853-47f3-9014-acc94e837d1e.jpg?fit=1280%2C720&ssl=1","contentUrl":"https:\/\/i0.wp.com\/masquenoticias.mx\/wp-content\/uploads\/2025\/11\/5015953a-c853-47f3-9014-acc94e837d1e.jpg?fit=1280%2C720&ssl=1","width":1280,"height":720},{"@type":"BreadcrumbList","@id":"https:\/\/masquenoticias.mx\/index.php\/2025\/11\/19\/cierra-el-ano-con-chamba-trabajo-colima-invita-a-jornada-de-contratacion-este-viernes\/#breadcrumb","itemListElement":[{"@type":"ListItem","position":1,"name":"Inicio","item":"https:\/\/masquenoticias.mx\/"},{"@type":"ListItem","position":2,"name":"\u00a1Cierra el a\u00f1o con chamba!, Trabajo Colima invita a jornada de contrataci\u00f3n este viernes"}]},{"@type":"WebSite","@id":"https:\/\/masquenoticias.mx\/#website","url":"https:\/\/masquenoticias.mx\/","name":"M\u00e1s Que Noticias","description":"Noticias de Colima, M\u00e9xico y el Mundo","publisher":{"@id":"https:\/\/masquenoticias.mx\/#organization"},"potentialAction":[{"@type":"SearchAction","target":{"@type":"EntryPoint","urlTemplate":"https:\/\/masquenoticias.mx\/?s={search_term_string}"},"query-input":{"@type":"PropertyValueSpecification","valueRequired":true,"valueName":"search_term_string"}}],"inLanguage":"es"},{"@type":"Organization","@id":"https:\/\/masquenoticias.mx\/#organization","name":"M\u00e1s Que Noticias","url":"https:\/\/masquenoticias.mx\/","logo":{"@type":"ImageObject","inLanguage":"es","@id":"https:\/\/masquenoticias.mx\/#\/schema\/logo\/image\/","url":"https:\/\/i0.wp.com\/masquenoticias.mx\/wp-content\/uploads\/2024\/04\/IMG_0004.png?fit=2560%2C1656&ssl=1","contentUrl":"https:\/\/i0.wp.com\/masquenoticias.mx\/wp-content\/uploads\/2024\/04\/IMG_0004.png?fit=2560%2C1656&ssl=1","width":2560,"height":1656,"caption":"M\u00e1s Que Noticias"},"image":{"@id":"https:\/\/masquenoticias.mx\/#\/schema\/logo\/image\/"},"sameAs":["https:\/\/www.facebook.com\/masquenoticiascolima","https:\/\/x.com\/edgartove","https:\/\/www.instagram.com\/masquenoticiascolima\/"]},{"@type":"Person","@id":"https:\/\/masquenoticias.mx\/#\/schema\/person\/544d19989ef23d34615f691f7a96e622","name":"Redacci\u00f3n","image":{"@type":"ImageObject","inLanguage":"es","@id":"https:\/\/masquenoticias.mx\/#\/schema\/person\/image\/","url":"https:\/\/secure.gravatar.com\/avatar\/7fcc926d5b058d3f3d52d95b4d05dd58?s=96&d=mm&r=g","contentUrl":"https:\/\/secure.gravatar.com\/avatar\/7fcc926d5b058d3f3d52d95b4d05dd58?s=96&d=mm&r=g","caption":"Redacci\u00f3n"},"sameAs":["http:\/\/masquenoticias.mx"],"url":"https:\/\/masquenoticias.mx\/index.php\/author\/edgartovegmail-com\/"}]}},"jetpack_featured_media_url":"https:\/\/i0.wp.com\/masquenoticias.mx\/wp-content\/uploads\/2025\/11\/5015953a-c853-47f3-9014-acc94e837d1e.jpg?fit=1280%2C720&ssl=1","blog_post_layout_featured_media_urls":{"thumbnail":["https:\/\/i0.wp.com\/masquenoticias.mx\/wp-content\/uploads\/2025\/11\/5015953a-c853-47f3-9014-acc94e837d1e.jpg?resize=150%2C150&ssl=1",150,150,true],"full":["https:\/\/i0.wp.com\/masquenoticias.mx\/wp-content\/uploads\/2025\/11\/5015953a-c853-47f3-9014-acc94e837d1e.jpg?fit=1280%2C720&ssl=1",1280,720,false]},"categories_names":{"24":{"name":"Estado","link":"https:\/\/masquenoticias.mx\/index.php\/category\/estado\/"}},"tags_names":{"136":{"name":"Trabajo","link":"https:\/\/masquenoticias.mx\/index.php\/tag\/trabajo\/"}},"comments_number":"0","wpmagazine_modules_lite_featured_media_urls":{"thumbnail":["https:\/\/i0.wp.com\/masquenoticias.mx\/wp-content\/uploads\/2025\/11\/5015953a-c853-47f3-9014-acc94e837d1e.jpg?resize=150%2C150&ssl=1",150,150,true],"cvmm-medium":["https:\/\/i0.wp.com\/masquenoticias.mx\/wp-content\/uploads\/2025\/11\/5015953a-c853-47f3-9014-acc94e837d1e.jpg?resize=300%2C300&ssl=1",300,300,true],"cvmm-medium-plus":["https:\/\/i0.wp.com\/masquenoticias.mx\/wp-content\/uploads\/2025\/11\/5015953a-c853-47f3-9014-acc94e837d1e.jpg?resize=305%2C207&ssl=1",305,207,true],"cvmm-portrait":["https:\/\/i0.wp.com\/masquenoticias.mx\/wp-content\/uploads\/2025\/11\/5015953a-c853-47f3-9014-acc94e837d1e.jpg?resize=400%2C600&ssl=1",400,600,true],"cvmm-medium-square":["https:\/\/i0.wp.com\/masquenoticias.mx\/wp-content\/uploads\/2025\/11\/5015953a-c853-47f3-9014-acc94e837d1e.jpg?resize=600%2C600&ssl=1",600,600,true],"cvmm-large":["https:\/\/i0.wp.com\/masquenoticias.mx\/wp-content\/uploads\/2025\/11\/5015953a-c853-47f3-9014-acc94e837d1e.jpg?resize=1024%2C720&ssl=1",1024,720,true],"cvmm-small":["https:\/\/i0.wp.com\/masquenoticias.mx\/wp-content\/uploads\/2025\/11\/5015953a-c853-47f3-9014-acc94e837d1e.jpg?resize=130%2C95&ssl=1",130,95,true],"full":["https:\/\/i0.wp.com\/masquenoticias.mx\/wp-content\/uploads\/2025\/11\/5015953a-c853-47f3-9014-acc94e837d1e.jpg?fit=1280%2C720&ssl=1",1280,720,false]},"jetpack-related-posts":[],"jetpack_sharing_enabled":true,"jetpack_likes_enabled":true,"jetpack_shortlink":"https:\/\/wp.me\/pf7pkt-5aV","_links":{"self":[{"href":"https:\/\/masquenoticias.mx\/index.php\/wp-json\/wp\/v2\/posts\/19897","targetHints":{"allow":["GET"]}}],"collection":[{"href":"https:\/\/masquenoticias.mx\/index.php\/wp-json\/wp\/v2\/posts"}],"about":[{"href":"https:\/\/masquenoticias.mx\/index.php\/wp-json\/wp\/v2\/types\/post"}],"author":[{"embeddable":true,"href":"https:\/\/masquenoticias.mx\/index.php\/wp-json\/wp\/v2\/users\/1"}],"replies":[{"embeddable":true,"href":"https:\/\/masquenoticias.mx\/index.php\/wp-json\/wp\/v2\/comments?post=19897"}],"version-history":[{"count":1,"href":"https:\/\/masquenoticias.mx\/index.php\/wp-json\/wp\/v2\/posts\/19897\/revisions"}],"predecessor-version":[{"id":19898,"href":"https:\/\/masquenoticias.mx\/index.php\/wp-json\/wp\/v2\/posts\/19897\/revisions\/19898"}],"wp:featuredmedia":[{"embeddable":true,"href":"https:\/\/masquenoticias.mx\/index.php\/wp-json\/wp\/v2\/media\/19896"}],"wp:attachment":[{"href":"https:\/\/masquenoticias.mx\/index.php\/wp-json\/wp\/v2\/media?parent=19897"}],"wp:term":[{"taxonomy":"category","embeddable":true,"href":"https:\/\/masquenoticias.mx\/index.php\/wp-json\/wp\/v2\/categories?post=19897"},{"taxonomy":"post_tag","embeddable":true,"href":"https:\/\/masquenoticias.mx\/index.php\/wp-json\/wp\/v2\/tags?post=19897"}],"curies":[{"name":"wp","href":"https:\/\/api.w.org\/{rel}","templated":true}]}}