{"id":19864,"date":"2025-11-18T13:53:29","date_gmt":"2025-11-18T19:53:29","guid":{"rendered":"https:\/\/masquenoticias.mx\/?p=19864"},"modified":"2025-11-18T13:53:29","modified_gmt":"2025-11-18T19:53:29","slug":"salud-colima-intensifica-fumigacion-en-tecoman-y-otros-municipios-de-riesgo","status":"publish","type":"post","link":"https:\/\/masquenoticias.mx\/index.php\/2025\/11\/18\/salud-colima-intensifica-fumigacion-en-tecoman-y-otros-municipios-de-riesgo\/","title":{"rendered":"Salud Colima intensifica fumigaci\u00f3n en Tecom\u00e1n y otros municipios de riesgo"},"content":{"rendered":"\n<p><\/p>\n\n\n\n<p>La Secretar\u00eda de Salud del Gobierno del Estado de Colima informa que del martes 18 al viernes 21 de noviembre intensifica el operativo de fumigaci\u00f3n en el municipio de Tecom\u00e1n, adem\u00e1s de nebulizar en otros tres de los cinco municipios de riesgo de nuestra entidad.<\/p>\n\n\n\n<p>Personal de Vectores fumiga durante estos cuatro d\u00edas con unidades pesadas en los municipios de Colima, Manzanillo, Tecom\u00e1n y Villa de \u00c1lvarez, de manera focalizada en 27 fraccionamientos, colonia y comunidades donde se ha detectado mayor presencia del mosco Aedes aegypti.<\/p>\n\n\n\n<p>La dependencia fumiga este martes en Valle Verde (Colima), Libertad y Alameda (Manzanillo) y en las colonias Vicente Guerrero, Santa Elena, San Ignacio, Ladislao Moreno y Cofrad\u00eda de Hidalgo.<\/p>\n\n\n\n<p>El mi\u00e9rcoles 19 de noviembre recorrer\u00e1 la colonia Ram\u00f3n Serrano (Villa de \u00c1lvarez), de nuevo en las colonias Libertad y Alameda de Manzanillo, as\u00ed como en las colonias Griselda \u00c1lvarez, \u00c1lvaro Obreg\u00f3n, Sor Juana In\u00e9s de la Cruz, L\u00e1zaro C\u00e1rdenas y Palma Real, de Tecom\u00e1n.<\/p>\n\n\n\n<p>El jueves 20 nebulizar\u00e1 en Mirador de la Cumbre III y Gustavo V\u00e1zquez (Colima), Barrio I del Valle de las Garzas y FSTSE (Manzanillo) y las mismas colonias que fumiga este martes en Tecom\u00e1n.<\/p>\n\n\n\n<p>Y el pr\u00f3ximo viernes 21 de noviembre, nuevamente en Barrio I y en el fraccionamiento de la FSTSE en Manzanillo, y en las mismas cuatro colonias que nebulizar\u00e1 el mi\u00e9rcoles en Tecom\u00e1n.<\/p>\n\n\n\n<p>La dependencia estatal record\u00f3 que, para conocer el calendario completo, con el nombre de la colonia y\/o la localidad donde se llevar\u00e1n las rutas de nebulizaci\u00f3n, se debe ingresar al sitio: https:\/\/bit.ly\/nebulizacion-18nov21nov.<\/p>\n\n\n\n<p>Invit\u00f3 a la poblaci\u00f3n a abrir las puertas y ventanas de sus viviendas u oficinas al paso de la unidad fumigadora, as\u00ed como alejar del \u00e1rea de fumigaci\u00f3n a menores de edad y personas adultas mayores y pasar a las mascotas al traspatio de la vivienda. #Operaci\u00f3nSaludColima<\/p>\n","protected":false},"excerpt":{"rendered":"<p>La Secretar\u00eda de Salud del Gobierno del Estado de Colima informa que del martes 18 al viernes 21 de noviembre intensifica el operativo de fumigaci\u00f3n en el municipio de Tecom\u00e1n, adem\u00e1s de nebulizar en otros tres de los cinco municipios de riesgo de nuestra entidad. Personal de Vectores fumiga durante estos cuatro d\u00edas con unidades [&hellip;]<\/p>\n","protected":false},"author":1,"featured_media":19863,"comment_status":"closed","ping_status":"open","sticky":false,"template":"","format":"standard","meta":{"_jetpack_memberships_contains_paid_content":false,"footnotes":""},"categories":[24],"tags":[63],"class_list":["post-19864","post","type-post","status-publish","format-standard","has-post-thumbnail","hentry","category-estado","tag-salud"],"yoast_head":"<!-- This site is optimized with the Yoast SEO plugin v26.6 - https:\/\/yoast.com\/wordpress\/plugins\/seo\/ -->\n<title>Salud Colima intensifica fumigaci\u00f3n en Tecom\u00e1n y otros municipios de riesgo - M\u00e1s Que Noticias<\/title>\n<meta name=\"robots\" content=\"index, follow, max-snippet:-1, max-image-preview:large, max-video-preview:-1\" \/>\n<link rel=\"canonical\" href=\"https:\/\/masquenoticias.mx\/index.php\/2025\/11\/18\/salud-colima-intensifica-fumigacion-en-tecoman-y-otros-municipios-de-riesgo\/\" \/>\n<meta property=\"og:locale\" content=\"es_MX\" \/>\n<meta property=\"og:type\" content=\"article\" \/>\n<meta property=\"og:title\" content=\"Salud Colima intensifica fumigaci\u00f3n en Tecom\u00e1n y otros municipios de riesgo - M\u00e1s Que Noticias\" \/>\n<meta property=\"og:description\" content=\"La Secretar\u00eda de Salud del Gobierno del Estado de Colima informa que del martes 18 al viernes 21 de noviembre intensifica el operativo de fumigaci\u00f3n en el municipio de Tecom\u00e1n, adem\u00e1s de nebulizar en otros tres de los cinco municipios de riesgo de nuestra entidad. Personal de Vectores fumiga durante estos cuatro d\u00edas con unidades [&hellip;]\" \/>\n<meta property=\"og:url\" content=\"https:\/\/masquenoticias.mx\/index.php\/2025\/11\/18\/salud-colima-intensifica-fumigacion-en-tecoman-y-otros-municipios-de-riesgo\/\" \/>\n<meta property=\"og:site_name\" content=\"M\u00e1s Que Noticias\" \/>\n<meta property=\"article:publisher\" content=\"https:\/\/www.facebook.com\/masquenoticiascolima\" \/>\n<meta property=\"article:published_time\" content=\"2025-11-18T19:53:29+00:00\" \/>\n<meta property=\"og:image\" content=\"https:\/\/i0.wp.com\/masquenoticias.mx\/wp-content\/uploads\/2025\/11\/ba53787d-a164-4c6e-bf55-6da67471b56f.jpg?fit=1280%2C853&ssl=1\" \/>\n\t<meta property=\"og:image:width\" content=\"1280\" \/>\n\t<meta property=\"og:image:height\" content=\"853\" \/>\n\t<meta property=\"og:image:type\" content=\"image\/jpeg\" \/>\n<meta name=\"author\" content=\"Redacci\u00f3n\" \/>\n<meta name=\"twitter:card\" content=\"summary_large_image\" \/>\n<meta name=\"twitter:creator\" content=\"@edgartove\" \/>\n<meta name=\"twitter:site\" content=\"@edgartove\" \/>\n<meta name=\"twitter:label1\" content=\"Escrito por\" \/>\n\t<meta name=\"twitter:data1\" content=\"Redacci\u00f3n\" \/>\n\t<meta name=\"twitter:label2\" content=\"Tiempo de lectura\" \/>\n\t<meta name=\"twitter:data2\" content=\"2 minutos\" \/>\n<script type=\"application\/ld+json\" class=\"yoast-schema-graph\">{\"@context\":\"https:\/\/schema.org\",\"@graph\":[{\"@type\":\"Article\",\"@id\":\"https:\/\/masquenoticias.mx\/index.php\/2025\/11\/18\/salud-colima-intensifica-fumigacion-en-tecoman-y-otros-municipios-de-riesgo\/#article\",\"isPartOf\":{\"@id\":\"https:\/\/masquenoticias.mx\/index.php\/2025\/11\/18\/salud-colima-intensifica-fumigacion-en-tecoman-y-otros-municipios-de-riesgo\/\"},\"author\":{\"name\":\"Redacci\u00f3n\",\"@id\":\"https:\/\/masquenoticias.mx\/#\/schema\/person\/544d19989ef23d34615f691f7a96e622\"},\"headline\":\"Salud Colima intensifica fumigaci\u00f3n en Tecom\u00e1n y otros municipios de riesgo\",\"datePublished\":\"2025-11-18T19:53:29+00:00\",\"mainEntityOfPage\":{\"@id\":\"https:\/\/masquenoticias.mx\/index.php\/2025\/11\/18\/salud-colima-intensifica-fumigacion-en-tecoman-y-otros-municipios-de-riesgo\/\"},\"wordCount\":342,\"publisher\":{\"@id\":\"https:\/\/masquenoticias.mx\/#organization\"},\"image\":{\"@id\":\"https:\/\/masquenoticias.mx\/index.php\/2025\/11\/18\/salud-colima-intensifica-fumigacion-en-tecoman-y-otros-municipios-de-riesgo\/#primaryimage\"},\"thumbnailUrl\":\"https:\/\/i0.wp.com\/masquenoticias.mx\/wp-content\/uploads\/2025\/11\/ba53787d-a164-4c6e-bf55-6da67471b56f.jpg?fit=1280%2C853&ssl=1\",\"keywords\":[\"Salud\"],\"articleSection\":[\"Estado\"],\"inLanguage\":\"es\"},{\"@type\":\"WebPage\",\"@id\":\"https:\/\/masquenoticias.mx\/index.php\/2025\/11\/18\/salud-colima-intensifica-fumigacion-en-tecoman-y-otros-municipios-de-riesgo\/\",\"url\":\"https:\/\/masquenoticias.mx\/index.php\/2025\/11\/18\/salud-colima-intensifica-fumigacion-en-tecoman-y-otros-municipios-de-riesgo\/\",\"name\":\"Salud Colima intensifica fumigaci\u00f3n en Tecom\u00e1n y otros municipios de riesgo - M\u00e1s Que Noticias\",\"isPartOf\":{\"@id\":\"https:\/\/masquenoticias.mx\/#website\"},\"primaryImageOfPage\":{\"@id\":\"https:\/\/masquenoticias.mx\/index.php\/2025\/11\/18\/salud-colima-intensifica-fumigacion-en-tecoman-y-otros-municipios-de-riesgo\/#primaryimage\"},\"image\":{\"@id\":\"https:\/\/masquenoticias.mx\/index.php\/2025\/11\/18\/salud-colima-intensifica-fumigacion-en-tecoman-y-otros-municipios-de-riesgo\/#primaryimage\"},\"thumbnailUrl\":\"https:\/\/i0.wp.com\/masquenoticias.mx\/wp-content\/uploads\/2025\/11\/ba53787d-a164-4c6e-bf55-6da67471b56f.jpg?fit=1280%2C853&ssl=1\",\"datePublished\":\"2025-11-18T19:53:29+00:00\",\"breadcrumb\":{\"@id\":\"https:\/\/masquenoticias.mx\/index.php\/2025\/11\/18\/salud-colima-intensifica-fumigacion-en-tecoman-y-otros-municipios-de-riesgo\/#breadcrumb\"},\"inLanguage\":\"es\",\"potentialAction\":[{\"@type\":\"ReadAction\",\"target\":[\"https:\/\/masquenoticias.mx\/index.php\/2025\/11\/18\/salud-colima-intensifica-fumigacion-en-tecoman-y-otros-municipios-de-riesgo\/\"]}]},{\"@type\":\"ImageObject\",\"inLanguage\":\"es\",\"@id\":\"https:\/\/masquenoticias.mx\/index.php\/2025\/11\/18\/salud-colima-intensifica-fumigacion-en-tecoman-y-otros-municipios-de-riesgo\/#primaryimage\",\"url\":\"https:\/\/i0.wp.com\/masquenoticias.mx\/wp-content\/uploads\/2025\/11\/ba53787d-a164-4c6e-bf55-6da67471b56f.jpg?fit=1280%2C853&ssl=1\",\"contentUrl\":\"https:\/\/i0.wp.com\/masquenoticias.mx\/wp-content\/uploads\/2025\/11\/ba53787d-a164-4c6e-bf55-6da67471b56f.jpg?fit=1280%2C853&ssl=1\",\"width\":1280,\"height\":853},{\"@type\":\"BreadcrumbList\",\"@id\":\"https:\/\/masquenoticias.mx\/index.php\/2025\/11\/18\/salud-colima-intensifica-fumigacion-en-tecoman-y-otros-municipios-de-riesgo\/#breadcrumb\",\"itemListElement\":[{\"@type\":\"ListItem\",\"position\":1,\"name\":\"Inicio\",\"item\":\"https:\/\/masquenoticias.mx\/\"},{\"@type\":\"ListItem\",\"position\":2,\"name\":\"Salud Colima intensifica fumigaci\u00f3n en Tecom\u00e1n y otros municipios de riesgo\"}]},{\"@type\":\"WebSite\",\"@id\":\"https:\/\/masquenoticias.mx\/#website\",\"url\":\"https:\/\/masquenoticias.mx\/\",\"name\":\"M\u00e1s Que Noticias\",\"description\":\"Noticias de Colima, M\u00e9xico y el Mundo\",\"publisher\":{\"@id\":\"https:\/\/masquenoticias.mx\/#organization\"},\"potentialAction\":[{\"@type\":\"SearchAction\",\"target\":{\"@type\":\"EntryPoint\",\"urlTemplate\":\"https:\/\/masquenoticias.mx\/?s={search_term_string}\"},\"query-input\":{\"@type\":\"PropertyValueSpecification\",\"valueRequired\":true,\"valueName\":\"search_term_string\"}}],\"inLanguage\":\"es\"},{\"@type\":\"Organization\",\"@id\":\"https:\/\/masquenoticias.mx\/#organization\",\"name\":\"M\u00e1s Que Noticias\",\"url\":\"https:\/\/masquenoticias.mx\/\",\"logo\":{\"@type\":\"ImageObject\",\"inLanguage\":\"es\",\"@id\":\"https:\/\/masquenoticias.mx\/#\/schema\/logo\/image\/\",\"url\":\"https:\/\/i0.wp.com\/masquenoticias.mx\/wp-content\/uploads\/2024\/04\/IMG_0004.png?fit=2560%2C1656&ssl=1\",\"contentUrl\":\"https:\/\/i0.wp.com\/masquenoticias.mx\/wp-content\/uploads\/2024\/04\/IMG_0004.png?fit=2560%2C1656&ssl=1\",\"width\":2560,\"height\":1656,\"caption\":\"M\u00e1s Que Noticias\"},\"image\":{\"@id\":\"https:\/\/masquenoticias.mx\/#\/schema\/logo\/image\/\"},\"sameAs\":[\"https:\/\/www.facebook.com\/masquenoticiascolima\",\"https:\/\/x.com\/edgartove\",\"https:\/\/www.instagram.com\/masquenoticiascolima\/\"]},{\"@type\":\"Person\",\"@id\":\"https:\/\/masquenoticias.mx\/#\/schema\/person\/544d19989ef23d34615f691f7a96e622\",\"name\":\"Redacci\u00f3n\",\"image\":{\"@type\":\"ImageObject\",\"inLanguage\":\"es\",\"@id\":\"https:\/\/masquenoticias.mx\/#\/schema\/person\/image\/\",\"url\":\"https:\/\/secure.gravatar.com\/avatar\/7fcc926d5b058d3f3d52d95b4d05dd58?s=96&d=mm&r=g\",\"contentUrl\":\"https:\/\/secure.gravatar.com\/avatar\/7fcc926d5b058d3f3d52d95b4d05dd58?s=96&d=mm&r=g\",\"caption\":\"Redacci\u00f3n\"},\"sameAs\":[\"http:\/\/masquenoticias.mx\"],\"url\":\"https:\/\/masquenoticias.mx\/index.php\/author\/edgartovegmail-com\/\"}]}<\/script>\n<!-- \/ Yoast SEO plugin. -->","yoast_head_json":{"title":"Salud Colima intensifica fumigaci\u00f3n en Tecom\u00e1n y otros municipios de riesgo - M\u00e1s Que Noticias","robots":{"index":"index","follow":"follow","max-snippet":"max-snippet:-1","max-image-preview":"max-image-preview:large","max-video-preview":"max-video-preview:-1"},"canonical":"https:\/\/masquenoticias.mx\/index.php\/2025\/11\/18\/salud-colima-intensifica-fumigacion-en-tecoman-y-otros-municipios-de-riesgo\/","og_locale":"es_MX","og_type":"article","og_title":"Salud Colima intensifica fumigaci\u00f3n en Tecom\u00e1n y otros municipios de riesgo - M\u00e1s Que Noticias","og_description":"La Secretar\u00eda de Salud del Gobierno del Estado de Colima informa que del martes 18 al viernes 21 de noviembre intensifica el operativo de fumigaci\u00f3n en el municipio de Tecom\u00e1n, adem\u00e1s de nebulizar en otros tres de los cinco municipios de riesgo de nuestra entidad. Personal de Vectores fumiga durante estos cuatro d\u00edas con unidades [&hellip;]","og_url":"https:\/\/masquenoticias.mx\/index.php\/2025\/11\/18\/salud-colima-intensifica-fumigacion-en-tecoman-y-otros-municipios-de-riesgo\/","og_site_name":"M\u00e1s Que Noticias","article_publisher":"https:\/\/www.facebook.com\/masquenoticiascolima","article_published_time":"2025-11-18T19:53:29+00:00","og_image":[{"width":1280,"height":853,"url":"https:\/\/i0.wp.com\/masquenoticias.mx\/wp-content\/uploads\/2025\/11\/ba53787d-a164-4c6e-bf55-6da67471b56f.jpg?fit=1280%2C853&ssl=1","type":"image\/jpeg"}],"author":"Redacci\u00f3n","twitter_card":"summary_large_image","twitter_creator":"@edgartove","twitter_site":"@edgartove","twitter_misc":{"Escrito por":"Redacci\u00f3n","Tiempo de lectura":"2 minutos"},"schema":{"@context":"https:\/\/schema.org","@graph":[{"@type":"Article","@id":"https:\/\/masquenoticias.mx\/index.php\/2025\/11\/18\/salud-colima-intensifica-fumigacion-en-tecoman-y-otros-municipios-de-riesgo\/#article","isPartOf":{"@id":"https:\/\/masquenoticias.mx\/index.php\/2025\/11\/18\/salud-colima-intensifica-fumigacion-en-tecoman-y-otros-municipios-de-riesgo\/"},"author":{"name":"Redacci\u00f3n","@id":"https:\/\/masquenoticias.mx\/#\/schema\/person\/544d19989ef23d34615f691f7a96e622"},"headline":"Salud Colima intensifica fumigaci\u00f3n en Tecom\u00e1n y otros municipios de riesgo","datePublished":"2025-11-18T19:53:29+00:00","mainEntityOfPage":{"@id":"https:\/\/masquenoticias.mx\/index.php\/2025\/11\/18\/salud-colima-intensifica-fumigacion-en-tecoman-y-otros-municipios-de-riesgo\/"},"wordCount":342,"publisher":{"@id":"https:\/\/masquenoticias.mx\/#organization"},"image":{"@id":"https:\/\/masquenoticias.mx\/index.php\/2025\/11\/18\/salud-colima-intensifica-fumigacion-en-tecoman-y-otros-municipios-de-riesgo\/#primaryimage"},"thumbnailUrl":"https:\/\/i0.wp.com\/masquenoticias.mx\/wp-content\/uploads\/2025\/11\/ba53787d-a164-4c6e-bf55-6da67471b56f.jpg?fit=1280%2C853&ssl=1","keywords":["Salud"],"articleSection":["Estado"],"inLanguage":"es"},{"@type":"WebPage","@id":"https:\/\/masquenoticias.mx\/index.php\/2025\/11\/18\/salud-colima-intensifica-fumigacion-en-tecoman-y-otros-municipios-de-riesgo\/","url":"https:\/\/masquenoticias.mx\/index.php\/2025\/11\/18\/salud-colima-intensifica-fumigacion-en-tecoman-y-otros-municipios-de-riesgo\/","name":"Salud Colima intensifica fumigaci\u00f3n en Tecom\u00e1n y otros municipios de riesgo - M\u00e1s Que Noticias","isPartOf":{"@id":"https:\/\/masquenoticias.mx\/#website"},"primaryImageOfPage":{"@id":"https:\/\/masquenoticias.mx\/index.php\/2025\/11\/18\/salud-colima-intensifica-fumigacion-en-tecoman-y-otros-municipios-de-riesgo\/#primaryimage"},"image":{"@id":"https:\/\/masquenoticias.mx\/index.php\/2025\/11\/18\/salud-colima-intensifica-fumigacion-en-tecoman-y-otros-municipios-de-riesgo\/#primaryimage"},"thumbnailUrl":"https:\/\/i0.wp.com\/masquenoticias.mx\/wp-content\/uploads\/2025\/11\/ba53787d-a164-4c6e-bf55-6da67471b56f.jpg?fit=1280%2C853&ssl=1","datePublished":"2025-11-18T19:53:29+00:00","breadcrumb":{"@id":"https:\/\/masquenoticias.mx\/index.php\/2025\/11\/18\/salud-colima-intensifica-fumigacion-en-tecoman-y-otros-municipios-de-riesgo\/#breadcrumb"},"inLanguage":"es","potentialAction":[{"@type":"ReadAction","target":["https:\/\/masquenoticias.mx\/index.php\/2025\/11\/18\/salud-colima-intensifica-fumigacion-en-tecoman-y-otros-municipios-de-riesgo\/"]}]},{"@type":"ImageObject","inLanguage":"es","@id":"https:\/\/masquenoticias.mx\/index.php\/2025\/11\/18\/salud-colima-intensifica-fumigacion-en-tecoman-y-otros-municipios-de-riesgo\/#primaryimage","url":"https:\/\/i0.wp.com\/masquenoticias.mx\/wp-content\/uploads\/2025\/11\/ba53787d-a164-4c6e-bf55-6da67471b56f.jpg?fit=1280%2C853&ssl=1","contentUrl":"https:\/\/i0.wp.com\/masquenoticias.mx\/wp-content\/uploads\/2025\/11\/ba53787d-a164-4c6e-bf55-6da67471b56f.jpg?fit=1280%2C853&ssl=1","width":1280,"height":853},{"@type":"BreadcrumbList","@id":"https:\/\/masquenoticias.mx\/index.php\/2025\/11\/18\/salud-colima-intensifica-fumigacion-en-tecoman-y-otros-municipios-de-riesgo\/#breadcrumb","itemListElement":[{"@type":"ListItem","position":1,"name":"Inicio","item":"https:\/\/masquenoticias.mx\/"},{"@type":"ListItem","position":2,"name":"Salud Colima intensifica fumigaci\u00f3n en Tecom\u00e1n y otros municipios de riesgo"}]},{"@type":"WebSite","@id":"https:\/\/masquenoticias.mx\/#website","url":"https:\/\/masquenoticias.mx\/","name":"M\u00e1s Que Noticias","description":"Noticias de Colima, M\u00e9xico y el Mundo","publisher":{"@id":"https:\/\/masquenoticias.mx\/#organization"},"potentialAction":[{"@type":"SearchAction","target":{"@type":"EntryPoint","urlTemplate":"https:\/\/masquenoticias.mx\/?s={search_term_string}"},"query-input":{"@type":"PropertyValueSpecification","valueRequired":true,"valueName":"search_term_string"}}],"inLanguage":"es"},{"@type":"Organization","@id":"https:\/\/masquenoticias.mx\/#organization","name":"M\u00e1s Que Noticias","url":"https:\/\/masquenoticias.mx\/","logo":{"@type":"ImageObject","inLanguage":"es","@id":"https:\/\/masquenoticias.mx\/#\/schema\/logo\/image\/","url":"https:\/\/i0.wp.com\/masquenoticias.mx\/wp-content\/uploads\/2024\/04\/IMG_0004.png?fit=2560%2C1656&ssl=1","contentUrl":"https:\/\/i0.wp.com\/masquenoticias.mx\/wp-content\/uploads\/2024\/04\/IMG_0004.png?fit=2560%2C1656&ssl=1","width":2560,"height":1656,"caption":"M\u00e1s Que Noticias"},"image":{"@id":"https:\/\/masquenoticias.mx\/#\/schema\/logo\/image\/"},"sameAs":["https:\/\/www.facebook.com\/masquenoticiascolima","https:\/\/x.com\/edgartove","https:\/\/www.instagram.com\/masquenoticiascolima\/"]},{"@type":"Person","@id":"https:\/\/masquenoticias.mx\/#\/schema\/person\/544d19989ef23d34615f691f7a96e622","name":"Redacci\u00f3n","image":{"@type":"ImageObject","inLanguage":"es","@id":"https:\/\/masquenoticias.mx\/#\/schema\/person\/image\/","url":"https:\/\/secure.gravatar.com\/avatar\/7fcc926d5b058d3f3d52d95b4d05dd58?s=96&d=mm&r=g","contentUrl":"https:\/\/secure.gravatar.com\/avatar\/7fcc926d5b058d3f3d52d95b4d05dd58?s=96&d=mm&r=g","caption":"Redacci\u00f3n"},"sameAs":["http:\/\/masquenoticias.mx"],"url":"https:\/\/masquenoticias.mx\/index.php\/author\/edgartovegmail-com\/"}]}},"jetpack_featured_media_url":"https:\/\/i0.wp.com\/masquenoticias.mx\/wp-content\/uploads\/2025\/11\/ba53787d-a164-4c6e-bf55-6da67471b56f.jpg?fit=1280%2C853&ssl=1","blog_post_layout_featured_media_urls":{"thumbnail":["https:\/\/i0.wp.com\/masquenoticias.mx\/wp-content\/uploads\/2025\/11\/ba53787d-a164-4c6e-bf55-6da67471b56f.jpg?resize=150%2C150&ssl=1",150,150,true],"full":["https:\/\/i0.wp.com\/masquenoticias.mx\/wp-content\/uploads\/2025\/11\/ba53787d-a164-4c6e-bf55-6da67471b56f.jpg?fit=1280%2C853&ssl=1",1280,853,false]},"categories_names":{"24":{"name":"Estado","link":"https:\/\/masquenoticias.mx\/index.php\/category\/estado\/"}},"tags_names":{"63":{"name":"Salud","link":"https:\/\/masquenoticias.mx\/index.php\/tag\/salud\/"}},"comments_number":"0","wpmagazine_modules_lite_featured_media_urls":{"thumbnail":["https:\/\/i0.wp.com\/masquenoticias.mx\/wp-content\/uploads\/2025\/11\/ba53787d-a164-4c6e-bf55-6da67471b56f.jpg?resize=150%2C150&ssl=1",150,150,true],"cvmm-medium":["https:\/\/i0.wp.com\/masquenoticias.mx\/wp-content\/uploads\/2025\/11\/ba53787d-a164-4c6e-bf55-6da67471b56f.jpg?resize=300%2C300&ssl=1",300,300,true],"cvmm-medium-plus":["https:\/\/i0.wp.com\/masquenoticias.mx\/wp-content\/uploads\/2025\/11\/ba53787d-a164-4c6e-bf55-6da67471b56f.jpg?resize=305%2C207&ssl=1",305,207,true],"cvmm-portrait":["https:\/\/i0.wp.com\/masquenoticias.mx\/wp-content\/uploads\/2025\/11\/ba53787d-a164-4c6e-bf55-6da67471b56f.jpg?resize=400%2C600&ssl=1",400,600,true],"cvmm-medium-square":["https:\/\/i0.wp.com\/masquenoticias.mx\/wp-content\/uploads\/2025\/11\/ba53787d-a164-4c6e-bf55-6da67471b56f.jpg?resize=600%2C600&ssl=1",600,600,true],"cvmm-large":["https:\/\/i0.wp.com\/masquenoticias.mx\/wp-content\/uploads\/2025\/11\/ba53787d-a164-4c6e-bf55-6da67471b56f.jpg?resize=1024%2C853&ssl=1",1024,853,true],"cvmm-small":["https:\/\/i0.wp.com\/masquenoticias.mx\/wp-content\/uploads\/2025\/11\/ba53787d-a164-4c6e-bf55-6da67471b56f.jpg?resize=130%2C95&ssl=1",130,95,true],"full":["https:\/\/i0.wp.com\/masquenoticias.mx\/wp-content\/uploads\/2025\/11\/ba53787d-a164-4c6e-bf55-6da67471b56f.jpg?fit=1280%2C853&ssl=1",1280,853,false]},"jetpack-related-posts":[],"jetpack_sharing_enabled":true,"jetpack_likes_enabled":true,"jetpack_shortlink":"https:\/\/wp.me\/pf7pkt-5ao","_links":{"self":[{"href":"https:\/\/masquenoticias.mx\/index.php\/wp-json\/wp\/v2\/posts\/19864","targetHints":{"allow":["GET"]}}],"collection":[{"href":"https:\/\/masquenoticias.mx\/index.php\/wp-json\/wp\/v2\/posts"}],"about":[{"href":"https:\/\/masquenoticias.mx\/index.php\/wp-json\/wp\/v2\/types\/post"}],"author":[{"embeddable":true,"href":"https:\/\/masquenoticias.mx\/index.php\/wp-json\/wp\/v2\/users\/1"}],"replies":[{"embeddable":true,"href":"https:\/\/masquenoticias.mx\/index.php\/wp-json\/wp\/v2\/comments?post=19864"}],"version-history":[{"count":1,"href":"https:\/\/masquenoticias.mx\/index.php\/wp-json\/wp\/v2\/posts\/19864\/revisions"}],"predecessor-version":[{"id":19865,"href":"https:\/\/masquenoticias.mx\/index.php\/wp-json\/wp\/v2\/posts\/19864\/revisions\/19865"}],"wp:featuredmedia":[{"embeddable":true,"href":"https:\/\/masquenoticias.mx\/index.php\/wp-json\/wp\/v2\/media\/19863"}],"wp:attachment":[{"href":"https:\/\/masquenoticias.mx\/index.php\/wp-json\/wp\/v2\/media?parent=19864"}],"wp:term":[{"taxonomy":"category","embeddable":true,"href":"https:\/\/masquenoticias.mx\/index.php\/wp-json\/wp\/v2\/categories?post=19864"},{"taxonomy":"post_tag","embeddable":true,"href":"https:\/\/masquenoticias.mx\/index.php\/wp-json\/wp\/v2\/tags?post=19864"}],"curies":[{"name":"wp","href":"https:\/\/api.w.org\/{rel}","templated":true}]}}