{"id":19835,"date":"2025-11-16T09:49:40","date_gmt":"2025-11-16T15:49:40","guid":{"rendered":"https:\/\/masquenoticias.mx\/?p=19835"},"modified":"2025-11-16T09:49:40","modified_gmt":"2025-11-16T15:49:40","slug":"definidos-los-finalistas-en-el-torneo-nacional-de-charro-completo-en-la-feria-de-colima","status":"publish","type":"post","link":"https:\/\/masquenoticias.mx\/index.php\/2025\/11\/16\/definidos-los-finalistas-en-el-torneo-nacional-de-charro-completo-en-la-feria-de-colima\/","title":{"rendered":"Definidos los finalistas en el Torneo Nacional de Charro Completo en la Feria de Colima"},"content":{"rendered":"\n<p>El XLI Campeonato Nacional de Charro Completo \u2018Trofeo Capacha\u2019, que se lleva a cabo en el Lienzo Charro Camino Real dentro de la Feria de Todos los Santos 2025 que organiza el Gobierno del Estado de Colima, defini\u00f3 este s\u00e1bado a sus cuatro finalistas: Emanuel Rodr\u00edguez, Jaime Michel, Jos\u00e9 Mar\u00eda Vizcarra y Juan Pablo Dawyer.<\/p>\n\n\n\n<p>La charreada final se realizar\u00e1 este domingo 16 de noviembre, a partir de las 5:30 de la tarde, donde los competidores buscar\u00e1n coronarse en una de las competencias m\u00e1s tradicionales y representativas del estado, como parte del deporte nacional por excelente.<\/p>\n\n\n\n<p>Durante la competencia del viernes en este magno evento de la #FeriaDeColima, el bicampe\u00f3n nacional y actual defensor del t\u00edtulo, Jaime Michel, encabez\u00f3 la jornada con 271 unidades, seguido de Jos\u00e9 Mar\u00eda Vizcarra, quien acumul\u00f3 214 puntos.<\/p>\n\n\n\n<p>En la charreada de este s\u00e1bado por la ma\u00f1ana participaron Rub\u00e9n Fern\u00e1ndez Casta\u00f1eda, quien registr\u00f3 187 puntos; Marco Antonio Ruiz Hidalgo, con 191 unidades; Ram\u00f3n \u2018Peluche\u2019 Monroy P\u00e9rez de Le\u00f3n, con 117 puntos; y Juan Ch\u00e1vez, con 104 unidades. Hasta ese momento, los clasificados provisionales a la gran final eran Marco Antonio Ruiz Hidalgo y Rub\u00e9n Fern\u00e1ndez Casta\u00f1eda.<\/p>\n\n\n\n<p>No obstante, en la charreada vespertina de este s\u00e1bado 15 de noviembre, las destacadas actuaciones de Emanuel Rodr\u00edguez y Juan Pablo Dawyer modificaron la tabla general, coloc\u00e1ndolos entre los finalistas con 275 y 199 puntos, respectivamente.<\/p>\n\n\n\n<p>Previo a la gran final del \u2018Trofeo Capacha\u2019 se llevar\u00e1 a cabo una charreada de gala por parte de la Asociaci\u00f3n de Charros Camino Real, con la participaci\u00f3n de los equipos El Sombrero de Tapalpa y Dorados de Nayarit. Posteriormente, se realizar\u00e1 el gran caladero y punteadero charro, para culminar a las 5:30 de la tarde con la final del XLI Campeonato Nacional de Charro Completo Trofeo Capacha 2025. #NosVemosEnLaFeria #FDTLS.<\/p>\n","protected":false},"excerpt":{"rendered":"<p>El XLI Campeonato Nacional de Charro Completo \u2018Trofeo Capacha\u2019, que se lleva a cabo en el Lienzo Charro Camino Real dentro de la Feria de Todos los Santos 2025 que organiza el Gobierno del Estado de Colima, defini\u00f3 este s\u00e1bado a sus cuatro finalistas: Emanuel Rodr\u00edguez, Jaime Michel, Jos\u00e9 Mar\u00eda Vizcarra y Juan Pablo Dawyer. [&hellip;]<\/p>\n","protected":false},"author":1,"featured_media":19834,"comment_status":"closed","ping_status":"open","sticky":false,"template":"","format":"standard","meta":{"_jetpack_memberships_contains_paid_content":false,"footnotes":""},"categories":[24],"tags":[195],"class_list":["post-19835","post","type-post","status-publish","format-standard","has-post-thumbnail","hentry","category-estado","tag-feria-de-colima"],"yoast_head":"<!-- This site is optimized with the Yoast SEO plugin v26.6 - https:\/\/yoast.com\/wordpress\/plugins\/seo\/ -->\n<title>Definidos los finalistas en el Torneo Nacional de Charro Completo en la Feria de Colima - M\u00e1s Que Noticias<\/title>\n<meta name=\"robots\" content=\"index, follow, max-snippet:-1, max-image-preview:large, max-video-preview:-1\" \/>\n<link rel=\"canonical\" href=\"https:\/\/masquenoticias.mx\/index.php\/2025\/11\/16\/definidos-los-finalistas-en-el-torneo-nacional-de-charro-completo-en-la-feria-de-colima\/\" \/>\n<meta property=\"og:locale\" content=\"es_MX\" \/>\n<meta property=\"og:type\" content=\"article\" \/>\n<meta property=\"og:title\" content=\"Definidos los finalistas en el Torneo Nacional de Charro Completo en la Feria de Colima - M\u00e1s Que Noticias\" \/>\n<meta property=\"og:description\" content=\"El XLI Campeonato Nacional de Charro Completo \u2018Trofeo Capacha\u2019, que se lleva a cabo en el Lienzo Charro Camino Real dentro de la Feria de Todos los Santos 2025 que organiza el Gobierno del Estado de Colima, defini\u00f3 este s\u00e1bado a sus cuatro finalistas: Emanuel Rodr\u00edguez, Jaime Michel, Jos\u00e9 Mar\u00eda Vizcarra y Juan Pablo Dawyer. [&hellip;]\" \/>\n<meta property=\"og:url\" content=\"https:\/\/masquenoticias.mx\/index.php\/2025\/11\/16\/definidos-los-finalistas-en-el-torneo-nacional-de-charro-completo-en-la-feria-de-colima\/\" \/>\n<meta property=\"og:site_name\" content=\"M\u00e1s Que Noticias\" \/>\n<meta property=\"article:publisher\" content=\"https:\/\/www.facebook.com\/masquenoticiascolima\" \/>\n<meta property=\"article:published_time\" content=\"2025-11-16T15:49:40+00:00\" \/>\n<meta property=\"og:image\" content=\"https:\/\/i0.wp.com\/masquenoticias.mx\/wp-content\/uploads\/2025\/11\/c4e805fd-f7a5-4b45-8ed2-7e172e54699d.jpg?fit=1280%2C781&ssl=1\" \/>\n\t<meta property=\"og:image:width\" content=\"1280\" \/>\n\t<meta property=\"og:image:height\" content=\"781\" \/>\n\t<meta property=\"og:image:type\" content=\"image\/jpeg\" \/>\n<meta name=\"author\" content=\"Redacci\u00f3n\" \/>\n<meta name=\"twitter:card\" content=\"summary_large_image\" \/>\n<meta name=\"twitter:creator\" content=\"@edgartove\" \/>\n<meta name=\"twitter:site\" content=\"@edgartove\" \/>\n<meta name=\"twitter:label1\" content=\"Escrito por\" \/>\n\t<meta name=\"twitter:data1\" content=\"Redacci\u00f3n\" \/>\n\t<meta name=\"twitter:label2\" content=\"Tiempo de lectura\" \/>\n\t<meta name=\"twitter:data2\" content=\"2 minutos\" \/>\n<script type=\"application\/ld+json\" class=\"yoast-schema-graph\">{\"@context\":\"https:\/\/schema.org\",\"@graph\":[{\"@type\":\"Article\",\"@id\":\"https:\/\/masquenoticias.mx\/index.php\/2025\/11\/16\/definidos-los-finalistas-en-el-torneo-nacional-de-charro-completo-en-la-feria-de-colima\/#article\",\"isPartOf\":{\"@id\":\"https:\/\/masquenoticias.mx\/index.php\/2025\/11\/16\/definidos-los-finalistas-en-el-torneo-nacional-de-charro-completo-en-la-feria-de-colima\/\"},\"author\":{\"name\":\"Redacci\u00f3n\",\"@id\":\"https:\/\/masquenoticias.mx\/#\/schema\/person\/544d19989ef23d34615f691f7a96e622\"},\"headline\":\"Definidos los finalistas en el Torneo Nacional de Charro Completo en la Feria de Colima\",\"datePublished\":\"2025-11-16T15:49:40+00:00\",\"mainEntityOfPage\":{\"@id\":\"https:\/\/masquenoticias.mx\/index.php\/2025\/11\/16\/definidos-los-finalistas-en-el-torneo-nacional-de-charro-completo-en-la-feria-de-colima\/\"},\"wordCount\":324,\"publisher\":{\"@id\":\"https:\/\/masquenoticias.mx\/#organization\"},\"image\":{\"@id\":\"https:\/\/masquenoticias.mx\/index.php\/2025\/11\/16\/definidos-los-finalistas-en-el-torneo-nacional-de-charro-completo-en-la-feria-de-colima\/#primaryimage\"},\"thumbnailUrl\":\"https:\/\/i0.wp.com\/masquenoticias.mx\/wp-content\/uploads\/2025\/11\/c4e805fd-f7a5-4b45-8ed2-7e172e54699d.jpg?fit=1280%2C781&ssl=1\",\"keywords\":[\"Feria de Colima\"],\"articleSection\":[\"Estado\"],\"inLanguage\":\"es\"},{\"@type\":\"WebPage\",\"@id\":\"https:\/\/masquenoticias.mx\/index.php\/2025\/11\/16\/definidos-los-finalistas-en-el-torneo-nacional-de-charro-completo-en-la-feria-de-colima\/\",\"url\":\"https:\/\/masquenoticias.mx\/index.php\/2025\/11\/16\/definidos-los-finalistas-en-el-torneo-nacional-de-charro-completo-en-la-feria-de-colima\/\",\"name\":\"Definidos los finalistas en el Torneo Nacional de Charro Completo en la Feria de Colima - M\u00e1s Que Noticias\",\"isPartOf\":{\"@id\":\"https:\/\/masquenoticias.mx\/#website\"},\"primaryImageOfPage\":{\"@id\":\"https:\/\/masquenoticias.mx\/index.php\/2025\/11\/16\/definidos-los-finalistas-en-el-torneo-nacional-de-charro-completo-en-la-feria-de-colima\/#primaryimage\"},\"image\":{\"@id\":\"https:\/\/masquenoticias.mx\/index.php\/2025\/11\/16\/definidos-los-finalistas-en-el-torneo-nacional-de-charro-completo-en-la-feria-de-colima\/#primaryimage\"},\"thumbnailUrl\":\"https:\/\/i0.wp.com\/masquenoticias.mx\/wp-content\/uploads\/2025\/11\/c4e805fd-f7a5-4b45-8ed2-7e172e54699d.jpg?fit=1280%2C781&ssl=1\",\"datePublished\":\"2025-11-16T15:49:40+00:00\",\"breadcrumb\":{\"@id\":\"https:\/\/masquenoticias.mx\/index.php\/2025\/11\/16\/definidos-los-finalistas-en-el-torneo-nacional-de-charro-completo-en-la-feria-de-colima\/#breadcrumb\"},\"inLanguage\":\"es\",\"potentialAction\":[{\"@type\":\"ReadAction\",\"target\":[\"https:\/\/masquenoticias.mx\/index.php\/2025\/11\/16\/definidos-los-finalistas-en-el-torneo-nacional-de-charro-completo-en-la-feria-de-colima\/\"]}]},{\"@type\":\"ImageObject\",\"inLanguage\":\"es\",\"@id\":\"https:\/\/masquenoticias.mx\/index.php\/2025\/11\/16\/definidos-los-finalistas-en-el-torneo-nacional-de-charro-completo-en-la-feria-de-colima\/#primaryimage\",\"url\":\"https:\/\/i0.wp.com\/masquenoticias.mx\/wp-content\/uploads\/2025\/11\/c4e805fd-f7a5-4b45-8ed2-7e172e54699d.jpg?fit=1280%2C781&ssl=1\",\"contentUrl\":\"https:\/\/i0.wp.com\/masquenoticias.mx\/wp-content\/uploads\/2025\/11\/c4e805fd-f7a5-4b45-8ed2-7e172e54699d.jpg?fit=1280%2C781&ssl=1\",\"width\":1280,\"height\":781},{\"@type\":\"BreadcrumbList\",\"@id\":\"https:\/\/masquenoticias.mx\/index.php\/2025\/11\/16\/definidos-los-finalistas-en-el-torneo-nacional-de-charro-completo-en-la-feria-de-colima\/#breadcrumb\",\"itemListElement\":[{\"@type\":\"ListItem\",\"position\":1,\"name\":\"Inicio\",\"item\":\"https:\/\/masquenoticias.mx\/\"},{\"@type\":\"ListItem\",\"position\":2,\"name\":\"Definidos los finalistas en el Torneo Nacional de Charro Completo en la Feria de Colima\"}]},{\"@type\":\"WebSite\",\"@id\":\"https:\/\/masquenoticias.mx\/#website\",\"url\":\"https:\/\/masquenoticias.mx\/\",\"name\":\"M\u00e1s Que Noticias\",\"description\":\"Noticias de Colima, M\u00e9xico y el Mundo\",\"publisher\":{\"@id\":\"https:\/\/masquenoticias.mx\/#organization\"},\"potentialAction\":[{\"@type\":\"SearchAction\",\"target\":{\"@type\":\"EntryPoint\",\"urlTemplate\":\"https:\/\/masquenoticias.mx\/?s={search_term_string}\"},\"query-input\":{\"@type\":\"PropertyValueSpecification\",\"valueRequired\":true,\"valueName\":\"search_term_string\"}}],\"inLanguage\":\"es\"},{\"@type\":\"Organization\",\"@id\":\"https:\/\/masquenoticias.mx\/#organization\",\"name\":\"M\u00e1s Que Noticias\",\"url\":\"https:\/\/masquenoticias.mx\/\",\"logo\":{\"@type\":\"ImageObject\",\"inLanguage\":\"es\",\"@id\":\"https:\/\/masquenoticias.mx\/#\/schema\/logo\/image\/\",\"url\":\"https:\/\/i0.wp.com\/masquenoticias.mx\/wp-content\/uploads\/2024\/04\/IMG_0004.png?fit=2560%2C1656&ssl=1\",\"contentUrl\":\"https:\/\/i0.wp.com\/masquenoticias.mx\/wp-content\/uploads\/2024\/04\/IMG_0004.png?fit=2560%2C1656&ssl=1\",\"width\":2560,\"height\":1656,\"caption\":\"M\u00e1s Que Noticias\"},\"image\":{\"@id\":\"https:\/\/masquenoticias.mx\/#\/schema\/logo\/image\/\"},\"sameAs\":[\"https:\/\/www.facebook.com\/masquenoticiascolima\",\"https:\/\/x.com\/edgartove\",\"https:\/\/www.instagram.com\/masquenoticiascolima\/\"]},{\"@type\":\"Person\",\"@id\":\"https:\/\/masquenoticias.mx\/#\/schema\/person\/544d19989ef23d34615f691f7a96e622\",\"name\":\"Redacci\u00f3n\",\"image\":{\"@type\":\"ImageObject\",\"inLanguage\":\"es\",\"@id\":\"https:\/\/masquenoticias.mx\/#\/schema\/person\/image\/\",\"url\":\"https:\/\/secure.gravatar.com\/avatar\/7fcc926d5b058d3f3d52d95b4d05dd58?s=96&d=mm&r=g\",\"contentUrl\":\"https:\/\/secure.gravatar.com\/avatar\/7fcc926d5b058d3f3d52d95b4d05dd58?s=96&d=mm&r=g\",\"caption\":\"Redacci\u00f3n\"},\"sameAs\":[\"http:\/\/masquenoticias.mx\"],\"url\":\"https:\/\/masquenoticias.mx\/index.php\/author\/edgartovegmail-com\/\"}]}<\/script>\n<!-- \/ Yoast SEO plugin. -->","yoast_head_json":{"title":"Definidos los finalistas en el Torneo Nacional de Charro Completo en la Feria de Colima - M\u00e1s Que Noticias","robots":{"index":"index","follow":"follow","max-snippet":"max-snippet:-1","max-image-preview":"max-image-preview:large","max-video-preview":"max-video-preview:-1"},"canonical":"https:\/\/masquenoticias.mx\/index.php\/2025\/11\/16\/definidos-los-finalistas-en-el-torneo-nacional-de-charro-completo-en-la-feria-de-colima\/","og_locale":"es_MX","og_type":"article","og_title":"Definidos los finalistas en el Torneo Nacional de Charro Completo en la Feria de Colima - M\u00e1s Que Noticias","og_description":"El XLI Campeonato Nacional de Charro Completo \u2018Trofeo Capacha\u2019, que se lleva a cabo en el Lienzo Charro Camino Real dentro de la Feria de Todos los Santos 2025 que organiza el Gobierno del Estado de Colima, defini\u00f3 este s\u00e1bado a sus cuatro finalistas: Emanuel Rodr\u00edguez, Jaime Michel, Jos\u00e9 Mar\u00eda Vizcarra y Juan Pablo Dawyer. [&hellip;]","og_url":"https:\/\/masquenoticias.mx\/index.php\/2025\/11\/16\/definidos-los-finalistas-en-el-torneo-nacional-de-charro-completo-en-la-feria-de-colima\/","og_site_name":"M\u00e1s Que Noticias","article_publisher":"https:\/\/www.facebook.com\/masquenoticiascolima","article_published_time":"2025-11-16T15:49:40+00:00","og_image":[{"width":1280,"height":781,"url":"https:\/\/i0.wp.com\/masquenoticias.mx\/wp-content\/uploads\/2025\/11\/c4e805fd-f7a5-4b45-8ed2-7e172e54699d.jpg?fit=1280%2C781&ssl=1","type":"image\/jpeg"}],"author":"Redacci\u00f3n","twitter_card":"summary_large_image","twitter_creator":"@edgartove","twitter_site":"@edgartove","twitter_misc":{"Escrito por":"Redacci\u00f3n","Tiempo de lectura":"2 minutos"},"schema":{"@context":"https:\/\/schema.org","@graph":[{"@type":"Article","@id":"https:\/\/masquenoticias.mx\/index.php\/2025\/11\/16\/definidos-los-finalistas-en-el-torneo-nacional-de-charro-completo-en-la-feria-de-colima\/#article","isPartOf":{"@id":"https:\/\/masquenoticias.mx\/index.php\/2025\/11\/16\/definidos-los-finalistas-en-el-torneo-nacional-de-charro-completo-en-la-feria-de-colima\/"},"author":{"name":"Redacci\u00f3n","@id":"https:\/\/masquenoticias.mx\/#\/schema\/person\/544d19989ef23d34615f691f7a96e622"},"headline":"Definidos los finalistas en el Torneo Nacional de Charro Completo en la Feria de Colima","datePublished":"2025-11-16T15:49:40+00:00","mainEntityOfPage":{"@id":"https:\/\/masquenoticias.mx\/index.php\/2025\/11\/16\/definidos-los-finalistas-en-el-torneo-nacional-de-charro-completo-en-la-feria-de-colima\/"},"wordCount":324,"publisher":{"@id":"https:\/\/masquenoticias.mx\/#organization"},"image":{"@id":"https:\/\/masquenoticias.mx\/index.php\/2025\/11\/16\/definidos-los-finalistas-en-el-torneo-nacional-de-charro-completo-en-la-feria-de-colima\/#primaryimage"},"thumbnailUrl":"https:\/\/i0.wp.com\/masquenoticias.mx\/wp-content\/uploads\/2025\/11\/c4e805fd-f7a5-4b45-8ed2-7e172e54699d.jpg?fit=1280%2C781&ssl=1","keywords":["Feria de Colima"],"articleSection":["Estado"],"inLanguage":"es"},{"@type":"WebPage","@id":"https:\/\/masquenoticias.mx\/index.php\/2025\/11\/16\/definidos-los-finalistas-en-el-torneo-nacional-de-charro-completo-en-la-feria-de-colima\/","url":"https:\/\/masquenoticias.mx\/index.php\/2025\/11\/16\/definidos-los-finalistas-en-el-torneo-nacional-de-charro-completo-en-la-feria-de-colima\/","name":"Definidos los finalistas en el Torneo Nacional de Charro Completo en la Feria de Colima - M\u00e1s Que Noticias","isPartOf":{"@id":"https:\/\/masquenoticias.mx\/#website"},"primaryImageOfPage":{"@id":"https:\/\/masquenoticias.mx\/index.php\/2025\/11\/16\/definidos-los-finalistas-en-el-torneo-nacional-de-charro-completo-en-la-feria-de-colima\/#primaryimage"},"image":{"@id":"https:\/\/masquenoticias.mx\/index.php\/2025\/11\/16\/definidos-los-finalistas-en-el-torneo-nacional-de-charro-completo-en-la-feria-de-colima\/#primaryimage"},"thumbnailUrl":"https:\/\/i0.wp.com\/masquenoticias.mx\/wp-content\/uploads\/2025\/11\/c4e805fd-f7a5-4b45-8ed2-7e172e54699d.jpg?fit=1280%2C781&ssl=1","datePublished":"2025-11-16T15:49:40+00:00","breadcrumb":{"@id":"https:\/\/masquenoticias.mx\/index.php\/2025\/11\/16\/definidos-los-finalistas-en-el-torneo-nacional-de-charro-completo-en-la-feria-de-colima\/#breadcrumb"},"inLanguage":"es","potentialAction":[{"@type":"ReadAction","target":["https:\/\/masquenoticias.mx\/index.php\/2025\/11\/16\/definidos-los-finalistas-en-el-torneo-nacional-de-charro-completo-en-la-feria-de-colima\/"]}]},{"@type":"ImageObject","inLanguage":"es","@id":"https:\/\/masquenoticias.mx\/index.php\/2025\/11\/16\/definidos-los-finalistas-en-el-torneo-nacional-de-charro-completo-en-la-feria-de-colima\/#primaryimage","url":"https:\/\/i0.wp.com\/masquenoticias.mx\/wp-content\/uploads\/2025\/11\/c4e805fd-f7a5-4b45-8ed2-7e172e54699d.jpg?fit=1280%2C781&ssl=1","contentUrl":"https:\/\/i0.wp.com\/masquenoticias.mx\/wp-content\/uploads\/2025\/11\/c4e805fd-f7a5-4b45-8ed2-7e172e54699d.jpg?fit=1280%2C781&ssl=1","width":1280,"height":781},{"@type":"BreadcrumbList","@id":"https:\/\/masquenoticias.mx\/index.php\/2025\/11\/16\/definidos-los-finalistas-en-el-torneo-nacional-de-charro-completo-en-la-feria-de-colima\/#breadcrumb","itemListElement":[{"@type":"ListItem","position":1,"name":"Inicio","item":"https:\/\/masquenoticias.mx\/"},{"@type":"ListItem","position":2,"name":"Definidos los finalistas en el Torneo Nacional de Charro Completo en la Feria de Colima"}]},{"@type":"WebSite","@id":"https:\/\/masquenoticias.mx\/#website","url":"https:\/\/masquenoticias.mx\/","name":"M\u00e1s Que Noticias","description":"Noticias de Colima, M\u00e9xico y el Mundo","publisher":{"@id":"https:\/\/masquenoticias.mx\/#organization"},"potentialAction":[{"@type":"SearchAction","target":{"@type":"EntryPoint","urlTemplate":"https:\/\/masquenoticias.mx\/?s={search_term_string}"},"query-input":{"@type":"PropertyValueSpecification","valueRequired":true,"valueName":"search_term_string"}}],"inLanguage":"es"},{"@type":"Organization","@id":"https:\/\/masquenoticias.mx\/#organization","name":"M\u00e1s Que Noticias","url":"https:\/\/masquenoticias.mx\/","logo":{"@type":"ImageObject","inLanguage":"es","@id":"https:\/\/masquenoticias.mx\/#\/schema\/logo\/image\/","url":"https:\/\/i0.wp.com\/masquenoticias.mx\/wp-content\/uploads\/2024\/04\/IMG_0004.png?fit=2560%2C1656&ssl=1","contentUrl":"https:\/\/i0.wp.com\/masquenoticias.mx\/wp-content\/uploads\/2024\/04\/IMG_0004.png?fit=2560%2C1656&ssl=1","width":2560,"height":1656,"caption":"M\u00e1s Que Noticias"},"image":{"@id":"https:\/\/masquenoticias.mx\/#\/schema\/logo\/image\/"},"sameAs":["https:\/\/www.facebook.com\/masquenoticiascolima","https:\/\/x.com\/edgartove","https:\/\/www.instagram.com\/masquenoticiascolima\/"]},{"@type":"Person","@id":"https:\/\/masquenoticias.mx\/#\/schema\/person\/544d19989ef23d34615f691f7a96e622","name":"Redacci\u00f3n","image":{"@type":"ImageObject","inLanguage":"es","@id":"https:\/\/masquenoticias.mx\/#\/schema\/person\/image\/","url":"https:\/\/secure.gravatar.com\/avatar\/7fcc926d5b058d3f3d52d95b4d05dd58?s=96&d=mm&r=g","contentUrl":"https:\/\/secure.gravatar.com\/avatar\/7fcc926d5b058d3f3d52d95b4d05dd58?s=96&d=mm&r=g","caption":"Redacci\u00f3n"},"sameAs":["http:\/\/masquenoticias.mx"],"url":"https:\/\/masquenoticias.mx\/index.php\/author\/edgartovegmail-com\/"}]}},"jetpack_featured_media_url":"https:\/\/i0.wp.com\/masquenoticias.mx\/wp-content\/uploads\/2025\/11\/c4e805fd-f7a5-4b45-8ed2-7e172e54699d.jpg?fit=1280%2C781&ssl=1","blog_post_layout_featured_media_urls":{"thumbnail":["https:\/\/i0.wp.com\/masquenoticias.mx\/wp-content\/uploads\/2025\/11\/c4e805fd-f7a5-4b45-8ed2-7e172e54699d.jpg?resize=150%2C150&ssl=1",150,150,true],"full":["https:\/\/i0.wp.com\/masquenoticias.mx\/wp-content\/uploads\/2025\/11\/c4e805fd-f7a5-4b45-8ed2-7e172e54699d.jpg?fit=1280%2C781&ssl=1",1280,781,false]},"categories_names":{"24":{"name":"Estado","link":"https:\/\/masquenoticias.mx\/index.php\/category\/estado\/"}},"tags_names":{"195":{"name":"Feria de Colima","link":"https:\/\/masquenoticias.mx\/index.php\/tag\/feria-de-colima\/"}},"comments_number":"0","wpmagazine_modules_lite_featured_media_urls":{"thumbnail":["https:\/\/i0.wp.com\/masquenoticias.mx\/wp-content\/uploads\/2025\/11\/c4e805fd-f7a5-4b45-8ed2-7e172e54699d.jpg?resize=150%2C150&ssl=1",150,150,true],"cvmm-medium":["https:\/\/i0.wp.com\/masquenoticias.mx\/wp-content\/uploads\/2025\/11\/c4e805fd-f7a5-4b45-8ed2-7e172e54699d.jpg?resize=300%2C300&ssl=1",300,300,true],"cvmm-medium-plus":["https:\/\/i0.wp.com\/masquenoticias.mx\/wp-content\/uploads\/2025\/11\/c4e805fd-f7a5-4b45-8ed2-7e172e54699d.jpg?resize=305%2C207&ssl=1",305,207,true],"cvmm-portrait":["https:\/\/i0.wp.com\/masquenoticias.mx\/wp-content\/uploads\/2025\/11\/c4e805fd-f7a5-4b45-8ed2-7e172e54699d.jpg?resize=400%2C600&ssl=1",400,600,true],"cvmm-medium-square":["https:\/\/i0.wp.com\/masquenoticias.mx\/wp-content\/uploads\/2025\/11\/c4e805fd-f7a5-4b45-8ed2-7e172e54699d.jpg?resize=600%2C600&ssl=1",600,600,true],"cvmm-large":["https:\/\/i0.wp.com\/masquenoticias.mx\/wp-content\/uploads\/2025\/11\/c4e805fd-f7a5-4b45-8ed2-7e172e54699d.jpg?resize=1024%2C781&ssl=1",1024,781,true],"cvmm-small":["https:\/\/i0.wp.com\/masquenoticias.mx\/wp-content\/uploads\/2025\/11\/c4e805fd-f7a5-4b45-8ed2-7e172e54699d.jpg?resize=130%2C95&ssl=1",130,95,true],"full":["https:\/\/i0.wp.com\/masquenoticias.mx\/wp-content\/uploads\/2025\/11\/c4e805fd-f7a5-4b45-8ed2-7e172e54699d.jpg?fit=1280%2C781&ssl=1",1280,781,false]},"jetpack-related-posts":[],"jetpack_sharing_enabled":true,"jetpack_likes_enabled":true,"jetpack_shortlink":"https:\/\/wp.me\/pf7pkt-59V","_links":{"self":[{"href":"https:\/\/masquenoticias.mx\/index.php\/wp-json\/wp\/v2\/posts\/19835","targetHints":{"allow":["GET"]}}],"collection":[{"href":"https:\/\/masquenoticias.mx\/index.php\/wp-json\/wp\/v2\/posts"}],"about":[{"href":"https:\/\/masquenoticias.mx\/index.php\/wp-json\/wp\/v2\/types\/post"}],"author":[{"embeddable":true,"href":"https:\/\/masquenoticias.mx\/index.php\/wp-json\/wp\/v2\/users\/1"}],"replies":[{"embeddable":true,"href":"https:\/\/masquenoticias.mx\/index.php\/wp-json\/wp\/v2\/comments?post=19835"}],"version-history":[{"count":1,"href":"https:\/\/masquenoticias.mx\/index.php\/wp-json\/wp\/v2\/posts\/19835\/revisions"}],"predecessor-version":[{"id":19836,"href":"https:\/\/masquenoticias.mx\/index.php\/wp-json\/wp\/v2\/posts\/19835\/revisions\/19836"}],"wp:featuredmedia":[{"embeddable":true,"href":"https:\/\/masquenoticias.mx\/index.php\/wp-json\/wp\/v2\/media\/19834"}],"wp:attachment":[{"href":"https:\/\/masquenoticias.mx\/index.php\/wp-json\/wp\/v2\/media?parent=19835"}],"wp:term":[{"taxonomy":"category","embeddable":true,"href":"https:\/\/masquenoticias.mx\/index.php\/wp-json\/wp\/v2\/categories?post=19835"},{"taxonomy":"post_tag","embeddable":true,"href":"https:\/\/masquenoticias.mx\/index.php\/wp-json\/wp\/v2\/tags?post=19835"}],"curies":[{"name":"wp","href":"https:\/\/api.w.org\/{rel}","templated":true}]}}