{"id":19831,"date":"2025-11-16T09:48:01","date_gmt":"2025-11-16T15:48:01","guid":{"rendered":"https:\/\/masquenoticias.mx\/?p=19831"},"modified":"2025-11-16T09:48:01","modified_gmt":"2025-11-16T15:48:01","slug":"este-domingo-juntos-jorge-medina-y-josi-cuen-en-el-5-concierto-gratuito-que-ofrece-gobierno-del-estado-en-la-feria-de-colima","status":"publish","type":"post","link":"https:\/\/masquenoticias.mx\/index.php\/2025\/11\/16\/este-domingo-juntos-jorge-medina-y-josi-cuen-en-el-5-concierto-gratuito-que-ofrece-gobierno-del-estado-en-la-feria-de-colima\/","title":{"rendered":"Este domingo, Juntos: Jorge Medina y Josi Cuen en el 5\u00b0 concierto gratuito que ofrece Gobierno del Estado en la Feria de Colima"},"content":{"rendered":"\n<p>La Feria de Todos los Santos 2025 tendr\u00e1 este domingo 16 de noviembre uno de sus espect\u00e1culos m\u00e1s esperados: el concierto gratuito de Juntos: Jorge Medina y Josi Cuen, quienes se presentar\u00e1n en el Foro Principal en punto de las 9:00 de la noche en lo que ser\u00e1 el quinto concierto masivo que ofrece el Gobierno del Estado de Colima sin costo para el p\u00fablico, informa Rodolfo Aguilar D\u00e1valos, director general del Instituto de Fomento de Ferias y Exposiciones (Iffecol).<\/p>\n\n\n\n<p>Esta presentaci\u00f3n musical es parte de la cartelera de eventos gratuitos que ofrece la administraci\u00f3n estatal como parte la instrucci\u00f3n de la gobernadora Indira Vizca\u00edno Silva de ofrecer espect\u00e1culos de calidad y accesibles para las y los colimenses que acuden a la #FDTLS 2025, que sin duda alguna ser\u00e1 inolvidable para el p\u00fablico.<\/p>\n\n\n\n<p>Para este concierto gratuito, las puertas del Foro Principal se abrir\u00e1n a partir de las 4:00 de la tarde, y el ingreso ser\u00e1 \u00fanicamente por las dos entradas ubicadas junto al estacionamiento del Palenque de la #FeriaDeColima y por motivos de seguridad y log\u00edstica, no se permitir\u00e1 introducir bebidas de ning\u00fan tipo, art\u00edculos de cristal, sombrillas, ni bancos o sillas.<\/p>\n\n\n\n<p>Rodolfo Aguilar puntualiz\u00f3 que, por seguridad de las y los asistentes, una vez alcanzado el aforo permitido, las puertas se cerrar\u00e1n temporalmente y se reabrir\u00e1n cada 20 minutos, por lo que solicit\u00f3 comprensi\u00f3n y paciencia ante este proceso; \u201cqueremos que este gran concierto de cierre sea una experiencia \u00fanica, segura y memorable para el p\u00fablico\u201d.<\/p>\n\n\n\n<p><em>FINALES DEL CHARRO COMPLETO<\/em><\/p>\n\n\n\n<p>Para seguir con la cartelera del domingo 16 de noviembre, desde las 11:00 de la ma\u00f1ana iniciar\u00e1n las actividades en el Lienzo Charro Camino Real con exponentes de gala dentro del XLI Torneo Nacional Charro Completo \u2018Trofeo Capacha\u2019, mientras en el Teatro del Caballo, el p\u00fablico podr\u00e1 disfrutar del jineteo de novillos y borregos al mediod\u00eda (12:00 horas), seguido del gran caladero charro a las 3:00 de la tarde en el lienzo Camino Real.<\/p>\n\n\n\n<p>A las 5:00 de la tarde, el Teatro del Caballo ser\u00e1 sede del Octavo Concurso Morfol\u00f3gico de Caballos Pura Raza Espa\u00f1ola, y paralelamente, en el Lienzo Charro se llevar\u00e1 a cabo la gran final del \u2018Trofeo Capacha\u2019 a partir de las 5:30 de la tarde.<\/p>\n\n\n\n<p>Tambi\u00e9n a las 5:30 de la tarde en los arcos de la entrada principal de la #FDTLS, el municipio de Tecom\u00e1n ofrecer\u00e1 el tradicional convite de feria, para que a las 6:00 de la tarde se presenten sus grupos art\u00edsticos en el Teatro del Pueblo.<\/p>\n\n\n\n<p>A las 6:00 de la tarde se realizar\u00e1 la presentaci\u00f3n musical \u2018Bohemia\u2019 con Jorge Hern\u00e1ndez y Felipe Castellanos en Plaza Bohemia. A las 7:00 de la tarde, el Ballet Folkl\u00f3rico de la Universidad de Colima presentar\u00e1 \u201cTradici\u00f3n y fiesta que nos une\u201d, en el Domo Central de la #FDTLS, sum\u00e1ndose los sets de DJ Daniel Barreda y DJ Wiken en las zonas Picnic y Arbolada a la misma hora.<\/p>\n\n\n\n<p><em>MUCHAS OPCIONES DE DIVERSI\u00d3N<\/em><\/p>\n\n\n\n<p>A las 8:00 de la noche, el Teatro del Pueblo continuar\u00e1 sus actividades con la presentaci\u00f3n de \u2018Gravedad Adyacente\u2019 del Centro de Artes Esc\u00e9nicas, mientras que a las 8:30 de la noche el Grupo Ac\u00fastica animar\u00e1 Plaza Bohemia, al tiempo que en el Lienzo Charro Camino Real ser\u00e1 la clausura del XLI Torneo Nacional Charro Completo \u2018Trofeo Capacha\u2019.<\/p>\n\n\n\n<p>A las 9:00 de la noche, el p\u00fablico podr\u00e1 elegir entre diversas propuestas: Colectivo Zopilote en Zona Picnic, Los Chikalikes de Colima en la Zona Arbolada y el espect\u00e1culo danc\u00edstico \u2018M\u00e9xico M\u00e1gico\u2019 de la Compa\u00f1\u00eda Cueczcomatl en el Teatro del Pueblo.<\/p>\n\n\n\n<p>La noche culminar\u00e1 con la presentaci\u00f3n de Grupo Ac\u00fastica en Plaza Bohemia a las 10:30 de la noche, y los sets de DJ Daniel Barreda y DJ Wiken a las 11:00 de la noche.<\/p>\n\n\n\n<p>Rodolfo Aguilar invita a todas las familias colimenses y de la regi\u00f3n a disfrutar de esta jornada dominical llena de fiesta, cultura y grandes espect\u00e1culos gratuitos, que ser\u00e1 el pen\u00faltimo d\u00eda de actividades, por lo que dijo: #NosVemosEnLaFeria.<\/p>\n","protected":false},"excerpt":{"rendered":"<p>La Feria de Todos los Santos 2025 tendr\u00e1 este domingo 16 de noviembre uno de sus espect\u00e1culos m\u00e1s esperados: el concierto gratuito de Juntos: Jorge Medina y Josi Cuen, quienes se presentar\u00e1n en el Foro Principal en punto de las 9:00 de la noche en lo que ser\u00e1 el quinto concierto masivo que ofrece el [&hellip;]<\/p>\n","protected":false},"author":1,"featured_media":19830,"comment_status":"closed","ping_status":"open","sticky":false,"template":"","format":"standard","meta":{"_jetpack_memberships_contains_paid_content":false,"footnotes":""},"categories":[24],"tags":[195],"class_list":["post-19831","post","type-post","status-publish","format-standard","has-post-thumbnail","hentry","category-estado","tag-feria-de-colima"],"yoast_head":"<!-- This site is optimized with the Yoast SEO plugin v26.6 - https:\/\/yoast.com\/wordpress\/plugins\/seo\/ -->\n<title>Este domingo, Juntos: Jorge Medina y Josi Cuen en el 5\u00b0 concierto gratuito que ofrece Gobierno del Estado en la Feria de Colima - M\u00e1s Que Noticias<\/title>\n<meta name=\"robots\" content=\"index, follow, max-snippet:-1, max-image-preview:large, max-video-preview:-1\" \/>\n<link rel=\"canonical\" href=\"https:\/\/masquenoticias.mx\/index.php\/2025\/11\/16\/este-domingo-juntos-jorge-medina-y-josi-cuen-en-el-5-concierto-gratuito-que-ofrece-gobierno-del-estado-en-la-feria-de-colima\/\" \/>\n<meta property=\"og:locale\" content=\"es_MX\" \/>\n<meta property=\"og:type\" content=\"article\" \/>\n<meta property=\"og:title\" content=\"Este domingo, Juntos: Jorge Medina y Josi Cuen en el 5\u00b0 concierto gratuito que ofrece Gobierno del Estado en la Feria de Colima - M\u00e1s Que Noticias\" \/>\n<meta property=\"og:description\" content=\"La Feria de Todos los Santos 2025 tendr\u00e1 este domingo 16 de noviembre uno de sus espect\u00e1culos m\u00e1s esperados: el concierto gratuito de Juntos: Jorge Medina y Josi Cuen, quienes se presentar\u00e1n en el Foro Principal en punto de las 9:00 de la noche en lo que ser\u00e1 el quinto concierto masivo que ofrece el [&hellip;]\" \/>\n<meta property=\"og:url\" content=\"https:\/\/masquenoticias.mx\/index.php\/2025\/11\/16\/este-domingo-juntos-jorge-medina-y-josi-cuen-en-el-5-concierto-gratuito-que-ofrece-gobierno-del-estado-en-la-feria-de-colima\/\" \/>\n<meta property=\"og:site_name\" content=\"M\u00e1s Que Noticias\" \/>\n<meta property=\"article:publisher\" content=\"https:\/\/www.facebook.com\/masquenoticiascolima\" \/>\n<meta property=\"article:published_time\" content=\"2025-11-16T15:48:01+00:00\" \/>\n<meta property=\"og:image\" content=\"https:\/\/i0.wp.com\/masquenoticias.mx\/wp-content\/uploads\/2025\/11\/7c96e8d5-ddb5-4760-a3f9-ea8bea0ef3f3.jpg?fit=1023%2C1280&ssl=1\" \/>\n\t<meta property=\"og:image:width\" content=\"1023\" \/>\n\t<meta property=\"og:image:height\" content=\"1280\" \/>\n\t<meta property=\"og:image:type\" content=\"image\/jpeg\" \/>\n<meta name=\"author\" content=\"Redacci\u00f3n\" \/>\n<meta name=\"twitter:card\" content=\"summary_large_image\" \/>\n<meta name=\"twitter:creator\" content=\"@edgartove\" \/>\n<meta name=\"twitter:site\" content=\"@edgartove\" \/>\n<meta name=\"twitter:label1\" content=\"Escrito por\" \/>\n\t<meta name=\"twitter:data1\" content=\"Redacci\u00f3n\" \/>\n\t<meta name=\"twitter:label2\" content=\"Tiempo de lectura\" \/>\n\t<meta name=\"twitter:data2\" content=\"3 minutos\" \/>\n<script type=\"application\/ld+json\" class=\"yoast-schema-graph\">{\"@context\":\"https:\/\/schema.org\",\"@graph\":[{\"@type\":\"Article\",\"@id\":\"https:\/\/masquenoticias.mx\/index.php\/2025\/11\/16\/este-domingo-juntos-jorge-medina-y-josi-cuen-en-el-5-concierto-gratuito-que-ofrece-gobierno-del-estado-en-la-feria-de-colima\/#article\",\"isPartOf\":{\"@id\":\"https:\/\/masquenoticias.mx\/index.php\/2025\/11\/16\/este-domingo-juntos-jorge-medina-y-josi-cuen-en-el-5-concierto-gratuito-que-ofrece-gobierno-del-estado-en-la-feria-de-colima\/\"},\"author\":{\"name\":\"Redacci\u00f3n\",\"@id\":\"https:\/\/masquenoticias.mx\/#\/schema\/person\/544d19989ef23d34615f691f7a96e622\"},\"headline\":\"Este domingo, Juntos: Jorge Medina y Josi Cuen en el 5\u00b0 concierto gratuito que ofrece Gobierno del Estado en la Feria de Colima\",\"datePublished\":\"2025-11-16T15:48:01+00:00\",\"mainEntityOfPage\":{\"@id\":\"https:\/\/masquenoticias.mx\/index.php\/2025\/11\/16\/este-domingo-juntos-jorge-medina-y-josi-cuen-en-el-5-concierto-gratuito-que-ofrece-gobierno-del-estado-en-la-feria-de-colima\/\"},\"wordCount\":710,\"publisher\":{\"@id\":\"https:\/\/masquenoticias.mx\/#organization\"},\"image\":{\"@id\":\"https:\/\/masquenoticias.mx\/index.php\/2025\/11\/16\/este-domingo-juntos-jorge-medina-y-josi-cuen-en-el-5-concierto-gratuito-que-ofrece-gobierno-del-estado-en-la-feria-de-colima\/#primaryimage\"},\"thumbnailUrl\":\"https:\/\/i0.wp.com\/masquenoticias.mx\/wp-content\/uploads\/2025\/11\/7c96e8d5-ddb5-4760-a3f9-ea8bea0ef3f3.jpg?fit=1023%2C1280&ssl=1\",\"keywords\":[\"Feria de Colima\"],\"articleSection\":[\"Estado\"],\"inLanguage\":\"es\"},{\"@type\":\"WebPage\",\"@id\":\"https:\/\/masquenoticias.mx\/index.php\/2025\/11\/16\/este-domingo-juntos-jorge-medina-y-josi-cuen-en-el-5-concierto-gratuito-que-ofrece-gobierno-del-estado-en-la-feria-de-colima\/\",\"url\":\"https:\/\/masquenoticias.mx\/index.php\/2025\/11\/16\/este-domingo-juntos-jorge-medina-y-josi-cuen-en-el-5-concierto-gratuito-que-ofrece-gobierno-del-estado-en-la-feria-de-colima\/\",\"name\":\"Este domingo, Juntos: Jorge Medina y Josi Cuen en el 5\u00b0 concierto gratuito que ofrece Gobierno del Estado en la Feria de Colima - M\u00e1s Que Noticias\",\"isPartOf\":{\"@id\":\"https:\/\/masquenoticias.mx\/#website\"},\"primaryImageOfPage\":{\"@id\":\"https:\/\/masquenoticias.mx\/index.php\/2025\/11\/16\/este-domingo-juntos-jorge-medina-y-josi-cuen-en-el-5-concierto-gratuito-que-ofrece-gobierno-del-estado-en-la-feria-de-colima\/#primaryimage\"},\"image\":{\"@id\":\"https:\/\/masquenoticias.mx\/index.php\/2025\/11\/16\/este-domingo-juntos-jorge-medina-y-josi-cuen-en-el-5-concierto-gratuito-que-ofrece-gobierno-del-estado-en-la-feria-de-colima\/#primaryimage\"},\"thumbnailUrl\":\"https:\/\/i0.wp.com\/masquenoticias.mx\/wp-content\/uploads\/2025\/11\/7c96e8d5-ddb5-4760-a3f9-ea8bea0ef3f3.jpg?fit=1023%2C1280&ssl=1\",\"datePublished\":\"2025-11-16T15:48:01+00:00\",\"breadcrumb\":{\"@id\":\"https:\/\/masquenoticias.mx\/index.php\/2025\/11\/16\/este-domingo-juntos-jorge-medina-y-josi-cuen-en-el-5-concierto-gratuito-que-ofrece-gobierno-del-estado-en-la-feria-de-colima\/#breadcrumb\"},\"inLanguage\":\"es\",\"potentialAction\":[{\"@type\":\"ReadAction\",\"target\":[\"https:\/\/masquenoticias.mx\/index.php\/2025\/11\/16\/este-domingo-juntos-jorge-medina-y-josi-cuen-en-el-5-concierto-gratuito-que-ofrece-gobierno-del-estado-en-la-feria-de-colima\/\"]}]},{\"@type\":\"ImageObject\",\"inLanguage\":\"es\",\"@id\":\"https:\/\/masquenoticias.mx\/index.php\/2025\/11\/16\/este-domingo-juntos-jorge-medina-y-josi-cuen-en-el-5-concierto-gratuito-que-ofrece-gobierno-del-estado-en-la-feria-de-colima\/#primaryimage\",\"url\":\"https:\/\/i0.wp.com\/masquenoticias.mx\/wp-content\/uploads\/2025\/11\/7c96e8d5-ddb5-4760-a3f9-ea8bea0ef3f3.jpg?fit=1023%2C1280&ssl=1\",\"contentUrl\":\"https:\/\/i0.wp.com\/masquenoticias.mx\/wp-content\/uploads\/2025\/11\/7c96e8d5-ddb5-4760-a3f9-ea8bea0ef3f3.jpg?fit=1023%2C1280&ssl=1\",\"width\":1023,\"height\":1280},{\"@type\":\"BreadcrumbList\",\"@id\":\"https:\/\/masquenoticias.mx\/index.php\/2025\/11\/16\/este-domingo-juntos-jorge-medina-y-josi-cuen-en-el-5-concierto-gratuito-que-ofrece-gobierno-del-estado-en-la-feria-de-colima\/#breadcrumb\",\"itemListElement\":[{\"@type\":\"ListItem\",\"position\":1,\"name\":\"Inicio\",\"item\":\"https:\/\/masquenoticias.mx\/\"},{\"@type\":\"ListItem\",\"position\":2,\"name\":\"Este domingo, Juntos: Jorge Medina y Josi Cuen en el 5\u00b0 concierto gratuito que ofrece Gobierno del Estado en la Feria de Colima\"}]},{\"@type\":\"WebSite\",\"@id\":\"https:\/\/masquenoticias.mx\/#website\",\"url\":\"https:\/\/masquenoticias.mx\/\",\"name\":\"M\u00e1s Que Noticias\",\"description\":\"Noticias de Colima, M\u00e9xico y el Mundo\",\"publisher\":{\"@id\":\"https:\/\/masquenoticias.mx\/#organization\"},\"potentialAction\":[{\"@type\":\"SearchAction\",\"target\":{\"@type\":\"EntryPoint\",\"urlTemplate\":\"https:\/\/masquenoticias.mx\/?s={search_term_string}\"},\"query-input\":{\"@type\":\"PropertyValueSpecification\",\"valueRequired\":true,\"valueName\":\"search_term_string\"}}],\"inLanguage\":\"es\"},{\"@type\":\"Organization\",\"@id\":\"https:\/\/masquenoticias.mx\/#organization\",\"name\":\"M\u00e1s Que Noticias\",\"url\":\"https:\/\/masquenoticias.mx\/\",\"logo\":{\"@type\":\"ImageObject\",\"inLanguage\":\"es\",\"@id\":\"https:\/\/masquenoticias.mx\/#\/schema\/logo\/image\/\",\"url\":\"https:\/\/i0.wp.com\/masquenoticias.mx\/wp-content\/uploads\/2024\/04\/IMG_0004.png?fit=2560%2C1656&ssl=1\",\"contentUrl\":\"https:\/\/i0.wp.com\/masquenoticias.mx\/wp-content\/uploads\/2024\/04\/IMG_0004.png?fit=2560%2C1656&ssl=1\",\"width\":2560,\"height\":1656,\"caption\":\"M\u00e1s Que Noticias\"},\"image\":{\"@id\":\"https:\/\/masquenoticias.mx\/#\/schema\/logo\/image\/\"},\"sameAs\":[\"https:\/\/www.facebook.com\/masquenoticiascolima\",\"https:\/\/x.com\/edgartove\",\"https:\/\/www.instagram.com\/masquenoticiascolima\/\"]},{\"@type\":\"Person\",\"@id\":\"https:\/\/masquenoticias.mx\/#\/schema\/person\/544d19989ef23d34615f691f7a96e622\",\"name\":\"Redacci\u00f3n\",\"image\":{\"@type\":\"ImageObject\",\"inLanguage\":\"es\",\"@id\":\"https:\/\/masquenoticias.mx\/#\/schema\/person\/image\/\",\"url\":\"https:\/\/secure.gravatar.com\/avatar\/7fcc926d5b058d3f3d52d95b4d05dd58?s=96&d=mm&r=g\",\"contentUrl\":\"https:\/\/secure.gravatar.com\/avatar\/7fcc926d5b058d3f3d52d95b4d05dd58?s=96&d=mm&r=g\",\"caption\":\"Redacci\u00f3n\"},\"sameAs\":[\"http:\/\/masquenoticias.mx\"],\"url\":\"https:\/\/masquenoticias.mx\/index.php\/author\/edgartovegmail-com\/\"}]}<\/script>\n<!-- \/ Yoast SEO plugin. -->","yoast_head_json":{"title":"Este domingo, Juntos: Jorge Medina y Josi Cuen en el 5\u00b0 concierto gratuito que ofrece Gobierno del Estado en la Feria de Colima - M\u00e1s Que Noticias","robots":{"index":"index","follow":"follow","max-snippet":"max-snippet:-1","max-image-preview":"max-image-preview:large","max-video-preview":"max-video-preview:-1"},"canonical":"https:\/\/masquenoticias.mx\/index.php\/2025\/11\/16\/este-domingo-juntos-jorge-medina-y-josi-cuen-en-el-5-concierto-gratuito-que-ofrece-gobierno-del-estado-en-la-feria-de-colima\/","og_locale":"es_MX","og_type":"article","og_title":"Este domingo, Juntos: Jorge Medina y Josi Cuen en el 5\u00b0 concierto gratuito que ofrece Gobierno del Estado en la Feria de Colima - M\u00e1s Que Noticias","og_description":"La Feria de Todos los Santos 2025 tendr\u00e1 este domingo 16 de noviembre uno de sus espect\u00e1culos m\u00e1s esperados: el concierto gratuito de Juntos: Jorge Medina y Josi Cuen, quienes se presentar\u00e1n en el Foro Principal en punto de las 9:00 de la noche en lo que ser\u00e1 el quinto concierto masivo que ofrece el [&hellip;]","og_url":"https:\/\/masquenoticias.mx\/index.php\/2025\/11\/16\/este-domingo-juntos-jorge-medina-y-josi-cuen-en-el-5-concierto-gratuito-que-ofrece-gobierno-del-estado-en-la-feria-de-colima\/","og_site_name":"M\u00e1s Que Noticias","article_publisher":"https:\/\/www.facebook.com\/masquenoticiascolima","article_published_time":"2025-11-16T15:48:01+00:00","og_image":[{"width":1023,"height":1280,"url":"https:\/\/i0.wp.com\/masquenoticias.mx\/wp-content\/uploads\/2025\/11\/7c96e8d5-ddb5-4760-a3f9-ea8bea0ef3f3.jpg?fit=1023%2C1280&ssl=1","type":"image\/jpeg"}],"author":"Redacci\u00f3n","twitter_card":"summary_large_image","twitter_creator":"@edgartove","twitter_site":"@edgartove","twitter_misc":{"Escrito por":"Redacci\u00f3n","Tiempo de lectura":"3 minutos"},"schema":{"@context":"https:\/\/schema.org","@graph":[{"@type":"Article","@id":"https:\/\/masquenoticias.mx\/index.php\/2025\/11\/16\/este-domingo-juntos-jorge-medina-y-josi-cuen-en-el-5-concierto-gratuito-que-ofrece-gobierno-del-estado-en-la-feria-de-colima\/#article","isPartOf":{"@id":"https:\/\/masquenoticias.mx\/index.php\/2025\/11\/16\/este-domingo-juntos-jorge-medina-y-josi-cuen-en-el-5-concierto-gratuito-que-ofrece-gobierno-del-estado-en-la-feria-de-colima\/"},"author":{"name":"Redacci\u00f3n","@id":"https:\/\/masquenoticias.mx\/#\/schema\/person\/544d19989ef23d34615f691f7a96e622"},"headline":"Este domingo, Juntos: Jorge Medina y Josi Cuen en el 5\u00b0 concierto gratuito que ofrece Gobierno del Estado en la Feria de Colima","datePublished":"2025-11-16T15:48:01+00:00","mainEntityOfPage":{"@id":"https:\/\/masquenoticias.mx\/index.php\/2025\/11\/16\/este-domingo-juntos-jorge-medina-y-josi-cuen-en-el-5-concierto-gratuito-que-ofrece-gobierno-del-estado-en-la-feria-de-colima\/"},"wordCount":710,"publisher":{"@id":"https:\/\/masquenoticias.mx\/#organization"},"image":{"@id":"https:\/\/masquenoticias.mx\/index.php\/2025\/11\/16\/este-domingo-juntos-jorge-medina-y-josi-cuen-en-el-5-concierto-gratuito-que-ofrece-gobierno-del-estado-en-la-feria-de-colima\/#primaryimage"},"thumbnailUrl":"https:\/\/i0.wp.com\/masquenoticias.mx\/wp-content\/uploads\/2025\/11\/7c96e8d5-ddb5-4760-a3f9-ea8bea0ef3f3.jpg?fit=1023%2C1280&ssl=1","keywords":["Feria de Colima"],"articleSection":["Estado"],"inLanguage":"es"},{"@type":"WebPage","@id":"https:\/\/masquenoticias.mx\/index.php\/2025\/11\/16\/este-domingo-juntos-jorge-medina-y-josi-cuen-en-el-5-concierto-gratuito-que-ofrece-gobierno-del-estado-en-la-feria-de-colima\/","url":"https:\/\/masquenoticias.mx\/index.php\/2025\/11\/16\/este-domingo-juntos-jorge-medina-y-josi-cuen-en-el-5-concierto-gratuito-que-ofrece-gobierno-del-estado-en-la-feria-de-colima\/","name":"Este domingo, Juntos: Jorge Medina y Josi Cuen en el 5\u00b0 concierto gratuito que ofrece Gobierno del Estado en la Feria de Colima - M\u00e1s Que Noticias","isPartOf":{"@id":"https:\/\/masquenoticias.mx\/#website"},"primaryImageOfPage":{"@id":"https:\/\/masquenoticias.mx\/index.php\/2025\/11\/16\/este-domingo-juntos-jorge-medina-y-josi-cuen-en-el-5-concierto-gratuito-que-ofrece-gobierno-del-estado-en-la-feria-de-colima\/#primaryimage"},"image":{"@id":"https:\/\/masquenoticias.mx\/index.php\/2025\/11\/16\/este-domingo-juntos-jorge-medina-y-josi-cuen-en-el-5-concierto-gratuito-que-ofrece-gobierno-del-estado-en-la-feria-de-colima\/#primaryimage"},"thumbnailUrl":"https:\/\/i0.wp.com\/masquenoticias.mx\/wp-content\/uploads\/2025\/11\/7c96e8d5-ddb5-4760-a3f9-ea8bea0ef3f3.jpg?fit=1023%2C1280&ssl=1","datePublished":"2025-11-16T15:48:01+00:00","breadcrumb":{"@id":"https:\/\/masquenoticias.mx\/index.php\/2025\/11\/16\/este-domingo-juntos-jorge-medina-y-josi-cuen-en-el-5-concierto-gratuito-que-ofrece-gobierno-del-estado-en-la-feria-de-colima\/#breadcrumb"},"inLanguage":"es","potentialAction":[{"@type":"ReadAction","target":["https:\/\/masquenoticias.mx\/index.php\/2025\/11\/16\/este-domingo-juntos-jorge-medina-y-josi-cuen-en-el-5-concierto-gratuito-que-ofrece-gobierno-del-estado-en-la-feria-de-colima\/"]}]},{"@type":"ImageObject","inLanguage":"es","@id":"https:\/\/masquenoticias.mx\/index.php\/2025\/11\/16\/este-domingo-juntos-jorge-medina-y-josi-cuen-en-el-5-concierto-gratuito-que-ofrece-gobierno-del-estado-en-la-feria-de-colima\/#primaryimage","url":"https:\/\/i0.wp.com\/masquenoticias.mx\/wp-content\/uploads\/2025\/11\/7c96e8d5-ddb5-4760-a3f9-ea8bea0ef3f3.jpg?fit=1023%2C1280&ssl=1","contentUrl":"https:\/\/i0.wp.com\/masquenoticias.mx\/wp-content\/uploads\/2025\/11\/7c96e8d5-ddb5-4760-a3f9-ea8bea0ef3f3.jpg?fit=1023%2C1280&ssl=1","width":1023,"height":1280},{"@type":"BreadcrumbList","@id":"https:\/\/masquenoticias.mx\/index.php\/2025\/11\/16\/este-domingo-juntos-jorge-medina-y-josi-cuen-en-el-5-concierto-gratuito-que-ofrece-gobierno-del-estado-en-la-feria-de-colima\/#breadcrumb","itemListElement":[{"@type":"ListItem","position":1,"name":"Inicio","item":"https:\/\/masquenoticias.mx\/"},{"@type":"ListItem","position":2,"name":"Este domingo, Juntos: Jorge Medina y Josi Cuen en el 5\u00b0 concierto gratuito que ofrece Gobierno del Estado en la Feria de Colima"}]},{"@type":"WebSite","@id":"https:\/\/masquenoticias.mx\/#website","url":"https:\/\/masquenoticias.mx\/","name":"M\u00e1s Que Noticias","description":"Noticias de Colima, M\u00e9xico y el Mundo","publisher":{"@id":"https:\/\/masquenoticias.mx\/#organization"},"potentialAction":[{"@type":"SearchAction","target":{"@type":"EntryPoint","urlTemplate":"https:\/\/masquenoticias.mx\/?s={search_term_string}"},"query-input":{"@type":"PropertyValueSpecification","valueRequired":true,"valueName":"search_term_string"}}],"inLanguage":"es"},{"@type":"Organization","@id":"https:\/\/masquenoticias.mx\/#organization","name":"M\u00e1s Que Noticias","url":"https:\/\/masquenoticias.mx\/","logo":{"@type":"ImageObject","inLanguage":"es","@id":"https:\/\/masquenoticias.mx\/#\/schema\/logo\/image\/","url":"https:\/\/i0.wp.com\/masquenoticias.mx\/wp-content\/uploads\/2024\/04\/IMG_0004.png?fit=2560%2C1656&ssl=1","contentUrl":"https:\/\/i0.wp.com\/masquenoticias.mx\/wp-content\/uploads\/2024\/04\/IMG_0004.png?fit=2560%2C1656&ssl=1","width":2560,"height":1656,"caption":"M\u00e1s Que Noticias"},"image":{"@id":"https:\/\/masquenoticias.mx\/#\/schema\/logo\/image\/"},"sameAs":["https:\/\/www.facebook.com\/masquenoticiascolima","https:\/\/x.com\/edgartove","https:\/\/www.instagram.com\/masquenoticiascolima\/"]},{"@type":"Person","@id":"https:\/\/masquenoticias.mx\/#\/schema\/person\/544d19989ef23d34615f691f7a96e622","name":"Redacci\u00f3n","image":{"@type":"ImageObject","inLanguage":"es","@id":"https:\/\/masquenoticias.mx\/#\/schema\/person\/image\/","url":"https:\/\/secure.gravatar.com\/avatar\/7fcc926d5b058d3f3d52d95b4d05dd58?s=96&d=mm&r=g","contentUrl":"https:\/\/secure.gravatar.com\/avatar\/7fcc926d5b058d3f3d52d95b4d05dd58?s=96&d=mm&r=g","caption":"Redacci\u00f3n"},"sameAs":["http:\/\/masquenoticias.mx"],"url":"https:\/\/masquenoticias.mx\/index.php\/author\/edgartovegmail-com\/"}]}},"jetpack_featured_media_url":"https:\/\/i0.wp.com\/masquenoticias.mx\/wp-content\/uploads\/2025\/11\/7c96e8d5-ddb5-4760-a3f9-ea8bea0ef3f3.jpg?fit=1023%2C1280&ssl=1","blog_post_layout_featured_media_urls":{"thumbnail":["https:\/\/i0.wp.com\/masquenoticias.mx\/wp-content\/uploads\/2025\/11\/7c96e8d5-ddb5-4760-a3f9-ea8bea0ef3f3.jpg?resize=150%2C150&ssl=1",150,150,true],"full":["https:\/\/i0.wp.com\/masquenoticias.mx\/wp-content\/uploads\/2025\/11\/7c96e8d5-ddb5-4760-a3f9-ea8bea0ef3f3.jpg?fit=1023%2C1280&ssl=1",1023,1280,false]},"categories_names":{"24":{"name":"Estado","link":"https:\/\/masquenoticias.mx\/index.php\/category\/estado\/"}},"tags_names":{"195":{"name":"Feria de Colima","link":"https:\/\/masquenoticias.mx\/index.php\/tag\/feria-de-colima\/"}},"comments_number":"0","wpmagazine_modules_lite_featured_media_urls":{"thumbnail":["https:\/\/i0.wp.com\/masquenoticias.mx\/wp-content\/uploads\/2025\/11\/7c96e8d5-ddb5-4760-a3f9-ea8bea0ef3f3.jpg?resize=150%2C150&ssl=1",150,150,true],"cvmm-medium":["https:\/\/i0.wp.com\/masquenoticias.mx\/wp-content\/uploads\/2025\/11\/7c96e8d5-ddb5-4760-a3f9-ea8bea0ef3f3.jpg?resize=300%2C300&ssl=1",300,300,true],"cvmm-medium-plus":["https:\/\/i0.wp.com\/masquenoticias.mx\/wp-content\/uploads\/2025\/11\/7c96e8d5-ddb5-4760-a3f9-ea8bea0ef3f3.jpg?resize=305%2C207&ssl=1",305,207,true],"cvmm-portrait":["https:\/\/i0.wp.com\/masquenoticias.mx\/wp-content\/uploads\/2025\/11\/7c96e8d5-ddb5-4760-a3f9-ea8bea0ef3f3.jpg?resize=400%2C600&ssl=1",400,600,true],"cvmm-medium-square":["https:\/\/i0.wp.com\/masquenoticias.mx\/wp-content\/uploads\/2025\/11\/7c96e8d5-ddb5-4760-a3f9-ea8bea0ef3f3.jpg?resize=600%2C600&ssl=1",600,600,true],"cvmm-large":["https:\/\/i0.wp.com\/masquenoticias.mx\/wp-content\/uploads\/2025\/11\/7c96e8d5-ddb5-4760-a3f9-ea8bea0ef3f3.jpg?resize=1023%2C1024&ssl=1",1023,1024,true],"cvmm-small":["https:\/\/i0.wp.com\/masquenoticias.mx\/wp-content\/uploads\/2025\/11\/7c96e8d5-ddb5-4760-a3f9-ea8bea0ef3f3.jpg?resize=130%2C95&ssl=1",130,95,true],"full":["https:\/\/i0.wp.com\/masquenoticias.mx\/wp-content\/uploads\/2025\/11\/7c96e8d5-ddb5-4760-a3f9-ea8bea0ef3f3.jpg?fit=1023%2C1280&ssl=1",1023,1280,false]},"jetpack-related-posts":[],"jetpack_sharing_enabled":true,"jetpack_likes_enabled":true,"jetpack_shortlink":"https:\/\/wp.me\/pf7pkt-59R","_links":{"self":[{"href":"https:\/\/masquenoticias.mx\/index.php\/wp-json\/wp\/v2\/posts\/19831","targetHints":{"allow":["GET"]}}],"collection":[{"href":"https:\/\/masquenoticias.mx\/index.php\/wp-json\/wp\/v2\/posts"}],"about":[{"href":"https:\/\/masquenoticias.mx\/index.php\/wp-json\/wp\/v2\/types\/post"}],"author":[{"embeddable":true,"href":"https:\/\/masquenoticias.mx\/index.php\/wp-json\/wp\/v2\/users\/1"}],"replies":[{"embeddable":true,"href":"https:\/\/masquenoticias.mx\/index.php\/wp-json\/wp\/v2\/comments?post=19831"}],"version-history":[{"count":1,"href":"https:\/\/masquenoticias.mx\/index.php\/wp-json\/wp\/v2\/posts\/19831\/revisions"}],"predecessor-version":[{"id":19832,"href":"https:\/\/masquenoticias.mx\/index.php\/wp-json\/wp\/v2\/posts\/19831\/revisions\/19832"}],"wp:featuredmedia":[{"embeddable":true,"href":"https:\/\/masquenoticias.mx\/index.php\/wp-json\/wp\/v2\/media\/19830"}],"wp:attachment":[{"href":"https:\/\/masquenoticias.mx\/index.php\/wp-json\/wp\/v2\/media?parent=19831"}],"wp:term":[{"taxonomy":"category","embeddable":true,"href":"https:\/\/masquenoticias.mx\/index.php\/wp-json\/wp\/v2\/categories?post=19831"},{"taxonomy":"post_tag","embeddable":true,"href":"https:\/\/masquenoticias.mx\/index.php\/wp-json\/wp\/v2\/tags?post=19831"}],"curies":[{"name":"wp","href":"https:\/\/api.w.org\/{rel}","templated":true}]}}