{"id":19766,"date":"2025-11-12T20:25:10","date_gmt":"2025-11-13T02:25:10","guid":{"rendered":"https:\/\/masquenoticias.mx\/?p=19766"},"modified":"2025-11-12T20:25:10","modified_gmt":"2025-11-13T02:25:10","slug":"prevencion-del-delito-realiza-revisiones-por-trabajo-infantil-en-la-feria-de-colima","status":"publish","type":"post","link":"https:\/\/masquenoticias.mx\/index.php\/2025\/11\/12\/prevencion-del-delito-realiza-revisiones-por-trabajo-infantil-en-la-feria-de-colima\/","title":{"rendered":"Prevenci\u00f3n del Delito realiza revisiones por trabajo infantil en la Feria de Colima"},"content":{"rendered":"\n<p>La Secretar\u00eda de Seguridad P\u00fablica (SSP) del Gobierno del Estado de Colima informa que la Direcci\u00f3n General de Vinculaci\u00f3n Social y Prevenci\u00f3n del Delito realiza recorridos de supervisi\u00f3n y sensibilizaci\u00f3n en el marco de la Feria de Todos los Santos 2025, con el objetivo de garantizar la protecci\u00f3n de los derechos de ni\u00f1as y ni\u00f1os en situaci\u00f3n de trabajo infantil.<\/p>\n\n\n\n<p>En estas actividades, se cuenta con el apoyo de personal de distintas instituciones p\u00fablicas, que participan en la visita a diversos establecimientos de la #FeriaDeColima para invitar a las y los locatarios a sumarse a la campa\u00f1a Negocio Libre de Trabajo Infantil, promoviendo espacios seguros y comprometidos con la erradicaci\u00f3n del trabajo infantil.<\/p>\n\n\n\n<p>Estas acciones en la #FDTLS se realizan de manera coordinada entre el Programa de Atenci\u00f3n a Ni\u00f1as, Ni\u00f1os y Adolescentes en Riesgo (PANNAR), el Sistema Estatal para el Desarrollo Integral de la Familia (DIF), Subsecretar\u00eda del Trabajo, Sistema de Protecci\u00f3n Integral de Ni\u00f1as, Ni\u00f1os y Adolescentes (Sipinna), Secretar\u00eda de Seguridad P\u00fablica y Programa Nacional de Ni\u00f1as, Ni\u00f1os y Adolescentes (Pronna), fortaleciendo el trabajo interinstitucional en favor de las infancias colimenses.<\/p>\n\n\n\n<p>El Gobierno del Estado de Colima, a trav\u00e9s de la SSP y su DGVSyPD, seguir\u00e1 trabajando por la seguridad, la prevenci\u00f3n del trabajo infantil y el bienestar de todas y todos los colimenses.<\/p>\n","protected":false},"excerpt":{"rendered":"<p>La Secretar\u00eda de Seguridad P\u00fablica (SSP) del Gobierno del Estado de Colima informa que la Direcci\u00f3n General de Vinculaci\u00f3n Social y Prevenci\u00f3n del Delito realiza recorridos de supervisi\u00f3n y sensibilizaci\u00f3n en el marco de la Feria de Todos los Santos 2025, con el objetivo de garantizar la protecci\u00f3n de los derechos de ni\u00f1as y ni\u00f1os [&hellip;]<\/p>\n","protected":false},"author":1,"featured_media":19765,"comment_status":"closed","ping_status":"open","sticky":false,"template":"","format":"standard","meta":{"_jetpack_memberships_contains_paid_content":false,"footnotes":""},"categories":[24],"tags":[136],"class_list":["post-19766","post","type-post","status-publish","format-standard","has-post-thumbnail","hentry","category-estado","tag-trabajo"],"yoast_head":"<!-- This site is optimized with the Yoast SEO plugin v26.6 - https:\/\/yoast.com\/wordpress\/plugins\/seo\/ -->\n<title>Prevenci\u00f3n del Delito realiza revisiones por trabajo infantil en la Feria de Colima - M\u00e1s Que Noticias<\/title>\n<meta name=\"robots\" content=\"index, follow, max-snippet:-1, max-image-preview:large, max-video-preview:-1\" \/>\n<link rel=\"canonical\" href=\"https:\/\/masquenoticias.mx\/index.php\/2025\/11\/12\/prevencion-del-delito-realiza-revisiones-por-trabajo-infantil-en-la-feria-de-colima\/\" \/>\n<meta property=\"og:locale\" content=\"es_MX\" \/>\n<meta property=\"og:type\" content=\"article\" \/>\n<meta property=\"og:title\" content=\"Prevenci\u00f3n del Delito realiza revisiones por trabajo infantil en la Feria de Colima - M\u00e1s Que Noticias\" \/>\n<meta property=\"og:description\" content=\"La Secretar\u00eda de Seguridad P\u00fablica (SSP) del Gobierno del Estado de Colima informa que la Direcci\u00f3n General de Vinculaci\u00f3n Social y Prevenci\u00f3n del Delito realiza recorridos de supervisi\u00f3n y sensibilizaci\u00f3n en el marco de la Feria de Todos los Santos 2025, con el objetivo de garantizar la protecci\u00f3n de los derechos de ni\u00f1as y ni\u00f1os [&hellip;]\" \/>\n<meta property=\"og:url\" content=\"https:\/\/masquenoticias.mx\/index.php\/2025\/11\/12\/prevencion-del-delito-realiza-revisiones-por-trabajo-infantil-en-la-feria-de-colima\/\" \/>\n<meta property=\"og:site_name\" content=\"M\u00e1s Que Noticias\" \/>\n<meta property=\"article:publisher\" content=\"https:\/\/www.facebook.com\/masquenoticiascolima\" \/>\n<meta property=\"article:published_time\" content=\"2025-11-13T02:25:10+00:00\" \/>\n<meta property=\"og:image\" content=\"https:\/\/i0.wp.com\/masquenoticias.mx\/wp-content\/uploads\/2025\/11\/46296522-ef77-46a9-a1a0-9d09157a133c.jpg?fit=1280%2C960&ssl=1\" \/>\n\t<meta property=\"og:image:width\" content=\"1280\" \/>\n\t<meta property=\"og:image:height\" content=\"960\" \/>\n\t<meta property=\"og:image:type\" content=\"image\/jpeg\" \/>\n<meta name=\"author\" content=\"Redacci\u00f3n\" \/>\n<meta name=\"twitter:card\" content=\"summary_large_image\" \/>\n<meta name=\"twitter:creator\" content=\"@edgartove\" \/>\n<meta name=\"twitter:site\" content=\"@edgartove\" \/>\n<meta name=\"twitter:label1\" content=\"Escrito por\" \/>\n\t<meta name=\"twitter:data1\" content=\"Redacci\u00f3n\" \/>\n\t<meta name=\"twitter:label2\" content=\"Tiempo de lectura\" \/>\n\t<meta name=\"twitter:data2\" content=\"1 minuto\" \/>\n<script type=\"application\/ld+json\" class=\"yoast-schema-graph\">{\"@context\":\"https:\/\/schema.org\",\"@graph\":[{\"@type\":\"Article\",\"@id\":\"https:\/\/masquenoticias.mx\/index.php\/2025\/11\/12\/prevencion-del-delito-realiza-revisiones-por-trabajo-infantil-en-la-feria-de-colima\/#article\",\"isPartOf\":{\"@id\":\"https:\/\/masquenoticias.mx\/index.php\/2025\/11\/12\/prevencion-del-delito-realiza-revisiones-por-trabajo-infantil-en-la-feria-de-colima\/\"},\"author\":{\"name\":\"Redacci\u00f3n\",\"@id\":\"https:\/\/masquenoticias.mx\/#\/schema\/person\/544d19989ef23d34615f691f7a96e622\"},\"headline\":\"Prevenci\u00f3n del Delito realiza revisiones por trabajo infantil en la Feria de Colima\",\"datePublished\":\"2025-11-13T02:25:10+00:00\",\"mainEntityOfPage\":{\"@id\":\"https:\/\/masquenoticias.mx\/index.php\/2025\/11\/12\/prevencion-del-delito-realiza-revisiones-por-trabajo-infantil-en-la-feria-de-colima\/\"},\"wordCount\":256,\"publisher\":{\"@id\":\"https:\/\/masquenoticias.mx\/#organization\"},\"image\":{\"@id\":\"https:\/\/masquenoticias.mx\/index.php\/2025\/11\/12\/prevencion-del-delito-realiza-revisiones-por-trabajo-infantil-en-la-feria-de-colima\/#primaryimage\"},\"thumbnailUrl\":\"https:\/\/i0.wp.com\/masquenoticias.mx\/wp-content\/uploads\/2025\/11\/46296522-ef77-46a9-a1a0-9d09157a133c.jpg?fit=1280%2C960&ssl=1\",\"keywords\":[\"Trabajo\"],\"articleSection\":[\"Estado\"],\"inLanguage\":\"es\"},{\"@type\":\"WebPage\",\"@id\":\"https:\/\/masquenoticias.mx\/index.php\/2025\/11\/12\/prevencion-del-delito-realiza-revisiones-por-trabajo-infantil-en-la-feria-de-colima\/\",\"url\":\"https:\/\/masquenoticias.mx\/index.php\/2025\/11\/12\/prevencion-del-delito-realiza-revisiones-por-trabajo-infantil-en-la-feria-de-colima\/\",\"name\":\"Prevenci\u00f3n del Delito realiza revisiones por trabajo infantil en la Feria de Colima - M\u00e1s Que Noticias\",\"isPartOf\":{\"@id\":\"https:\/\/masquenoticias.mx\/#website\"},\"primaryImageOfPage\":{\"@id\":\"https:\/\/masquenoticias.mx\/index.php\/2025\/11\/12\/prevencion-del-delito-realiza-revisiones-por-trabajo-infantil-en-la-feria-de-colima\/#primaryimage\"},\"image\":{\"@id\":\"https:\/\/masquenoticias.mx\/index.php\/2025\/11\/12\/prevencion-del-delito-realiza-revisiones-por-trabajo-infantil-en-la-feria-de-colima\/#primaryimage\"},\"thumbnailUrl\":\"https:\/\/i0.wp.com\/masquenoticias.mx\/wp-content\/uploads\/2025\/11\/46296522-ef77-46a9-a1a0-9d09157a133c.jpg?fit=1280%2C960&ssl=1\",\"datePublished\":\"2025-11-13T02:25:10+00:00\",\"breadcrumb\":{\"@id\":\"https:\/\/masquenoticias.mx\/index.php\/2025\/11\/12\/prevencion-del-delito-realiza-revisiones-por-trabajo-infantil-en-la-feria-de-colima\/#breadcrumb\"},\"inLanguage\":\"es\",\"potentialAction\":[{\"@type\":\"ReadAction\",\"target\":[\"https:\/\/masquenoticias.mx\/index.php\/2025\/11\/12\/prevencion-del-delito-realiza-revisiones-por-trabajo-infantil-en-la-feria-de-colima\/\"]}]},{\"@type\":\"ImageObject\",\"inLanguage\":\"es\",\"@id\":\"https:\/\/masquenoticias.mx\/index.php\/2025\/11\/12\/prevencion-del-delito-realiza-revisiones-por-trabajo-infantil-en-la-feria-de-colima\/#primaryimage\",\"url\":\"https:\/\/i0.wp.com\/masquenoticias.mx\/wp-content\/uploads\/2025\/11\/46296522-ef77-46a9-a1a0-9d09157a133c.jpg?fit=1280%2C960&ssl=1\",\"contentUrl\":\"https:\/\/i0.wp.com\/masquenoticias.mx\/wp-content\/uploads\/2025\/11\/46296522-ef77-46a9-a1a0-9d09157a133c.jpg?fit=1280%2C960&ssl=1\",\"width\":1280,\"height\":960},{\"@type\":\"BreadcrumbList\",\"@id\":\"https:\/\/masquenoticias.mx\/index.php\/2025\/11\/12\/prevencion-del-delito-realiza-revisiones-por-trabajo-infantil-en-la-feria-de-colima\/#breadcrumb\",\"itemListElement\":[{\"@type\":\"ListItem\",\"position\":1,\"name\":\"Inicio\",\"item\":\"https:\/\/masquenoticias.mx\/\"},{\"@type\":\"ListItem\",\"position\":2,\"name\":\"Prevenci\u00f3n del Delito realiza revisiones por trabajo infantil en la Feria de Colima\"}]},{\"@type\":\"WebSite\",\"@id\":\"https:\/\/masquenoticias.mx\/#website\",\"url\":\"https:\/\/masquenoticias.mx\/\",\"name\":\"M\u00e1s Que Noticias\",\"description\":\"Noticias de Colima, M\u00e9xico y el Mundo\",\"publisher\":{\"@id\":\"https:\/\/masquenoticias.mx\/#organization\"},\"potentialAction\":[{\"@type\":\"SearchAction\",\"target\":{\"@type\":\"EntryPoint\",\"urlTemplate\":\"https:\/\/masquenoticias.mx\/?s={search_term_string}\"},\"query-input\":{\"@type\":\"PropertyValueSpecification\",\"valueRequired\":true,\"valueName\":\"search_term_string\"}}],\"inLanguage\":\"es\"},{\"@type\":\"Organization\",\"@id\":\"https:\/\/masquenoticias.mx\/#organization\",\"name\":\"M\u00e1s Que Noticias\",\"url\":\"https:\/\/masquenoticias.mx\/\",\"logo\":{\"@type\":\"ImageObject\",\"inLanguage\":\"es\",\"@id\":\"https:\/\/masquenoticias.mx\/#\/schema\/logo\/image\/\",\"url\":\"https:\/\/i0.wp.com\/masquenoticias.mx\/wp-content\/uploads\/2024\/04\/IMG_0004.png?fit=2560%2C1656&ssl=1\",\"contentUrl\":\"https:\/\/i0.wp.com\/masquenoticias.mx\/wp-content\/uploads\/2024\/04\/IMG_0004.png?fit=2560%2C1656&ssl=1\",\"width\":2560,\"height\":1656,\"caption\":\"M\u00e1s Que Noticias\"},\"image\":{\"@id\":\"https:\/\/masquenoticias.mx\/#\/schema\/logo\/image\/\"},\"sameAs\":[\"https:\/\/www.facebook.com\/masquenoticiascolima\",\"https:\/\/x.com\/edgartove\",\"https:\/\/www.instagram.com\/masquenoticiascolima\/\"]},{\"@type\":\"Person\",\"@id\":\"https:\/\/masquenoticias.mx\/#\/schema\/person\/544d19989ef23d34615f691f7a96e622\",\"name\":\"Redacci\u00f3n\",\"image\":{\"@type\":\"ImageObject\",\"inLanguage\":\"es\",\"@id\":\"https:\/\/masquenoticias.mx\/#\/schema\/person\/image\/\",\"url\":\"https:\/\/secure.gravatar.com\/avatar\/7fcc926d5b058d3f3d52d95b4d05dd58?s=96&d=mm&r=g\",\"contentUrl\":\"https:\/\/secure.gravatar.com\/avatar\/7fcc926d5b058d3f3d52d95b4d05dd58?s=96&d=mm&r=g\",\"caption\":\"Redacci\u00f3n\"},\"sameAs\":[\"http:\/\/masquenoticias.mx\"],\"url\":\"https:\/\/masquenoticias.mx\/index.php\/author\/edgartovegmail-com\/\"}]}<\/script>\n<!-- \/ Yoast SEO plugin. -->","yoast_head_json":{"title":"Prevenci\u00f3n del Delito realiza revisiones por trabajo infantil en la Feria de Colima - M\u00e1s Que Noticias","robots":{"index":"index","follow":"follow","max-snippet":"max-snippet:-1","max-image-preview":"max-image-preview:large","max-video-preview":"max-video-preview:-1"},"canonical":"https:\/\/masquenoticias.mx\/index.php\/2025\/11\/12\/prevencion-del-delito-realiza-revisiones-por-trabajo-infantil-en-la-feria-de-colima\/","og_locale":"es_MX","og_type":"article","og_title":"Prevenci\u00f3n del Delito realiza revisiones por trabajo infantil en la Feria de Colima - M\u00e1s Que Noticias","og_description":"La Secretar\u00eda de Seguridad P\u00fablica (SSP) del Gobierno del Estado de Colima informa que la Direcci\u00f3n General de Vinculaci\u00f3n Social y Prevenci\u00f3n del Delito realiza recorridos de supervisi\u00f3n y sensibilizaci\u00f3n en el marco de la Feria de Todos los Santos 2025, con el objetivo de garantizar la protecci\u00f3n de los derechos de ni\u00f1as y ni\u00f1os [&hellip;]","og_url":"https:\/\/masquenoticias.mx\/index.php\/2025\/11\/12\/prevencion-del-delito-realiza-revisiones-por-trabajo-infantil-en-la-feria-de-colima\/","og_site_name":"M\u00e1s Que Noticias","article_publisher":"https:\/\/www.facebook.com\/masquenoticiascolima","article_published_time":"2025-11-13T02:25:10+00:00","og_image":[{"width":1280,"height":960,"url":"https:\/\/i0.wp.com\/masquenoticias.mx\/wp-content\/uploads\/2025\/11\/46296522-ef77-46a9-a1a0-9d09157a133c.jpg?fit=1280%2C960&ssl=1","type":"image\/jpeg"}],"author":"Redacci\u00f3n","twitter_card":"summary_large_image","twitter_creator":"@edgartove","twitter_site":"@edgartove","twitter_misc":{"Escrito por":"Redacci\u00f3n","Tiempo de lectura":"1 minuto"},"schema":{"@context":"https:\/\/schema.org","@graph":[{"@type":"Article","@id":"https:\/\/masquenoticias.mx\/index.php\/2025\/11\/12\/prevencion-del-delito-realiza-revisiones-por-trabajo-infantil-en-la-feria-de-colima\/#article","isPartOf":{"@id":"https:\/\/masquenoticias.mx\/index.php\/2025\/11\/12\/prevencion-del-delito-realiza-revisiones-por-trabajo-infantil-en-la-feria-de-colima\/"},"author":{"name":"Redacci\u00f3n","@id":"https:\/\/masquenoticias.mx\/#\/schema\/person\/544d19989ef23d34615f691f7a96e622"},"headline":"Prevenci\u00f3n del Delito realiza revisiones por trabajo infantil en la Feria de Colima","datePublished":"2025-11-13T02:25:10+00:00","mainEntityOfPage":{"@id":"https:\/\/masquenoticias.mx\/index.php\/2025\/11\/12\/prevencion-del-delito-realiza-revisiones-por-trabajo-infantil-en-la-feria-de-colima\/"},"wordCount":256,"publisher":{"@id":"https:\/\/masquenoticias.mx\/#organization"},"image":{"@id":"https:\/\/masquenoticias.mx\/index.php\/2025\/11\/12\/prevencion-del-delito-realiza-revisiones-por-trabajo-infantil-en-la-feria-de-colima\/#primaryimage"},"thumbnailUrl":"https:\/\/i0.wp.com\/masquenoticias.mx\/wp-content\/uploads\/2025\/11\/46296522-ef77-46a9-a1a0-9d09157a133c.jpg?fit=1280%2C960&ssl=1","keywords":["Trabajo"],"articleSection":["Estado"],"inLanguage":"es"},{"@type":"WebPage","@id":"https:\/\/masquenoticias.mx\/index.php\/2025\/11\/12\/prevencion-del-delito-realiza-revisiones-por-trabajo-infantil-en-la-feria-de-colima\/","url":"https:\/\/masquenoticias.mx\/index.php\/2025\/11\/12\/prevencion-del-delito-realiza-revisiones-por-trabajo-infantil-en-la-feria-de-colima\/","name":"Prevenci\u00f3n del Delito realiza revisiones por trabajo infantil en la Feria de Colima - M\u00e1s Que Noticias","isPartOf":{"@id":"https:\/\/masquenoticias.mx\/#website"},"primaryImageOfPage":{"@id":"https:\/\/masquenoticias.mx\/index.php\/2025\/11\/12\/prevencion-del-delito-realiza-revisiones-por-trabajo-infantil-en-la-feria-de-colima\/#primaryimage"},"image":{"@id":"https:\/\/masquenoticias.mx\/index.php\/2025\/11\/12\/prevencion-del-delito-realiza-revisiones-por-trabajo-infantil-en-la-feria-de-colima\/#primaryimage"},"thumbnailUrl":"https:\/\/i0.wp.com\/masquenoticias.mx\/wp-content\/uploads\/2025\/11\/46296522-ef77-46a9-a1a0-9d09157a133c.jpg?fit=1280%2C960&ssl=1","datePublished":"2025-11-13T02:25:10+00:00","breadcrumb":{"@id":"https:\/\/masquenoticias.mx\/index.php\/2025\/11\/12\/prevencion-del-delito-realiza-revisiones-por-trabajo-infantil-en-la-feria-de-colima\/#breadcrumb"},"inLanguage":"es","potentialAction":[{"@type":"ReadAction","target":["https:\/\/masquenoticias.mx\/index.php\/2025\/11\/12\/prevencion-del-delito-realiza-revisiones-por-trabajo-infantil-en-la-feria-de-colima\/"]}]},{"@type":"ImageObject","inLanguage":"es","@id":"https:\/\/masquenoticias.mx\/index.php\/2025\/11\/12\/prevencion-del-delito-realiza-revisiones-por-trabajo-infantil-en-la-feria-de-colima\/#primaryimage","url":"https:\/\/i0.wp.com\/masquenoticias.mx\/wp-content\/uploads\/2025\/11\/46296522-ef77-46a9-a1a0-9d09157a133c.jpg?fit=1280%2C960&ssl=1","contentUrl":"https:\/\/i0.wp.com\/masquenoticias.mx\/wp-content\/uploads\/2025\/11\/46296522-ef77-46a9-a1a0-9d09157a133c.jpg?fit=1280%2C960&ssl=1","width":1280,"height":960},{"@type":"BreadcrumbList","@id":"https:\/\/masquenoticias.mx\/index.php\/2025\/11\/12\/prevencion-del-delito-realiza-revisiones-por-trabajo-infantil-en-la-feria-de-colima\/#breadcrumb","itemListElement":[{"@type":"ListItem","position":1,"name":"Inicio","item":"https:\/\/masquenoticias.mx\/"},{"@type":"ListItem","position":2,"name":"Prevenci\u00f3n del Delito realiza revisiones por trabajo infantil en la Feria de Colima"}]},{"@type":"WebSite","@id":"https:\/\/masquenoticias.mx\/#website","url":"https:\/\/masquenoticias.mx\/","name":"M\u00e1s Que Noticias","description":"Noticias de Colima, M\u00e9xico y el Mundo","publisher":{"@id":"https:\/\/masquenoticias.mx\/#organization"},"potentialAction":[{"@type":"SearchAction","target":{"@type":"EntryPoint","urlTemplate":"https:\/\/masquenoticias.mx\/?s={search_term_string}"},"query-input":{"@type":"PropertyValueSpecification","valueRequired":true,"valueName":"search_term_string"}}],"inLanguage":"es"},{"@type":"Organization","@id":"https:\/\/masquenoticias.mx\/#organization","name":"M\u00e1s Que Noticias","url":"https:\/\/masquenoticias.mx\/","logo":{"@type":"ImageObject","inLanguage":"es","@id":"https:\/\/masquenoticias.mx\/#\/schema\/logo\/image\/","url":"https:\/\/i0.wp.com\/masquenoticias.mx\/wp-content\/uploads\/2024\/04\/IMG_0004.png?fit=2560%2C1656&ssl=1","contentUrl":"https:\/\/i0.wp.com\/masquenoticias.mx\/wp-content\/uploads\/2024\/04\/IMG_0004.png?fit=2560%2C1656&ssl=1","width":2560,"height":1656,"caption":"M\u00e1s Que Noticias"},"image":{"@id":"https:\/\/masquenoticias.mx\/#\/schema\/logo\/image\/"},"sameAs":["https:\/\/www.facebook.com\/masquenoticiascolima","https:\/\/x.com\/edgartove","https:\/\/www.instagram.com\/masquenoticiascolima\/"]},{"@type":"Person","@id":"https:\/\/masquenoticias.mx\/#\/schema\/person\/544d19989ef23d34615f691f7a96e622","name":"Redacci\u00f3n","image":{"@type":"ImageObject","inLanguage":"es","@id":"https:\/\/masquenoticias.mx\/#\/schema\/person\/image\/","url":"https:\/\/secure.gravatar.com\/avatar\/7fcc926d5b058d3f3d52d95b4d05dd58?s=96&d=mm&r=g","contentUrl":"https:\/\/secure.gravatar.com\/avatar\/7fcc926d5b058d3f3d52d95b4d05dd58?s=96&d=mm&r=g","caption":"Redacci\u00f3n"},"sameAs":["http:\/\/masquenoticias.mx"],"url":"https:\/\/masquenoticias.mx\/index.php\/author\/edgartovegmail-com\/"}]}},"jetpack_featured_media_url":"https:\/\/i0.wp.com\/masquenoticias.mx\/wp-content\/uploads\/2025\/11\/46296522-ef77-46a9-a1a0-9d09157a133c.jpg?fit=1280%2C960&ssl=1","blog_post_layout_featured_media_urls":{"thumbnail":["https:\/\/i0.wp.com\/masquenoticias.mx\/wp-content\/uploads\/2025\/11\/46296522-ef77-46a9-a1a0-9d09157a133c.jpg?resize=150%2C150&ssl=1",150,150,true],"full":["https:\/\/i0.wp.com\/masquenoticias.mx\/wp-content\/uploads\/2025\/11\/46296522-ef77-46a9-a1a0-9d09157a133c.jpg?fit=1280%2C960&ssl=1",1280,960,false]},"categories_names":{"24":{"name":"Estado","link":"https:\/\/masquenoticias.mx\/index.php\/category\/estado\/"}},"tags_names":{"136":{"name":"Trabajo","link":"https:\/\/masquenoticias.mx\/index.php\/tag\/trabajo\/"}},"comments_number":"0","wpmagazine_modules_lite_featured_media_urls":{"thumbnail":["https:\/\/i0.wp.com\/masquenoticias.mx\/wp-content\/uploads\/2025\/11\/46296522-ef77-46a9-a1a0-9d09157a133c.jpg?resize=150%2C150&ssl=1",150,150,true],"cvmm-medium":["https:\/\/i0.wp.com\/masquenoticias.mx\/wp-content\/uploads\/2025\/11\/46296522-ef77-46a9-a1a0-9d09157a133c.jpg?resize=300%2C300&ssl=1",300,300,true],"cvmm-medium-plus":["https:\/\/i0.wp.com\/masquenoticias.mx\/wp-content\/uploads\/2025\/11\/46296522-ef77-46a9-a1a0-9d09157a133c.jpg?resize=305%2C207&ssl=1",305,207,true],"cvmm-portrait":["https:\/\/i0.wp.com\/masquenoticias.mx\/wp-content\/uploads\/2025\/11\/46296522-ef77-46a9-a1a0-9d09157a133c.jpg?resize=400%2C600&ssl=1",400,600,true],"cvmm-medium-square":["https:\/\/i0.wp.com\/masquenoticias.mx\/wp-content\/uploads\/2025\/11\/46296522-ef77-46a9-a1a0-9d09157a133c.jpg?resize=600%2C600&ssl=1",600,600,true],"cvmm-large":["https:\/\/i0.wp.com\/masquenoticias.mx\/wp-content\/uploads\/2025\/11\/46296522-ef77-46a9-a1a0-9d09157a133c.jpg?resize=1024%2C960&ssl=1",1024,960,true],"cvmm-small":["https:\/\/i0.wp.com\/masquenoticias.mx\/wp-content\/uploads\/2025\/11\/46296522-ef77-46a9-a1a0-9d09157a133c.jpg?resize=130%2C95&ssl=1",130,95,true],"full":["https:\/\/i0.wp.com\/masquenoticias.mx\/wp-content\/uploads\/2025\/11\/46296522-ef77-46a9-a1a0-9d09157a133c.jpg?fit=1280%2C960&ssl=1",1280,960,false]},"jetpack-related-posts":[],"jetpack_sharing_enabled":true,"jetpack_likes_enabled":true,"jetpack_shortlink":"https:\/\/wp.me\/pf7pkt-58O","_links":{"self":[{"href":"https:\/\/masquenoticias.mx\/index.php\/wp-json\/wp\/v2\/posts\/19766","targetHints":{"allow":["GET"]}}],"collection":[{"href":"https:\/\/masquenoticias.mx\/index.php\/wp-json\/wp\/v2\/posts"}],"about":[{"href":"https:\/\/masquenoticias.mx\/index.php\/wp-json\/wp\/v2\/types\/post"}],"author":[{"embeddable":true,"href":"https:\/\/masquenoticias.mx\/index.php\/wp-json\/wp\/v2\/users\/1"}],"replies":[{"embeddable":true,"href":"https:\/\/masquenoticias.mx\/index.php\/wp-json\/wp\/v2\/comments?post=19766"}],"version-history":[{"count":1,"href":"https:\/\/masquenoticias.mx\/index.php\/wp-json\/wp\/v2\/posts\/19766\/revisions"}],"predecessor-version":[{"id":19767,"href":"https:\/\/masquenoticias.mx\/index.php\/wp-json\/wp\/v2\/posts\/19766\/revisions\/19767"}],"wp:featuredmedia":[{"embeddable":true,"href":"https:\/\/masquenoticias.mx\/index.php\/wp-json\/wp\/v2\/media\/19765"}],"wp:attachment":[{"href":"https:\/\/masquenoticias.mx\/index.php\/wp-json\/wp\/v2\/media?parent=19766"}],"wp:term":[{"taxonomy":"category","embeddable":true,"href":"https:\/\/masquenoticias.mx\/index.php\/wp-json\/wp\/v2\/categories?post=19766"},{"taxonomy":"post_tag","embeddable":true,"href":"https:\/\/masquenoticias.mx\/index.php\/wp-json\/wp\/v2\/tags?post=19766"}],"curies":[{"name":"wp","href":"https:\/\/api.w.org\/{rel}","templated":true}]}}