{"id":1974,"date":"2023-08-11T15:34:54","date_gmt":"2023-08-11T21:34:54","guid":{"rendered":"https:\/\/masquenoticias.mx\/?p=1974"},"modified":"2023-08-11T15:34:54","modified_gmt":"2023-08-11T21:34:54","slug":"gobierno-colima-paga-este-viernes-mas-de-22-mdp-en-retroactivo-al-magisterio-estatal","status":"publish","type":"post","link":"https:\/\/masquenoticias.mx\/index.php\/2023\/08\/11\/gobierno-colima-paga-este-viernes-mas-de-22-mdp-en-retroactivo-al-magisterio-estatal\/","title":{"rendered":"Gobierno Colima paga este viernes m\u00e1s de 22 mdp en retroactivo al magisterio estatal"},"content":{"rendered":"<p>El Gobierno del Estado de Colima pagar\u00e1 el retroactivo al personal del magisterio estatal este viernes 11 de agosto, retroactivo que incluye un aumento del 6% en el sueldo tabular y del 2% en prestaciones, con el prop\u00f3sito de fortalecer el salario profesional del personal docente, as\u00ed como del personal de apoyo y asistencia a la educaci\u00f3n, con una inversi\u00f3n total destinada de 22 millones 622 mil 596 pesos.<\/p>\n<p>Ser\u00e1n beneficiados 2 mil 657 trabajadoras y trabajadores pertenecientes a la Secci\u00f3n 39 del Sindicato Nacional de Trabajadores de la Educaci\u00f3n (SNTE): 1,417 de educaci\u00f3n b\u00e1sica, 358 docentes y personal administrativo del Instituto Superior de Educaci\u00f3n Normal del Estado de Colima (Isenco) \u2018Prof. Gregorio Torres Quintero\u2019, as\u00ed como 882 pensionados y jubilados, que se beneficiar\u00e1n con estos pagos retroactivos.<\/p>\n<p>Con la dispersi\u00f3n de estos recursos, la gobernadora de Colima, Indira Vizca\u00edno Silva, reconoce el esfuerzo y dedicaci\u00f3n del personal del magisterio estatal, cuyo trabajo incansable ha sido fundamental para la transformaci\u00f3n de la educaci\u00f3n en nuestra entidad, reafirmando el compromiso de este gobierno para brindar condiciones dignas y justas para las y los profesionales de la educaci\u00f3n, as\u00ed como honrando a quienes han dedicado d\u00e9cadas de servicio a la ense\u00f1anza y formaci\u00f3n de nuevas generaciones.<\/p>\n<p>Este pago representa un paso significativo hacia el fortalecimiento de la educaci\u00f3n en el estado de Colima, buscando incentivar a los educadores y educadoras, para continuar con su labor esencial en la formaci\u00f3n de las y los ciudadanos del futuro, siempre comprometidos y preparados para enfrentar los desaf\u00edos que les depare el porvenir.<\/p>\n","protected":false},"excerpt":{"rendered":"<p>El Gobierno del Estado de Colima pagar\u00e1 el retroactivo al personal del magisterio estatal este viernes 11 de agosto, retroactivo que incluye un aumento del 6% en el sueldo tabular y del 2% en prestaciones, con el prop\u00f3sito de fortalecer el salario profesional del personal docente, as\u00ed como del personal de apoyo y asistencia a [&hellip;]<\/p>\n","protected":false},"author":1,"featured_media":1975,"comment_status":"open","ping_status":"open","sticky":false,"template":"","format":"standard","meta":{"_jetpack_memberships_contains_paid_content":false,"footnotes":""},"categories":[24],"tags":[45,72],"class_list":["post-1974","post","type-post","status-publish","format-standard","has-post-thumbnail","hentry","category-estado","tag-educacion","tag-gobierno"],"yoast_head":"<!-- This site is optimized with the Yoast SEO plugin v26.6 - https:\/\/yoast.com\/wordpress\/plugins\/seo\/ -->\n<title>Gobierno Colima paga este viernes m\u00e1s de 22 mdp en retroactivo al magisterio estatal - M\u00e1s Que Noticias<\/title>\n<meta name=\"robots\" content=\"index, follow, max-snippet:-1, max-image-preview:large, max-video-preview:-1\" \/>\n<link rel=\"canonical\" href=\"https:\/\/masquenoticias.mx\/index.php\/2023\/08\/11\/gobierno-colima-paga-este-viernes-mas-de-22-mdp-en-retroactivo-al-magisterio-estatal\/\" \/>\n<meta property=\"og:locale\" content=\"es_MX\" \/>\n<meta property=\"og:type\" content=\"article\" \/>\n<meta property=\"og:title\" content=\"Gobierno Colima paga este viernes m\u00e1s de 22 mdp en retroactivo al magisterio estatal - M\u00e1s Que Noticias\" \/>\n<meta property=\"og:description\" content=\"El Gobierno del Estado de Colima pagar\u00e1 el retroactivo al personal del magisterio estatal este viernes 11 de agosto, retroactivo que incluye un aumento del 6% en el sueldo tabular y del 2% en prestaciones, con el prop\u00f3sito de fortalecer el salario profesional del personal docente, as\u00ed como del personal de apoyo y asistencia a [&hellip;]\" \/>\n<meta property=\"og:url\" content=\"https:\/\/masquenoticias.mx\/index.php\/2023\/08\/11\/gobierno-colima-paga-este-viernes-mas-de-22-mdp-en-retroactivo-al-magisterio-estatal\/\" \/>\n<meta property=\"og:site_name\" content=\"M\u00e1s Que Noticias\" \/>\n<meta property=\"article:publisher\" content=\"https:\/\/www.facebook.com\/masquenoticiascolima\" \/>\n<meta property=\"article:published_time\" content=\"2023-08-11T21:34:54+00:00\" \/>\n<meta property=\"og:image\" content=\"https:\/\/i0.wp.com\/masquenoticias.mx\/wp-content\/uploads\/2023\/08\/indi-maestros-jpe.webp?fit=821%2C547&ssl=1\" \/>\n\t<meta property=\"og:image:width\" content=\"821\" \/>\n\t<meta property=\"og:image:height\" content=\"547\" \/>\n\t<meta property=\"og:image:type\" content=\"image\/jpeg\" \/>\n<meta name=\"author\" content=\"Redacci\u00f3n\" \/>\n<meta name=\"twitter:card\" content=\"summary_large_image\" \/>\n<meta name=\"twitter:creator\" content=\"@edgartove\" \/>\n<meta name=\"twitter:site\" content=\"@edgartove\" \/>\n<meta name=\"twitter:label1\" content=\"Escrito por\" \/>\n\t<meta name=\"twitter:data1\" content=\"Redacci\u00f3n\" \/>\n\t<meta name=\"twitter:label2\" content=\"Tiempo de lectura\" \/>\n\t<meta name=\"twitter:data2\" content=\"1 minuto\" \/>\n<script type=\"application\/ld+json\" class=\"yoast-schema-graph\">{\"@context\":\"https:\/\/schema.org\",\"@graph\":[{\"@type\":\"Article\",\"@id\":\"https:\/\/masquenoticias.mx\/index.php\/2023\/08\/11\/gobierno-colima-paga-este-viernes-mas-de-22-mdp-en-retroactivo-al-magisterio-estatal\/#article\",\"isPartOf\":{\"@id\":\"https:\/\/masquenoticias.mx\/index.php\/2023\/08\/11\/gobierno-colima-paga-este-viernes-mas-de-22-mdp-en-retroactivo-al-magisterio-estatal\/\"},\"author\":{\"name\":\"Redacci\u00f3n\",\"@id\":\"https:\/\/masquenoticias.mx\/#\/schema\/person\/544d19989ef23d34615f691f7a96e622\"},\"headline\":\"Gobierno Colima paga este viernes m\u00e1s de 22 mdp en retroactivo al magisterio estatal\",\"datePublished\":\"2023-08-11T21:34:54+00:00\",\"mainEntityOfPage\":{\"@id\":\"https:\/\/masquenoticias.mx\/index.php\/2023\/08\/11\/gobierno-colima-paga-este-viernes-mas-de-22-mdp-en-retroactivo-al-magisterio-estatal\/\"},\"wordCount\":281,\"commentCount\":0,\"publisher\":{\"@id\":\"https:\/\/masquenoticias.mx\/#organization\"},\"image\":{\"@id\":\"https:\/\/masquenoticias.mx\/index.php\/2023\/08\/11\/gobierno-colima-paga-este-viernes-mas-de-22-mdp-en-retroactivo-al-magisterio-estatal\/#primaryimage\"},\"thumbnailUrl\":\"https:\/\/i0.wp.com\/masquenoticias.mx\/wp-content\/uploads\/2023\/08\/indi-maestros-jpe.webp?fit=821%2C547&ssl=1\",\"keywords\":[\"Educaci\u00f3n\",\"Gobierno\"],\"articleSection\":[\"Estado\"],\"inLanguage\":\"es\",\"potentialAction\":[{\"@type\":\"CommentAction\",\"name\":\"Comment\",\"target\":[\"https:\/\/masquenoticias.mx\/index.php\/2023\/08\/11\/gobierno-colima-paga-este-viernes-mas-de-22-mdp-en-retroactivo-al-magisterio-estatal\/#respond\"]}]},{\"@type\":\"WebPage\",\"@id\":\"https:\/\/masquenoticias.mx\/index.php\/2023\/08\/11\/gobierno-colima-paga-este-viernes-mas-de-22-mdp-en-retroactivo-al-magisterio-estatal\/\",\"url\":\"https:\/\/masquenoticias.mx\/index.php\/2023\/08\/11\/gobierno-colima-paga-este-viernes-mas-de-22-mdp-en-retroactivo-al-magisterio-estatal\/\",\"name\":\"Gobierno Colima paga este viernes m\u00e1s de 22 mdp en retroactivo al magisterio estatal - M\u00e1s Que Noticias\",\"isPartOf\":{\"@id\":\"https:\/\/masquenoticias.mx\/#website\"},\"primaryImageOfPage\":{\"@id\":\"https:\/\/masquenoticias.mx\/index.php\/2023\/08\/11\/gobierno-colima-paga-este-viernes-mas-de-22-mdp-en-retroactivo-al-magisterio-estatal\/#primaryimage\"},\"image\":{\"@id\":\"https:\/\/masquenoticias.mx\/index.php\/2023\/08\/11\/gobierno-colima-paga-este-viernes-mas-de-22-mdp-en-retroactivo-al-magisterio-estatal\/#primaryimage\"},\"thumbnailUrl\":\"https:\/\/i0.wp.com\/masquenoticias.mx\/wp-content\/uploads\/2023\/08\/indi-maestros-jpe.webp?fit=821%2C547&ssl=1\",\"datePublished\":\"2023-08-11T21:34:54+00:00\",\"breadcrumb\":{\"@id\":\"https:\/\/masquenoticias.mx\/index.php\/2023\/08\/11\/gobierno-colima-paga-este-viernes-mas-de-22-mdp-en-retroactivo-al-magisterio-estatal\/#breadcrumb\"},\"inLanguage\":\"es\",\"potentialAction\":[{\"@type\":\"ReadAction\",\"target\":[\"https:\/\/masquenoticias.mx\/index.php\/2023\/08\/11\/gobierno-colima-paga-este-viernes-mas-de-22-mdp-en-retroactivo-al-magisterio-estatal\/\"]}]},{\"@type\":\"ImageObject\",\"inLanguage\":\"es\",\"@id\":\"https:\/\/masquenoticias.mx\/index.php\/2023\/08\/11\/gobierno-colima-paga-este-viernes-mas-de-22-mdp-en-retroactivo-al-magisterio-estatal\/#primaryimage\",\"url\":\"https:\/\/i0.wp.com\/masquenoticias.mx\/wp-content\/uploads\/2023\/08\/indi-maestros-jpe.webp?fit=821%2C547&ssl=1\",\"contentUrl\":\"https:\/\/i0.wp.com\/masquenoticias.mx\/wp-content\/uploads\/2023\/08\/indi-maestros-jpe.webp?fit=821%2C547&ssl=1\",\"width\":821,\"height\":547},{\"@type\":\"BreadcrumbList\",\"@id\":\"https:\/\/masquenoticias.mx\/index.php\/2023\/08\/11\/gobierno-colima-paga-este-viernes-mas-de-22-mdp-en-retroactivo-al-magisterio-estatal\/#breadcrumb\",\"itemListElement\":[{\"@type\":\"ListItem\",\"position\":1,\"name\":\"Inicio\",\"item\":\"https:\/\/masquenoticias.mx\/\"},{\"@type\":\"ListItem\",\"position\":2,\"name\":\"Gobierno Colima paga este viernes m\u00e1s de 22 mdp en retroactivo al magisterio estatal\"}]},{\"@type\":\"WebSite\",\"@id\":\"https:\/\/masquenoticias.mx\/#website\",\"url\":\"https:\/\/masquenoticias.mx\/\",\"name\":\"M\u00e1s Que Noticias\",\"description\":\"Noticias de Colima, M\u00e9xico y el Mundo\",\"publisher\":{\"@id\":\"https:\/\/masquenoticias.mx\/#organization\"},\"potentialAction\":[{\"@type\":\"SearchAction\",\"target\":{\"@type\":\"EntryPoint\",\"urlTemplate\":\"https:\/\/masquenoticias.mx\/?s={search_term_string}\"},\"query-input\":{\"@type\":\"PropertyValueSpecification\",\"valueRequired\":true,\"valueName\":\"search_term_string\"}}],\"inLanguage\":\"es\"},{\"@type\":\"Organization\",\"@id\":\"https:\/\/masquenoticias.mx\/#organization\",\"name\":\"M\u00e1s Que Noticias\",\"url\":\"https:\/\/masquenoticias.mx\/\",\"logo\":{\"@type\":\"ImageObject\",\"inLanguage\":\"es\",\"@id\":\"https:\/\/masquenoticias.mx\/#\/schema\/logo\/image\/\",\"url\":\"https:\/\/i0.wp.com\/masquenoticias.mx\/wp-content\/uploads\/2024\/04\/IMG_0004.png?fit=2560%2C1656&ssl=1\",\"contentUrl\":\"https:\/\/i0.wp.com\/masquenoticias.mx\/wp-content\/uploads\/2024\/04\/IMG_0004.png?fit=2560%2C1656&ssl=1\",\"width\":2560,\"height\":1656,\"caption\":\"M\u00e1s Que Noticias\"},\"image\":{\"@id\":\"https:\/\/masquenoticias.mx\/#\/schema\/logo\/image\/\"},\"sameAs\":[\"https:\/\/www.facebook.com\/masquenoticiascolima\",\"https:\/\/x.com\/edgartove\",\"https:\/\/www.instagram.com\/masquenoticiascolima\/\"]},{\"@type\":\"Person\",\"@id\":\"https:\/\/masquenoticias.mx\/#\/schema\/person\/544d19989ef23d34615f691f7a96e622\",\"name\":\"Redacci\u00f3n\",\"image\":{\"@type\":\"ImageObject\",\"inLanguage\":\"es\",\"@id\":\"https:\/\/masquenoticias.mx\/#\/schema\/person\/image\/\",\"url\":\"https:\/\/secure.gravatar.com\/avatar\/7fcc926d5b058d3f3d52d95b4d05dd58?s=96&d=mm&r=g\",\"contentUrl\":\"https:\/\/secure.gravatar.com\/avatar\/7fcc926d5b058d3f3d52d95b4d05dd58?s=96&d=mm&r=g\",\"caption\":\"Redacci\u00f3n\"},\"sameAs\":[\"http:\/\/masquenoticias.mx\"],\"url\":\"https:\/\/masquenoticias.mx\/index.php\/author\/edgartovegmail-com\/\"}]}<\/script>\n<!-- \/ Yoast SEO plugin. -->","yoast_head_json":{"title":"Gobierno Colima paga este viernes m\u00e1s de 22 mdp en retroactivo al magisterio estatal - M\u00e1s Que Noticias","robots":{"index":"index","follow":"follow","max-snippet":"max-snippet:-1","max-image-preview":"max-image-preview:large","max-video-preview":"max-video-preview:-1"},"canonical":"https:\/\/masquenoticias.mx\/index.php\/2023\/08\/11\/gobierno-colima-paga-este-viernes-mas-de-22-mdp-en-retroactivo-al-magisterio-estatal\/","og_locale":"es_MX","og_type":"article","og_title":"Gobierno Colima paga este viernes m\u00e1s de 22 mdp en retroactivo al magisterio estatal - M\u00e1s Que Noticias","og_description":"El Gobierno del Estado de Colima pagar\u00e1 el retroactivo al personal del magisterio estatal este viernes 11 de agosto, retroactivo que incluye un aumento del 6% en el sueldo tabular y del 2% en prestaciones, con el prop\u00f3sito de fortalecer el salario profesional del personal docente, as\u00ed como del personal de apoyo y asistencia a [&hellip;]","og_url":"https:\/\/masquenoticias.mx\/index.php\/2023\/08\/11\/gobierno-colima-paga-este-viernes-mas-de-22-mdp-en-retroactivo-al-magisterio-estatal\/","og_site_name":"M\u00e1s Que Noticias","article_publisher":"https:\/\/www.facebook.com\/masquenoticiascolima","article_published_time":"2023-08-11T21:34:54+00:00","og_image":[{"width":821,"height":547,"url":"https:\/\/i0.wp.com\/masquenoticias.mx\/wp-content\/uploads\/2023\/08\/indi-maestros-jpe.webp?fit=821%2C547&ssl=1","type":"image\/jpeg"}],"author":"Redacci\u00f3n","twitter_card":"summary_large_image","twitter_creator":"@edgartove","twitter_site":"@edgartove","twitter_misc":{"Escrito por":"Redacci\u00f3n","Tiempo de lectura":"1 minuto"},"schema":{"@context":"https:\/\/schema.org","@graph":[{"@type":"Article","@id":"https:\/\/masquenoticias.mx\/index.php\/2023\/08\/11\/gobierno-colima-paga-este-viernes-mas-de-22-mdp-en-retroactivo-al-magisterio-estatal\/#article","isPartOf":{"@id":"https:\/\/masquenoticias.mx\/index.php\/2023\/08\/11\/gobierno-colima-paga-este-viernes-mas-de-22-mdp-en-retroactivo-al-magisterio-estatal\/"},"author":{"name":"Redacci\u00f3n","@id":"https:\/\/masquenoticias.mx\/#\/schema\/person\/544d19989ef23d34615f691f7a96e622"},"headline":"Gobierno Colima paga este viernes m\u00e1s de 22 mdp en retroactivo al magisterio estatal","datePublished":"2023-08-11T21:34:54+00:00","mainEntityOfPage":{"@id":"https:\/\/masquenoticias.mx\/index.php\/2023\/08\/11\/gobierno-colima-paga-este-viernes-mas-de-22-mdp-en-retroactivo-al-magisterio-estatal\/"},"wordCount":281,"commentCount":0,"publisher":{"@id":"https:\/\/masquenoticias.mx\/#organization"},"image":{"@id":"https:\/\/masquenoticias.mx\/index.php\/2023\/08\/11\/gobierno-colima-paga-este-viernes-mas-de-22-mdp-en-retroactivo-al-magisterio-estatal\/#primaryimage"},"thumbnailUrl":"https:\/\/i0.wp.com\/masquenoticias.mx\/wp-content\/uploads\/2023\/08\/indi-maestros-jpe.webp?fit=821%2C547&ssl=1","keywords":["Educaci\u00f3n","Gobierno"],"articleSection":["Estado"],"inLanguage":"es","potentialAction":[{"@type":"CommentAction","name":"Comment","target":["https:\/\/masquenoticias.mx\/index.php\/2023\/08\/11\/gobierno-colima-paga-este-viernes-mas-de-22-mdp-en-retroactivo-al-magisterio-estatal\/#respond"]}]},{"@type":"WebPage","@id":"https:\/\/masquenoticias.mx\/index.php\/2023\/08\/11\/gobierno-colima-paga-este-viernes-mas-de-22-mdp-en-retroactivo-al-magisterio-estatal\/","url":"https:\/\/masquenoticias.mx\/index.php\/2023\/08\/11\/gobierno-colima-paga-este-viernes-mas-de-22-mdp-en-retroactivo-al-magisterio-estatal\/","name":"Gobierno Colima paga este viernes m\u00e1s de 22 mdp en retroactivo al magisterio estatal - M\u00e1s Que Noticias","isPartOf":{"@id":"https:\/\/masquenoticias.mx\/#website"},"primaryImageOfPage":{"@id":"https:\/\/masquenoticias.mx\/index.php\/2023\/08\/11\/gobierno-colima-paga-este-viernes-mas-de-22-mdp-en-retroactivo-al-magisterio-estatal\/#primaryimage"},"image":{"@id":"https:\/\/masquenoticias.mx\/index.php\/2023\/08\/11\/gobierno-colima-paga-este-viernes-mas-de-22-mdp-en-retroactivo-al-magisterio-estatal\/#primaryimage"},"thumbnailUrl":"https:\/\/i0.wp.com\/masquenoticias.mx\/wp-content\/uploads\/2023\/08\/indi-maestros-jpe.webp?fit=821%2C547&ssl=1","datePublished":"2023-08-11T21:34:54+00:00","breadcrumb":{"@id":"https:\/\/masquenoticias.mx\/index.php\/2023\/08\/11\/gobierno-colima-paga-este-viernes-mas-de-22-mdp-en-retroactivo-al-magisterio-estatal\/#breadcrumb"},"inLanguage":"es","potentialAction":[{"@type":"ReadAction","target":["https:\/\/masquenoticias.mx\/index.php\/2023\/08\/11\/gobierno-colima-paga-este-viernes-mas-de-22-mdp-en-retroactivo-al-magisterio-estatal\/"]}]},{"@type":"ImageObject","inLanguage":"es","@id":"https:\/\/masquenoticias.mx\/index.php\/2023\/08\/11\/gobierno-colima-paga-este-viernes-mas-de-22-mdp-en-retroactivo-al-magisterio-estatal\/#primaryimage","url":"https:\/\/i0.wp.com\/masquenoticias.mx\/wp-content\/uploads\/2023\/08\/indi-maestros-jpe.webp?fit=821%2C547&ssl=1","contentUrl":"https:\/\/i0.wp.com\/masquenoticias.mx\/wp-content\/uploads\/2023\/08\/indi-maestros-jpe.webp?fit=821%2C547&ssl=1","width":821,"height":547},{"@type":"BreadcrumbList","@id":"https:\/\/masquenoticias.mx\/index.php\/2023\/08\/11\/gobierno-colima-paga-este-viernes-mas-de-22-mdp-en-retroactivo-al-magisterio-estatal\/#breadcrumb","itemListElement":[{"@type":"ListItem","position":1,"name":"Inicio","item":"https:\/\/masquenoticias.mx\/"},{"@type":"ListItem","position":2,"name":"Gobierno Colima paga este viernes m\u00e1s de 22 mdp en retroactivo al magisterio estatal"}]},{"@type":"WebSite","@id":"https:\/\/masquenoticias.mx\/#website","url":"https:\/\/masquenoticias.mx\/","name":"M\u00e1s Que Noticias","description":"Noticias de Colima, M\u00e9xico y el Mundo","publisher":{"@id":"https:\/\/masquenoticias.mx\/#organization"},"potentialAction":[{"@type":"SearchAction","target":{"@type":"EntryPoint","urlTemplate":"https:\/\/masquenoticias.mx\/?s={search_term_string}"},"query-input":{"@type":"PropertyValueSpecification","valueRequired":true,"valueName":"search_term_string"}}],"inLanguage":"es"},{"@type":"Organization","@id":"https:\/\/masquenoticias.mx\/#organization","name":"M\u00e1s Que Noticias","url":"https:\/\/masquenoticias.mx\/","logo":{"@type":"ImageObject","inLanguage":"es","@id":"https:\/\/masquenoticias.mx\/#\/schema\/logo\/image\/","url":"https:\/\/i0.wp.com\/masquenoticias.mx\/wp-content\/uploads\/2024\/04\/IMG_0004.png?fit=2560%2C1656&ssl=1","contentUrl":"https:\/\/i0.wp.com\/masquenoticias.mx\/wp-content\/uploads\/2024\/04\/IMG_0004.png?fit=2560%2C1656&ssl=1","width":2560,"height":1656,"caption":"M\u00e1s Que Noticias"},"image":{"@id":"https:\/\/masquenoticias.mx\/#\/schema\/logo\/image\/"},"sameAs":["https:\/\/www.facebook.com\/masquenoticiascolima","https:\/\/x.com\/edgartove","https:\/\/www.instagram.com\/masquenoticiascolima\/"]},{"@type":"Person","@id":"https:\/\/masquenoticias.mx\/#\/schema\/person\/544d19989ef23d34615f691f7a96e622","name":"Redacci\u00f3n","image":{"@type":"ImageObject","inLanguage":"es","@id":"https:\/\/masquenoticias.mx\/#\/schema\/person\/image\/","url":"https:\/\/secure.gravatar.com\/avatar\/7fcc926d5b058d3f3d52d95b4d05dd58?s=96&d=mm&r=g","contentUrl":"https:\/\/secure.gravatar.com\/avatar\/7fcc926d5b058d3f3d52d95b4d05dd58?s=96&d=mm&r=g","caption":"Redacci\u00f3n"},"sameAs":["http:\/\/masquenoticias.mx"],"url":"https:\/\/masquenoticias.mx\/index.php\/author\/edgartovegmail-com\/"}]}},"jetpack_featured_media_url":"https:\/\/i0.wp.com\/masquenoticias.mx\/wp-content\/uploads\/2023\/08\/indi-maestros-jpe.webp?fit=821%2C547&ssl=1","blog_post_layout_featured_media_urls":{"thumbnail":["https:\/\/i0.wp.com\/masquenoticias.mx\/wp-content\/uploads\/2023\/08\/indi-maestros-jpe.webp?resize=150%2C150&ssl=1",150,150,true],"full":["https:\/\/i0.wp.com\/masquenoticias.mx\/wp-content\/uploads\/2023\/08\/indi-maestros-jpe.webp?fit=821%2C547&ssl=1",821,547,false]},"categories_names":{"24":{"name":"Estado","link":"https:\/\/masquenoticias.mx\/index.php\/category\/estado\/"}},"tags_names":{"45":{"name":"Educaci\u00f3n","link":"https:\/\/masquenoticias.mx\/index.php\/tag\/educacion\/"},"72":{"name":"Gobierno","link":"https:\/\/masquenoticias.mx\/index.php\/tag\/gobierno\/"}},"comments_number":"0","wpmagazine_modules_lite_featured_media_urls":{"thumbnail":["https:\/\/i0.wp.com\/masquenoticias.mx\/wp-content\/uploads\/2023\/08\/indi-maestros-jpe.webp?resize=150%2C150&ssl=1",150,150,true],"cvmm-medium":["https:\/\/i0.wp.com\/masquenoticias.mx\/wp-content\/uploads\/2023\/08\/indi-maestros-jpe.webp?resize=300%2C300&ssl=1",300,300,true],"cvmm-medium-plus":["https:\/\/i0.wp.com\/masquenoticias.mx\/wp-content\/uploads\/2023\/08\/indi-maestros-jpe.webp?resize=305%2C207&ssl=1",305,207,true],"cvmm-portrait":["https:\/\/i0.wp.com\/masquenoticias.mx\/wp-content\/uploads\/2023\/08\/indi-maestros-jpe.webp?resize=400%2C547&ssl=1",400,547,true],"cvmm-medium-square":["https:\/\/i0.wp.com\/masquenoticias.mx\/wp-content\/uploads\/2023\/08\/indi-maestros-jpe.webp?resize=600%2C547&ssl=1",600,547,true],"cvmm-large":["https:\/\/i0.wp.com\/masquenoticias.mx\/wp-content\/uploads\/2023\/08\/indi-maestros-jpe.webp?resize=821%2C547&ssl=1",821,547,true],"cvmm-small":["https:\/\/i0.wp.com\/masquenoticias.mx\/wp-content\/uploads\/2023\/08\/indi-maestros-jpe.webp?resize=130%2C95&ssl=1",130,95,true],"full":["https:\/\/i0.wp.com\/masquenoticias.mx\/wp-content\/uploads\/2023\/08\/indi-maestros-jpe.webp?fit=821%2C547&ssl=1",821,547,false]},"jetpack-related-posts":[],"jetpack_sharing_enabled":true,"jetpack_likes_enabled":true,"jetpack_shortlink":"https:\/\/wp.me\/pf7pkt-vQ","_links":{"self":[{"href":"https:\/\/masquenoticias.mx\/index.php\/wp-json\/wp\/v2\/posts\/1974","targetHints":{"allow":["GET"]}}],"collection":[{"href":"https:\/\/masquenoticias.mx\/index.php\/wp-json\/wp\/v2\/posts"}],"about":[{"href":"https:\/\/masquenoticias.mx\/index.php\/wp-json\/wp\/v2\/types\/post"}],"author":[{"embeddable":true,"href":"https:\/\/masquenoticias.mx\/index.php\/wp-json\/wp\/v2\/users\/1"}],"replies":[{"embeddable":true,"href":"https:\/\/masquenoticias.mx\/index.php\/wp-json\/wp\/v2\/comments?post=1974"}],"version-history":[{"count":0,"href":"https:\/\/masquenoticias.mx\/index.php\/wp-json\/wp\/v2\/posts\/1974\/revisions"}],"wp:featuredmedia":[{"embeddable":true,"href":"https:\/\/masquenoticias.mx\/index.php\/wp-json\/wp\/v2\/media\/1975"}],"wp:attachment":[{"href":"https:\/\/masquenoticias.mx\/index.php\/wp-json\/wp\/v2\/media?parent=1974"}],"wp:term":[{"taxonomy":"category","embeddable":true,"href":"https:\/\/masquenoticias.mx\/index.php\/wp-json\/wp\/v2\/categories?post=1974"},{"taxonomy":"post_tag","embeddable":true,"href":"https:\/\/masquenoticias.mx\/index.php\/wp-json\/wp\/v2\/tags?post=1974"}],"curies":[{"name":"wp","href":"https:\/\/api.w.org\/{rel}","templated":true}]}}