{"id":19725,"date":"2025-11-10T12:07:57","date_gmt":"2025-11-10T18:07:57","guid":{"rendered":"https:\/\/masquenoticias.mx\/?p=19725"},"modified":"2025-11-10T12:07:57","modified_gmt":"2025-11-10T18:07:57","slug":"arranco-el-torneo-nacional-de-charro-completo-trofeo-capacha-2025-en-la-feria-de-colima","status":"publish","type":"post","link":"https:\/\/masquenoticias.mx\/index.php\/2025\/11\/10\/arranco-el-torneo-nacional-de-charro-completo-trofeo-capacha-2025-en-la-feria-de-colima\/","title":{"rendered":"Arranc\u00f3 el Torneo Nacional de Charro Completo Trofeo Capacha 2025 en la Feria de Colima"},"content":{"rendered":"\n<p><\/p>\n\n\n\n<p>Con buenos augurios arranc\u00f3 el XLI Torneo Nacional de Charro Completo Trofeo Capacha en el Lienzo Charro Camino Real, en el marco de la Feria de Todos los Santos 2025, con la declaratoria inaugural del subsecretario de Desarrollo Rural del Gobierno del Estado de Colima, El\u00edas Lozano Ochoa, en presencia de Rodolfo Aguilar D\u00e1valos, director general del Instituto de Fomento de Ferias y Exposiciones (Iffecol).<\/p>\n\n\n\n<p>Esta cuadrag\u00e9sima primera edici\u00f3n dentro de la #FeriaDeColima lleva el nombre del extinto Jaime Ernesto Schulte Brizuela y es coordinada por el presidente de la Asociaci\u00f3n de Charros Camino Real, Daniel Orozco Esp\u00edritu, quien pidi\u00f3 ser portador del agradecimiento a la gobernadora Indira Vizca\u00edno Silva, por todo el apoyo a este evento nacional y a la charrer\u00eda en general.<\/p>\n\n\n\n<p>En el acto, se entreg\u00f3 un reconocimiento a la familia del finado homenajeado Ernesto Schulte, cuyos hijos y nietos siguen practicando el deporte nacional por excelencia.<\/p>\n\n\n\n<p>En esta primera jornada de inauguraci\u00f3n, se present\u00f3 la Escaramuza Charra Adelitas de Villa de \u00c1lvarez, acompa\u00f1ando a los tres charros que abrieron la competencia: Rogelio \u2018Nemo\u2019 Verduzco Arreola por la Asociaci\u00f3n de Charros Camino Real, quien termin\u00f3 con 99 puntos; Juan Manuel Bar\u00f3n de Rancho La Campana con 86 unidades, y Nicol\u00e1s de Bari V\u00e1zquez Le\u00f3n con 144 unidades, que fue el ganador de esta primera jornada y entra al pizarr\u00f3n de los cuatro finalistas.<\/p>\n\n\n\n<p>Cabe recordar que las acciones del Torneo Nacional de Charro Completo regresan este mi\u00e9rcoles 12 de noviembre con charros juveniles de casa: con Emiliano Guzm\u00e1n, Marcos de la Mora Hoyos, Crist\u00f3bal Alonso Renter\u00eda y Alejandro Hern\u00e1ndez; esta charreada se llevar\u00e1 a cabo a partir de las 17:00 horas en el mismo Lienzo Charro Camino Real, as\u00ed que all\u00e1 #NosVemosEnLaFeria #FDTLS<\/p>\n","protected":false},"excerpt":{"rendered":"<p>Con buenos augurios arranc\u00f3 el XLI Torneo Nacional de Charro Completo Trofeo Capacha en el Lienzo Charro Camino Real, en el marco de la Feria de Todos los Santos 2025, con la declaratoria inaugural del subsecretario de Desarrollo Rural del Gobierno del Estado de Colima, El\u00edas Lozano Ochoa, en presencia de Rodolfo Aguilar D\u00e1valos, director [&hellip;]<\/p>\n","protected":false},"author":1,"featured_media":19724,"comment_status":"closed","ping_status":"open","sticky":false,"template":"","format":"standard","meta":{"_jetpack_memberships_contains_paid_content":false,"footnotes":""},"categories":[24],"tags":[195],"class_list":["post-19725","post","type-post","status-publish","format-standard","has-post-thumbnail","hentry","category-estado","tag-feria-de-colima"],"yoast_head":"<!-- This site is optimized with the Yoast SEO plugin v26.6 - https:\/\/yoast.com\/wordpress\/plugins\/seo\/ -->\n<title>Arranc\u00f3 el Torneo Nacional de Charro Completo Trofeo Capacha 2025 en la Feria de Colima - M\u00e1s Que Noticias<\/title>\n<meta name=\"robots\" content=\"index, follow, max-snippet:-1, max-image-preview:large, max-video-preview:-1\" \/>\n<link rel=\"canonical\" href=\"https:\/\/masquenoticias.mx\/index.php\/2025\/11\/10\/arranco-el-torneo-nacional-de-charro-completo-trofeo-capacha-2025-en-la-feria-de-colima\/\" \/>\n<meta property=\"og:locale\" content=\"es_MX\" \/>\n<meta property=\"og:type\" content=\"article\" \/>\n<meta property=\"og:title\" content=\"Arranc\u00f3 el Torneo Nacional de Charro Completo Trofeo Capacha 2025 en la Feria de Colima - M\u00e1s Que Noticias\" \/>\n<meta property=\"og:description\" content=\"Con buenos augurios arranc\u00f3 el XLI Torneo Nacional de Charro Completo Trofeo Capacha en el Lienzo Charro Camino Real, en el marco de la Feria de Todos los Santos 2025, con la declaratoria inaugural del subsecretario de Desarrollo Rural del Gobierno del Estado de Colima, El\u00edas Lozano Ochoa, en presencia de Rodolfo Aguilar D\u00e1valos, director [&hellip;]\" \/>\n<meta property=\"og:url\" content=\"https:\/\/masquenoticias.mx\/index.php\/2025\/11\/10\/arranco-el-torneo-nacional-de-charro-completo-trofeo-capacha-2025-en-la-feria-de-colima\/\" \/>\n<meta property=\"og:site_name\" content=\"M\u00e1s Que Noticias\" \/>\n<meta property=\"article:publisher\" content=\"https:\/\/www.facebook.com\/masquenoticiascolima\" \/>\n<meta property=\"article:published_time\" content=\"2025-11-10T18:07:57+00:00\" \/>\n<meta property=\"og:image\" content=\"https:\/\/i0.wp.com\/masquenoticias.mx\/wp-content\/uploads\/2025\/11\/c8c283d5-9496-402e-9be6-4c751658f5c0.jpg?fit=1052%2C661&ssl=1\" \/>\n\t<meta property=\"og:image:width\" content=\"1052\" \/>\n\t<meta property=\"og:image:height\" content=\"661\" \/>\n\t<meta property=\"og:image:type\" content=\"image\/jpeg\" \/>\n<meta name=\"author\" content=\"Redacci\u00f3n\" \/>\n<meta name=\"twitter:card\" content=\"summary_large_image\" \/>\n<meta name=\"twitter:creator\" content=\"@edgartove\" \/>\n<meta name=\"twitter:site\" content=\"@edgartove\" \/>\n<meta name=\"twitter:label1\" content=\"Escrito por\" \/>\n\t<meta name=\"twitter:data1\" content=\"Redacci\u00f3n\" \/>\n\t<meta name=\"twitter:label2\" content=\"Tiempo de lectura\" \/>\n\t<meta name=\"twitter:data2\" content=\"2 minutos\" \/>\n<script type=\"application\/ld+json\" class=\"yoast-schema-graph\">{\"@context\":\"https:\/\/schema.org\",\"@graph\":[{\"@type\":\"Article\",\"@id\":\"https:\/\/masquenoticias.mx\/index.php\/2025\/11\/10\/arranco-el-torneo-nacional-de-charro-completo-trofeo-capacha-2025-en-la-feria-de-colima\/#article\",\"isPartOf\":{\"@id\":\"https:\/\/masquenoticias.mx\/index.php\/2025\/11\/10\/arranco-el-torneo-nacional-de-charro-completo-trofeo-capacha-2025-en-la-feria-de-colima\/\"},\"author\":{\"name\":\"Redacci\u00f3n\",\"@id\":\"https:\/\/masquenoticias.mx\/#\/schema\/person\/544d19989ef23d34615f691f7a96e622\"},\"headline\":\"Arranc\u00f3 el Torneo Nacional de Charro Completo Trofeo Capacha 2025 en la Feria de Colima\",\"datePublished\":\"2025-11-10T18:07:57+00:00\",\"mainEntityOfPage\":{\"@id\":\"https:\/\/masquenoticias.mx\/index.php\/2025\/11\/10\/arranco-el-torneo-nacional-de-charro-completo-trofeo-capacha-2025-en-la-feria-de-colima\/\"},\"wordCount\":315,\"publisher\":{\"@id\":\"https:\/\/masquenoticias.mx\/#organization\"},\"image\":{\"@id\":\"https:\/\/masquenoticias.mx\/index.php\/2025\/11\/10\/arranco-el-torneo-nacional-de-charro-completo-trofeo-capacha-2025-en-la-feria-de-colima\/#primaryimage\"},\"thumbnailUrl\":\"https:\/\/i0.wp.com\/masquenoticias.mx\/wp-content\/uploads\/2025\/11\/c8c283d5-9496-402e-9be6-4c751658f5c0.jpg?fit=1052%2C661&ssl=1\",\"keywords\":[\"Feria de Colima\"],\"articleSection\":[\"Estado\"],\"inLanguage\":\"es\"},{\"@type\":\"WebPage\",\"@id\":\"https:\/\/masquenoticias.mx\/index.php\/2025\/11\/10\/arranco-el-torneo-nacional-de-charro-completo-trofeo-capacha-2025-en-la-feria-de-colima\/\",\"url\":\"https:\/\/masquenoticias.mx\/index.php\/2025\/11\/10\/arranco-el-torneo-nacional-de-charro-completo-trofeo-capacha-2025-en-la-feria-de-colima\/\",\"name\":\"Arranc\u00f3 el Torneo Nacional de Charro Completo Trofeo Capacha 2025 en la Feria de Colima - M\u00e1s Que Noticias\",\"isPartOf\":{\"@id\":\"https:\/\/masquenoticias.mx\/#website\"},\"primaryImageOfPage\":{\"@id\":\"https:\/\/masquenoticias.mx\/index.php\/2025\/11\/10\/arranco-el-torneo-nacional-de-charro-completo-trofeo-capacha-2025-en-la-feria-de-colima\/#primaryimage\"},\"image\":{\"@id\":\"https:\/\/masquenoticias.mx\/index.php\/2025\/11\/10\/arranco-el-torneo-nacional-de-charro-completo-trofeo-capacha-2025-en-la-feria-de-colima\/#primaryimage\"},\"thumbnailUrl\":\"https:\/\/i0.wp.com\/masquenoticias.mx\/wp-content\/uploads\/2025\/11\/c8c283d5-9496-402e-9be6-4c751658f5c0.jpg?fit=1052%2C661&ssl=1\",\"datePublished\":\"2025-11-10T18:07:57+00:00\",\"breadcrumb\":{\"@id\":\"https:\/\/masquenoticias.mx\/index.php\/2025\/11\/10\/arranco-el-torneo-nacional-de-charro-completo-trofeo-capacha-2025-en-la-feria-de-colima\/#breadcrumb\"},\"inLanguage\":\"es\",\"potentialAction\":[{\"@type\":\"ReadAction\",\"target\":[\"https:\/\/masquenoticias.mx\/index.php\/2025\/11\/10\/arranco-el-torneo-nacional-de-charro-completo-trofeo-capacha-2025-en-la-feria-de-colima\/\"]}]},{\"@type\":\"ImageObject\",\"inLanguage\":\"es\",\"@id\":\"https:\/\/masquenoticias.mx\/index.php\/2025\/11\/10\/arranco-el-torneo-nacional-de-charro-completo-trofeo-capacha-2025-en-la-feria-de-colima\/#primaryimage\",\"url\":\"https:\/\/i0.wp.com\/masquenoticias.mx\/wp-content\/uploads\/2025\/11\/c8c283d5-9496-402e-9be6-4c751658f5c0.jpg?fit=1052%2C661&ssl=1\",\"contentUrl\":\"https:\/\/i0.wp.com\/masquenoticias.mx\/wp-content\/uploads\/2025\/11\/c8c283d5-9496-402e-9be6-4c751658f5c0.jpg?fit=1052%2C661&ssl=1\",\"width\":1052,\"height\":661},{\"@type\":\"BreadcrumbList\",\"@id\":\"https:\/\/masquenoticias.mx\/index.php\/2025\/11\/10\/arranco-el-torneo-nacional-de-charro-completo-trofeo-capacha-2025-en-la-feria-de-colima\/#breadcrumb\",\"itemListElement\":[{\"@type\":\"ListItem\",\"position\":1,\"name\":\"Inicio\",\"item\":\"https:\/\/masquenoticias.mx\/\"},{\"@type\":\"ListItem\",\"position\":2,\"name\":\"Arranc\u00f3 el Torneo Nacional de Charro Completo Trofeo Capacha 2025 en la Feria de Colima\"}]},{\"@type\":\"WebSite\",\"@id\":\"https:\/\/masquenoticias.mx\/#website\",\"url\":\"https:\/\/masquenoticias.mx\/\",\"name\":\"M\u00e1s Que Noticias\",\"description\":\"Noticias de Colima, M\u00e9xico y el Mundo\",\"publisher\":{\"@id\":\"https:\/\/masquenoticias.mx\/#organization\"},\"potentialAction\":[{\"@type\":\"SearchAction\",\"target\":{\"@type\":\"EntryPoint\",\"urlTemplate\":\"https:\/\/masquenoticias.mx\/?s={search_term_string}\"},\"query-input\":{\"@type\":\"PropertyValueSpecification\",\"valueRequired\":true,\"valueName\":\"search_term_string\"}}],\"inLanguage\":\"es\"},{\"@type\":\"Organization\",\"@id\":\"https:\/\/masquenoticias.mx\/#organization\",\"name\":\"M\u00e1s Que Noticias\",\"url\":\"https:\/\/masquenoticias.mx\/\",\"logo\":{\"@type\":\"ImageObject\",\"inLanguage\":\"es\",\"@id\":\"https:\/\/masquenoticias.mx\/#\/schema\/logo\/image\/\",\"url\":\"https:\/\/i0.wp.com\/masquenoticias.mx\/wp-content\/uploads\/2024\/04\/IMG_0004.png?fit=2560%2C1656&ssl=1\",\"contentUrl\":\"https:\/\/i0.wp.com\/masquenoticias.mx\/wp-content\/uploads\/2024\/04\/IMG_0004.png?fit=2560%2C1656&ssl=1\",\"width\":2560,\"height\":1656,\"caption\":\"M\u00e1s Que Noticias\"},\"image\":{\"@id\":\"https:\/\/masquenoticias.mx\/#\/schema\/logo\/image\/\"},\"sameAs\":[\"https:\/\/www.facebook.com\/masquenoticiascolima\",\"https:\/\/x.com\/edgartove\",\"https:\/\/www.instagram.com\/masquenoticiascolima\/\"]},{\"@type\":\"Person\",\"@id\":\"https:\/\/masquenoticias.mx\/#\/schema\/person\/544d19989ef23d34615f691f7a96e622\",\"name\":\"Redacci\u00f3n\",\"image\":{\"@type\":\"ImageObject\",\"inLanguage\":\"es\",\"@id\":\"https:\/\/masquenoticias.mx\/#\/schema\/person\/image\/\",\"url\":\"https:\/\/secure.gravatar.com\/avatar\/7fcc926d5b058d3f3d52d95b4d05dd58?s=96&d=mm&r=g\",\"contentUrl\":\"https:\/\/secure.gravatar.com\/avatar\/7fcc926d5b058d3f3d52d95b4d05dd58?s=96&d=mm&r=g\",\"caption\":\"Redacci\u00f3n\"},\"sameAs\":[\"http:\/\/masquenoticias.mx\"],\"url\":\"https:\/\/masquenoticias.mx\/index.php\/author\/edgartovegmail-com\/\"}]}<\/script>\n<!-- \/ Yoast SEO plugin. -->","yoast_head_json":{"title":"Arranc\u00f3 el Torneo Nacional de Charro Completo Trofeo Capacha 2025 en la Feria de Colima - M\u00e1s Que Noticias","robots":{"index":"index","follow":"follow","max-snippet":"max-snippet:-1","max-image-preview":"max-image-preview:large","max-video-preview":"max-video-preview:-1"},"canonical":"https:\/\/masquenoticias.mx\/index.php\/2025\/11\/10\/arranco-el-torneo-nacional-de-charro-completo-trofeo-capacha-2025-en-la-feria-de-colima\/","og_locale":"es_MX","og_type":"article","og_title":"Arranc\u00f3 el Torneo Nacional de Charro Completo Trofeo Capacha 2025 en la Feria de Colima - M\u00e1s Que Noticias","og_description":"Con buenos augurios arranc\u00f3 el XLI Torneo Nacional de Charro Completo Trofeo Capacha en el Lienzo Charro Camino Real, en el marco de la Feria de Todos los Santos 2025, con la declaratoria inaugural del subsecretario de Desarrollo Rural del Gobierno del Estado de Colima, El\u00edas Lozano Ochoa, en presencia de Rodolfo Aguilar D\u00e1valos, director [&hellip;]","og_url":"https:\/\/masquenoticias.mx\/index.php\/2025\/11\/10\/arranco-el-torneo-nacional-de-charro-completo-trofeo-capacha-2025-en-la-feria-de-colima\/","og_site_name":"M\u00e1s Que Noticias","article_publisher":"https:\/\/www.facebook.com\/masquenoticiascolima","article_published_time":"2025-11-10T18:07:57+00:00","og_image":[{"width":1052,"height":661,"url":"https:\/\/i0.wp.com\/masquenoticias.mx\/wp-content\/uploads\/2025\/11\/c8c283d5-9496-402e-9be6-4c751658f5c0.jpg?fit=1052%2C661&ssl=1","type":"image\/jpeg"}],"author":"Redacci\u00f3n","twitter_card":"summary_large_image","twitter_creator":"@edgartove","twitter_site":"@edgartove","twitter_misc":{"Escrito por":"Redacci\u00f3n","Tiempo de lectura":"2 minutos"},"schema":{"@context":"https:\/\/schema.org","@graph":[{"@type":"Article","@id":"https:\/\/masquenoticias.mx\/index.php\/2025\/11\/10\/arranco-el-torneo-nacional-de-charro-completo-trofeo-capacha-2025-en-la-feria-de-colima\/#article","isPartOf":{"@id":"https:\/\/masquenoticias.mx\/index.php\/2025\/11\/10\/arranco-el-torneo-nacional-de-charro-completo-trofeo-capacha-2025-en-la-feria-de-colima\/"},"author":{"name":"Redacci\u00f3n","@id":"https:\/\/masquenoticias.mx\/#\/schema\/person\/544d19989ef23d34615f691f7a96e622"},"headline":"Arranc\u00f3 el Torneo Nacional de Charro Completo Trofeo Capacha 2025 en la Feria de Colima","datePublished":"2025-11-10T18:07:57+00:00","mainEntityOfPage":{"@id":"https:\/\/masquenoticias.mx\/index.php\/2025\/11\/10\/arranco-el-torneo-nacional-de-charro-completo-trofeo-capacha-2025-en-la-feria-de-colima\/"},"wordCount":315,"publisher":{"@id":"https:\/\/masquenoticias.mx\/#organization"},"image":{"@id":"https:\/\/masquenoticias.mx\/index.php\/2025\/11\/10\/arranco-el-torneo-nacional-de-charro-completo-trofeo-capacha-2025-en-la-feria-de-colima\/#primaryimage"},"thumbnailUrl":"https:\/\/i0.wp.com\/masquenoticias.mx\/wp-content\/uploads\/2025\/11\/c8c283d5-9496-402e-9be6-4c751658f5c0.jpg?fit=1052%2C661&ssl=1","keywords":["Feria de Colima"],"articleSection":["Estado"],"inLanguage":"es"},{"@type":"WebPage","@id":"https:\/\/masquenoticias.mx\/index.php\/2025\/11\/10\/arranco-el-torneo-nacional-de-charro-completo-trofeo-capacha-2025-en-la-feria-de-colima\/","url":"https:\/\/masquenoticias.mx\/index.php\/2025\/11\/10\/arranco-el-torneo-nacional-de-charro-completo-trofeo-capacha-2025-en-la-feria-de-colima\/","name":"Arranc\u00f3 el Torneo Nacional de Charro Completo Trofeo Capacha 2025 en la Feria de Colima - M\u00e1s Que Noticias","isPartOf":{"@id":"https:\/\/masquenoticias.mx\/#website"},"primaryImageOfPage":{"@id":"https:\/\/masquenoticias.mx\/index.php\/2025\/11\/10\/arranco-el-torneo-nacional-de-charro-completo-trofeo-capacha-2025-en-la-feria-de-colima\/#primaryimage"},"image":{"@id":"https:\/\/masquenoticias.mx\/index.php\/2025\/11\/10\/arranco-el-torneo-nacional-de-charro-completo-trofeo-capacha-2025-en-la-feria-de-colima\/#primaryimage"},"thumbnailUrl":"https:\/\/i0.wp.com\/masquenoticias.mx\/wp-content\/uploads\/2025\/11\/c8c283d5-9496-402e-9be6-4c751658f5c0.jpg?fit=1052%2C661&ssl=1","datePublished":"2025-11-10T18:07:57+00:00","breadcrumb":{"@id":"https:\/\/masquenoticias.mx\/index.php\/2025\/11\/10\/arranco-el-torneo-nacional-de-charro-completo-trofeo-capacha-2025-en-la-feria-de-colima\/#breadcrumb"},"inLanguage":"es","potentialAction":[{"@type":"ReadAction","target":["https:\/\/masquenoticias.mx\/index.php\/2025\/11\/10\/arranco-el-torneo-nacional-de-charro-completo-trofeo-capacha-2025-en-la-feria-de-colima\/"]}]},{"@type":"ImageObject","inLanguage":"es","@id":"https:\/\/masquenoticias.mx\/index.php\/2025\/11\/10\/arranco-el-torneo-nacional-de-charro-completo-trofeo-capacha-2025-en-la-feria-de-colima\/#primaryimage","url":"https:\/\/i0.wp.com\/masquenoticias.mx\/wp-content\/uploads\/2025\/11\/c8c283d5-9496-402e-9be6-4c751658f5c0.jpg?fit=1052%2C661&ssl=1","contentUrl":"https:\/\/i0.wp.com\/masquenoticias.mx\/wp-content\/uploads\/2025\/11\/c8c283d5-9496-402e-9be6-4c751658f5c0.jpg?fit=1052%2C661&ssl=1","width":1052,"height":661},{"@type":"BreadcrumbList","@id":"https:\/\/masquenoticias.mx\/index.php\/2025\/11\/10\/arranco-el-torneo-nacional-de-charro-completo-trofeo-capacha-2025-en-la-feria-de-colima\/#breadcrumb","itemListElement":[{"@type":"ListItem","position":1,"name":"Inicio","item":"https:\/\/masquenoticias.mx\/"},{"@type":"ListItem","position":2,"name":"Arranc\u00f3 el Torneo Nacional de Charro Completo Trofeo Capacha 2025 en la Feria de Colima"}]},{"@type":"WebSite","@id":"https:\/\/masquenoticias.mx\/#website","url":"https:\/\/masquenoticias.mx\/","name":"M\u00e1s Que Noticias","description":"Noticias de Colima, M\u00e9xico y el Mundo","publisher":{"@id":"https:\/\/masquenoticias.mx\/#organization"},"potentialAction":[{"@type":"SearchAction","target":{"@type":"EntryPoint","urlTemplate":"https:\/\/masquenoticias.mx\/?s={search_term_string}"},"query-input":{"@type":"PropertyValueSpecification","valueRequired":true,"valueName":"search_term_string"}}],"inLanguage":"es"},{"@type":"Organization","@id":"https:\/\/masquenoticias.mx\/#organization","name":"M\u00e1s Que Noticias","url":"https:\/\/masquenoticias.mx\/","logo":{"@type":"ImageObject","inLanguage":"es","@id":"https:\/\/masquenoticias.mx\/#\/schema\/logo\/image\/","url":"https:\/\/i0.wp.com\/masquenoticias.mx\/wp-content\/uploads\/2024\/04\/IMG_0004.png?fit=2560%2C1656&ssl=1","contentUrl":"https:\/\/i0.wp.com\/masquenoticias.mx\/wp-content\/uploads\/2024\/04\/IMG_0004.png?fit=2560%2C1656&ssl=1","width":2560,"height":1656,"caption":"M\u00e1s Que Noticias"},"image":{"@id":"https:\/\/masquenoticias.mx\/#\/schema\/logo\/image\/"},"sameAs":["https:\/\/www.facebook.com\/masquenoticiascolima","https:\/\/x.com\/edgartove","https:\/\/www.instagram.com\/masquenoticiascolima\/"]},{"@type":"Person","@id":"https:\/\/masquenoticias.mx\/#\/schema\/person\/544d19989ef23d34615f691f7a96e622","name":"Redacci\u00f3n","image":{"@type":"ImageObject","inLanguage":"es","@id":"https:\/\/masquenoticias.mx\/#\/schema\/person\/image\/","url":"https:\/\/secure.gravatar.com\/avatar\/7fcc926d5b058d3f3d52d95b4d05dd58?s=96&d=mm&r=g","contentUrl":"https:\/\/secure.gravatar.com\/avatar\/7fcc926d5b058d3f3d52d95b4d05dd58?s=96&d=mm&r=g","caption":"Redacci\u00f3n"},"sameAs":["http:\/\/masquenoticias.mx"],"url":"https:\/\/masquenoticias.mx\/index.php\/author\/edgartovegmail-com\/"}]}},"jetpack_featured_media_url":"https:\/\/i0.wp.com\/masquenoticias.mx\/wp-content\/uploads\/2025\/11\/c8c283d5-9496-402e-9be6-4c751658f5c0.jpg?fit=1052%2C661&ssl=1","blog_post_layout_featured_media_urls":{"thumbnail":["https:\/\/i0.wp.com\/masquenoticias.mx\/wp-content\/uploads\/2025\/11\/c8c283d5-9496-402e-9be6-4c751658f5c0.jpg?resize=150%2C150&ssl=1",150,150,true],"full":["https:\/\/i0.wp.com\/masquenoticias.mx\/wp-content\/uploads\/2025\/11\/c8c283d5-9496-402e-9be6-4c751658f5c0.jpg?fit=1052%2C661&ssl=1",1052,661,false]},"categories_names":{"24":{"name":"Estado","link":"https:\/\/masquenoticias.mx\/index.php\/category\/estado\/"}},"tags_names":{"195":{"name":"Feria de Colima","link":"https:\/\/masquenoticias.mx\/index.php\/tag\/feria-de-colima\/"}},"comments_number":"0","wpmagazine_modules_lite_featured_media_urls":{"thumbnail":["https:\/\/i0.wp.com\/masquenoticias.mx\/wp-content\/uploads\/2025\/11\/c8c283d5-9496-402e-9be6-4c751658f5c0.jpg?resize=150%2C150&ssl=1",150,150,true],"cvmm-medium":["https:\/\/i0.wp.com\/masquenoticias.mx\/wp-content\/uploads\/2025\/11\/c8c283d5-9496-402e-9be6-4c751658f5c0.jpg?resize=300%2C300&ssl=1",300,300,true],"cvmm-medium-plus":["https:\/\/i0.wp.com\/masquenoticias.mx\/wp-content\/uploads\/2025\/11\/c8c283d5-9496-402e-9be6-4c751658f5c0.jpg?resize=305%2C207&ssl=1",305,207,true],"cvmm-portrait":["https:\/\/i0.wp.com\/masquenoticias.mx\/wp-content\/uploads\/2025\/11\/c8c283d5-9496-402e-9be6-4c751658f5c0.jpg?resize=400%2C600&ssl=1",400,600,true],"cvmm-medium-square":["https:\/\/i0.wp.com\/masquenoticias.mx\/wp-content\/uploads\/2025\/11\/c8c283d5-9496-402e-9be6-4c751658f5c0.jpg?resize=600%2C600&ssl=1",600,600,true],"cvmm-large":["https:\/\/i0.wp.com\/masquenoticias.mx\/wp-content\/uploads\/2025\/11\/c8c283d5-9496-402e-9be6-4c751658f5c0.jpg?resize=1024%2C661&ssl=1",1024,661,true],"cvmm-small":["https:\/\/i0.wp.com\/masquenoticias.mx\/wp-content\/uploads\/2025\/11\/c8c283d5-9496-402e-9be6-4c751658f5c0.jpg?resize=130%2C95&ssl=1",130,95,true],"full":["https:\/\/i0.wp.com\/masquenoticias.mx\/wp-content\/uploads\/2025\/11\/c8c283d5-9496-402e-9be6-4c751658f5c0.jpg?fit=1052%2C661&ssl=1",1052,661,false]},"jetpack-related-posts":[],"jetpack_sharing_enabled":true,"jetpack_likes_enabled":true,"jetpack_shortlink":"https:\/\/wp.me\/pf7pkt-589","_links":{"self":[{"href":"https:\/\/masquenoticias.mx\/index.php\/wp-json\/wp\/v2\/posts\/19725","targetHints":{"allow":["GET"]}}],"collection":[{"href":"https:\/\/masquenoticias.mx\/index.php\/wp-json\/wp\/v2\/posts"}],"about":[{"href":"https:\/\/masquenoticias.mx\/index.php\/wp-json\/wp\/v2\/types\/post"}],"author":[{"embeddable":true,"href":"https:\/\/masquenoticias.mx\/index.php\/wp-json\/wp\/v2\/users\/1"}],"replies":[{"embeddable":true,"href":"https:\/\/masquenoticias.mx\/index.php\/wp-json\/wp\/v2\/comments?post=19725"}],"version-history":[{"count":1,"href":"https:\/\/masquenoticias.mx\/index.php\/wp-json\/wp\/v2\/posts\/19725\/revisions"}],"predecessor-version":[{"id":19726,"href":"https:\/\/masquenoticias.mx\/index.php\/wp-json\/wp\/v2\/posts\/19725\/revisions\/19726"}],"wp:featuredmedia":[{"embeddable":true,"href":"https:\/\/masquenoticias.mx\/index.php\/wp-json\/wp\/v2\/media\/19724"}],"wp:attachment":[{"href":"https:\/\/masquenoticias.mx\/index.php\/wp-json\/wp\/v2\/media?parent=19725"}],"wp:term":[{"taxonomy":"category","embeddable":true,"href":"https:\/\/masquenoticias.mx\/index.php\/wp-json\/wp\/v2\/categories?post=19725"},{"taxonomy":"post_tag","embeddable":true,"href":"https:\/\/masquenoticias.mx\/index.php\/wp-json\/wp\/v2\/tags?post=19725"}],"curies":[{"name":"wp","href":"https:\/\/api.w.org\/{rel}","templated":true}]}}