{"id":19621,"date":"2025-11-06T17:43:46","date_gmt":"2025-11-06T23:43:46","guid":{"rendered":"https:\/\/masquenoticias.mx\/?p=19621"},"modified":"2025-11-06T17:43:46","modified_gmt":"2025-11-06T23:43:46","slug":"salud-colima-trabaja-para-evitar-reintroduccion-del-paludismo-al-estado","status":"publish","type":"post","link":"https:\/\/masquenoticias.mx\/index.php\/2025\/11\/06\/salud-colima-trabaja-para-evitar-reintroduccion-del-paludismo-al-estado\/","title":{"rendered":"Salud Colima trabaja para evitar reintroducci\u00f3n del Paludismo al estado"},"content":{"rendered":"\n<p>La Secretar\u00eda de Salud del Gobierno del Estado de Colima informa que se mantienen las acciones de control y de vigilancia epidemiol\u00f3gica en esta entidad, para evitar la reintroducci\u00f3n del paludismo, cuyos casos aut\u00f3ctonos no se registran desde el 2002; estas acciones son: la limpieza en r\u00edos para la eliminaci\u00f3n de criaderos del mosco Anopheles -trasmisor de la enfermedad-, y la b\u00fasqueda permanente de casos sospechosos que se hace en las diferentes unidades de salud.<\/p>\n\n\n\n<p>En el D\u00eda Mundial contra el Paludismo de las Am\u00e9ricas, la dependencia especific\u00f3 que a trav\u00e9s del Departamento de Vectores se realiza el control del vector, mediante la estrategia de eliminaci\u00f3n y modificaci\u00f3n de h\u00e1bitats y criaderos del mosco en Colima, Manzanillo, Tecom\u00e1n y Villa de \u00c1lvarez.<\/p>\n\n\n\n<p>Asimismo, la Subdirecci\u00f3n de Epidemiolog\u00eda mantiene la vigilancia epidemiol\u00f3gica pasiva en las unidades de primer y segundo nivel en el estado, mediante la toma de gota gruesa para determinar si hay una infecci\u00f3n y la b\u00fasqueda de pacientes sospechosos por medio de las brigadas m\u00f3viles.<\/p>\n\n\n\n<p>Explic\u00f3 que los primeros s\u00edntomas del paludismo o malaria son fiebre, dolor de cabeza y escalofr\u00edos y no se transmite de persona a persona, sino mediante la picadura de mosquitos hembras del g\u00e9nero Anopheles, aun cuando existen otras formas de infecci\u00f3n poco frecuentes, como la transfusi\u00f3n sangu\u00ednea o cong\u00e9nita de una madre infectada a su hijo(a).<\/p>\n\n\n\n<p>De la misma manera, refiri\u00f3 que M\u00e9xico se encuentra dentro del proceso de certificaci\u00f3n como pa\u00eds libre de la transmisi\u00f3n aut\u00f3ctona de paludismo, aunque hay algunas zonas end\u00e9micas con transmisi\u00f3n intensa, ubicadas al sur del pa\u00eds, principalmente en los estados de Chiapas, Campeche, Oaxaca, Quintana Roo y Tabasco.<\/p>\n\n\n\n<p>Por eso, reiter\u00f3 que el paludismo representa todav\u00eda un riesgo a la salud p\u00fablica en determinadas zonas del pa\u00eds, por lo que es necesario identificar plenamente a los insectos vectores y conocer a fondo su ciclo de vida y las estrategias disponibles para su control. #Operaci\u00f3nSaludColima<\/p>\n","protected":false},"excerpt":{"rendered":"<p>La Secretar\u00eda de Salud del Gobierno del Estado de Colima informa que se mantienen las acciones de control y de vigilancia epidemiol\u00f3gica en esta entidad, para evitar la reintroducci\u00f3n del paludismo, cuyos casos aut\u00f3ctonos no se registran desde el 2002; estas acciones son: la limpieza en r\u00edos para la eliminaci\u00f3n de criaderos del mosco Anopheles [&hellip;]<\/p>\n","protected":false},"author":1,"featured_media":19620,"comment_status":"closed","ping_status":"open","sticky":false,"template":"","format":"standard","meta":{"_jetpack_memberships_contains_paid_content":false,"footnotes":""},"categories":[24],"tags":[63],"class_list":["post-19621","post","type-post","status-publish","format-standard","has-post-thumbnail","hentry","category-estado","tag-salud"],"yoast_head":"<!-- This site is optimized with the Yoast SEO plugin v26.6 - https:\/\/yoast.com\/wordpress\/plugins\/seo\/ -->\n<title>Salud Colima trabaja para evitar reintroducci\u00f3n del Paludismo al estado - M\u00e1s Que Noticias<\/title>\n<meta name=\"robots\" content=\"index, follow, max-snippet:-1, max-image-preview:large, max-video-preview:-1\" \/>\n<link rel=\"canonical\" href=\"https:\/\/masquenoticias.mx\/index.php\/2025\/11\/06\/salud-colima-trabaja-para-evitar-reintroduccion-del-paludismo-al-estado\/\" \/>\n<meta property=\"og:locale\" content=\"es_MX\" \/>\n<meta property=\"og:type\" content=\"article\" \/>\n<meta property=\"og:title\" content=\"Salud Colima trabaja para evitar reintroducci\u00f3n del Paludismo al estado - M\u00e1s Que Noticias\" \/>\n<meta property=\"og:description\" content=\"La Secretar\u00eda de Salud del Gobierno del Estado de Colima informa que se mantienen las acciones de control y de vigilancia epidemiol\u00f3gica en esta entidad, para evitar la reintroducci\u00f3n del paludismo, cuyos casos aut\u00f3ctonos no se registran desde el 2002; estas acciones son: la limpieza en r\u00edos para la eliminaci\u00f3n de criaderos del mosco Anopheles [&hellip;]\" \/>\n<meta property=\"og:url\" content=\"https:\/\/masquenoticias.mx\/index.php\/2025\/11\/06\/salud-colima-trabaja-para-evitar-reintroduccion-del-paludismo-al-estado\/\" \/>\n<meta property=\"og:site_name\" content=\"M\u00e1s Que Noticias\" \/>\n<meta property=\"article:publisher\" content=\"https:\/\/www.facebook.com\/masquenoticiascolima\" \/>\n<meta property=\"article:published_time\" content=\"2025-11-06T23:43:46+00:00\" \/>\n<meta property=\"og:image\" content=\"https:\/\/i0.wp.com\/masquenoticias.mx\/wp-content\/uploads\/2025\/11\/09defc6c-25d4-45ee-a642-16fd30926208.jpg?fit=1280%2C853&ssl=1\" \/>\n\t<meta property=\"og:image:width\" content=\"1280\" \/>\n\t<meta property=\"og:image:height\" content=\"853\" \/>\n\t<meta property=\"og:image:type\" content=\"image\/jpeg\" \/>\n<meta name=\"author\" content=\"Redacci\u00f3n\" \/>\n<meta name=\"twitter:card\" content=\"summary_large_image\" \/>\n<meta name=\"twitter:creator\" content=\"@edgartove\" \/>\n<meta name=\"twitter:site\" content=\"@edgartove\" \/>\n<meta name=\"twitter:label1\" content=\"Escrito por\" \/>\n\t<meta name=\"twitter:data1\" content=\"Redacci\u00f3n\" \/>\n\t<meta name=\"twitter:label2\" content=\"Tiempo de lectura\" \/>\n\t<meta name=\"twitter:data2\" content=\"2 minutos\" \/>\n<script type=\"application\/ld+json\" class=\"yoast-schema-graph\">{\"@context\":\"https:\/\/schema.org\",\"@graph\":[{\"@type\":\"Article\",\"@id\":\"https:\/\/masquenoticias.mx\/index.php\/2025\/11\/06\/salud-colima-trabaja-para-evitar-reintroduccion-del-paludismo-al-estado\/#article\",\"isPartOf\":{\"@id\":\"https:\/\/masquenoticias.mx\/index.php\/2025\/11\/06\/salud-colima-trabaja-para-evitar-reintroduccion-del-paludismo-al-estado\/\"},\"author\":{\"name\":\"Redacci\u00f3n\",\"@id\":\"https:\/\/masquenoticias.mx\/#\/schema\/person\/544d19989ef23d34615f691f7a96e622\"},\"headline\":\"Salud Colima trabaja para evitar reintroducci\u00f3n del Paludismo al estado\",\"datePublished\":\"2025-11-06T23:43:46+00:00\",\"mainEntityOfPage\":{\"@id\":\"https:\/\/masquenoticias.mx\/index.php\/2025\/11\/06\/salud-colima-trabaja-para-evitar-reintroduccion-del-paludismo-al-estado\/\"},\"wordCount\":367,\"publisher\":{\"@id\":\"https:\/\/masquenoticias.mx\/#organization\"},\"image\":{\"@id\":\"https:\/\/masquenoticias.mx\/index.php\/2025\/11\/06\/salud-colima-trabaja-para-evitar-reintroduccion-del-paludismo-al-estado\/#primaryimage\"},\"thumbnailUrl\":\"https:\/\/i0.wp.com\/masquenoticias.mx\/wp-content\/uploads\/2025\/11\/09defc6c-25d4-45ee-a642-16fd30926208.jpg?fit=1280%2C853&ssl=1\",\"keywords\":[\"Salud\"],\"articleSection\":[\"Estado\"],\"inLanguage\":\"es\"},{\"@type\":\"WebPage\",\"@id\":\"https:\/\/masquenoticias.mx\/index.php\/2025\/11\/06\/salud-colima-trabaja-para-evitar-reintroduccion-del-paludismo-al-estado\/\",\"url\":\"https:\/\/masquenoticias.mx\/index.php\/2025\/11\/06\/salud-colima-trabaja-para-evitar-reintroduccion-del-paludismo-al-estado\/\",\"name\":\"Salud Colima trabaja para evitar reintroducci\u00f3n del Paludismo al estado - M\u00e1s Que Noticias\",\"isPartOf\":{\"@id\":\"https:\/\/masquenoticias.mx\/#website\"},\"primaryImageOfPage\":{\"@id\":\"https:\/\/masquenoticias.mx\/index.php\/2025\/11\/06\/salud-colima-trabaja-para-evitar-reintroduccion-del-paludismo-al-estado\/#primaryimage\"},\"image\":{\"@id\":\"https:\/\/masquenoticias.mx\/index.php\/2025\/11\/06\/salud-colima-trabaja-para-evitar-reintroduccion-del-paludismo-al-estado\/#primaryimage\"},\"thumbnailUrl\":\"https:\/\/i0.wp.com\/masquenoticias.mx\/wp-content\/uploads\/2025\/11\/09defc6c-25d4-45ee-a642-16fd30926208.jpg?fit=1280%2C853&ssl=1\",\"datePublished\":\"2025-11-06T23:43:46+00:00\",\"breadcrumb\":{\"@id\":\"https:\/\/masquenoticias.mx\/index.php\/2025\/11\/06\/salud-colima-trabaja-para-evitar-reintroduccion-del-paludismo-al-estado\/#breadcrumb\"},\"inLanguage\":\"es\",\"potentialAction\":[{\"@type\":\"ReadAction\",\"target\":[\"https:\/\/masquenoticias.mx\/index.php\/2025\/11\/06\/salud-colima-trabaja-para-evitar-reintroduccion-del-paludismo-al-estado\/\"]}]},{\"@type\":\"ImageObject\",\"inLanguage\":\"es\",\"@id\":\"https:\/\/masquenoticias.mx\/index.php\/2025\/11\/06\/salud-colima-trabaja-para-evitar-reintroduccion-del-paludismo-al-estado\/#primaryimage\",\"url\":\"https:\/\/i0.wp.com\/masquenoticias.mx\/wp-content\/uploads\/2025\/11\/09defc6c-25d4-45ee-a642-16fd30926208.jpg?fit=1280%2C853&ssl=1\",\"contentUrl\":\"https:\/\/i0.wp.com\/masquenoticias.mx\/wp-content\/uploads\/2025\/11\/09defc6c-25d4-45ee-a642-16fd30926208.jpg?fit=1280%2C853&ssl=1\",\"width\":1280,\"height\":853},{\"@type\":\"BreadcrumbList\",\"@id\":\"https:\/\/masquenoticias.mx\/index.php\/2025\/11\/06\/salud-colima-trabaja-para-evitar-reintroduccion-del-paludismo-al-estado\/#breadcrumb\",\"itemListElement\":[{\"@type\":\"ListItem\",\"position\":1,\"name\":\"Inicio\",\"item\":\"https:\/\/masquenoticias.mx\/\"},{\"@type\":\"ListItem\",\"position\":2,\"name\":\"Salud Colima trabaja para evitar reintroducci\u00f3n del Paludismo al estado\"}]},{\"@type\":\"WebSite\",\"@id\":\"https:\/\/masquenoticias.mx\/#website\",\"url\":\"https:\/\/masquenoticias.mx\/\",\"name\":\"M\u00e1s Que Noticias\",\"description\":\"Noticias de Colima, M\u00e9xico y el Mundo\",\"publisher\":{\"@id\":\"https:\/\/masquenoticias.mx\/#organization\"},\"potentialAction\":[{\"@type\":\"SearchAction\",\"target\":{\"@type\":\"EntryPoint\",\"urlTemplate\":\"https:\/\/masquenoticias.mx\/?s={search_term_string}\"},\"query-input\":{\"@type\":\"PropertyValueSpecification\",\"valueRequired\":true,\"valueName\":\"search_term_string\"}}],\"inLanguage\":\"es\"},{\"@type\":\"Organization\",\"@id\":\"https:\/\/masquenoticias.mx\/#organization\",\"name\":\"M\u00e1s Que Noticias\",\"url\":\"https:\/\/masquenoticias.mx\/\",\"logo\":{\"@type\":\"ImageObject\",\"inLanguage\":\"es\",\"@id\":\"https:\/\/masquenoticias.mx\/#\/schema\/logo\/image\/\",\"url\":\"https:\/\/i0.wp.com\/masquenoticias.mx\/wp-content\/uploads\/2024\/04\/IMG_0004.png?fit=2560%2C1656&ssl=1\",\"contentUrl\":\"https:\/\/i0.wp.com\/masquenoticias.mx\/wp-content\/uploads\/2024\/04\/IMG_0004.png?fit=2560%2C1656&ssl=1\",\"width\":2560,\"height\":1656,\"caption\":\"M\u00e1s Que Noticias\"},\"image\":{\"@id\":\"https:\/\/masquenoticias.mx\/#\/schema\/logo\/image\/\"},\"sameAs\":[\"https:\/\/www.facebook.com\/masquenoticiascolima\",\"https:\/\/x.com\/edgartove\",\"https:\/\/www.instagram.com\/masquenoticiascolima\/\"]},{\"@type\":\"Person\",\"@id\":\"https:\/\/masquenoticias.mx\/#\/schema\/person\/544d19989ef23d34615f691f7a96e622\",\"name\":\"Redacci\u00f3n\",\"image\":{\"@type\":\"ImageObject\",\"inLanguage\":\"es\",\"@id\":\"https:\/\/masquenoticias.mx\/#\/schema\/person\/image\/\",\"url\":\"https:\/\/secure.gravatar.com\/avatar\/7fcc926d5b058d3f3d52d95b4d05dd58?s=96&d=mm&r=g\",\"contentUrl\":\"https:\/\/secure.gravatar.com\/avatar\/7fcc926d5b058d3f3d52d95b4d05dd58?s=96&d=mm&r=g\",\"caption\":\"Redacci\u00f3n\"},\"sameAs\":[\"http:\/\/masquenoticias.mx\"],\"url\":\"https:\/\/masquenoticias.mx\/index.php\/author\/edgartovegmail-com\/\"}]}<\/script>\n<!-- \/ Yoast SEO plugin. -->","yoast_head_json":{"title":"Salud Colima trabaja para evitar reintroducci\u00f3n del Paludismo al estado - M\u00e1s Que Noticias","robots":{"index":"index","follow":"follow","max-snippet":"max-snippet:-1","max-image-preview":"max-image-preview:large","max-video-preview":"max-video-preview:-1"},"canonical":"https:\/\/masquenoticias.mx\/index.php\/2025\/11\/06\/salud-colima-trabaja-para-evitar-reintroduccion-del-paludismo-al-estado\/","og_locale":"es_MX","og_type":"article","og_title":"Salud Colima trabaja para evitar reintroducci\u00f3n del Paludismo al estado - M\u00e1s Que Noticias","og_description":"La Secretar\u00eda de Salud del Gobierno del Estado de Colima informa que se mantienen las acciones de control y de vigilancia epidemiol\u00f3gica en esta entidad, para evitar la reintroducci\u00f3n del paludismo, cuyos casos aut\u00f3ctonos no se registran desde el 2002; estas acciones son: la limpieza en r\u00edos para la eliminaci\u00f3n de criaderos del mosco Anopheles [&hellip;]","og_url":"https:\/\/masquenoticias.mx\/index.php\/2025\/11\/06\/salud-colima-trabaja-para-evitar-reintroduccion-del-paludismo-al-estado\/","og_site_name":"M\u00e1s Que Noticias","article_publisher":"https:\/\/www.facebook.com\/masquenoticiascolima","article_published_time":"2025-11-06T23:43:46+00:00","og_image":[{"width":1280,"height":853,"url":"https:\/\/i0.wp.com\/masquenoticias.mx\/wp-content\/uploads\/2025\/11\/09defc6c-25d4-45ee-a642-16fd30926208.jpg?fit=1280%2C853&ssl=1","type":"image\/jpeg"}],"author":"Redacci\u00f3n","twitter_card":"summary_large_image","twitter_creator":"@edgartove","twitter_site":"@edgartove","twitter_misc":{"Escrito por":"Redacci\u00f3n","Tiempo de lectura":"2 minutos"},"schema":{"@context":"https:\/\/schema.org","@graph":[{"@type":"Article","@id":"https:\/\/masquenoticias.mx\/index.php\/2025\/11\/06\/salud-colima-trabaja-para-evitar-reintroduccion-del-paludismo-al-estado\/#article","isPartOf":{"@id":"https:\/\/masquenoticias.mx\/index.php\/2025\/11\/06\/salud-colima-trabaja-para-evitar-reintroduccion-del-paludismo-al-estado\/"},"author":{"name":"Redacci\u00f3n","@id":"https:\/\/masquenoticias.mx\/#\/schema\/person\/544d19989ef23d34615f691f7a96e622"},"headline":"Salud Colima trabaja para evitar reintroducci\u00f3n del Paludismo al estado","datePublished":"2025-11-06T23:43:46+00:00","mainEntityOfPage":{"@id":"https:\/\/masquenoticias.mx\/index.php\/2025\/11\/06\/salud-colima-trabaja-para-evitar-reintroduccion-del-paludismo-al-estado\/"},"wordCount":367,"publisher":{"@id":"https:\/\/masquenoticias.mx\/#organization"},"image":{"@id":"https:\/\/masquenoticias.mx\/index.php\/2025\/11\/06\/salud-colima-trabaja-para-evitar-reintroduccion-del-paludismo-al-estado\/#primaryimage"},"thumbnailUrl":"https:\/\/i0.wp.com\/masquenoticias.mx\/wp-content\/uploads\/2025\/11\/09defc6c-25d4-45ee-a642-16fd30926208.jpg?fit=1280%2C853&ssl=1","keywords":["Salud"],"articleSection":["Estado"],"inLanguage":"es"},{"@type":"WebPage","@id":"https:\/\/masquenoticias.mx\/index.php\/2025\/11\/06\/salud-colima-trabaja-para-evitar-reintroduccion-del-paludismo-al-estado\/","url":"https:\/\/masquenoticias.mx\/index.php\/2025\/11\/06\/salud-colima-trabaja-para-evitar-reintroduccion-del-paludismo-al-estado\/","name":"Salud Colima trabaja para evitar reintroducci\u00f3n del Paludismo al estado - M\u00e1s Que Noticias","isPartOf":{"@id":"https:\/\/masquenoticias.mx\/#website"},"primaryImageOfPage":{"@id":"https:\/\/masquenoticias.mx\/index.php\/2025\/11\/06\/salud-colima-trabaja-para-evitar-reintroduccion-del-paludismo-al-estado\/#primaryimage"},"image":{"@id":"https:\/\/masquenoticias.mx\/index.php\/2025\/11\/06\/salud-colima-trabaja-para-evitar-reintroduccion-del-paludismo-al-estado\/#primaryimage"},"thumbnailUrl":"https:\/\/i0.wp.com\/masquenoticias.mx\/wp-content\/uploads\/2025\/11\/09defc6c-25d4-45ee-a642-16fd30926208.jpg?fit=1280%2C853&ssl=1","datePublished":"2025-11-06T23:43:46+00:00","breadcrumb":{"@id":"https:\/\/masquenoticias.mx\/index.php\/2025\/11\/06\/salud-colima-trabaja-para-evitar-reintroduccion-del-paludismo-al-estado\/#breadcrumb"},"inLanguage":"es","potentialAction":[{"@type":"ReadAction","target":["https:\/\/masquenoticias.mx\/index.php\/2025\/11\/06\/salud-colima-trabaja-para-evitar-reintroduccion-del-paludismo-al-estado\/"]}]},{"@type":"ImageObject","inLanguage":"es","@id":"https:\/\/masquenoticias.mx\/index.php\/2025\/11\/06\/salud-colima-trabaja-para-evitar-reintroduccion-del-paludismo-al-estado\/#primaryimage","url":"https:\/\/i0.wp.com\/masquenoticias.mx\/wp-content\/uploads\/2025\/11\/09defc6c-25d4-45ee-a642-16fd30926208.jpg?fit=1280%2C853&ssl=1","contentUrl":"https:\/\/i0.wp.com\/masquenoticias.mx\/wp-content\/uploads\/2025\/11\/09defc6c-25d4-45ee-a642-16fd30926208.jpg?fit=1280%2C853&ssl=1","width":1280,"height":853},{"@type":"BreadcrumbList","@id":"https:\/\/masquenoticias.mx\/index.php\/2025\/11\/06\/salud-colima-trabaja-para-evitar-reintroduccion-del-paludismo-al-estado\/#breadcrumb","itemListElement":[{"@type":"ListItem","position":1,"name":"Inicio","item":"https:\/\/masquenoticias.mx\/"},{"@type":"ListItem","position":2,"name":"Salud Colima trabaja para evitar reintroducci\u00f3n del Paludismo al estado"}]},{"@type":"WebSite","@id":"https:\/\/masquenoticias.mx\/#website","url":"https:\/\/masquenoticias.mx\/","name":"M\u00e1s Que Noticias","description":"Noticias de Colima, M\u00e9xico y el Mundo","publisher":{"@id":"https:\/\/masquenoticias.mx\/#organization"},"potentialAction":[{"@type":"SearchAction","target":{"@type":"EntryPoint","urlTemplate":"https:\/\/masquenoticias.mx\/?s={search_term_string}"},"query-input":{"@type":"PropertyValueSpecification","valueRequired":true,"valueName":"search_term_string"}}],"inLanguage":"es"},{"@type":"Organization","@id":"https:\/\/masquenoticias.mx\/#organization","name":"M\u00e1s Que Noticias","url":"https:\/\/masquenoticias.mx\/","logo":{"@type":"ImageObject","inLanguage":"es","@id":"https:\/\/masquenoticias.mx\/#\/schema\/logo\/image\/","url":"https:\/\/i0.wp.com\/masquenoticias.mx\/wp-content\/uploads\/2024\/04\/IMG_0004.png?fit=2560%2C1656&ssl=1","contentUrl":"https:\/\/i0.wp.com\/masquenoticias.mx\/wp-content\/uploads\/2024\/04\/IMG_0004.png?fit=2560%2C1656&ssl=1","width":2560,"height":1656,"caption":"M\u00e1s Que Noticias"},"image":{"@id":"https:\/\/masquenoticias.mx\/#\/schema\/logo\/image\/"},"sameAs":["https:\/\/www.facebook.com\/masquenoticiascolima","https:\/\/x.com\/edgartove","https:\/\/www.instagram.com\/masquenoticiascolima\/"]},{"@type":"Person","@id":"https:\/\/masquenoticias.mx\/#\/schema\/person\/544d19989ef23d34615f691f7a96e622","name":"Redacci\u00f3n","image":{"@type":"ImageObject","inLanguage":"es","@id":"https:\/\/masquenoticias.mx\/#\/schema\/person\/image\/","url":"https:\/\/secure.gravatar.com\/avatar\/7fcc926d5b058d3f3d52d95b4d05dd58?s=96&d=mm&r=g","contentUrl":"https:\/\/secure.gravatar.com\/avatar\/7fcc926d5b058d3f3d52d95b4d05dd58?s=96&d=mm&r=g","caption":"Redacci\u00f3n"},"sameAs":["http:\/\/masquenoticias.mx"],"url":"https:\/\/masquenoticias.mx\/index.php\/author\/edgartovegmail-com\/"}]}},"jetpack_featured_media_url":"https:\/\/i0.wp.com\/masquenoticias.mx\/wp-content\/uploads\/2025\/11\/09defc6c-25d4-45ee-a642-16fd30926208.jpg?fit=1280%2C853&ssl=1","blog_post_layout_featured_media_urls":{"thumbnail":["https:\/\/i0.wp.com\/masquenoticias.mx\/wp-content\/uploads\/2025\/11\/09defc6c-25d4-45ee-a642-16fd30926208.jpg?resize=150%2C150&ssl=1",150,150,true],"full":["https:\/\/i0.wp.com\/masquenoticias.mx\/wp-content\/uploads\/2025\/11\/09defc6c-25d4-45ee-a642-16fd30926208.jpg?fit=1280%2C853&ssl=1",1280,853,false]},"categories_names":{"24":{"name":"Estado","link":"https:\/\/masquenoticias.mx\/index.php\/category\/estado\/"}},"tags_names":{"63":{"name":"Salud","link":"https:\/\/masquenoticias.mx\/index.php\/tag\/salud\/"}},"comments_number":"0","wpmagazine_modules_lite_featured_media_urls":{"thumbnail":["https:\/\/i0.wp.com\/masquenoticias.mx\/wp-content\/uploads\/2025\/11\/09defc6c-25d4-45ee-a642-16fd30926208.jpg?resize=150%2C150&ssl=1",150,150,true],"cvmm-medium":["https:\/\/i0.wp.com\/masquenoticias.mx\/wp-content\/uploads\/2025\/11\/09defc6c-25d4-45ee-a642-16fd30926208.jpg?resize=300%2C300&ssl=1",300,300,true],"cvmm-medium-plus":["https:\/\/i0.wp.com\/masquenoticias.mx\/wp-content\/uploads\/2025\/11\/09defc6c-25d4-45ee-a642-16fd30926208.jpg?resize=305%2C207&ssl=1",305,207,true],"cvmm-portrait":["https:\/\/i0.wp.com\/masquenoticias.mx\/wp-content\/uploads\/2025\/11\/09defc6c-25d4-45ee-a642-16fd30926208.jpg?resize=400%2C600&ssl=1",400,600,true],"cvmm-medium-square":["https:\/\/i0.wp.com\/masquenoticias.mx\/wp-content\/uploads\/2025\/11\/09defc6c-25d4-45ee-a642-16fd30926208.jpg?resize=600%2C600&ssl=1",600,600,true],"cvmm-large":["https:\/\/i0.wp.com\/masquenoticias.mx\/wp-content\/uploads\/2025\/11\/09defc6c-25d4-45ee-a642-16fd30926208.jpg?resize=1024%2C853&ssl=1",1024,853,true],"cvmm-small":["https:\/\/i0.wp.com\/masquenoticias.mx\/wp-content\/uploads\/2025\/11\/09defc6c-25d4-45ee-a642-16fd30926208.jpg?resize=130%2C95&ssl=1",130,95,true],"full":["https:\/\/i0.wp.com\/masquenoticias.mx\/wp-content\/uploads\/2025\/11\/09defc6c-25d4-45ee-a642-16fd30926208.jpg?fit=1280%2C853&ssl=1",1280,853,false]},"jetpack-related-posts":[],"jetpack_sharing_enabled":true,"jetpack_likes_enabled":true,"jetpack_shortlink":"https:\/\/wp.me\/pf7pkt-56t","_links":{"self":[{"href":"https:\/\/masquenoticias.mx\/index.php\/wp-json\/wp\/v2\/posts\/19621","targetHints":{"allow":["GET"]}}],"collection":[{"href":"https:\/\/masquenoticias.mx\/index.php\/wp-json\/wp\/v2\/posts"}],"about":[{"href":"https:\/\/masquenoticias.mx\/index.php\/wp-json\/wp\/v2\/types\/post"}],"author":[{"embeddable":true,"href":"https:\/\/masquenoticias.mx\/index.php\/wp-json\/wp\/v2\/users\/1"}],"replies":[{"embeddable":true,"href":"https:\/\/masquenoticias.mx\/index.php\/wp-json\/wp\/v2\/comments?post=19621"}],"version-history":[{"count":1,"href":"https:\/\/masquenoticias.mx\/index.php\/wp-json\/wp\/v2\/posts\/19621\/revisions"}],"predecessor-version":[{"id":19622,"href":"https:\/\/masquenoticias.mx\/index.php\/wp-json\/wp\/v2\/posts\/19621\/revisions\/19622"}],"wp:featuredmedia":[{"embeddable":true,"href":"https:\/\/masquenoticias.mx\/index.php\/wp-json\/wp\/v2\/media\/19620"}],"wp:attachment":[{"href":"https:\/\/masquenoticias.mx\/index.php\/wp-json\/wp\/v2\/media?parent=19621"}],"wp:term":[{"taxonomy":"category","embeddable":true,"href":"https:\/\/masquenoticias.mx\/index.php\/wp-json\/wp\/v2\/categories?post=19621"},{"taxonomy":"post_tag","embeddable":true,"href":"https:\/\/masquenoticias.mx\/index.php\/wp-json\/wp\/v2\/tags?post=19621"}],"curies":[{"name":"wp","href":"https:\/\/api.w.org\/{rel}","templated":true}]}}