{"id":19618,"date":"2025-11-06T17:42:39","date_gmt":"2025-11-06T23:42:39","guid":{"rendered":"https:\/\/masquenoticias.mx\/?p=19618"},"modified":"2025-11-06T17:42:39","modified_gmt":"2025-11-06T23:42:39","slug":"gobierno-del-estado-brinda-capacitacion-gratuita-en-costura-y-bordado-para-autoempleo-de-mujeres-colimenses","status":"publish","type":"post","link":"https:\/\/masquenoticias.mx\/index.php\/2025\/11\/06\/gobierno-del-estado-brinda-capacitacion-gratuita-en-costura-y-bordado-para-autoempleo-de-mujeres-colimenses\/","title":{"rendered":"Gobierno del Estado brinda capacitaci\u00f3n gratuita en costura y bordado para autoempleo de mujeres colimenses"},"content":{"rendered":"\n<p>Veinte mujeres de la colonia La Virgencita convirtieron sus habilidades en oportunidades reales de autoempleo, gracias al curso gratuito de costura y bordado, impartido por la Subsecretar\u00eda del Trabajo del Gobierno del Estado de Colima, en coordinaci\u00f3n con el Servicio Nacional de Empleo (SNE) y el DIF Estatal.<\/p>\n\n\n\n<p>La capacitaci\u00f3n, realizada en el Centro de Desarrollo Comunitario \u2018La Virgencita\u2019 como parte del Subprograma de Capacitaci\u00f3n Laboral, permiti\u00f3 a las participantes adquirir t\u00e9cnicas pr\u00e1cticas para fortalecer su empleabilidad y desarrollar proyectos propios, que abarcan desde la confecci\u00f3n de prendas hasta la elaboraci\u00f3n de accesorios personalizados. Este proceso impulsa su autonom\u00eda econ\u00f3mica y tambi\u00e9n contribuye al dinamismo de la econom\u00eda local.<\/p>\n\n\n\n<p>Durante la clausura, la subsecretaria del Trabajo y titular del SNE Colima, Delia Ludivina Olmos D\u00edaz, afirm\u00f3 que estas acciones brindan las herramientas necesarias para emprender y transformar el talento en proyectos productivos que benefician a las comunidades; \u201cnuestro prop\u00f3sito es que cada persona cuente con las capacidades para avanzar, generar ingresos propios y alcanzar su bienestar\u201d, expres\u00f3.<\/p>\n\n\n\n<p>La funcionaria estatal reconoci\u00f3 el apoyo de la gobernadora Indira Vizca\u00edno Silva, cuyo compromiso ha sido determinante para consolidar programas que promueven la inclusi\u00f3n laboral y el desarrollo econ\u00f3mico en el estado.<\/p>\n\n\n\n<p>El coordinador del Voluntariado del DIF Estatal Colima, Julio C\u00e9sar Guti\u00e9rrez Alcaraz, destac\u00f3 que la sinergia entre instituciones permitir\u00e1 seguir impulsando iniciativas que fortalezcan las capacidades de la poblaci\u00f3n y respondan a las demandas del mercado laboral.<\/p>\n\n\n\n<p>La instructora del curso, Bernandina Hidalgo Comonford, celebr\u00f3 los resultados y elogi\u00f3 el compromiso de las participantes. Asegur\u00f3 que cada una demostr\u00f3 dedicaci\u00f3n, creatividad y voluntad de superaci\u00f3n, cualidades que dan sentido al programa. \u201cVer c\u00f3mo conf\u00edan en sus capacidades y comienzan a generar ingresos propios es la mayor recompensa\u201d, concluy\u00f3.<\/p>\n","protected":false},"excerpt":{"rendered":"<p>Veinte mujeres de la colonia La Virgencita convirtieron sus habilidades en oportunidades reales de autoempleo, gracias al curso gratuito de costura y bordado, impartido por la Subsecretar\u00eda del Trabajo del Gobierno del Estado de Colima, en coordinaci\u00f3n con el Servicio Nacional de Empleo (SNE) y el DIF Estatal. La capacitaci\u00f3n, realizada en el Centro de [&hellip;]<\/p>\n","protected":false},"author":1,"featured_media":19617,"comment_status":"closed","ping_status":"open","sticky":false,"template":"","format":"standard","meta":{"_jetpack_memberships_contains_paid_content":false,"footnotes":""},"categories":[24],"tags":[136],"class_list":["post-19618","post","type-post","status-publish","format-standard","has-post-thumbnail","hentry","category-estado","tag-trabajo"],"yoast_head":"<!-- This site is optimized with the Yoast SEO plugin v26.6 - https:\/\/yoast.com\/wordpress\/plugins\/seo\/ -->\n<title>Gobierno del Estado brinda capacitaci\u00f3n gratuita en costura y bordado para autoempleo de mujeres colimenses - M\u00e1s Que Noticias<\/title>\n<meta name=\"robots\" content=\"index, follow, max-snippet:-1, max-image-preview:large, max-video-preview:-1\" \/>\n<link rel=\"canonical\" href=\"https:\/\/masquenoticias.mx\/index.php\/2025\/11\/06\/gobierno-del-estado-brinda-capacitacion-gratuita-en-costura-y-bordado-para-autoempleo-de-mujeres-colimenses\/\" \/>\n<meta property=\"og:locale\" content=\"es_MX\" \/>\n<meta property=\"og:type\" content=\"article\" \/>\n<meta property=\"og:title\" content=\"Gobierno del Estado brinda capacitaci\u00f3n gratuita en costura y bordado para autoempleo de mujeres colimenses - M\u00e1s Que Noticias\" \/>\n<meta property=\"og:description\" content=\"Veinte mujeres de la colonia La Virgencita convirtieron sus habilidades en oportunidades reales de autoempleo, gracias al curso gratuito de costura y bordado, impartido por la Subsecretar\u00eda del Trabajo del Gobierno del Estado de Colima, en coordinaci\u00f3n con el Servicio Nacional de Empleo (SNE) y el DIF Estatal. La capacitaci\u00f3n, realizada en el Centro de [&hellip;]\" \/>\n<meta property=\"og:url\" content=\"https:\/\/masquenoticias.mx\/index.php\/2025\/11\/06\/gobierno-del-estado-brinda-capacitacion-gratuita-en-costura-y-bordado-para-autoempleo-de-mujeres-colimenses\/\" \/>\n<meta property=\"og:site_name\" content=\"M\u00e1s Que Noticias\" \/>\n<meta property=\"article:publisher\" content=\"https:\/\/www.facebook.com\/masquenoticiascolima\" \/>\n<meta property=\"article:published_time\" content=\"2025-11-06T23:42:39+00:00\" \/>\n<meta property=\"og:image\" content=\"https:\/\/i0.wp.com\/masquenoticias.mx\/wp-content\/uploads\/2025\/11\/eecc95aa-df6e-40dc-a954-510adb3720b8.jpg?fit=1280%2C960&ssl=1\" \/>\n\t<meta property=\"og:image:width\" content=\"1280\" \/>\n\t<meta property=\"og:image:height\" content=\"960\" \/>\n\t<meta property=\"og:image:type\" content=\"image\/jpeg\" \/>\n<meta name=\"author\" content=\"Redacci\u00f3n\" \/>\n<meta name=\"twitter:card\" content=\"summary_large_image\" \/>\n<meta name=\"twitter:creator\" content=\"@edgartove\" \/>\n<meta name=\"twitter:site\" content=\"@edgartove\" \/>\n<meta name=\"twitter:label1\" content=\"Escrito por\" \/>\n\t<meta name=\"twitter:data1\" content=\"Redacci\u00f3n\" \/>\n\t<meta name=\"twitter:label2\" content=\"Tiempo de lectura\" \/>\n\t<meta name=\"twitter:data2\" content=\"2 minutos\" \/>\n<script type=\"application\/ld+json\" class=\"yoast-schema-graph\">{\"@context\":\"https:\/\/schema.org\",\"@graph\":[{\"@type\":\"Article\",\"@id\":\"https:\/\/masquenoticias.mx\/index.php\/2025\/11\/06\/gobierno-del-estado-brinda-capacitacion-gratuita-en-costura-y-bordado-para-autoempleo-de-mujeres-colimenses\/#article\",\"isPartOf\":{\"@id\":\"https:\/\/masquenoticias.mx\/index.php\/2025\/11\/06\/gobierno-del-estado-brinda-capacitacion-gratuita-en-costura-y-bordado-para-autoempleo-de-mujeres-colimenses\/\"},\"author\":{\"name\":\"Redacci\u00f3n\",\"@id\":\"https:\/\/masquenoticias.mx\/#\/schema\/person\/544d19989ef23d34615f691f7a96e622\"},\"headline\":\"Gobierno del Estado brinda capacitaci\u00f3n gratuita en costura y bordado para autoempleo de mujeres colimenses\",\"datePublished\":\"2025-11-06T23:42:39+00:00\",\"mainEntityOfPage\":{\"@id\":\"https:\/\/masquenoticias.mx\/index.php\/2025\/11\/06\/gobierno-del-estado-brinda-capacitacion-gratuita-en-costura-y-bordado-para-autoempleo-de-mujeres-colimenses\/\"},\"wordCount\":327,\"publisher\":{\"@id\":\"https:\/\/masquenoticias.mx\/#organization\"},\"image\":{\"@id\":\"https:\/\/masquenoticias.mx\/index.php\/2025\/11\/06\/gobierno-del-estado-brinda-capacitacion-gratuita-en-costura-y-bordado-para-autoempleo-de-mujeres-colimenses\/#primaryimage\"},\"thumbnailUrl\":\"https:\/\/i0.wp.com\/masquenoticias.mx\/wp-content\/uploads\/2025\/11\/eecc95aa-df6e-40dc-a954-510adb3720b8.jpg?fit=1280%2C960&ssl=1\",\"keywords\":[\"Trabajo\"],\"articleSection\":[\"Estado\"],\"inLanguage\":\"es\"},{\"@type\":\"WebPage\",\"@id\":\"https:\/\/masquenoticias.mx\/index.php\/2025\/11\/06\/gobierno-del-estado-brinda-capacitacion-gratuita-en-costura-y-bordado-para-autoempleo-de-mujeres-colimenses\/\",\"url\":\"https:\/\/masquenoticias.mx\/index.php\/2025\/11\/06\/gobierno-del-estado-brinda-capacitacion-gratuita-en-costura-y-bordado-para-autoempleo-de-mujeres-colimenses\/\",\"name\":\"Gobierno del Estado brinda capacitaci\u00f3n gratuita en costura y bordado para autoempleo de mujeres colimenses - M\u00e1s Que Noticias\",\"isPartOf\":{\"@id\":\"https:\/\/masquenoticias.mx\/#website\"},\"primaryImageOfPage\":{\"@id\":\"https:\/\/masquenoticias.mx\/index.php\/2025\/11\/06\/gobierno-del-estado-brinda-capacitacion-gratuita-en-costura-y-bordado-para-autoempleo-de-mujeres-colimenses\/#primaryimage\"},\"image\":{\"@id\":\"https:\/\/masquenoticias.mx\/index.php\/2025\/11\/06\/gobierno-del-estado-brinda-capacitacion-gratuita-en-costura-y-bordado-para-autoempleo-de-mujeres-colimenses\/#primaryimage\"},\"thumbnailUrl\":\"https:\/\/i0.wp.com\/masquenoticias.mx\/wp-content\/uploads\/2025\/11\/eecc95aa-df6e-40dc-a954-510adb3720b8.jpg?fit=1280%2C960&ssl=1\",\"datePublished\":\"2025-11-06T23:42:39+00:00\",\"breadcrumb\":{\"@id\":\"https:\/\/masquenoticias.mx\/index.php\/2025\/11\/06\/gobierno-del-estado-brinda-capacitacion-gratuita-en-costura-y-bordado-para-autoempleo-de-mujeres-colimenses\/#breadcrumb\"},\"inLanguage\":\"es\",\"potentialAction\":[{\"@type\":\"ReadAction\",\"target\":[\"https:\/\/masquenoticias.mx\/index.php\/2025\/11\/06\/gobierno-del-estado-brinda-capacitacion-gratuita-en-costura-y-bordado-para-autoempleo-de-mujeres-colimenses\/\"]}]},{\"@type\":\"ImageObject\",\"inLanguage\":\"es\",\"@id\":\"https:\/\/masquenoticias.mx\/index.php\/2025\/11\/06\/gobierno-del-estado-brinda-capacitacion-gratuita-en-costura-y-bordado-para-autoempleo-de-mujeres-colimenses\/#primaryimage\",\"url\":\"https:\/\/i0.wp.com\/masquenoticias.mx\/wp-content\/uploads\/2025\/11\/eecc95aa-df6e-40dc-a954-510adb3720b8.jpg?fit=1280%2C960&ssl=1\",\"contentUrl\":\"https:\/\/i0.wp.com\/masquenoticias.mx\/wp-content\/uploads\/2025\/11\/eecc95aa-df6e-40dc-a954-510adb3720b8.jpg?fit=1280%2C960&ssl=1\",\"width\":1280,\"height\":960},{\"@type\":\"BreadcrumbList\",\"@id\":\"https:\/\/masquenoticias.mx\/index.php\/2025\/11\/06\/gobierno-del-estado-brinda-capacitacion-gratuita-en-costura-y-bordado-para-autoempleo-de-mujeres-colimenses\/#breadcrumb\",\"itemListElement\":[{\"@type\":\"ListItem\",\"position\":1,\"name\":\"Inicio\",\"item\":\"https:\/\/masquenoticias.mx\/\"},{\"@type\":\"ListItem\",\"position\":2,\"name\":\"Gobierno del Estado brinda capacitaci\u00f3n gratuita en costura y bordado para autoempleo de mujeres colimenses\"}]},{\"@type\":\"WebSite\",\"@id\":\"https:\/\/masquenoticias.mx\/#website\",\"url\":\"https:\/\/masquenoticias.mx\/\",\"name\":\"M\u00e1s Que Noticias\",\"description\":\"Noticias de Colima, M\u00e9xico y el Mundo\",\"publisher\":{\"@id\":\"https:\/\/masquenoticias.mx\/#organization\"},\"potentialAction\":[{\"@type\":\"SearchAction\",\"target\":{\"@type\":\"EntryPoint\",\"urlTemplate\":\"https:\/\/masquenoticias.mx\/?s={search_term_string}\"},\"query-input\":{\"@type\":\"PropertyValueSpecification\",\"valueRequired\":true,\"valueName\":\"search_term_string\"}}],\"inLanguage\":\"es\"},{\"@type\":\"Organization\",\"@id\":\"https:\/\/masquenoticias.mx\/#organization\",\"name\":\"M\u00e1s Que Noticias\",\"url\":\"https:\/\/masquenoticias.mx\/\",\"logo\":{\"@type\":\"ImageObject\",\"inLanguage\":\"es\",\"@id\":\"https:\/\/masquenoticias.mx\/#\/schema\/logo\/image\/\",\"url\":\"https:\/\/i0.wp.com\/masquenoticias.mx\/wp-content\/uploads\/2024\/04\/IMG_0004.png?fit=2560%2C1656&ssl=1\",\"contentUrl\":\"https:\/\/i0.wp.com\/masquenoticias.mx\/wp-content\/uploads\/2024\/04\/IMG_0004.png?fit=2560%2C1656&ssl=1\",\"width\":2560,\"height\":1656,\"caption\":\"M\u00e1s Que Noticias\"},\"image\":{\"@id\":\"https:\/\/masquenoticias.mx\/#\/schema\/logo\/image\/\"},\"sameAs\":[\"https:\/\/www.facebook.com\/masquenoticiascolima\",\"https:\/\/x.com\/edgartove\",\"https:\/\/www.instagram.com\/masquenoticiascolima\/\"]},{\"@type\":\"Person\",\"@id\":\"https:\/\/masquenoticias.mx\/#\/schema\/person\/544d19989ef23d34615f691f7a96e622\",\"name\":\"Redacci\u00f3n\",\"image\":{\"@type\":\"ImageObject\",\"inLanguage\":\"es\",\"@id\":\"https:\/\/masquenoticias.mx\/#\/schema\/person\/image\/\",\"url\":\"https:\/\/secure.gravatar.com\/avatar\/7fcc926d5b058d3f3d52d95b4d05dd58?s=96&d=mm&r=g\",\"contentUrl\":\"https:\/\/secure.gravatar.com\/avatar\/7fcc926d5b058d3f3d52d95b4d05dd58?s=96&d=mm&r=g\",\"caption\":\"Redacci\u00f3n\"},\"sameAs\":[\"http:\/\/masquenoticias.mx\"],\"url\":\"https:\/\/masquenoticias.mx\/index.php\/author\/edgartovegmail-com\/\"}]}<\/script>\n<!-- \/ Yoast SEO plugin. -->","yoast_head_json":{"title":"Gobierno del Estado brinda capacitaci\u00f3n gratuita en costura y bordado para autoempleo de mujeres colimenses - M\u00e1s Que Noticias","robots":{"index":"index","follow":"follow","max-snippet":"max-snippet:-1","max-image-preview":"max-image-preview:large","max-video-preview":"max-video-preview:-1"},"canonical":"https:\/\/masquenoticias.mx\/index.php\/2025\/11\/06\/gobierno-del-estado-brinda-capacitacion-gratuita-en-costura-y-bordado-para-autoempleo-de-mujeres-colimenses\/","og_locale":"es_MX","og_type":"article","og_title":"Gobierno del Estado brinda capacitaci\u00f3n gratuita en costura y bordado para autoempleo de mujeres colimenses - M\u00e1s Que Noticias","og_description":"Veinte mujeres de la colonia La Virgencita convirtieron sus habilidades en oportunidades reales de autoempleo, gracias al curso gratuito de costura y bordado, impartido por la Subsecretar\u00eda del Trabajo del Gobierno del Estado de Colima, en coordinaci\u00f3n con el Servicio Nacional de Empleo (SNE) y el DIF Estatal. La capacitaci\u00f3n, realizada en el Centro de [&hellip;]","og_url":"https:\/\/masquenoticias.mx\/index.php\/2025\/11\/06\/gobierno-del-estado-brinda-capacitacion-gratuita-en-costura-y-bordado-para-autoempleo-de-mujeres-colimenses\/","og_site_name":"M\u00e1s Que Noticias","article_publisher":"https:\/\/www.facebook.com\/masquenoticiascolima","article_published_time":"2025-11-06T23:42:39+00:00","og_image":[{"width":1280,"height":960,"url":"https:\/\/i0.wp.com\/masquenoticias.mx\/wp-content\/uploads\/2025\/11\/eecc95aa-df6e-40dc-a954-510adb3720b8.jpg?fit=1280%2C960&ssl=1","type":"image\/jpeg"}],"author":"Redacci\u00f3n","twitter_card":"summary_large_image","twitter_creator":"@edgartove","twitter_site":"@edgartove","twitter_misc":{"Escrito por":"Redacci\u00f3n","Tiempo de lectura":"2 minutos"},"schema":{"@context":"https:\/\/schema.org","@graph":[{"@type":"Article","@id":"https:\/\/masquenoticias.mx\/index.php\/2025\/11\/06\/gobierno-del-estado-brinda-capacitacion-gratuita-en-costura-y-bordado-para-autoempleo-de-mujeres-colimenses\/#article","isPartOf":{"@id":"https:\/\/masquenoticias.mx\/index.php\/2025\/11\/06\/gobierno-del-estado-brinda-capacitacion-gratuita-en-costura-y-bordado-para-autoempleo-de-mujeres-colimenses\/"},"author":{"name":"Redacci\u00f3n","@id":"https:\/\/masquenoticias.mx\/#\/schema\/person\/544d19989ef23d34615f691f7a96e622"},"headline":"Gobierno del Estado brinda capacitaci\u00f3n gratuita en costura y bordado para autoempleo de mujeres colimenses","datePublished":"2025-11-06T23:42:39+00:00","mainEntityOfPage":{"@id":"https:\/\/masquenoticias.mx\/index.php\/2025\/11\/06\/gobierno-del-estado-brinda-capacitacion-gratuita-en-costura-y-bordado-para-autoempleo-de-mujeres-colimenses\/"},"wordCount":327,"publisher":{"@id":"https:\/\/masquenoticias.mx\/#organization"},"image":{"@id":"https:\/\/masquenoticias.mx\/index.php\/2025\/11\/06\/gobierno-del-estado-brinda-capacitacion-gratuita-en-costura-y-bordado-para-autoempleo-de-mujeres-colimenses\/#primaryimage"},"thumbnailUrl":"https:\/\/i0.wp.com\/masquenoticias.mx\/wp-content\/uploads\/2025\/11\/eecc95aa-df6e-40dc-a954-510adb3720b8.jpg?fit=1280%2C960&ssl=1","keywords":["Trabajo"],"articleSection":["Estado"],"inLanguage":"es"},{"@type":"WebPage","@id":"https:\/\/masquenoticias.mx\/index.php\/2025\/11\/06\/gobierno-del-estado-brinda-capacitacion-gratuita-en-costura-y-bordado-para-autoempleo-de-mujeres-colimenses\/","url":"https:\/\/masquenoticias.mx\/index.php\/2025\/11\/06\/gobierno-del-estado-brinda-capacitacion-gratuita-en-costura-y-bordado-para-autoempleo-de-mujeres-colimenses\/","name":"Gobierno del Estado brinda capacitaci\u00f3n gratuita en costura y bordado para autoempleo de mujeres colimenses - M\u00e1s Que Noticias","isPartOf":{"@id":"https:\/\/masquenoticias.mx\/#website"},"primaryImageOfPage":{"@id":"https:\/\/masquenoticias.mx\/index.php\/2025\/11\/06\/gobierno-del-estado-brinda-capacitacion-gratuita-en-costura-y-bordado-para-autoempleo-de-mujeres-colimenses\/#primaryimage"},"image":{"@id":"https:\/\/masquenoticias.mx\/index.php\/2025\/11\/06\/gobierno-del-estado-brinda-capacitacion-gratuita-en-costura-y-bordado-para-autoempleo-de-mujeres-colimenses\/#primaryimage"},"thumbnailUrl":"https:\/\/i0.wp.com\/masquenoticias.mx\/wp-content\/uploads\/2025\/11\/eecc95aa-df6e-40dc-a954-510adb3720b8.jpg?fit=1280%2C960&ssl=1","datePublished":"2025-11-06T23:42:39+00:00","breadcrumb":{"@id":"https:\/\/masquenoticias.mx\/index.php\/2025\/11\/06\/gobierno-del-estado-brinda-capacitacion-gratuita-en-costura-y-bordado-para-autoempleo-de-mujeres-colimenses\/#breadcrumb"},"inLanguage":"es","potentialAction":[{"@type":"ReadAction","target":["https:\/\/masquenoticias.mx\/index.php\/2025\/11\/06\/gobierno-del-estado-brinda-capacitacion-gratuita-en-costura-y-bordado-para-autoempleo-de-mujeres-colimenses\/"]}]},{"@type":"ImageObject","inLanguage":"es","@id":"https:\/\/masquenoticias.mx\/index.php\/2025\/11\/06\/gobierno-del-estado-brinda-capacitacion-gratuita-en-costura-y-bordado-para-autoempleo-de-mujeres-colimenses\/#primaryimage","url":"https:\/\/i0.wp.com\/masquenoticias.mx\/wp-content\/uploads\/2025\/11\/eecc95aa-df6e-40dc-a954-510adb3720b8.jpg?fit=1280%2C960&ssl=1","contentUrl":"https:\/\/i0.wp.com\/masquenoticias.mx\/wp-content\/uploads\/2025\/11\/eecc95aa-df6e-40dc-a954-510adb3720b8.jpg?fit=1280%2C960&ssl=1","width":1280,"height":960},{"@type":"BreadcrumbList","@id":"https:\/\/masquenoticias.mx\/index.php\/2025\/11\/06\/gobierno-del-estado-brinda-capacitacion-gratuita-en-costura-y-bordado-para-autoempleo-de-mujeres-colimenses\/#breadcrumb","itemListElement":[{"@type":"ListItem","position":1,"name":"Inicio","item":"https:\/\/masquenoticias.mx\/"},{"@type":"ListItem","position":2,"name":"Gobierno del Estado brinda capacitaci\u00f3n gratuita en costura y bordado para autoempleo de mujeres colimenses"}]},{"@type":"WebSite","@id":"https:\/\/masquenoticias.mx\/#website","url":"https:\/\/masquenoticias.mx\/","name":"M\u00e1s Que Noticias","description":"Noticias de Colima, M\u00e9xico y el Mundo","publisher":{"@id":"https:\/\/masquenoticias.mx\/#organization"},"potentialAction":[{"@type":"SearchAction","target":{"@type":"EntryPoint","urlTemplate":"https:\/\/masquenoticias.mx\/?s={search_term_string}"},"query-input":{"@type":"PropertyValueSpecification","valueRequired":true,"valueName":"search_term_string"}}],"inLanguage":"es"},{"@type":"Organization","@id":"https:\/\/masquenoticias.mx\/#organization","name":"M\u00e1s Que Noticias","url":"https:\/\/masquenoticias.mx\/","logo":{"@type":"ImageObject","inLanguage":"es","@id":"https:\/\/masquenoticias.mx\/#\/schema\/logo\/image\/","url":"https:\/\/i0.wp.com\/masquenoticias.mx\/wp-content\/uploads\/2024\/04\/IMG_0004.png?fit=2560%2C1656&ssl=1","contentUrl":"https:\/\/i0.wp.com\/masquenoticias.mx\/wp-content\/uploads\/2024\/04\/IMG_0004.png?fit=2560%2C1656&ssl=1","width":2560,"height":1656,"caption":"M\u00e1s Que Noticias"},"image":{"@id":"https:\/\/masquenoticias.mx\/#\/schema\/logo\/image\/"},"sameAs":["https:\/\/www.facebook.com\/masquenoticiascolima","https:\/\/x.com\/edgartove","https:\/\/www.instagram.com\/masquenoticiascolima\/"]},{"@type":"Person","@id":"https:\/\/masquenoticias.mx\/#\/schema\/person\/544d19989ef23d34615f691f7a96e622","name":"Redacci\u00f3n","image":{"@type":"ImageObject","inLanguage":"es","@id":"https:\/\/masquenoticias.mx\/#\/schema\/person\/image\/","url":"https:\/\/secure.gravatar.com\/avatar\/7fcc926d5b058d3f3d52d95b4d05dd58?s=96&d=mm&r=g","contentUrl":"https:\/\/secure.gravatar.com\/avatar\/7fcc926d5b058d3f3d52d95b4d05dd58?s=96&d=mm&r=g","caption":"Redacci\u00f3n"},"sameAs":["http:\/\/masquenoticias.mx"],"url":"https:\/\/masquenoticias.mx\/index.php\/author\/edgartovegmail-com\/"}]}},"jetpack_featured_media_url":"https:\/\/i0.wp.com\/masquenoticias.mx\/wp-content\/uploads\/2025\/11\/eecc95aa-df6e-40dc-a954-510adb3720b8.jpg?fit=1280%2C960&ssl=1","blog_post_layout_featured_media_urls":{"thumbnail":["https:\/\/i0.wp.com\/masquenoticias.mx\/wp-content\/uploads\/2025\/11\/eecc95aa-df6e-40dc-a954-510adb3720b8.jpg?resize=150%2C150&ssl=1",150,150,true],"full":["https:\/\/i0.wp.com\/masquenoticias.mx\/wp-content\/uploads\/2025\/11\/eecc95aa-df6e-40dc-a954-510adb3720b8.jpg?fit=1280%2C960&ssl=1",1280,960,false]},"categories_names":{"24":{"name":"Estado","link":"https:\/\/masquenoticias.mx\/index.php\/category\/estado\/"}},"tags_names":{"136":{"name":"Trabajo","link":"https:\/\/masquenoticias.mx\/index.php\/tag\/trabajo\/"}},"comments_number":"0","wpmagazine_modules_lite_featured_media_urls":{"thumbnail":["https:\/\/i0.wp.com\/masquenoticias.mx\/wp-content\/uploads\/2025\/11\/eecc95aa-df6e-40dc-a954-510adb3720b8.jpg?resize=150%2C150&ssl=1",150,150,true],"cvmm-medium":["https:\/\/i0.wp.com\/masquenoticias.mx\/wp-content\/uploads\/2025\/11\/eecc95aa-df6e-40dc-a954-510adb3720b8.jpg?resize=300%2C300&ssl=1",300,300,true],"cvmm-medium-plus":["https:\/\/i0.wp.com\/masquenoticias.mx\/wp-content\/uploads\/2025\/11\/eecc95aa-df6e-40dc-a954-510adb3720b8.jpg?resize=305%2C207&ssl=1",305,207,true],"cvmm-portrait":["https:\/\/i0.wp.com\/masquenoticias.mx\/wp-content\/uploads\/2025\/11\/eecc95aa-df6e-40dc-a954-510adb3720b8.jpg?resize=400%2C600&ssl=1",400,600,true],"cvmm-medium-square":["https:\/\/i0.wp.com\/masquenoticias.mx\/wp-content\/uploads\/2025\/11\/eecc95aa-df6e-40dc-a954-510adb3720b8.jpg?resize=600%2C600&ssl=1",600,600,true],"cvmm-large":["https:\/\/i0.wp.com\/masquenoticias.mx\/wp-content\/uploads\/2025\/11\/eecc95aa-df6e-40dc-a954-510adb3720b8.jpg?resize=1024%2C960&ssl=1",1024,960,true],"cvmm-small":["https:\/\/i0.wp.com\/masquenoticias.mx\/wp-content\/uploads\/2025\/11\/eecc95aa-df6e-40dc-a954-510adb3720b8.jpg?resize=130%2C95&ssl=1",130,95,true],"full":["https:\/\/i0.wp.com\/masquenoticias.mx\/wp-content\/uploads\/2025\/11\/eecc95aa-df6e-40dc-a954-510adb3720b8.jpg?fit=1280%2C960&ssl=1",1280,960,false]},"jetpack-related-posts":[],"jetpack_sharing_enabled":true,"jetpack_likes_enabled":true,"jetpack_shortlink":"https:\/\/wp.me\/pf7pkt-56q","_links":{"self":[{"href":"https:\/\/masquenoticias.mx\/index.php\/wp-json\/wp\/v2\/posts\/19618","targetHints":{"allow":["GET"]}}],"collection":[{"href":"https:\/\/masquenoticias.mx\/index.php\/wp-json\/wp\/v2\/posts"}],"about":[{"href":"https:\/\/masquenoticias.mx\/index.php\/wp-json\/wp\/v2\/types\/post"}],"author":[{"embeddable":true,"href":"https:\/\/masquenoticias.mx\/index.php\/wp-json\/wp\/v2\/users\/1"}],"replies":[{"embeddable":true,"href":"https:\/\/masquenoticias.mx\/index.php\/wp-json\/wp\/v2\/comments?post=19618"}],"version-history":[{"count":1,"href":"https:\/\/masquenoticias.mx\/index.php\/wp-json\/wp\/v2\/posts\/19618\/revisions"}],"predecessor-version":[{"id":19619,"href":"https:\/\/masquenoticias.mx\/index.php\/wp-json\/wp\/v2\/posts\/19618\/revisions\/19619"}],"wp:featuredmedia":[{"embeddable":true,"href":"https:\/\/masquenoticias.mx\/index.php\/wp-json\/wp\/v2\/media\/19617"}],"wp:attachment":[{"href":"https:\/\/masquenoticias.mx\/index.php\/wp-json\/wp\/v2\/media?parent=19618"}],"wp:term":[{"taxonomy":"category","embeddable":true,"href":"https:\/\/masquenoticias.mx\/index.php\/wp-json\/wp\/v2\/categories?post=19618"},{"taxonomy":"post_tag","embeddable":true,"href":"https:\/\/masquenoticias.mx\/index.php\/wp-json\/wp\/v2\/tags?post=19618"}],"curies":[{"name":"wp","href":"https:\/\/api.w.org\/{rel}","templated":true}]}}