{"id":19596,"date":"2025-11-05T14:35:25","date_gmt":"2025-11-05T20:35:25","guid":{"rendered":"https:\/\/masquenoticias.mx\/?p=19596"},"modified":"2025-11-05T14:35:25","modified_gmt":"2025-11-05T20:35:25","slug":"arranco-la-fiesta-del-rodeo-en-el-teatro-del-caballo-de-la-feria-de-colima","status":"publish","type":"post","link":"https:\/\/masquenoticias.mx\/index.php\/2025\/11\/05\/arranco-la-fiesta-del-rodeo-en-el-teatro-del-caballo-de-la-feria-de-colima\/","title":{"rendered":"Arranc\u00f3 la fiesta del Rodeo en el Teatro del Caballo de la Feria de Colima"},"content":{"rendered":"<p>Gran asistencia y excelente ambiente registr\u00f3 la inauguraci\u00f3n del 4\u00b0 Torneo de Rodeo Mixto, que se realiza del 4 al 15 de noviembre en el Teatro del Caballo de la Feria de Todos los Santos 2025, auspiciado por el Instituto de Fomento de Ferias y Exposiciones (Iffecol) del Gobierno del Estado de Colima.<\/p>\n<p>La eliminatoria de la carrera de polos se dividi\u00f3 en cinco distintas categor\u00edas amenizadas con la narrativa de Alejandro \u2018Pinki\u2019 Aguayo, con gran asistencia que reconoci\u00f3 a las valientes amazonas.<\/p>\n<p>Las finalistas en la categor\u00eda abierta son Daniela Garc\u00eda, montando a \u2018Frijoles con crema\u2019 con un total de 24.470 segundos; Patricia Avalos en \u2018Churro\u2019 con tiempo de 25.81 fue segunda, dejando as\u00ed el tercer boleto para Mar\u00eda Jos\u00e9 Tamariz montando a \u2018Blanco\u2019 con cronos de 27.055 El cuarto boleto a la final es de Paola Vargas, montada en \u2018Colorado\u2019 con tiempo de 27.407 y finalmente, se col\u00f3 en el quinto sitio Erika Guzm\u00e1n con 27.506 segundos.<\/p>\n<p>Los cinco boletos a la final en juvenil son para Valeria N\u00fa\u00f1ez montando a \u2018Tordillo\u2019 con tiempo de 22.511, el segundo pase es de Naomi Arellano en \u2018Canelo\u2019 con tiempo de 23.499, en tercero Samantha Vargas en \u2018Centavo\u2019 con cron\u00f3metro de 24.412, dejando el cuarto boleto a Mariana Ram\u00edrez con su yegua \u2018La Presumida\u2019 en 25.066 segundos, y en quinto sitio la misma Samantha Vargas obtiene otro boleto en la yegua \u2018Yeye\u2019 con crono de 25.998 segundos.<\/p>\n<p>En categor\u00eda infantil, donde las amazonas peque\u00f1as que ya toman velocidad, pasa en primer sitio Mariana Fern\u00e1ndez en la yegua \u2018Wendy\u2019 con tiempo de 23.3, segundo lugar para Mar\u00eda Jos\u00e9 Tamariz en \u2018Picasso\u2019 deteniendo el reloj en 24.16 y el tercer pase fue para la misma Mar\u00eda Jos\u00e9 Tamariz, en esta ocasi\u00f3n en su corcel \u2018Blanco\u2019 con crono de 25.09, y los \u00faltimos dos boletos son para Frida Zamora, montando a \u2018Chulita\u2019 con 25.68 y Lelany Camacho montando a \u2018La Presumida\u2019 con 26.94 segundos.<\/p>\n<p><strong>VALENT\u00cdA DE LAS NI\u00d1AS<\/strong><\/p>\n<p>La categor\u00eda infantil menor fue muy emocionante, pues pese a su corta estatura y edad, son unas valientes a caballo: el primer boleto fue para Keilyn Bautista en \u2018Tordillo\u2019 con tiempo de 23.11, en segundo Diana Arreola en el \u2018Frijoles con crema\u2019 con crono de 23.59, tercero para Julia N\u00fa\u00f1ez en \u2018Chocorrol\u2019 que par\u00f3 el reloj en 24.70 y en cuarto entr\u00f3 Aitana Gonz\u00e1lez con 27.085 montando a \u2018Lebulas\u2019, cerrando la quinta calificada en el competidor var\u00f3n del evento, Carlos Mateo Flores con tiempo de 27.57 montando a \u2018Charro\u2019.<\/p>\n<p>Finalmente, las peque\u00f1as que sacaron suspiros de ternura, la categor\u00eda Pony y la mejor de la noche fue Asbhy Gonz\u00e1lez con 36.30, Jaasia Gudi\u00f1o en segundo con tiempo de 35.66, dejando en tercero a Zoe Ortiz con tiempo de 36.02, el cuarto es de Victoria Chavarr\u00eda con crono de 34.44 y cierra con 45.82 la peque\u00f1a Aitana Rol\u00f3n.<\/p>\n<p>As\u00ed est\u00e1s grandes amazonas se volver\u00e1n a ver en la final de la disciplina de carrera entre polos en la #FeriaDeColima, el s\u00e1bado 15 de noviembre en el Teatro del Caballo en la gran final y con entrada gratuita.<\/p>\n<p>Cabe recordar que las pr\u00f3ximas competencias son: Rodeotl\u00f3n este mi\u00e9rcoles 5 de noviembre, carrera de barriles el viernes 7, lazo en falso el domingo 9, amarre de chiva el martes 11; el jueves 13 se realizar\u00e1 la exhibici\u00f3n de caballo bailador infantil, y el s\u00e1bado 15 culmina con la gran final del 4\u00b0 Torneo de Rodeo Mixto.<\/p>\n<p>Este evento, a cargo de la Escuela de Monta de las Hermanas Vargas, cont\u00f3 con la presencia de la Embajadora de la Feria, Martha Yolanda Morales Iza, quien convivi\u00f3 con las competidoras en esta primera etapa y a quienes dijo admirarlas por su valent\u00eda a caballo; tambi\u00e9n asisti\u00f3 el director del Instituto Colimense del Deporte (Incode), Alejandro Rodr\u00edguez Alvarado.<\/p>\n","protected":false},"excerpt":{"rendered":"<p>Gran asistencia y excelente ambiente registr\u00f3 la inauguraci\u00f3n del 4\u00b0 Torneo de Rodeo Mixto, que se realiza del 4 al 15 de noviembre en el Teatro del Caballo de la Feria de Todos los Santos 2025, auspiciado por el Instituto de Fomento de Ferias y Exposiciones (Iffecol) del Gobierno del Estado de Colima. La eliminatoria [&hellip;]<\/p>\n","protected":false},"author":1,"featured_media":19597,"comment_status":"open","ping_status":"open","sticky":false,"template":"","format":"standard","meta":{"_jetpack_memberships_contains_paid_content":false,"footnotes":""},"categories":[24],"tags":[709],"class_list":["post-19596","post","type-post","status-publish","format-standard","has-post-thumbnail","hentry","category-estado","tag-feria-colima"],"yoast_head":"<!-- This site is optimized with the Yoast SEO plugin v26.6 - https:\/\/yoast.com\/wordpress\/plugins\/seo\/ -->\n<title>Arranc\u00f3 la fiesta del Rodeo en el Teatro del Caballo de la Feria de Colima - M\u00e1s Que Noticias<\/title>\n<meta name=\"robots\" content=\"index, follow, max-snippet:-1, max-image-preview:large, max-video-preview:-1\" \/>\n<link rel=\"canonical\" href=\"https:\/\/masquenoticias.mx\/index.php\/2025\/11\/05\/arranco-la-fiesta-del-rodeo-en-el-teatro-del-caballo-de-la-feria-de-colima\/\" \/>\n<meta property=\"og:locale\" content=\"es_MX\" \/>\n<meta property=\"og:type\" content=\"article\" \/>\n<meta property=\"og:title\" content=\"Arranc\u00f3 la fiesta del Rodeo en el Teatro del Caballo de la Feria de Colima - M\u00e1s Que Noticias\" \/>\n<meta property=\"og:description\" content=\"Gran asistencia y excelente ambiente registr\u00f3 la inauguraci\u00f3n del 4\u00b0 Torneo de Rodeo Mixto, que se realiza del 4 al 15 de noviembre en el Teatro del Caballo de la Feria de Todos los Santos 2025, auspiciado por el Instituto de Fomento de Ferias y Exposiciones (Iffecol) del Gobierno del Estado de Colima. La eliminatoria [&hellip;]\" \/>\n<meta property=\"og:url\" content=\"https:\/\/masquenoticias.mx\/index.php\/2025\/11\/05\/arranco-la-fiesta-del-rodeo-en-el-teatro-del-caballo-de-la-feria-de-colima\/\" \/>\n<meta property=\"og:site_name\" content=\"M\u00e1s Que Noticias\" \/>\n<meta property=\"article:publisher\" content=\"https:\/\/www.facebook.com\/masquenoticiascolima\" \/>\n<meta property=\"article:published_time\" content=\"2025-11-05T20:35:25+00:00\" \/>\n<meta property=\"og:image\" content=\"https:\/\/masquenoticias.mx\/wp-content\/uploads\/2025\/11\/WhatsApp-Image-2025-11-05-at-10.26.25-AM.jpeg\" \/>\n\t<meta property=\"og:image:width\" content=\"1280\" \/>\n\t<meta property=\"og:image:height\" content=\"852\" \/>\n\t<meta property=\"og:image:type\" content=\"image\/jpeg\" \/>\n<meta name=\"author\" content=\"Redacci\u00f3n\" \/>\n<meta name=\"twitter:card\" content=\"summary_large_image\" \/>\n<meta name=\"twitter:creator\" content=\"@edgartove\" \/>\n<meta name=\"twitter:site\" content=\"@edgartove\" \/>\n<meta name=\"twitter:label1\" content=\"Escrito por\" \/>\n\t<meta name=\"twitter:data1\" content=\"Redacci\u00f3n\" \/>\n\t<meta name=\"twitter:label2\" content=\"Tiempo de lectura\" \/>\n\t<meta name=\"twitter:data2\" content=\"4 minutos\" \/>\n<script type=\"application\/ld+json\" class=\"yoast-schema-graph\">{\"@context\":\"https:\/\/schema.org\",\"@graph\":[{\"@type\":\"Article\",\"@id\":\"https:\/\/masquenoticias.mx\/index.php\/2025\/11\/05\/arranco-la-fiesta-del-rodeo-en-el-teatro-del-caballo-de-la-feria-de-colima\/#article\",\"isPartOf\":{\"@id\":\"https:\/\/masquenoticias.mx\/index.php\/2025\/11\/05\/arranco-la-fiesta-del-rodeo-en-el-teatro-del-caballo-de-la-feria-de-colima\/\"},\"author\":{\"name\":\"Redacci\u00f3n\",\"@id\":\"https:\/\/masquenoticias.mx\/#\/schema\/person\/544d19989ef23d34615f691f7a96e622\"},\"headline\":\"Arranc\u00f3 la fiesta del Rodeo en el Teatro del Caballo de la Feria de Colima\",\"datePublished\":\"2025-11-05T20:35:25+00:00\",\"mainEntityOfPage\":{\"@id\":\"https:\/\/masquenoticias.mx\/index.php\/2025\/11\/05\/arranco-la-fiesta-del-rodeo-en-el-teatro-del-caballo-de-la-feria-de-colima\/\"},\"wordCount\":643,\"commentCount\":0,\"publisher\":{\"@id\":\"https:\/\/masquenoticias.mx\/#organization\"},\"image\":{\"@id\":\"https:\/\/masquenoticias.mx\/index.php\/2025\/11\/05\/arranco-la-fiesta-del-rodeo-en-el-teatro-del-caballo-de-la-feria-de-colima\/#primaryimage\"},\"thumbnailUrl\":\"https:\/\/i0.wp.com\/masquenoticias.mx\/wp-content\/uploads\/2025\/11\/WhatsApp-Image-2025-11-05-at-10.26.25-AM.jpeg?fit=1280%2C852&ssl=1\",\"keywords\":[\"Feria Colima\"],\"articleSection\":[\"Estado\"],\"inLanguage\":\"es\",\"potentialAction\":[{\"@type\":\"CommentAction\",\"name\":\"Comment\",\"target\":[\"https:\/\/masquenoticias.mx\/index.php\/2025\/11\/05\/arranco-la-fiesta-del-rodeo-en-el-teatro-del-caballo-de-la-feria-de-colima\/#respond\"]}]},{\"@type\":\"WebPage\",\"@id\":\"https:\/\/masquenoticias.mx\/index.php\/2025\/11\/05\/arranco-la-fiesta-del-rodeo-en-el-teatro-del-caballo-de-la-feria-de-colima\/\",\"url\":\"https:\/\/masquenoticias.mx\/index.php\/2025\/11\/05\/arranco-la-fiesta-del-rodeo-en-el-teatro-del-caballo-de-la-feria-de-colima\/\",\"name\":\"Arranc\u00f3 la fiesta del Rodeo en el Teatro del Caballo de la Feria de Colima - M\u00e1s Que Noticias\",\"isPartOf\":{\"@id\":\"https:\/\/masquenoticias.mx\/#website\"},\"primaryImageOfPage\":{\"@id\":\"https:\/\/masquenoticias.mx\/index.php\/2025\/11\/05\/arranco-la-fiesta-del-rodeo-en-el-teatro-del-caballo-de-la-feria-de-colima\/#primaryimage\"},\"image\":{\"@id\":\"https:\/\/masquenoticias.mx\/index.php\/2025\/11\/05\/arranco-la-fiesta-del-rodeo-en-el-teatro-del-caballo-de-la-feria-de-colima\/#primaryimage\"},\"thumbnailUrl\":\"https:\/\/i0.wp.com\/masquenoticias.mx\/wp-content\/uploads\/2025\/11\/WhatsApp-Image-2025-11-05-at-10.26.25-AM.jpeg?fit=1280%2C852&ssl=1\",\"datePublished\":\"2025-11-05T20:35:25+00:00\",\"breadcrumb\":{\"@id\":\"https:\/\/masquenoticias.mx\/index.php\/2025\/11\/05\/arranco-la-fiesta-del-rodeo-en-el-teatro-del-caballo-de-la-feria-de-colima\/#breadcrumb\"},\"inLanguage\":\"es\",\"potentialAction\":[{\"@type\":\"ReadAction\",\"target\":[\"https:\/\/masquenoticias.mx\/index.php\/2025\/11\/05\/arranco-la-fiesta-del-rodeo-en-el-teatro-del-caballo-de-la-feria-de-colima\/\"]}]},{\"@type\":\"ImageObject\",\"inLanguage\":\"es\",\"@id\":\"https:\/\/masquenoticias.mx\/index.php\/2025\/11\/05\/arranco-la-fiesta-del-rodeo-en-el-teatro-del-caballo-de-la-feria-de-colima\/#primaryimage\",\"url\":\"https:\/\/i0.wp.com\/masquenoticias.mx\/wp-content\/uploads\/2025\/11\/WhatsApp-Image-2025-11-05-at-10.26.25-AM.jpeg?fit=1280%2C852&ssl=1\",\"contentUrl\":\"https:\/\/i0.wp.com\/masquenoticias.mx\/wp-content\/uploads\/2025\/11\/WhatsApp-Image-2025-11-05-at-10.26.25-AM.jpeg?fit=1280%2C852&ssl=1\",\"width\":1280,\"height\":852},{\"@type\":\"BreadcrumbList\",\"@id\":\"https:\/\/masquenoticias.mx\/index.php\/2025\/11\/05\/arranco-la-fiesta-del-rodeo-en-el-teatro-del-caballo-de-la-feria-de-colima\/#breadcrumb\",\"itemListElement\":[{\"@type\":\"ListItem\",\"position\":1,\"name\":\"Inicio\",\"item\":\"https:\/\/masquenoticias.mx\/\"},{\"@type\":\"ListItem\",\"position\":2,\"name\":\"Arranc\u00f3 la fiesta del Rodeo en el Teatro del Caballo de la Feria de Colima\"}]},{\"@type\":\"WebSite\",\"@id\":\"https:\/\/masquenoticias.mx\/#website\",\"url\":\"https:\/\/masquenoticias.mx\/\",\"name\":\"M\u00e1s Que Noticias\",\"description\":\"Noticias de Colima, M\u00e9xico y el Mundo\",\"publisher\":{\"@id\":\"https:\/\/masquenoticias.mx\/#organization\"},\"potentialAction\":[{\"@type\":\"SearchAction\",\"target\":{\"@type\":\"EntryPoint\",\"urlTemplate\":\"https:\/\/masquenoticias.mx\/?s={search_term_string}\"},\"query-input\":{\"@type\":\"PropertyValueSpecification\",\"valueRequired\":true,\"valueName\":\"search_term_string\"}}],\"inLanguage\":\"es\"},{\"@type\":\"Organization\",\"@id\":\"https:\/\/masquenoticias.mx\/#organization\",\"name\":\"M\u00e1s Que Noticias\",\"url\":\"https:\/\/masquenoticias.mx\/\",\"logo\":{\"@type\":\"ImageObject\",\"inLanguage\":\"es\",\"@id\":\"https:\/\/masquenoticias.mx\/#\/schema\/logo\/image\/\",\"url\":\"https:\/\/i0.wp.com\/masquenoticias.mx\/wp-content\/uploads\/2024\/04\/IMG_0004.png?fit=2560%2C1656&ssl=1\",\"contentUrl\":\"https:\/\/i0.wp.com\/masquenoticias.mx\/wp-content\/uploads\/2024\/04\/IMG_0004.png?fit=2560%2C1656&ssl=1\",\"width\":2560,\"height\":1656,\"caption\":\"M\u00e1s Que Noticias\"},\"image\":{\"@id\":\"https:\/\/masquenoticias.mx\/#\/schema\/logo\/image\/\"},\"sameAs\":[\"https:\/\/www.facebook.com\/masquenoticiascolima\",\"https:\/\/x.com\/edgartove\",\"https:\/\/www.instagram.com\/masquenoticiascolima\/\"]},{\"@type\":\"Person\",\"@id\":\"https:\/\/masquenoticias.mx\/#\/schema\/person\/544d19989ef23d34615f691f7a96e622\",\"name\":\"Redacci\u00f3n\",\"image\":{\"@type\":\"ImageObject\",\"inLanguage\":\"es\",\"@id\":\"https:\/\/masquenoticias.mx\/#\/schema\/person\/image\/\",\"url\":\"https:\/\/secure.gravatar.com\/avatar\/7fcc926d5b058d3f3d52d95b4d05dd58?s=96&d=mm&r=g\",\"contentUrl\":\"https:\/\/secure.gravatar.com\/avatar\/7fcc926d5b058d3f3d52d95b4d05dd58?s=96&d=mm&r=g\",\"caption\":\"Redacci\u00f3n\"},\"sameAs\":[\"http:\/\/masquenoticias.mx\"],\"url\":\"https:\/\/masquenoticias.mx\/index.php\/author\/edgartovegmail-com\/\"}]}<\/script>\n<!-- \/ Yoast SEO plugin. -->","yoast_head_json":{"title":"Arranc\u00f3 la fiesta del Rodeo en el Teatro del Caballo de la Feria de Colima - M\u00e1s Que Noticias","robots":{"index":"index","follow":"follow","max-snippet":"max-snippet:-1","max-image-preview":"max-image-preview:large","max-video-preview":"max-video-preview:-1"},"canonical":"https:\/\/masquenoticias.mx\/index.php\/2025\/11\/05\/arranco-la-fiesta-del-rodeo-en-el-teatro-del-caballo-de-la-feria-de-colima\/","og_locale":"es_MX","og_type":"article","og_title":"Arranc\u00f3 la fiesta del Rodeo en el Teatro del Caballo de la Feria de Colima - M\u00e1s Que Noticias","og_description":"Gran asistencia y excelente ambiente registr\u00f3 la inauguraci\u00f3n del 4\u00b0 Torneo de Rodeo Mixto, que se realiza del 4 al 15 de noviembre en el Teatro del Caballo de la Feria de Todos los Santos 2025, auspiciado por el Instituto de Fomento de Ferias y Exposiciones (Iffecol) del Gobierno del Estado de Colima. La eliminatoria [&hellip;]","og_url":"https:\/\/masquenoticias.mx\/index.php\/2025\/11\/05\/arranco-la-fiesta-del-rodeo-en-el-teatro-del-caballo-de-la-feria-de-colima\/","og_site_name":"M\u00e1s Que Noticias","article_publisher":"https:\/\/www.facebook.com\/masquenoticiascolima","article_published_time":"2025-11-05T20:35:25+00:00","og_image":[{"width":1280,"height":852,"url":"https:\/\/masquenoticias.mx\/wp-content\/uploads\/2025\/11\/WhatsApp-Image-2025-11-05-at-10.26.25-AM.jpeg","type":"image\/jpeg"}],"author":"Redacci\u00f3n","twitter_card":"summary_large_image","twitter_creator":"@edgartove","twitter_site":"@edgartove","twitter_misc":{"Escrito por":"Redacci\u00f3n","Tiempo de lectura":"4 minutos"},"schema":{"@context":"https:\/\/schema.org","@graph":[{"@type":"Article","@id":"https:\/\/masquenoticias.mx\/index.php\/2025\/11\/05\/arranco-la-fiesta-del-rodeo-en-el-teatro-del-caballo-de-la-feria-de-colima\/#article","isPartOf":{"@id":"https:\/\/masquenoticias.mx\/index.php\/2025\/11\/05\/arranco-la-fiesta-del-rodeo-en-el-teatro-del-caballo-de-la-feria-de-colima\/"},"author":{"name":"Redacci\u00f3n","@id":"https:\/\/masquenoticias.mx\/#\/schema\/person\/544d19989ef23d34615f691f7a96e622"},"headline":"Arranc\u00f3 la fiesta del Rodeo en el Teatro del Caballo de la Feria de Colima","datePublished":"2025-11-05T20:35:25+00:00","mainEntityOfPage":{"@id":"https:\/\/masquenoticias.mx\/index.php\/2025\/11\/05\/arranco-la-fiesta-del-rodeo-en-el-teatro-del-caballo-de-la-feria-de-colima\/"},"wordCount":643,"commentCount":0,"publisher":{"@id":"https:\/\/masquenoticias.mx\/#organization"},"image":{"@id":"https:\/\/masquenoticias.mx\/index.php\/2025\/11\/05\/arranco-la-fiesta-del-rodeo-en-el-teatro-del-caballo-de-la-feria-de-colima\/#primaryimage"},"thumbnailUrl":"https:\/\/i0.wp.com\/masquenoticias.mx\/wp-content\/uploads\/2025\/11\/WhatsApp-Image-2025-11-05-at-10.26.25-AM.jpeg?fit=1280%2C852&ssl=1","keywords":["Feria Colima"],"articleSection":["Estado"],"inLanguage":"es","potentialAction":[{"@type":"CommentAction","name":"Comment","target":["https:\/\/masquenoticias.mx\/index.php\/2025\/11\/05\/arranco-la-fiesta-del-rodeo-en-el-teatro-del-caballo-de-la-feria-de-colima\/#respond"]}]},{"@type":"WebPage","@id":"https:\/\/masquenoticias.mx\/index.php\/2025\/11\/05\/arranco-la-fiesta-del-rodeo-en-el-teatro-del-caballo-de-la-feria-de-colima\/","url":"https:\/\/masquenoticias.mx\/index.php\/2025\/11\/05\/arranco-la-fiesta-del-rodeo-en-el-teatro-del-caballo-de-la-feria-de-colima\/","name":"Arranc\u00f3 la fiesta del Rodeo en el Teatro del Caballo de la Feria de Colima - M\u00e1s Que Noticias","isPartOf":{"@id":"https:\/\/masquenoticias.mx\/#website"},"primaryImageOfPage":{"@id":"https:\/\/masquenoticias.mx\/index.php\/2025\/11\/05\/arranco-la-fiesta-del-rodeo-en-el-teatro-del-caballo-de-la-feria-de-colima\/#primaryimage"},"image":{"@id":"https:\/\/masquenoticias.mx\/index.php\/2025\/11\/05\/arranco-la-fiesta-del-rodeo-en-el-teatro-del-caballo-de-la-feria-de-colima\/#primaryimage"},"thumbnailUrl":"https:\/\/i0.wp.com\/masquenoticias.mx\/wp-content\/uploads\/2025\/11\/WhatsApp-Image-2025-11-05-at-10.26.25-AM.jpeg?fit=1280%2C852&ssl=1","datePublished":"2025-11-05T20:35:25+00:00","breadcrumb":{"@id":"https:\/\/masquenoticias.mx\/index.php\/2025\/11\/05\/arranco-la-fiesta-del-rodeo-en-el-teatro-del-caballo-de-la-feria-de-colima\/#breadcrumb"},"inLanguage":"es","potentialAction":[{"@type":"ReadAction","target":["https:\/\/masquenoticias.mx\/index.php\/2025\/11\/05\/arranco-la-fiesta-del-rodeo-en-el-teatro-del-caballo-de-la-feria-de-colima\/"]}]},{"@type":"ImageObject","inLanguage":"es","@id":"https:\/\/masquenoticias.mx\/index.php\/2025\/11\/05\/arranco-la-fiesta-del-rodeo-en-el-teatro-del-caballo-de-la-feria-de-colima\/#primaryimage","url":"https:\/\/i0.wp.com\/masquenoticias.mx\/wp-content\/uploads\/2025\/11\/WhatsApp-Image-2025-11-05-at-10.26.25-AM.jpeg?fit=1280%2C852&ssl=1","contentUrl":"https:\/\/i0.wp.com\/masquenoticias.mx\/wp-content\/uploads\/2025\/11\/WhatsApp-Image-2025-11-05-at-10.26.25-AM.jpeg?fit=1280%2C852&ssl=1","width":1280,"height":852},{"@type":"BreadcrumbList","@id":"https:\/\/masquenoticias.mx\/index.php\/2025\/11\/05\/arranco-la-fiesta-del-rodeo-en-el-teatro-del-caballo-de-la-feria-de-colima\/#breadcrumb","itemListElement":[{"@type":"ListItem","position":1,"name":"Inicio","item":"https:\/\/masquenoticias.mx\/"},{"@type":"ListItem","position":2,"name":"Arranc\u00f3 la fiesta del Rodeo en el Teatro del Caballo de la Feria de Colima"}]},{"@type":"WebSite","@id":"https:\/\/masquenoticias.mx\/#website","url":"https:\/\/masquenoticias.mx\/","name":"M\u00e1s Que Noticias","description":"Noticias de Colima, M\u00e9xico y el Mundo","publisher":{"@id":"https:\/\/masquenoticias.mx\/#organization"},"potentialAction":[{"@type":"SearchAction","target":{"@type":"EntryPoint","urlTemplate":"https:\/\/masquenoticias.mx\/?s={search_term_string}"},"query-input":{"@type":"PropertyValueSpecification","valueRequired":true,"valueName":"search_term_string"}}],"inLanguage":"es"},{"@type":"Organization","@id":"https:\/\/masquenoticias.mx\/#organization","name":"M\u00e1s Que Noticias","url":"https:\/\/masquenoticias.mx\/","logo":{"@type":"ImageObject","inLanguage":"es","@id":"https:\/\/masquenoticias.mx\/#\/schema\/logo\/image\/","url":"https:\/\/i0.wp.com\/masquenoticias.mx\/wp-content\/uploads\/2024\/04\/IMG_0004.png?fit=2560%2C1656&ssl=1","contentUrl":"https:\/\/i0.wp.com\/masquenoticias.mx\/wp-content\/uploads\/2024\/04\/IMG_0004.png?fit=2560%2C1656&ssl=1","width":2560,"height":1656,"caption":"M\u00e1s Que Noticias"},"image":{"@id":"https:\/\/masquenoticias.mx\/#\/schema\/logo\/image\/"},"sameAs":["https:\/\/www.facebook.com\/masquenoticiascolima","https:\/\/x.com\/edgartove","https:\/\/www.instagram.com\/masquenoticiascolima\/"]},{"@type":"Person","@id":"https:\/\/masquenoticias.mx\/#\/schema\/person\/544d19989ef23d34615f691f7a96e622","name":"Redacci\u00f3n","image":{"@type":"ImageObject","inLanguage":"es","@id":"https:\/\/masquenoticias.mx\/#\/schema\/person\/image\/","url":"https:\/\/secure.gravatar.com\/avatar\/7fcc926d5b058d3f3d52d95b4d05dd58?s=96&d=mm&r=g","contentUrl":"https:\/\/secure.gravatar.com\/avatar\/7fcc926d5b058d3f3d52d95b4d05dd58?s=96&d=mm&r=g","caption":"Redacci\u00f3n"},"sameAs":["http:\/\/masquenoticias.mx"],"url":"https:\/\/masquenoticias.mx\/index.php\/author\/edgartovegmail-com\/"}]}},"jetpack_featured_media_url":"https:\/\/i0.wp.com\/masquenoticias.mx\/wp-content\/uploads\/2025\/11\/WhatsApp-Image-2025-11-05-at-10.26.25-AM.jpeg?fit=1280%2C852&ssl=1","blog_post_layout_featured_media_urls":{"thumbnail":["https:\/\/i0.wp.com\/masquenoticias.mx\/wp-content\/uploads\/2025\/11\/WhatsApp-Image-2025-11-05-at-10.26.25-AM.jpeg?resize=150%2C150&ssl=1",150,150,true],"full":["https:\/\/i0.wp.com\/masquenoticias.mx\/wp-content\/uploads\/2025\/11\/WhatsApp-Image-2025-11-05-at-10.26.25-AM.jpeg?fit=1280%2C852&ssl=1",1280,852,false]},"categories_names":{"24":{"name":"Estado","link":"https:\/\/masquenoticias.mx\/index.php\/category\/estado\/"}},"tags_names":{"709":{"name":"Feria Colima","link":"https:\/\/masquenoticias.mx\/index.php\/tag\/feria-colima\/"}},"comments_number":"0","wpmagazine_modules_lite_featured_media_urls":{"thumbnail":["https:\/\/i0.wp.com\/masquenoticias.mx\/wp-content\/uploads\/2025\/11\/WhatsApp-Image-2025-11-05-at-10.26.25-AM.jpeg?resize=150%2C150&ssl=1",150,150,true],"cvmm-medium":["https:\/\/i0.wp.com\/masquenoticias.mx\/wp-content\/uploads\/2025\/11\/WhatsApp-Image-2025-11-05-at-10.26.25-AM.jpeg?resize=300%2C300&ssl=1",300,300,true],"cvmm-medium-plus":["https:\/\/i0.wp.com\/masquenoticias.mx\/wp-content\/uploads\/2025\/11\/WhatsApp-Image-2025-11-05-at-10.26.25-AM.jpeg?resize=305%2C207&ssl=1",305,207,true],"cvmm-portrait":["https:\/\/i0.wp.com\/masquenoticias.mx\/wp-content\/uploads\/2025\/11\/WhatsApp-Image-2025-11-05-at-10.26.25-AM.jpeg?resize=400%2C600&ssl=1",400,600,true],"cvmm-medium-square":["https:\/\/i0.wp.com\/masquenoticias.mx\/wp-content\/uploads\/2025\/11\/WhatsApp-Image-2025-11-05-at-10.26.25-AM.jpeg?resize=600%2C600&ssl=1",600,600,true],"cvmm-large":["https:\/\/i0.wp.com\/masquenoticias.mx\/wp-content\/uploads\/2025\/11\/WhatsApp-Image-2025-11-05-at-10.26.25-AM.jpeg?resize=1024%2C852&ssl=1",1024,852,true],"cvmm-small":["https:\/\/i0.wp.com\/masquenoticias.mx\/wp-content\/uploads\/2025\/11\/WhatsApp-Image-2025-11-05-at-10.26.25-AM.jpeg?resize=130%2C95&ssl=1",130,95,true],"full":["https:\/\/i0.wp.com\/masquenoticias.mx\/wp-content\/uploads\/2025\/11\/WhatsApp-Image-2025-11-05-at-10.26.25-AM.jpeg?fit=1280%2C852&ssl=1",1280,852,false]},"jetpack-related-posts":[],"jetpack_sharing_enabled":true,"jetpack_likes_enabled":true,"jetpack_shortlink":"https:\/\/wp.me\/pf7pkt-564","_links":{"self":[{"href":"https:\/\/masquenoticias.mx\/index.php\/wp-json\/wp\/v2\/posts\/19596","targetHints":{"allow":["GET"]}}],"collection":[{"href":"https:\/\/masquenoticias.mx\/index.php\/wp-json\/wp\/v2\/posts"}],"about":[{"href":"https:\/\/masquenoticias.mx\/index.php\/wp-json\/wp\/v2\/types\/post"}],"author":[{"embeddable":true,"href":"https:\/\/masquenoticias.mx\/index.php\/wp-json\/wp\/v2\/users\/1"}],"replies":[{"embeddable":true,"href":"https:\/\/masquenoticias.mx\/index.php\/wp-json\/wp\/v2\/comments?post=19596"}],"version-history":[{"count":1,"href":"https:\/\/masquenoticias.mx\/index.php\/wp-json\/wp\/v2\/posts\/19596\/revisions"}],"predecessor-version":[{"id":19598,"href":"https:\/\/masquenoticias.mx\/index.php\/wp-json\/wp\/v2\/posts\/19596\/revisions\/19598"}],"wp:featuredmedia":[{"embeddable":true,"href":"https:\/\/masquenoticias.mx\/index.php\/wp-json\/wp\/v2\/media\/19597"}],"wp:attachment":[{"href":"https:\/\/masquenoticias.mx\/index.php\/wp-json\/wp\/v2\/media?parent=19596"}],"wp:term":[{"taxonomy":"category","embeddable":true,"href":"https:\/\/masquenoticias.mx\/index.php\/wp-json\/wp\/v2\/categories?post=19596"},{"taxonomy":"post_tag","embeddable":true,"href":"https:\/\/masquenoticias.mx\/index.php\/wp-json\/wp\/v2\/tags?post=19596"}],"curies":[{"name":"wp","href":"https:\/\/api.w.org\/{rel}","templated":true}]}}