{"id":19505,"date":"2025-11-03T10:30:27","date_gmt":"2025-11-03T16:30:27","guid":{"rendered":"https:\/\/masquenoticias.mx\/?p=19505"},"modified":"2025-11-03T10:30:27","modified_gmt":"2025-11-03T16:30:27","slug":"sebiinsom-colima-reune-a-mas-de-180-ninas-y-ninos-en-el-rally-de-dia-de-muertos","status":"publish","type":"post","link":"https:\/\/masquenoticias.mx\/index.php\/2025\/11\/03\/sebiinsom-colima-reune-a-mas-de-180-ninas-y-ninos-en-el-rally-de-dia-de-muertos\/","title":{"rendered":"Sebiinsom Colima re\u00fane a m\u00e1s de 180 ni\u00f1as y ni\u00f1os en el \u2018Rally de D\u00eda de Muertos\u2019"},"content":{"rendered":"\n<p>La Secretar\u00eda de Bienestar, Inclusi\u00f3n Social y Mujeres (Sebiinsom) del Gobierno del Estado de Colima llev\u00f3 a cabo el Rally de D\u00eda de Muertos en el Parque Ecol\u00f3gico \u2018La Campana\u2019, con la participaci\u00f3n de m\u00e1s de 180 ni\u00f1as y ni\u00f1os, quienes realizaron actividades deportivas, recreativas y culturales, acompa\u00f1ados por Patricio Pato Razo, creador de contenido y ex gimnasta ol\u00edmpico mexicano.<\/p>\n\n\n\n<p>En representaci\u00f3n de la gobernadora Indira Vizca\u00edno Silva, la titular de la Sebiinsom, Viridiana Valencia Vargas, manifest\u00f3 que estas actividades sirven para fortalecer la uni\u00f3n familiar, promover el patrimonio cultural de Colima y el rescate de las tradiciones mexicanas, adem\u00e1s de ofrecer espacios seguros de sana convivencia para todas y todos.<\/p>\n\n\n\n<p>Patricio Razo agradeci\u00f3 al Gobierno del Estado de Colima por la invitaci\u00f3n y a las familias colimenses que asistieron para convivir en este evento, destacando el esfuerzo que hicieron como sociedad para recaudar el alimento para perros.<\/p>\n\n\n\n<p>En total se recaudaron m\u00e1s de 500 kilos de croquetas para perro, mismos que ser\u00e1n donados a distintos refugios caninos de la entidad, adem\u00e1s se premiaron a cinco ni\u00f1as y cinco ni\u00f1os en el concurso al mejor disfraz durante el rally, en la conmemoraci\u00f3n por el D\u00eda de Muertos.<\/p>\n","protected":false},"excerpt":{"rendered":"<p>La Secretar\u00eda de Bienestar, Inclusi\u00f3n Social y Mujeres (Sebiinsom) del Gobierno del Estado de Colima llev\u00f3 a cabo el Rally de D\u00eda de Muertos en el Parque Ecol\u00f3gico \u2018La Campana\u2019, con la participaci\u00f3n de m\u00e1s de 180 ni\u00f1as y ni\u00f1os, quienes realizaron actividades deportivas, recreativas y culturales, acompa\u00f1ados por Patricio Pato Razo, creador de contenido [&hellip;]<\/p>\n","protected":false},"author":1,"featured_media":19504,"comment_status":"closed","ping_status":"open","sticky":false,"template":"","format":"standard","meta":{"_jetpack_memberships_contains_paid_content":false,"footnotes":""},"categories":[24],"tags":[332],"class_list":["post-19505","post","type-post","status-publish","format-standard","has-post-thumbnail","hentry","category-estado","tag-sebiinsom"],"yoast_head":"<!-- This site is optimized with the Yoast SEO plugin v26.6 - https:\/\/yoast.com\/wordpress\/plugins\/seo\/ -->\n<title>Sebiinsom Colima re\u00fane a m\u00e1s de 180 ni\u00f1as y ni\u00f1os en el \u2018Rally de D\u00eda de Muertos\u2019 - M\u00e1s Que Noticias<\/title>\n<meta name=\"robots\" content=\"index, follow, max-snippet:-1, max-image-preview:large, max-video-preview:-1\" \/>\n<link rel=\"canonical\" href=\"https:\/\/masquenoticias.mx\/index.php\/2025\/11\/03\/sebiinsom-colima-reune-a-mas-de-180-ninas-y-ninos-en-el-rally-de-dia-de-muertos\/\" \/>\n<meta property=\"og:locale\" content=\"es_MX\" \/>\n<meta property=\"og:type\" content=\"article\" \/>\n<meta property=\"og:title\" content=\"Sebiinsom Colima re\u00fane a m\u00e1s de 180 ni\u00f1as y ni\u00f1os en el \u2018Rally de D\u00eda de Muertos\u2019 - M\u00e1s Que Noticias\" \/>\n<meta property=\"og:description\" content=\"La Secretar\u00eda de Bienestar, Inclusi\u00f3n Social y Mujeres (Sebiinsom) del Gobierno del Estado de Colima llev\u00f3 a cabo el Rally de D\u00eda de Muertos en el Parque Ecol\u00f3gico \u2018La Campana\u2019, con la participaci\u00f3n de m\u00e1s de 180 ni\u00f1as y ni\u00f1os, quienes realizaron actividades deportivas, recreativas y culturales, acompa\u00f1ados por Patricio Pato Razo, creador de contenido [&hellip;]\" \/>\n<meta property=\"og:url\" content=\"https:\/\/masquenoticias.mx\/index.php\/2025\/11\/03\/sebiinsom-colima-reune-a-mas-de-180-ninas-y-ninos-en-el-rally-de-dia-de-muertos\/\" \/>\n<meta property=\"og:site_name\" content=\"M\u00e1s Que Noticias\" \/>\n<meta property=\"article:publisher\" content=\"https:\/\/www.facebook.com\/masquenoticiascolima\" \/>\n<meta property=\"article:published_time\" content=\"2025-11-03T16:30:27+00:00\" \/>\n<meta property=\"og:image\" content=\"https:\/\/i0.wp.com\/masquenoticias.mx\/wp-content\/uploads\/2025\/11\/9a6a6932-8f18-405d-b555-9452755fce5d.jpg?fit=1280%2C853&ssl=1\" \/>\n\t<meta property=\"og:image:width\" content=\"1280\" \/>\n\t<meta property=\"og:image:height\" content=\"853\" \/>\n\t<meta property=\"og:image:type\" content=\"image\/jpeg\" \/>\n<meta name=\"author\" content=\"Redacci\u00f3n\" \/>\n<meta name=\"twitter:card\" content=\"summary_large_image\" \/>\n<meta name=\"twitter:creator\" content=\"@edgartove\" \/>\n<meta name=\"twitter:site\" content=\"@edgartove\" \/>\n<meta name=\"twitter:label1\" content=\"Escrito por\" \/>\n\t<meta name=\"twitter:data1\" content=\"Redacci\u00f3n\" \/>\n\t<meta name=\"twitter:label2\" content=\"Tiempo de lectura\" \/>\n\t<meta name=\"twitter:data2\" content=\"1 minuto\" \/>\n<script type=\"application\/ld+json\" class=\"yoast-schema-graph\">{\"@context\":\"https:\/\/schema.org\",\"@graph\":[{\"@type\":\"Article\",\"@id\":\"https:\/\/masquenoticias.mx\/index.php\/2025\/11\/03\/sebiinsom-colima-reune-a-mas-de-180-ninas-y-ninos-en-el-rally-de-dia-de-muertos\/#article\",\"isPartOf\":{\"@id\":\"https:\/\/masquenoticias.mx\/index.php\/2025\/11\/03\/sebiinsom-colima-reune-a-mas-de-180-ninas-y-ninos-en-el-rally-de-dia-de-muertos\/\"},\"author\":{\"name\":\"Redacci\u00f3n\",\"@id\":\"https:\/\/masquenoticias.mx\/#\/schema\/person\/544d19989ef23d34615f691f7a96e622\"},\"headline\":\"Sebiinsom Colima re\u00fane a m\u00e1s de 180 ni\u00f1as y ni\u00f1os en el \u2018Rally de D\u00eda de Muertos\u2019\",\"datePublished\":\"2025-11-03T16:30:27+00:00\",\"mainEntityOfPage\":{\"@id\":\"https:\/\/masquenoticias.mx\/index.php\/2025\/11\/03\/sebiinsom-colima-reune-a-mas-de-180-ninas-y-ninos-en-el-rally-de-dia-de-muertos\/\"},\"wordCount\":238,\"publisher\":{\"@id\":\"https:\/\/masquenoticias.mx\/#organization\"},\"image\":{\"@id\":\"https:\/\/masquenoticias.mx\/index.php\/2025\/11\/03\/sebiinsom-colima-reune-a-mas-de-180-ninas-y-ninos-en-el-rally-de-dia-de-muertos\/#primaryimage\"},\"thumbnailUrl\":\"https:\/\/i0.wp.com\/masquenoticias.mx\/wp-content\/uploads\/2025\/11\/9a6a6932-8f18-405d-b555-9452755fce5d.jpg?fit=1280%2C853&ssl=1\",\"keywords\":[\"Sebiinsom\"],\"articleSection\":[\"Estado\"],\"inLanguage\":\"es\"},{\"@type\":\"WebPage\",\"@id\":\"https:\/\/masquenoticias.mx\/index.php\/2025\/11\/03\/sebiinsom-colima-reune-a-mas-de-180-ninas-y-ninos-en-el-rally-de-dia-de-muertos\/\",\"url\":\"https:\/\/masquenoticias.mx\/index.php\/2025\/11\/03\/sebiinsom-colima-reune-a-mas-de-180-ninas-y-ninos-en-el-rally-de-dia-de-muertos\/\",\"name\":\"Sebiinsom Colima re\u00fane a m\u00e1s de 180 ni\u00f1as y ni\u00f1os en el \u2018Rally de D\u00eda de Muertos\u2019 - M\u00e1s Que Noticias\",\"isPartOf\":{\"@id\":\"https:\/\/masquenoticias.mx\/#website\"},\"primaryImageOfPage\":{\"@id\":\"https:\/\/masquenoticias.mx\/index.php\/2025\/11\/03\/sebiinsom-colima-reune-a-mas-de-180-ninas-y-ninos-en-el-rally-de-dia-de-muertos\/#primaryimage\"},\"image\":{\"@id\":\"https:\/\/masquenoticias.mx\/index.php\/2025\/11\/03\/sebiinsom-colima-reune-a-mas-de-180-ninas-y-ninos-en-el-rally-de-dia-de-muertos\/#primaryimage\"},\"thumbnailUrl\":\"https:\/\/i0.wp.com\/masquenoticias.mx\/wp-content\/uploads\/2025\/11\/9a6a6932-8f18-405d-b555-9452755fce5d.jpg?fit=1280%2C853&ssl=1\",\"datePublished\":\"2025-11-03T16:30:27+00:00\",\"breadcrumb\":{\"@id\":\"https:\/\/masquenoticias.mx\/index.php\/2025\/11\/03\/sebiinsom-colima-reune-a-mas-de-180-ninas-y-ninos-en-el-rally-de-dia-de-muertos\/#breadcrumb\"},\"inLanguage\":\"es\",\"potentialAction\":[{\"@type\":\"ReadAction\",\"target\":[\"https:\/\/masquenoticias.mx\/index.php\/2025\/11\/03\/sebiinsom-colima-reune-a-mas-de-180-ninas-y-ninos-en-el-rally-de-dia-de-muertos\/\"]}]},{\"@type\":\"ImageObject\",\"inLanguage\":\"es\",\"@id\":\"https:\/\/masquenoticias.mx\/index.php\/2025\/11\/03\/sebiinsom-colima-reune-a-mas-de-180-ninas-y-ninos-en-el-rally-de-dia-de-muertos\/#primaryimage\",\"url\":\"https:\/\/i0.wp.com\/masquenoticias.mx\/wp-content\/uploads\/2025\/11\/9a6a6932-8f18-405d-b555-9452755fce5d.jpg?fit=1280%2C853&ssl=1\",\"contentUrl\":\"https:\/\/i0.wp.com\/masquenoticias.mx\/wp-content\/uploads\/2025\/11\/9a6a6932-8f18-405d-b555-9452755fce5d.jpg?fit=1280%2C853&ssl=1\",\"width\":1280,\"height\":853},{\"@type\":\"BreadcrumbList\",\"@id\":\"https:\/\/masquenoticias.mx\/index.php\/2025\/11\/03\/sebiinsom-colima-reune-a-mas-de-180-ninas-y-ninos-en-el-rally-de-dia-de-muertos\/#breadcrumb\",\"itemListElement\":[{\"@type\":\"ListItem\",\"position\":1,\"name\":\"Inicio\",\"item\":\"https:\/\/masquenoticias.mx\/\"},{\"@type\":\"ListItem\",\"position\":2,\"name\":\"Sebiinsom Colima re\u00fane a m\u00e1s de 180 ni\u00f1as y ni\u00f1os en el \u2018Rally de D\u00eda de Muertos\u2019\"}]},{\"@type\":\"WebSite\",\"@id\":\"https:\/\/masquenoticias.mx\/#website\",\"url\":\"https:\/\/masquenoticias.mx\/\",\"name\":\"M\u00e1s Que Noticias\",\"description\":\"Noticias de Colima, M\u00e9xico y el Mundo\",\"publisher\":{\"@id\":\"https:\/\/masquenoticias.mx\/#organization\"},\"potentialAction\":[{\"@type\":\"SearchAction\",\"target\":{\"@type\":\"EntryPoint\",\"urlTemplate\":\"https:\/\/masquenoticias.mx\/?s={search_term_string}\"},\"query-input\":{\"@type\":\"PropertyValueSpecification\",\"valueRequired\":true,\"valueName\":\"search_term_string\"}}],\"inLanguage\":\"es\"},{\"@type\":\"Organization\",\"@id\":\"https:\/\/masquenoticias.mx\/#organization\",\"name\":\"M\u00e1s Que Noticias\",\"url\":\"https:\/\/masquenoticias.mx\/\",\"logo\":{\"@type\":\"ImageObject\",\"inLanguage\":\"es\",\"@id\":\"https:\/\/masquenoticias.mx\/#\/schema\/logo\/image\/\",\"url\":\"https:\/\/i0.wp.com\/masquenoticias.mx\/wp-content\/uploads\/2024\/04\/IMG_0004.png?fit=2560%2C1656&ssl=1\",\"contentUrl\":\"https:\/\/i0.wp.com\/masquenoticias.mx\/wp-content\/uploads\/2024\/04\/IMG_0004.png?fit=2560%2C1656&ssl=1\",\"width\":2560,\"height\":1656,\"caption\":\"M\u00e1s Que Noticias\"},\"image\":{\"@id\":\"https:\/\/masquenoticias.mx\/#\/schema\/logo\/image\/\"},\"sameAs\":[\"https:\/\/www.facebook.com\/masquenoticiascolima\",\"https:\/\/x.com\/edgartove\",\"https:\/\/www.instagram.com\/masquenoticiascolima\/\"]},{\"@type\":\"Person\",\"@id\":\"https:\/\/masquenoticias.mx\/#\/schema\/person\/544d19989ef23d34615f691f7a96e622\",\"name\":\"Redacci\u00f3n\",\"image\":{\"@type\":\"ImageObject\",\"inLanguage\":\"es\",\"@id\":\"https:\/\/masquenoticias.mx\/#\/schema\/person\/image\/\",\"url\":\"https:\/\/secure.gravatar.com\/avatar\/7fcc926d5b058d3f3d52d95b4d05dd58?s=96&d=mm&r=g\",\"contentUrl\":\"https:\/\/secure.gravatar.com\/avatar\/7fcc926d5b058d3f3d52d95b4d05dd58?s=96&d=mm&r=g\",\"caption\":\"Redacci\u00f3n\"},\"sameAs\":[\"http:\/\/masquenoticias.mx\"],\"url\":\"https:\/\/masquenoticias.mx\/index.php\/author\/edgartovegmail-com\/\"}]}<\/script>\n<!-- \/ Yoast SEO plugin. -->","yoast_head_json":{"title":"Sebiinsom Colima re\u00fane a m\u00e1s de 180 ni\u00f1as y ni\u00f1os en el \u2018Rally de D\u00eda de Muertos\u2019 - M\u00e1s Que Noticias","robots":{"index":"index","follow":"follow","max-snippet":"max-snippet:-1","max-image-preview":"max-image-preview:large","max-video-preview":"max-video-preview:-1"},"canonical":"https:\/\/masquenoticias.mx\/index.php\/2025\/11\/03\/sebiinsom-colima-reune-a-mas-de-180-ninas-y-ninos-en-el-rally-de-dia-de-muertos\/","og_locale":"es_MX","og_type":"article","og_title":"Sebiinsom Colima re\u00fane a m\u00e1s de 180 ni\u00f1as y ni\u00f1os en el \u2018Rally de D\u00eda de Muertos\u2019 - M\u00e1s Que Noticias","og_description":"La Secretar\u00eda de Bienestar, Inclusi\u00f3n Social y Mujeres (Sebiinsom) del Gobierno del Estado de Colima llev\u00f3 a cabo el Rally de D\u00eda de Muertos en el Parque Ecol\u00f3gico \u2018La Campana\u2019, con la participaci\u00f3n de m\u00e1s de 180 ni\u00f1as y ni\u00f1os, quienes realizaron actividades deportivas, recreativas y culturales, acompa\u00f1ados por Patricio Pato Razo, creador de contenido [&hellip;]","og_url":"https:\/\/masquenoticias.mx\/index.php\/2025\/11\/03\/sebiinsom-colima-reune-a-mas-de-180-ninas-y-ninos-en-el-rally-de-dia-de-muertos\/","og_site_name":"M\u00e1s Que Noticias","article_publisher":"https:\/\/www.facebook.com\/masquenoticiascolima","article_published_time":"2025-11-03T16:30:27+00:00","og_image":[{"width":1280,"height":853,"url":"https:\/\/i0.wp.com\/masquenoticias.mx\/wp-content\/uploads\/2025\/11\/9a6a6932-8f18-405d-b555-9452755fce5d.jpg?fit=1280%2C853&ssl=1","type":"image\/jpeg"}],"author":"Redacci\u00f3n","twitter_card":"summary_large_image","twitter_creator":"@edgartove","twitter_site":"@edgartove","twitter_misc":{"Escrito por":"Redacci\u00f3n","Tiempo de lectura":"1 minuto"},"schema":{"@context":"https:\/\/schema.org","@graph":[{"@type":"Article","@id":"https:\/\/masquenoticias.mx\/index.php\/2025\/11\/03\/sebiinsom-colima-reune-a-mas-de-180-ninas-y-ninos-en-el-rally-de-dia-de-muertos\/#article","isPartOf":{"@id":"https:\/\/masquenoticias.mx\/index.php\/2025\/11\/03\/sebiinsom-colima-reune-a-mas-de-180-ninas-y-ninos-en-el-rally-de-dia-de-muertos\/"},"author":{"name":"Redacci\u00f3n","@id":"https:\/\/masquenoticias.mx\/#\/schema\/person\/544d19989ef23d34615f691f7a96e622"},"headline":"Sebiinsom Colima re\u00fane a m\u00e1s de 180 ni\u00f1as y ni\u00f1os en el \u2018Rally de D\u00eda de Muertos\u2019","datePublished":"2025-11-03T16:30:27+00:00","mainEntityOfPage":{"@id":"https:\/\/masquenoticias.mx\/index.php\/2025\/11\/03\/sebiinsom-colima-reune-a-mas-de-180-ninas-y-ninos-en-el-rally-de-dia-de-muertos\/"},"wordCount":238,"publisher":{"@id":"https:\/\/masquenoticias.mx\/#organization"},"image":{"@id":"https:\/\/masquenoticias.mx\/index.php\/2025\/11\/03\/sebiinsom-colima-reune-a-mas-de-180-ninas-y-ninos-en-el-rally-de-dia-de-muertos\/#primaryimage"},"thumbnailUrl":"https:\/\/i0.wp.com\/masquenoticias.mx\/wp-content\/uploads\/2025\/11\/9a6a6932-8f18-405d-b555-9452755fce5d.jpg?fit=1280%2C853&ssl=1","keywords":["Sebiinsom"],"articleSection":["Estado"],"inLanguage":"es"},{"@type":"WebPage","@id":"https:\/\/masquenoticias.mx\/index.php\/2025\/11\/03\/sebiinsom-colima-reune-a-mas-de-180-ninas-y-ninos-en-el-rally-de-dia-de-muertos\/","url":"https:\/\/masquenoticias.mx\/index.php\/2025\/11\/03\/sebiinsom-colima-reune-a-mas-de-180-ninas-y-ninos-en-el-rally-de-dia-de-muertos\/","name":"Sebiinsom Colima re\u00fane a m\u00e1s de 180 ni\u00f1as y ni\u00f1os en el \u2018Rally de D\u00eda de Muertos\u2019 - M\u00e1s Que Noticias","isPartOf":{"@id":"https:\/\/masquenoticias.mx\/#website"},"primaryImageOfPage":{"@id":"https:\/\/masquenoticias.mx\/index.php\/2025\/11\/03\/sebiinsom-colima-reune-a-mas-de-180-ninas-y-ninos-en-el-rally-de-dia-de-muertos\/#primaryimage"},"image":{"@id":"https:\/\/masquenoticias.mx\/index.php\/2025\/11\/03\/sebiinsom-colima-reune-a-mas-de-180-ninas-y-ninos-en-el-rally-de-dia-de-muertos\/#primaryimage"},"thumbnailUrl":"https:\/\/i0.wp.com\/masquenoticias.mx\/wp-content\/uploads\/2025\/11\/9a6a6932-8f18-405d-b555-9452755fce5d.jpg?fit=1280%2C853&ssl=1","datePublished":"2025-11-03T16:30:27+00:00","breadcrumb":{"@id":"https:\/\/masquenoticias.mx\/index.php\/2025\/11\/03\/sebiinsom-colima-reune-a-mas-de-180-ninas-y-ninos-en-el-rally-de-dia-de-muertos\/#breadcrumb"},"inLanguage":"es","potentialAction":[{"@type":"ReadAction","target":["https:\/\/masquenoticias.mx\/index.php\/2025\/11\/03\/sebiinsom-colima-reune-a-mas-de-180-ninas-y-ninos-en-el-rally-de-dia-de-muertos\/"]}]},{"@type":"ImageObject","inLanguage":"es","@id":"https:\/\/masquenoticias.mx\/index.php\/2025\/11\/03\/sebiinsom-colima-reune-a-mas-de-180-ninas-y-ninos-en-el-rally-de-dia-de-muertos\/#primaryimage","url":"https:\/\/i0.wp.com\/masquenoticias.mx\/wp-content\/uploads\/2025\/11\/9a6a6932-8f18-405d-b555-9452755fce5d.jpg?fit=1280%2C853&ssl=1","contentUrl":"https:\/\/i0.wp.com\/masquenoticias.mx\/wp-content\/uploads\/2025\/11\/9a6a6932-8f18-405d-b555-9452755fce5d.jpg?fit=1280%2C853&ssl=1","width":1280,"height":853},{"@type":"BreadcrumbList","@id":"https:\/\/masquenoticias.mx\/index.php\/2025\/11\/03\/sebiinsom-colima-reune-a-mas-de-180-ninas-y-ninos-en-el-rally-de-dia-de-muertos\/#breadcrumb","itemListElement":[{"@type":"ListItem","position":1,"name":"Inicio","item":"https:\/\/masquenoticias.mx\/"},{"@type":"ListItem","position":2,"name":"Sebiinsom Colima re\u00fane a m\u00e1s de 180 ni\u00f1as y ni\u00f1os en el \u2018Rally de D\u00eda de Muertos\u2019"}]},{"@type":"WebSite","@id":"https:\/\/masquenoticias.mx\/#website","url":"https:\/\/masquenoticias.mx\/","name":"M\u00e1s Que Noticias","description":"Noticias de Colima, M\u00e9xico y el Mundo","publisher":{"@id":"https:\/\/masquenoticias.mx\/#organization"},"potentialAction":[{"@type":"SearchAction","target":{"@type":"EntryPoint","urlTemplate":"https:\/\/masquenoticias.mx\/?s={search_term_string}"},"query-input":{"@type":"PropertyValueSpecification","valueRequired":true,"valueName":"search_term_string"}}],"inLanguage":"es"},{"@type":"Organization","@id":"https:\/\/masquenoticias.mx\/#organization","name":"M\u00e1s Que Noticias","url":"https:\/\/masquenoticias.mx\/","logo":{"@type":"ImageObject","inLanguage":"es","@id":"https:\/\/masquenoticias.mx\/#\/schema\/logo\/image\/","url":"https:\/\/i0.wp.com\/masquenoticias.mx\/wp-content\/uploads\/2024\/04\/IMG_0004.png?fit=2560%2C1656&ssl=1","contentUrl":"https:\/\/i0.wp.com\/masquenoticias.mx\/wp-content\/uploads\/2024\/04\/IMG_0004.png?fit=2560%2C1656&ssl=1","width":2560,"height":1656,"caption":"M\u00e1s Que Noticias"},"image":{"@id":"https:\/\/masquenoticias.mx\/#\/schema\/logo\/image\/"},"sameAs":["https:\/\/www.facebook.com\/masquenoticiascolima","https:\/\/x.com\/edgartove","https:\/\/www.instagram.com\/masquenoticiascolima\/"]},{"@type":"Person","@id":"https:\/\/masquenoticias.mx\/#\/schema\/person\/544d19989ef23d34615f691f7a96e622","name":"Redacci\u00f3n","image":{"@type":"ImageObject","inLanguage":"es","@id":"https:\/\/masquenoticias.mx\/#\/schema\/person\/image\/","url":"https:\/\/secure.gravatar.com\/avatar\/7fcc926d5b058d3f3d52d95b4d05dd58?s=96&d=mm&r=g","contentUrl":"https:\/\/secure.gravatar.com\/avatar\/7fcc926d5b058d3f3d52d95b4d05dd58?s=96&d=mm&r=g","caption":"Redacci\u00f3n"},"sameAs":["http:\/\/masquenoticias.mx"],"url":"https:\/\/masquenoticias.mx\/index.php\/author\/edgartovegmail-com\/"}]}},"jetpack_featured_media_url":"https:\/\/i0.wp.com\/masquenoticias.mx\/wp-content\/uploads\/2025\/11\/9a6a6932-8f18-405d-b555-9452755fce5d.jpg?fit=1280%2C853&ssl=1","blog_post_layout_featured_media_urls":{"thumbnail":["https:\/\/i0.wp.com\/masquenoticias.mx\/wp-content\/uploads\/2025\/11\/9a6a6932-8f18-405d-b555-9452755fce5d.jpg?resize=150%2C150&ssl=1",150,150,true],"full":["https:\/\/i0.wp.com\/masquenoticias.mx\/wp-content\/uploads\/2025\/11\/9a6a6932-8f18-405d-b555-9452755fce5d.jpg?fit=1280%2C853&ssl=1",1280,853,false]},"categories_names":{"24":{"name":"Estado","link":"https:\/\/masquenoticias.mx\/index.php\/category\/estado\/"}},"tags_names":{"332":{"name":"Sebiinsom","link":"https:\/\/masquenoticias.mx\/index.php\/tag\/sebiinsom\/"}},"comments_number":"0","wpmagazine_modules_lite_featured_media_urls":{"thumbnail":["https:\/\/i0.wp.com\/masquenoticias.mx\/wp-content\/uploads\/2025\/11\/9a6a6932-8f18-405d-b555-9452755fce5d.jpg?resize=150%2C150&ssl=1",150,150,true],"cvmm-medium":["https:\/\/i0.wp.com\/masquenoticias.mx\/wp-content\/uploads\/2025\/11\/9a6a6932-8f18-405d-b555-9452755fce5d.jpg?resize=300%2C300&ssl=1",300,300,true],"cvmm-medium-plus":["https:\/\/i0.wp.com\/masquenoticias.mx\/wp-content\/uploads\/2025\/11\/9a6a6932-8f18-405d-b555-9452755fce5d.jpg?resize=305%2C207&ssl=1",305,207,true],"cvmm-portrait":["https:\/\/i0.wp.com\/masquenoticias.mx\/wp-content\/uploads\/2025\/11\/9a6a6932-8f18-405d-b555-9452755fce5d.jpg?resize=400%2C600&ssl=1",400,600,true],"cvmm-medium-square":["https:\/\/i0.wp.com\/masquenoticias.mx\/wp-content\/uploads\/2025\/11\/9a6a6932-8f18-405d-b555-9452755fce5d.jpg?resize=600%2C600&ssl=1",600,600,true],"cvmm-large":["https:\/\/i0.wp.com\/masquenoticias.mx\/wp-content\/uploads\/2025\/11\/9a6a6932-8f18-405d-b555-9452755fce5d.jpg?resize=1024%2C853&ssl=1",1024,853,true],"cvmm-small":["https:\/\/i0.wp.com\/masquenoticias.mx\/wp-content\/uploads\/2025\/11\/9a6a6932-8f18-405d-b555-9452755fce5d.jpg?resize=130%2C95&ssl=1",130,95,true],"full":["https:\/\/i0.wp.com\/masquenoticias.mx\/wp-content\/uploads\/2025\/11\/9a6a6932-8f18-405d-b555-9452755fce5d.jpg?fit=1280%2C853&ssl=1",1280,853,false]},"jetpack-related-posts":[],"jetpack_sharing_enabled":true,"jetpack_likes_enabled":true,"jetpack_shortlink":"https:\/\/wp.me\/pf7pkt-54B","_links":{"self":[{"href":"https:\/\/masquenoticias.mx\/index.php\/wp-json\/wp\/v2\/posts\/19505","targetHints":{"allow":["GET"]}}],"collection":[{"href":"https:\/\/masquenoticias.mx\/index.php\/wp-json\/wp\/v2\/posts"}],"about":[{"href":"https:\/\/masquenoticias.mx\/index.php\/wp-json\/wp\/v2\/types\/post"}],"author":[{"embeddable":true,"href":"https:\/\/masquenoticias.mx\/index.php\/wp-json\/wp\/v2\/users\/1"}],"replies":[{"embeddable":true,"href":"https:\/\/masquenoticias.mx\/index.php\/wp-json\/wp\/v2\/comments?post=19505"}],"version-history":[{"count":1,"href":"https:\/\/masquenoticias.mx\/index.php\/wp-json\/wp\/v2\/posts\/19505\/revisions"}],"predecessor-version":[{"id":19506,"href":"https:\/\/masquenoticias.mx\/index.php\/wp-json\/wp\/v2\/posts\/19505\/revisions\/19506"}],"wp:featuredmedia":[{"embeddable":true,"href":"https:\/\/masquenoticias.mx\/index.php\/wp-json\/wp\/v2\/media\/19504"}],"wp:attachment":[{"href":"https:\/\/masquenoticias.mx\/index.php\/wp-json\/wp\/v2\/media?parent=19505"}],"wp:term":[{"taxonomy":"category","embeddable":true,"href":"https:\/\/masquenoticias.mx\/index.php\/wp-json\/wp\/v2\/categories?post=19505"},{"taxonomy":"post_tag","embeddable":true,"href":"https:\/\/masquenoticias.mx\/index.php\/wp-json\/wp\/v2\/tags?post=19505"}],"curies":[{"name":"wp","href":"https:\/\/api.w.org\/{rel}","templated":true}]}}