{"id":19490,"date":"2025-10-30T15:50:50","date_gmt":"2025-10-30T21:50:50","guid":{"rendered":"https:\/\/masquenoticias.mx\/?p=19490"},"modified":"2025-10-30T15:50:50","modified_gmt":"2025-10-30T21:50:50","slug":"promueve-salud-colima-la-deteccion-oportuna-del-cancer-de-mama","status":"publish","type":"post","link":"https:\/\/masquenoticias.mx\/index.php\/2025\/10\/30\/promueve-salud-colima-la-deteccion-oportuna-del-cancer-de-mama\/","title":{"rendered":"Promueve Salud Colima la detecci\u00f3n oportuna del c\u00e1ncer de mama"},"content":{"rendered":"\n<p>La Secretar\u00eda de Salud del Gobierno del Estado de Colima promueve la importancia que tiene la detecci\u00f3n oportuna del c\u00e1ncer de mama para la sobrevivencia y la curaci\u00f3n de mujeres que lo padecen, as\u00ed como la sensibilizaci\u00f3n permanente que se puede hacer entre la comunidad sobre esta enfermedad.<\/p>\n\n\n\n<p>Al asistir en representaci\u00f3n de la gobernadora Indira Vizca\u00edno Silva a la conferencia \u2018Corazones que cuidan; c\u00f3mo acompa\u00f1ar sin agotarse\u2019, que organiz\u00f3 el Instituto Colimense de las Mujeres (ICM) en el Mes de la Sensibilizaci\u00f3n del C\u00e1ncer de Mama, el secretario de Salud V\u00edctor Manuel Torrero Enr\u00edquez invit\u00f3 a promover en la familia la realizaci\u00f3n de estudios que se ofrecen de manera gratuita en las unidades de atenci\u00f3n del Sector Salud para la detecci\u00f3n temprana de este padecimiento, as\u00ed como la autoexploraci\u00f3n desde la juventud.<\/p>\n\n\n\n<p>Dijo que el acompa\u00f1amiento es vital cuando se enfrenta un proceso tan duro y dif\u00edcil debido al c\u00e1ncer de mama, ya que este padecimiento impacta en la familia, aunque tambi\u00e9n fortalece los lazos familiares.<\/p>\n\n\n\n<p>La secretaria del Bienestar, Inclusi\u00f3n Social y Mujeres (Sebiinsom), Viridiana Valencia Vargas, destac\u00f3 la importancia de promover en la familia la alimentaci\u00f3n saludable y la actividad f\u00edsica, porque son h\u00e1bitos que ayudan a disminuir el riesgo de padecer esta enfermedad.<\/p>\n\n\n\n<p>X\u00f3chitl Ram\u00edrez D\u00edaz, paciente del Instituto Estatal de Cancerolog\u00eda (IEC), agradeci\u00f3 a todo el personal de esta instituci\u00f3n la labor que realiza y reconoci\u00f3 la atenci\u00f3n c\u00e1lida y el buen trato que proporcionan a las pacientes con esta enfermedad.<\/p>\n\n\n\n<p>En el marco de esta charla, la Secretar\u00eda de Salud instal\u00f3 en el centro hist\u00f3rico de la ciudad de Colima un m\u00f3dulo informativo sobre c\u00e1ncer de mama y otro de pruebas r\u00e1pidas para la detecci\u00f3n de VIH, s\u00edfilis y hepatitis C.<\/p>\n","protected":false},"excerpt":{"rendered":"<p>La Secretar\u00eda de Salud del Gobierno del Estado de Colima promueve la importancia que tiene la detecci\u00f3n oportuna del c\u00e1ncer de mama para la sobrevivencia y la curaci\u00f3n de mujeres que lo padecen, as\u00ed como la sensibilizaci\u00f3n permanente que se puede hacer entre la comunidad sobre esta enfermedad. Al asistir en representaci\u00f3n de la gobernadora [&hellip;]<\/p>\n","protected":false},"author":1,"featured_media":19489,"comment_status":"closed","ping_status":"open","sticky":false,"template":"","format":"standard","meta":{"_jetpack_memberships_contains_paid_content":false,"footnotes":""},"categories":[24],"tags":[63],"class_list":["post-19490","post","type-post","status-publish","format-standard","has-post-thumbnail","hentry","category-estado","tag-salud"],"yoast_head":"<!-- This site is optimized with the Yoast SEO plugin v26.6 - https:\/\/yoast.com\/wordpress\/plugins\/seo\/ -->\n<title>Promueve Salud Colima la detecci\u00f3n oportuna del c\u00e1ncer de mama - M\u00e1s Que Noticias<\/title>\n<meta name=\"robots\" content=\"index, follow, max-snippet:-1, max-image-preview:large, max-video-preview:-1\" \/>\n<link rel=\"canonical\" href=\"https:\/\/masquenoticias.mx\/index.php\/2025\/10\/30\/promueve-salud-colima-la-deteccion-oportuna-del-cancer-de-mama\/\" \/>\n<meta property=\"og:locale\" content=\"es_MX\" \/>\n<meta property=\"og:type\" content=\"article\" \/>\n<meta property=\"og:title\" content=\"Promueve Salud Colima la detecci\u00f3n oportuna del c\u00e1ncer de mama - M\u00e1s Que Noticias\" \/>\n<meta property=\"og:description\" content=\"La Secretar\u00eda de Salud del Gobierno del Estado de Colima promueve la importancia que tiene la detecci\u00f3n oportuna del c\u00e1ncer de mama para la sobrevivencia y la curaci\u00f3n de mujeres que lo padecen, as\u00ed como la sensibilizaci\u00f3n permanente que se puede hacer entre la comunidad sobre esta enfermedad. Al asistir en representaci\u00f3n de la gobernadora [&hellip;]\" \/>\n<meta property=\"og:url\" content=\"https:\/\/masquenoticias.mx\/index.php\/2025\/10\/30\/promueve-salud-colima-la-deteccion-oportuna-del-cancer-de-mama\/\" \/>\n<meta property=\"og:site_name\" content=\"M\u00e1s Que Noticias\" \/>\n<meta property=\"article:publisher\" content=\"https:\/\/www.facebook.com\/masquenoticiascolima\" \/>\n<meta property=\"article:published_time\" content=\"2025-10-30T21:50:50+00:00\" \/>\n<meta property=\"og:image\" content=\"https:\/\/i0.wp.com\/masquenoticias.mx\/wp-content\/uploads\/2025\/10\/d1582fcb-7583-4653-ad91-78bd268c0953.jpg?fit=1280%2C853&ssl=1\" \/>\n\t<meta property=\"og:image:width\" content=\"1280\" \/>\n\t<meta property=\"og:image:height\" content=\"853\" \/>\n\t<meta property=\"og:image:type\" content=\"image\/jpeg\" \/>\n<meta name=\"author\" content=\"Redacci\u00f3n\" \/>\n<meta name=\"twitter:card\" content=\"summary_large_image\" \/>\n<meta name=\"twitter:creator\" content=\"@edgartove\" \/>\n<meta name=\"twitter:site\" content=\"@edgartove\" \/>\n<meta name=\"twitter:label1\" content=\"Escrito por\" \/>\n\t<meta name=\"twitter:data1\" content=\"Redacci\u00f3n\" \/>\n\t<meta name=\"twitter:label2\" content=\"Tiempo de lectura\" \/>\n\t<meta name=\"twitter:data2\" content=\"2 minutos\" \/>\n<script type=\"application\/ld+json\" class=\"yoast-schema-graph\">{\"@context\":\"https:\/\/schema.org\",\"@graph\":[{\"@type\":\"Article\",\"@id\":\"https:\/\/masquenoticias.mx\/index.php\/2025\/10\/30\/promueve-salud-colima-la-deteccion-oportuna-del-cancer-de-mama\/#article\",\"isPartOf\":{\"@id\":\"https:\/\/masquenoticias.mx\/index.php\/2025\/10\/30\/promueve-salud-colima-la-deteccion-oportuna-del-cancer-de-mama\/\"},\"author\":{\"name\":\"Redacci\u00f3n\",\"@id\":\"https:\/\/masquenoticias.mx\/#\/schema\/person\/544d19989ef23d34615f691f7a96e622\"},\"headline\":\"Promueve Salud Colima la detecci\u00f3n oportuna del c\u00e1ncer de mama\",\"datePublished\":\"2025-10-30T21:50:50+00:00\",\"mainEntityOfPage\":{\"@id\":\"https:\/\/masquenoticias.mx\/index.php\/2025\/10\/30\/promueve-salud-colima-la-deteccion-oportuna-del-cancer-de-mama\/\"},\"wordCount\":338,\"publisher\":{\"@id\":\"https:\/\/masquenoticias.mx\/#organization\"},\"image\":{\"@id\":\"https:\/\/masquenoticias.mx\/index.php\/2025\/10\/30\/promueve-salud-colima-la-deteccion-oportuna-del-cancer-de-mama\/#primaryimage\"},\"thumbnailUrl\":\"https:\/\/i0.wp.com\/masquenoticias.mx\/wp-content\/uploads\/2025\/10\/d1582fcb-7583-4653-ad91-78bd268c0953.jpg?fit=1280%2C853&ssl=1\",\"keywords\":[\"Salud\"],\"articleSection\":[\"Estado\"],\"inLanguage\":\"es\"},{\"@type\":\"WebPage\",\"@id\":\"https:\/\/masquenoticias.mx\/index.php\/2025\/10\/30\/promueve-salud-colima-la-deteccion-oportuna-del-cancer-de-mama\/\",\"url\":\"https:\/\/masquenoticias.mx\/index.php\/2025\/10\/30\/promueve-salud-colima-la-deteccion-oportuna-del-cancer-de-mama\/\",\"name\":\"Promueve Salud Colima la detecci\u00f3n oportuna del c\u00e1ncer de mama - M\u00e1s Que Noticias\",\"isPartOf\":{\"@id\":\"https:\/\/masquenoticias.mx\/#website\"},\"primaryImageOfPage\":{\"@id\":\"https:\/\/masquenoticias.mx\/index.php\/2025\/10\/30\/promueve-salud-colima-la-deteccion-oportuna-del-cancer-de-mama\/#primaryimage\"},\"image\":{\"@id\":\"https:\/\/masquenoticias.mx\/index.php\/2025\/10\/30\/promueve-salud-colima-la-deteccion-oportuna-del-cancer-de-mama\/#primaryimage\"},\"thumbnailUrl\":\"https:\/\/i0.wp.com\/masquenoticias.mx\/wp-content\/uploads\/2025\/10\/d1582fcb-7583-4653-ad91-78bd268c0953.jpg?fit=1280%2C853&ssl=1\",\"datePublished\":\"2025-10-30T21:50:50+00:00\",\"breadcrumb\":{\"@id\":\"https:\/\/masquenoticias.mx\/index.php\/2025\/10\/30\/promueve-salud-colima-la-deteccion-oportuna-del-cancer-de-mama\/#breadcrumb\"},\"inLanguage\":\"es\",\"potentialAction\":[{\"@type\":\"ReadAction\",\"target\":[\"https:\/\/masquenoticias.mx\/index.php\/2025\/10\/30\/promueve-salud-colima-la-deteccion-oportuna-del-cancer-de-mama\/\"]}]},{\"@type\":\"ImageObject\",\"inLanguage\":\"es\",\"@id\":\"https:\/\/masquenoticias.mx\/index.php\/2025\/10\/30\/promueve-salud-colima-la-deteccion-oportuna-del-cancer-de-mama\/#primaryimage\",\"url\":\"https:\/\/i0.wp.com\/masquenoticias.mx\/wp-content\/uploads\/2025\/10\/d1582fcb-7583-4653-ad91-78bd268c0953.jpg?fit=1280%2C853&ssl=1\",\"contentUrl\":\"https:\/\/i0.wp.com\/masquenoticias.mx\/wp-content\/uploads\/2025\/10\/d1582fcb-7583-4653-ad91-78bd268c0953.jpg?fit=1280%2C853&ssl=1\",\"width\":1280,\"height\":853},{\"@type\":\"BreadcrumbList\",\"@id\":\"https:\/\/masquenoticias.mx\/index.php\/2025\/10\/30\/promueve-salud-colima-la-deteccion-oportuna-del-cancer-de-mama\/#breadcrumb\",\"itemListElement\":[{\"@type\":\"ListItem\",\"position\":1,\"name\":\"Inicio\",\"item\":\"https:\/\/masquenoticias.mx\/\"},{\"@type\":\"ListItem\",\"position\":2,\"name\":\"Promueve Salud Colima la detecci\u00f3n oportuna del c\u00e1ncer de mama\"}]},{\"@type\":\"WebSite\",\"@id\":\"https:\/\/masquenoticias.mx\/#website\",\"url\":\"https:\/\/masquenoticias.mx\/\",\"name\":\"M\u00e1s Que Noticias\",\"description\":\"Noticias de Colima, M\u00e9xico y el Mundo\",\"publisher\":{\"@id\":\"https:\/\/masquenoticias.mx\/#organization\"},\"potentialAction\":[{\"@type\":\"SearchAction\",\"target\":{\"@type\":\"EntryPoint\",\"urlTemplate\":\"https:\/\/masquenoticias.mx\/?s={search_term_string}\"},\"query-input\":{\"@type\":\"PropertyValueSpecification\",\"valueRequired\":true,\"valueName\":\"search_term_string\"}}],\"inLanguage\":\"es\"},{\"@type\":\"Organization\",\"@id\":\"https:\/\/masquenoticias.mx\/#organization\",\"name\":\"M\u00e1s Que Noticias\",\"url\":\"https:\/\/masquenoticias.mx\/\",\"logo\":{\"@type\":\"ImageObject\",\"inLanguage\":\"es\",\"@id\":\"https:\/\/masquenoticias.mx\/#\/schema\/logo\/image\/\",\"url\":\"https:\/\/i0.wp.com\/masquenoticias.mx\/wp-content\/uploads\/2024\/04\/IMG_0004.png?fit=2560%2C1656&ssl=1\",\"contentUrl\":\"https:\/\/i0.wp.com\/masquenoticias.mx\/wp-content\/uploads\/2024\/04\/IMG_0004.png?fit=2560%2C1656&ssl=1\",\"width\":2560,\"height\":1656,\"caption\":\"M\u00e1s Que Noticias\"},\"image\":{\"@id\":\"https:\/\/masquenoticias.mx\/#\/schema\/logo\/image\/\"},\"sameAs\":[\"https:\/\/www.facebook.com\/masquenoticiascolima\",\"https:\/\/x.com\/edgartove\",\"https:\/\/www.instagram.com\/masquenoticiascolima\/\"]},{\"@type\":\"Person\",\"@id\":\"https:\/\/masquenoticias.mx\/#\/schema\/person\/544d19989ef23d34615f691f7a96e622\",\"name\":\"Redacci\u00f3n\",\"image\":{\"@type\":\"ImageObject\",\"inLanguage\":\"es\",\"@id\":\"https:\/\/masquenoticias.mx\/#\/schema\/person\/image\/\",\"url\":\"https:\/\/secure.gravatar.com\/avatar\/7fcc926d5b058d3f3d52d95b4d05dd58?s=96&d=mm&r=g\",\"contentUrl\":\"https:\/\/secure.gravatar.com\/avatar\/7fcc926d5b058d3f3d52d95b4d05dd58?s=96&d=mm&r=g\",\"caption\":\"Redacci\u00f3n\"},\"sameAs\":[\"http:\/\/masquenoticias.mx\"],\"url\":\"https:\/\/masquenoticias.mx\/index.php\/author\/edgartovegmail-com\/\"}]}<\/script>\n<!-- \/ Yoast SEO plugin. -->","yoast_head_json":{"title":"Promueve Salud Colima la detecci\u00f3n oportuna del c\u00e1ncer de mama - M\u00e1s Que Noticias","robots":{"index":"index","follow":"follow","max-snippet":"max-snippet:-1","max-image-preview":"max-image-preview:large","max-video-preview":"max-video-preview:-1"},"canonical":"https:\/\/masquenoticias.mx\/index.php\/2025\/10\/30\/promueve-salud-colima-la-deteccion-oportuna-del-cancer-de-mama\/","og_locale":"es_MX","og_type":"article","og_title":"Promueve Salud Colima la detecci\u00f3n oportuna del c\u00e1ncer de mama - M\u00e1s Que Noticias","og_description":"La Secretar\u00eda de Salud del Gobierno del Estado de Colima promueve la importancia que tiene la detecci\u00f3n oportuna del c\u00e1ncer de mama para la sobrevivencia y la curaci\u00f3n de mujeres que lo padecen, as\u00ed como la sensibilizaci\u00f3n permanente que se puede hacer entre la comunidad sobre esta enfermedad. Al asistir en representaci\u00f3n de la gobernadora [&hellip;]","og_url":"https:\/\/masquenoticias.mx\/index.php\/2025\/10\/30\/promueve-salud-colima-la-deteccion-oportuna-del-cancer-de-mama\/","og_site_name":"M\u00e1s Que Noticias","article_publisher":"https:\/\/www.facebook.com\/masquenoticiascolima","article_published_time":"2025-10-30T21:50:50+00:00","og_image":[{"width":1280,"height":853,"url":"https:\/\/i0.wp.com\/masquenoticias.mx\/wp-content\/uploads\/2025\/10\/d1582fcb-7583-4653-ad91-78bd268c0953.jpg?fit=1280%2C853&ssl=1","type":"image\/jpeg"}],"author":"Redacci\u00f3n","twitter_card":"summary_large_image","twitter_creator":"@edgartove","twitter_site":"@edgartove","twitter_misc":{"Escrito por":"Redacci\u00f3n","Tiempo de lectura":"2 minutos"},"schema":{"@context":"https:\/\/schema.org","@graph":[{"@type":"Article","@id":"https:\/\/masquenoticias.mx\/index.php\/2025\/10\/30\/promueve-salud-colima-la-deteccion-oportuna-del-cancer-de-mama\/#article","isPartOf":{"@id":"https:\/\/masquenoticias.mx\/index.php\/2025\/10\/30\/promueve-salud-colima-la-deteccion-oportuna-del-cancer-de-mama\/"},"author":{"name":"Redacci\u00f3n","@id":"https:\/\/masquenoticias.mx\/#\/schema\/person\/544d19989ef23d34615f691f7a96e622"},"headline":"Promueve Salud Colima la detecci\u00f3n oportuna del c\u00e1ncer de mama","datePublished":"2025-10-30T21:50:50+00:00","mainEntityOfPage":{"@id":"https:\/\/masquenoticias.mx\/index.php\/2025\/10\/30\/promueve-salud-colima-la-deteccion-oportuna-del-cancer-de-mama\/"},"wordCount":338,"publisher":{"@id":"https:\/\/masquenoticias.mx\/#organization"},"image":{"@id":"https:\/\/masquenoticias.mx\/index.php\/2025\/10\/30\/promueve-salud-colima-la-deteccion-oportuna-del-cancer-de-mama\/#primaryimage"},"thumbnailUrl":"https:\/\/i0.wp.com\/masquenoticias.mx\/wp-content\/uploads\/2025\/10\/d1582fcb-7583-4653-ad91-78bd268c0953.jpg?fit=1280%2C853&ssl=1","keywords":["Salud"],"articleSection":["Estado"],"inLanguage":"es"},{"@type":"WebPage","@id":"https:\/\/masquenoticias.mx\/index.php\/2025\/10\/30\/promueve-salud-colima-la-deteccion-oportuna-del-cancer-de-mama\/","url":"https:\/\/masquenoticias.mx\/index.php\/2025\/10\/30\/promueve-salud-colima-la-deteccion-oportuna-del-cancer-de-mama\/","name":"Promueve Salud Colima la detecci\u00f3n oportuna del c\u00e1ncer de mama - M\u00e1s Que Noticias","isPartOf":{"@id":"https:\/\/masquenoticias.mx\/#website"},"primaryImageOfPage":{"@id":"https:\/\/masquenoticias.mx\/index.php\/2025\/10\/30\/promueve-salud-colima-la-deteccion-oportuna-del-cancer-de-mama\/#primaryimage"},"image":{"@id":"https:\/\/masquenoticias.mx\/index.php\/2025\/10\/30\/promueve-salud-colima-la-deteccion-oportuna-del-cancer-de-mama\/#primaryimage"},"thumbnailUrl":"https:\/\/i0.wp.com\/masquenoticias.mx\/wp-content\/uploads\/2025\/10\/d1582fcb-7583-4653-ad91-78bd268c0953.jpg?fit=1280%2C853&ssl=1","datePublished":"2025-10-30T21:50:50+00:00","breadcrumb":{"@id":"https:\/\/masquenoticias.mx\/index.php\/2025\/10\/30\/promueve-salud-colima-la-deteccion-oportuna-del-cancer-de-mama\/#breadcrumb"},"inLanguage":"es","potentialAction":[{"@type":"ReadAction","target":["https:\/\/masquenoticias.mx\/index.php\/2025\/10\/30\/promueve-salud-colima-la-deteccion-oportuna-del-cancer-de-mama\/"]}]},{"@type":"ImageObject","inLanguage":"es","@id":"https:\/\/masquenoticias.mx\/index.php\/2025\/10\/30\/promueve-salud-colima-la-deteccion-oportuna-del-cancer-de-mama\/#primaryimage","url":"https:\/\/i0.wp.com\/masquenoticias.mx\/wp-content\/uploads\/2025\/10\/d1582fcb-7583-4653-ad91-78bd268c0953.jpg?fit=1280%2C853&ssl=1","contentUrl":"https:\/\/i0.wp.com\/masquenoticias.mx\/wp-content\/uploads\/2025\/10\/d1582fcb-7583-4653-ad91-78bd268c0953.jpg?fit=1280%2C853&ssl=1","width":1280,"height":853},{"@type":"BreadcrumbList","@id":"https:\/\/masquenoticias.mx\/index.php\/2025\/10\/30\/promueve-salud-colima-la-deteccion-oportuna-del-cancer-de-mama\/#breadcrumb","itemListElement":[{"@type":"ListItem","position":1,"name":"Inicio","item":"https:\/\/masquenoticias.mx\/"},{"@type":"ListItem","position":2,"name":"Promueve Salud Colima la detecci\u00f3n oportuna del c\u00e1ncer de mama"}]},{"@type":"WebSite","@id":"https:\/\/masquenoticias.mx\/#website","url":"https:\/\/masquenoticias.mx\/","name":"M\u00e1s Que Noticias","description":"Noticias de Colima, M\u00e9xico y el Mundo","publisher":{"@id":"https:\/\/masquenoticias.mx\/#organization"},"potentialAction":[{"@type":"SearchAction","target":{"@type":"EntryPoint","urlTemplate":"https:\/\/masquenoticias.mx\/?s={search_term_string}"},"query-input":{"@type":"PropertyValueSpecification","valueRequired":true,"valueName":"search_term_string"}}],"inLanguage":"es"},{"@type":"Organization","@id":"https:\/\/masquenoticias.mx\/#organization","name":"M\u00e1s Que Noticias","url":"https:\/\/masquenoticias.mx\/","logo":{"@type":"ImageObject","inLanguage":"es","@id":"https:\/\/masquenoticias.mx\/#\/schema\/logo\/image\/","url":"https:\/\/i0.wp.com\/masquenoticias.mx\/wp-content\/uploads\/2024\/04\/IMG_0004.png?fit=2560%2C1656&ssl=1","contentUrl":"https:\/\/i0.wp.com\/masquenoticias.mx\/wp-content\/uploads\/2024\/04\/IMG_0004.png?fit=2560%2C1656&ssl=1","width":2560,"height":1656,"caption":"M\u00e1s Que Noticias"},"image":{"@id":"https:\/\/masquenoticias.mx\/#\/schema\/logo\/image\/"},"sameAs":["https:\/\/www.facebook.com\/masquenoticiascolima","https:\/\/x.com\/edgartove","https:\/\/www.instagram.com\/masquenoticiascolima\/"]},{"@type":"Person","@id":"https:\/\/masquenoticias.mx\/#\/schema\/person\/544d19989ef23d34615f691f7a96e622","name":"Redacci\u00f3n","image":{"@type":"ImageObject","inLanguage":"es","@id":"https:\/\/masquenoticias.mx\/#\/schema\/person\/image\/","url":"https:\/\/secure.gravatar.com\/avatar\/7fcc926d5b058d3f3d52d95b4d05dd58?s=96&d=mm&r=g","contentUrl":"https:\/\/secure.gravatar.com\/avatar\/7fcc926d5b058d3f3d52d95b4d05dd58?s=96&d=mm&r=g","caption":"Redacci\u00f3n"},"sameAs":["http:\/\/masquenoticias.mx"],"url":"https:\/\/masquenoticias.mx\/index.php\/author\/edgartovegmail-com\/"}]}},"jetpack_featured_media_url":"https:\/\/i0.wp.com\/masquenoticias.mx\/wp-content\/uploads\/2025\/10\/d1582fcb-7583-4653-ad91-78bd268c0953.jpg?fit=1280%2C853&ssl=1","blog_post_layout_featured_media_urls":{"thumbnail":["https:\/\/i0.wp.com\/masquenoticias.mx\/wp-content\/uploads\/2025\/10\/d1582fcb-7583-4653-ad91-78bd268c0953.jpg?resize=150%2C150&ssl=1",150,150,true],"full":["https:\/\/i0.wp.com\/masquenoticias.mx\/wp-content\/uploads\/2025\/10\/d1582fcb-7583-4653-ad91-78bd268c0953.jpg?fit=1280%2C853&ssl=1",1280,853,false]},"categories_names":{"24":{"name":"Estado","link":"https:\/\/masquenoticias.mx\/index.php\/category\/estado\/"}},"tags_names":{"63":{"name":"Salud","link":"https:\/\/masquenoticias.mx\/index.php\/tag\/salud\/"}},"comments_number":"0","wpmagazine_modules_lite_featured_media_urls":{"thumbnail":["https:\/\/i0.wp.com\/masquenoticias.mx\/wp-content\/uploads\/2025\/10\/d1582fcb-7583-4653-ad91-78bd268c0953.jpg?resize=150%2C150&ssl=1",150,150,true],"cvmm-medium":["https:\/\/i0.wp.com\/masquenoticias.mx\/wp-content\/uploads\/2025\/10\/d1582fcb-7583-4653-ad91-78bd268c0953.jpg?resize=300%2C300&ssl=1",300,300,true],"cvmm-medium-plus":["https:\/\/i0.wp.com\/masquenoticias.mx\/wp-content\/uploads\/2025\/10\/d1582fcb-7583-4653-ad91-78bd268c0953.jpg?resize=305%2C207&ssl=1",305,207,true],"cvmm-portrait":["https:\/\/i0.wp.com\/masquenoticias.mx\/wp-content\/uploads\/2025\/10\/d1582fcb-7583-4653-ad91-78bd268c0953.jpg?resize=400%2C600&ssl=1",400,600,true],"cvmm-medium-square":["https:\/\/i0.wp.com\/masquenoticias.mx\/wp-content\/uploads\/2025\/10\/d1582fcb-7583-4653-ad91-78bd268c0953.jpg?resize=600%2C600&ssl=1",600,600,true],"cvmm-large":["https:\/\/i0.wp.com\/masquenoticias.mx\/wp-content\/uploads\/2025\/10\/d1582fcb-7583-4653-ad91-78bd268c0953.jpg?resize=1024%2C853&ssl=1",1024,853,true],"cvmm-small":["https:\/\/i0.wp.com\/masquenoticias.mx\/wp-content\/uploads\/2025\/10\/d1582fcb-7583-4653-ad91-78bd268c0953.jpg?resize=130%2C95&ssl=1",130,95,true],"full":["https:\/\/i0.wp.com\/masquenoticias.mx\/wp-content\/uploads\/2025\/10\/d1582fcb-7583-4653-ad91-78bd268c0953.jpg?fit=1280%2C853&ssl=1",1280,853,false]},"jetpack-related-posts":[],"jetpack_sharing_enabled":true,"jetpack_likes_enabled":true,"jetpack_shortlink":"https:\/\/wp.me\/pf7pkt-54m","_links":{"self":[{"href":"https:\/\/masquenoticias.mx\/index.php\/wp-json\/wp\/v2\/posts\/19490","targetHints":{"allow":["GET"]}}],"collection":[{"href":"https:\/\/masquenoticias.mx\/index.php\/wp-json\/wp\/v2\/posts"}],"about":[{"href":"https:\/\/masquenoticias.mx\/index.php\/wp-json\/wp\/v2\/types\/post"}],"author":[{"embeddable":true,"href":"https:\/\/masquenoticias.mx\/index.php\/wp-json\/wp\/v2\/users\/1"}],"replies":[{"embeddable":true,"href":"https:\/\/masquenoticias.mx\/index.php\/wp-json\/wp\/v2\/comments?post=19490"}],"version-history":[{"count":1,"href":"https:\/\/masquenoticias.mx\/index.php\/wp-json\/wp\/v2\/posts\/19490\/revisions"}],"predecessor-version":[{"id":19491,"href":"https:\/\/masquenoticias.mx\/index.php\/wp-json\/wp\/v2\/posts\/19490\/revisions\/19491"}],"wp:featuredmedia":[{"embeddable":true,"href":"https:\/\/masquenoticias.mx\/index.php\/wp-json\/wp\/v2\/media\/19489"}],"wp:attachment":[{"href":"https:\/\/masquenoticias.mx\/index.php\/wp-json\/wp\/v2\/media?parent=19490"}],"wp:term":[{"taxonomy":"category","embeddable":true,"href":"https:\/\/masquenoticias.mx\/index.php\/wp-json\/wp\/v2\/categories?post=19490"},{"taxonomy":"post_tag","embeddable":true,"href":"https:\/\/masquenoticias.mx\/index.php\/wp-json\/wp\/v2\/tags?post=19490"}],"curies":[{"name":"wp","href":"https:\/\/api.w.org\/{rel}","templated":true}]}}